{"id":3595,"date":"2024-08-23T12:00:26","date_gmt":"2024-08-23T15:00:26","guid":{"rendered":"https:\/\/transamerica93.com.br\/home\/?p=3595"},"modified":"2024-08-16T21:03:29","modified_gmt":"2024-08-17T00:03:29","slug":"freguesia-recente-para-os-cariocas-e-um-desafio-para-abel-deixar-palmeiras-vivo-na-libertadores","status":"publish","type":"post","link":"https:\/\/transamerica93.com.br\/home\/freguesia-recente-para-os-cariocas-e-um-desafio-para-abel-deixar-palmeiras-vivo-na-libertadores\/","title":{"rendered":"Freguesia recente para os cariocas \u00e9 um desafio para Abel deixar Palmeiras vivo na Libertadores"},"content":{"rendered":"<p>A derrota por 2 a 1 frente ao Botafogo, na partida de ida das oitavas de final da Copa Libertadores, deixou o t\u00e9cnico Abel Ferreira em uma situa\u00e7\u00e3o em que nunca esteve no Palmeiras. O treinador vem sofrendo fortes cr\u00edticas e jamais ficou t\u00e3o pressionado no cargo, desde a sua chegada, em outubro de 2020. O portugu\u00eas tem a chance de dar uma resposta e recolocar o clube nos &#8220;trilhos&#8221;, mas ter\u00e1 que passar por um retrospecto recente ruim contra clubes cariocas.<\/p>\n<p>Em menos de 30 dias, o Palmeiras perdeu para Fluminense (1 a 0) e Botafogo (1 a 0) no Brasileir\u00e3o, foi eliminado pelo Flamengo na Copa do Brasil, mesmo vencendo o jogo de volta, no Allianz Parque, por 1 a 0 &#8211; j\u00e1 que perdeu no Rio de Janeiro por 2 a 0 &#8211; , e levou 2 a 1 do Botafogo na partida de ida das oitavas de final da Copa Libertadores.<\/p>\n<p>A \u00fanica vit\u00f3ria no ano sobre cariocas foi diante do Vasco, tamb\u00e9m pelo Campeonato Brasileiro, por 2 a 0. Contra o Flamengo, os times ficaram no empate sem gols. Ou seja, h\u00e1 um inc\u00f4modo no Palmeiras quando se trata de advers\u00e1rios do Rio de Janeiro.<\/p>\n<p>Para passar por essa &#8220;freguesia&#8221;, Abel Ferreira contar\u00e1 com um Allianz Parque lotado por seus torcedores, que prometem empurrar o clube rumo \u00e0s quartas de final at\u00e9 o apito final. Em campo, ter\u00e1 Estev\u00e3o. O jovem, de apenas 17 anos, \u00e9 a principal arma da equipe. No Rio, entrou no segundo tempo e mudou a forma do Palmeiras atuar dentro das quatro linhas.<\/p>\n<p>O treinador se apoia ainda nos rec\u00e9m-contratados Maur\u00edcio e Felipe Anderson. O primeiro n\u00e3o fez uma grande partida em seu s\u00e9timo jogo com a camisa do Palmeiras, mas marcou o seu primeiro gol pelo clube. O segundo ainda n\u00e3o teve uma atua\u00e7\u00e3o que o fez a ser \u00eddolo da Lazio e a despertar o interesse da Juventus.<\/p>\n<p>Por outro lado, Abel n\u00e3o contar\u00e1 com Dudu. \u00cddolo da torcida, o atacante teve poucas oportunidades desde o imbr\u00f3glio com o Cruzeiro e recentemente sofreu uma nova les\u00e3o e, segundo o treinador, ficar\u00e1 afastado por cerca de um m\u00eas.<\/p>\n<p>Para a partida, Abel poder\u00e1 ainda abrir m\u00e3o do esquema de tr\u00eas zagueiros, muito por causa do baixo rendimento de Murilo contra o Botafogo. Poder\u00e1 haver tamb\u00e9m algumas mudan\u00e7as, j\u00e1 que o lateral Vanderlan e o atacante Rony tamb\u00e9m n\u00e3o se destacaram.<\/p>\n<p>Palmeiras e Botafogo se enfrentam na pr\u00f3xima quarta-feira, \u00e0s 21h30, no Allianz Parque, em S\u00e3o Paulo. Para servir de apoio, o time paulista poder\u00e1 se basear na vit\u00f3ria por 4 a 3 sobre o rival no ano passado, quando iniciou a arrancada rumo ao t\u00edtulo nacional.<\/p>\n<p>Antes, por\u00e9m, o Palmeiras ter\u00e1 um cl\u00e1ssico pela frente. O time alviverde enfrenta o S\u00e3o Paulo neste domingo, \u00e0s 16h, no Allianz Parque, pela 23\u00aa rodada. Uma vit\u00f3ria poder\u00e1 dar a moral que o time precisa para se recuperar da sequ\u00eancia negativa na temporada.<\/p>\n","protected":false},"excerpt":{"rendered":"<p>A derrota por 2 a 1 frente ao Botafogo, na partida de ida das oitavas de final da Copa Libertadores, deixou o t\u00e9cnico Abel Ferreira em uma situa\u00e7\u00e3o em que nunca esteve no Palmeiras. O treinador vem sofrendo fortes cr\u00edticas e jamais ficou t\u00e3o pressionado no cargo, desde a sua chegada, em outubro de 2020. &hellip;<\/p>\n","protected":false},"author":1,"featured_media":3596,"comment_status":"closed","ping_status":"closed","sticky":false,"template":"","format":"standard","meta":{"footnotes":""},"categories":[31],"tags":[],"class_list":["post-3595","post","type-post","status-publish","format-standard","has-post-thumbnail","hentry","category-esportes"],"yoast_head":"<!-- This site is optimized with the Yoast SEO plugin v27.4 - https:\/\/yoast.com\/product\/yoast-seo-wordpress\/ -->\n<title>Freguesia recente para os cariocas \u00e9 um desafio para Abel deixar Palmeiras vivo na Libertadores - Transam\u00e9rica Mococa 93,3<\/title>\n<meta name=\"robots\" content=\"index, follow, max-snippet:-1, max-image-preview:large, max-video-preview:-1\" \/>\n<link rel=\"canonical\" href=\"https:\/\/transamerica93.com.br\/home\/freguesia-recente-para-os-cariocas-e-um-desafio-para-abel-deixar-palmeiras-vivo-na-libertadores\/\" \/>\n<meta property=\"og:locale\" content=\"pt_BR\" \/>\n<meta property=\"og:type\" content=\"article\" \/>\n<meta property=\"og:title\" content=\"Freguesia recente para os cariocas \u00e9 um desafio para Abel deixar Palmeiras vivo na Libertadores - Transam\u00e9rica Mococa 93,3\" \/>\n<meta property=\"og:description\" content=\"A derrota por 2 a 1 frente ao Botafogo, na partida de ida das oitavas de final da Copa Libertadores, deixou o t\u00e9cnico Abel Ferreira em uma situa\u00e7\u00e3o em que nunca esteve no Palmeiras. O treinador vem sofrendo fortes cr\u00edticas e jamais ficou t\u00e3o pressionado no cargo, desde a sua chegada, em outubro de 2020. &hellip;\" \/>\n<meta property=\"og:url\" content=\"https:\/\/transamerica93.com.br\/home\/freguesia-recente-para-os-cariocas-e-um-desafio-para-abel-deixar-palmeiras-vivo-na-libertadores\/\" \/>\n<meta property=\"og:site_name\" content=\"Transam\u00e9rica Mococa 93,3\" \/>\n<meta property=\"article:publisher\" content=\"https:\/\/www.facebook.com\/transamericamococa\" \/>\n<meta property=\"article:published_time\" content=\"2024-08-23T15:00:26+00:00\" \/>\n<meta property=\"og:image\" content=\"https:\/\/transamerica93.com.br\/home\/wp-content\/uploads\/2024\/08\/1-8.jpg\" \/>\n\t<meta property=\"og:image:width\" content=\"800\" \/>\n\t<meta property=\"og:image:height\" content=\"450\" \/>\n\t<meta property=\"og:image:type\" content=\"image\/jpeg\" \/>\n<meta name=\"author\" content=\"Reda\u00e7\u00e3o\" \/>\n<meta name=\"twitter:card\" content=\"summary_large_image\" \/>\n<meta name=\"twitter:creator\" content=\"@transamerica933\" \/>\n<meta name=\"twitter:site\" content=\"@transamerica933\" \/>\n<meta name=\"twitter:label1\" content=\"Escrito por\" \/>\n\t<meta name=\"twitter:data1\" content=\"Reda\u00e7\u00e3o\" \/>\n\t<meta name=\"twitter:label2\" content=\"Est. tempo de leitura\" \/>\n\t<meta name=\"twitter:data2\" content=\"3 minutos\" \/>\n<script type=\"application\/ld+json\" class=\"yoast-schema-graph\">{\"@context\":\"https:\\\/\\\/schema.org\",\"@graph\":[{\"@type\":\"Article\",\"@id\":\"https:\\\/\\\/transamerica93.com.br\\\/home\\\/freguesia-recente-para-os-cariocas-e-um-desafio-para-abel-deixar-palmeiras-vivo-na-libertadores\\\/#article\",\"isPartOf\":{\"@id\":\"https:\\\/\\\/transamerica93.com.br\\\/home\\\/freguesia-recente-para-os-cariocas-e-um-desafio-para-abel-deixar-palmeiras-vivo-na-libertadores\\\/\"},\"author\":{\"name\":\"Reda\u00e7\u00e3o\",\"@id\":\"https:\\\/\\\/transamerica93.com.br\\\/home\\\/#\\\/schema\\\/person\\\/7fed7c99c0d4562efa8561bc0f543172\"},\"headline\":\"Freguesia recente para os cariocas \u00e9 um desafio para Abel deixar Palmeiras vivo na Libertadores\",\"datePublished\":\"2024-08-23T15:00:26+00:00\",\"mainEntityOfPage\":{\"@id\":\"https:\\\/\\\/transamerica93.com.br\\\/home\\\/freguesia-recente-para-os-cariocas-e-um-desafio-para-abel-deixar-palmeiras-vivo-na-libertadores\\\/\"},\"wordCount\":519,\"publisher\":{\"@id\":\"https:\\\/\\\/transamerica93.com.br\\\/home\\\/#organization\"},\"image\":{\"@id\":\"https:\\\/\\\/transamerica93.com.br\\\/home\\\/freguesia-recente-para-os-cariocas-e-um-desafio-para-abel-deixar-palmeiras-vivo-na-libertadores\\\/#primaryimage\"},\"thumbnailUrl\":\"https:\\\/\\\/transamerica93.com.br\\\/home\\\/wp-content\\\/uploads\\\/2024\\\/08\\\/1-8.jpg\",\"articleSection\":[\"Esportes\"],\"inLanguage\":\"pt-BR\"},{\"@type\":\"WebPage\",\"@id\":\"https:\\\/\\\/transamerica93.com.br\\\/home\\\/freguesia-recente-para-os-cariocas-e-um-desafio-para-abel-deixar-palmeiras-vivo-na-libertadores\\\/\",\"url\":\"https:\\\/\\\/transamerica93.com.br\\\/home\\\/freguesia-recente-para-os-cariocas-e-um-desafio-para-abel-deixar-palmeiras-vivo-na-libertadores\\\/\",\"name\":\"Freguesia recente para os cariocas \u00e9 um desafio para Abel deixar Palmeiras vivo na Libertadores - Transam\u00e9rica Mococa 93,3\",\"isPartOf\":{\"@id\":\"https:\\\/\\\/transamerica93.com.br\\\/home\\\/#website\"},\"primaryImageOfPage\":{\"@id\":\"https:\\\/\\\/transamerica93.com.br\\\/home\\\/freguesia-recente-para-os-cariocas-e-um-desafio-para-abel-deixar-palmeiras-vivo-na-libertadores\\\/#primaryimage\"},\"image\":{\"@id\":\"https:\\\/\\\/transamerica93.com.br\\\/home\\\/freguesia-recente-para-os-cariocas-e-um-desafio-para-abel-deixar-palmeiras-vivo-na-libertadores\\\/#primaryimage\"},\"thumbnailUrl\":\"https:\\\/\\\/transamerica93.com.br\\\/home\\\/wp-content\\\/uploads\\\/2024\\\/08\\\/1-8.jpg\",\"datePublished\":\"2024-08-23T15:00:26+00:00\",\"breadcrumb\":{\"@id\":\"https:\\\/\\\/transamerica93.com.br\\\/home\\\/freguesia-recente-para-os-cariocas-e-um-desafio-para-abel-deixar-palmeiras-vivo-na-libertadores\\\/#breadcrumb\"},\"inLanguage\":\"pt-BR\",\"potentialAction\":[{\"@type\":\"ReadAction\",\"target\":[\"https:\\\/\\\/transamerica93.com.br\\\/home\\\/freguesia-recente-para-os-cariocas-e-um-desafio-para-abel-deixar-palmeiras-vivo-na-libertadores\\\/\"]}]},{\"@type\":\"ImageObject\",\"inLanguage\":\"pt-BR\",\"@id\":\"https:\\\/\\\/transamerica93.com.br\\\/home\\\/freguesia-recente-para-os-cariocas-e-um-desafio-para-abel-deixar-palmeiras-vivo-na-libertadores\\\/#primaryimage\",\"url\":\"https:\\\/\\\/transamerica93.com.br\\\/home\\\/wp-content\\\/uploads\\\/2024\\\/08\\\/1-8.jpg\",\"contentUrl\":\"https:\\\/\\\/transamerica93.com.br\\\/home\\\/wp-content\\\/uploads\\\/2024\\\/08\\\/1-8.jpg\",\"width\":800,\"height\":450},{\"@type\":\"BreadcrumbList\",\"@id\":\"https:\\\/\\\/transamerica93.com.br\\\/home\\\/freguesia-recente-para-os-cariocas-e-um-desafio-para-abel-deixar-palmeiras-vivo-na-libertadores\\\/#breadcrumb\",\"itemListElement\":[{\"@type\":\"ListItem\",\"position\":1,\"name\":\"In\u00edcio\",\"item\":\"https:\\\/\\\/transamerica93.com.br\\\/home\\\/\"},{\"@type\":\"ListItem\",\"position\":2,\"name\":\"Freguesia recente para os cariocas \u00e9 um desafio para Abel deixar Palmeiras vivo na Libertadores\"}]},{\"@type\":\"WebSite\",\"@id\":\"https:\\\/\\\/transamerica93.com.br\\\/home\\\/#website\",\"url\":\"https:\\\/\\\/transamerica93.com.br\\\/home\\\/\",\"name\":\"Transam\u00e9rica Mococa 93,3\",\"description\":\"\",\"publisher\":{\"@id\":\"https:\\\/\\\/transamerica93.com.br\\\/home\\\/#organization\"},\"potentialAction\":[{\"@type\":\"SearchAction\",\"target\":{\"@type\":\"EntryPoint\",\"urlTemplate\":\"https:\\\/\\\/transamerica93.com.br\\\/home\\\/?s={search_term_string}\"},\"query-input\":{\"@type\":\"PropertyValueSpecification\",\"valueRequired\":true,\"valueName\":\"search_term_string\"}}],\"inLanguage\":\"pt-BR\"},{\"@type\":\"Organization\",\"@id\":\"https:\\\/\\\/transamerica93.com.br\\\/home\\\/#organization\",\"name\":\"Transam\u00e9rica Mococa 93,3\",\"url\":\"https:\\\/\\\/transamerica93.com.br\\\/home\\\/\",\"logo\":{\"@type\":\"ImageObject\",\"inLanguage\":\"pt-BR\",\"@id\":\"https:\\\/\\\/transamerica93.com.br\\\/home\\\/#\\\/schema\\\/logo\\\/image\\\/\",\"url\":\"https:\\\/\\\/transamerica93.com.br\\\/home\\\/wp-content\\\/uploads\\\/2023\\\/10\\\/logo2.png\",\"contentUrl\":\"https:\\\/\\\/transamerica93.com.br\\\/home\\\/wp-content\\\/uploads\\\/2023\\\/10\\\/logo2.png\",\"width\":800,\"height\":500,\"caption\":\"Transam\u00e9rica Mococa 93,3\"},\"image\":{\"@id\":\"https:\\\/\\\/transamerica93.com.br\\\/home\\\/#\\\/schema\\\/logo\\\/image\\\/\"},\"sameAs\":[\"https:\\\/\\\/www.facebook.com\\\/transamericamococa\",\"https:\\\/\\\/x.com\\\/transamerica933\",\"https:\\\/\\\/www.instagram.com\\\/transamericamococa\"]},{\"@type\":\"Person\",\"@id\":\"https:\\\/\\\/transamerica93.com.br\\\/home\\\/#\\\/schema\\\/person\\\/7fed7c99c0d4562efa8561bc0f543172\",\"name\":\"Reda\u00e7\u00e3o\",\"image\":{\"@type\":\"ImageObject\",\"inLanguage\":\"pt-BR\",\"@id\":\"https:\\\/\\\/secure.gravatar.com\\\/avatar\\\/1072c6b775fb02ef8506ce967551d95926669a6b7d2c2147b42eea4d7c68395e?s=96&d=mm&r=g\",\"url\":\"https:\\\/\\\/secure.gravatar.com\\\/avatar\\\/1072c6b775fb02ef8506ce967551d95926669a6b7d2c2147b42eea4d7c68395e?s=96&d=mm&r=g\",\"contentUrl\":\"https:\\\/\\\/secure.gravatar.com\\\/avatar\\\/1072c6b775fb02ef8506ce967551d95926669a6b7d2c2147b42eea4d7c68395e?s=96&d=mm&r=g\",\"caption\":\"Reda\u00e7\u00e3o\"},\"sameAs\":[\"https:\\\/\\\/transamerica93.com.br\\\/home\"],\"url\":\"https:\\\/\\\/transamerica93.com.br\\\/home\\\/author\\\/william\\\/\"}]}<\/script>\n<!-- \/ Yoast SEO plugin. -->","yoast_head_json":{"title":"Freguesia recente para os cariocas \u00e9 um desafio para Abel deixar Palmeiras vivo na Libertadores - Transam\u00e9rica Mococa 93,3","robots":{"index":"index","follow":"follow","max-snippet":"max-snippet:-1","max-image-preview":"max-image-preview:large","max-video-preview":"max-video-preview:-1"},"canonical":"https:\/\/transamerica93.com.br\/home\/freguesia-recente-para-os-cariocas-e-um-desafio-para-abel-deixar-palmeiras-vivo-na-libertadores\/","og_locale":"pt_BR","og_type":"article","og_title":"Freguesia recente para os cariocas \u00e9 um desafio para Abel deixar Palmeiras vivo na Libertadores - Transam\u00e9rica Mococa 93,3","og_description":"A derrota por 2 a 1 frente ao Botafogo, na partida de ida das oitavas de final da Copa Libertadores, deixou o t\u00e9cnico Abel Ferreira em uma situa\u00e7\u00e3o em que nunca esteve no Palmeiras. O treinador vem sofrendo fortes cr\u00edticas e jamais ficou t\u00e3o pressionado no cargo, desde a sua chegada, em outubro de 2020. &hellip;","og_url":"https:\/\/transamerica93.com.br\/home\/freguesia-recente-para-os-cariocas-e-um-desafio-para-abel-deixar-palmeiras-vivo-na-libertadores\/","og_site_name":"Transam\u00e9rica Mococa 93,3","article_publisher":"https:\/\/www.facebook.com\/transamericamococa","article_published_time":"2024-08-23T15:00:26+00:00","og_image":[{"width":800,"height":450,"url":"https:\/\/transamerica93.com.br\/home\/wp-content\/uploads\/2024\/08\/1-8.jpg","type":"image\/jpeg"}],"author":"Reda\u00e7\u00e3o","twitter_card":"summary_large_image","twitter_creator":"@transamerica933","twitter_site":"@transamerica933","twitter_misc":{"Escrito por":"Reda\u00e7\u00e3o","Est. tempo de leitura":"3 minutos"},"schema":{"@context":"https:\/\/schema.org","@graph":[{"@type":"Article","@id":"https:\/\/transamerica93.com.br\/home\/freguesia-recente-para-os-cariocas-e-um-desafio-para-abel-deixar-palmeiras-vivo-na-libertadores\/#article","isPartOf":{"@id":"https:\/\/transamerica93.com.br\/home\/freguesia-recente-para-os-cariocas-e-um-desafio-para-abel-deixar-palmeiras-vivo-na-libertadores\/"},"author":{"name":"Reda\u00e7\u00e3o","@id":"https:\/\/transamerica93.com.br\/home\/#\/schema\/person\/7fed7c99c0d4562efa8561bc0f543172"},"headline":"Freguesia recente para os cariocas \u00e9 um desafio para Abel deixar Palmeiras vivo na Libertadores","datePublished":"2024-08-23T15:00:26+00:00","mainEntityOfPage":{"@id":"https:\/\/transamerica93.com.br\/home\/freguesia-recente-para-os-cariocas-e-um-desafio-para-abel-deixar-palmeiras-vivo-na-libertadores\/"},"wordCount":519,"publisher":{"@id":"https:\/\/transamerica93.com.br\/home\/#organization"},"image":{"@id":"https:\/\/transamerica93.com.br\/home\/freguesia-recente-para-os-cariocas-e-um-desafio-para-abel-deixar-palmeiras-vivo-na-libertadores\/#primaryimage"},"thumbnailUrl":"https:\/\/transamerica93.com.br\/home\/wp-content\/uploads\/2024\/08\/1-8.jpg","articleSection":["Esportes"],"inLanguage":"pt-BR"},{"@type":"WebPage","@id":"https:\/\/transamerica93.com.br\/home\/freguesia-recente-para-os-cariocas-e-um-desafio-para-abel-deixar-palmeiras-vivo-na-libertadores\/","url":"https:\/\/transamerica93.com.br\/home\/freguesia-recente-para-os-cariocas-e-um-desafio-para-abel-deixar-palmeiras-vivo-na-libertadores\/","name":"Freguesia recente para os cariocas \u00e9 um desafio para Abel deixar Palmeiras vivo na Libertadores - Transam\u00e9rica Mococa 93,3","isPartOf":{"@id":"https:\/\/transamerica93.com.br\/home\/#website"},"primaryImageOfPage":{"@id":"https:\/\/transamerica93.com.br\/home\/freguesia-recente-para-os-cariocas-e-um-desafio-para-abel-deixar-palmeiras-vivo-na-libertadores\/#primaryimage"},"image":{"@id":"https:\/\/transamerica93.com.br\/home\/freguesia-recente-para-os-cariocas-e-um-desafio-para-abel-deixar-palmeiras-vivo-na-libertadores\/#primaryimage"},"thumbnailUrl":"https:\/\/transamerica93.com.br\/home\/wp-content\/uploads\/2024\/08\/1-8.jpg","datePublished":"2024-08-23T15:00:26+00:00","breadcrumb":{"@id":"https:\/\/transamerica93.com.br\/home\/freguesia-recente-para-os-cariocas-e-um-desafio-para-abel-deixar-palmeiras-vivo-na-libertadores\/#breadcrumb"},"inLanguage":"pt-BR","potentialAction":[{"@type":"ReadAction","target":["https:\/\/transamerica93.com.br\/home\/freguesia-recente-para-os-cariocas-e-um-desafio-para-abel-deixar-palmeiras-vivo-na-libertadores\/"]}]},{"@type":"ImageObject","inLanguage":"pt-BR","@id":"https:\/\/transamerica93.com.br\/home\/freguesia-recente-para-os-cariocas-e-um-desafio-para-abel-deixar-palmeiras-vivo-na-libertadores\/#primaryimage","url":"https:\/\/transamerica93.com.br\/home\/wp-content\/uploads\/2024\/08\/1-8.jpg","contentUrl":"https:\/\/transamerica93.com.br\/home\/wp-content\/uploads\/2024\/08\/1-8.jpg","width":800,"height":450},{"@type":"BreadcrumbList","@id":"https:\/\/transamerica93.com.br\/home\/freguesia-recente-para-os-cariocas-e-um-desafio-para-abel-deixar-palmeiras-vivo-na-libertadores\/#breadcrumb","itemListElement":[{"@type":"ListItem","position":1,"name":"In\u00edcio","item":"https:\/\/transamerica93.com.br\/home\/"},{"@type":"ListItem","position":2,"name":"Freguesia recente para os cariocas \u00e9 um desafio para Abel deixar Palmeiras vivo na Libertadores"}]},{"@type":"WebSite","@id":"https:\/\/transamerica93.com.br\/home\/#website","url":"https:\/\/transamerica93.com.br\/home\/","name":"Transam\u00e9rica Mococa 93,3","description":"","publisher":{"@id":"https:\/\/transamerica93.com.br\/home\/#organization"},"potentialAction":[{"@type":"SearchAction","target":{"@type":"EntryPoint","urlTemplate":"https:\/\/transamerica93.com.br\/home\/?s={search_term_string}"},"query-input":{"@type":"PropertyValueSpecification","valueRequired":true,"valueName":"search_term_string"}}],"inLanguage":"pt-BR"},{"@type":"Organization","@id":"https:\/\/transamerica93.com.br\/home\/#organization","name":"Transam\u00e9rica Mococa 93,3","url":"https:\/\/transamerica93.com.br\/home\/","logo":{"@type":"ImageObject","inLanguage":"pt-BR","@id":"https:\/\/transamerica93.com.br\/home\/#\/schema\/logo\/image\/","url":"https:\/\/transamerica93.com.br\/home\/wp-content\/uploads\/2023\/10\/logo2.png","contentUrl":"https:\/\/transamerica93.com.br\/home\/wp-content\/uploads\/2023\/10\/logo2.png","width":800,"height":500,"caption":"Transam\u00e9rica Mococa 93,3"},"image":{"@id":"https:\/\/transamerica93.com.br\/home\/#\/schema\/logo\/image\/"},"sameAs":["https:\/\/www.facebook.com\/transamericamococa","https:\/\/x.com\/transamerica933","https:\/\/www.instagram.com\/transamericamococa"]},{"@type":"Person","@id":"https:\/\/transamerica93.com.br\/home\/#\/schema\/person\/7fed7c99c0d4562efa8561bc0f543172","name":"Reda\u00e7\u00e3o","image":{"@type":"ImageObject","inLanguage":"pt-BR","@id":"https:\/\/secure.gravatar.com\/avatar\/1072c6b775fb02ef8506ce967551d95926669a6b7d2c2147b42eea4d7c68395e?s=96&d=mm&r=g","url":"https:\/\/secure.gravatar.com\/avatar\/1072c6b775fb02ef8506ce967551d95926669a6b7d2c2147b42eea4d7c68395e?s=96&d=mm&r=g","contentUrl":"https:\/\/secure.gravatar.com\/avatar\/1072c6b775fb02ef8506ce967551d95926669a6b7d2c2147b42eea4d7c68395e?s=96&d=mm&r=g","caption":"Reda\u00e7\u00e3o"},"sameAs":["https:\/\/transamerica93.com.br\/home"],"url":"https:\/\/transamerica93.com.br\/home\/author\/william\/"}]}},"_links":{"self":[{"href":"https:\/\/transamerica93.com.br\/home\/wp-json\/wp\/v2\/posts\/3595","targetHints":{"allow":["GET"]}}],"collection":[{"href":"https:\/\/transamerica93.com.br\/home\/wp-json\/wp\/v2\/posts"}],"about":[{"href":"https:\/\/transamerica93.com.br\/home\/wp-json\/wp\/v2\/types\/post"}],"author":[{"embeddable":true,"href":"https:\/\/transamerica93.com.br\/home\/wp-json\/wp\/v2\/users\/1"}],"replies":[{"embeddable":true,"href":"https:\/\/transamerica93.com.br\/home\/wp-json\/wp\/v2\/comments?post=3595"}],"version-history":[{"count":1,"href":"https:\/\/transamerica93.com.br\/home\/wp-json\/wp\/v2\/posts\/3595\/revisions"}],"predecessor-version":[{"id":3597,"href":"https:\/\/transamerica93.com.br\/home\/wp-json\/wp\/v2\/posts\/3595\/revisions\/3597"}],"wp:featuredmedia":[{"embeddable":true,"href":"https:\/\/transamerica93.com.br\/home\/wp-json\/wp\/v2\/media\/3596"}],"wp:attachment":[{"href":"https:\/\/transamerica93.com.br\/home\/wp-json\/wp\/v2\/media?parent=3595"}],"wp:term":[{"taxonomy":"category","embeddable":true,"href":"https:\/\/transamerica93.com.br\/home\/wp-json\/wp\/v2\/categories?post=3595"},{"taxonomy":"post_tag","embeddable":true,"href":"https:\/\/transamerica93.com.br\/home\/wp-json\/wp\/v2\/tags?post=3595"}],"curies":[{"name":"wp","href":"https:\/\/api.w.org\/{rel}","templated":true}]}}