{"id":3598,"date":"2024-08-19T15:00:47","date_gmt":"2024-08-19T18:00:47","guid":{"rendered":"https:\/\/transamerica93.com.br\/home\/?p=3598"},"modified":"2024-08-16T21:05:04","modified_gmt":"2024-08-17T00:05:04","slug":"sam-smith-elogia-iza-apos-parceria-em-musica-inspirado-com-a-forca-e-a-paixao-dela","status":"publish","type":"post","link":"https:\/\/transamerica93.com.br\/home\/sam-smith-elogia-iza-apos-parceria-em-musica-inspirado-com-a-forca-e-a-paixao-dela\/","title":{"rendered":"Sam Smith elogia Iza ap\u00f3s parceria em m\u00fasica: &#8216;Inspirado com a for\u00e7a e a paix\u00e3o dela&#8217;"},"content":{"rendered":"<p>Por Reda\u00e7\u00e3o C2<\/p>\n<p>Completando uma d\u00e9cada de seu \u00e1lbum de estreia, Sam Smith resolveu presentear os f\u00e3s brasileiros com uma regrava\u00e7\u00e3o feita em parceria com uma das artistas pop brasileiras com mais destaque no cen\u00e1rio musical, a cantora Iza.<\/p>\n<p>&#8220;Meus f\u00e3s brasileiros s\u00e3o alguns dos mais apaixonados, e sempre foi uma alegria visit\u00e1-los e me apresentar para eles. Fico inspirado com a for\u00e7a e a paix\u00e3o que Iza trouxe ao longo de sua trajet\u00f3ria e como ela d\u00e1 voz \u00e0 sua comunidade&#8221;, disse o cantor em comunicado. &#8220;\u00c9 especial colaborar com algu\u00e9m que assistiu \u00e0 minha primeira apresenta\u00e7\u00e3o no Brasil e come\u00e7ou sua carreira cantando minhas m\u00fasicas no YouTube&#8221;, continuou.<\/p>\n<p>No in\u00edcio de sua carreira na m\u00fasica, ela gravava vers\u00f5es cover de artistas, entre eles, o brit\u00e2nico. Em resposta ao elogio do cantor, Iza contou como estava emocionada por realizar essa parceria. &#8220;\u00c9 muito especial ver uma a\u00e7\u00e3o como essa acontecer para celebrar os 10 anos de\u00a0<i>In The Lonely Hour<\/i>. \u00c9 uma demonstra\u00e7\u00e3o poderosa de como a m\u00fasica tem o poder global de conectar as pessoas de maneiras t\u00e3o diversas. Estou muito emocionada!&#8221;, disse Iza tamb\u00e9m em comunicado.<\/p>\n<p>Lan\u00e7ado em 2014,\u00a0<i>In the Lonely Hour<\/i>\u00a0foi a estreia de Sam na ind\u00fastria musical e o primeiro de muitos marcos de sua carreira. Vencedor do Grammy, certificado como 6x Platina pela RIAA, tornou-se o \u00e1lbum de estreia mais vendido da d\u00e9cada. Al\u00e9m de\u00a0<i>Lay Me Down<\/i>, disco inclui sucessos como\u00a0<i>Stay with Me<\/i>,\u00a0<i>I\u2019m Not the Only One<\/i>.<\/p>\n","protected":false},"excerpt":{"rendered":"<p>Por Reda\u00e7\u00e3o C2 Completando uma d\u00e9cada de seu \u00e1lbum de estreia, Sam Smith resolveu presentear os f\u00e3s brasileiros com uma regrava\u00e7\u00e3o feita em parceria com uma das artistas pop brasileiras com mais destaque no cen\u00e1rio musical, a cantora Iza. &#8220;Meus f\u00e3s brasileiros s\u00e3o alguns dos mais apaixonados, e sempre foi uma alegria visit\u00e1-los e me &hellip;<\/p>\n","protected":false},"author":1,"featured_media":3599,"comment_status":"closed","ping_status":"closed","sticky":false,"template":"","format":"standard","meta":{"footnotes":""},"categories":[25],"tags":[],"class_list":["post-3598","post","type-post","status-publish","format-standard","has-post-thumbnail","hentry","category-musica"],"yoast_head":"<!-- This site is optimized with the Yoast SEO plugin v27.4 - https:\/\/yoast.com\/product\/yoast-seo-wordpress\/ -->\n<title>Sam Smith elogia Iza ap\u00f3s parceria em m\u00fasica: &#039;Inspirado com a for\u00e7a e a paix\u00e3o dela&#039; - Transam\u00e9rica Mococa 93,3<\/title>\n<meta name=\"robots\" content=\"index, follow, max-snippet:-1, max-image-preview:large, max-video-preview:-1\" \/>\n<link rel=\"canonical\" href=\"https:\/\/transamerica93.com.br\/home\/sam-smith-elogia-iza-apos-parceria-em-musica-inspirado-com-a-forca-e-a-paixao-dela\/\" \/>\n<meta property=\"og:locale\" content=\"pt_BR\" \/>\n<meta property=\"og:type\" content=\"article\" \/>\n<meta property=\"og:title\" content=\"Sam Smith elogia Iza ap\u00f3s parceria em m\u00fasica: &#039;Inspirado com a for\u00e7a e a paix\u00e3o dela&#039; - Transam\u00e9rica Mococa 93,3\" \/>\n<meta property=\"og:description\" content=\"Por Reda\u00e7\u00e3o C2 Completando uma d\u00e9cada de seu \u00e1lbum de estreia, Sam Smith resolveu presentear os f\u00e3s brasileiros com uma regrava\u00e7\u00e3o feita em parceria com uma das artistas pop brasileiras com mais destaque no cen\u00e1rio musical, a cantora Iza. &#8220;Meus f\u00e3s brasileiros s\u00e3o alguns dos mais apaixonados, e sempre foi uma alegria visit\u00e1-los e me &hellip;\" \/>\n<meta property=\"og:url\" content=\"https:\/\/transamerica93.com.br\/home\/sam-smith-elogia-iza-apos-parceria-em-musica-inspirado-com-a-forca-e-a-paixao-dela\/\" \/>\n<meta property=\"og:site_name\" content=\"Transam\u00e9rica Mococa 93,3\" \/>\n<meta property=\"article:publisher\" content=\"https:\/\/www.facebook.com\/transamericamococa\" \/>\n<meta property=\"article:published_time\" content=\"2024-08-19T18:00:47+00:00\" \/>\n<meta property=\"og:image\" content=\"https:\/\/transamerica93.com.br\/home\/wp-content\/uploads\/2024\/08\/1-9.jpg\" \/>\n\t<meta property=\"og:image:width\" content=\"1200\" \/>\n\t<meta property=\"og:image:height\" content=\"630\" \/>\n\t<meta property=\"og:image:type\" content=\"image\/jpeg\" \/>\n<meta name=\"author\" content=\"Reda\u00e7\u00e3o\" \/>\n<meta name=\"twitter:card\" content=\"summary_large_image\" \/>\n<meta name=\"twitter:creator\" content=\"@transamerica933\" \/>\n<meta name=\"twitter:site\" content=\"@transamerica933\" \/>\n<meta name=\"twitter:label1\" content=\"Escrito por\" \/>\n\t<meta name=\"twitter:data1\" content=\"Reda\u00e7\u00e3o\" \/>\n\t<meta name=\"twitter:label2\" content=\"Est. tempo de leitura\" \/>\n\t<meta name=\"twitter:data2\" content=\"2 minutos\" \/>\n<script type=\"application\/ld+json\" class=\"yoast-schema-graph\">{\"@context\":\"https:\\\/\\\/schema.org\",\"@graph\":[{\"@type\":\"Article\",\"@id\":\"https:\\\/\\\/transamerica93.com.br\\\/home\\\/sam-smith-elogia-iza-apos-parceria-em-musica-inspirado-com-a-forca-e-a-paixao-dela\\\/#article\",\"isPartOf\":{\"@id\":\"https:\\\/\\\/transamerica93.com.br\\\/home\\\/sam-smith-elogia-iza-apos-parceria-em-musica-inspirado-com-a-forca-e-a-paixao-dela\\\/\"},\"author\":{\"name\":\"Reda\u00e7\u00e3o\",\"@id\":\"https:\\\/\\\/transamerica93.com.br\\\/home\\\/#\\\/schema\\\/person\\\/7fed7c99c0d4562efa8561bc0f543172\"},\"headline\":\"Sam Smith elogia Iza ap\u00f3s parceria em m\u00fasica: &#8216;Inspirado com a for\u00e7a e a paix\u00e3o dela&#8217;\",\"datePublished\":\"2024-08-19T18:00:47+00:00\",\"mainEntityOfPage\":{\"@id\":\"https:\\\/\\\/transamerica93.com.br\\\/home\\\/sam-smith-elogia-iza-apos-parceria-em-musica-inspirado-com-a-forca-e-a-paixao-dela\\\/\"},\"wordCount\":290,\"publisher\":{\"@id\":\"https:\\\/\\\/transamerica93.com.br\\\/home\\\/#organization\"},\"image\":{\"@id\":\"https:\\\/\\\/transamerica93.com.br\\\/home\\\/sam-smith-elogia-iza-apos-parceria-em-musica-inspirado-com-a-forca-e-a-paixao-dela\\\/#primaryimage\"},\"thumbnailUrl\":\"https:\\\/\\\/transamerica93.com.br\\\/home\\\/wp-content\\\/uploads\\\/2024\\\/08\\\/1-9.jpg\",\"articleSection\":[\"M\u00fasica\"],\"inLanguage\":\"pt-BR\"},{\"@type\":\"WebPage\",\"@id\":\"https:\\\/\\\/transamerica93.com.br\\\/home\\\/sam-smith-elogia-iza-apos-parceria-em-musica-inspirado-com-a-forca-e-a-paixao-dela\\\/\",\"url\":\"https:\\\/\\\/transamerica93.com.br\\\/home\\\/sam-smith-elogia-iza-apos-parceria-em-musica-inspirado-com-a-forca-e-a-paixao-dela\\\/\",\"name\":\"Sam Smith elogia Iza ap\u00f3s parceria em m\u00fasica: 'Inspirado com a for\u00e7a e a paix\u00e3o dela' - Transam\u00e9rica Mococa 93,3\",\"isPartOf\":{\"@id\":\"https:\\\/\\\/transamerica93.com.br\\\/home\\\/#website\"},\"primaryImageOfPage\":{\"@id\":\"https:\\\/\\\/transamerica93.com.br\\\/home\\\/sam-smith-elogia-iza-apos-parceria-em-musica-inspirado-com-a-forca-e-a-paixao-dela\\\/#primaryimage\"},\"image\":{\"@id\":\"https:\\\/\\\/transamerica93.com.br\\\/home\\\/sam-smith-elogia-iza-apos-parceria-em-musica-inspirado-com-a-forca-e-a-paixao-dela\\\/#primaryimage\"},\"thumbnailUrl\":\"https:\\\/\\\/transamerica93.com.br\\\/home\\\/wp-content\\\/uploads\\\/2024\\\/08\\\/1-9.jpg\",\"datePublished\":\"2024-08-19T18:00:47+00:00\",\"breadcrumb\":{\"@id\":\"https:\\\/\\\/transamerica93.com.br\\\/home\\\/sam-smith-elogia-iza-apos-parceria-em-musica-inspirado-com-a-forca-e-a-paixao-dela\\\/#breadcrumb\"},\"inLanguage\":\"pt-BR\",\"potentialAction\":[{\"@type\":\"ReadAction\",\"target\":[\"https:\\\/\\\/transamerica93.com.br\\\/home\\\/sam-smith-elogia-iza-apos-parceria-em-musica-inspirado-com-a-forca-e-a-paixao-dela\\\/\"]}]},{\"@type\":\"ImageObject\",\"inLanguage\":\"pt-BR\",\"@id\":\"https:\\\/\\\/transamerica93.com.br\\\/home\\\/sam-smith-elogia-iza-apos-parceria-em-musica-inspirado-com-a-forca-e-a-paixao-dela\\\/#primaryimage\",\"url\":\"https:\\\/\\\/transamerica93.com.br\\\/home\\\/wp-content\\\/uploads\\\/2024\\\/08\\\/1-9.jpg\",\"contentUrl\":\"https:\\\/\\\/transamerica93.com.br\\\/home\\\/wp-content\\\/uploads\\\/2024\\\/08\\\/1-9.jpg\",\"width\":1200,\"height\":630,\"caption\":\"Foto: Twitter\\\/@Multishow\"},{\"@type\":\"BreadcrumbList\",\"@id\":\"https:\\\/\\\/transamerica93.com.br\\\/home\\\/sam-smith-elogia-iza-apos-parceria-em-musica-inspirado-com-a-forca-e-a-paixao-dela\\\/#breadcrumb\",\"itemListElement\":[{\"@type\":\"ListItem\",\"position\":1,\"name\":\"In\u00edcio\",\"item\":\"https:\\\/\\\/transamerica93.com.br\\\/home\\\/\"},{\"@type\":\"ListItem\",\"position\":2,\"name\":\"Sam Smith elogia Iza ap\u00f3s parceria em m\u00fasica: &#8216;Inspirado com a for\u00e7a e a paix\u00e3o dela&#8217;\"}]},{\"@type\":\"WebSite\",\"@id\":\"https:\\\/\\\/transamerica93.com.br\\\/home\\\/#website\",\"url\":\"https:\\\/\\\/transamerica93.com.br\\\/home\\\/\",\"name\":\"Transam\u00e9rica Mococa 93,3\",\"description\":\"\",\"publisher\":{\"@id\":\"https:\\\/\\\/transamerica93.com.br\\\/home\\\/#organization\"},\"potentialAction\":[{\"@type\":\"SearchAction\",\"target\":{\"@type\":\"EntryPoint\",\"urlTemplate\":\"https:\\\/\\\/transamerica93.com.br\\\/home\\\/?s={search_term_string}\"},\"query-input\":{\"@type\":\"PropertyValueSpecification\",\"valueRequired\":true,\"valueName\":\"search_term_string\"}}],\"inLanguage\":\"pt-BR\"},{\"@type\":\"Organization\",\"@id\":\"https:\\\/\\\/transamerica93.com.br\\\/home\\\/#organization\",\"name\":\"Transam\u00e9rica Mococa 93,3\",\"url\":\"https:\\\/\\\/transamerica93.com.br\\\/home\\\/\",\"logo\":{\"@type\":\"ImageObject\",\"inLanguage\":\"pt-BR\",\"@id\":\"https:\\\/\\\/transamerica93.com.br\\\/home\\\/#\\\/schema\\\/logo\\\/image\\\/\",\"url\":\"https:\\\/\\\/transamerica93.com.br\\\/home\\\/wp-content\\\/uploads\\\/2023\\\/10\\\/logo2.png\",\"contentUrl\":\"https:\\\/\\\/transamerica93.com.br\\\/home\\\/wp-content\\\/uploads\\\/2023\\\/10\\\/logo2.png\",\"width\":800,\"height\":500,\"caption\":\"Transam\u00e9rica Mococa 93,3\"},\"image\":{\"@id\":\"https:\\\/\\\/transamerica93.com.br\\\/home\\\/#\\\/schema\\\/logo\\\/image\\\/\"},\"sameAs\":[\"https:\\\/\\\/www.facebook.com\\\/transamericamococa\",\"https:\\\/\\\/x.com\\\/transamerica933\",\"https:\\\/\\\/www.instagram.com\\\/transamericamococa\"]},{\"@type\":\"Person\",\"@id\":\"https:\\\/\\\/transamerica93.com.br\\\/home\\\/#\\\/schema\\\/person\\\/7fed7c99c0d4562efa8561bc0f543172\",\"name\":\"Reda\u00e7\u00e3o\",\"image\":{\"@type\":\"ImageObject\",\"inLanguage\":\"pt-BR\",\"@id\":\"https:\\\/\\\/secure.gravatar.com\\\/avatar\\\/1072c6b775fb02ef8506ce967551d95926669a6b7d2c2147b42eea4d7c68395e?s=96&d=mm&r=g\",\"url\":\"https:\\\/\\\/secure.gravatar.com\\\/avatar\\\/1072c6b775fb02ef8506ce967551d95926669a6b7d2c2147b42eea4d7c68395e?s=96&d=mm&r=g\",\"contentUrl\":\"https:\\\/\\\/secure.gravatar.com\\\/avatar\\\/1072c6b775fb02ef8506ce967551d95926669a6b7d2c2147b42eea4d7c68395e?s=96&d=mm&r=g\",\"caption\":\"Reda\u00e7\u00e3o\"},\"sameAs\":[\"https:\\\/\\\/transamerica93.com.br\\\/home\"],\"url\":\"https:\\\/\\\/transamerica93.com.br\\\/home\\\/author\\\/william\\\/\"}]}<\/script>\n<!-- \/ Yoast SEO plugin. -->","yoast_head_json":{"title":"Sam Smith elogia Iza ap\u00f3s parceria em m\u00fasica: 'Inspirado com a for\u00e7a e a paix\u00e3o dela' - Transam\u00e9rica Mococa 93,3","robots":{"index":"index","follow":"follow","max-snippet":"max-snippet:-1","max-image-preview":"max-image-preview:large","max-video-preview":"max-video-preview:-1"},"canonical":"https:\/\/transamerica93.com.br\/home\/sam-smith-elogia-iza-apos-parceria-em-musica-inspirado-com-a-forca-e-a-paixao-dela\/","og_locale":"pt_BR","og_type":"article","og_title":"Sam Smith elogia Iza ap\u00f3s parceria em m\u00fasica: 'Inspirado com a for\u00e7a e a paix\u00e3o dela' - Transam\u00e9rica Mococa 93,3","og_description":"Por Reda\u00e7\u00e3o C2 Completando uma d\u00e9cada de seu \u00e1lbum de estreia, Sam Smith resolveu presentear os f\u00e3s brasileiros com uma regrava\u00e7\u00e3o feita em parceria com uma das artistas pop brasileiras com mais destaque no cen\u00e1rio musical, a cantora Iza. &#8220;Meus f\u00e3s brasileiros s\u00e3o alguns dos mais apaixonados, e sempre foi uma alegria visit\u00e1-los e me &hellip;","og_url":"https:\/\/transamerica93.com.br\/home\/sam-smith-elogia-iza-apos-parceria-em-musica-inspirado-com-a-forca-e-a-paixao-dela\/","og_site_name":"Transam\u00e9rica Mococa 93,3","article_publisher":"https:\/\/www.facebook.com\/transamericamococa","article_published_time":"2024-08-19T18:00:47+00:00","og_image":[{"width":1200,"height":630,"url":"https:\/\/transamerica93.com.br\/home\/wp-content\/uploads\/2024\/08\/1-9.jpg","type":"image\/jpeg"}],"author":"Reda\u00e7\u00e3o","twitter_card":"summary_large_image","twitter_creator":"@transamerica933","twitter_site":"@transamerica933","twitter_misc":{"Escrito por":"Reda\u00e7\u00e3o","Est. tempo de leitura":"2 minutos"},"schema":{"@context":"https:\/\/schema.org","@graph":[{"@type":"Article","@id":"https:\/\/transamerica93.com.br\/home\/sam-smith-elogia-iza-apos-parceria-em-musica-inspirado-com-a-forca-e-a-paixao-dela\/#article","isPartOf":{"@id":"https:\/\/transamerica93.com.br\/home\/sam-smith-elogia-iza-apos-parceria-em-musica-inspirado-com-a-forca-e-a-paixao-dela\/"},"author":{"name":"Reda\u00e7\u00e3o","@id":"https:\/\/transamerica93.com.br\/home\/#\/schema\/person\/7fed7c99c0d4562efa8561bc0f543172"},"headline":"Sam Smith elogia Iza ap\u00f3s parceria em m\u00fasica: &#8216;Inspirado com a for\u00e7a e a paix\u00e3o dela&#8217;","datePublished":"2024-08-19T18:00:47+00:00","mainEntityOfPage":{"@id":"https:\/\/transamerica93.com.br\/home\/sam-smith-elogia-iza-apos-parceria-em-musica-inspirado-com-a-forca-e-a-paixao-dela\/"},"wordCount":290,"publisher":{"@id":"https:\/\/transamerica93.com.br\/home\/#organization"},"image":{"@id":"https:\/\/transamerica93.com.br\/home\/sam-smith-elogia-iza-apos-parceria-em-musica-inspirado-com-a-forca-e-a-paixao-dela\/#primaryimage"},"thumbnailUrl":"https:\/\/transamerica93.com.br\/home\/wp-content\/uploads\/2024\/08\/1-9.jpg","articleSection":["M\u00fasica"],"inLanguage":"pt-BR"},{"@type":"WebPage","@id":"https:\/\/transamerica93.com.br\/home\/sam-smith-elogia-iza-apos-parceria-em-musica-inspirado-com-a-forca-e-a-paixao-dela\/","url":"https:\/\/transamerica93.com.br\/home\/sam-smith-elogia-iza-apos-parceria-em-musica-inspirado-com-a-forca-e-a-paixao-dela\/","name":"Sam Smith elogia Iza ap\u00f3s parceria em m\u00fasica: 'Inspirado com a for\u00e7a e a paix\u00e3o dela' - Transam\u00e9rica Mococa 93,3","isPartOf":{"@id":"https:\/\/transamerica93.com.br\/home\/#website"},"primaryImageOfPage":{"@id":"https:\/\/transamerica93.com.br\/home\/sam-smith-elogia-iza-apos-parceria-em-musica-inspirado-com-a-forca-e-a-paixao-dela\/#primaryimage"},"image":{"@id":"https:\/\/transamerica93.com.br\/home\/sam-smith-elogia-iza-apos-parceria-em-musica-inspirado-com-a-forca-e-a-paixao-dela\/#primaryimage"},"thumbnailUrl":"https:\/\/transamerica93.com.br\/home\/wp-content\/uploads\/2024\/08\/1-9.jpg","datePublished":"2024-08-19T18:00:47+00:00","breadcrumb":{"@id":"https:\/\/transamerica93.com.br\/home\/sam-smith-elogia-iza-apos-parceria-em-musica-inspirado-com-a-forca-e-a-paixao-dela\/#breadcrumb"},"inLanguage":"pt-BR","potentialAction":[{"@type":"ReadAction","target":["https:\/\/transamerica93.com.br\/home\/sam-smith-elogia-iza-apos-parceria-em-musica-inspirado-com-a-forca-e-a-paixao-dela\/"]}]},{"@type":"ImageObject","inLanguage":"pt-BR","@id":"https:\/\/transamerica93.com.br\/home\/sam-smith-elogia-iza-apos-parceria-em-musica-inspirado-com-a-forca-e-a-paixao-dela\/#primaryimage","url":"https:\/\/transamerica93.com.br\/home\/wp-content\/uploads\/2024\/08\/1-9.jpg","contentUrl":"https:\/\/transamerica93.com.br\/home\/wp-content\/uploads\/2024\/08\/1-9.jpg","width":1200,"height":630,"caption":"Foto: Twitter\/@Multishow"},{"@type":"BreadcrumbList","@id":"https:\/\/transamerica93.com.br\/home\/sam-smith-elogia-iza-apos-parceria-em-musica-inspirado-com-a-forca-e-a-paixao-dela\/#breadcrumb","itemListElement":[{"@type":"ListItem","position":1,"name":"In\u00edcio","item":"https:\/\/transamerica93.com.br\/home\/"},{"@type":"ListItem","position":2,"name":"Sam Smith elogia Iza ap\u00f3s parceria em m\u00fasica: &#8216;Inspirado com a for\u00e7a e a paix\u00e3o dela&#8217;"}]},{"@type":"WebSite","@id":"https:\/\/transamerica93.com.br\/home\/#website","url":"https:\/\/transamerica93.com.br\/home\/","name":"Transam\u00e9rica Mococa 93,3","description":"","publisher":{"@id":"https:\/\/transamerica93.com.br\/home\/#organization"},"potentialAction":[{"@type":"SearchAction","target":{"@type":"EntryPoint","urlTemplate":"https:\/\/transamerica93.com.br\/home\/?s={search_term_string}"},"query-input":{"@type":"PropertyValueSpecification","valueRequired":true,"valueName":"search_term_string"}}],"inLanguage":"pt-BR"},{"@type":"Organization","@id":"https:\/\/transamerica93.com.br\/home\/#organization","name":"Transam\u00e9rica Mococa 93,3","url":"https:\/\/transamerica93.com.br\/home\/","logo":{"@type":"ImageObject","inLanguage":"pt-BR","@id":"https:\/\/transamerica93.com.br\/home\/#\/schema\/logo\/image\/","url":"https:\/\/transamerica93.com.br\/home\/wp-content\/uploads\/2023\/10\/logo2.png","contentUrl":"https:\/\/transamerica93.com.br\/home\/wp-content\/uploads\/2023\/10\/logo2.png","width":800,"height":500,"caption":"Transam\u00e9rica Mococa 93,3"},"image":{"@id":"https:\/\/transamerica93.com.br\/home\/#\/schema\/logo\/image\/"},"sameAs":["https:\/\/www.facebook.com\/transamericamococa","https:\/\/x.com\/transamerica933","https:\/\/www.instagram.com\/transamericamococa"]},{"@type":"Person","@id":"https:\/\/transamerica93.com.br\/home\/#\/schema\/person\/7fed7c99c0d4562efa8561bc0f543172","name":"Reda\u00e7\u00e3o","image":{"@type":"ImageObject","inLanguage":"pt-BR","@id":"https:\/\/secure.gravatar.com\/avatar\/1072c6b775fb02ef8506ce967551d95926669a6b7d2c2147b42eea4d7c68395e?s=96&d=mm&r=g","url":"https:\/\/secure.gravatar.com\/avatar\/1072c6b775fb02ef8506ce967551d95926669a6b7d2c2147b42eea4d7c68395e?s=96&d=mm&r=g","contentUrl":"https:\/\/secure.gravatar.com\/avatar\/1072c6b775fb02ef8506ce967551d95926669a6b7d2c2147b42eea4d7c68395e?s=96&d=mm&r=g","caption":"Reda\u00e7\u00e3o"},"sameAs":["https:\/\/transamerica93.com.br\/home"],"url":"https:\/\/transamerica93.com.br\/home\/author\/william\/"}]}},"_links":{"self":[{"href":"https:\/\/transamerica93.com.br\/home\/wp-json\/wp\/v2\/posts\/3598","targetHints":{"allow":["GET"]}}],"collection":[{"href":"https:\/\/transamerica93.com.br\/home\/wp-json\/wp\/v2\/posts"}],"about":[{"href":"https:\/\/transamerica93.com.br\/home\/wp-json\/wp\/v2\/types\/post"}],"author":[{"embeddable":true,"href":"https:\/\/transamerica93.com.br\/home\/wp-json\/wp\/v2\/users\/1"}],"replies":[{"embeddable":true,"href":"https:\/\/transamerica93.com.br\/home\/wp-json\/wp\/v2\/comments?post=3598"}],"version-history":[{"count":1,"href":"https:\/\/transamerica93.com.br\/home\/wp-json\/wp\/v2\/posts\/3598\/revisions"}],"predecessor-version":[{"id":3600,"href":"https:\/\/transamerica93.com.br\/home\/wp-json\/wp\/v2\/posts\/3598\/revisions\/3600"}],"wp:featuredmedia":[{"embeddable":true,"href":"https:\/\/transamerica93.com.br\/home\/wp-json\/wp\/v2\/media\/3599"}],"wp:attachment":[{"href":"https:\/\/transamerica93.com.br\/home\/wp-json\/wp\/v2\/media?parent=3598"}],"wp:term":[{"taxonomy":"category","embeddable":true,"href":"https:\/\/transamerica93.com.br\/home\/wp-json\/wp\/v2\/categories?post=3598"},{"taxonomy":"post_tag","embeddable":true,"href":"https:\/\/transamerica93.com.br\/home\/wp-json\/wp\/v2\/tags?post=3598"}],"curies":[{"name":"wp","href":"https:\/\/api.w.org\/{rel}","templated":true}]}}