{"id":3607,"date":"2024-08-22T15:00:19","date_gmt":"2024-08-22T18:00:19","guid":{"rendered":"https:\/\/transamerica93.com.br\/home\/?p=3607"},"modified":"2024-08-16T21:10:46","modified_gmt":"2024-08-17T00:10:46","slug":"tv-globo-evita-tratar-especial-de-roberto-carlos-como-o-ultimo","status":"publish","type":"post","link":"https:\/\/transamerica93.com.br\/home\/tv-globo-evita-tratar-especial-de-roberto-carlos-como-o-ultimo\/","title":{"rendered":"TV Globo evita tratar especial de Roberto Carlos como &#8216;o \u00faltimo&#8217;"},"content":{"rendered":"<div id=\"Corpo\">\n<h6 class=\"Assina\">Por Danilo Casaletti<\/h6>\n<p>Faltam pouco mais de quatro meses para o Natal e o aquecimento para o especial de fim de ano de Roberto Carlos na TV Globo j\u00e1 come\u00e7ou. Neste ano, com pondera\u00e7\u00f5es importantes. A primeira delas \u00e9 a de que o programa ser\u00e1 gravado no Allianz Parque, em S\u00e3o Paulo, em novembro.<\/p>\n<p>Esse formato de apresenta\u00e7\u00e3o, em est\u00e1dio, h\u00e1 anos n\u00e3o ocorre no especial do rei. Essa op\u00e7\u00e3o ampliar\u00e1 o p\u00fablico na plateia &#8211; o Allianz pode receber at\u00e9 50 mil pessoas em apresenta\u00e7\u00f5es como essa.<\/p>\n<p>Outra quest\u00e3o &#8211; ainda mais importante &#8211; que vem sendo colocada na mesa \u00e9 o t\u00e9rmino do contrato de Roberto, de 83 anos, com a TV Globo. Com o fim do v\u00ednculo em mar\u00e7o de 2025, o especial, no ar h\u00e1 50 anos, poder\u00e1 ser o \u00faltimo do cantor na emissora.<\/p>\n<p>Questionada pela reportagem do\u00a0<b>Estad\u00e3o<\/b>, a emissora enviou a seguinte resposta, sem deixar claro se pensa ou n\u00e3o em renovar o contrato com Roberto: &#8220;A Globo n\u00e3o comenta detalhes de contrato, mas podemos adiantar que este ano o Especial de Roberto Carlos estar\u00e1 ainda mais emocionante e \u00fanico, coroando mais uma vez essa parceria que a Globo e o Brasil t\u00eam com o Rei&#8221;<\/p>\n<p>O\u00a0<b>Estad\u00e3o<\/b>\u00a0tamb\u00e9m procurou a assessoria de imprensa de Roberto Carlos que negou que o especial de 2024 ser\u00e1 o \u00faltimo do cantor na Globo.<\/div>\n","protected":false},"excerpt":{"rendered":"<p>Por Danilo Casaletti Faltam pouco mais de quatro meses para o Natal e o aquecimento para o especial de fim de ano de Roberto Carlos na TV Globo j\u00e1 come\u00e7ou. Neste ano, com pondera\u00e7\u00f5es importantes. A primeira delas \u00e9 a de que o programa ser\u00e1 gravado no Allianz Parque, em S\u00e3o Paulo, em novembro. Esse &hellip;<\/p>\n","protected":false},"author":1,"featured_media":3608,"comment_status":"closed","ping_status":"closed","sticky":false,"template":"","format":"standard","meta":{"footnotes":""},"categories":[25],"tags":[],"class_list":["post-3607","post","type-post","status-publish","format-standard","has-post-thumbnail","hentry","category-musica"],"yoast_head":"<!-- This site is optimized with the Yoast SEO plugin v27.4 - https:\/\/yoast.com\/product\/yoast-seo-wordpress\/ -->\n<title>TV Globo evita tratar especial de Roberto Carlos como &#039;o \u00faltimo&#039; - Transam\u00e9rica Mococa 93,3<\/title>\n<meta name=\"robots\" content=\"index, follow, max-snippet:-1, max-image-preview:large, max-video-preview:-1\" \/>\n<link rel=\"canonical\" href=\"https:\/\/transamerica93.com.br\/home\/tv-globo-evita-tratar-especial-de-roberto-carlos-como-o-ultimo\/\" \/>\n<meta property=\"og:locale\" content=\"pt_BR\" \/>\n<meta property=\"og:type\" content=\"article\" \/>\n<meta property=\"og:title\" content=\"TV Globo evita tratar especial de Roberto Carlos como &#039;o \u00faltimo&#039; - Transam\u00e9rica Mococa 93,3\" \/>\n<meta property=\"og:description\" content=\"Por Danilo Casaletti Faltam pouco mais de quatro meses para o Natal e o aquecimento para o especial de fim de ano de Roberto Carlos na TV Globo j\u00e1 come\u00e7ou. Neste ano, com pondera\u00e7\u00f5es importantes. A primeira delas \u00e9 a de que o programa ser\u00e1 gravado no Allianz Parque, em S\u00e3o Paulo, em novembro. Esse &hellip;\" \/>\n<meta property=\"og:url\" content=\"https:\/\/transamerica93.com.br\/home\/tv-globo-evita-tratar-especial-de-roberto-carlos-como-o-ultimo\/\" \/>\n<meta property=\"og:site_name\" content=\"Transam\u00e9rica Mococa 93,3\" \/>\n<meta property=\"article:publisher\" content=\"https:\/\/www.facebook.com\/transamericamococa\" \/>\n<meta property=\"article:published_time\" content=\"2024-08-22T18:00:19+00:00\" \/>\n<meta property=\"og:image\" content=\"https:\/\/transamerica93.com.br\/home\/wp-content\/uploads\/2024\/08\/4-9.jpg\" \/>\n\t<meta property=\"og:image:width\" content=\"1200\" \/>\n\t<meta property=\"og:image:height\" content=\"639\" \/>\n\t<meta property=\"og:image:type\" content=\"image\/jpeg\" \/>\n<meta name=\"author\" content=\"Reda\u00e7\u00e3o\" \/>\n<meta name=\"twitter:card\" content=\"summary_large_image\" \/>\n<meta name=\"twitter:creator\" content=\"@transamerica933\" \/>\n<meta name=\"twitter:site\" content=\"@transamerica933\" \/>\n<meta name=\"twitter:label1\" content=\"Escrito por\" \/>\n\t<meta name=\"twitter:data1\" content=\"Reda\u00e7\u00e3o\" \/>\n\t<meta name=\"twitter:label2\" content=\"Est. tempo de leitura\" \/>\n\t<meta name=\"twitter:data2\" content=\"2 minutos\" \/>\n<script type=\"application\/ld+json\" class=\"yoast-schema-graph\">{\"@context\":\"https:\\\/\\\/schema.org\",\"@graph\":[{\"@type\":\"Article\",\"@id\":\"https:\\\/\\\/transamerica93.com.br\\\/home\\\/tv-globo-evita-tratar-especial-de-roberto-carlos-como-o-ultimo\\\/#article\",\"isPartOf\":{\"@id\":\"https:\\\/\\\/transamerica93.com.br\\\/home\\\/tv-globo-evita-tratar-especial-de-roberto-carlos-como-o-ultimo\\\/\"},\"author\":{\"name\":\"Reda\u00e7\u00e3o\",\"@id\":\"https:\\\/\\\/transamerica93.com.br\\\/home\\\/#\\\/schema\\\/person\\\/7fed7c99c0d4562efa8561bc0f543172\"},\"headline\":\"TV Globo evita tratar especial de Roberto Carlos como &#8216;o \u00faltimo&#8217;\",\"datePublished\":\"2024-08-22T18:00:19+00:00\",\"mainEntityOfPage\":{\"@id\":\"https:\\\/\\\/transamerica93.com.br\\\/home\\\/tv-globo-evita-tratar-especial-de-roberto-carlos-como-o-ultimo\\\/\"},\"wordCount\":251,\"publisher\":{\"@id\":\"https:\\\/\\\/transamerica93.com.br\\\/home\\\/#organization\"},\"image\":{\"@id\":\"https:\\\/\\\/transamerica93.com.br\\\/home\\\/tv-globo-evita-tratar-especial-de-roberto-carlos-como-o-ultimo\\\/#primaryimage\"},\"thumbnailUrl\":\"https:\\\/\\\/transamerica93.com.br\\\/home\\\/wp-content\\\/uploads\\\/2024\\\/08\\\/4-9.jpg\",\"articleSection\":[\"M\u00fasica\"],\"inLanguage\":\"pt-BR\"},{\"@type\":\"WebPage\",\"@id\":\"https:\\\/\\\/transamerica93.com.br\\\/home\\\/tv-globo-evita-tratar-especial-de-roberto-carlos-como-o-ultimo\\\/\",\"url\":\"https:\\\/\\\/transamerica93.com.br\\\/home\\\/tv-globo-evita-tratar-especial-de-roberto-carlos-como-o-ultimo\\\/\",\"name\":\"TV Globo evita tratar especial de Roberto Carlos como 'o \u00faltimo' - Transam\u00e9rica Mococa 93,3\",\"isPartOf\":{\"@id\":\"https:\\\/\\\/transamerica93.com.br\\\/home\\\/#website\"},\"primaryImageOfPage\":{\"@id\":\"https:\\\/\\\/transamerica93.com.br\\\/home\\\/tv-globo-evita-tratar-especial-de-roberto-carlos-como-o-ultimo\\\/#primaryimage\"},\"image\":{\"@id\":\"https:\\\/\\\/transamerica93.com.br\\\/home\\\/tv-globo-evita-tratar-especial-de-roberto-carlos-como-o-ultimo\\\/#primaryimage\"},\"thumbnailUrl\":\"https:\\\/\\\/transamerica93.com.br\\\/home\\\/wp-content\\\/uploads\\\/2024\\\/08\\\/4-9.jpg\",\"datePublished\":\"2024-08-22T18:00:19+00:00\",\"breadcrumb\":{\"@id\":\"https:\\\/\\\/transamerica93.com.br\\\/home\\\/tv-globo-evita-tratar-especial-de-roberto-carlos-como-o-ultimo\\\/#breadcrumb\"},\"inLanguage\":\"pt-BR\",\"potentialAction\":[{\"@type\":\"ReadAction\",\"target\":[\"https:\\\/\\\/transamerica93.com.br\\\/home\\\/tv-globo-evita-tratar-especial-de-roberto-carlos-como-o-ultimo\\\/\"]}]},{\"@type\":\"ImageObject\",\"inLanguage\":\"pt-BR\",\"@id\":\"https:\\\/\\\/transamerica93.com.br\\\/home\\\/tv-globo-evita-tratar-especial-de-roberto-carlos-como-o-ultimo\\\/#primaryimage\",\"url\":\"https:\\\/\\\/transamerica93.com.br\\\/home\\\/wp-content\\\/uploads\\\/2024\\\/08\\\/4-9.jpg\",\"contentUrl\":\"https:\\\/\\\/transamerica93.com.br\\\/home\\\/wp-content\\\/uploads\\\/2024\\\/08\\\/4-9.jpg\",\"width\":1200,\"height\":639},{\"@type\":\"BreadcrumbList\",\"@id\":\"https:\\\/\\\/transamerica93.com.br\\\/home\\\/tv-globo-evita-tratar-especial-de-roberto-carlos-como-o-ultimo\\\/#breadcrumb\",\"itemListElement\":[{\"@type\":\"ListItem\",\"position\":1,\"name\":\"In\u00edcio\",\"item\":\"https:\\\/\\\/transamerica93.com.br\\\/home\\\/\"},{\"@type\":\"ListItem\",\"position\":2,\"name\":\"TV Globo evita tratar especial de Roberto Carlos como &#8216;o \u00faltimo&#8217;\"}]},{\"@type\":\"WebSite\",\"@id\":\"https:\\\/\\\/transamerica93.com.br\\\/home\\\/#website\",\"url\":\"https:\\\/\\\/transamerica93.com.br\\\/home\\\/\",\"name\":\"Transam\u00e9rica Mococa 93,3\",\"description\":\"\",\"publisher\":{\"@id\":\"https:\\\/\\\/transamerica93.com.br\\\/home\\\/#organization\"},\"potentialAction\":[{\"@type\":\"SearchAction\",\"target\":{\"@type\":\"EntryPoint\",\"urlTemplate\":\"https:\\\/\\\/transamerica93.com.br\\\/home\\\/?s={search_term_string}\"},\"query-input\":{\"@type\":\"PropertyValueSpecification\",\"valueRequired\":true,\"valueName\":\"search_term_string\"}}],\"inLanguage\":\"pt-BR\"},{\"@type\":\"Organization\",\"@id\":\"https:\\\/\\\/transamerica93.com.br\\\/home\\\/#organization\",\"name\":\"Transam\u00e9rica Mococa 93,3\",\"url\":\"https:\\\/\\\/transamerica93.com.br\\\/home\\\/\",\"logo\":{\"@type\":\"ImageObject\",\"inLanguage\":\"pt-BR\",\"@id\":\"https:\\\/\\\/transamerica93.com.br\\\/home\\\/#\\\/schema\\\/logo\\\/image\\\/\",\"url\":\"https:\\\/\\\/transamerica93.com.br\\\/home\\\/wp-content\\\/uploads\\\/2023\\\/10\\\/logo2.png\",\"contentUrl\":\"https:\\\/\\\/transamerica93.com.br\\\/home\\\/wp-content\\\/uploads\\\/2023\\\/10\\\/logo2.png\",\"width\":800,\"height\":500,\"caption\":\"Transam\u00e9rica Mococa 93,3\"},\"image\":{\"@id\":\"https:\\\/\\\/transamerica93.com.br\\\/home\\\/#\\\/schema\\\/logo\\\/image\\\/\"},\"sameAs\":[\"https:\\\/\\\/www.facebook.com\\\/transamericamococa\",\"https:\\\/\\\/x.com\\\/transamerica933\",\"https:\\\/\\\/www.instagram.com\\\/transamericamococa\"]},{\"@type\":\"Person\",\"@id\":\"https:\\\/\\\/transamerica93.com.br\\\/home\\\/#\\\/schema\\\/person\\\/7fed7c99c0d4562efa8561bc0f543172\",\"name\":\"Reda\u00e7\u00e3o\",\"image\":{\"@type\":\"ImageObject\",\"inLanguage\":\"pt-BR\",\"@id\":\"https:\\\/\\\/secure.gravatar.com\\\/avatar\\\/1072c6b775fb02ef8506ce967551d95926669a6b7d2c2147b42eea4d7c68395e?s=96&d=mm&r=g\",\"url\":\"https:\\\/\\\/secure.gravatar.com\\\/avatar\\\/1072c6b775fb02ef8506ce967551d95926669a6b7d2c2147b42eea4d7c68395e?s=96&d=mm&r=g\",\"contentUrl\":\"https:\\\/\\\/secure.gravatar.com\\\/avatar\\\/1072c6b775fb02ef8506ce967551d95926669a6b7d2c2147b42eea4d7c68395e?s=96&d=mm&r=g\",\"caption\":\"Reda\u00e7\u00e3o\"},\"sameAs\":[\"https:\\\/\\\/transamerica93.com.br\\\/home\"],\"url\":\"https:\\\/\\\/transamerica93.com.br\\\/home\\\/author\\\/william\\\/\"}]}<\/script>\n<!-- \/ Yoast SEO plugin. -->","yoast_head_json":{"title":"TV Globo evita tratar especial de Roberto Carlos como 'o \u00faltimo' - Transam\u00e9rica Mococa 93,3","robots":{"index":"index","follow":"follow","max-snippet":"max-snippet:-1","max-image-preview":"max-image-preview:large","max-video-preview":"max-video-preview:-1"},"canonical":"https:\/\/transamerica93.com.br\/home\/tv-globo-evita-tratar-especial-de-roberto-carlos-como-o-ultimo\/","og_locale":"pt_BR","og_type":"article","og_title":"TV Globo evita tratar especial de Roberto Carlos como 'o \u00faltimo' - Transam\u00e9rica Mococa 93,3","og_description":"Por Danilo Casaletti Faltam pouco mais de quatro meses para o Natal e o aquecimento para o especial de fim de ano de Roberto Carlos na TV Globo j\u00e1 come\u00e7ou. Neste ano, com pondera\u00e7\u00f5es importantes. A primeira delas \u00e9 a de que o programa ser\u00e1 gravado no Allianz Parque, em S\u00e3o Paulo, em novembro. Esse &hellip;","og_url":"https:\/\/transamerica93.com.br\/home\/tv-globo-evita-tratar-especial-de-roberto-carlos-como-o-ultimo\/","og_site_name":"Transam\u00e9rica Mococa 93,3","article_publisher":"https:\/\/www.facebook.com\/transamericamococa","article_published_time":"2024-08-22T18:00:19+00:00","og_image":[{"width":1200,"height":639,"url":"https:\/\/transamerica93.com.br\/home\/wp-content\/uploads\/2024\/08\/4-9.jpg","type":"image\/jpeg"}],"author":"Reda\u00e7\u00e3o","twitter_card":"summary_large_image","twitter_creator":"@transamerica933","twitter_site":"@transamerica933","twitter_misc":{"Escrito por":"Reda\u00e7\u00e3o","Est. tempo de leitura":"2 minutos"},"schema":{"@context":"https:\/\/schema.org","@graph":[{"@type":"Article","@id":"https:\/\/transamerica93.com.br\/home\/tv-globo-evita-tratar-especial-de-roberto-carlos-como-o-ultimo\/#article","isPartOf":{"@id":"https:\/\/transamerica93.com.br\/home\/tv-globo-evita-tratar-especial-de-roberto-carlos-como-o-ultimo\/"},"author":{"name":"Reda\u00e7\u00e3o","@id":"https:\/\/transamerica93.com.br\/home\/#\/schema\/person\/7fed7c99c0d4562efa8561bc0f543172"},"headline":"TV Globo evita tratar especial de Roberto Carlos como &#8216;o \u00faltimo&#8217;","datePublished":"2024-08-22T18:00:19+00:00","mainEntityOfPage":{"@id":"https:\/\/transamerica93.com.br\/home\/tv-globo-evita-tratar-especial-de-roberto-carlos-como-o-ultimo\/"},"wordCount":251,"publisher":{"@id":"https:\/\/transamerica93.com.br\/home\/#organization"},"image":{"@id":"https:\/\/transamerica93.com.br\/home\/tv-globo-evita-tratar-especial-de-roberto-carlos-como-o-ultimo\/#primaryimage"},"thumbnailUrl":"https:\/\/transamerica93.com.br\/home\/wp-content\/uploads\/2024\/08\/4-9.jpg","articleSection":["M\u00fasica"],"inLanguage":"pt-BR"},{"@type":"WebPage","@id":"https:\/\/transamerica93.com.br\/home\/tv-globo-evita-tratar-especial-de-roberto-carlos-como-o-ultimo\/","url":"https:\/\/transamerica93.com.br\/home\/tv-globo-evita-tratar-especial-de-roberto-carlos-como-o-ultimo\/","name":"TV Globo evita tratar especial de Roberto Carlos como 'o \u00faltimo' - Transam\u00e9rica Mococa 93,3","isPartOf":{"@id":"https:\/\/transamerica93.com.br\/home\/#website"},"primaryImageOfPage":{"@id":"https:\/\/transamerica93.com.br\/home\/tv-globo-evita-tratar-especial-de-roberto-carlos-como-o-ultimo\/#primaryimage"},"image":{"@id":"https:\/\/transamerica93.com.br\/home\/tv-globo-evita-tratar-especial-de-roberto-carlos-como-o-ultimo\/#primaryimage"},"thumbnailUrl":"https:\/\/transamerica93.com.br\/home\/wp-content\/uploads\/2024\/08\/4-9.jpg","datePublished":"2024-08-22T18:00:19+00:00","breadcrumb":{"@id":"https:\/\/transamerica93.com.br\/home\/tv-globo-evita-tratar-especial-de-roberto-carlos-como-o-ultimo\/#breadcrumb"},"inLanguage":"pt-BR","potentialAction":[{"@type":"ReadAction","target":["https:\/\/transamerica93.com.br\/home\/tv-globo-evita-tratar-especial-de-roberto-carlos-como-o-ultimo\/"]}]},{"@type":"ImageObject","inLanguage":"pt-BR","@id":"https:\/\/transamerica93.com.br\/home\/tv-globo-evita-tratar-especial-de-roberto-carlos-como-o-ultimo\/#primaryimage","url":"https:\/\/transamerica93.com.br\/home\/wp-content\/uploads\/2024\/08\/4-9.jpg","contentUrl":"https:\/\/transamerica93.com.br\/home\/wp-content\/uploads\/2024\/08\/4-9.jpg","width":1200,"height":639},{"@type":"BreadcrumbList","@id":"https:\/\/transamerica93.com.br\/home\/tv-globo-evita-tratar-especial-de-roberto-carlos-como-o-ultimo\/#breadcrumb","itemListElement":[{"@type":"ListItem","position":1,"name":"In\u00edcio","item":"https:\/\/transamerica93.com.br\/home\/"},{"@type":"ListItem","position":2,"name":"TV Globo evita tratar especial de Roberto Carlos como &#8216;o \u00faltimo&#8217;"}]},{"@type":"WebSite","@id":"https:\/\/transamerica93.com.br\/home\/#website","url":"https:\/\/transamerica93.com.br\/home\/","name":"Transam\u00e9rica Mococa 93,3","description":"","publisher":{"@id":"https:\/\/transamerica93.com.br\/home\/#organization"},"potentialAction":[{"@type":"SearchAction","target":{"@type":"EntryPoint","urlTemplate":"https:\/\/transamerica93.com.br\/home\/?s={search_term_string}"},"query-input":{"@type":"PropertyValueSpecification","valueRequired":true,"valueName":"search_term_string"}}],"inLanguage":"pt-BR"},{"@type":"Organization","@id":"https:\/\/transamerica93.com.br\/home\/#organization","name":"Transam\u00e9rica Mococa 93,3","url":"https:\/\/transamerica93.com.br\/home\/","logo":{"@type":"ImageObject","inLanguage":"pt-BR","@id":"https:\/\/transamerica93.com.br\/home\/#\/schema\/logo\/image\/","url":"https:\/\/transamerica93.com.br\/home\/wp-content\/uploads\/2023\/10\/logo2.png","contentUrl":"https:\/\/transamerica93.com.br\/home\/wp-content\/uploads\/2023\/10\/logo2.png","width":800,"height":500,"caption":"Transam\u00e9rica Mococa 93,3"},"image":{"@id":"https:\/\/transamerica93.com.br\/home\/#\/schema\/logo\/image\/"},"sameAs":["https:\/\/www.facebook.com\/transamericamococa","https:\/\/x.com\/transamerica933","https:\/\/www.instagram.com\/transamericamococa"]},{"@type":"Person","@id":"https:\/\/transamerica93.com.br\/home\/#\/schema\/person\/7fed7c99c0d4562efa8561bc0f543172","name":"Reda\u00e7\u00e3o","image":{"@type":"ImageObject","inLanguage":"pt-BR","@id":"https:\/\/secure.gravatar.com\/avatar\/1072c6b775fb02ef8506ce967551d95926669a6b7d2c2147b42eea4d7c68395e?s=96&d=mm&r=g","url":"https:\/\/secure.gravatar.com\/avatar\/1072c6b775fb02ef8506ce967551d95926669a6b7d2c2147b42eea4d7c68395e?s=96&d=mm&r=g","contentUrl":"https:\/\/secure.gravatar.com\/avatar\/1072c6b775fb02ef8506ce967551d95926669a6b7d2c2147b42eea4d7c68395e?s=96&d=mm&r=g","caption":"Reda\u00e7\u00e3o"},"sameAs":["https:\/\/transamerica93.com.br\/home"],"url":"https:\/\/transamerica93.com.br\/home\/author\/william\/"}]}},"_links":{"self":[{"href":"https:\/\/transamerica93.com.br\/home\/wp-json\/wp\/v2\/posts\/3607","targetHints":{"allow":["GET"]}}],"collection":[{"href":"https:\/\/transamerica93.com.br\/home\/wp-json\/wp\/v2\/posts"}],"about":[{"href":"https:\/\/transamerica93.com.br\/home\/wp-json\/wp\/v2\/types\/post"}],"author":[{"embeddable":true,"href":"https:\/\/transamerica93.com.br\/home\/wp-json\/wp\/v2\/users\/1"}],"replies":[{"embeddable":true,"href":"https:\/\/transamerica93.com.br\/home\/wp-json\/wp\/v2\/comments?post=3607"}],"version-history":[{"count":1,"href":"https:\/\/transamerica93.com.br\/home\/wp-json\/wp\/v2\/posts\/3607\/revisions"}],"predecessor-version":[{"id":3609,"href":"https:\/\/transamerica93.com.br\/home\/wp-json\/wp\/v2\/posts\/3607\/revisions\/3609"}],"wp:featuredmedia":[{"embeddable":true,"href":"https:\/\/transamerica93.com.br\/home\/wp-json\/wp\/v2\/media\/3608"}],"wp:attachment":[{"href":"https:\/\/transamerica93.com.br\/home\/wp-json\/wp\/v2\/media?parent=3607"}],"wp:term":[{"taxonomy":"category","embeddable":true,"href":"https:\/\/transamerica93.com.br\/home\/wp-json\/wp\/v2\/categories?post=3607"},{"taxonomy":"post_tag","embeddable":true,"href":"https:\/\/transamerica93.com.br\/home\/wp-json\/wp\/v2\/tags?post=3607"}],"curies":[{"name":"wp","href":"https:\/\/api.w.org\/{rel}","templated":true}]}}