{"id":3610,"date":"2024-08-23T15:00:25","date_gmt":"2024-08-23T18:00:25","guid":{"rendered":"https:\/\/transamerica93.com.br\/home\/?p=3610"},"modified":"2024-08-16T21:13:00","modified_gmt":"2024-08-17T00:13:00","slug":"solidao-e-ansiedade-shawn-mendes-retoma-shows-e-faz-desabafo-sobre-saude-mental","status":"publish","type":"post","link":"https:\/\/transamerica93.com.br\/home\/solidao-e-ansiedade-shawn-mendes-retoma-shows-e-faz-desabafo-sobre-saude-mental\/","title":{"rendered":"&#8216;Solid\u00e3o e ansiedade&#8217;: Shawn Mendes retoma shows e faz desabafo sobre sa\u00fade mental"},"content":{"rendered":"<div id=\"Corpo\">\n<h6 class=\"Assina\">Por Reda\u00e7\u00e3o C2<\/h6>\n<p>Shawn Mendes retomou sua agenda de shows e fez uma apresenta\u00e7\u00e3o, no Theatre Royal Drury Lane, em Londres, depois de soltar duas m\u00fasicas que far\u00e3o parte de seu novo \u00e1lbum, com previs\u00e3o de lan\u00e7amento para outubro.<\/p>\n<p>Durante a apresenta\u00e7\u00e3o, o cantor falou mais sobre seu estado de sa\u00fade, motivo pelo qual abandonou os palcos em 2022, e disse que quando voltou a Los Angeles, depois de apenas sete shows da turn\u00ea interrompida, n\u00e3o tinha ideia do que fazer com ele<\/p>\n<p>Ele comentou que, nos anos anteriores, n\u00e3o estava exatamente tocando ou cantando, e que tinha feito apenas uma m\u00fasica &#8211;\u00a0<i>Who I Am.<\/i>\u00a0Ele apresentou uma pr\u00e9via neste show de retomada, segundo a BBC.<\/p>\n<p>&#8220;A can\u00e7\u00e3o diz: &#8220;Eu me sinto pressionado pelas pessoas que amo\/Estou me perdendo tentando te fazer ter orgulho\/Desculpe, tenho que fazer isso, tenho que te decepcionar&#8221; (&#8220;I feel pressured by the people I love\/I\u2019m losing myself trying to make you proud\/Sorry, got to do it, got to let you down&#8221;, em ingl\u00eas)<\/p>\n<p>O cantor mencionou ainda &#8220;sentimentos intensos de solid\u00e3o e ansiedade&#8221; vividos ap\u00f3s sucessos como Stitches e Se\u00f1orita. &#8220;A coisa que foi t\u00e3o aterrorizante para mim foi essa sensa\u00e7\u00e3o de estar sozinho&#8230; em uma situa\u00e7\u00e3o onde tudo estava sobre os meus ombros&#8221;, ele disse. &#8220;\u00c9 pesado, mas nos \u00faltimos dias eu percebi que h\u00e1 muitas pessoas com quem posso contar&#8221;, completou.<\/p>\n<p>De acordo com a BBC, em outro momento do show, Shawn Mendes explicou tamb\u00e9m sobre o per\u00edodo em que foi fotografado por paparazzi, ap\u00f3s deixar a barba crescer: &#8220;Tinham todos esses artigos malucos sobre eu ter entrado em um culto&#8221;.<\/p>\n<p>Shawn tamb\u00e9m lan\u00e7ou, em suas redes sociais, no dia 8, duas m\u00fasicas que far\u00e3o parte do \u00e1lbum\u00a0<i>Who I Am<\/i>, previsto para chegar \u00e0s plataformas em 18 de outubro. A primeira, um single intitulado\u00a0<i>Why Why Why<\/i>, viralizou recentemente por conter, em uma das linhas, a confiss\u00e3o de que o cantor &#8220;quase foi pai&#8221;. Ele lan\u00e7ou tamb\u00e9m\u00a0<i>Isn\u2019t That Enough<\/i>.<\/div>\n","protected":false},"excerpt":{"rendered":"<p>Por Reda\u00e7\u00e3o C2 Shawn Mendes retomou sua agenda de shows e fez uma apresenta\u00e7\u00e3o, no Theatre Royal Drury Lane, em Londres, depois de soltar duas m\u00fasicas que far\u00e3o parte de seu novo \u00e1lbum, com previs\u00e3o de lan\u00e7amento para outubro. Durante a apresenta\u00e7\u00e3o, o cantor falou mais sobre seu estado de sa\u00fade, motivo pelo qual abandonou &hellip;<\/p>\n","protected":false},"author":1,"featured_media":3611,"comment_status":"closed","ping_status":"closed","sticky":false,"template":"","format":"standard","meta":{"footnotes":""},"categories":[25],"tags":[],"class_list":["post-3610","post","type-post","status-publish","format-standard","has-post-thumbnail","hentry","category-musica"],"yoast_head":"<!-- This site is optimized with the Yoast SEO plugin v27.4 - https:\/\/yoast.com\/product\/yoast-seo-wordpress\/ -->\n<title>&#039;Solid\u00e3o e ansiedade&#039;: Shawn Mendes retoma shows e faz desabafo sobre sa\u00fade mental - Transam\u00e9rica Mococa 93,3<\/title>\n<meta name=\"robots\" content=\"index, follow, max-snippet:-1, max-image-preview:large, max-video-preview:-1\" \/>\n<link rel=\"canonical\" href=\"https:\/\/transamerica93.com.br\/home\/solidao-e-ansiedade-shawn-mendes-retoma-shows-e-faz-desabafo-sobre-saude-mental\/\" \/>\n<meta property=\"og:locale\" content=\"pt_BR\" \/>\n<meta property=\"og:type\" content=\"article\" \/>\n<meta property=\"og:title\" content=\"&#039;Solid\u00e3o e ansiedade&#039;: Shawn Mendes retoma shows e faz desabafo sobre sa\u00fade mental - Transam\u00e9rica Mococa 93,3\" \/>\n<meta property=\"og:description\" content=\"Por Reda\u00e7\u00e3o C2 Shawn Mendes retomou sua agenda de shows e fez uma apresenta\u00e7\u00e3o, no Theatre Royal Drury Lane, em Londres, depois de soltar duas m\u00fasicas que far\u00e3o parte de seu novo \u00e1lbum, com previs\u00e3o de lan\u00e7amento para outubro. Durante a apresenta\u00e7\u00e3o, o cantor falou mais sobre seu estado de sa\u00fade, motivo pelo qual abandonou &hellip;\" \/>\n<meta property=\"og:url\" content=\"https:\/\/transamerica93.com.br\/home\/solidao-e-ansiedade-shawn-mendes-retoma-shows-e-faz-desabafo-sobre-saude-mental\/\" \/>\n<meta property=\"og:site_name\" content=\"Transam\u00e9rica Mococa 93,3\" \/>\n<meta property=\"article:publisher\" content=\"https:\/\/www.facebook.com\/transamericamococa\" \/>\n<meta property=\"article:published_time\" content=\"2024-08-23T18:00:25+00:00\" \/>\n<meta property=\"og:image\" content=\"https:\/\/transamerica93.com.br\/home\/wp-content\/uploads\/2024\/08\/5-9.jpg\" \/>\n\t<meta property=\"og:image:width\" content=\"818\" \/>\n\t<meta property=\"og:image:height\" content=\"537\" \/>\n\t<meta property=\"og:image:type\" content=\"image\/jpeg\" \/>\n<meta name=\"author\" content=\"Reda\u00e7\u00e3o\" \/>\n<meta name=\"twitter:card\" content=\"summary_large_image\" \/>\n<meta name=\"twitter:creator\" content=\"@transamerica933\" \/>\n<meta name=\"twitter:site\" content=\"@transamerica933\" \/>\n<meta name=\"twitter:label1\" content=\"Escrito por\" \/>\n\t<meta name=\"twitter:data1\" content=\"Reda\u00e7\u00e3o\" \/>\n\t<meta name=\"twitter:label2\" content=\"Est. tempo de leitura\" \/>\n\t<meta name=\"twitter:data2\" content=\"3 minutos\" \/>\n<script type=\"application\/ld+json\" class=\"yoast-schema-graph\">{\"@context\":\"https:\\\/\\\/schema.org\",\"@graph\":[{\"@type\":\"Article\",\"@id\":\"https:\\\/\\\/transamerica93.com.br\\\/home\\\/solidao-e-ansiedade-shawn-mendes-retoma-shows-e-faz-desabafo-sobre-saude-mental\\\/#article\",\"isPartOf\":{\"@id\":\"https:\\\/\\\/transamerica93.com.br\\\/home\\\/solidao-e-ansiedade-shawn-mendes-retoma-shows-e-faz-desabafo-sobre-saude-mental\\\/\"},\"author\":{\"name\":\"Reda\u00e7\u00e3o\",\"@id\":\"https:\\\/\\\/transamerica93.com.br\\\/home\\\/#\\\/schema\\\/person\\\/7fed7c99c0d4562efa8561bc0f543172\"},\"headline\":\"&#8216;Solid\u00e3o e ansiedade&#8217;: Shawn Mendes retoma shows e faz desabafo sobre sa\u00fade mental\",\"datePublished\":\"2024-08-23T18:00:25+00:00\",\"mainEntityOfPage\":{\"@id\":\"https:\\\/\\\/transamerica93.com.br\\\/home\\\/solidao-e-ansiedade-shawn-mendes-retoma-shows-e-faz-desabafo-sobre-saude-mental\\\/\"},\"wordCount\":376,\"publisher\":{\"@id\":\"https:\\\/\\\/transamerica93.com.br\\\/home\\\/#organization\"},\"image\":{\"@id\":\"https:\\\/\\\/transamerica93.com.br\\\/home\\\/solidao-e-ansiedade-shawn-mendes-retoma-shows-e-faz-desabafo-sobre-saude-mental\\\/#primaryimage\"},\"thumbnailUrl\":\"https:\\\/\\\/transamerica93.com.br\\\/home\\\/wp-content\\\/uploads\\\/2024\\\/08\\\/5-9.jpg\",\"articleSection\":[\"M\u00fasica\"],\"inLanguage\":\"pt-BR\"},{\"@type\":\"WebPage\",\"@id\":\"https:\\\/\\\/transamerica93.com.br\\\/home\\\/solidao-e-ansiedade-shawn-mendes-retoma-shows-e-faz-desabafo-sobre-saude-mental\\\/\",\"url\":\"https:\\\/\\\/transamerica93.com.br\\\/home\\\/solidao-e-ansiedade-shawn-mendes-retoma-shows-e-faz-desabafo-sobre-saude-mental\\\/\",\"name\":\"'Solid\u00e3o e ansiedade': Shawn Mendes retoma shows e faz desabafo sobre sa\u00fade mental - Transam\u00e9rica Mococa 93,3\",\"isPartOf\":{\"@id\":\"https:\\\/\\\/transamerica93.com.br\\\/home\\\/#website\"},\"primaryImageOfPage\":{\"@id\":\"https:\\\/\\\/transamerica93.com.br\\\/home\\\/solidao-e-ansiedade-shawn-mendes-retoma-shows-e-faz-desabafo-sobre-saude-mental\\\/#primaryimage\"},\"image\":{\"@id\":\"https:\\\/\\\/transamerica93.com.br\\\/home\\\/solidao-e-ansiedade-shawn-mendes-retoma-shows-e-faz-desabafo-sobre-saude-mental\\\/#primaryimage\"},\"thumbnailUrl\":\"https:\\\/\\\/transamerica93.com.br\\\/home\\\/wp-content\\\/uploads\\\/2024\\\/08\\\/5-9.jpg\",\"datePublished\":\"2024-08-23T18:00:25+00:00\",\"breadcrumb\":{\"@id\":\"https:\\\/\\\/transamerica93.com.br\\\/home\\\/solidao-e-ansiedade-shawn-mendes-retoma-shows-e-faz-desabafo-sobre-saude-mental\\\/#breadcrumb\"},\"inLanguage\":\"pt-BR\",\"potentialAction\":[{\"@type\":\"ReadAction\",\"target\":[\"https:\\\/\\\/transamerica93.com.br\\\/home\\\/solidao-e-ansiedade-shawn-mendes-retoma-shows-e-faz-desabafo-sobre-saude-mental\\\/\"]}]},{\"@type\":\"ImageObject\",\"inLanguage\":\"pt-BR\",\"@id\":\"https:\\\/\\\/transamerica93.com.br\\\/home\\\/solidao-e-ansiedade-shawn-mendes-retoma-shows-e-faz-desabafo-sobre-saude-mental\\\/#primaryimage\",\"url\":\"https:\\\/\\\/transamerica93.com.br\\\/home\\\/wp-content\\\/uploads\\\/2024\\\/08\\\/5-9.jpg\",\"contentUrl\":\"https:\\\/\\\/transamerica93.com.br\\\/home\\\/wp-content\\\/uploads\\\/2024\\\/08\\\/5-9.jpg\",\"width\":818,\"height\":537,\"caption\":\"Foto: Fabio Motta\\\/Estad\u00e3o \\\/ Estad\u00e3o\"},{\"@type\":\"BreadcrumbList\",\"@id\":\"https:\\\/\\\/transamerica93.com.br\\\/home\\\/solidao-e-ansiedade-shawn-mendes-retoma-shows-e-faz-desabafo-sobre-saude-mental\\\/#breadcrumb\",\"itemListElement\":[{\"@type\":\"ListItem\",\"position\":1,\"name\":\"In\u00edcio\",\"item\":\"https:\\\/\\\/transamerica93.com.br\\\/home\\\/\"},{\"@type\":\"ListItem\",\"position\":2,\"name\":\"&#8216;Solid\u00e3o e ansiedade&#8217;: Shawn Mendes retoma shows e faz desabafo sobre sa\u00fade mental\"}]},{\"@type\":\"WebSite\",\"@id\":\"https:\\\/\\\/transamerica93.com.br\\\/home\\\/#website\",\"url\":\"https:\\\/\\\/transamerica93.com.br\\\/home\\\/\",\"name\":\"Transam\u00e9rica Mococa 93,3\",\"description\":\"\",\"publisher\":{\"@id\":\"https:\\\/\\\/transamerica93.com.br\\\/home\\\/#organization\"},\"potentialAction\":[{\"@type\":\"SearchAction\",\"target\":{\"@type\":\"EntryPoint\",\"urlTemplate\":\"https:\\\/\\\/transamerica93.com.br\\\/home\\\/?s={search_term_string}\"},\"query-input\":{\"@type\":\"PropertyValueSpecification\",\"valueRequired\":true,\"valueName\":\"search_term_string\"}}],\"inLanguage\":\"pt-BR\"},{\"@type\":\"Organization\",\"@id\":\"https:\\\/\\\/transamerica93.com.br\\\/home\\\/#organization\",\"name\":\"Transam\u00e9rica Mococa 93,3\",\"url\":\"https:\\\/\\\/transamerica93.com.br\\\/home\\\/\",\"logo\":{\"@type\":\"ImageObject\",\"inLanguage\":\"pt-BR\",\"@id\":\"https:\\\/\\\/transamerica93.com.br\\\/home\\\/#\\\/schema\\\/logo\\\/image\\\/\",\"url\":\"https:\\\/\\\/transamerica93.com.br\\\/home\\\/wp-content\\\/uploads\\\/2023\\\/10\\\/logo2.png\",\"contentUrl\":\"https:\\\/\\\/transamerica93.com.br\\\/home\\\/wp-content\\\/uploads\\\/2023\\\/10\\\/logo2.png\",\"width\":800,\"height\":500,\"caption\":\"Transam\u00e9rica Mococa 93,3\"},\"image\":{\"@id\":\"https:\\\/\\\/transamerica93.com.br\\\/home\\\/#\\\/schema\\\/logo\\\/image\\\/\"},\"sameAs\":[\"https:\\\/\\\/www.facebook.com\\\/transamericamococa\",\"https:\\\/\\\/x.com\\\/transamerica933\",\"https:\\\/\\\/www.instagram.com\\\/transamericamococa\"]},{\"@type\":\"Person\",\"@id\":\"https:\\\/\\\/transamerica93.com.br\\\/home\\\/#\\\/schema\\\/person\\\/7fed7c99c0d4562efa8561bc0f543172\",\"name\":\"Reda\u00e7\u00e3o\",\"image\":{\"@type\":\"ImageObject\",\"inLanguage\":\"pt-BR\",\"@id\":\"https:\\\/\\\/secure.gravatar.com\\\/avatar\\\/1072c6b775fb02ef8506ce967551d95926669a6b7d2c2147b42eea4d7c68395e?s=96&d=mm&r=g\",\"url\":\"https:\\\/\\\/secure.gravatar.com\\\/avatar\\\/1072c6b775fb02ef8506ce967551d95926669a6b7d2c2147b42eea4d7c68395e?s=96&d=mm&r=g\",\"contentUrl\":\"https:\\\/\\\/secure.gravatar.com\\\/avatar\\\/1072c6b775fb02ef8506ce967551d95926669a6b7d2c2147b42eea4d7c68395e?s=96&d=mm&r=g\",\"caption\":\"Reda\u00e7\u00e3o\"},\"sameAs\":[\"https:\\\/\\\/transamerica93.com.br\\\/home\"],\"url\":\"https:\\\/\\\/transamerica93.com.br\\\/home\\\/author\\\/william\\\/\"}]}<\/script>\n<!-- \/ Yoast SEO plugin. -->","yoast_head_json":{"title":"'Solid\u00e3o e ansiedade': Shawn Mendes retoma shows e faz desabafo sobre sa\u00fade mental - Transam\u00e9rica Mococa 93,3","robots":{"index":"index","follow":"follow","max-snippet":"max-snippet:-1","max-image-preview":"max-image-preview:large","max-video-preview":"max-video-preview:-1"},"canonical":"https:\/\/transamerica93.com.br\/home\/solidao-e-ansiedade-shawn-mendes-retoma-shows-e-faz-desabafo-sobre-saude-mental\/","og_locale":"pt_BR","og_type":"article","og_title":"'Solid\u00e3o e ansiedade': Shawn Mendes retoma shows e faz desabafo sobre sa\u00fade mental - Transam\u00e9rica Mococa 93,3","og_description":"Por Reda\u00e7\u00e3o C2 Shawn Mendes retomou sua agenda de shows e fez uma apresenta\u00e7\u00e3o, no Theatre Royal Drury Lane, em Londres, depois de soltar duas m\u00fasicas que far\u00e3o parte de seu novo \u00e1lbum, com previs\u00e3o de lan\u00e7amento para outubro. Durante a apresenta\u00e7\u00e3o, o cantor falou mais sobre seu estado de sa\u00fade, motivo pelo qual abandonou &hellip;","og_url":"https:\/\/transamerica93.com.br\/home\/solidao-e-ansiedade-shawn-mendes-retoma-shows-e-faz-desabafo-sobre-saude-mental\/","og_site_name":"Transam\u00e9rica Mococa 93,3","article_publisher":"https:\/\/www.facebook.com\/transamericamococa","article_published_time":"2024-08-23T18:00:25+00:00","og_image":[{"width":818,"height":537,"url":"https:\/\/transamerica93.com.br\/home\/wp-content\/uploads\/2024\/08\/5-9.jpg","type":"image\/jpeg"}],"author":"Reda\u00e7\u00e3o","twitter_card":"summary_large_image","twitter_creator":"@transamerica933","twitter_site":"@transamerica933","twitter_misc":{"Escrito por":"Reda\u00e7\u00e3o","Est. tempo de leitura":"3 minutos"},"schema":{"@context":"https:\/\/schema.org","@graph":[{"@type":"Article","@id":"https:\/\/transamerica93.com.br\/home\/solidao-e-ansiedade-shawn-mendes-retoma-shows-e-faz-desabafo-sobre-saude-mental\/#article","isPartOf":{"@id":"https:\/\/transamerica93.com.br\/home\/solidao-e-ansiedade-shawn-mendes-retoma-shows-e-faz-desabafo-sobre-saude-mental\/"},"author":{"name":"Reda\u00e7\u00e3o","@id":"https:\/\/transamerica93.com.br\/home\/#\/schema\/person\/7fed7c99c0d4562efa8561bc0f543172"},"headline":"&#8216;Solid\u00e3o e ansiedade&#8217;: Shawn Mendes retoma shows e faz desabafo sobre sa\u00fade mental","datePublished":"2024-08-23T18:00:25+00:00","mainEntityOfPage":{"@id":"https:\/\/transamerica93.com.br\/home\/solidao-e-ansiedade-shawn-mendes-retoma-shows-e-faz-desabafo-sobre-saude-mental\/"},"wordCount":376,"publisher":{"@id":"https:\/\/transamerica93.com.br\/home\/#organization"},"image":{"@id":"https:\/\/transamerica93.com.br\/home\/solidao-e-ansiedade-shawn-mendes-retoma-shows-e-faz-desabafo-sobre-saude-mental\/#primaryimage"},"thumbnailUrl":"https:\/\/transamerica93.com.br\/home\/wp-content\/uploads\/2024\/08\/5-9.jpg","articleSection":["M\u00fasica"],"inLanguage":"pt-BR"},{"@type":"WebPage","@id":"https:\/\/transamerica93.com.br\/home\/solidao-e-ansiedade-shawn-mendes-retoma-shows-e-faz-desabafo-sobre-saude-mental\/","url":"https:\/\/transamerica93.com.br\/home\/solidao-e-ansiedade-shawn-mendes-retoma-shows-e-faz-desabafo-sobre-saude-mental\/","name":"'Solid\u00e3o e ansiedade': Shawn Mendes retoma shows e faz desabafo sobre sa\u00fade mental - Transam\u00e9rica Mococa 93,3","isPartOf":{"@id":"https:\/\/transamerica93.com.br\/home\/#website"},"primaryImageOfPage":{"@id":"https:\/\/transamerica93.com.br\/home\/solidao-e-ansiedade-shawn-mendes-retoma-shows-e-faz-desabafo-sobre-saude-mental\/#primaryimage"},"image":{"@id":"https:\/\/transamerica93.com.br\/home\/solidao-e-ansiedade-shawn-mendes-retoma-shows-e-faz-desabafo-sobre-saude-mental\/#primaryimage"},"thumbnailUrl":"https:\/\/transamerica93.com.br\/home\/wp-content\/uploads\/2024\/08\/5-9.jpg","datePublished":"2024-08-23T18:00:25+00:00","breadcrumb":{"@id":"https:\/\/transamerica93.com.br\/home\/solidao-e-ansiedade-shawn-mendes-retoma-shows-e-faz-desabafo-sobre-saude-mental\/#breadcrumb"},"inLanguage":"pt-BR","potentialAction":[{"@type":"ReadAction","target":["https:\/\/transamerica93.com.br\/home\/solidao-e-ansiedade-shawn-mendes-retoma-shows-e-faz-desabafo-sobre-saude-mental\/"]}]},{"@type":"ImageObject","inLanguage":"pt-BR","@id":"https:\/\/transamerica93.com.br\/home\/solidao-e-ansiedade-shawn-mendes-retoma-shows-e-faz-desabafo-sobre-saude-mental\/#primaryimage","url":"https:\/\/transamerica93.com.br\/home\/wp-content\/uploads\/2024\/08\/5-9.jpg","contentUrl":"https:\/\/transamerica93.com.br\/home\/wp-content\/uploads\/2024\/08\/5-9.jpg","width":818,"height":537,"caption":"Foto: Fabio Motta\/Estad\u00e3o \/ Estad\u00e3o"},{"@type":"BreadcrumbList","@id":"https:\/\/transamerica93.com.br\/home\/solidao-e-ansiedade-shawn-mendes-retoma-shows-e-faz-desabafo-sobre-saude-mental\/#breadcrumb","itemListElement":[{"@type":"ListItem","position":1,"name":"In\u00edcio","item":"https:\/\/transamerica93.com.br\/home\/"},{"@type":"ListItem","position":2,"name":"&#8216;Solid\u00e3o e ansiedade&#8217;: Shawn Mendes retoma shows e faz desabafo sobre sa\u00fade mental"}]},{"@type":"WebSite","@id":"https:\/\/transamerica93.com.br\/home\/#website","url":"https:\/\/transamerica93.com.br\/home\/","name":"Transam\u00e9rica Mococa 93,3","description":"","publisher":{"@id":"https:\/\/transamerica93.com.br\/home\/#organization"},"potentialAction":[{"@type":"SearchAction","target":{"@type":"EntryPoint","urlTemplate":"https:\/\/transamerica93.com.br\/home\/?s={search_term_string}"},"query-input":{"@type":"PropertyValueSpecification","valueRequired":true,"valueName":"search_term_string"}}],"inLanguage":"pt-BR"},{"@type":"Organization","@id":"https:\/\/transamerica93.com.br\/home\/#organization","name":"Transam\u00e9rica Mococa 93,3","url":"https:\/\/transamerica93.com.br\/home\/","logo":{"@type":"ImageObject","inLanguage":"pt-BR","@id":"https:\/\/transamerica93.com.br\/home\/#\/schema\/logo\/image\/","url":"https:\/\/transamerica93.com.br\/home\/wp-content\/uploads\/2023\/10\/logo2.png","contentUrl":"https:\/\/transamerica93.com.br\/home\/wp-content\/uploads\/2023\/10\/logo2.png","width":800,"height":500,"caption":"Transam\u00e9rica Mococa 93,3"},"image":{"@id":"https:\/\/transamerica93.com.br\/home\/#\/schema\/logo\/image\/"},"sameAs":["https:\/\/www.facebook.com\/transamericamococa","https:\/\/x.com\/transamerica933","https:\/\/www.instagram.com\/transamericamococa"]},{"@type":"Person","@id":"https:\/\/transamerica93.com.br\/home\/#\/schema\/person\/7fed7c99c0d4562efa8561bc0f543172","name":"Reda\u00e7\u00e3o","image":{"@type":"ImageObject","inLanguage":"pt-BR","@id":"https:\/\/secure.gravatar.com\/avatar\/1072c6b775fb02ef8506ce967551d95926669a6b7d2c2147b42eea4d7c68395e?s=96&d=mm&r=g","url":"https:\/\/secure.gravatar.com\/avatar\/1072c6b775fb02ef8506ce967551d95926669a6b7d2c2147b42eea4d7c68395e?s=96&d=mm&r=g","contentUrl":"https:\/\/secure.gravatar.com\/avatar\/1072c6b775fb02ef8506ce967551d95926669a6b7d2c2147b42eea4d7c68395e?s=96&d=mm&r=g","caption":"Reda\u00e7\u00e3o"},"sameAs":["https:\/\/transamerica93.com.br\/home"],"url":"https:\/\/transamerica93.com.br\/home\/author\/william\/"}]}},"_links":{"self":[{"href":"https:\/\/transamerica93.com.br\/home\/wp-json\/wp\/v2\/posts\/3610","targetHints":{"allow":["GET"]}}],"collection":[{"href":"https:\/\/transamerica93.com.br\/home\/wp-json\/wp\/v2\/posts"}],"about":[{"href":"https:\/\/transamerica93.com.br\/home\/wp-json\/wp\/v2\/types\/post"}],"author":[{"embeddable":true,"href":"https:\/\/transamerica93.com.br\/home\/wp-json\/wp\/v2\/users\/1"}],"replies":[{"embeddable":true,"href":"https:\/\/transamerica93.com.br\/home\/wp-json\/wp\/v2\/comments?post=3610"}],"version-history":[{"count":1,"href":"https:\/\/transamerica93.com.br\/home\/wp-json\/wp\/v2\/posts\/3610\/revisions"}],"predecessor-version":[{"id":3612,"href":"https:\/\/transamerica93.com.br\/home\/wp-json\/wp\/v2\/posts\/3610\/revisions\/3612"}],"wp:featuredmedia":[{"embeddable":true,"href":"https:\/\/transamerica93.com.br\/home\/wp-json\/wp\/v2\/media\/3611"}],"wp:attachment":[{"href":"https:\/\/transamerica93.com.br\/home\/wp-json\/wp\/v2\/media?parent=3610"}],"wp:term":[{"taxonomy":"category","embeddable":true,"href":"https:\/\/transamerica93.com.br\/home\/wp-json\/wp\/v2\/categories?post=3610"},{"taxonomy":"post_tag","embeddable":true,"href":"https:\/\/transamerica93.com.br\/home\/wp-json\/wp\/v2\/tags?post=3610"}],"curies":[{"name":"wp","href":"https:\/\/api.w.org\/{rel}","templated":true}]}}