{"id":3622,"date":"2024-08-22T18:00:44","date_gmt":"2024-08-22T21:00:44","guid":{"rendered":"https:\/\/transamerica93.com.br\/home\/?p=3622"},"modified":"2024-08-16T21:19:27","modified_gmt":"2024-08-17T00:19:27","slug":"pedro-bial-na-bancada-do-jornal-nacional-isso-quase-ocorreu","status":"publish","type":"post","link":"https:\/\/transamerica93.com.br\/home\/pedro-bial-na-bancada-do-jornal-nacional-isso-quase-ocorreu\/","title":{"rendered":"Pedro Bial na bancada do &#8216;Jornal Nacional&#8217;? Isso quase ocorreu"},"content":{"rendered":"<div id=\"Corpo\">\n<h6 class=\"Assina\">Por Gabriel Zorzetto<\/h6>\n<p>Pedro Bial poderia ter se tornado apresentador do\u00a0<i>Jornal Nacional<\/i>, segundo revelou Boni, ex-diretor da Globo, no novo livro\u00a0<i>O Lado B de Boni<\/i>.<\/p>\n<p>O nome do atual anfitri\u00e3o do\u00a0<i>Conversa com Bial<\/i>\u00a0foi sugerido pelo ent\u00e3o executivo da emissora carioca ap\u00f3s uma reformula\u00e7\u00e3o no departamento de Jornalismo que acarretou na sa\u00edda de S\u00e9rgio Chapelin e Cid Moreira da famosa bancada em 1996<\/p>\n<p>Em entrevista exclusiva ao\u00a0<b>Estad\u00e3o<\/b>, Boni conta que, apesar de ter aprovado a reestrutura\u00e7\u00e3o do telejornal, acreditava que a dupla de apresentadores deveria ter sido substitu\u00edda de maneira mais suave.<\/p>\n<p>&#8220;Na televis\u00e3o, aprendi desde cedo que n\u00e3o se quebra um h\u00e1bito. N\u00e3o se muda de repente. [Na \u00e9poca] A minha op\u00e7\u00e3o era continuar com uma dupla masculina. Minha dupla era Bial e Bonner. Mas o departamento de Jornalismo optou por Bonner e Lilian Witte Fibe. Foi uma decis\u00e3o do Evandro Carlos de Andrade [ex-diretor do canal, falecido em 2001]. Eu queria discutir essa escolha, mas foi uma decis\u00e3o da empresa e nem sequer discutimos as outras op\u00e7\u00f5es. Mais tarde tiveram que fazer substitui\u00e7\u00f5es. Com a mudan\u00e7a, independente da qualidade da dupla nova, o jornal perdeu 20 pontos de audi\u00eancia e nunca mais recuperou. N\u00e3o se brinca com h\u00e1bito na televis\u00e3o&#8221;, diz.<\/p>\n<p>Desde ent\u00e3o, passaram pela bancada do\u00a0<i>JN<\/i>\u00a0as jornalistas Sandra Annenberg, F\u00e1tima Bernardes, Patr\u00edcia Poeta e Renata Vasconcellos, atual apresentadora ao lado de William Bonner.<\/p>\n<p>No livro, o publicit\u00e1rio de 88 anos, famoso por ter implementado o &#8220;padr\u00e3o Globo de qualidade&#8221;, ainda afirma que Bial \u00e9 &#8220;um dos maiores comunicadores da hist\u00f3ria da nossa televis\u00e3o&#8221; e tamb\u00e9m relembra quando contratou Bonner por indica\u00e7\u00e3o da esposa.<\/p>\n<p>&#8220;O Bonner havia sido descoberto na TV Bandeirantes pela minha mulher, Lou, que estava assistindo \u00e0 emissora e me recomendou que eu desse uma olhada nele. Vi e mandei contratar o Bonner para a Globo de S\u00e3o Paulo, e ele rapidamente fez uma bela carreira em nossos telejornais&#8221;, relembra Boni.<\/p><\/div>\n","protected":false},"excerpt":{"rendered":"<p>Por Gabriel Zorzetto Pedro Bial poderia ter se tornado apresentador do\u00a0Jornal Nacional, segundo revelou Boni, ex-diretor da Globo, no novo livro\u00a0O Lado B de Boni. O nome do atual anfitri\u00e3o do\u00a0Conversa com Bial\u00a0foi sugerido pelo ent\u00e3o executivo da emissora carioca ap\u00f3s uma reformula\u00e7\u00e3o no departamento de Jornalismo que acarretou na sa\u00edda de S\u00e9rgio Chapelin e &hellip;<\/p>\n","protected":false},"author":1,"featured_media":3623,"comment_status":"closed","ping_status":"closed","sticky":false,"template":"","format":"standard","meta":{"footnotes":""},"categories":[24],"tags":[],"class_list":["post-3622","post","type-post","status-publish","format-standard","has-post-thumbnail","hentry","category-entretenimento"],"yoast_head":"<!-- This site is optimized with the Yoast SEO plugin v27.4 - https:\/\/yoast.com\/product\/yoast-seo-wordpress\/ -->\n<title>Pedro Bial na bancada do &#039;Jornal Nacional&#039;? Isso quase ocorreu - Transam\u00e9rica Mococa 93,3<\/title>\n<meta name=\"robots\" content=\"index, follow, max-snippet:-1, max-image-preview:large, max-video-preview:-1\" \/>\n<link rel=\"canonical\" href=\"https:\/\/transamerica93.com.br\/home\/pedro-bial-na-bancada-do-jornal-nacional-isso-quase-ocorreu\/\" \/>\n<meta property=\"og:locale\" content=\"pt_BR\" \/>\n<meta property=\"og:type\" content=\"article\" \/>\n<meta property=\"og:title\" content=\"Pedro Bial na bancada do &#039;Jornal Nacional&#039;? Isso quase ocorreu - Transam\u00e9rica Mococa 93,3\" \/>\n<meta property=\"og:description\" content=\"Por Gabriel Zorzetto Pedro Bial poderia ter se tornado apresentador do\u00a0Jornal Nacional, segundo revelou Boni, ex-diretor da Globo, no novo livro\u00a0O Lado B de Boni. O nome do atual anfitri\u00e3o do\u00a0Conversa com Bial\u00a0foi sugerido pelo ent\u00e3o executivo da emissora carioca ap\u00f3s uma reformula\u00e7\u00e3o no departamento de Jornalismo que acarretou na sa\u00edda de S\u00e9rgio Chapelin e &hellip;\" \/>\n<meta property=\"og:url\" content=\"https:\/\/transamerica93.com.br\/home\/pedro-bial-na-bancada-do-jornal-nacional-isso-quase-ocorreu\/\" \/>\n<meta property=\"og:site_name\" content=\"Transam\u00e9rica Mococa 93,3\" \/>\n<meta property=\"article:publisher\" content=\"https:\/\/www.facebook.com\/transamericamococa\" \/>\n<meta property=\"article:published_time\" content=\"2024-08-22T21:00:44+00:00\" \/>\n<meta property=\"og:image\" content=\"https:\/\/transamerica93.com.br\/home\/wp-content\/uploads\/2024\/08\/4-10.jpg\" \/>\n\t<meta property=\"og:image:width\" content=\"1063\" \/>\n\t<meta property=\"og:image:height\" content=\"703\" \/>\n\t<meta property=\"og:image:type\" content=\"image\/jpeg\" \/>\n<meta name=\"author\" content=\"Reda\u00e7\u00e3o\" \/>\n<meta name=\"twitter:card\" content=\"summary_large_image\" \/>\n<meta name=\"twitter:creator\" content=\"@transamerica933\" \/>\n<meta name=\"twitter:site\" content=\"@transamerica933\" \/>\n<meta name=\"twitter:label1\" content=\"Escrito por\" \/>\n\t<meta name=\"twitter:data1\" content=\"Reda\u00e7\u00e3o\" \/>\n\t<meta name=\"twitter:label2\" content=\"Est. tempo de leitura\" \/>\n\t<meta name=\"twitter:data2\" content=\"2 minutos\" \/>\n<script type=\"application\/ld+json\" class=\"yoast-schema-graph\">{\"@context\":\"https:\\\/\\\/schema.org\",\"@graph\":[{\"@type\":\"Article\",\"@id\":\"https:\\\/\\\/transamerica93.com.br\\\/home\\\/pedro-bial-na-bancada-do-jornal-nacional-isso-quase-ocorreu\\\/#article\",\"isPartOf\":{\"@id\":\"https:\\\/\\\/transamerica93.com.br\\\/home\\\/pedro-bial-na-bancada-do-jornal-nacional-isso-quase-ocorreu\\\/\"},\"author\":{\"name\":\"Reda\u00e7\u00e3o\",\"@id\":\"https:\\\/\\\/transamerica93.com.br\\\/home\\\/#\\\/schema\\\/person\\\/7fed7c99c0d4562efa8561bc0f543172\"},\"headline\":\"Pedro Bial na bancada do &#8216;Jornal Nacional&#8217;? Isso quase ocorreu\",\"datePublished\":\"2024-08-22T21:00:44+00:00\",\"mainEntityOfPage\":{\"@id\":\"https:\\\/\\\/transamerica93.com.br\\\/home\\\/pedro-bial-na-bancada-do-jornal-nacional-isso-quase-ocorreu\\\/\"},\"wordCount\":359,\"publisher\":{\"@id\":\"https:\\\/\\\/transamerica93.com.br\\\/home\\\/#organization\"},\"image\":{\"@id\":\"https:\\\/\\\/transamerica93.com.br\\\/home\\\/pedro-bial-na-bancada-do-jornal-nacional-isso-quase-ocorreu\\\/#primaryimage\"},\"thumbnailUrl\":\"https:\\\/\\\/transamerica93.com.br\\\/home\\\/wp-content\\\/uploads\\\/2024\\\/08\\\/4-10.jpg\",\"articleSection\":[\"Entretenimento\"],\"inLanguage\":\"pt-BR\"},{\"@type\":\"WebPage\",\"@id\":\"https:\\\/\\\/transamerica93.com.br\\\/home\\\/pedro-bial-na-bancada-do-jornal-nacional-isso-quase-ocorreu\\\/\",\"url\":\"https:\\\/\\\/transamerica93.com.br\\\/home\\\/pedro-bial-na-bancada-do-jornal-nacional-isso-quase-ocorreu\\\/\",\"name\":\"Pedro Bial na bancada do 'Jornal Nacional'? Isso quase ocorreu - Transam\u00e9rica Mococa 93,3\",\"isPartOf\":{\"@id\":\"https:\\\/\\\/transamerica93.com.br\\\/home\\\/#website\"},\"primaryImageOfPage\":{\"@id\":\"https:\\\/\\\/transamerica93.com.br\\\/home\\\/pedro-bial-na-bancada-do-jornal-nacional-isso-quase-ocorreu\\\/#primaryimage\"},\"image\":{\"@id\":\"https:\\\/\\\/transamerica93.com.br\\\/home\\\/pedro-bial-na-bancada-do-jornal-nacional-isso-quase-ocorreu\\\/#primaryimage\"},\"thumbnailUrl\":\"https:\\\/\\\/transamerica93.com.br\\\/home\\\/wp-content\\\/uploads\\\/2024\\\/08\\\/4-10.jpg\",\"datePublished\":\"2024-08-22T21:00:44+00:00\",\"breadcrumb\":{\"@id\":\"https:\\\/\\\/transamerica93.com.br\\\/home\\\/pedro-bial-na-bancada-do-jornal-nacional-isso-quase-ocorreu\\\/#breadcrumb\"},\"inLanguage\":\"pt-BR\",\"potentialAction\":[{\"@type\":\"ReadAction\",\"target\":[\"https:\\\/\\\/transamerica93.com.br\\\/home\\\/pedro-bial-na-bancada-do-jornal-nacional-isso-quase-ocorreu\\\/\"]}]},{\"@type\":\"ImageObject\",\"inLanguage\":\"pt-BR\",\"@id\":\"https:\\\/\\\/transamerica93.com.br\\\/home\\\/pedro-bial-na-bancada-do-jornal-nacional-isso-quase-ocorreu\\\/#primaryimage\",\"url\":\"https:\\\/\\\/transamerica93.com.br\\\/home\\\/wp-content\\\/uploads\\\/2024\\\/08\\\/4-10.jpg\",\"contentUrl\":\"https:\\\/\\\/transamerica93.com.br\\\/home\\\/wp-content\\\/uploads\\\/2024\\\/08\\\/4-10.jpg\",\"width\":1063,\"height\":703,\"caption\":\"Cr\u00e9dito: Jo\u00e3o Cotta\\\/ TV Globo\"},{\"@type\":\"BreadcrumbList\",\"@id\":\"https:\\\/\\\/transamerica93.com.br\\\/home\\\/pedro-bial-na-bancada-do-jornal-nacional-isso-quase-ocorreu\\\/#breadcrumb\",\"itemListElement\":[{\"@type\":\"ListItem\",\"position\":1,\"name\":\"In\u00edcio\",\"item\":\"https:\\\/\\\/transamerica93.com.br\\\/home\\\/\"},{\"@type\":\"ListItem\",\"position\":2,\"name\":\"Pedro Bial na bancada do &#8216;Jornal Nacional&#8217;? Isso quase ocorreu\"}]},{\"@type\":\"WebSite\",\"@id\":\"https:\\\/\\\/transamerica93.com.br\\\/home\\\/#website\",\"url\":\"https:\\\/\\\/transamerica93.com.br\\\/home\\\/\",\"name\":\"Transam\u00e9rica Mococa 93,3\",\"description\":\"\",\"publisher\":{\"@id\":\"https:\\\/\\\/transamerica93.com.br\\\/home\\\/#organization\"},\"potentialAction\":[{\"@type\":\"SearchAction\",\"target\":{\"@type\":\"EntryPoint\",\"urlTemplate\":\"https:\\\/\\\/transamerica93.com.br\\\/home\\\/?s={search_term_string}\"},\"query-input\":{\"@type\":\"PropertyValueSpecification\",\"valueRequired\":true,\"valueName\":\"search_term_string\"}}],\"inLanguage\":\"pt-BR\"},{\"@type\":\"Organization\",\"@id\":\"https:\\\/\\\/transamerica93.com.br\\\/home\\\/#organization\",\"name\":\"Transam\u00e9rica Mococa 93,3\",\"url\":\"https:\\\/\\\/transamerica93.com.br\\\/home\\\/\",\"logo\":{\"@type\":\"ImageObject\",\"inLanguage\":\"pt-BR\",\"@id\":\"https:\\\/\\\/transamerica93.com.br\\\/home\\\/#\\\/schema\\\/logo\\\/image\\\/\",\"url\":\"https:\\\/\\\/transamerica93.com.br\\\/home\\\/wp-content\\\/uploads\\\/2023\\\/10\\\/logo2.png\",\"contentUrl\":\"https:\\\/\\\/transamerica93.com.br\\\/home\\\/wp-content\\\/uploads\\\/2023\\\/10\\\/logo2.png\",\"width\":800,\"height\":500,\"caption\":\"Transam\u00e9rica Mococa 93,3\"},\"image\":{\"@id\":\"https:\\\/\\\/transamerica93.com.br\\\/home\\\/#\\\/schema\\\/logo\\\/image\\\/\"},\"sameAs\":[\"https:\\\/\\\/www.facebook.com\\\/transamericamococa\",\"https:\\\/\\\/x.com\\\/transamerica933\",\"https:\\\/\\\/www.instagram.com\\\/transamericamococa\"]},{\"@type\":\"Person\",\"@id\":\"https:\\\/\\\/transamerica93.com.br\\\/home\\\/#\\\/schema\\\/person\\\/7fed7c99c0d4562efa8561bc0f543172\",\"name\":\"Reda\u00e7\u00e3o\",\"image\":{\"@type\":\"ImageObject\",\"inLanguage\":\"pt-BR\",\"@id\":\"https:\\\/\\\/secure.gravatar.com\\\/avatar\\\/1072c6b775fb02ef8506ce967551d95926669a6b7d2c2147b42eea4d7c68395e?s=96&d=mm&r=g\",\"url\":\"https:\\\/\\\/secure.gravatar.com\\\/avatar\\\/1072c6b775fb02ef8506ce967551d95926669a6b7d2c2147b42eea4d7c68395e?s=96&d=mm&r=g\",\"contentUrl\":\"https:\\\/\\\/secure.gravatar.com\\\/avatar\\\/1072c6b775fb02ef8506ce967551d95926669a6b7d2c2147b42eea4d7c68395e?s=96&d=mm&r=g\",\"caption\":\"Reda\u00e7\u00e3o\"},\"sameAs\":[\"https:\\\/\\\/transamerica93.com.br\\\/home\"],\"url\":\"https:\\\/\\\/transamerica93.com.br\\\/home\\\/author\\\/william\\\/\"}]}<\/script>\n<!-- \/ Yoast SEO plugin. -->","yoast_head_json":{"title":"Pedro Bial na bancada do 'Jornal Nacional'? Isso quase ocorreu - Transam\u00e9rica Mococa 93,3","robots":{"index":"index","follow":"follow","max-snippet":"max-snippet:-1","max-image-preview":"max-image-preview:large","max-video-preview":"max-video-preview:-1"},"canonical":"https:\/\/transamerica93.com.br\/home\/pedro-bial-na-bancada-do-jornal-nacional-isso-quase-ocorreu\/","og_locale":"pt_BR","og_type":"article","og_title":"Pedro Bial na bancada do 'Jornal Nacional'? Isso quase ocorreu - Transam\u00e9rica Mococa 93,3","og_description":"Por Gabriel Zorzetto Pedro Bial poderia ter se tornado apresentador do\u00a0Jornal Nacional, segundo revelou Boni, ex-diretor da Globo, no novo livro\u00a0O Lado B de Boni. O nome do atual anfitri\u00e3o do\u00a0Conversa com Bial\u00a0foi sugerido pelo ent\u00e3o executivo da emissora carioca ap\u00f3s uma reformula\u00e7\u00e3o no departamento de Jornalismo que acarretou na sa\u00edda de S\u00e9rgio Chapelin e &hellip;","og_url":"https:\/\/transamerica93.com.br\/home\/pedro-bial-na-bancada-do-jornal-nacional-isso-quase-ocorreu\/","og_site_name":"Transam\u00e9rica Mococa 93,3","article_publisher":"https:\/\/www.facebook.com\/transamericamococa","article_published_time":"2024-08-22T21:00:44+00:00","og_image":[{"width":1063,"height":703,"url":"https:\/\/transamerica93.com.br\/home\/wp-content\/uploads\/2024\/08\/4-10.jpg","type":"image\/jpeg"}],"author":"Reda\u00e7\u00e3o","twitter_card":"summary_large_image","twitter_creator":"@transamerica933","twitter_site":"@transamerica933","twitter_misc":{"Escrito por":"Reda\u00e7\u00e3o","Est. tempo de leitura":"2 minutos"},"schema":{"@context":"https:\/\/schema.org","@graph":[{"@type":"Article","@id":"https:\/\/transamerica93.com.br\/home\/pedro-bial-na-bancada-do-jornal-nacional-isso-quase-ocorreu\/#article","isPartOf":{"@id":"https:\/\/transamerica93.com.br\/home\/pedro-bial-na-bancada-do-jornal-nacional-isso-quase-ocorreu\/"},"author":{"name":"Reda\u00e7\u00e3o","@id":"https:\/\/transamerica93.com.br\/home\/#\/schema\/person\/7fed7c99c0d4562efa8561bc0f543172"},"headline":"Pedro Bial na bancada do &#8216;Jornal Nacional&#8217;? Isso quase ocorreu","datePublished":"2024-08-22T21:00:44+00:00","mainEntityOfPage":{"@id":"https:\/\/transamerica93.com.br\/home\/pedro-bial-na-bancada-do-jornal-nacional-isso-quase-ocorreu\/"},"wordCount":359,"publisher":{"@id":"https:\/\/transamerica93.com.br\/home\/#organization"},"image":{"@id":"https:\/\/transamerica93.com.br\/home\/pedro-bial-na-bancada-do-jornal-nacional-isso-quase-ocorreu\/#primaryimage"},"thumbnailUrl":"https:\/\/transamerica93.com.br\/home\/wp-content\/uploads\/2024\/08\/4-10.jpg","articleSection":["Entretenimento"],"inLanguage":"pt-BR"},{"@type":"WebPage","@id":"https:\/\/transamerica93.com.br\/home\/pedro-bial-na-bancada-do-jornal-nacional-isso-quase-ocorreu\/","url":"https:\/\/transamerica93.com.br\/home\/pedro-bial-na-bancada-do-jornal-nacional-isso-quase-ocorreu\/","name":"Pedro Bial na bancada do 'Jornal Nacional'? Isso quase ocorreu - Transam\u00e9rica Mococa 93,3","isPartOf":{"@id":"https:\/\/transamerica93.com.br\/home\/#website"},"primaryImageOfPage":{"@id":"https:\/\/transamerica93.com.br\/home\/pedro-bial-na-bancada-do-jornal-nacional-isso-quase-ocorreu\/#primaryimage"},"image":{"@id":"https:\/\/transamerica93.com.br\/home\/pedro-bial-na-bancada-do-jornal-nacional-isso-quase-ocorreu\/#primaryimage"},"thumbnailUrl":"https:\/\/transamerica93.com.br\/home\/wp-content\/uploads\/2024\/08\/4-10.jpg","datePublished":"2024-08-22T21:00:44+00:00","breadcrumb":{"@id":"https:\/\/transamerica93.com.br\/home\/pedro-bial-na-bancada-do-jornal-nacional-isso-quase-ocorreu\/#breadcrumb"},"inLanguage":"pt-BR","potentialAction":[{"@type":"ReadAction","target":["https:\/\/transamerica93.com.br\/home\/pedro-bial-na-bancada-do-jornal-nacional-isso-quase-ocorreu\/"]}]},{"@type":"ImageObject","inLanguage":"pt-BR","@id":"https:\/\/transamerica93.com.br\/home\/pedro-bial-na-bancada-do-jornal-nacional-isso-quase-ocorreu\/#primaryimage","url":"https:\/\/transamerica93.com.br\/home\/wp-content\/uploads\/2024\/08\/4-10.jpg","contentUrl":"https:\/\/transamerica93.com.br\/home\/wp-content\/uploads\/2024\/08\/4-10.jpg","width":1063,"height":703,"caption":"Cr\u00e9dito: Jo\u00e3o Cotta\/ TV Globo"},{"@type":"BreadcrumbList","@id":"https:\/\/transamerica93.com.br\/home\/pedro-bial-na-bancada-do-jornal-nacional-isso-quase-ocorreu\/#breadcrumb","itemListElement":[{"@type":"ListItem","position":1,"name":"In\u00edcio","item":"https:\/\/transamerica93.com.br\/home\/"},{"@type":"ListItem","position":2,"name":"Pedro Bial na bancada do &#8216;Jornal Nacional&#8217;? Isso quase ocorreu"}]},{"@type":"WebSite","@id":"https:\/\/transamerica93.com.br\/home\/#website","url":"https:\/\/transamerica93.com.br\/home\/","name":"Transam\u00e9rica Mococa 93,3","description":"","publisher":{"@id":"https:\/\/transamerica93.com.br\/home\/#organization"},"potentialAction":[{"@type":"SearchAction","target":{"@type":"EntryPoint","urlTemplate":"https:\/\/transamerica93.com.br\/home\/?s={search_term_string}"},"query-input":{"@type":"PropertyValueSpecification","valueRequired":true,"valueName":"search_term_string"}}],"inLanguage":"pt-BR"},{"@type":"Organization","@id":"https:\/\/transamerica93.com.br\/home\/#organization","name":"Transam\u00e9rica Mococa 93,3","url":"https:\/\/transamerica93.com.br\/home\/","logo":{"@type":"ImageObject","inLanguage":"pt-BR","@id":"https:\/\/transamerica93.com.br\/home\/#\/schema\/logo\/image\/","url":"https:\/\/transamerica93.com.br\/home\/wp-content\/uploads\/2023\/10\/logo2.png","contentUrl":"https:\/\/transamerica93.com.br\/home\/wp-content\/uploads\/2023\/10\/logo2.png","width":800,"height":500,"caption":"Transam\u00e9rica Mococa 93,3"},"image":{"@id":"https:\/\/transamerica93.com.br\/home\/#\/schema\/logo\/image\/"},"sameAs":["https:\/\/www.facebook.com\/transamericamococa","https:\/\/x.com\/transamerica933","https:\/\/www.instagram.com\/transamericamococa"]},{"@type":"Person","@id":"https:\/\/transamerica93.com.br\/home\/#\/schema\/person\/7fed7c99c0d4562efa8561bc0f543172","name":"Reda\u00e7\u00e3o","image":{"@type":"ImageObject","inLanguage":"pt-BR","@id":"https:\/\/secure.gravatar.com\/avatar\/1072c6b775fb02ef8506ce967551d95926669a6b7d2c2147b42eea4d7c68395e?s=96&d=mm&r=g","url":"https:\/\/secure.gravatar.com\/avatar\/1072c6b775fb02ef8506ce967551d95926669a6b7d2c2147b42eea4d7c68395e?s=96&d=mm&r=g","contentUrl":"https:\/\/secure.gravatar.com\/avatar\/1072c6b775fb02ef8506ce967551d95926669a6b7d2c2147b42eea4d7c68395e?s=96&d=mm&r=g","caption":"Reda\u00e7\u00e3o"},"sameAs":["https:\/\/transamerica93.com.br\/home"],"url":"https:\/\/transamerica93.com.br\/home\/author\/william\/"}]}},"_links":{"self":[{"href":"https:\/\/transamerica93.com.br\/home\/wp-json\/wp\/v2\/posts\/3622","targetHints":{"allow":["GET"]}}],"collection":[{"href":"https:\/\/transamerica93.com.br\/home\/wp-json\/wp\/v2\/posts"}],"about":[{"href":"https:\/\/transamerica93.com.br\/home\/wp-json\/wp\/v2\/types\/post"}],"author":[{"embeddable":true,"href":"https:\/\/transamerica93.com.br\/home\/wp-json\/wp\/v2\/users\/1"}],"replies":[{"embeddable":true,"href":"https:\/\/transamerica93.com.br\/home\/wp-json\/wp\/v2\/comments?post=3622"}],"version-history":[{"count":1,"href":"https:\/\/transamerica93.com.br\/home\/wp-json\/wp\/v2\/posts\/3622\/revisions"}],"predecessor-version":[{"id":3624,"href":"https:\/\/transamerica93.com.br\/home\/wp-json\/wp\/v2\/posts\/3622\/revisions\/3624"}],"wp:featuredmedia":[{"embeddable":true,"href":"https:\/\/transamerica93.com.br\/home\/wp-json\/wp\/v2\/media\/3623"}],"wp:attachment":[{"href":"https:\/\/transamerica93.com.br\/home\/wp-json\/wp\/v2\/media?parent=3622"}],"wp:term":[{"taxonomy":"category","embeddable":true,"href":"https:\/\/transamerica93.com.br\/home\/wp-json\/wp\/v2\/categories?post=3622"},{"taxonomy":"post_tag","embeddable":true,"href":"https:\/\/transamerica93.com.br\/home\/wp-json\/wp\/v2\/tags?post=3622"}],"curies":[{"name":"wp","href":"https:\/\/api.w.org\/{rel}","templated":true}]}}