{"id":3631,"date":"2024-08-26T09:00:43","date_gmt":"2024-08-26T12:00:43","guid":{"rendered":"https:\/\/transamerica93.com.br\/home\/?p=3631"},"modified":"2024-08-23T01:11:48","modified_gmt":"2024-08-23T04:11:48","slug":"casos-de-rinovirus-e-covid-19-crescem-no-pais-aponta-fiocruz","status":"publish","type":"post","link":"https:\/\/transamerica93.com.br\/home\/casos-de-rinovirus-e-covid-19-crescem-no-pais-aponta-fiocruz\/","title":{"rendered":"Casos de rinov\u00edrus e covid-19 crescem no pa\u00eds, aponta Fiocruz"},"content":{"rendered":"<div class=\"post-item-wrap\">\n<p>As interna\u00e7\u00f5es por S\u00edndrome Respirat\u00f3ria Aguda Grave (SRAG) aumentaram em Goi\u00e1s, Bahia, Para\u00edba, Sergipe e S\u00e3o Paulo. Em Goi\u00e1s, a principal causa \u00e9 a covid-19 entre a popula\u00e7\u00e3o idosa. Nos demais estados, a maior ocorr\u00eancia \u00e9 de rinov\u00edrus entre crian\u00e7as e adolescentes de 2 at\u00e9 14 anos de idade. Os dados est\u00e3o no Boletim InfoGripe, divulgado nesta quinta-feira (22) pela Funda\u00e7\u00e3o Oswaldo Cruz (Fiocruz).<img decoding=\"async\" data-src=\"https:\/\/agenciabrasil.ebc.com.br\/ebc.png?id=1608986&amp;o=node\" src=\"data:image\/svg+xml;base64,PHN2ZyB3aWR0aD0iMSIgaGVpZ2h0PSIxIiB4bWxucz0iaHR0cDovL3d3dy53My5vcmcvMjAwMC9zdmciPjwvc3ZnPg==\" class=\"lazyload\" \/><img decoding=\"async\" data-src=\"https:\/\/agenciabrasil.ebc.com.br\/ebc.gif?id=1608986&amp;o=node\" src=\"data:image\/svg+xml;base64,PHN2ZyB3aWR0aD0iMSIgaGVpZ2h0PSIxIiB4bWxucz0iaHR0cDovL3d3dy53My5vcmcvMjAwMC9zdmciPjwvc3ZnPg==\" class=\"lazyload\" \/><\/p>\n<p>Em rela\u00e7\u00e3o \u00e0s capitais, sete apresentam crescimento nos casos de SRAG: Aracaju, Bras\u00edlia, Goi\u00e2nia, Jo\u00e3o Pessoa, Macei\u00f3, Salvador e S\u00e3o Paulo. A an\u00e1lise \u00e9 referente \u00e0 Semana Epidemiol\u00f3gica 33, do per\u00edodo de 11 a 17 de agosto.<\/p>\n<p>Nos dados nacionais, os casos de SRAG oscilaram na tend\u00eancia de longo prazo (\u00faltimas seis semanas) e h\u00e1 ind\u00edcios de aumento na de curto prazo (\u00faltimas tr\u00eas semanas). As ocorr\u00eancias de SRAG por v\u00edrus sincicial respirat\u00f3rio (VSR) e influenza A mant\u00eam tend\u00eancia de queda na maior parte do pa\u00eds. Nas quatro \u00faltimas semanas epidemiol\u00f3gicas, os casos positivos tiveram preval\u00eancia de 22,6% por VSR; 19,4% por Sars-CoV-2 (covid-19); 16,3% por influenza A; e 1,8% por influenza B.<\/p>\n<p>Sobre o aumento dos casos de covid-19, a pesquisadora Tatiana Portela, do Programa de Processamento de Computa\u00e7\u00e3o Cient\u00edfica da Fiocruz (Procc\/Fiocruz) e do Boletim InfoGripe, refor\u00e7a a import\u00e2ncia da vacina\u00e7\u00e3o em dia para todas as pessoas dos grupos de risco.<\/p>\n<p>\u201cApesar dos casos de influenza A estarem diminuindo em todo o pa\u00eds, geralmente agora \u00e9 a \u00e9poca em que a influenza B come\u00e7a a aumentar. Por isso, \u00e9 importante tamb\u00e9m que todos estejam em dia com a vacina\u00e7\u00e3o contra a influenza\u201d, recomenda a pesquisadora.<\/p>\n<p>No ano epidemiol\u00f3gico 2024, foram notificados 115.152 casos de SRAG. Desse total, 55.912 (48,6%) tiveram resultado laboratorial positivo, 45.477 (39,5%) negativo, e ao menos 7.499 (6,5%) aguardam resultado. Dos casos positivos, 43,1% s\u00e3o VSR; 19,1% s\u00e3o influenza A; 7,7% s\u00e3o Sars-CoV-2 (covid-19); e 5% s\u00e3o influenza B.<\/p>\n<p>Nas \u00faltimas oito semanas epidemiol\u00f3gicas, a incid\u00eancia e mortalidade semanal m\u00e9dia mant\u00eam o cen\u00e1rio de maior impacto nos extremos das faixas et\u00e1rias. Entre as crian\u00e7as at\u00e9 2 anos de idade, a incid\u00eancia e mortalidade de SRAG s\u00e3o causadas em maior parte pelo VSR e do rinov\u00edrus. Entre os maiores de 65 anos de idade, a incid\u00eancia e a mortalidade de SRAG por covid-19 j\u00e1 se aproxima da incid\u00eancia e mortalidade por influenza A.<\/p>\n<\/div>\n<p class=\"alt-font font-italic my-2 small text-info\">Edi\u00e7\u00e3o: Fernando Fraga<\/p>\n","protected":false},"excerpt":{"rendered":"<p>As interna\u00e7\u00f5es por S\u00edndrome Respirat\u00f3ria Aguda Grave (SRAG) aumentaram em Goi\u00e1s, Bahia, Para\u00edba, Sergipe e S\u00e3o Paulo. Em Goi\u00e1s, a principal causa \u00e9 a covid-19 entre a popula\u00e7\u00e3o idosa. Nos demais estados, a maior ocorr\u00eancia \u00e9 de rinov\u00edrus entre crian\u00e7as e adolescentes de 2 at\u00e9 14 anos de idade. Os dados est\u00e3o no Boletim InfoGripe, &hellip;<\/p>\n","protected":false},"author":1,"featured_media":3632,"comment_status":"closed","ping_status":"closed","sticky":false,"template":"","format":"standard","meta":{"footnotes":""},"categories":[30],"tags":[],"class_list":["post-3631","post","type-post","status-publish","format-standard","has-post-thumbnail","hentry","category-geral"],"yoast_head":"<!-- This site is optimized with the Yoast SEO plugin v27.4 - https:\/\/yoast.com\/product\/yoast-seo-wordpress\/ -->\n<title>Casos de rinov\u00edrus e covid-19 crescem no pa\u00eds, aponta Fiocruz - Transam\u00e9rica Mococa 93,3<\/title>\n<meta name=\"robots\" content=\"index, follow, max-snippet:-1, max-image-preview:large, max-video-preview:-1\" \/>\n<link rel=\"canonical\" href=\"https:\/\/transamerica93.com.br\/home\/casos-de-rinovirus-e-covid-19-crescem-no-pais-aponta-fiocruz\/\" \/>\n<meta property=\"og:locale\" content=\"pt_BR\" \/>\n<meta property=\"og:type\" content=\"article\" \/>\n<meta property=\"og:title\" content=\"Casos de rinov\u00edrus e covid-19 crescem no pa\u00eds, aponta Fiocruz - Transam\u00e9rica Mococa 93,3\" \/>\n<meta property=\"og:description\" content=\"As interna\u00e7\u00f5es por S\u00edndrome Respirat\u00f3ria Aguda Grave (SRAG) aumentaram em Goi\u00e1s, Bahia, Para\u00edba, Sergipe e S\u00e3o Paulo. Em Goi\u00e1s, a principal causa \u00e9 a covid-19 entre a popula\u00e7\u00e3o idosa. Nos demais estados, a maior ocorr\u00eancia \u00e9 de rinov\u00edrus entre crian\u00e7as e adolescentes de 2 at\u00e9 14 anos de idade. Os dados est\u00e3o no Boletim InfoGripe, &hellip;\" \/>\n<meta property=\"og:url\" content=\"https:\/\/transamerica93.com.br\/home\/casos-de-rinovirus-e-covid-19-crescem-no-pais-aponta-fiocruz\/\" \/>\n<meta property=\"og:site_name\" content=\"Transam\u00e9rica Mococa 93,3\" \/>\n<meta property=\"article:publisher\" content=\"https:\/\/www.facebook.com\/transamericamococa\" \/>\n<meta property=\"article:published_time\" content=\"2024-08-26T12:00:43+00:00\" \/>\n<meta property=\"og:image\" content=\"https:\/\/transamerica93.com.br\/home\/wp-content\/uploads\/2024\/08\/1-11.jpg\" \/>\n\t<meta property=\"og:image:width\" content=\"1170\" \/>\n\t<meta property=\"og:image:height\" content=\"700\" \/>\n\t<meta property=\"og:image:type\" content=\"image\/jpeg\" \/>\n<meta name=\"author\" content=\"Reda\u00e7\u00e3o\" \/>\n<meta name=\"twitter:card\" content=\"summary_large_image\" \/>\n<meta name=\"twitter:creator\" content=\"@transamerica933\" \/>\n<meta name=\"twitter:site\" content=\"@transamerica933\" \/>\n<meta name=\"twitter:label1\" content=\"Escrito por\" \/>\n\t<meta name=\"twitter:data1\" content=\"Reda\u00e7\u00e3o\" \/>\n\t<meta name=\"twitter:label2\" content=\"Est. tempo de leitura\" \/>\n\t<meta name=\"twitter:data2\" content=\"3 minutos\" \/>\n<script type=\"application\/ld+json\" class=\"yoast-schema-graph\">{\"@context\":\"https:\\\/\\\/schema.org\",\"@graph\":[{\"@type\":\"Article\",\"@id\":\"https:\\\/\\\/transamerica93.com.br\\\/home\\\/casos-de-rinovirus-e-covid-19-crescem-no-pais-aponta-fiocruz\\\/#article\",\"isPartOf\":{\"@id\":\"https:\\\/\\\/transamerica93.com.br\\\/home\\\/casos-de-rinovirus-e-covid-19-crescem-no-pais-aponta-fiocruz\\\/\"},\"author\":{\"name\":\"Reda\u00e7\u00e3o\",\"@id\":\"https:\\\/\\\/transamerica93.com.br\\\/home\\\/#\\\/schema\\\/person\\\/7fed7c99c0d4562efa8561bc0f543172\"},\"headline\":\"Casos de rinov\u00edrus e covid-19 crescem no pa\u00eds, aponta Fiocruz\",\"datePublished\":\"2024-08-26T12:00:43+00:00\",\"mainEntityOfPage\":{\"@id\":\"https:\\\/\\\/transamerica93.com.br\\\/home\\\/casos-de-rinovirus-e-covid-19-crescem-no-pais-aponta-fiocruz\\\/\"},\"wordCount\":426,\"publisher\":{\"@id\":\"https:\\\/\\\/transamerica93.com.br\\\/home\\\/#organization\"},\"image\":{\"@id\":\"https:\\\/\\\/transamerica93.com.br\\\/home\\\/casos-de-rinovirus-e-covid-19-crescem-no-pais-aponta-fiocruz\\\/#primaryimage\"},\"thumbnailUrl\":\"https:\\\/\\\/transamerica93.com.br\\\/home\\\/wp-content\\\/uploads\\\/2024\\\/08\\\/1-11.jpg\",\"articleSection\":[\"Geral\"],\"inLanguage\":\"pt-BR\"},{\"@type\":\"WebPage\",\"@id\":\"https:\\\/\\\/transamerica93.com.br\\\/home\\\/casos-de-rinovirus-e-covid-19-crescem-no-pais-aponta-fiocruz\\\/\",\"url\":\"https:\\\/\\\/transamerica93.com.br\\\/home\\\/casos-de-rinovirus-e-covid-19-crescem-no-pais-aponta-fiocruz\\\/\",\"name\":\"Casos de rinov\u00edrus e covid-19 crescem no pa\u00eds, aponta Fiocruz - Transam\u00e9rica Mococa 93,3\",\"isPartOf\":{\"@id\":\"https:\\\/\\\/transamerica93.com.br\\\/home\\\/#website\"},\"primaryImageOfPage\":{\"@id\":\"https:\\\/\\\/transamerica93.com.br\\\/home\\\/casos-de-rinovirus-e-covid-19-crescem-no-pais-aponta-fiocruz\\\/#primaryimage\"},\"image\":{\"@id\":\"https:\\\/\\\/transamerica93.com.br\\\/home\\\/casos-de-rinovirus-e-covid-19-crescem-no-pais-aponta-fiocruz\\\/#primaryimage\"},\"thumbnailUrl\":\"https:\\\/\\\/transamerica93.com.br\\\/home\\\/wp-content\\\/uploads\\\/2024\\\/08\\\/1-11.jpg\",\"datePublished\":\"2024-08-26T12:00:43+00:00\",\"breadcrumb\":{\"@id\":\"https:\\\/\\\/transamerica93.com.br\\\/home\\\/casos-de-rinovirus-e-covid-19-crescem-no-pais-aponta-fiocruz\\\/#breadcrumb\"},\"inLanguage\":\"pt-BR\",\"potentialAction\":[{\"@type\":\"ReadAction\",\"target\":[\"https:\\\/\\\/transamerica93.com.br\\\/home\\\/casos-de-rinovirus-e-covid-19-crescem-no-pais-aponta-fiocruz\\\/\"]}]},{\"@type\":\"ImageObject\",\"inLanguage\":\"pt-BR\",\"@id\":\"https:\\\/\\\/transamerica93.com.br\\\/home\\\/casos-de-rinovirus-e-covid-19-crescem-no-pais-aponta-fiocruz\\\/#primaryimage\",\"url\":\"https:\\\/\\\/transamerica93.com.br\\\/home\\\/wp-content\\\/uploads\\\/2024\\\/08\\\/1-11.jpg\",\"contentUrl\":\"https:\\\/\\\/transamerica93.com.br\\\/home\\\/wp-content\\\/uploads\\\/2024\\\/08\\\/1-11.jpg\",\"width\":1170,\"height\":700,\"caption\":\"\u00a9 Tomaz Silva\\\/Ag\u00eancia Brasil\"},{\"@type\":\"BreadcrumbList\",\"@id\":\"https:\\\/\\\/transamerica93.com.br\\\/home\\\/casos-de-rinovirus-e-covid-19-crescem-no-pais-aponta-fiocruz\\\/#breadcrumb\",\"itemListElement\":[{\"@type\":\"ListItem\",\"position\":1,\"name\":\"In\u00edcio\",\"item\":\"https:\\\/\\\/transamerica93.com.br\\\/home\\\/\"},{\"@type\":\"ListItem\",\"position\":2,\"name\":\"Casos de rinov\u00edrus e covid-19 crescem no pa\u00eds, aponta Fiocruz\"}]},{\"@type\":\"WebSite\",\"@id\":\"https:\\\/\\\/transamerica93.com.br\\\/home\\\/#website\",\"url\":\"https:\\\/\\\/transamerica93.com.br\\\/home\\\/\",\"name\":\"Transam\u00e9rica Mococa 93,3\",\"description\":\"\",\"publisher\":{\"@id\":\"https:\\\/\\\/transamerica93.com.br\\\/home\\\/#organization\"},\"potentialAction\":[{\"@type\":\"SearchAction\",\"target\":{\"@type\":\"EntryPoint\",\"urlTemplate\":\"https:\\\/\\\/transamerica93.com.br\\\/home\\\/?s={search_term_string}\"},\"query-input\":{\"@type\":\"PropertyValueSpecification\",\"valueRequired\":true,\"valueName\":\"search_term_string\"}}],\"inLanguage\":\"pt-BR\"},{\"@type\":\"Organization\",\"@id\":\"https:\\\/\\\/transamerica93.com.br\\\/home\\\/#organization\",\"name\":\"Transam\u00e9rica Mococa 93,3\",\"url\":\"https:\\\/\\\/transamerica93.com.br\\\/home\\\/\",\"logo\":{\"@type\":\"ImageObject\",\"inLanguage\":\"pt-BR\",\"@id\":\"https:\\\/\\\/transamerica93.com.br\\\/home\\\/#\\\/schema\\\/logo\\\/image\\\/\",\"url\":\"https:\\\/\\\/transamerica93.com.br\\\/home\\\/wp-content\\\/uploads\\\/2023\\\/10\\\/logo2.png\",\"contentUrl\":\"https:\\\/\\\/transamerica93.com.br\\\/home\\\/wp-content\\\/uploads\\\/2023\\\/10\\\/logo2.png\",\"width\":800,\"height\":500,\"caption\":\"Transam\u00e9rica Mococa 93,3\"},\"image\":{\"@id\":\"https:\\\/\\\/transamerica93.com.br\\\/home\\\/#\\\/schema\\\/logo\\\/image\\\/\"},\"sameAs\":[\"https:\\\/\\\/www.facebook.com\\\/transamericamococa\",\"https:\\\/\\\/x.com\\\/transamerica933\",\"https:\\\/\\\/www.instagram.com\\\/transamericamococa\"]},{\"@type\":\"Person\",\"@id\":\"https:\\\/\\\/transamerica93.com.br\\\/home\\\/#\\\/schema\\\/person\\\/7fed7c99c0d4562efa8561bc0f543172\",\"name\":\"Reda\u00e7\u00e3o\",\"image\":{\"@type\":\"ImageObject\",\"inLanguage\":\"pt-BR\",\"@id\":\"https:\\\/\\\/secure.gravatar.com\\\/avatar\\\/1072c6b775fb02ef8506ce967551d95926669a6b7d2c2147b42eea4d7c68395e?s=96&d=mm&r=g\",\"url\":\"https:\\\/\\\/secure.gravatar.com\\\/avatar\\\/1072c6b775fb02ef8506ce967551d95926669a6b7d2c2147b42eea4d7c68395e?s=96&d=mm&r=g\",\"contentUrl\":\"https:\\\/\\\/secure.gravatar.com\\\/avatar\\\/1072c6b775fb02ef8506ce967551d95926669a6b7d2c2147b42eea4d7c68395e?s=96&d=mm&r=g\",\"caption\":\"Reda\u00e7\u00e3o\"},\"sameAs\":[\"https:\\\/\\\/transamerica93.com.br\\\/home\"],\"url\":\"https:\\\/\\\/transamerica93.com.br\\\/home\\\/author\\\/william\\\/\"}]}<\/script>\n<!-- \/ Yoast SEO plugin. -->","yoast_head_json":{"title":"Casos de rinov\u00edrus e covid-19 crescem no pa\u00eds, aponta Fiocruz - Transam\u00e9rica Mococa 93,3","robots":{"index":"index","follow":"follow","max-snippet":"max-snippet:-1","max-image-preview":"max-image-preview:large","max-video-preview":"max-video-preview:-1"},"canonical":"https:\/\/transamerica93.com.br\/home\/casos-de-rinovirus-e-covid-19-crescem-no-pais-aponta-fiocruz\/","og_locale":"pt_BR","og_type":"article","og_title":"Casos de rinov\u00edrus e covid-19 crescem no pa\u00eds, aponta Fiocruz - Transam\u00e9rica Mococa 93,3","og_description":"As interna\u00e7\u00f5es por S\u00edndrome Respirat\u00f3ria Aguda Grave (SRAG) aumentaram em Goi\u00e1s, Bahia, Para\u00edba, Sergipe e S\u00e3o Paulo. Em Goi\u00e1s, a principal causa \u00e9 a covid-19 entre a popula\u00e7\u00e3o idosa. Nos demais estados, a maior ocorr\u00eancia \u00e9 de rinov\u00edrus entre crian\u00e7as e adolescentes de 2 at\u00e9 14 anos de idade. Os dados est\u00e3o no Boletim InfoGripe, &hellip;","og_url":"https:\/\/transamerica93.com.br\/home\/casos-de-rinovirus-e-covid-19-crescem-no-pais-aponta-fiocruz\/","og_site_name":"Transam\u00e9rica Mococa 93,3","article_publisher":"https:\/\/www.facebook.com\/transamericamococa","article_published_time":"2024-08-26T12:00:43+00:00","og_image":[{"width":1170,"height":700,"url":"https:\/\/transamerica93.com.br\/home\/wp-content\/uploads\/2024\/08\/1-11.jpg","type":"image\/jpeg"}],"author":"Reda\u00e7\u00e3o","twitter_card":"summary_large_image","twitter_creator":"@transamerica933","twitter_site":"@transamerica933","twitter_misc":{"Escrito por":"Reda\u00e7\u00e3o","Est. tempo de leitura":"3 minutos"},"schema":{"@context":"https:\/\/schema.org","@graph":[{"@type":"Article","@id":"https:\/\/transamerica93.com.br\/home\/casos-de-rinovirus-e-covid-19-crescem-no-pais-aponta-fiocruz\/#article","isPartOf":{"@id":"https:\/\/transamerica93.com.br\/home\/casos-de-rinovirus-e-covid-19-crescem-no-pais-aponta-fiocruz\/"},"author":{"name":"Reda\u00e7\u00e3o","@id":"https:\/\/transamerica93.com.br\/home\/#\/schema\/person\/7fed7c99c0d4562efa8561bc0f543172"},"headline":"Casos de rinov\u00edrus e covid-19 crescem no pa\u00eds, aponta Fiocruz","datePublished":"2024-08-26T12:00:43+00:00","mainEntityOfPage":{"@id":"https:\/\/transamerica93.com.br\/home\/casos-de-rinovirus-e-covid-19-crescem-no-pais-aponta-fiocruz\/"},"wordCount":426,"publisher":{"@id":"https:\/\/transamerica93.com.br\/home\/#organization"},"image":{"@id":"https:\/\/transamerica93.com.br\/home\/casos-de-rinovirus-e-covid-19-crescem-no-pais-aponta-fiocruz\/#primaryimage"},"thumbnailUrl":"https:\/\/transamerica93.com.br\/home\/wp-content\/uploads\/2024\/08\/1-11.jpg","articleSection":["Geral"],"inLanguage":"pt-BR"},{"@type":"WebPage","@id":"https:\/\/transamerica93.com.br\/home\/casos-de-rinovirus-e-covid-19-crescem-no-pais-aponta-fiocruz\/","url":"https:\/\/transamerica93.com.br\/home\/casos-de-rinovirus-e-covid-19-crescem-no-pais-aponta-fiocruz\/","name":"Casos de rinov\u00edrus e covid-19 crescem no pa\u00eds, aponta Fiocruz - Transam\u00e9rica Mococa 93,3","isPartOf":{"@id":"https:\/\/transamerica93.com.br\/home\/#website"},"primaryImageOfPage":{"@id":"https:\/\/transamerica93.com.br\/home\/casos-de-rinovirus-e-covid-19-crescem-no-pais-aponta-fiocruz\/#primaryimage"},"image":{"@id":"https:\/\/transamerica93.com.br\/home\/casos-de-rinovirus-e-covid-19-crescem-no-pais-aponta-fiocruz\/#primaryimage"},"thumbnailUrl":"https:\/\/transamerica93.com.br\/home\/wp-content\/uploads\/2024\/08\/1-11.jpg","datePublished":"2024-08-26T12:00:43+00:00","breadcrumb":{"@id":"https:\/\/transamerica93.com.br\/home\/casos-de-rinovirus-e-covid-19-crescem-no-pais-aponta-fiocruz\/#breadcrumb"},"inLanguage":"pt-BR","potentialAction":[{"@type":"ReadAction","target":["https:\/\/transamerica93.com.br\/home\/casos-de-rinovirus-e-covid-19-crescem-no-pais-aponta-fiocruz\/"]}]},{"@type":"ImageObject","inLanguage":"pt-BR","@id":"https:\/\/transamerica93.com.br\/home\/casos-de-rinovirus-e-covid-19-crescem-no-pais-aponta-fiocruz\/#primaryimage","url":"https:\/\/transamerica93.com.br\/home\/wp-content\/uploads\/2024\/08\/1-11.jpg","contentUrl":"https:\/\/transamerica93.com.br\/home\/wp-content\/uploads\/2024\/08\/1-11.jpg","width":1170,"height":700,"caption":"\u00a9 Tomaz Silva\/Ag\u00eancia Brasil"},{"@type":"BreadcrumbList","@id":"https:\/\/transamerica93.com.br\/home\/casos-de-rinovirus-e-covid-19-crescem-no-pais-aponta-fiocruz\/#breadcrumb","itemListElement":[{"@type":"ListItem","position":1,"name":"In\u00edcio","item":"https:\/\/transamerica93.com.br\/home\/"},{"@type":"ListItem","position":2,"name":"Casos de rinov\u00edrus e covid-19 crescem no pa\u00eds, aponta Fiocruz"}]},{"@type":"WebSite","@id":"https:\/\/transamerica93.com.br\/home\/#website","url":"https:\/\/transamerica93.com.br\/home\/","name":"Transam\u00e9rica Mococa 93,3","description":"","publisher":{"@id":"https:\/\/transamerica93.com.br\/home\/#organization"},"potentialAction":[{"@type":"SearchAction","target":{"@type":"EntryPoint","urlTemplate":"https:\/\/transamerica93.com.br\/home\/?s={search_term_string}"},"query-input":{"@type":"PropertyValueSpecification","valueRequired":true,"valueName":"search_term_string"}}],"inLanguage":"pt-BR"},{"@type":"Organization","@id":"https:\/\/transamerica93.com.br\/home\/#organization","name":"Transam\u00e9rica Mococa 93,3","url":"https:\/\/transamerica93.com.br\/home\/","logo":{"@type":"ImageObject","inLanguage":"pt-BR","@id":"https:\/\/transamerica93.com.br\/home\/#\/schema\/logo\/image\/","url":"https:\/\/transamerica93.com.br\/home\/wp-content\/uploads\/2023\/10\/logo2.png","contentUrl":"https:\/\/transamerica93.com.br\/home\/wp-content\/uploads\/2023\/10\/logo2.png","width":800,"height":500,"caption":"Transam\u00e9rica Mococa 93,3"},"image":{"@id":"https:\/\/transamerica93.com.br\/home\/#\/schema\/logo\/image\/"},"sameAs":["https:\/\/www.facebook.com\/transamericamococa","https:\/\/x.com\/transamerica933","https:\/\/www.instagram.com\/transamericamococa"]},{"@type":"Person","@id":"https:\/\/transamerica93.com.br\/home\/#\/schema\/person\/7fed7c99c0d4562efa8561bc0f543172","name":"Reda\u00e7\u00e3o","image":{"@type":"ImageObject","inLanguage":"pt-BR","@id":"https:\/\/secure.gravatar.com\/avatar\/1072c6b775fb02ef8506ce967551d95926669a6b7d2c2147b42eea4d7c68395e?s=96&d=mm&r=g","url":"https:\/\/secure.gravatar.com\/avatar\/1072c6b775fb02ef8506ce967551d95926669a6b7d2c2147b42eea4d7c68395e?s=96&d=mm&r=g","contentUrl":"https:\/\/secure.gravatar.com\/avatar\/1072c6b775fb02ef8506ce967551d95926669a6b7d2c2147b42eea4d7c68395e?s=96&d=mm&r=g","caption":"Reda\u00e7\u00e3o"},"sameAs":["https:\/\/transamerica93.com.br\/home"],"url":"https:\/\/transamerica93.com.br\/home\/author\/william\/"}]}},"_links":{"self":[{"href":"https:\/\/transamerica93.com.br\/home\/wp-json\/wp\/v2\/posts\/3631","targetHints":{"allow":["GET"]}}],"collection":[{"href":"https:\/\/transamerica93.com.br\/home\/wp-json\/wp\/v2\/posts"}],"about":[{"href":"https:\/\/transamerica93.com.br\/home\/wp-json\/wp\/v2\/types\/post"}],"author":[{"embeddable":true,"href":"https:\/\/transamerica93.com.br\/home\/wp-json\/wp\/v2\/users\/1"}],"replies":[{"embeddable":true,"href":"https:\/\/transamerica93.com.br\/home\/wp-json\/wp\/v2\/comments?post=3631"}],"version-history":[{"count":1,"href":"https:\/\/transamerica93.com.br\/home\/wp-json\/wp\/v2\/posts\/3631\/revisions"}],"predecessor-version":[{"id":3637,"href":"https:\/\/transamerica93.com.br\/home\/wp-json\/wp\/v2\/posts\/3631\/revisions\/3637"}],"wp:featuredmedia":[{"embeddable":true,"href":"https:\/\/transamerica93.com.br\/home\/wp-json\/wp\/v2\/media\/3632"}],"wp:attachment":[{"href":"https:\/\/transamerica93.com.br\/home\/wp-json\/wp\/v2\/media?parent=3631"}],"wp:term":[{"taxonomy":"category","embeddable":true,"href":"https:\/\/transamerica93.com.br\/home\/wp-json\/wp\/v2\/categories?post=3631"},{"taxonomy":"post_tag","embeddable":true,"href":"https:\/\/transamerica93.com.br\/home\/wp-json\/wp\/v2\/tags?post=3631"}],"curies":[{"name":"wp","href":"https:\/\/api.w.org\/{rel}","templated":true}]}}