{"id":3638,"date":"2024-08-27T09:00:58","date_gmt":"2024-08-27T12:00:58","guid":{"rendered":"https:\/\/transamerica93.com.br\/home\/?p=3638"},"modified":"2024-08-23T01:12:39","modified_gmt":"2024-08-23T04:12:39","slug":"concurso-unificado-saiba-como-calcular-a-nota-de-provas-objetivas","status":"publish","type":"post","link":"https:\/\/transamerica93.com.br\/home\/concurso-unificado-saiba-como-calcular-a-nota-de-provas-objetivas\/","title":{"rendered":"Concurso unificado: saiba como calcular a nota de provas objetivas"},"content":{"rendered":"<div class=\"post-item-wrap\">\n<p>Os\u00a0<a href=\"https:\/\/www.gov.br\/gestao\/pt-br\/concursonacional\/caderno-de-provas-e-gabaritos\" target=\"_blank\" rel=\"noopener\">gabaritos preliminares<\/a>\u00a0das provas objetivas dos oito blocos tem\u00e1ticos do Concurso P\u00fablico Nacional Unificado (CNPU) foram\u00a0<a href=\"https:\/\/agenciabrasil.ebc.com.br\/geral\/noticia\/2024-08\/governo-divulga-gabarito-oficial-preliminar-do-cnu\" target=\"_blank\" rel=\"noopener\">divulgados na ter\u00e7a-feira (20) pelo Minist\u00e9rio da Gest\u00e3o e Inova\u00e7\u00e3o em Servi\u00e7os P\u00fablicos (MGI)<\/a>\u00a0no site do Concurso P\u00fablico Nacional Unificado (CPNU).\u00a0<img decoding=\"async\" data-src=\"https:\/\/agenciabrasil.ebc.com.br\/ebc.png?id=1608982&amp;o=node\" src=\"data:image\/svg+xml;base64,PHN2ZyB3aWR0aD0iMSIgaGVpZ2h0PSIxIiB4bWxucz0iaHR0cDovL3d3dy53My5vcmcvMjAwMC9zdmciPjwvc3ZnPg==\" class=\"lazyload\" \/><img decoding=\"async\" data-src=\"https:\/\/agenciabrasil.ebc.com.br\/ebc.gif?id=1608982&amp;o=node\" src=\"data:image\/svg+xml;base64,PHN2ZyB3aWR0aD0iMSIgaGVpZ2h0PSIxIiB4bWxucz0iaHR0cDovL3d3dy53My5vcmcvMjAwMC9zdmciPjwvc3ZnPg==\" class=\"lazyload\" \/><\/p>\n<p>Com o gabarito oficial em m\u00e3os, os candidatos puderam verificar seus acertos e, agora, calculam a nota que conquistaram, at\u00e9 o momento. A nota \u00e9 parcial, porque al\u00e9m das quest\u00f5es de m\u00faltipla escolha, a pontua\u00e7\u00e3o final no certame ainda considerar\u00e1 as notas da prova discursiva (escrita) e, tamb\u00e9m, a avalia\u00e7\u00e3o de t\u00edtulos acad\u00eamicos.<\/p>\n<h2>Elimina\u00e7\u00e3o<\/h2>\n<p>Uma regra geral do CPNU &#8211; dispon\u00edvel nos editais dos blocos tem\u00e1ticos &#8211; trata da elimina\u00e7\u00e3o dos candidatos com baixo rendimento.\u00a0 No caso de candidatos do bloco tem\u00e1tico 8 (n\u00edvel m\u00e9dio), a elimina\u00e7\u00e3o do participante ocorre quando o aproveitamento \u00e9 inferior a 30% da pontua\u00e7\u00e3o nas provas objetivas, o que equivale a ter acertado menos de 18 quest\u00f5es do total de 60 do certame. Al\u00e9m disso, os candidatos n\u00e3o podem ter tirado nota zero na reda\u00e7\u00e3o.<\/p>\n<p>Para os candidatos dos blocos tem\u00e1ticos de n\u00edvel superior (blocos de 1 a 7), est\u00e1 eliminado quem n\u00e3o pontuar pelo menos 40% nas provas objetivas tanto na de conhecimentos gerais (aplicada pela manh\u00e3), como na de conhecimentos espec\u00edficos (prova da tarde).<\/p>\n<p>Por\u00e9m, os candidatos dos blocos 1 a 7 devem considerar que a prova objetiva de conhecimentos espec\u00edficos t\u00eam peso diferente, conforme cargos e especialidades escolhidos no momento de inscri\u00e7\u00e3o no bloco tem\u00e1tico do concurso.<\/p>\n<p>A estrat\u00e9gia considera as regras da Nota Final Ponderada (NFP), usada para classifica\u00e7\u00e3o dos aprovados. Os\u00a0<a href=\"http:\/\/https\/\/www.gov.br\/gestao\/pt-br\/concursonacional\/editais\/editais\" target=\"_blank\" rel=\"noopener\">editais dos blocos<\/a>\u00a01 a 7 tamb\u00e9m destacam que ser\u00e1 eliminado o candidato que obtiver nota zero na reda\u00e7\u00e3o.<\/p>\n<h2>Peso ponderado<\/h2>\n<p>No concurso realizado no domingo (18), as 50 quest\u00f5es objetivas espec\u00edficas das provas dos blocos 1 a 7 foram divididas em cinco eixos tem\u00e1ticos. Cada eixo tem um peso diferente na nota do candidato, conforme o cargo pretendido. Por isso, as perguntas de alguns eixos tem\u00e1ticos podem ter peso maior do que as demais, dentro de um mesmo bloco de concorr\u00eancia.<\/p>\n<p>O valor total da nota da prova objetiva pode alcan\u00e7ar 80 pontos. O c\u00e1lculo da nota final da prova de conhecimentos espec\u00edficos ser\u00e1 feito a partir da soma dos acertos em cada um dos cinco eixos, multiplicado pelo peso deste eixo, conforme uma tabela publicada nos editais do concurso.<\/p>\n<p>Em entrevista \u00e0\u00a0<strong>Ag\u00eancia Brasil<\/strong>, o professor de l\u00edngua portuguesa, reda\u00e7\u00e3o e administra\u00e7\u00e3o da plataforma de estudos por assinatura Gran Cursos, em Bras\u00edlia, Eduardo Cambuy explica que \u201ca nota ponderada \u00e9 a nota final depois desses c\u00e1lculos de peso do grupo e de peso do conhecimento geral ou do conhecimento espec\u00edfico. Depois de feito esse c\u00e1lculo, teremos a nota ponderada com as duas situa\u00e7\u00f5es de peso\u201d.<\/p>\n<p>De acordo com o professor, ainda na etapa de notas para as provas objetivas de conhecimentos gerais e espec\u00edficos, o n\u00famero de acertos ser\u00e1 colocado em uma de tr\u00eas tabelas, com diferentes pesos, que podem ser consultados no anexo V de cada edital de bloco tem\u00e1tico.<\/p>\n<h2>Nota de corte ponderada<\/h2>\n<p>As notas de corte variam de acordo com o desempenho dos candidatos nas provas objetivas e discursivas, em cada cargo e especialidade, dentro de cada bloco.<\/p>\n<p>Os editais do concurso ainda definem que o c\u00e1lculo da nota de corte ponderada deve considerar o percentual m\u00ednimo de aproveitamento necess\u00e1rio para que o candidato n\u00e3o seja eliminado, ou seja, 40% nos blocos de n\u00edvel superior.<\/p>\n<p>Por\u00e9m, o professor Eduardo observa que, no momento, n\u00e3o se consegue fazer o c\u00e1lculo da nota de corte porque depende da concorr\u00eancia de cada especialidade, ainda n\u00e3o divulgada pelo Minist\u00e9rio da Gest\u00e3o (MGI).<\/p>\n<p>\u201cA nota de corte \u00e9 bem dif\u00edcil de ser calculada, porque vai depender das especialidades que cada candidato escolheu. At\u00e9 o momento, a concorr\u00eancia n\u00e3o saiu separada por especialidade. Para dois candidatos serem concorrentes, de fato, deveriam estar no mesmo bloco e terem escolhido, l\u00e1 atr\u00e1s, as mesmas especialidades\u201d, explicou.<\/p>\n<h2>Reda\u00e7\u00f5es<\/h2>\n<p>A prova de reda\u00e7\u00e3o ou a quest\u00e3o discursiva vale 100 pontos e tem car\u00e1ter eliminat\u00f3rio e classificat\u00f3rio. O candidato ser\u00e1 eliminado se tirar nota zero na reda\u00e7\u00e3o, assinar o texto ou deixar qualquer sinal que possibilite a sua identifica\u00e7\u00e3o.<\/p>\n<p>Mesmo os candidatos que n\u00e3o foram eliminados na prova escrita, nem todos ter\u00e3o a prova discursiva corrigida pela banca examinadora da Funda\u00e7\u00e3o Cesgranrio. Conforme o edital, o n\u00famero de provas discursivas corrigidas por cargo e especialidade demandada ser\u00e1 igual a nove vezes o n\u00famero total de vagas imediatas, respeitando o limite m\u00ednimo de dez provas discursivas corrigidas por cargo e especialidade para a ampla concorr\u00eancia e tamb\u00e9m para cotas de candidatos autodeclarados negros, ind\u00edgenas e pessoas com defici\u00eancia (PCD).<\/p>\n<p>O professor do curso preparat\u00f3rio para concursos Eduardo Cambuy \u00e9 contr\u00e1rio ao crit\u00e9rio de corre\u00e7\u00e3o de reda\u00e7\u00f5es de at\u00e9 nove vezes o n\u00famero de vagas oficiais. \u201cPorque \u00e9 irreal e d\u00e1 a falsa esperan\u00e7a \u00e0s pessoas de que elas teriam condi\u00e7\u00f5es de passar, quando, na verdade, n\u00e3o. Geralmente, a classifica\u00e7\u00e3o do corte fica em torno de tr\u00eas vezes o n\u00famero de vagas. Isso significa que quem est\u00e1 muito abaixo desse corte, mesmo que tire a melhor nota do mundo, gabarite a reda\u00e7\u00e3o, ainda assim n\u00e3o vai conseguir ficar nesse corte. Considero desnecess\u00e1ria toda essa corre\u00e7\u00e3o para cargos que t\u00eam muitas vagas. S\u00f3 \u00e9 legal para cargos com poucas vagas\u201d, explica.<\/p>\n<h2>Banco de candidatos<\/h2>\n<p>Al\u00e9m das 6.640 vagas imediatas para 21 \u00f3rg\u00e3os da administra\u00e7\u00e3o p\u00fablica federal, o concurso nacional unificado tem um banco de candidatos em\u00a0<a href=\"https:\/\/agenciabrasil.ebc.com.br\/geral\/noticia\/2024-08\/banco-de-candidatos-do-concurso-unificado-tera-mais-de-13-mil-vagas\" target=\"_blank\" rel=\"noopener\">lista de espera com mais de 13,2 mil vagas para futuras convoca\u00e7\u00f5es de aprovados<\/a>.<\/p>\n<p>Cada um dos oito blocos tem\u00e1ticos do certame ter\u00e1 um banco de candidatos com o dobro do n\u00famero de vagas imediatas do bloco, o que deve aumentar as chances de aprova\u00e7\u00e3o dos candidatos, calcula o MGI. A lista de espera ter\u00e1 ranking que considerar\u00e1 a soma das notas nas provas objetivas, discursivas e nas provas de t\u00edtulos acad\u00eamicos.<\/p>\n<p>O professor defende a cria\u00e7\u00e3o do banco de aprovados. \u201cAchei muito interessante, uma vez que considera as listas e o aproveitamento de listas para outras especialidades\u201d, disse.<\/p>\n<p>No entanto, Eduardo Cambuy sugere um aprimoramento do modelo do concurso unificado, com a indica\u00e7\u00e3o dos cargos de interesse somente ap\u00f3s a realiza\u00e7\u00e3o das provas do concurso, como ocorre ap\u00f3s o Exame Nacional do Ensino M\u00e9dio (Enem), quando as notas obtidas pelos estudantes s\u00e3o usadas para ingresso no ensino superior.<\/p>\n<p>\u201cEm vez de uma elimina\u00e7\u00e3o pr\u00e9via para aqueles cargos que est\u00e3o abaixo dos selecionados, poderia mant\u00ea-lo em lista ou fazer a indica\u00e7\u00e3o de prefer\u00eancia apenas depois da prova, assim como no Enem&#8221;, defende.<\/p>\n<p>O professor aponta diferen\u00e7as entre o concurso unificado e o Enem. \u201cO CNU fez a indica\u00e7\u00e3o da prefer\u00eancia antes da prova. J\u00e1 no Enem voc\u00ea faz a prova, tem a nota e, com ela, escolhe para onde vai. Ent\u00e3o, se fosse nesse modelo, seria mais interessante ou at\u00e9 mais proveitoso para muitos candidatos terem esse poder de escolha.&#8221;<\/p>\n<h2>Cronograma<\/h2>\n<p>As provas objetivas e discursivas foram aplicadas simultaneamente, para todos os cargos, no domingo (18), em dois turnos, em 228 cidades brasileiras.<\/p>\n<p>De acordo com o\u00a0<a href=\"https:\/\/www.gov.br\/gestao\/pt-br\/concursonacional\/cronograma\" target=\"_blank\" rel=\"noopener\">cronograma do concurso<\/a>, as notas finais das provas objetivas, assim como o resultado preliminar da prova discursiva, ser\u00e3o divulgadas em 8 de outubro. Em seguida, nos dias 9 e 10 de outubro, os candidatos convocados dever\u00e3o enviar os t\u00edtulos de forma\u00e7\u00e3o acad\u00eamica.<\/p>\n<p>A divulga\u00e7\u00e3o do resultado preliminar da avalia\u00e7\u00e3o de t\u00edtulos est\u00e1 marcada para 4 de novembro. E o resultado final do certame est\u00e1 marcado para 21 de novembro.<\/p>\n<p>O in\u00edcio das convoca\u00e7\u00f5es para posse e cursos de forma\u00e7\u00e3o est\u00e1 previsto para janeiro do pr\u00f3ximo ano.<\/p>\n<\/div>\n<p class=\"alt-font font-italic my-2 small text-info\">Edi\u00e7\u00e3o: Fernando Fraga<\/p>\n","protected":false},"excerpt":{"rendered":"<p>Os\u00a0gabaritos preliminares\u00a0das provas objetivas dos oito blocos tem\u00e1ticos do Concurso P\u00fablico Nacional Unificado (CNPU) foram\u00a0divulgados na ter\u00e7a-feira (20) pelo Minist\u00e9rio da Gest\u00e3o e Inova\u00e7\u00e3o em Servi\u00e7os P\u00fablicos (MGI)\u00a0no site do Concurso P\u00fablico Nacional Unificado (CPNU).\u00a0 Com o gabarito oficial em m\u00e3os, os candidatos puderam verificar seus acertos e, agora, calculam a nota que conquistaram, at\u00e9 &hellip;<\/p>\n","protected":false},"author":1,"featured_media":3633,"comment_status":"closed","ping_status":"closed","sticky":false,"template":"","format":"standard","meta":{"footnotes":""},"categories":[30],"tags":[],"class_list":["post-3638","post","type-post","status-publish","format-standard","has-post-thumbnail","hentry","category-geral"],"yoast_head":"<!-- This site is optimized with the Yoast SEO plugin v27.4 - https:\/\/yoast.com\/product\/yoast-seo-wordpress\/ -->\n<title>Concurso unificado: saiba como calcular a nota de provas objetivas - Transam\u00e9rica Mococa 93,3<\/title>\n<meta name=\"robots\" content=\"index, follow, max-snippet:-1, max-image-preview:large, max-video-preview:-1\" \/>\n<link rel=\"canonical\" href=\"https:\/\/transamerica93.com.br\/home\/concurso-unificado-saiba-como-calcular-a-nota-de-provas-objetivas\/\" \/>\n<meta property=\"og:locale\" content=\"pt_BR\" \/>\n<meta property=\"og:type\" content=\"article\" \/>\n<meta property=\"og:title\" content=\"Concurso unificado: saiba como calcular a nota de provas objetivas - Transam\u00e9rica Mococa 93,3\" \/>\n<meta property=\"og:description\" content=\"Os\u00a0gabaritos preliminares\u00a0das provas objetivas dos oito blocos tem\u00e1ticos do Concurso P\u00fablico Nacional Unificado (CNPU) foram\u00a0divulgados na ter\u00e7a-feira (20) pelo Minist\u00e9rio da Gest\u00e3o e Inova\u00e7\u00e3o em Servi\u00e7os P\u00fablicos (MGI)\u00a0no site do Concurso P\u00fablico Nacional Unificado (CPNU).\u00a0 Com o gabarito oficial em m\u00e3os, os candidatos puderam verificar seus acertos e, agora, calculam a nota que conquistaram, at\u00e9 &hellip;\" \/>\n<meta property=\"og:url\" content=\"https:\/\/transamerica93.com.br\/home\/concurso-unificado-saiba-como-calcular-a-nota-de-provas-objetivas\/\" \/>\n<meta property=\"og:site_name\" content=\"Transam\u00e9rica Mococa 93,3\" \/>\n<meta property=\"article:publisher\" content=\"https:\/\/www.facebook.com\/transamericamococa\" \/>\n<meta property=\"article:published_time\" content=\"2024-08-27T12:00:58+00:00\" \/>\n<meta property=\"og:image\" content=\"https:\/\/transamerica93.com.br\/home\/wp-content\/uploads\/2024\/08\/2-11.jpg\" \/>\n\t<meta property=\"og:image:width\" content=\"1170\" \/>\n\t<meta property=\"og:image:height\" content=\"700\" \/>\n\t<meta property=\"og:image:type\" content=\"image\/jpeg\" \/>\n<meta name=\"author\" content=\"Reda\u00e7\u00e3o\" \/>\n<meta name=\"twitter:card\" content=\"summary_large_image\" \/>\n<meta name=\"twitter:creator\" content=\"@transamerica933\" \/>\n<meta name=\"twitter:site\" content=\"@transamerica933\" \/>\n<meta name=\"twitter:label1\" content=\"Escrito por\" \/>\n\t<meta name=\"twitter:data1\" content=\"Reda\u00e7\u00e3o\" \/>\n\t<meta name=\"twitter:label2\" content=\"Est. tempo de leitura\" \/>\n\t<meta name=\"twitter:data2\" content=\"8 minutos\" \/>\n<script type=\"application\/ld+json\" class=\"yoast-schema-graph\">{\"@context\":\"https:\\\/\\\/schema.org\",\"@graph\":[{\"@type\":\"Article\",\"@id\":\"https:\\\/\\\/transamerica93.com.br\\\/home\\\/concurso-unificado-saiba-como-calcular-a-nota-de-provas-objetivas\\\/#article\",\"isPartOf\":{\"@id\":\"https:\\\/\\\/transamerica93.com.br\\\/home\\\/concurso-unificado-saiba-como-calcular-a-nota-de-provas-objetivas\\\/\"},\"author\":{\"name\":\"Reda\u00e7\u00e3o\",\"@id\":\"https:\\\/\\\/transamerica93.com.br\\\/home\\\/#\\\/schema\\\/person\\\/7fed7c99c0d4562efa8561bc0f543172\"},\"headline\":\"Concurso unificado: saiba como calcular a nota de provas objetivas\",\"datePublished\":\"2024-08-27T12:00:58+00:00\",\"mainEntityOfPage\":{\"@id\":\"https:\\\/\\\/transamerica93.com.br\\\/home\\\/concurso-unificado-saiba-como-calcular-a-nota-de-provas-objetivas\\\/\"},\"wordCount\":1392,\"publisher\":{\"@id\":\"https:\\\/\\\/transamerica93.com.br\\\/home\\\/#organization\"},\"image\":{\"@id\":\"https:\\\/\\\/transamerica93.com.br\\\/home\\\/concurso-unificado-saiba-como-calcular-a-nota-de-provas-objetivas\\\/#primaryimage\"},\"thumbnailUrl\":\"https:\\\/\\\/transamerica93.com.br\\\/home\\\/wp-content\\\/uploads\\\/2024\\\/08\\\/2-11.jpg\",\"articleSection\":[\"Geral\"],\"inLanguage\":\"pt-BR\"},{\"@type\":\"WebPage\",\"@id\":\"https:\\\/\\\/transamerica93.com.br\\\/home\\\/concurso-unificado-saiba-como-calcular-a-nota-de-provas-objetivas\\\/\",\"url\":\"https:\\\/\\\/transamerica93.com.br\\\/home\\\/concurso-unificado-saiba-como-calcular-a-nota-de-provas-objetivas\\\/\",\"name\":\"Concurso unificado: saiba como calcular a nota de provas objetivas - Transam\u00e9rica Mococa 93,3\",\"isPartOf\":{\"@id\":\"https:\\\/\\\/transamerica93.com.br\\\/home\\\/#website\"},\"primaryImageOfPage\":{\"@id\":\"https:\\\/\\\/transamerica93.com.br\\\/home\\\/concurso-unificado-saiba-como-calcular-a-nota-de-provas-objetivas\\\/#primaryimage\"},\"image\":{\"@id\":\"https:\\\/\\\/transamerica93.com.br\\\/home\\\/concurso-unificado-saiba-como-calcular-a-nota-de-provas-objetivas\\\/#primaryimage\"},\"thumbnailUrl\":\"https:\\\/\\\/transamerica93.com.br\\\/home\\\/wp-content\\\/uploads\\\/2024\\\/08\\\/2-11.jpg\",\"datePublished\":\"2024-08-27T12:00:58+00:00\",\"breadcrumb\":{\"@id\":\"https:\\\/\\\/transamerica93.com.br\\\/home\\\/concurso-unificado-saiba-como-calcular-a-nota-de-provas-objetivas\\\/#breadcrumb\"},\"inLanguage\":\"pt-BR\",\"potentialAction\":[{\"@type\":\"ReadAction\",\"target\":[\"https:\\\/\\\/transamerica93.com.br\\\/home\\\/concurso-unificado-saiba-como-calcular-a-nota-de-provas-objetivas\\\/\"]}]},{\"@type\":\"ImageObject\",\"inLanguage\":\"pt-BR\",\"@id\":\"https:\\\/\\\/transamerica93.com.br\\\/home\\\/concurso-unificado-saiba-como-calcular-a-nota-de-provas-objetivas\\\/#primaryimage\",\"url\":\"https:\\\/\\\/transamerica93.com.br\\\/home\\\/wp-content\\\/uploads\\\/2024\\\/08\\\/2-11.jpg\",\"contentUrl\":\"https:\\\/\\\/transamerica93.com.br\\\/home\\\/wp-content\\\/uploads\\\/2024\\\/08\\\/2-11.jpg\",\"width\":1170,\"height\":700,\"caption\":\"\u00a9 Paulo Pinto\\\/Ag\u00eancia Brasil\"},{\"@type\":\"BreadcrumbList\",\"@id\":\"https:\\\/\\\/transamerica93.com.br\\\/home\\\/concurso-unificado-saiba-como-calcular-a-nota-de-provas-objetivas\\\/#breadcrumb\",\"itemListElement\":[{\"@type\":\"ListItem\",\"position\":1,\"name\":\"In\u00edcio\",\"item\":\"https:\\\/\\\/transamerica93.com.br\\\/home\\\/\"},{\"@type\":\"ListItem\",\"position\":2,\"name\":\"Concurso unificado: saiba como calcular a nota de provas objetivas\"}]},{\"@type\":\"WebSite\",\"@id\":\"https:\\\/\\\/transamerica93.com.br\\\/home\\\/#website\",\"url\":\"https:\\\/\\\/transamerica93.com.br\\\/home\\\/\",\"name\":\"Transam\u00e9rica Mococa 93,3\",\"description\":\"\",\"publisher\":{\"@id\":\"https:\\\/\\\/transamerica93.com.br\\\/home\\\/#organization\"},\"potentialAction\":[{\"@type\":\"SearchAction\",\"target\":{\"@type\":\"EntryPoint\",\"urlTemplate\":\"https:\\\/\\\/transamerica93.com.br\\\/home\\\/?s={search_term_string}\"},\"query-input\":{\"@type\":\"PropertyValueSpecification\",\"valueRequired\":true,\"valueName\":\"search_term_string\"}}],\"inLanguage\":\"pt-BR\"},{\"@type\":\"Organization\",\"@id\":\"https:\\\/\\\/transamerica93.com.br\\\/home\\\/#organization\",\"name\":\"Transam\u00e9rica Mococa 93,3\",\"url\":\"https:\\\/\\\/transamerica93.com.br\\\/home\\\/\",\"logo\":{\"@type\":\"ImageObject\",\"inLanguage\":\"pt-BR\",\"@id\":\"https:\\\/\\\/transamerica93.com.br\\\/home\\\/#\\\/schema\\\/logo\\\/image\\\/\",\"url\":\"https:\\\/\\\/transamerica93.com.br\\\/home\\\/wp-content\\\/uploads\\\/2023\\\/10\\\/logo2.png\",\"contentUrl\":\"https:\\\/\\\/transamerica93.com.br\\\/home\\\/wp-content\\\/uploads\\\/2023\\\/10\\\/logo2.png\",\"width\":800,\"height\":500,\"caption\":\"Transam\u00e9rica Mococa 93,3\"},\"image\":{\"@id\":\"https:\\\/\\\/transamerica93.com.br\\\/home\\\/#\\\/schema\\\/logo\\\/image\\\/\"},\"sameAs\":[\"https:\\\/\\\/www.facebook.com\\\/transamericamococa\",\"https:\\\/\\\/x.com\\\/transamerica933\",\"https:\\\/\\\/www.instagram.com\\\/transamericamococa\"]},{\"@type\":\"Person\",\"@id\":\"https:\\\/\\\/transamerica93.com.br\\\/home\\\/#\\\/schema\\\/person\\\/7fed7c99c0d4562efa8561bc0f543172\",\"name\":\"Reda\u00e7\u00e3o\",\"image\":{\"@type\":\"ImageObject\",\"inLanguage\":\"pt-BR\",\"@id\":\"https:\\\/\\\/secure.gravatar.com\\\/avatar\\\/1072c6b775fb02ef8506ce967551d95926669a6b7d2c2147b42eea4d7c68395e?s=96&d=mm&r=g\",\"url\":\"https:\\\/\\\/secure.gravatar.com\\\/avatar\\\/1072c6b775fb02ef8506ce967551d95926669a6b7d2c2147b42eea4d7c68395e?s=96&d=mm&r=g\",\"contentUrl\":\"https:\\\/\\\/secure.gravatar.com\\\/avatar\\\/1072c6b775fb02ef8506ce967551d95926669a6b7d2c2147b42eea4d7c68395e?s=96&d=mm&r=g\",\"caption\":\"Reda\u00e7\u00e3o\"},\"sameAs\":[\"https:\\\/\\\/transamerica93.com.br\\\/home\"],\"url\":\"https:\\\/\\\/transamerica93.com.br\\\/home\\\/author\\\/william\\\/\"}]}<\/script>\n<!-- \/ Yoast SEO plugin. -->","yoast_head_json":{"title":"Concurso unificado: saiba como calcular a nota de provas objetivas - Transam\u00e9rica Mococa 93,3","robots":{"index":"index","follow":"follow","max-snippet":"max-snippet:-1","max-image-preview":"max-image-preview:large","max-video-preview":"max-video-preview:-1"},"canonical":"https:\/\/transamerica93.com.br\/home\/concurso-unificado-saiba-como-calcular-a-nota-de-provas-objetivas\/","og_locale":"pt_BR","og_type":"article","og_title":"Concurso unificado: saiba como calcular a nota de provas objetivas - Transam\u00e9rica Mococa 93,3","og_description":"Os\u00a0gabaritos preliminares\u00a0das provas objetivas dos oito blocos tem\u00e1ticos do Concurso P\u00fablico Nacional Unificado (CNPU) foram\u00a0divulgados na ter\u00e7a-feira (20) pelo Minist\u00e9rio da Gest\u00e3o e Inova\u00e7\u00e3o em Servi\u00e7os P\u00fablicos (MGI)\u00a0no site do Concurso P\u00fablico Nacional Unificado (CPNU).\u00a0 Com o gabarito oficial em m\u00e3os, os candidatos puderam verificar seus acertos e, agora, calculam a nota que conquistaram, at\u00e9 &hellip;","og_url":"https:\/\/transamerica93.com.br\/home\/concurso-unificado-saiba-como-calcular-a-nota-de-provas-objetivas\/","og_site_name":"Transam\u00e9rica Mococa 93,3","article_publisher":"https:\/\/www.facebook.com\/transamericamococa","article_published_time":"2024-08-27T12:00:58+00:00","og_image":[{"width":1170,"height":700,"url":"https:\/\/transamerica93.com.br\/home\/wp-content\/uploads\/2024\/08\/2-11.jpg","type":"image\/jpeg"}],"author":"Reda\u00e7\u00e3o","twitter_card":"summary_large_image","twitter_creator":"@transamerica933","twitter_site":"@transamerica933","twitter_misc":{"Escrito por":"Reda\u00e7\u00e3o","Est. tempo de leitura":"8 minutos"},"schema":{"@context":"https:\/\/schema.org","@graph":[{"@type":"Article","@id":"https:\/\/transamerica93.com.br\/home\/concurso-unificado-saiba-como-calcular-a-nota-de-provas-objetivas\/#article","isPartOf":{"@id":"https:\/\/transamerica93.com.br\/home\/concurso-unificado-saiba-como-calcular-a-nota-de-provas-objetivas\/"},"author":{"name":"Reda\u00e7\u00e3o","@id":"https:\/\/transamerica93.com.br\/home\/#\/schema\/person\/7fed7c99c0d4562efa8561bc0f543172"},"headline":"Concurso unificado: saiba como calcular a nota de provas objetivas","datePublished":"2024-08-27T12:00:58+00:00","mainEntityOfPage":{"@id":"https:\/\/transamerica93.com.br\/home\/concurso-unificado-saiba-como-calcular-a-nota-de-provas-objetivas\/"},"wordCount":1392,"publisher":{"@id":"https:\/\/transamerica93.com.br\/home\/#organization"},"image":{"@id":"https:\/\/transamerica93.com.br\/home\/concurso-unificado-saiba-como-calcular-a-nota-de-provas-objetivas\/#primaryimage"},"thumbnailUrl":"https:\/\/transamerica93.com.br\/home\/wp-content\/uploads\/2024\/08\/2-11.jpg","articleSection":["Geral"],"inLanguage":"pt-BR"},{"@type":"WebPage","@id":"https:\/\/transamerica93.com.br\/home\/concurso-unificado-saiba-como-calcular-a-nota-de-provas-objetivas\/","url":"https:\/\/transamerica93.com.br\/home\/concurso-unificado-saiba-como-calcular-a-nota-de-provas-objetivas\/","name":"Concurso unificado: saiba como calcular a nota de provas objetivas - Transam\u00e9rica Mococa 93,3","isPartOf":{"@id":"https:\/\/transamerica93.com.br\/home\/#website"},"primaryImageOfPage":{"@id":"https:\/\/transamerica93.com.br\/home\/concurso-unificado-saiba-como-calcular-a-nota-de-provas-objetivas\/#primaryimage"},"image":{"@id":"https:\/\/transamerica93.com.br\/home\/concurso-unificado-saiba-como-calcular-a-nota-de-provas-objetivas\/#primaryimage"},"thumbnailUrl":"https:\/\/transamerica93.com.br\/home\/wp-content\/uploads\/2024\/08\/2-11.jpg","datePublished":"2024-08-27T12:00:58+00:00","breadcrumb":{"@id":"https:\/\/transamerica93.com.br\/home\/concurso-unificado-saiba-como-calcular-a-nota-de-provas-objetivas\/#breadcrumb"},"inLanguage":"pt-BR","potentialAction":[{"@type":"ReadAction","target":["https:\/\/transamerica93.com.br\/home\/concurso-unificado-saiba-como-calcular-a-nota-de-provas-objetivas\/"]}]},{"@type":"ImageObject","inLanguage":"pt-BR","@id":"https:\/\/transamerica93.com.br\/home\/concurso-unificado-saiba-como-calcular-a-nota-de-provas-objetivas\/#primaryimage","url":"https:\/\/transamerica93.com.br\/home\/wp-content\/uploads\/2024\/08\/2-11.jpg","contentUrl":"https:\/\/transamerica93.com.br\/home\/wp-content\/uploads\/2024\/08\/2-11.jpg","width":1170,"height":700,"caption":"\u00a9 Paulo Pinto\/Ag\u00eancia Brasil"},{"@type":"BreadcrumbList","@id":"https:\/\/transamerica93.com.br\/home\/concurso-unificado-saiba-como-calcular-a-nota-de-provas-objetivas\/#breadcrumb","itemListElement":[{"@type":"ListItem","position":1,"name":"In\u00edcio","item":"https:\/\/transamerica93.com.br\/home\/"},{"@type":"ListItem","position":2,"name":"Concurso unificado: saiba como calcular a nota de provas objetivas"}]},{"@type":"WebSite","@id":"https:\/\/transamerica93.com.br\/home\/#website","url":"https:\/\/transamerica93.com.br\/home\/","name":"Transam\u00e9rica Mococa 93,3","description":"","publisher":{"@id":"https:\/\/transamerica93.com.br\/home\/#organization"},"potentialAction":[{"@type":"SearchAction","target":{"@type":"EntryPoint","urlTemplate":"https:\/\/transamerica93.com.br\/home\/?s={search_term_string}"},"query-input":{"@type":"PropertyValueSpecification","valueRequired":true,"valueName":"search_term_string"}}],"inLanguage":"pt-BR"},{"@type":"Organization","@id":"https:\/\/transamerica93.com.br\/home\/#organization","name":"Transam\u00e9rica Mococa 93,3","url":"https:\/\/transamerica93.com.br\/home\/","logo":{"@type":"ImageObject","inLanguage":"pt-BR","@id":"https:\/\/transamerica93.com.br\/home\/#\/schema\/logo\/image\/","url":"https:\/\/transamerica93.com.br\/home\/wp-content\/uploads\/2023\/10\/logo2.png","contentUrl":"https:\/\/transamerica93.com.br\/home\/wp-content\/uploads\/2023\/10\/logo2.png","width":800,"height":500,"caption":"Transam\u00e9rica Mococa 93,3"},"image":{"@id":"https:\/\/transamerica93.com.br\/home\/#\/schema\/logo\/image\/"},"sameAs":["https:\/\/www.facebook.com\/transamericamococa","https:\/\/x.com\/transamerica933","https:\/\/www.instagram.com\/transamericamococa"]},{"@type":"Person","@id":"https:\/\/transamerica93.com.br\/home\/#\/schema\/person\/7fed7c99c0d4562efa8561bc0f543172","name":"Reda\u00e7\u00e3o","image":{"@type":"ImageObject","inLanguage":"pt-BR","@id":"https:\/\/secure.gravatar.com\/avatar\/1072c6b775fb02ef8506ce967551d95926669a6b7d2c2147b42eea4d7c68395e?s=96&d=mm&r=g","url":"https:\/\/secure.gravatar.com\/avatar\/1072c6b775fb02ef8506ce967551d95926669a6b7d2c2147b42eea4d7c68395e?s=96&d=mm&r=g","contentUrl":"https:\/\/secure.gravatar.com\/avatar\/1072c6b775fb02ef8506ce967551d95926669a6b7d2c2147b42eea4d7c68395e?s=96&d=mm&r=g","caption":"Reda\u00e7\u00e3o"},"sameAs":["https:\/\/transamerica93.com.br\/home"],"url":"https:\/\/transamerica93.com.br\/home\/author\/william\/"}]}},"_links":{"self":[{"href":"https:\/\/transamerica93.com.br\/home\/wp-json\/wp\/v2\/posts\/3638","targetHints":{"allow":["GET"]}}],"collection":[{"href":"https:\/\/transamerica93.com.br\/home\/wp-json\/wp\/v2\/posts"}],"about":[{"href":"https:\/\/transamerica93.com.br\/home\/wp-json\/wp\/v2\/types\/post"}],"author":[{"embeddable":true,"href":"https:\/\/transamerica93.com.br\/home\/wp-json\/wp\/v2\/users\/1"}],"replies":[{"embeddable":true,"href":"https:\/\/transamerica93.com.br\/home\/wp-json\/wp\/v2\/comments?post=3638"}],"version-history":[{"count":1,"href":"https:\/\/transamerica93.com.br\/home\/wp-json\/wp\/v2\/posts\/3638\/revisions"}],"predecessor-version":[{"id":3639,"href":"https:\/\/transamerica93.com.br\/home\/wp-json\/wp\/v2\/posts\/3638\/revisions\/3639"}],"wp:featuredmedia":[{"embeddable":true,"href":"https:\/\/transamerica93.com.br\/home\/wp-json\/wp\/v2\/media\/3633"}],"wp:attachment":[{"href":"https:\/\/transamerica93.com.br\/home\/wp-json\/wp\/v2\/media?parent=3638"}],"wp:term":[{"taxonomy":"category","embeddable":true,"href":"https:\/\/transamerica93.com.br\/home\/wp-json\/wp\/v2\/categories?post=3638"},{"taxonomy":"post_tag","embeddable":true,"href":"https:\/\/transamerica93.com.br\/home\/wp-json\/wp\/v2\/tags?post=3638"}],"curies":[{"name":"wp","href":"https:\/\/api.w.org\/{rel}","templated":true}]}}