{"id":3655,"date":"2024-08-28T12:00:24","date_gmt":"2024-08-28T15:00:24","guid":{"rendered":"https:\/\/transamerica93.com.br\/home\/?p=3655"},"modified":"2024-08-23T01:22:04","modified_gmt":"2024-08-23T04:22:04","slug":"futebol-de-cegos-maior-campeao-paralimpico-brasil-mira-hexa-em-paris","status":"publish","type":"post","link":"https:\/\/transamerica93.com.br\/home\/futebol-de-cegos-maior-campeao-paralimpico-brasil-mira-hexa-em-paris\/","title":{"rendered":"Futebol de cegos: maior campe\u00e3o paral\u00edmpico, Brasil mira hexa em Paris"},"content":{"rendered":"<div class=\"post-item-wrap\">\n<p>\u00danica campe\u00e3 paral\u00edmpica e invicta desde os Jogos de Atenas (2004), a sele\u00e7\u00e3o brasileira masculina de futebol de cegos (antes chamado de futebol de cinco) vai testar sua hegemonia em Paris 2024 a partir de 1\u00ba de setembro, quatro dias ap\u00f3s a cerim\u00f4nia de abertura. Os brasileiros, comandados pelo t\u00e9cnico F\u00e1bio Vasconcelos, estreiam na fase de grupos em 1\u00ba de setembro (domingo), contra a Turquia, vice-campe\u00e3 europeia. O embate, \u00e0s 13h30 (hor\u00e1rio de Bras\u00edlia), ocorrer\u00e1 aos p\u00e9s da Torre Eiffel, monumento ic\u00f4nico de Paris.<img decoding=\"async\" data-src=\"https:\/\/agenciabrasil.ebc.com.br\/ebc.png?id=1609006&amp;o=node\" src=\"data:image\/svg+xml;base64,PHN2ZyB3aWR0aD0iMSIgaGVpZ2h0PSIxIiB4bWxucz0iaHR0cDovL3d3dy53My5vcmcvMjAwMC9zdmciPjwvc3ZnPg==\" class=\"lazyload\" \/><img decoding=\"async\" data-src=\"https:\/\/agenciabrasil.ebc.com.br\/ebc.gif?id=1609006&amp;o=node\" src=\"data:image\/svg+xml;base64,PHN2ZyB3aWR0aD0iMSIgaGVpZ2h0PSIxIiB4bWxucz0iaHR0cDovL3d3dy53My5vcmcvMjAwMC9zdmciPjwvc3ZnPg==\" class=\"lazyload\" \/><\/p>\n<p>Os outros dois duelos do Brasil ser\u00e3o contra a anfitri\u00e3 Fran\u00e7a, atual campe\u00e3 europeia, e contra a\u00a0China, campe\u00e3 asi\u00e1tica. No caminho rumo ao hexa, al\u00e9m das equipes advers\u00e1rias, a sele\u00e7\u00e3o ter\u00e1 de se adaptar \u00e0s novas regras do futebol de cegos, estabelecidas em 2022 pela Federa\u00e7\u00e3o Internacional de Esportes para Cegos (IBSA, na sigla em ingl\u00eas). Uma delas reduziu de 20 para 15 minutos cronometrados em cada um dos dois tempos de partida.<\/p>\n<blockquote><p>\u00a0\u201cA gente perdeu 10 minutos dos 40 [minutos] que havia nos confrontos. Isso \u00e9 bastante. Isso atrapalha os times t\u00e9cnicos que querem jogar bola, a marca do nosso time. Mas a gente n\u00e3o pode ficar lamentando. \u00c9 o que temos. N\u00f3s vamos tentar superar esta adversidade e, se Deus quiser, levar para casa a medalha de ouro\u201d, disse Ricardo Alves, o Ricardinho, que coleciona tr\u00eas ouros paral\u00edmpicos.<\/p><\/blockquote>\n<h2>Primeiro treino com bola na Fran\u00e7a<\/h2>\n<p>Na reta final de prepara\u00e7\u00e3o, iniciada em janeiro em Jo\u00e3o Pessoa (PB), a equipe canarinho com 10 integrantes (oito de linha e dois goleiros) participou na quarta-feira (21) do primeiro treino em Troyes, cidade a 160 quil\u00f4metros de Paris. O t\u00e9cnico F\u00e1bio Vasconcelos \u2013 ex-goleiro da sele\u00e7\u00e3o em Atenas, Pequim (2008) e Londres (2012) &#8211; acredita na poss\u00edvel conquista do sexto ouro como resultado do trabalho di\u00e1rio os jogadores nos \u00faltimos sete meses.<\/p>\n<blockquote><p>\u201cTem um grupo a\u00ed experiente, que j\u00e1 ganhou duas, tr\u00eas, quatro medalhas. Eu tenho a felicidade de estar nas cinco. Estou indo para a terceira como treinador, mas \u00e9 o que falo: n\u00e3o d\u00e1 para viver do passado. A gente ganhou as cinco, mas n\u00e3o teve uma delas que foi f\u00e1cil. Essa n\u00e3o vai ser diferente. Todo mundo quer ganhar do Brasil, tirar a hegemonia, mas a gente teve uma prepara\u00e7\u00e3o muito boa\u201d, garante Vasconcelos.<\/p><\/blockquote>\n<p>A primeira fase do torneio de futebol de cegos dos Jogos de Paris re\u00fane oito sele\u00e7\u00f5es, divididas em dois grupos. Na chave A est\u00e3o Brasil, Turquia, Fran\u00e7a e China; e na chave B est\u00e3o Col\u00f4mbia, Argentina, Marrocos e Jap\u00e3o.<\/p>\n<h2>Agenda<\/h2>\n<table border=\"0\" width=\"557\" cellspacing=\"0\" cellpadding=\"0\">\n<tbody>\n<tr>\n<td colspan=\"8\">Programa\u00e7\u00e3o do futebol de cegos em Paris<\/td>\n<\/tr>\n<tr>\n<td><strong>Jogo<\/strong><\/td>\n<td><strong>Hor\u00e1rio<\/strong><\/td>\n<td>&nbsp;<\/td>\n<td colspan=\"3\">&nbsp;<\/td>\n<td>&nbsp;<\/td>\n<td><strong>Grupo<\/strong><\/td>\n<\/tr>\n<tr>\n<td colspan=\"8\"><strong>Domingo, 1\u00ba de setembro<\/strong><\/td>\n<\/tr>\n<tr>\n<td>Jogo 01<\/td>\n<td>06:30<\/td>\n<td>JAP\u00c3O<\/td>\n<td>&nbsp;<\/td>\n<td>X<\/td>\n<td>&nbsp;<\/td>\n<td>COL\u00d4MBIA<\/td>\n<td>B<\/td>\n<\/tr>\n<tr>\n<td>Jogo 02<\/td>\n<td>08:30<\/td>\n<td>MARROCOS<\/td>\n<td>&nbsp;<\/td>\n<td>X<\/td>\n<td>&nbsp;<\/td>\n<td>ARGENTINA<\/td>\n<td>B<\/td>\n<\/tr>\n<tr>\n<td>Jogo 03<\/td>\n<td>13:30<\/td>\n<td>BRASIL<\/td>\n<td>&nbsp;<\/td>\n<td>X<\/td>\n<td>&nbsp;<\/td>\n<td>TURQUIA<\/td>\n<td>A<\/td>\n<\/tr>\n<tr>\n<td>Jogo 04<\/td>\n<td>15:30<\/td>\n<td>FRAN\u00c7A<\/td>\n<td>&nbsp;<\/td>\n<td>X<\/td>\n<td>&nbsp;<\/td>\n<td>CHINA<\/td>\n<td>A<\/td>\n<\/tr>\n<tr>\n<td colspan=\"8\"><strong>Segunda-feira, 2 de setembro<\/strong><\/td>\n<\/tr>\n<tr>\n<td>Jogo 05<\/td>\n<td>06:30<\/td>\n<td>ARGENTINA<\/td>\n<td>&nbsp;<\/td>\n<td>X<\/td>\n<td>&nbsp;<\/td>\n<td>COL\u00d4MBIA<\/td>\n<td>B<\/td>\n<\/tr>\n<tr>\n<td>Jogo 6<\/td>\n<td>08:30<\/td>\n<td>JAP\u00c3O<\/td>\n<td>&nbsp;<\/td>\n<td>X<\/td>\n<td>&nbsp;<\/td>\n<td>MARROCOS<\/td>\n<td>B<\/td>\n<\/tr>\n<tr>\n<td>Jogo 07<\/td>\n<td>13:30<\/td>\n<td>TURQUIA<\/td>\n<td>&nbsp;<\/td>\n<td>X<\/td>\n<td>&nbsp;<\/td>\n<td>CHINA<\/td>\n<td>A<\/td>\n<\/tr>\n<tr>\n<td>Jogo 08<\/td>\n<td>15:30<\/td>\n<td>FRAN\u00c7A<\/td>\n<td>&nbsp;<\/td>\n<td>X<\/td>\n<td>&nbsp;<\/td>\n<td>BRASIL<\/td>\n<td>A<\/td>\n<\/tr>\n<tr>\n<td colspan=\"8\"><strong>Ter\u00e7a-feira, 3 de setembro<\/strong><\/td>\n<\/tr>\n<tr>\n<td>Jogo 09<\/td>\n<td>06:30<\/td>\n<td>COL\u00d4MBIA<\/td>\n<td>&nbsp;<\/td>\n<td>X<\/td>\n<td>&nbsp;<\/td>\n<td>MARROCOS<\/td>\n<td>B<\/td>\n<\/tr>\n<tr>\n<td>Jogo 10<\/td>\n<td>08:30<\/td>\n<td>ARGENTINA<\/td>\n<td>&nbsp;<\/td>\n<td>X<\/td>\n<td>&nbsp;<\/td>\n<td>JAP\u00c3O<\/td>\n<td>B<\/td>\n<\/tr>\n<tr>\n<td>Jogo 11<\/td>\n<td>13:30<\/td>\n<td>CHINA<\/td>\n<td>&nbsp;<\/td>\n<td>X<\/td>\n<td>&nbsp;<\/td>\n<td>BRASIL<\/td>\n<td>A<\/td>\n<\/tr>\n<tr>\n<td>Jogo 12<\/td>\n<td>15:30<\/td>\n<td>TURQUIA<\/td>\n<td>&nbsp;<\/td>\n<td>X<\/td>\n<td>&nbsp;<\/td>\n<td>FRAN\u00c7A<\/td>\n<td>A<\/td>\n<\/tr>\n<tr>\n<td colspan=\"8\"><strong>Quinta-feira, 5 de setembro<\/strong><\/td>\n<\/tr>\n<tr>\n<td>Jogo 13<\/td>\n<td>05:30<\/td>\n<td>4\u00ba A<\/td>\n<td>&nbsp;<\/td>\n<td>X<\/td>\n<td>&nbsp;<\/td>\n<td>4\u00ba B<\/td>\n<td>7\u00ba Lugar<\/td>\n<\/tr>\n<tr>\n<td>Jogo 14<\/td>\n<td>08:00<\/td>\n<td>3\u00ba A<\/td>\n<td>&nbsp;<\/td>\n<td>X<\/td>\n<td>&nbsp;<\/td>\n<td>3\u00ba B<\/td>\n<td>5\u00ba Lugar<\/td>\n<\/tr>\n<tr>\n<td>Jogo 15<\/td>\n<td>12:30<\/td>\n<td>1\u00ba B<\/td>\n<td>&nbsp;<\/td>\n<td>X<\/td>\n<td>&nbsp;<\/td>\n<td>2\u00ba A<\/td>\n<td>Semifinal 1<\/td>\n<\/tr>\n<tr>\n<td>Jogo 16<\/td>\n<td>15:00<\/td>\n<td>1\u00ba A<\/td>\n<td>&nbsp;<\/td>\n<td>X<\/td>\n<td>&nbsp;<\/td>\n<td>2\u00ba B<\/td>\n<td>Semifinal 2<\/td>\n<\/tr>\n<tr>\n<td colspan=\"8\"><strong>S\u00e1bado, 7 de setembro<\/strong><\/td>\n<\/tr>\n<tr>\n<td>Jogo 17<\/td>\n<td>12:30<\/td>\n<td>Perdedor Semi 1<\/td>\n<td>&nbsp;<\/td>\n<td>X<\/td>\n<td>&nbsp;<\/td>\n<td>Perdedor Semi 2<\/td>\n<td>Bronze<\/td>\n<\/tr>\n<tr>\n<td>Jogo 18<\/td>\n<td>15:00<\/td>\n<td>Vencedor Semi 1<\/td>\n<td>&nbsp;<\/td>\n<td>X<\/td>\n<td>&nbsp;<\/td>\n<td>Vencedor Semi 2<\/td>\n<td>Final<\/td>\n<\/tr>\n<\/tbody>\n<\/table>\n<p><em>* Com informa\u00e7\u00f5es do Comit\u00ea Paral\u00edmpico Brasileiro (CPB)<\/em><\/p>\n<\/div>\n<p class=\"alt-font font-italic my-2 small text-info\">Edi\u00e7\u00e3o: Cl\u00e1udia Soares Rodrigues<\/p>\n","protected":false},"excerpt":{"rendered":"<p>\u00danica campe\u00e3 paral\u00edmpica e invicta desde os Jogos de Atenas (2004), a sele\u00e7\u00e3o brasileira masculina de futebol de cegos (antes chamado de futebol de cinco) vai testar sua hegemonia em Paris 2024 a partir de 1\u00ba de setembro, quatro dias ap\u00f3s a cerim\u00f4nia de abertura. Os brasileiros, comandados pelo t\u00e9cnico F\u00e1bio Vasconcelos, estreiam na fase &hellip;<\/p>\n","protected":false},"author":1,"featured_media":3648,"comment_status":"closed","ping_status":"closed","sticky":false,"template":"","format":"standard","meta":{"footnotes":""},"categories":[31],"tags":[],"class_list":["post-3655","post","type-post","status-publish","format-standard","has-post-thumbnail","hentry","category-esportes"],"yoast_head":"<!-- This site is optimized with the Yoast SEO plugin v27.4 - https:\/\/yoast.com\/product\/yoast-seo-wordpress\/ -->\n<title>Futebol de cegos: maior campe\u00e3o paral\u00edmpico, Brasil mira hexa em Paris - Transam\u00e9rica Mococa 93,3<\/title>\n<meta name=\"robots\" content=\"index, follow, max-snippet:-1, max-image-preview:large, max-video-preview:-1\" \/>\n<link rel=\"canonical\" href=\"https:\/\/transamerica93.com.br\/home\/futebol-de-cegos-maior-campeao-paralimpico-brasil-mira-hexa-em-paris\/\" \/>\n<meta property=\"og:locale\" content=\"pt_BR\" \/>\n<meta property=\"og:type\" content=\"article\" \/>\n<meta property=\"og:title\" content=\"Futebol de cegos: maior campe\u00e3o paral\u00edmpico, Brasil mira hexa em Paris - Transam\u00e9rica Mococa 93,3\" \/>\n<meta property=\"og:description\" content=\"\u00danica campe\u00e3 paral\u00edmpica e invicta desde os Jogos de Atenas (2004), a sele\u00e7\u00e3o brasileira masculina de futebol de cegos (antes chamado de futebol de cinco) vai testar sua hegemonia em Paris 2024 a partir de 1\u00ba de setembro, quatro dias ap\u00f3s a cerim\u00f4nia de abertura. Os brasileiros, comandados pelo t\u00e9cnico F\u00e1bio Vasconcelos, estreiam na fase &hellip;\" \/>\n<meta property=\"og:url\" content=\"https:\/\/transamerica93.com.br\/home\/futebol-de-cegos-maior-campeao-paralimpico-brasil-mira-hexa-em-paris\/\" \/>\n<meta property=\"og:site_name\" content=\"Transam\u00e9rica Mococa 93,3\" \/>\n<meta property=\"article:publisher\" content=\"https:\/\/www.facebook.com\/transamericamococa\" \/>\n<meta property=\"article:published_time\" content=\"2024-08-28T15:00:24+00:00\" \/>\n<meta property=\"og:image\" content=\"https:\/\/transamerica93.com.br\/home\/wp-content\/uploads\/2024\/08\/2-12.jpg\" \/>\n\t<meta property=\"og:image:width\" content=\"1170\" \/>\n\t<meta property=\"og:image:height\" content=\"700\" \/>\n\t<meta property=\"og:image:type\" content=\"image\/jpeg\" \/>\n<meta name=\"author\" content=\"Reda\u00e7\u00e3o\" \/>\n<meta name=\"twitter:card\" content=\"summary_large_image\" \/>\n<meta name=\"twitter:creator\" content=\"@transamerica933\" \/>\n<meta name=\"twitter:site\" content=\"@transamerica933\" \/>\n<meta name=\"twitter:label1\" content=\"Escrito por\" \/>\n\t<meta name=\"twitter:data1\" content=\"Reda\u00e7\u00e3o\" \/>\n\t<meta name=\"twitter:label2\" content=\"Est. tempo de leitura\" \/>\n\t<meta name=\"twitter:data2\" content=\"4 minutos\" \/>\n<script type=\"application\/ld+json\" class=\"yoast-schema-graph\">{\"@context\":\"https:\\\/\\\/schema.org\",\"@graph\":[{\"@type\":\"Article\",\"@id\":\"https:\\\/\\\/transamerica93.com.br\\\/home\\\/futebol-de-cegos-maior-campeao-paralimpico-brasil-mira-hexa-em-paris\\\/#article\",\"isPartOf\":{\"@id\":\"https:\\\/\\\/transamerica93.com.br\\\/home\\\/futebol-de-cegos-maior-campeao-paralimpico-brasil-mira-hexa-em-paris\\\/\"},\"author\":{\"name\":\"Reda\u00e7\u00e3o\",\"@id\":\"https:\\\/\\\/transamerica93.com.br\\\/home\\\/#\\\/schema\\\/person\\\/7fed7c99c0d4562efa8561bc0f543172\"},\"headline\":\"Futebol de cegos: maior campe\u00e3o paral\u00edmpico, Brasil mira hexa em Paris\",\"datePublished\":\"2024-08-28T15:00:24+00:00\",\"mainEntityOfPage\":{\"@id\":\"https:\\\/\\\/transamerica93.com.br\\\/home\\\/futebol-de-cegos-maior-campeao-paralimpico-brasil-mira-hexa-em-paris\\\/\"},\"wordCount\":645,\"publisher\":{\"@id\":\"https:\\\/\\\/transamerica93.com.br\\\/home\\\/#organization\"},\"image\":{\"@id\":\"https:\\\/\\\/transamerica93.com.br\\\/home\\\/futebol-de-cegos-maior-campeao-paralimpico-brasil-mira-hexa-em-paris\\\/#primaryimage\"},\"thumbnailUrl\":\"https:\\\/\\\/transamerica93.com.br\\\/home\\\/wp-content\\\/uploads\\\/2024\\\/08\\\/2-12.jpg\",\"articleSection\":[\"Esportes\"],\"inLanguage\":\"pt-BR\"},{\"@type\":\"WebPage\",\"@id\":\"https:\\\/\\\/transamerica93.com.br\\\/home\\\/futebol-de-cegos-maior-campeao-paralimpico-brasil-mira-hexa-em-paris\\\/\",\"url\":\"https:\\\/\\\/transamerica93.com.br\\\/home\\\/futebol-de-cegos-maior-campeao-paralimpico-brasil-mira-hexa-em-paris\\\/\",\"name\":\"Futebol de cegos: maior campe\u00e3o paral\u00edmpico, Brasil mira hexa em Paris - Transam\u00e9rica Mococa 93,3\",\"isPartOf\":{\"@id\":\"https:\\\/\\\/transamerica93.com.br\\\/home\\\/#website\"},\"primaryImageOfPage\":{\"@id\":\"https:\\\/\\\/transamerica93.com.br\\\/home\\\/futebol-de-cegos-maior-campeao-paralimpico-brasil-mira-hexa-em-paris\\\/#primaryimage\"},\"image\":{\"@id\":\"https:\\\/\\\/transamerica93.com.br\\\/home\\\/futebol-de-cegos-maior-campeao-paralimpico-brasil-mira-hexa-em-paris\\\/#primaryimage\"},\"thumbnailUrl\":\"https:\\\/\\\/transamerica93.com.br\\\/home\\\/wp-content\\\/uploads\\\/2024\\\/08\\\/2-12.jpg\",\"datePublished\":\"2024-08-28T15:00:24+00:00\",\"breadcrumb\":{\"@id\":\"https:\\\/\\\/transamerica93.com.br\\\/home\\\/futebol-de-cegos-maior-campeao-paralimpico-brasil-mira-hexa-em-paris\\\/#breadcrumb\"},\"inLanguage\":\"pt-BR\",\"potentialAction\":[{\"@type\":\"ReadAction\",\"target\":[\"https:\\\/\\\/transamerica93.com.br\\\/home\\\/futebol-de-cegos-maior-campeao-paralimpico-brasil-mira-hexa-em-paris\\\/\"]}]},{\"@type\":\"ImageObject\",\"inLanguage\":\"pt-BR\",\"@id\":\"https:\\\/\\\/transamerica93.com.br\\\/home\\\/futebol-de-cegos-maior-campeao-paralimpico-brasil-mira-hexa-em-paris\\\/#primaryimage\",\"url\":\"https:\\\/\\\/transamerica93.com.br\\\/home\\\/wp-content\\\/uploads\\\/2024\\\/08\\\/2-12.jpg\",\"contentUrl\":\"https:\\\/\\\/transamerica93.com.br\\\/home\\\/wp-content\\\/uploads\\\/2024\\\/08\\\/2-12.jpg\",\"width\":1170,\"height\":700,\"caption\":\"\u00a9 ALESSANDRA CABRAL\"},{\"@type\":\"BreadcrumbList\",\"@id\":\"https:\\\/\\\/transamerica93.com.br\\\/home\\\/futebol-de-cegos-maior-campeao-paralimpico-brasil-mira-hexa-em-paris\\\/#breadcrumb\",\"itemListElement\":[{\"@type\":\"ListItem\",\"position\":1,\"name\":\"In\u00edcio\",\"item\":\"https:\\\/\\\/transamerica93.com.br\\\/home\\\/\"},{\"@type\":\"ListItem\",\"position\":2,\"name\":\"Futebol de cegos: maior campe\u00e3o paral\u00edmpico, Brasil mira hexa em Paris\"}]},{\"@type\":\"WebSite\",\"@id\":\"https:\\\/\\\/transamerica93.com.br\\\/home\\\/#website\",\"url\":\"https:\\\/\\\/transamerica93.com.br\\\/home\\\/\",\"name\":\"Transam\u00e9rica Mococa 93,3\",\"description\":\"\",\"publisher\":{\"@id\":\"https:\\\/\\\/transamerica93.com.br\\\/home\\\/#organization\"},\"potentialAction\":[{\"@type\":\"SearchAction\",\"target\":{\"@type\":\"EntryPoint\",\"urlTemplate\":\"https:\\\/\\\/transamerica93.com.br\\\/home\\\/?s={search_term_string}\"},\"query-input\":{\"@type\":\"PropertyValueSpecification\",\"valueRequired\":true,\"valueName\":\"search_term_string\"}}],\"inLanguage\":\"pt-BR\"},{\"@type\":\"Organization\",\"@id\":\"https:\\\/\\\/transamerica93.com.br\\\/home\\\/#organization\",\"name\":\"Transam\u00e9rica Mococa 93,3\",\"url\":\"https:\\\/\\\/transamerica93.com.br\\\/home\\\/\",\"logo\":{\"@type\":\"ImageObject\",\"inLanguage\":\"pt-BR\",\"@id\":\"https:\\\/\\\/transamerica93.com.br\\\/home\\\/#\\\/schema\\\/logo\\\/image\\\/\",\"url\":\"https:\\\/\\\/transamerica93.com.br\\\/home\\\/wp-content\\\/uploads\\\/2023\\\/10\\\/logo2.png\",\"contentUrl\":\"https:\\\/\\\/transamerica93.com.br\\\/home\\\/wp-content\\\/uploads\\\/2023\\\/10\\\/logo2.png\",\"width\":800,\"height\":500,\"caption\":\"Transam\u00e9rica Mococa 93,3\"},\"image\":{\"@id\":\"https:\\\/\\\/transamerica93.com.br\\\/home\\\/#\\\/schema\\\/logo\\\/image\\\/\"},\"sameAs\":[\"https:\\\/\\\/www.facebook.com\\\/transamericamococa\",\"https:\\\/\\\/x.com\\\/transamerica933\",\"https:\\\/\\\/www.instagram.com\\\/transamericamococa\"]},{\"@type\":\"Person\",\"@id\":\"https:\\\/\\\/transamerica93.com.br\\\/home\\\/#\\\/schema\\\/person\\\/7fed7c99c0d4562efa8561bc0f543172\",\"name\":\"Reda\u00e7\u00e3o\",\"image\":{\"@type\":\"ImageObject\",\"inLanguage\":\"pt-BR\",\"@id\":\"https:\\\/\\\/secure.gravatar.com\\\/avatar\\\/1072c6b775fb02ef8506ce967551d95926669a6b7d2c2147b42eea4d7c68395e?s=96&d=mm&r=g\",\"url\":\"https:\\\/\\\/secure.gravatar.com\\\/avatar\\\/1072c6b775fb02ef8506ce967551d95926669a6b7d2c2147b42eea4d7c68395e?s=96&d=mm&r=g\",\"contentUrl\":\"https:\\\/\\\/secure.gravatar.com\\\/avatar\\\/1072c6b775fb02ef8506ce967551d95926669a6b7d2c2147b42eea4d7c68395e?s=96&d=mm&r=g\",\"caption\":\"Reda\u00e7\u00e3o\"},\"sameAs\":[\"https:\\\/\\\/transamerica93.com.br\\\/home\"],\"url\":\"https:\\\/\\\/transamerica93.com.br\\\/home\\\/author\\\/william\\\/\"}]}<\/script>\n<!-- \/ Yoast SEO plugin. -->","yoast_head_json":{"title":"Futebol de cegos: maior campe\u00e3o paral\u00edmpico, Brasil mira hexa em Paris - Transam\u00e9rica Mococa 93,3","robots":{"index":"index","follow":"follow","max-snippet":"max-snippet:-1","max-image-preview":"max-image-preview:large","max-video-preview":"max-video-preview:-1"},"canonical":"https:\/\/transamerica93.com.br\/home\/futebol-de-cegos-maior-campeao-paralimpico-brasil-mira-hexa-em-paris\/","og_locale":"pt_BR","og_type":"article","og_title":"Futebol de cegos: maior campe\u00e3o paral\u00edmpico, Brasil mira hexa em Paris - Transam\u00e9rica Mococa 93,3","og_description":"\u00danica campe\u00e3 paral\u00edmpica e invicta desde os Jogos de Atenas (2004), a sele\u00e7\u00e3o brasileira masculina de futebol de cegos (antes chamado de futebol de cinco) vai testar sua hegemonia em Paris 2024 a partir de 1\u00ba de setembro, quatro dias ap\u00f3s a cerim\u00f4nia de abertura. Os brasileiros, comandados pelo t\u00e9cnico F\u00e1bio Vasconcelos, estreiam na fase &hellip;","og_url":"https:\/\/transamerica93.com.br\/home\/futebol-de-cegos-maior-campeao-paralimpico-brasil-mira-hexa-em-paris\/","og_site_name":"Transam\u00e9rica Mococa 93,3","article_publisher":"https:\/\/www.facebook.com\/transamericamococa","article_published_time":"2024-08-28T15:00:24+00:00","og_image":[{"width":1170,"height":700,"url":"https:\/\/transamerica93.com.br\/home\/wp-content\/uploads\/2024\/08\/2-12.jpg","type":"image\/jpeg"}],"author":"Reda\u00e7\u00e3o","twitter_card":"summary_large_image","twitter_creator":"@transamerica933","twitter_site":"@transamerica933","twitter_misc":{"Escrito por":"Reda\u00e7\u00e3o","Est. tempo de leitura":"4 minutos"},"schema":{"@context":"https:\/\/schema.org","@graph":[{"@type":"Article","@id":"https:\/\/transamerica93.com.br\/home\/futebol-de-cegos-maior-campeao-paralimpico-brasil-mira-hexa-em-paris\/#article","isPartOf":{"@id":"https:\/\/transamerica93.com.br\/home\/futebol-de-cegos-maior-campeao-paralimpico-brasil-mira-hexa-em-paris\/"},"author":{"name":"Reda\u00e7\u00e3o","@id":"https:\/\/transamerica93.com.br\/home\/#\/schema\/person\/7fed7c99c0d4562efa8561bc0f543172"},"headline":"Futebol de cegos: maior campe\u00e3o paral\u00edmpico, Brasil mira hexa em Paris","datePublished":"2024-08-28T15:00:24+00:00","mainEntityOfPage":{"@id":"https:\/\/transamerica93.com.br\/home\/futebol-de-cegos-maior-campeao-paralimpico-brasil-mira-hexa-em-paris\/"},"wordCount":645,"publisher":{"@id":"https:\/\/transamerica93.com.br\/home\/#organization"},"image":{"@id":"https:\/\/transamerica93.com.br\/home\/futebol-de-cegos-maior-campeao-paralimpico-brasil-mira-hexa-em-paris\/#primaryimage"},"thumbnailUrl":"https:\/\/transamerica93.com.br\/home\/wp-content\/uploads\/2024\/08\/2-12.jpg","articleSection":["Esportes"],"inLanguage":"pt-BR"},{"@type":"WebPage","@id":"https:\/\/transamerica93.com.br\/home\/futebol-de-cegos-maior-campeao-paralimpico-brasil-mira-hexa-em-paris\/","url":"https:\/\/transamerica93.com.br\/home\/futebol-de-cegos-maior-campeao-paralimpico-brasil-mira-hexa-em-paris\/","name":"Futebol de cegos: maior campe\u00e3o paral\u00edmpico, Brasil mira hexa em Paris - Transam\u00e9rica Mococa 93,3","isPartOf":{"@id":"https:\/\/transamerica93.com.br\/home\/#website"},"primaryImageOfPage":{"@id":"https:\/\/transamerica93.com.br\/home\/futebol-de-cegos-maior-campeao-paralimpico-brasil-mira-hexa-em-paris\/#primaryimage"},"image":{"@id":"https:\/\/transamerica93.com.br\/home\/futebol-de-cegos-maior-campeao-paralimpico-brasil-mira-hexa-em-paris\/#primaryimage"},"thumbnailUrl":"https:\/\/transamerica93.com.br\/home\/wp-content\/uploads\/2024\/08\/2-12.jpg","datePublished":"2024-08-28T15:00:24+00:00","breadcrumb":{"@id":"https:\/\/transamerica93.com.br\/home\/futebol-de-cegos-maior-campeao-paralimpico-brasil-mira-hexa-em-paris\/#breadcrumb"},"inLanguage":"pt-BR","potentialAction":[{"@type":"ReadAction","target":["https:\/\/transamerica93.com.br\/home\/futebol-de-cegos-maior-campeao-paralimpico-brasil-mira-hexa-em-paris\/"]}]},{"@type":"ImageObject","inLanguage":"pt-BR","@id":"https:\/\/transamerica93.com.br\/home\/futebol-de-cegos-maior-campeao-paralimpico-brasil-mira-hexa-em-paris\/#primaryimage","url":"https:\/\/transamerica93.com.br\/home\/wp-content\/uploads\/2024\/08\/2-12.jpg","contentUrl":"https:\/\/transamerica93.com.br\/home\/wp-content\/uploads\/2024\/08\/2-12.jpg","width":1170,"height":700,"caption":"\u00a9 ALESSANDRA CABRAL"},{"@type":"BreadcrumbList","@id":"https:\/\/transamerica93.com.br\/home\/futebol-de-cegos-maior-campeao-paralimpico-brasil-mira-hexa-em-paris\/#breadcrumb","itemListElement":[{"@type":"ListItem","position":1,"name":"In\u00edcio","item":"https:\/\/transamerica93.com.br\/home\/"},{"@type":"ListItem","position":2,"name":"Futebol de cegos: maior campe\u00e3o paral\u00edmpico, Brasil mira hexa em Paris"}]},{"@type":"WebSite","@id":"https:\/\/transamerica93.com.br\/home\/#website","url":"https:\/\/transamerica93.com.br\/home\/","name":"Transam\u00e9rica Mococa 93,3","description":"","publisher":{"@id":"https:\/\/transamerica93.com.br\/home\/#organization"},"potentialAction":[{"@type":"SearchAction","target":{"@type":"EntryPoint","urlTemplate":"https:\/\/transamerica93.com.br\/home\/?s={search_term_string}"},"query-input":{"@type":"PropertyValueSpecification","valueRequired":true,"valueName":"search_term_string"}}],"inLanguage":"pt-BR"},{"@type":"Organization","@id":"https:\/\/transamerica93.com.br\/home\/#organization","name":"Transam\u00e9rica Mococa 93,3","url":"https:\/\/transamerica93.com.br\/home\/","logo":{"@type":"ImageObject","inLanguage":"pt-BR","@id":"https:\/\/transamerica93.com.br\/home\/#\/schema\/logo\/image\/","url":"https:\/\/transamerica93.com.br\/home\/wp-content\/uploads\/2023\/10\/logo2.png","contentUrl":"https:\/\/transamerica93.com.br\/home\/wp-content\/uploads\/2023\/10\/logo2.png","width":800,"height":500,"caption":"Transam\u00e9rica Mococa 93,3"},"image":{"@id":"https:\/\/transamerica93.com.br\/home\/#\/schema\/logo\/image\/"},"sameAs":["https:\/\/www.facebook.com\/transamericamococa","https:\/\/x.com\/transamerica933","https:\/\/www.instagram.com\/transamericamococa"]},{"@type":"Person","@id":"https:\/\/transamerica93.com.br\/home\/#\/schema\/person\/7fed7c99c0d4562efa8561bc0f543172","name":"Reda\u00e7\u00e3o","image":{"@type":"ImageObject","inLanguage":"pt-BR","@id":"https:\/\/secure.gravatar.com\/avatar\/1072c6b775fb02ef8506ce967551d95926669a6b7d2c2147b42eea4d7c68395e?s=96&d=mm&r=g","url":"https:\/\/secure.gravatar.com\/avatar\/1072c6b775fb02ef8506ce967551d95926669a6b7d2c2147b42eea4d7c68395e?s=96&d=mm&r=g","contentUrl":"https:\/\/secure.gravatar.com\/avatar\/1072c6b775fb02ef8506ce967551d95926669a6b7d2c2147b42eea4d7c68395e?s=96&d=mm&r=g","caption":"Reda\u00e7\u00e3o"},"sameAs":["https:\/\/transamerica93.com.br\/home"],"url":"https:\/\/transamerica93.com.br\/home\/author\/william\/"}]}},"_links":{"self":[{"href":"https:\/\/transamerica93.com.br\/home\/wp-json\/wp\/v2\/posts\/3655","targetHints":{"allow":["GET"]}}],"collection":[{"href":"https:\/\/transamerica93.com.br\/home\/wp-json\/wp\/v2\/posts"}],"about":[{"href":"https:\/\/transamerica93.com.br\/home\/wp-json\/wp\/v2\/types\/post"}],"author":[{"embeddable":true,"href":"https:\/\/transamerica93.com.br\/home\/wp-json\/wp\/v2\/users\/1"}],"replies":[{"embeddable":true,"href":"https:\/\/transamerica93.com.br\/home\/wp-json\/wp\/v2\/comments?post=3655"}],"version-history":[{"count":1,"href":"https:\/\/transamerica93.com.br\/home\/wp-json\/wp\/v2\/posts\/3655\/revisions"}],"predecessor-version":[{"id":3656,"href":"https:\/\/transamerica93.com.br\/home\/wp-json\/wp\/v2\/posts\/3655\/revisions\/3656"}],"wp:featuredmedia":[{"embeddable":true,"href":"https:\/\/transamerica93.com.br\/home\/wp-json\/wp\/v2\/media\/3648"}],"wp:attachment":[{"href":"https:\/\/transamerica93.com.br\/home\/wp-json\/wp\/v2\/media?parent=3655"}],"wp:term":[{"taxonomy":"category","embeddable":true,"href":"https:\/\/transamerica93.com.br\/home\/wp-json\/wp\/v2\/categories?post=3655"},{"taxonomy":"post_tag","embeddable":true,"href":"https:\/\/transamerica93.com.br\/home\/wp-json\/wp\/v2\/tags?post=3655"}],"curies":[{"name":"wp","href":"https:\/\/api.w.org\/{rel}","templated":true}]}}