{"id":3664,"date":"2024-08-27T18:00:41","date_gmt":"2024-08-27T21:00:41","guid":{"rendered":"https:\/\/transamerica93.com.br\/home\/?p=3664"},"modified":"2024-08-23T01:28:12","modified_gmt":"2024-08-23T04:28:12","slug":"gabriela-duarte-comenta-posicionamento-politico-de-regina-duarte-gera-ruidos-diz","status":"publish","type":"post","link":"https:\/\/transamerica93.com.br\/home\/gabriela-duarte-comenta-posicionamento-politico-de-regina-duarte-gera-ruidos-diz\/","title":{"rendered":"Gabriela Duarte comenta posicionamento pol\u00edtico de Regina Duarte: &#8216;gera ru\u00eddos&#8217;, diz"},"content":{"rendered":"<div id=\"Corpo\">Por Reda\u00e7\u00e3o O Estado de S. Paulo<\/p>\n<p>Gabriela Duarte falou o que pensa sobre o posicionamento pol\u00edtico da m\u00e3e, Regina Duarte. Em entrevista \u00e0s atrizes Michelle Batista e Giselle Batista, no canal do YouTube\u00a0<i>GiMi<\/i>, a atriz diz respeitar a opini\u00e3o da m\u00e3e, ainda que discorde da forma como ela se posiciona &#8211; vale lembrar que Regina Duarte foi defensora contumaz de Jair Bolsonaro, tendo, inclusive, integrado a Secretaria de Cultura durante alguns meses em 2020, na gest\u00e3o do ex-presidente.<\/p>\n<p>&#8220;Somos pessoas p\u00fablicas. Ela tomou um posicionamento. Eu respeito, ela tem todo o direito&#8230; mas h\u00e1 uma diferen\u00e7a no modo como nos posicionamos&#8221;, explica Gabriela. &#8220;Ela se manifesta de uma maneira, e eu n\u00e3o fa\u00e7o dessa forma. S\u00e3o coisas que geram ru\u00eddos&#8221;, reflete.<\/p>\n<p>Gabriela Duarte disse ser uma pessoa discreta e n\u00e3o gostar de tocar em certos assuntos. &#8220;J\u00e1 me chamaram de &#8216;isentona&#8217;. \u00c9 um direito que a pessoa tem de n\u00e3o se manifestar sobre tudo. Sou atriz, n\u00e3o sou expert em medicina, pra falar de pandemia, ou em geopol\u00edtica, pra falar sobre guerras&#8230; n\u00e3o ocupo esse lugar&#8221;, defendeu.<\/p>\n<p>&#8220;Primeiro eu vivo, depois eu posto&#8221;, concluiu a atriz.<\/p><\/div>\n","protected":false},"excerpt":{"rendered":"<p>Por Reda\u00e7\u00e3o O Estado de S. Paulo Gabriela Duarte falou o que pensa sobre o posicionamento pol\u00edtico da m\u00e3e, Regina Duarte. Em entrevista \u00e0s atrizes Michelle Batista e Giselle Batista, no canal do YouTube\u00a0GiMi, a atriz diz respeitar a opini\u00e3o da m\u00e3e, ainda que discorde da forma como ela se posiciona &#8211; vale lembrar que &hellip;<\/p>\n","protected":false},"author":1,"featured_media":3665,"comment_status":"closed","ping_status":"closed","sticky":false,"template":"","format":"standard","meta":{"footnotes":""},"categories":[24],"tags":[],"class_list":["post-3664","post","type-post","status-publish","format-standard","has-post-thumbnail","hentry","category-entretenimento"],"yoast_head":"<!-- This site is optimized with the Yoast SEO plugin v27.4 - https:\/\/yoast.com\/product\/yoast-seo-wordpress\/ -->\n<title>Gabriela Duarte comenta posicionamento pol\u00edtico de Regina Duarte: &#039;gera ru\u00eddos&#039;, diz - Transam\u00e9rica Mococa 93,3<\/title>\n<meta name=\"robots\" content=\"index, follow, max-snippet:-1, max-image-preview:large, max-video-preview:-1\" \/>\n<link rel=\"canonical\" href=\"https:\/\/transamerica93.com.br\/home\/gabriela-duarte-comenta-posicionamento-politico-de-regina-duarte-gera-ruidos-diz\/\" \/>\n<meta property=\"og:locale\" content=\"pt_BR\" \/>\n<meta property=\"og:type\" content=\"article\" \/>\n<meta property=\"og:title\" content=\"Gabriela Duarte comenta posicionamento pol\u00edtico de Regina Duarte: &#039;gera ru\u00eddos&#039;, diz - Transam\u00e9rica Mococa 93,3\" \/>\n<meta property=\"og:description\" content=\"Por Reda\u00e7\u00e3o O Estado de S. Paulo Gabriela Duarte falou o que pensa sobre o posicionamento pol\u00edtico da m\u00e3e, Regina Duarte. Em entrevista \u00e0s atrizes Michelle Batista e Giselle Batista, no canal do YouTube\u00a0GiMi, a atriz diz respeitar a opini\u00e3o da m\u00e3e, ainda que discorde da forma como ela se posiciona &#8211; vale lembrar que &hellip;\" \/>\n<meta property=\"og:url\" content=\"https:\/\/transamerica93.com.br\/home\/gabriela-duarte-comenta-posicionamento-politico-de-regina-duarte-gera-ruidos-diz\/\" \/>\n<meta property=\"og:site_name\" content=\"Transam\u00e9rica Mococa 93,3\" \/>\n<meta property=\"article:publisher\" content=\"https:\/\/www.facebook.com\/transamericamococa\" \/>\n<meta property=\"article:published_time\" content=\"2024-08-27T21:00:41+00:00\" \/>\n<meta property=\"og:image\" content=\"https:\/\/transamerica93.com.br\/home\/wp-content\/uploads\/2024\/08\/2-13.jpg\" \/>\n\t<meta property=\"og:image:width\" content=\"942\" \/>\n\t<meta property=\"og:image:height\" content=\"566\" \/>\n\t<meta property=\"og:image:type\" content=\"image\/jpeg\" \/>\n<meta name=\"author\" content=\"Reda\u00e7\u00e3o\" \/>\n<meta name=\"twitter:card\" content=\"summary_large_image\" \/>\n<meta name=\"twitter:creator\" content=\"@transamerica933\" \/>\n<meta name=\"twitter:site\" content=\"@transamerica933\" \/>\n<meta name=\"twitter:label1\" content=\"Escrito por\" \/>\n\t<meta name=\"twitter:data1\" content=\"Reda\u00e7\u00e3o\" \/>\n\t<meta name=\"twitter:label2\" content=\"Est. tempo de leitura\" \/>\n\t<meta name=\"twitter:data2\" content=\"2 minutos\" \/>\n<script type=\"application\/ld+json\" class=\"yoast-schema-graph\">{\"@context\":\"https:\\\/\\\/schema.org\",\"@graph\":[{\"@type\":\"Article\",\"@id\":\"https:\\\/\\\/transamerica93.com.br\\\/home\\\/gabriela-duarte-comenta-posicionamento-politico-de-regina-duarte-gera-ruidos-diz\\\/#article\",\"isPartOf\":{\"@id\":\"https:\\\/\\\/transamerica93.com.br\\\/home\\\/gabriela-duarte-comenta-posicionamento-politico-de-regina-duarte-gera-ruidos-diz\\\/\"},\"author\":{\"name\":\"Reda\u00e7\u00e3o\",\"@id\":\"https:\\\/\\\/transamerica93.com.br\\\/home\\\/#\\\/schema\\\/person\\\/7fed7c99c0d4562efa8561bc0f543172\"},\"headline\":\"Gabriela Duarte comenta posicionamento pol\u00edtico de Regina Duarte: &#8216;gera ru\u00eddos&#8217;, diz\",\"datePublished\":\"2024-08-27T21:00:41+00:00\",\"mainEntityOfPage\":{\"@id\":\"https:\\\/\\\/transamerica93.com.br\\\/home\\\/gabriela-duarte-comenta-posicionamento-politico-de-regina-duarte-gera-ruidos-diz\\\/\"},\"wordCount\":216,\"publisher\":{\"@id\":\"https:\\\/\\\/transamerica93.com.br\\\/home\\\/#organization\"},\"image\":{\"@id\":\"https:\\\/\\\/transamerica93.com.br\\\/home\\\/gabriela-duarte-comenta-posicionamento-politico-de-regina-duarte-gera-ruidos-diz\\\/#primaryimage\"},\"thumbnailUrl\":\"https:\\\/\\\/transamerica93.com.br\\\/home\\\/wp-content\\\/uploads\\\/2024\\\/08\\\/2-13.jpg\",\"articleSection\":[\"Entretenimento\"],\"inLanguage\":\"pt-BR\"},{\"@type\":\"WebPage\",\"@id\":\"https:\\\/\\\/transamerica93.com.br\\\/home\\\/gabriela-duarte-comenta-posicionamento-politico-de-regina-duarte-gera-ruidos-diz\\\/\",\"url\":\"https:\\\/\\\/transamerica93.com.br\\\/home\\\/gabriela-duarte-comenta-posicionamento-politico-de-regina-duarte-gera-ruidos-diz\\\/\",\"name\":\"Gabriela Duarte comenta posicionamento pol\u00edtico de Regina Duarte: 'gera ru\u00eddos', diz - Transam\u00e9rica Mococa 93,3\",\"isPartOf\":{\"@id\":\"https:\\\/\\\/transamerica93.com.br\\\/home\\\/#website\"},\"primaryImageOfPage\":{\"@id\":\"https:\\\/\\\/transamerica93.com.br\\\/home\\\/gabriela-duarte-comenta-posicionamento-politico-de-regina-duarte-gera-ruidos-diz\\\/#primaryimage\"},\"image\":{\"@id\":\"https:\\\/\\\/transamerica93.com.br\\\/home\\\/gabriela-duarte-comenta-posicionamento-politico-de-regina-duarte-gera-ruidos-diz\\\/#primaryimage\"},\"thumbnailUrl\":\"https:\\\/\\\/transamerica93.com.br\\\/home\\\/wp-content\\\/uploads\\\/2024\\\/08\\\/2-13.jpg\",\"datePublished\":\"2024-08-27T21:00:41+00:00\",\"breadcrumb\":{\"@id\":\"https:\\\/\\\/transamerica93.com.br\\\/home\\\/gabriela-duarte-comenta-posicionamento-politico-de-regina-duarte-gera-ruidos-diz\\\/#breadcrumb\"},\"inLanguage\":\"pt-BR\",\"potentialAction\":[{\"@type\":\"ReadAction\",\"target\":[\"https:\\\/\\\/transamerica93.com.br\\\/home\\\/gabriela-duarte-comenta-posicionamento-politico-de-regina-duarte-gera-ruidos-diz\\\/\"]}]},{\"@type\":\"ImageObject\",\"inLanguage\":\"pt-BR\",\"@id\":\"https:\\\/\\\/transamerica93.com.br\\\/home\\\/gabriela-duarte-comenta-posicionamento-politico-de-regina-duarte-gera-ruidos-diz\\\/#primaryimage\",\"url\":\"https:\\\/\\\/transamerica93.com.br\\\/home\\\/wp-content\\\/uploads\\\/2024\\\/08\\\/2-13.jpg\",\"contentUrl\":\"https:\\\/\\\/transamerica93.com.br\\\/home\\\/wp-content\\\/uploads\\\/2024\\\/08\\\/2-13.jpg\",\"width\":942,\"height\":566},{\"@type\":\"BreadcrumbList\",\"@id\":\"https:\\\/\\\/transamerica93.com.br\\\/home\\\/gabriela-duarte-comenta-posicionamento-politico-de-regina-duarte-gera-ruidos-diz\\\/#breadcrumb\",\"itemListElement\":[{\"@type\":\"ListItem\",\"position\":1,\"name\":\"In\u00edcio\",\"item\":\"https:\\\/\\\/transamerica93.com.br\\\/home\\\/\"},{\"@type\":\"ListItem\",\"position\":2,\"name\":\"Gabriela Duarte comenta posicionamento pol\u00edtico de Regina Duarte: &#8216;gera ru\u00eddos&#8217;, diz\"}]},{\"@type\":\"WebSite\",\"@id\":\"https:\\\/\\\/transamerica93.com.br\\\/home\\\/#website\",\"url\":\"https:\\\/\\\/transamerica93.com.br\\\/home\\\/\",\"name\":\"Transam\u00e9rica Mococa 93,3\",\"description\":\"\",\"publisher\":{\"@id\":\"https:\\\/\\\/transamerica93.com.br\\\/home\\\/#organization\"},\"potentialAction\":[{\"@type\":\"SearchAction\",\"target\":{\"@type\":\"EntryPoint\",\"urlTemplate\":\"https:\\\/\\\/transamerica93.com.br\\\/home\\\/?s={search_term_string}\"},\"query-input\":{\"@type\":\"PropertyValueSpecification\",\"valueRequired\":true,\"valueName\":\"search_term_string\"}}],\"inLanguage\":\"pt-BR\"},{\"@type\":\"Organization\",\"@id\":\"https:\\\/\\\/transamerica93.com.br\\\/home\\\/#organization\",\"name\":\"Transam\u00e9rica Mococa 93,3\",\"url\":\"https:\\\/\\\/transamerica93.com.br\\\/home\\\/\",\"logo\":{\"@type\":\"ImageObject\",\"inLanguage\":\"pt-BR\",\"@id\":\"https:\\\/\\\/transamerica93.com.br\\\/home\\\/#\\\/schema\\\/logo\\\/image\\\/\",\"url\":\"https:\\\/\\\/transamerica93.com.br\\\/home\\\/wp-content\\\/uploads\\\/2023\\\/10\\\/logo2.png\",\"contentUrl\":\"https:\\\/\\\/transamerica93.com.br\\\/home\\\/wp-content\\\/uploads\\\/2023\\\/10\\\/logo2.png\",\"width\":800,\"height\":500,\"caption\":\"Transam\u00e9rica Mococa 93,3\"},\"image\":{\"@id\":\"https:\\\/\\\/transamerica93.com.br\\\/home\\\/#\\\/schema\\\/logo\\\/image\\\/\"},\"sameAs\":[\"https:\\\/\\\/www.facebook.com\\\/transamericamococa\",\"https:\\\/\\\/x.com\\\/transamerica933\",\"https:\\\/\\\/www.instagram.com\\\/transamericamococa\"]},{\"@type\":\"Person\",\"@id\":\"https:\\\/\\\/transamerica93.com.br\\\/home\\\/#\\\/schema\\\/person\\\/7fed7c99c0d4562efa8561bc0f543172\",\"name\":\"Reda\u00e7\u00e3o\",\"image\":{\"@type\":\"ImageObject\",\"inLanguage\":\"pt-BR\",\"@id\":\"https:\\\/\\\/secure.gravatar.com\\\/avatar\\\/1072c6b775fb02ef8506ce967551d95926669a6b7d2c2147b42eea4d7c68395e?s=96&d=mm&r=g\",\"url\":\"https:\\\/\\\/secure.gravatar.com\\\/avatar\\\/1072c6b775fb02ef8506ce967551d95926669a6b7d2c2147b42eea4d7c68395e?s=96&d=mm&r=g\",\"contentUrl\":\"https:\\\/\\\/secure.gravatar.com\\\/avatar\\\/1072c6b775fb02ef8506ce967551d95926669a6b7d2c2147b42eea4d7c68395e?s=96&d=mm&r=g\",\"caption\":\"Reda\u00e7\u00e3o\"},\"sameAs\":[\"https:\\\/\\\/transamerica93.com.br\\\/home\"],\"url\":\"https:\\\/\\\/transamerica93.com.br\\\/home\\\/author\\\/william\\\/\"}]}<\/script>\n<!-- \/ Yoast SEO plugin. -->","yoast_head_json":{"title":"Gabriela Duarte comenta posicionamento pol\u00edtico de Regina Duarte: 'gera ru\u00eddos', diz - Transam\u00e9rica Mococa 93,3","robots":{"index":"index","follow":"follow","max-snippet":"max-snippet:-1","max-image-preview":"max-image-preview:large","max-video-preview":"max-video-preview:-1"},"canonical":"https:\/\/transamerica93.com.br\/home\/gabriela-duarte-comenta-posicionamento-politico-de-regina-duarte-gera-ruidos-diz\/","og_locale":"pt_BR","og_type":"article","og_title":"Gabriela Duarte comenta posicionamento pol\u00edtico de Regina Duarte: 'gera ru\u00eddos', diz - Transam\u00e9rica Mococa 93,3","og_description":"Por Reda\u00e7\u00e3o O Estado de S. Paulo Gabriela Duarte falou o que pensa sobre o posicionamento pol\u00edtico da m\u00e3e, Regina Duarte. Em entrevista \u00e0s atrizes Michelle Batista e Giselle Batista, no canal do YouTube\u00a0GiMi, a atriz diz respeitar a opini\u00e3o da m\u00e3e, ainda que discorde da forma como ela se posiciona &#8211; vale lembrar que &hellip;","og_url":"https:\/\/transamerica93.com.br\/home\/gabriela-duarte-comenta-posicionamento-politico-de-regina-duarte-gera-ruidos-diz\/","og_site_name":"Transam\u00e9rica Mococa 93,3","article_publisher":"https:\/\/www.facebook.com\/transamericamococa","article_published_time":"2024-08-27T21:00:41+00:00","og_image":[{"width":942,"height":566,"url":"https:\/\/transamerica93.com.br\/home\/wp-content\/uploads\/2024\/08\/2-13.jpg","type":"image\/jpeg"}],"author":"Reda\u00e7\u00e3o","twitter_card":"summary_large_image","twitter_creator":"@transamerica933","twitter_site":"@transamerica933","twitter_misc":{"Escrito por":"Reda\u00e7\u00e3o","Est. tempo de leitura":"2 minutos"},"schema":{"@context":"https:\/\/schema.org","@graph":[{"@type":"Article","@id":"https:\/\/transamerica93.com.br\/home\/gabriela-duarte-comenta-posicionamento-politico-de-regina-duarte-gera-ruidos-diz\/#article","isPartOf":{"@id":"https:\/\/transamerica93.com.br\/home\/gabriela-duarte-comenta-posicionamento-politico-de-regina-duarte-gera-ruidos-diz\/"},"author":{"name":"Reda\u00e7\u00e3o","@id":"https:\/\/transamerica93.com.br\/home\/#\/schema\/person\/7fed7c99c0d4562efa8561bc0f543172"},"headline":"Gabriela Duarte comenta posicionamento pol\u00edtico de Regina Duarte: &#8216;gera ru\u00eddos&#8217;, diz","datePublished":"2024-08-27T21:00:41+00:00","mainEntityOfPage":{"@id":"https:\/\/transamerica93.com.br\/home\/gabriela-duarte-comenta-posicionamento-politico-de-regina-duarte-gera-ruidos-diz\/"},"wordCount":216,"publisher":{"@id":"https:\/\/transamerica93.com.br\/home\/#organization"},"image":{"@id":"https:\/\/transamerica93.com.br\/home\/gabriela-duarte-comenta-posicionamento-politico-de-regina-duarte-gera-ruidos-diz\/#primaryimage"},"thumbnailUrl":"https:\/\/transamerica93.com.br\/home\/wp-content\/uploads\/2024\/08\/2-13.jpg","articleSection":["Entretenimento"],"inLanguage":"pt-BR"},{"@type":"WebPage","@id":"https:\/\/transamerica93.com.br\/home\/gabriela-duarte-comenta-posicionamento-politico-de-regina-duarte-gera-ruidos-diz\/","url":"https:\/\/transamerica93.com.br\/home\/gabriela-duarte-comenta-posicionamento-politico-de-regina-duarte-gera-ruidos-diz\/","name":"Gabriela Duarte comenta posicionamento pol\u00edtico de Regina Duarte: 'gera ru\u00eddos', diz - Transam\u00e9rica Mococa 93,3","isPartOf":{"@id":"https:\/\/transamerica93.com.br\/home\/#website"},"primaryImageOfPage":{"@id":"https:\/\/transamerica93.com.br\/home\/gabriela-duarte-comenta-posicionamento-politico-de-regina-duarte-gera-ruidos-diz\/#primaryimage"},"image":{"@id":"https:\/\/transamerica93.com.br\/home\/gabriela-duarte-comenta-posicionamento-politico-de-regina-duarte-gera-ruidos-diz\/#primaryimage"},"thumbnailUrl":"https:\/\/transamerica93.com.br\/home\/wp-content\/uploads\/2024\/08\/2-13.jpg","datePublished":"2024-08-27T21:00:41+00:00","breadcrumb":{"@id":"https:\/\/transamerica93.com.br\/home\/gabriela-duarte-comenta-posicionamento-politico-de-regina-duarte-gera-ruidos-diz\/#breadcrumb"},"inLanguage":"pt-BR","potentialAction":[{"@type":"ReadAction","target":["https:\/\/transamerica93.com.br\/home\/gabriela-duarte-comenta-posicionamento-politico-de-regina-duarte-gera-ruidos-diz\/"]}]},{"@type":"ImageObject","inLanguage":"pt-BR","@id":"https:\/\/transamerica93.com.br\/home\/gabriela-duarte-comenta-posicionamento-politico-de-regina-duarte-gera-ruidos-diz\/#primaryimage","url":"https:\/\/transamerica93.com.br\/home\/wp-content\/uploads\/2024\/08\/2-13.jpg","contentUrl":"https:\/\/transamerica93.com.br\/home\/wp-content\/uploads\/2024\/08\/2-13.jpg","width":942,"height":566},{"@type":"BreadcrumbList","@id":"https:\/\/transamerica93.com.br\/home\/gabriela-duarte-comenta-posicionamento-politico-de-regina-duarte-gera-ruidos-diz\/#breadcrumb","itemListElement":[{"@type":"ListItem","position":1,"name":"In\u00edcio","item":"https:\/\/transamerica93.com.br\/home\/"},{"@type":"ListItem","position":2,"name":"Gabriela Duarte comenta posicionamento pol\u00edtico de Regina Duarte: &#8216;gera ru\u00eddos&#8217;, diz"}]},{"@type":"WebSite","@id":"https:\/\/transamerica93.com.br\/home\/#website","url":"https:\/\/transamerica93.com.br\/home\/","name":"Transam\u00e9rica Mococa 93,3","description":"","publisher":{"@id":"https:\/\/transamerica93.com.br\/home\/#organization"},"potentialAction":[{"@type":"SearchAction","target":{"@type":"EntryPoint","urlTemplate":"https:\/\/transamerica93.com.br\/home\/?s={search_term_string}"},"query-input":{"@type":"PropertyValueSpecification","valueRequired":true,"valueName":"search_term_string"}}],"inLanguage":"pt-BR"},{"@type":"Organization","@id":"https:\/\/transamerica93.com.br\/home\/#organization","name":"Transam\u00e9rica Mococa 93,3","url":"https:\/\/transamerica93.com.br\/home\/","logo":{"@type":"ImageObject","inLanguage":"pt-BR","@id":"https:\/\/transamerica93.com.br\/home\/#\/schema\/logo\/image\/","url":"https:\/\/transamerica93.com.br\/home\/wp-content\/uploads\/2023\/10\/logo2.png","contentUrl":"https:\/\/transamerica93.com.br\/home\/wp-content\/uploads\/2023\/10\/logo2.png","width":800,"height":500,"caption":"Transam\u00e9rica Mococa 93,3"},"image":{"@id":"https:\/\/transamerica93.com.br\/home\/#\/schema\/logo\/image\/"},"sameAs":["https:\/\/www.facebook.com\/transamericamococa","https:\/\/x.com\/transamerica933","https:\/\/www.instagram.com\/transamericamococa"]},{"@type":"Person","@id":"https:\/\/transamerica93.com.br\/home\/#\/schema\/person\/7fed7c99c0d4562efa8561bc0f543172","name":"Reda\u00e7\u00e3o","image":{"@type":"ImageObject","inLanguage":"pt-BR","@id":"https:\/\/secure.gravatar.com\/avatar\/1072c6b775fb02ef8506ce967551d95926669a6b7d2c2147b42eea4d7c68395e?s=96&d=mm&r=g","url":"https:\/\/secure.gravatar.com\/avatar\/1072c6b775fb02ef8506ce967551d95926669a6b7d2c2147b42eea4d7c68395e?s=96&d=mm&r=g","contentUrl":"https:\/\/secure.gravatar.com\/avatar\/1072c6b775fb02ef8506ce967551d95926669a6b7d2c2147b42eea4d7c68395e?s=96&d=mm&r=g","caption":"Reda\u00e7\u00e3o"},"sameAs":["https:\/\/transamerica93.com.br\/home"],"url":"https:\/\/transamerica93.com.br\/home\/author\/william\/"}]}},"_links":{"self":[{"href":"https:\/\/transamerica93.com.br\/home\/wp-json\/wp\/v2\/posts\/3664","targetHints":{"allow":["GET"]}}],"collection":[{"href":"https:\/\/transamerica93.com.br\/home\/wp-json\/wp\/v2\/posts"}],"about":[{"href":"https:\/\/transamerica93.com.br\/home\/wp-json\/wp\/v2\/types\/post"}],"author":[{"embeddable":true,"href":"https:\/\/transamerica93.com.br\/home\/wp-json\/wp\/v2\/users\/1"}],"replies":[{"embeddable":true,"href":"https:\/\/transamerica93.com.br\/home\/wp-json\/wp\/v2\/comments?post=3664"}],"version-history":[{"count":1,"href":"https:\/\/transamerica93.com.br\/home\/wp-json\/wp\/v2\/posts\/3664\/revisions"}],"predecessor-version":[{"id":3666,"href":"https:\/\/transamerica93.com.br\/home\/wp-json\/wp\/v2\/posts\/3664\/revisions\/3666"}],"wp:featuredmedia":[{"embeddable":true,"href":"https:\/\/transamerica93.com.br\/home\/wp-json\/wp\/v2\/media\/3665"}],"wp:attachment":[{"href":"https:\/\/transamerica93.com.br\/home\/wp-json\/wp\/v2\/media?parent=3664"}],"wp:term":[{"taxonomy":"category","embeddable":true,"href":"https:\/\/transamerica93.com.br\/home\/wp-json\/wp\/v2\/categories?post=3664"},{"taxonomy":"post_tag","embeddable":true,"href":"https:\/\/transamerica93.com.br\/home\/wp-json\/wp\/v2\/tags?post=3664"}],"curies":[{"name":"wp","href":"https:\/\/api.w.org\/{rel}","templated":true}]}}