{"id":3667,"date":"2024-08-28T18:00:25","date_gmt":"2024-08-28T21:00:25","guid":{"rendered":"https:\/\/transamerica93.com.br\/home\/?p=3667"},"modified":"2024-08-23T01:29:03","modified_gmt":"2024-08-23T04:29:03","slug":"taylor-swift-fala-pela-primeira-vez-sobre-tentativa-de-ataque-terrorista-foi-devastador","status":"publish","type":"post","link":"https:\/\/transamerica93.com.br\/home\/taylor-swift-fala-pela-primeira-vez-sobre-tentativa-de-ataque-terrorista-foi-devastador\/","title":{"rendered":"Taylor Swift fala pela primeira vez sobre tentativa de ataque terrorista: &#8216;Foi devastador&#8217;"},"content":{"rendered":"<p>Por Beatriz Nogueira<\/p>\n<p>Na quarta-feira, 21, a cantora Taylor Swift falou pela primeira vez sobre o compl\u00f4 frustrado para atacar tr\u00eas shows que ela faria em Viena, na \u00c1ustria, no in\u00edcio de agosto. Em uma postagem em sua conta do Instagram por ocasi\u00e3o da conclus\u00e3o da etapa europeia da turn\u00ea\u00a0<i>The Eras Tour<\/i>, Taylor abordou a tentativa de atentado terrorista que a fez cancelar as tr\u00eas apresenta\u00e7\u00f5es na cidade.<\/p>\n<p>&#8220;Ter nossos shows em Viena cancelados foi devastador. O motivo dos cancelamentos me encheu de um novo sentido de medo, e uma quantidade tremenda de culpa porque muitas pessoas haviam planejado ir \u00e0queles shows. Mas tamb\u00e9m estive t\u00e3o grata \u00e0s autoridades porque, gra\u00e7as a elas, est\u00e1vamos de luto por apresenta\u00e7\u00f5es e n\u00e3o por vidas&#8221;, escreveu a cantora.<\/p>\n<p>Taylor tamb\u00e9m afirmou que foi &#8220;encorajada pelo amor e uni\u00e3o&#8221; que viu nos f\u00e3s e que esperou o momento certo de se manifestar sobre o epis\u00f3dio justamente para n\u00e3o colocar em risco seus admiradores que iriam assistir suas apresenta\u00e7\u00f5es em outras cidades de Europa, sobretudo em Londres.<\/p>\n<p>&#8220;Vou ser bem clara: n\u00e3o vou falar publicamente sobre algo se achar que isso pode provocar aqueles que desejam fazer mal aos f\u00e3s que v\u00eam aos meus shows. Em casos como este, &#8216;sil\u00eancio&#8217; na verdade significa mostrar conten\u00e7\u00e3o e esperar para se expressar no momento certo. Minha prioridade era terminar nossa turn\u00ea europeia com seguran\u00e7a, e \u00e9 com grande al\u00edvio que posso dizer que conseguimos isso&#8221;, refor\u00e7ou a cantora.<\/p>\n<p>As autoridades austr\u00edacas prenderam tr\u00eas jovens acusados de planejar os atentados que seriam praticados nos shows de Taylor que teria in\u00edcio no dia 8 de agosto.<\/p>\n<p>O principal suspeito \u00e9 um homem de 19 anos que foi radicalizado online e jurou lealdade ao Estado Isl\u00e2mico, disse, na ocasi\u00e3o, Franz Ruf, chefe da seguran\u00e7a p\u00fablica da \u00c1ustria.<\/p>\n<p>De acordo com a confiss\u00e3o dos suspeito, o plano era matar o maior n\u00famero de pessoas usando explosivos.<\/p>\n<p>Apesar dos desafios enfrentados, Taylor Swift encerrou a etapa europeia da turn\u00ea em Londres com participa\u00e7\u00f5es especiais, como Ed Sheeran, Florence Welch e Jack Antonoff. &#8220;A energia naquele est\u00e1dio era como o maior abra\u00e7o de urso de 92.000 pessoas todas as noites&#8221;, relembrou a cantora, emocionada.<\/p>\n<p>Agora, Taylor Swift e sua equipe fazem pausa para descanso antes de retomar a turn\u00ea em outubro. At\u00e9 l\u00e1, a artista deixa uma mensagem de agradecimento aos f\u00e3s que a acompanharam nessa jornada: &#8220;Obrigada pela aventura de uma vida. Que ela continue &#8221;<\/p>\n<p>Com a\u00a0<i>The Eras Tour<\/i>, Taylor Swift solidificou ainda mais seu status como uma das maiores artistas da atualidade.<\/p>\n<p>A turn\u00ea, que come\u00e7ou em 17 de mar\u00e7o de 2023, passou por quatro continentes, incluindo Am\u00e9rica do Norte, Am\u00e9rica Latina, \u00c1sia-Pac\u00edfico e Europa.<\/p>\n<p>Com um total de 149 apresenta\u00e7\u00f5es programadas, a\u00a0<i>The Eras Tour<\/i>\u00a0tem seu encerramento previsto para 8 de dezembro de 2024, em Vancouver, Canad\u00e1.<\/p>\n<p>A\u00a0<i>The Eras Tour<\/i>\u00a0teve seu cap\u00edtulo mais tr\u00e1gico no Brasil, no show no Rio de Janeiro, em 17 de novembro.<\/p>\n<p>A f\u00e3 Ana Clara Benevides, de 23 anos, morreu devido \u00e0 exaust\u00e3o t\u00e9rmica causada pelo intenso calor no Est\u00e1dio do Engenh\u00e3o, onde a sensa\u00e7\u00e3o t\u00e9rmica chegou a 60 graus. O incidente abalou profundamente a artista e seus f\u00e3s.<\/p>\n","protected":false},"excerpt":{"rendered":"<p>Por Beatriz Nogueira Na quarta-feira, 21, a cantora Taylor Swift falou pela primeira vez sobre o compl\u00f4 frustrado para atacar tr\u00eas shows que ela faria em Viena, na \u00c1ustria, no in\u00edcio de agosto. Em uma postagem em sua conta do Instagram por ocasi\u00e3o da conclus\u00e3o da etapa europeia da turn\u00ea\u00a0The Eras Tour, Taylor abordou a &hellip;<\/p>\n","protected":false},"author":1,"featured_media":2399,"comment_status":"closed","ping_status":"closed","sticky":false,"template":"","format":"standard","meta":{"footnotes":""},"categories":[24],"tags":[],"class_list":["post-3667","post","type-post","status-publish","format-standard","has-post-thumbnail","hentry","category-entretenimento"],"yoast_head":"<!-- This site is optimized with the Yoast SEO plugin v27.4 - https:\/\/yoast.com\/product\/yoast-seo-wordpress\/ -->\n<title>Taylor Swift fala pela primeira vez sobre tentativa de ataque terrorista: &#039;Foi devastador&#039; - Transam\u00e9rica Mococa 93,3<\/title>\n<meta name=\"robots\" content=\"index, follow, max-snippet:-1, max-image-preview:large, max-video-preview:-1\" \/>\n<link rel=\"canonical\" href=\"https:\/\/transamerica93.com.br\/home\/taylor-swift-fala-pela-primeira-vez-sobre-tentativa-de-ataque-terrorista-foi-devastador\/\" \/>\n<meta property=\"og:locale\" content=\"pt_BR\" \/>\n<meta property=\"og:type\" content=\"article\" \/>\n<meta property=\"og:title\" content=\"Taylor Swift fala pela primeira vez sobre tentativa de ataque terrorista: &#039;Foi devastador&#039; - Transam\u00e9rica Mococa 93,3\" \/>\n<meta property=\"og:description\" content=\"Por Beatriz Nogueira Na quarta-feira, 21, a cantora Taylor Swift falou pela primeira vez sobre o compl\u00f4 frustrado para atacar tr\u00eas shows que ela faria em Viena, na \u00c1ustria, no in\u00edcio de agosto. Em uma postagem em sua conta do Instagram por ocasi\u00e3o da conclus\u00e3o da etapa europeia da turn\u00ea\u00a0The Eras Tour, Taylor abordou a &hellip;\" \/>\n<meta property=\"og:url\" content=\"https:\/\/transamerica93.com.br\/home\/taylor-swift-fala-pela-primeira-vez-sobre-tentativa-de-ataque-terrorista-foi-devastador\/\" \/>\n<meta property=\"og:site_name\" content=\"Transam\u00e9rica Mococa 93,3\" \/>\n<meta property=\"article:publisher\" content=\"https:\/\/www.facebook.com\/transamericamococa\" \/>\n<meta property=\"article:published_time\" content=\"2024-08-28T21:00:25+00:00\" \/>\n<meta property=\"og:image\" content=\"https:\/\/transamerica93.com.br\/home\/wp-content\/uploads\/2024\/01\/imagem-46.jpg\" \/>\n\t<meta property=\"og:image:width\" content=\"946\" \/>\n\t<meta property=\"og:image:height\" content=\"587\" \/>\n\t<meta property=\"og:image:type\" content=\"image\/jpeg\" \/>\n<meta name=\"author\" content=\"Reda\u00e7\u00e3o\" \/>\n<meta name=\"twitter:card\" content=\"summary_large_image\" \/>\n<meta name=\"twitter:creator\" content=\"@transamerica933\" \/>\n<meta name=\"twitter:site\" content=\"@transamerica933\" \/>\n<meta name=\"twitter:label1\" content=\"Escrito por\" \/>\n\t<meta name=\"twitter:data1\" content=\"Reda\u00e7\u00e3o\" \/>\n\t<meta name=\"twitter:label2\" content=\"Est. tempo de leitura\" \/>\n\t<meta name=\"twitter:data2\" content=\"1 minuto\" \/>\n<script type=\"application\/ld+json\" class=\"yoast-schema-graph\">{\"@context\":\"https:\\\/\\\/schema.org\",\"@graph\":[{\"@type\":\"Article\",\"@id\":\"https:\\\/\\\/transamerica93.com.br\\\/home\\\/taylor-swift-fala-pela-primeira-vez-sobre-tentativa-de-ataque-terrorista-foi-devastador\\\/#article\",\"isPartOf\":{\"@id\":\"https:\\\/\\\/transamerica93.com.br\\\/home\\\/taylor-swift-fala-pela-primeira-vez-sobre-tentativa-de-ataque-terrorista-foi-devastador\\\/\"},\"author\":{\"name\":\"Reda\u00e7\u00e3o\",\"@id\":\"https:\\\/\\\/transamerica93.com.br\\\/home\\\/#\\\/schema\\\/person\\\/7fed7c99c0d4562efa8561bc0f543172\"},\"headline\":\"Taylor Swift fala pela primeira vez sobre tentativa de ataque terrorista: &#8216;Foi devastador&#8217;\",\"datePublished\":\"2024-08-28T21:00:25+00:00\",\"mainEntityOfPage\":{\"@id\":\"https:\\\/\\\/transamerica93.com.br\\\/home\\\/taylor-swift-fala-pela-primeira-vez-sobre-tentativa-de-ataque-terrorista-foi-devastador\\\/\"},\"wordCount\":581,\"publisher\":{\"@id\":\"https:\\\/\\\/transamerica93.com.br\\\/home\\\/#organization\"},\"image\":{\"@id\":\"https:\\\/\\\/transamerica93.com.br\\\/home\\\/taylor-swift-fala-pela-primeira-vez-sobre-tentativa-de-ataque-terrorista-foi-devastador\\\/#primaryimage\"},\"thumbnailUrl\":\"https:\\\/\\\/transamerica93.com.br\\\/home\\\/wp-content\\\/uploads\\\/2024\\\/01\\\/imagem-46.jpg\",\"articleSection\":[\"Entretenimento\"],\"inLanguage\":\"pt-BR\"},{\"@type\":\"WebPage\",\"@id\":\"https:\\\/\\\/transamerica93.com.br\\\/home\\\/taylor-swift-fala-pela-primeira-vez-sobre-tentativa-de-ataque-terrorista-foi-devastador\\\/\",\"url\":\"https:\\\/\\\/transamerica93.com.br\\\/home\\\/taylor-swift-fala-pela-primeira-vez-sobre-tentativa-de-ataque-terrorista-foi-devastador\\\/\",\"name\":\"Taylor Swift fala pela primeira vez sobre tentativa de ataque terrorista: 'Foi devastador' - Transam\u00e9rica Mococa 93,3\",\"isPartOf\":{\"@id\":\"https:\\\/\\\/transamerica93.com.br\\\/home\\\/#website\"},\"primaryImageOfPage\":{\"@id\":\"https:\\\/\\\/transamerica93.com.br\\\/home\\\/taylor-swift-fala-pela-primeira-vez-sobre-tentativa-de-ataque-terrorista-foi-devastador\\\/#primaryimage\"},\"image\":{\"@id\":\"https:\\\/\\\/transamerica93.com.br\\\/home\\\/taylor-swift-fala-pela-primeira-vez-sobre-tentativa-de-ataque-terrorista-foi-devastador\\\/#primaryimage\"},\"thumbnailUrl\":\"https:\\\/\\\/transamerica93.com.br\\\/home\\\/wp-content\\\/uploads\\\/2024\\\/01\\\/imagem-46.jpg\",\"datePublished\":\"2024-08-28T21:00:25+00:00\",\"breadcrumb\":{\"@id\":\"https:\\\/\\\/transamerica93.com.br\\\/home\\\/taylor-swift-fala-pela-primeira-vez-sobre-tentativa-de-ataque-terrorista-foi-devastador\\\/#breadcrumb\"},\"inLanguage\":\"pt-BR\",\"potentialAction\":[{\"@type\":\"ReadAction\",\"target\":[\"https:\\\/\\\/transamerica93.com.br\\\/home\\\/taylor-swift-fala-pela-primeira-vez-sobre-tentativa-de-ataque-terrorista-foi-devastador\\\/\"]}]},{\"@type\":\"ImageObject\",\"inLanguage\":\"pt-BR\",\"@id\":\"https:\\\/\\\/transamerica93.com.br\\\/home\\\/taylor-swift-fala-pela-primeira-vez-sobre-tentativa-de-ataque-terrorista-foi-devastador\\\/#primaryimage\",\"url\":\"https:\\\/\\\/transamerica93.com.br\\\/home\\\/wp-content\\\/uploads\\\/2024\\\/01\\\/imagem-46.jpg\",\"contentUrl\":\"https:\\\/\\\/transamerica93.com.br\\\/home\\\/wp-content\\\/uploads\\\/2024\\\/01\\\/imagem-46.jpg\",\"width\":946,\"height\":587,\"caption\":\"Foto: Instagram @taylorswift\"},{\"@type\":\"BreadcrumbList\",\"@id\":\"https:\\\/\\\/transamerica93.com.br\\\/home\\\/taylor-swift-fala-pela-primeira-vez-sobre-tentativa-de-ataque-terrorista-foi-devastador\\\/#breadcrumb\",\"itemListElement\":[{\"@type\":\"ListItem\",\"position\":1,\"name\":\"In\u00edcio\",\"item\":\"https:\\\/\\\/transamerica93.com.br\\\/home\\\/\"},{\"@type\":\"ListItem\",\"position\":2,\"name\":\"Taylor Swift fala pela primeira vez sobre tentativa de ataque terrorista: &#8216;Foi devastador&#8217;\"}]},{\"@type\":\"WebSite\",\"@id\":\"https:\\\/\\\/transamerica93.com.br\\\/home\\\/#website\",\"url\":\"https:\\\/\\\/transamerica93.com.br\\\/home\\\/\",\"name\":\"Transam\u00e9rica Mococa 93,3\",\"description\":\"\",\"publisher\":{\"@id\":\"https:\\\/\\\/transamerica93.com.br\\\/home\\\/#organization\"},\"potentialAction\":[{\"@type\":\"SearchAction\",\"target\":{\"@type\":\"EntryPoint\",\"urlTemplate\":\"https:\\\/\\\/transamerica93.com.br\\\/home\\\/?s={search_term_string}\"},\"query-input\":{\"@type\":\"PropertyValueSpecification\",\"valueRequired\":true,\"valueName\":\"search_term_string\"}}],\"inLanguage\":\"pt-BR\"},{\"@type\":\"Organization\",\"@id\":\"https:\\\/\\\/transamerica93.com.br\\\/home\\\/#organization\",\"name\":\"Transam\u00e9rica Mococa 93,3\",\"url\":\"https:\\\/\\\/transamerica93.com.br\\\/home\\\/\",\"logo\":{\"@type\":\"ImageObject\",\"inLanguage\":\"pt-BR\",\"@id\":\"https:\\\/\\\/transamerica93.com.br\\\/home\\\/#\\\/schema\\\/logo\\\/image\\\/\",\"url\":\"https:\\\/\\\/transamerica93.com.br\\\/home\\\/wp-content\\\/uploads\\\/2023\\\/10\\\/logo2.png\",\"contentUrl\":\"https:\\\/\\\/transamerica93.com.br\\\/home\\\/wp-content\\\/uploads\\\/2023\\\/10\\\/logo2.png\",\"width\":800,\"height\":500,\"caption\":\"Transam\u00e9rica Mococa 93,3\"},\"image\":{\"@id\":\"https:\\\/\\\/transamerica93.com.br\\\/home\\\/#\\\/schema\\\/logo\\\/image\\\/\"},\"sameAs\":[\"https:\\\/\\\/www.facebook.com\\\/transamericamococa\",\"https:\\\/\\\/x.com\\\/transamerica933\",\"https:\\\/\\\/www.instagram.com\\\/transamericamococa\"]},{\"@type\":\"Person\",\"@id\":\"https:\\\/\\\/transamerica93.com.br\\\/home\\\/#\\\/schema\\\/person\\\/7fed7c99c0d4562efa8561bc0f543172\",\"name\":\"Reda\u00e7\u00e3o\",\"image\":{\"@type\":\"ImageObject\",\"inLanguage\":\"pt-BR\",\"@id\":\"https:\\\/\\\/secure.gravatar.com\\\/avatar\\\/1072c6b775fb02ef8506ce967551d95926669a6b7d2c2147b42eea4d7c68395e?s=96&d=mm&r=g\",\"url\":\"https:\\\/\\\/secure.gravatar.com\\\/avatar\\\/1072c6b775fb02ef8506ce967551d95926669a6b7d2c2147b42eea4d7c68395e?s=96&d=mm&r=g\",\"contentUrl\":\"https:\\\/\\\/secure.gravatar.com\\\/avatar\\\/1072c6b775fb02ef8506ce967551d95926669a6b7d2c2147b42eea4d7c68395e?s=96&d=mm&r=g\",\"caption\":\"Reda\u00e7\u00e3o\"},\"sameAs\":[\"https:\\\/\\\/transamerica93.com.br\\\/home\"],\"url\":\"https:\\\/\\\/transamerica93.com.br\\\/home\\\/author\\\/william\\\/\"}]}<\/script>\n<!-- \/ Yoast SEO plugin. -->","yoast_head_json":{"title":"Taylor Swift fala pela primeira vez sobre tentativa de ataque terrorista: 'Foi devastador' - Transam\u00e9rica Mococa 93,3","robots":{"index":"index","follow":"follow","max-snippet":"max-snippet:-1","max-image-preview":"max-image-preview:large","max-video-preview":"max-video-preview:-1"},"canonical":"https:\/\/transamerica93.com.br\/home\/taylor-swift-fala-pela-primeira-vez-sobre-tentativa-de-ataque-terrorista-foi-devastador\/","og_locale":"pt_BR","og_type":"article","og_title":"Taylor Swift fala pela primeira vez sobre tentativa de ataque terrorista: 'Foi devastador' - Transam\u00e9rica Mococa 93,3","og_description":"Por Beatriz Nogueira Na quarta-feira, 21, a cantora Taylor Swift falou pela primeira vez sobre o compl\u00f4 frustrado para atacar tr\u00eas shows que ela faria em Viena, na \u00c1ustria, no in\u00edcio de agosto. Em uma postagem em sua conta do Instagram por ocasi\u00e3o da conclus\u00e3o da etapa europeia da turn\u00ea\u00a0The Eras Tour, Taylor abordou a &hellip;","og_url":"https:\/\/transamerica93.com.br\/home\/taylor-swift-fala-pela-primeira-vez-sobre-tentativa-de-ataque-terrorista-foi-devastador\/","og_site_name":"Transam\u00e9rica Mococa 93,3","article_publisher":"https:\/\/www.facebook.com\/transamericamococa","article_published_time":"2024-08-28T21:00:25+00:00","og_image":[{"width":946,"height":587,"url":"https:\/\/transamerica93.com.br\/home\/wp-content\/uploads\/2024\/01\/imagem-46.jpg","type":"image\/jpeg"}],"author":"Reda\u00e7\u00e3o","twitter_card":"summary_large_image","twitter_creator":"@transamerica933","twitter_site":"@transamerica933","twitter_misc":{"Escrito por":"Reda\u00e7\u00e3o","Est. tempo de leitura":"1 minuto"},"schema":{"@context":"https:\/\/schema.org","@graph":[{"@type":"Article","@id":"https:\/\/transamerica93.com.br\/home\/taylor-swift-fala-pela-primeira-vez-sobre-tentativa-de-ataque-terrorista-foi-devastador\/#article","isPartOf":{"@id":"https:\/\/transamerica93.com.br\/home\/taylor-swift-fala-pela-primeira-vez-sobre-tentativa-de-ataque-terrorista-foi-devastador\/"},"author":{"name":"Reda\u00e7\u00e3o","@id":"https:\/\/transamerica93.com.br\/home\/#\/schema\/person\/7fed7c99c0d4562efa8561bc0f543172"},"headline":"Taylor Swift fala pela primeira vez sobre tentativa de ataque terrorista: &#8216;Foi devastador&#8217;","datePublished":"2024-08-28T21:00:25+00:00","mainEntityOfPage":{"@id":"https:\/\/transamerica93.com.br\/home\/taylor-swift-fala-pela-primeira-vez-sobre-tentativa-de-ataque-terrorista-foi-devastador\/"},"wordCount":581,"publisher":{"@id":"https:\/\/transamerica93.com.br\/home\/#organization"},"image":{"@id":"https:\/\/transamerica93.com.br\/home\/taylor-swift-fala-pela-primeira-vez-sobre-tentativa-de-ataque-terrorista-foi-devastador\/#primaryimage"},"thumbnailUrl":"https:\/\/transamerica93.com.br\/home\/wp-content\/uploads\/2024\/01\/imagem-46.jpg","articleSection":["Entretenimento"],"inLanguage":"pt-BR"},{"@type":"WebPage","@id":"https:\/\/transamerica93.com.br\/home\/taylor-swift-fala-pela-primeira-vez-sobre-tentativa-de-ataque-terrorista-foi-devastador\/","url":"https:\/\/transamerica93.com.br\/home\/taylor-swift-fala-pela-primeira-vez-sobre-tentativa-de-ataque-terrorista-foi-devastador\/","name":"Taylor Swift fala pela primeira vez sobre tentativa de ataque terrorista: 'Foi devastador' - Transam\u00e9rica Mococa 93,3","isPartOf":{"@id":"https:\/\/transamerica93.com.br\/home\/#website"},"primaryImageOfPage":{"@id":"https:\/\/transamerica93.com.br\/home\/taylor-swift-fala-pela-primeira-vez-sobre-tentativa-de-ataque-terrorista-foi-devastador\/#primaryimage"},"image":{"@id":"https:\/\/transamerica93.com.br\/home\/taylor-swift-fala-pela-primeira-vez-sobre-tentativa-de-ataque-terrorista-foi-devastador\/#primaryimage"},"thumbnailUrl":"https:\/\/transamerica93.com.br\/home\/wp-content\/uploads\/2024\/01\/imagem-46.jpg","datePublished":"2024-08-28T21:00:25+00:00","breadcrumb":{"@id":"https:\/\/transamerica93.com.br\/home\/taylor-swift-fala-pela-primeira-vez-sobre-tentativa-de-ataque-terrorista-foi-devastador\/#breadcrumb"},"inLanguage":"pt-BR","potentialAction":[{"@type":"ReadAction","target":["https:\/\/transamerica93.com.br\/home\/taylor-swift-fala-pela-primeira-vez-sobre-tentativa-de-ataque-terrorista-foi-devastador\/"]}]},{"@type":"ImageObject","inLanguage":"pt-BR","@id":"https:\/\/transamerica93.com.br\/home\/taylor-swift-fala-pela-primeira-vez-sobre-tentativa-de-ataque-terrorista-foi-devastador\/#primaryimage","url":"https:\/\/transamerica93.com.br\/home\/wp-content\/uploads\/2024\/01\/imagem-46.jpg","contentUrl":"https:\/\/transamerica93.com.br\/home\/wp-content\/uploads\/2024\/01\/imagem-46.jpg","width":946,"height":587,"caption":"Foto: Instagram @taylorswift"},{"@type":"BreadcrumbList","@id":"https:\/\/transamerica93.com.br\/home\/taylor-swift-fala-pela-primeira-vez-sobre-tentativa-de-ataque-terrorista-foi-devastador\/#breadcrumb","itemListElement":[{"@type":"ListItem","position":1,"name":"In\u00edcio","item":"https:\/\/transamerica93.com.br\/home\/"},{"@type":"ListItem","position":2,"name":"Taylor Swift fala pela primeira vez sobre tentativa de ataque terrorista: &#8216;Foi devastador&#8217;"}]},{"@type":"WebSite","@id":"https:\/\/transamerica93.com.br\/home\/#website","url":"https:\/\/transamerica93.com.br\/home\/","name":"Transam\u00e9rica Mococa 93,3","description":"","publisher":{"@id":"https:\/\/transamerica93.com.br\/home\/#organization"},"potentialAction":[{"@type":"SearchAction","target":{"@type":"EntryPoint","urlTemplate":"https:\/\/transamerica93.com.br\/home\/?s={search_term_string}"},"query-input":{"@type":"PropertyValueSpecification","valueRequired":true,"valueName":"search_term_string"}}],"inLanguage":"pt-BR"},{"@type":"Organization","@id":"https:\/\/transamerica93.com.br\/home\/#organization","name":"Transam\u00e9rica Mococa 93,3","url":"https:\/\/transamerica93.com.br\/home\/","logo":{"@type":"ImageObject","inLanguage":"pt-BR","@id":"https:\/\/transamerica93.com.br\/home\/#\/schema\/logo\/image\/","url":"https:\/\/transamerica93.com.br\/home\/wp-content\/uploads\/2023\/10\/logo2.png","contentUrl":"https:\/\/transamerica93.com.br\/home\/wp-content\/uploads\/2023\/10\/logo2.png","width":800,"height":500,"caption":"Transam\u00e9rica Mococa 93,3"},"image":{"@id":"https:\/\/transamerica93.com.br\/home\/#\/schema\/logo\/image\/"},"sameAs":["https:\/\/www.facebook.com\/transamericamococa","https:\/\/x.com\/transamerica933","https:\/\/www.instagram.com\/transamericamococa"]},{"@type":"Person","@id":"https:\/\/transamerica93.com.br\/home\/#\/schema\/person\/7fed7c99c0d4562efa8561bc0f543172","name":"Reda\u00e7\u00e3o","image":{"@type":"ImageObject","inLanguage":"pt-BR","@id":"https:\/\/secure.gravatar.com\/avatar\/1072c6b775fb02ef8506ce967551d95926669a6b7d2c2147b42eea4d7c68395e?s=96&d=mm&r=g","url":"https:\/\/secure.gravatar.com\/avatar\/1072c6b775fb02ef8506ce967551d95926669a6b7d2c2147b42eea4d7c68395e?s=96&d=mm&r=g","contentUrl":"https:\/\/secure.gravatar.com\/avatar\/1072c6b775fb02ef8506ce967551d95926669a6b7d2c2147b42eea4d7c68395e?s=96&d=mm&r=g","caption":"Reda\u00e7\u00e3o"},"sameAs":["https:\/\/transamerica93.com.br\/home"],"url":"https:\/\/transamerica93.com.br\/home\/author\/william\/"}]}},"_links":{"self":[{"href":"https:\/\/transamerica93.com.br\/home\/wp-json\/wp\/v2\/posts\/3667","targetHints":{"allow":["GET"]}}],"collection":[{"href":"https:\/\/transamerica93.com.br\/home\/wp-json\/wp\/v2\/posts"}],"about":[{"href":"https:\/\/transamerica93.com.br\/home\/wp-json\/wp\/v2\/types\/post"}],"author":[{"embeddable":true,"href":"https:\/\/transamerica93.com.br\/home\/wp-json\/wp\/v2\/users\/1"}],"replies":[{"embeddable":true,"href":"https:\/\/transamerica93.com.br\/home\/wp-json\/wp\/v2\/comments?post=3667"}],"version-history":[{"count":1,"href":"https:\/\/transamerica93.com.br\/home\/wp-json\/wp\/v2\/posts\/3667\/revisions"}],"predecessor-version":[{"id":3668,"href":"https:\/\/transamerica93.com.br\/home\/wp-json\/wp\/v2\/posts\/3667\/revisions\/3668"}],"wp:featuredmedia":[{"embeddable":true,"href":"https:\/\/transamerica93.com.br\/home\/wp-json\/wp\/v2\/media\/2399"}],"wp:attachment":[{"href":"https:\/\/transamerica93.com.br\/home\/wp-json\/wp\/v2\/media?parent=3667"}],"wp:term":[{"taxonomy":"category","embeddable":true,"href":"https:\/\/transamerica93.com.br\/home\/wp-json\/wp\/v2\/categories?post=3667"},{"taxonomy":"post_tag","embeddable":true,"href":"https:\/\/transamerica93.com.br\/home\/wp-json\/wp\/v2\/tags?post=3667"}],"curies":[{"name":"wp","href":"https:\/\/api.w.org\/{rel}","templated":true}]}}