{"id":3669,"date":"2024-08-29T18:00:13","date_gmt":"2024-08-29T21:00:13","guid":{"rendered":"https:\/\/transamerica93.com.br\/home\/?p=3669"},"modified":"2024-08-23T01:30:40","modified_gmt":"2024-08-23T04:30:40","slug":"priscila-fantin-conta-que-filho-foi-abandonado-pelo-pai-quanto-tinha-cinco-anos","status":"publish","type":"post","link":"https:\/\/transamerica93.com.br\/home\/priscila-fantin-conta-que-filho-foi-abandonado-pelo-pai-quanto-tinha-cinco-anos\/","title":{"rendered":"Priscila Fantin conta que filho foi abandonado pelo pai quanto tinha cinco anos"},"content":{"rendered":"<div id=\"Corpo\">\n<h6 class=\"Assina\">Por Reda\u00e7\u00e3o<\/h6>\n<p>Priscila Fantin, que pode ser vista atualmente na reprise da novela\u00a0<i>Alma G\u00eamea<\/i>, falou sobre abandono parental durante o podcast\u00a0<i>Mil e Uma Tretas<\/i>, apresentado por Julia Faria e Thaila Ayalla, cujo tema era &#8220;filhos de pais separados&#8221;. A atriz contou como o ex-marido, Renan Abreu, deixou de conviver com o filho Romeo quando ele tinha apenas cinco anos, ap\u00f3s o div\u00f3rcio do casal. A reportagem n\u00e3o conseguiu contato com o ator e espa\u00e7o est\u00e1 aberto.<\/p>\n<p>&#8220;O Romeo via muita coisa [do casamento] acontecendo. Ele tinha cinco anos. Na verdade, crian\u00e7a sente tudo, e ele presenciou algumas coisas. Quando houve o veredicto, a decis\u00e3o, chamei o Romeo e expliquei para ele&#8221;, disse a atriz. &#8220;Expliquei que n\u00e3o \u00edamos mais morar juntos, que n\u00e3o \u00e9ramos mais namorados, s\u00f3 que ele [Renan] n\u00e3o falou nada. Simplesmente sumiu, e isso foi muito duro para o Romeo&#8221;, continuou.<\/p>\n<p>Priscila seguiu sua participa\u00e7\u00e3o no podcast explicando o que aconteceu logo ap\u00f3s o fim de seu casamento. A atriz disse que o garotinho ficava pedindo para falar com o pai, mas que n\u00e3o conseguia contato. &#8220;Ele ficava: &#8216;Vamos ligar para ele, vamos falar com ele&#8217;. Eu tentava ligar e ele n\u00e3o atendia&#8221;, contou. &#8220;Depois de dias, ele falava assim: &#8216;J\u00e1 sei, o celular dele deve ter quebrado&#8217;. E eu dizia: &#8216;Deve ter quebrado, deve ter perdido, deve ter mudado de n\u00famero, algo assim'&#8221;, complementou.<\/p>\n<p>Ap\u00f3s a repercuss\u00e3o, Priscila voltou a falar sobre o assunto em suas redes sociais. &#8220;Reafirmo que insisti por muito tempo pelos encontros e alguns chegaram sim a acontecer. Por\u00e9m, o processo judicial foi complicado e perdurou por muitos anos. Em respeito ao segredo de justi\u00e7a, a fim de preservar as partes e principalmente o Romeo, gostaria de encerrar esse assunto&#8221;, escreveu a atriz. &#8220;Lutei muito para que n\u00e3o houvesse mais sofrimento para ele. Hoje ele \u00e9 feliz, tem um pai amoroso e respons\u00e1vel, ent\u00e3o preferimos n\u00e3o mais lembrar dos momentos dif\u00edceis. Agrade\u00e7o a compreens\u00e3o e o carinho&#8221;, disse.<\/p>\n<p>O podcast tamb\u00e9m fez uma publica\u00e7\u00e3o explicando a repercuss\u00e3o e as poss\u00edveis interpreta\u00e7\u00f5es equivocadas que ela poderia gerar. A mensagem tamb\u00e9m foi compartilhada pela atriz. &#8220;N\u00f3s, do Mil e Uma Tretas, deixamos claro que em nenhum momento a Priscila Fantin acusou o genitor de abandono durante nosso programa. A fala, quando tirada de um contexto e interpretada por terceiros, recebe norma forma, que acaba sendo atribu\u00edda \u00e0 personalidade que estava se expressando&#8221;, diz o texto.<\/p>\n<p>&#8220;Priscila foi pega de surpresa pelo tema do epis\u00f3dio (falha na comunica\u00e7\u00e3o da produtora que a contactou) e tentou dar sua contribui\u00e7\u00e3o a fim de ajudar outras mulheres, que \u00e9 o maior intuito do nosso programa. Madura, ela contou algumas passagens junto ao seu filho e quem assiste ao epis\u00f3dio completo enxerga seu posicionamento pac\u00edfico e apaziguador. Fica claro que seu objetivo sempre foi a integridade mental, emocional e f\u00edsica do seu filho, bem como a dela&#8221;, finalizou o podcast.<\/p><\/div>\n","protected":false},"excerpt":{"rendered":"<p>Por Reda\u00e7\u00e3o Priscila Fantin, que pode ser vista atualmente na reprise da novela\u00a0Alma G\u00eamea, falou sobre abandono parental durante o podcast\u00a0Mil e Uma Tretas, apresentado por Julia Faria e Thaila Ayalla, cujo tema era &#8220;filhos de pais separados&#8221;. A atriz contou como o ex-marido, Renan Abreu, deixou de conviver com o filho Romeo quando ele &hellip;<\/p>\n","protected":false},"author":1,"featured_media":3670,"comment_status":"closed","ping_status":"closed","sticky":false,"template":"","format":"standard","meta":{"footnotes":""},"categories":[24],"tags":[],"class_list":["post-3669","post","type-post","status-publish","format-standard","has-post-thumbnail","hentry","category-entretenimento"],"yoast_head":"<!-- This site is optimized with the Yoast SEO plugin v27.4 - https:\/\/yoast.com\/product\/yoast-seo-wordpress\/ -->\n<title>Priscila Fantin conta que filho foi abandonado pelo pai quanto tinha cinco anos - Transam\u00e9rica Mococa 93,3<\/title>\n<meta name=\"robots\" content=\"index, follow, max-snippet:-1, max-image-preview:large, max-video-preview:-1\" \/>\n<link rel=\"canonical\" href=\"https:\/\/transamerica93.com.br\/home\/priscila-fantin-conta-que-filho-foi-abandonado-pelo-pai-quanto-tinha-cinco-anos\/\" \/>\n<meta property=\"og:locale\" content=\"pt_BR\" \/>\n<meta property=\"og:type\" content=\"article\" \/>\n<meta property=\"og:title\" content=\"Priscila Fantin conta que filho foi abandonado pelo pai quanto tinha cinco anos - Transam\u00e9rica Mococa 93,3\" \/>\n<meta property=\"og:description\" content=\"Por Reda\u00e7\u00e3o Priscila Fantin, que pode ser vista atualmente na reprise da novela\u00a0Alma G\u00eamea, falou sobre abandono parental durante o podcast\u00a0Mil e Uma Tretas, apresentado por Julia Faria e Thaila Ayalla, cujo tema era &#8220;filhos de pais separados&#8221;. A atriz contou como o ex-marido, Renan Abreu, deixou de conviver com o filho Romeo quando ele &hellip;\" \/>\n<meta property=\"og:url\" content=\"https:\/\/transamerica93.com.br\/home\/priscila-fantin-conta-que-filho-foi-abandonado-pelo-pai-quanto-tinha-cinco-anos\/\" \/>\n<meta property=\"og:site_name\" content=\"Transam\u00e9rica Mococa 93,3\" \/>\n<meta property=\"article:publisher\" content=\"https:\/\/www.facebook.com\/transamericamococa\" \/>\n<meta property=\"article:published_time\" content=\"2024-08-29T21:00:13+00:00\" \/>\n<meta property=\"og:image\" content=\"https:\/\/transamerica93.com.br\/home\/wp-content\/uploads\/2024\/08\/3-15.jpg\" \/>\n\t<meta property=\"og:image:width\" content=\"942\" \/>\n\t<meta property=\"og:image:height\" content=\"566\" \/>\n\t<meta property=\"og:image:type\" content=\"image\/jpeg\" \/>\n<meta name=\"author\" content=\"Reda\u00e7\u00e3o\" \/>\n<meta name=\"twitter:card\" content=\"summary_large_image\" \/>\n<meta name=\"twitter:creator\" content=\"@transamerica933\" \/>\n<meta name=\"twitter:site\" content=\"@transamerica933\" \/>\n<meta name=\"twitter:label1\" content=\"Escrito por\" \/>\n\t<meta name=\"twitter:data1\" content=\"Reda\u00e7\u00e3o\" \/>\n\t<meta name=\"twitter:label2\" content=\"Est. tempo de leitura\" \/>\n\t<meta name=\"twitter:data2\" content=\"3 minutos\" \/>\n<script type=\"application\/ld+json\" class=\"yoast-schema-graph\">{\"@context\":\"https:\\\/\\\/schema.org\",\"@graph\":[{\"@type\":\"Article\",\"@id\":\"https:\\\/\\\/transamerica93.com.br\\\/home\\\/priscila-fantin-conta-que-filho-foi-abandonado-pelo-pai-quanto-tinha-cinco-anos\\\/#article\",\"isPartOf\":{\"@id\":\"https:\\\/\\\/transamerica93.com.br\\\/home\\\/priscila-fantin-conta-que-filho-foi-abandonado-pelo-pai-quanto-tinha-cinco-anos\\\/\"},\"author\":{\"name\":\"Reda\u00e7\u00e3o\",\"@id\":\"https:\\\/\\\/transamerica93.com.br\\\/home\\\/#\\\/schema\\\/person\\\/7fed7c99c0d4562efa8561bc0f543172\"},\"headline\":\"Priscila Fantin conta que filho foi abandonado pelo pai quanto tinha cinco anos\",\"datePublished\":\"2024-08-29T21:00:13+00:00\",\"mainEntityOfPage\":{\"@id\":\"https:\\\/\\\/transamerica93.com.br\\\/home\\\/priscila-fantin-conta-que-filho-foi-abandonado-pelo-pai-quanto-tinha-cinco-anos\\\/\"},\"wordCount\":534,\"publisher\":{\"@id\":\"https:\\\/\\\/transamerica93.com.br\\\/home\\\/#organization\"},\"image\":{\"@id\":\"https:\\\/\\\/transamerica93.com.br\\\/home\\\/priscila-fantin-conta-que-filho-foi-abandonado-pelo-pai-quanto-tinha-cinco-anos\\\/#primaryimage\"},\"thumbnailUrl\":\"https:\\\/\\\/transamerica93.com.br\\\/home\\\/wp-content\\\/uploads\\\/2024\\\/08\\\/3-15.jpg\",\"articleSection\":[\"Entretenimento\"],\"inLanguage\":\"pt-BR\"},{\"@type\":\"WebPage\",\"@id\":\"https:\\\/\\\/transamerica93.com.br\\\/home\\\/priscila-fantin-conta-que-filho-foi-abandonado-pelo-pai-quanto-tinha-cinco-anos\\\/\",\"url\":\"https:\\\/\\\/transamerica93.com.br\\\/home\\\/priscila-fantin-conta-que-filho-foi-abandonado-pelo-pai-quanto-tinha-cinco-anos\\\/\",\"name\":\"Priscila Fantin conta que filho foi abandonado pelo pai quanto tinha cinco anos - Transam\u00e9rica Mococa 93,3\",\"isPartOf\":{\"@id\":\"https:\\\/\\\/transamerica93.com.br\\\/home\\\/#website\"},\"primaryImageOfPage\":{\"@id\":\"https:\\\/\\\/transamerica93.com.br\\\/home\\\/priscila-fantin-conta-que-filho-foi-abandonado-pelo-pai-quanto-tinha-cinco-anos\\\/#primaryimage\"},\"image\":{\"@id\":\"https:\\\/\\\/transamerica93.com.br\\\/home\\\/priscila-fantin-conta-que-filho-foi-abandonado-pelo-pai-quanto-tinha-cinco-anos\\\/#primaryimage\"},\"thumbnailUrl\":\"https:\\\/\\\/transamerica93.com.br\\\/home\\\/wp-content\\\/uploads\\\/2024\\\/08\\\/3-15.jpg\",\"datePublished\":\"2024-08-29T21:00:13+00:00\",\"breadcrumb\":{\"@id\":\"https:\\\/\\\/transamerica93.com.br\\\/home\\\/priscila-fantin-conta-que-filho-foi-abandonado-pelo-pai-quanto-tinha-cinco-anos\\\/#breadcrumb\"},\"inLanguage\":\"pt-BR\",\"potentialAction\":[{\"@type\":\"ReadAction\",\"target\":[\"https:\\\/\\\/transamerica93.com.br\\\/home\\\/priscila-fantin-conta-que-filho-foi-abandonado-pelo-pai-quanto-tinha-cinco-anos\\\/\"]}]},{\"@type\":\"ImageObject\",\"inLanguage\":\"pt-BR\",\"@id\":\"https:\\\/\\\/transamerica93.com.br\\\/home\\\/priscila-fantin-conta-que-filho-foi-abandonado-pelo-pai-quanto-tinha-cinco-anos\\\/#primaryimage\",\"url\":\"https:\\\/\\\/transamerica93.com.br\\\/home\\\/wp-content\\\/uploads\\\/2024\\\/08\\\/3-15.jpg\",\"contentUrl\":\"https:\\\/\\\/transamerica93.com.br\\\/home\\\/wp-content\\\/uploads\\\/2024\\\/08\\\/3-15.jpg\",\"width\":942,\"height\":566,\"caption\":\"Foto: Denise Andrade\"},{\"@type\":\"BreadcrumbList\",\"@id\":\"https:\\\/\\\/transamerica93.com.br\\\/home\\\/priscila-fantin-conta-que-filho-foi-abandonado-pelo-pai-quanto-tinha-cinco-anos\\\/#breadcrumb\",\"itemListElement\":[{\"@type\":\"ListItem\",\"position\":1,\"name\":\"In\u00edcio\",\"item\":\"https:\\\/\\\/transamerica93.com.br\\\/home\\\/\"},{\"@type\":\"ListItem\",\"position\":2,\"name\":\"Priscila Fantin conta que filho foi abandonado pelo pai quanto tinha cinco anos\"}]},{\"@type\":\"WebSite\",\"@id\":\"https:\\\/\\\/transamerica93.com.br\\\/home\\\/#website\",\"url\":\"https:\\\/\\\/transamerica93.com.br\\\/home\\\/\",\"name\":\"Transam\u00e9rica Mococa 93,3\",\"description\":\"\",\"publisher\":{\"@id\":\"https:\\\/\\\/transamerica93.com.br\\\/home\\\/#organization\"},\"potentialAction\":[{\"@type\":\"SearchAction\",\"target\":{\"@type\":\"EntryPoint\",\"urlTemplate\":\"https:\\\/\\\/transamerica93.com.br\\\/home\\\/?s={search_term_string}\"},\"query-input\":{\"@type\":\"PropertyValueSpecification\",\"valueRequired\":true,\"valueName\":\"search_term_string\"}}],\"inLanguage\":\"pt-BR\"},{\"@type\":\"Organization\",\"@id\":\"https:\\\/\\\/transamerica93.com.br\\\/home\\\/#organization\",\"name\":\"Transam\u00e9rica Mococa 93,3\",\"url\":\"https:\\\/\\\/transamerica93.com.br\\\/home\\\/\",\"logo\":{\"@type\":\"ImageObject\",\"inLanguage\":\"pt-BR\",\"@id\":\"https:\\\/\\\/transamerica93.com.br\\\/home\\\/#\\\/schema\\\/logo\\\/image\\\/\",\"url\":\"https:\\\/\\\/transamerica93.com.br\\\/home\\\/wp-content\\\/uploads\\\/2023\\\/10\\\/logo2.png\",\"contentUrl\":\"https:\\\/\\\/transamerica93.com.br\\\/home\\\/wp-content\\\/uploads\\\/2023\\\/10\\\/logo2.png\",\"width\":800,\"height\":500,\"caption\":\"Transam\u00e9rica Mococa 93,3\"},\"image\":{\"@id\":\"https:\\\/\\\/transamerica93.com.br\\\/home\\\/#\\\/schema\\\/logo\\\/image\\\/\"},\"sameAs\":[\"https:\\\/\\\/www.facebook.com\\\/transamericamococa\",\"https:\\\/\\\/x.com\\\/transamerica933\",\"https:\\\/\\\/www.instagram.com\\\/transamericamococa\"]},{\"@type\":\"Person\",\"@id\":\"https:\\\/\\\/transamerica93.com.br\\\/home\\\/#\\\/schema\\\/person\\\/7fed7c99c0d4562efa8561bc0f543172\",\"name\":\"Reda\u00e7\u00e3o\",\"image\":{\"@type\":\"ImageObject\",\"inLanguage\":\"pt-BR\",\"@id\":\"https:\\\/\\\/secure.gravatar.com\\\/avatar\\\/1072c6b775fb02ef8506ce967551d95926669a6b7d2c2147b42eea4d7c68395e?s=96&d=mm&r=g\",\"url\":\"https:\\\/\\\/secure.gravatar.com\\\/avatar\\\/1072c6b775fb02ef8506ce967551d95926669a6b7d2c2147b42eea4d7c68395e?s=96&d=mm&r=g\",\"contentUrl\":\"https:\\\/\\\/secure.gravatar.com\\\/avatar\\\/1072c6b775fb02ef8506ce967551d95926669a6b7d2c2147b42eea4d7c68395e?s=96&d=mm&r=g\",\"caption\":\"Reda\u00e7\u00e3o\"},\"sameAs\":[\"https:\\\/\\\/transamerica93.com.br\\\/home\"],\"url\":\"https:\\\/\\\/transamerica93.com.br\\\/home\\\/author\\\/william\\\/\"}]}<\/script>\n<!-- \/ Yoast SEO plugin. -->","yoast_head_json":{"title":"Priscila Fantin conta que filho foi abandonado pelo pai quanto tinha cinco anos - Transam\u00e9rica Mococa 93,3","robots":{"index":"index","follow":"follow","max-snippet":"max-snippet:-1","max-image-preview":"max-image-preview:large","max-video-preview":"max-video-preview:-1"},"canonical":"https:\/\/transamerica93.com.br\/home\/priscila-fantin-conta-que-filho-foi-abandonado-pelo-pai-quanto-tinha-cinco-anos\/","og_locale":"pt_BR","og_type":"article","og_title":"Priscila Fantin conta que filho foi abandonado pelo pai quanto tinha cinco anos - Transam\u00e9rica Mococa 93,3","og_description":"Por Reda\u00e7\u00e3o Priscila Fantin, que pode ser vista atualmente na reprise da novela\u00a0Alma G\u00eamea, falou sobre abandono parental durante o podcast\u00a0Mil e Uma Tretas, apresentado por Julia Faria e Thaila Ayalla, cujo tema era &#8220;filhos de pais separados&#8221;. A atriz contou como o ex-marido, Renan Abreu, deixou de conviver com o filho Romeo quando ele &hellip;","og_url":"https:\/\/transamerica93.com.br\/home\/priscila-fantin-conta-que-filho-foi-abandonado-pelo-pai-quanto-tinha-cinco-anos\/","og_site_name":"Transam\u00e9rica Mococa 93,3","article_publisher":"https:\/\/www.facebook.com\/transamericamococa","article_published_time":"2024-08-29T21:00:13+00:00","og_image":[{"width":942,"height":566,"url":"https:\/\/transamerica93.com.br\/home\/wp-content\/uploads\/2024\/08\/3-15.jpg","type":"image\/jpeg"}],"author":"Reda\u00e7\u00e3o","twitter_card":"summary_large_image","twitter_creator":"@transamerica933","twitter_site":"@transamerica933","twitter_misc":{"Escrito por":"Reda\u00e7\u00e3o","Est. tempo de leitura":"3 minutos"},"schema":{"@context":"https:\/\/schema.org","@graph":[{"@type":"Article","@id":"https:\/\/transamerica93.com.br\/home\/priscila-fantin-conta-que-filho-foi-abandonado-pelo-pai-quanto-tinha-cinco-anos\/#article","isPartOf":{"@id":"https:\/\/transamerica93.com.br\/home\/priscila-fantin-conta-que-filho-foi-abandonado-pelo-pai-quanto-tinha-cinco-anos\/"},"author":{"name":"Reda\u00e7\u00e3o","@id":"https:\/\/transamerica93.com.br\/home\/#\/schema\/person\/7fed7c99c0d4562efa8561bc0f543172"},"headline":"Priscila Fantin conta que filho foi abandonado pelo pai quanto tinha cinco anos","datePublished":"2024-08-29T21:00:13+00:00","mainEntityOfPage":{"@id":"https:\/\/transamerica93.com.br\/home\/priscila-fantin-conta-que-filho-foi-abandonado-pelo-pai-quanto-tinha-cinco-anos\/"},"wordCount":534,"publisher":{"@id":"https:\/\/transamerica93.com.br\/home\/#organization"},"image":{"@id":"https:\/\/transamerica93.com.br\/home\/priscila-fantin-conta-que-filho-foi-abandonado-pelo-pai-quanto-tinha-cinco-anos\/#primaryimage"},"thumbnailUrl":"https:\/\/transamerica93.com.br\/home\/wp-content\/uploads\/2024\/08\/3-15.jpg","articleSection":["Entretenimento"],"inLanguage":"pt-BR"},{"@type":"WebPage","@id":"https:\/\/transamerica93.com.br\/home\/priscila-fantin-conta-que-filho-foi-abandonado-pelo-pai-quanto-tinha-cinco-anos\/","url":"https:\/\/transamerica93.com.br\/home\/priscila-fantin-conta-que-filho-foi-abandonado-pelo-pai-quanto-tinha-cinco-anos\/","name":"Priscila Fantin conta que filho foi abandonado pelo pai quanto tinha cinco anos - Transam\u00e9rica Mococa 93,3","isPartOf":{"@id":"https:\/\/transamerica93.com.br\/home\/#website"},"primaryImageOfPage":{"@id":"https:\/\/transamerica93.com.br\/home\/priscila-fantin-conta-que-filho-foi-abandonado-pelo-pai-quanto-tinha-cinco-anos\/#primaryimage"},"image":{"@id":"https:\/\/transamerica93.com.br\/home\/priscila-fantin-conta-que-filho-foi-abandonado-pelo-pai-quanto-tinha-cinco-anos\/#primaryimage"},"thumbnailUrl":"https:\/\/transamerica93.com.br\/home\/wp-content\/uploads\/2024\/08\/3-15.jpg","datePublished":"2024-08-29T21:00:13+00:00","breadcrumb":{"@id":"https:\/\/transamerica93.com.br\/home\/priscila-fantin-conta-que-filho-foi-abandonado-pelo-pai-quanto-tinha-cinco-anos\/#breadcrumb"},"inLanguage":"pt-BR","potentialAction":[{"@type":"ReadAction","target":["https:\/\/transamerica93.com.br\/home\/priscila-fantin-conta-que-filho-foi-abandonado-pelo-pai-quanto-tinha-cinco-anos\/"]}]},{"@type":"ImageObject","inLanguage":"pt-BR","@id":"https:\/\/transamerica93.com.br\/home\/priscila-fantin-conta-que-filho-foi-abandonado-pelo-pai-quanto-tinha-cinco-anos\/#primaryimage","url":"https:\/\/transamerica93.com.br\/home\/wp-content\/uploads\/2024\/08\/3-15.jpg","contentUrl":"https:\/\/transamerica93.com.br\/home\/wp-content\/uploads\/2024\/08\/3-15.jpg","width":942,"height":566,"caption":"Foto: Denise Andrade"},{"@type":"BreadcrumbList","@id":"https:\/\/transamerica93.com.br\/home\/priscila-fantin-conta-que-filho-foi-abandonado-pelo-pai-quanto-tinha-cinco-anos\/#breadcrumb","itemListElement":[{"@type":"ListItem","position":1,"name":"In\u00edcio","item":"https:\/\/transamerica93.com.br\/home\/"},{"@type":"ListItem","position":2,"name":"Priscila Fantin conta que filho foi abandonado pelo pai quanto tinha cinco anos"}]},{"@type":"WebSite","@id":"https:\/\/transamerica93.com.br\/home\/#website","url":"https:\/\/transamerica93.com.br\/home\/","name":"Transam\u00e9rica Mococa 93,3","description":"","publisher":{"@id":"https:\/\/transamerica93.com.br\/home\/#organization"},"potentialAction":[{"@type":"SearchAction","target":{"@type":"EntryPoint","urlTemplate":"https:\/\/transamerica93.com.br\/home\/?s={search_term_string}"},"query-input":{"@type":"PropertyValueSpecification","valueRequired":true,"valueName":"search_term_string"}}],"inLanguage":"pt-BR"},{"@type":"Organization","@id":"https:\/\/transamerica93.com.br\/home\/#organization","name":"Transam\u00e9rica Mococa 93,3","url":"https:\/\/transamerica93.com.br\/home\/","logo":{"@type":"ImageObject","inLanguage":"pt-BR","@id":"https:\/\/transamerica93.com.br\/home\/#\/schema\/logo\/image\/","url":"https:\/\/transamerica93.com.br\/home\/wp-content\/uploads\/2023\/10\/logo2.png","contentUrl":"https:\/\/transamerica93.com.br\/home\/wp-content\/uploads\/2023\/10\/logo2.png","width":800,"height":500,"caption":"Transam\u00e9rica Mococa 93,3"},"image":{"@id":"https:\/\/transamerica93.com.br\/home\/#\/schema\/logo\/image\/"},"sameAs":["https:\/\/www.facebook.com\/transamericamococa","https:\/\/x.com\/transamerica933","https:\/\/www.instagram.com\/transamericamococa"]},{"@type":"Person","@id":"https:\/\/transamerica93.com.br\/home\/#\/schema\/person\/7fed7c99c0d4562efa8561bc0f543172","name":"Reda\u00e7\u00e3o","image":{"@type":"ImageObject","inLanguage":"pt-BR","@id":"https:\/\/secure.gravatar.com\/avatar\/1072c6b775fb02ef8506ce967551d95926669a6b7d2c2147b42eea4d7c68395e?s=96&d=mm&r=g","url":"https:\/\/secure.gravatar.com\/avatar\/1072c6b775fb02ef8506ce967551d95926669a6b7d2c2147b42eea4d7c68395e?s=96&d=mm&r=g","contentUrl":"https:\/\/secure.gravatar.com\/avatar\/1072c6b775fb02ef8506ce967551d95926669a6b7d2c2147b42eea4d7c68395e?s=96&d=mm&r=g","caption":"Reda\u00e7\u00e3o"},"sameAs":["https:\/\/transamerica93.com.br\/home"],"url":"https:\/\/transamerica93.com.br\/home\/author\/william\/"}]}},"_links":{"self":[{"href":"https:\/\/transamerica93.com.br\/home\/wp-json\/wp\/v2\/posts\/3669","targetHints":{"allow":["GET"]}}],"collection":[{"href":"https:\/\/transamerica93.com.br\/home\/wp-json\/wp\/v2\/posts"}],"about":[{"href":"https:\/\/transamerica93.com.br\/home\/wp-json\/wp\/v2\/types\/post"}],"author":[{"embeddable":true,"href":"https:\/\/transamerica93.com.br\/home\/wp-json\/wp\/v2\/users\/1"}],"replies":[{"embeddable":true,"href":"https:\/\/transamerica93.com.br\/home\/wp-json\/wp\/v2\/comments?post=3669"}],"version-history":[{"count":1,"href":"https:\/\/transamerica93.com.br\/home\/wp-json\/wp\/v2\/posts\/3669\/revisions"}],"predecessor-version":[{"id":3671,"href":"https:\/\/transamerica93.com.br\/home\/wp-json\/wp\/v2\/posts\/3669\/revisions\/3671"}],"wp:featuredmedia":[{"embeddable":true,"href":"https:\/\/transamerica93.com.br\/home\/wp-json\/wp\/v2\/media\/3670"}],"wp:attachment":[{"href":"https:\/\/transamerica93.com.br\/home\/wp-json\/wp\/v2\/media?parent=3669"}],"wp:term":[{"taxonomy":"category","embeddable":true,"href":"https:\/\/transamerica93.com.br\/home\/wp-json\/wp\/v2\/categories?post=3669"},{"taxonomy":"post_tag","embeddable":true,"href":"https:\/\/transamerica93.com.br\/home\/wp-json\/wp\/v2\/tags?post=3669"}],"curies":[{"name":"wp","href":"https:\/\/api.w.org\/{rel}","templated":true}]}}