{"id":3675,"date":"2024-08-26T15:00:53","date_gmt":"2024-08-26T18:00:53","guid":{"rendered":"https:\/\/transamerica93.com.br\/home\/?p=3675"},"modified":"2024-08-23T01:34:12","modified_gmt":"2024-08-23T04:34:12","slug":"yuri-lima-e-hostilizado-em-show-de-iza-e-cantora-reage","status":"publish","type":"post","link":"https:\/\/transamerica93.com.br\/home\/yuri-lima-e-hostilizado-em-show-de-iza-e-cantora-reage\/","title":{"rendered":"Yuri Lima \u00e9 hostilizado em show de Iza e cantora reage"},"content":{"rendered":"<div id=\"Corpo\">\n<h6 class=\"Assina\">Por Beatriz Nogueira<\/h6>\n<p>A cantora Iza foi a grande atra\u00e7\u00e3o da festa de comemora\u00e7\u00e3o dos 126 anos do Vasco da Gama, seu time de cora\u00e7\u00e3o, realizada no Rio de Janeiro. Entre uma m\u00fasica e outra, enquanto conversava com os f\u00e3s, a cantora foi surpreendida por um coro inesperado: &#8220;Ei, Yuri, vai tomar no c\u2026&#8221;, cantavam os torcedores, contra o jogador Yuri Lima, ex-namorado de Iza, que a traiu durante sua gravidez.<\/p>\n<p>Ao ouvir os xingamentos, Iza, gr\u00e1vida de oito meses, reagiu com um sorriso. &#8220;O que \u00e9 que isso?&#8221;, perguntou a artista, em tom leve. E completou: &#8220;Se tem uma coisa que vasca\u00edno sabe \u00e9 ter f\u00e9\u2026 \u00c9 ou n\u00e3o \u00e9?&#8221;, arrancando aplausos e gritos de apoio do p\u00fablico.<\/p>\n<p>Yuri Lima, que est\u00e1 desempregado ap\u00f3s ter o contrato rescindido com o Mirassol, clube da S\u00e9rie B do Campeonato Brasileiro, ser\u00e1 pai de Nala, primeira filha de Iza. A cantora anunciou o fim do relacionamento com o jogador no dia 11 de julho, quando revelou em suas redes sociais que havia sido tra\u00edda por ele.<\/p><\/div>\n","protected":false},"excerpt":{"rendered":"<p>Por Beatriz Nogueira A cantora Iza foi a grande atra\u00e7\u00e3o da festa de comemora\u00e7\u00e3o dos 126 anos do Vasco da Gama, seu time de cora\u00e7\u00e3o, realizada no Rio de Janeiro. Entre uma m\u00fasica e outra, enquanto conversava com os f\u00e3s, a cantora foi surpreendida por um coro inesperado: &#8220;Ei, Yuri, vai tomar no c\u2026&#8221;, cantavam &hellip;<\/p>\n","protected":false},"author":1,"featured_media":3676,"comment_status":"closed","ping_status":"closed","sticky":false,"template":"","format":"standard","meta":{"footnotes":""},"categories":[25],"tags":[],"class_list":["post-3675","post","type-post","status-publish","format-standard","has-post-thumbnail","hentry","category-musica"],"yoast_head":"<!-- This site is optimized with the Yoast SEO plugin v27.4 - https:\/\/yoast.com\/product\/yoast-seo-wordpress\/ -->\n<title>Yuri Lima \u00e9 hostilizado em show de Iza e cantora reage - Transam\u00e9rica Mococa 93,3<\/title>\n<meta name=\"robots\" content=\"index, follow, max-snippet:-1, max-image-preview:large, max-video-preview:-1\" \/>\n<link rel=\"canonical\" href=\"https:\/\/transamerica93.com.br\/home\/yuri-lima-e-hostilizado-em-show-de-iza-e-cantora-reage\/\" \/>\n<meta property=\"og:locale\" content=\"pt_BR\" \/>\n<meta property=\"og:type\" content=\"article\" \/>\n<meta property=\"og:title\" content=\"Yuri Lima \u00e9 hostilizado em show de Iza e cantora reage - Transam\u00e9rica Mococa 93,3\" \/>\n<meta property=\"og:description\" content=\"Por Beatriz Nogueira A cantora Iza foi a grande atra\u00e7\u00e3o da festa de comemora\u00e7\u00e3o dos 126 anos do Vasco da Gama, seu time de cora\u00e7\u00e3o, realizada no Rio de Janeiro. Entre uma m\u00fasica e outra, enquanto conversava com os f\u00e3s, a cantora foi surpreendida por um coro inesperado: &#8220;Ei, Yuri, vai tomar no c\u2026&#8221;, cantavam &hellip;\" \/>\n<meta property=\"og:url\" content=\"https:\/\/transamerica93.com.br\/home\/yuri-lima-e-hostilizado-em-show-de-iza-e-cantora-reage\/\" \/>\n<meta property=\"og:site_name\" content=\"Transam\u00e9rica Mococa 93,3\" \/>\n<meta property=\"article:publisher\" content=\"https:\/\/www.facebook.com\/transamericamococa\" \/>\n<meta property=\"article:published_time\" content=\"2024-08-26T18:00:53+00:00\" \/>\n<meta property=\"og:image\" content=\"https:\/\/transamerica93.com.br\/home\/wp-content\/uploads\/2024\/08\/1-14.jpg\" \/>\n\t<meta property=\"og:image:width\" content=\"1200\" \/>\n\t<meta property=\"og:image:height\" content=\"627\" \/>\n\t<meta property=\"og:image:type\" content=\"image\/jpeg\" \/>\n<meta name=\"author\" content=\"Reda\u00e7\u00e3o\" \/>\n<meta name=\"twitter:card\" content=\"summary_large_image\" \/>\n<meta name=\"twitter:creator\" content=\"@transamerica933\" \/>\n<meta name=\"twitter:site\" content=\"@transamerica933\" \/>\n<meta name=\"twitter:label1\" content=\"Escrito por\" \/>\n\t<meta name=\"twitter:data1\" content=\"Reda\u00e7\u00e3o\" \/>\n\t<meta name=\"twitter:label2\" content=\"Est. tempo de leitura\" \/>\n\t<meta name=\"twitter:data2\" content=\"1 minuto\" \/>\n<script type=\"application\/ld+json\" class=\"yoast-schema-graph\">{\"@context\":\"https:\\\/\\\/schema.org\",\"@graph\":[{\"@type\":\"Article\",\"@id\":\"https:\\\/\\\/transamerica93.com.br\\\/home\\\/yuri-lima-e-hostilizado-em-show-de-iza-e-cantora-reage\\\/#article\",\"isPartOf\":{\"@id\":\"https:\\\/\\\/transamerica93.com.br\\\/home\\\/yuri-lima-e-hostilizado-em-show-de-iza-e-cantora-reage\\\/\"},\"author\":{\"name\":\"Reda\u00e7\u00e3o\",\"@id\":\"https:\\\/\\\/transamerica93.com.br\\\/home\\\/#\\\/schema\\\/person\\\/7fed7c99c0d4562efa8561bc0f543172\"},\"headline\":\"Yuri Lima \u00e9 hostilizado em show de Iza e cantora reage\",\"datePublished\":\"2024-08-26T18:00:53+00:00\",\"mainEntityOfPage\":{\"@id\":\"https:\\\/\\\/transamerica93.com.br\\\/home\\\/yuri-lima-e-hostilizado-em-show-de-iza-e-cantora-reage\\\/\"},\"wordCount\":190,\"publisher\":{\"@id\":\"https:\\\/\\\/transamerica93.com.br\\\/home\\\/#organization\"},\"image\":{\"@id\":\"https:\\\/\\\/transamerica93.com.br\\\/home\\\/yuri-lima-e-hostilizado-em-show-de-iza-e-cantora-reage\\\/#primaryimage\"},\"thumbnailUrl\":\"https:\\\/\\\/transamerica93.com.br\\\/home\\\/wp-content\\\/uploads\\\/2024\\\/08\\\/1-14.jpg\",\"articleSection\":[\"M\u00fasica\"],\"inLanguage\":\"pt-BR\"},{\"@type\":\"WebPage\",\"@id\":\"https:\\\/\\\/transamerica93.com.br\\\/home\\\/yuri-lima-e-hostilizado-em-show-de-iza-e-cantora-reage\\\/\",\"url\":\"https:\\\/\\\/transamerica93.com.br\\\/home\\\/yuri-lima-e-hostilizado-em-show-de-iza-e-cantora-reage\\\/\",\"name\":\"Yuri Lima \u00e9 hostilizado em show de Iza e cantora reage - Transam\u00e9rica Mococa 93,3\",\"isPartOf\":{\"@id\":\"https:\\\/\\\/transamerica93.com.br\\\/home\\\/#website\"},\"primaryImageOfPage\":{\"@id\":\"https:\\\/\\\/transamerica93.com.br\\\/home\\\/yuri-lima-e-hostilizado-em-show-de-iza-e-cantora-reage\\\/#primaryimage\"},\"image\":{\"@id\":\"https:\\\/\\\/transamerica93.com.br\\\/home\\\/yuri-lima-e-hostilizado-em-show-de-iza-e-cantora-reage\\\/#primaryimage\"},\"thumbnailUrl\":\"https:\\\/\\\/transamerica93.com.br\\\/home\\\/wp-content\\\/uploads\\\/2024\\\/08\\\/1-14.jpg\",\"datePublished\":\"2024-08-26T18:00:53+00:00\",\"breadcrumb\":{\"@id\":\"https:\\\/\\\/transamerica93.com.br\\\/home\\\/yuri-lima-e-hostilizado-em-show-de-iza-e-cantora-reage\\\/#breadcrumb\"},\"inLanguage\":\"pt-BR\",\"potentialAction\":[{\"@type\":\"ReadAction\",\"target\":[\"https:\\\/\\\/transamerica93.com.br\\\/home\\\/yuri-lima-e-hostilizado-em-show-de-iza-e-cantora-reage\\\/\"]}]},{\"@type\":\"ImageObject\",\"inLanguage\":\"pt-BR\",\"@id\":\"https:\\\/\\\/transamerica93.com.br\\\/home\\\/yuri-lima-e-hostilizado-em-show-de-iza-e-cantora-reage\\\/#primaryimage\",\"url\":\"https:\\\/\\\/transamerica93.com.br\\\/home\\\/wp-content\\\/uploads\\\/2024\\\/08\\\/1-14.jpg\",\"contentUrl\":\"https:\\\/\\\/transamerica93.com.br\\\/home\\\/wp-content\\\/uploads\\\/2024\\\/08\\\/1-14.jpg\",\"width\":1200,\"height\":627},{\"@type\":\"BreadcrumbList\",\"@id\":\"https:\\\/\\\/transamerica93.com.br\\\/home\\\/yuri-lima-e-hostilizado-em-show-de-iza-e-cantora-reage\\\/#breadcrumb\",\"itemListElement\":[{\"@type\":\"ListItem\",\"position\":1,\"name\":\"In\u00edcio\",\"item\":\"https:\\\/\\\/transamerica93.com.br\\\/home\\\/\"},{\"@type\":\"ListItem\",\"position\":2,\"name\":\"Yuri Lima \u00e9 hostilizado em show de Iza e cantora reage\"}]},{\"@type\":\"WebSite\",\"@id\":\"https:\\\/\\\/transamerica93.com.br\\\/home\\\/#website\",\"url\":\"https:\\\/\\\/transamerica93.com.br\\\/home\\\/\",\"name\":\"Transam\u00e9rica Mococa 93,3\",\"description\":\"\",\"publisher\":{\"@id\":\"https:\\\/\\\/transamerica93.com.br\\\/home\\\/#organization\"},\"potentialAction\":[{\"@type\":\"SearchAction\",\"target\":{\"@type\":\"EntryPoint\",\"urlTemplate\":\"https:\\\/\\\/transamerica93.com.br\\\/home\\\/?s={search_term_string}\"},\"query-input\":{\"@type\":\"PropertyValueSpecification\",\"valueRequired\":true,\"valueName\":\"search_term_string\"}}],\"inLanguage\":\"pt-BR\"},{\"@type\":\"Organization\",\"@id\":\"https:\\\/\\\/transamerica93.com.br\\\/home\\\/#organization\",\"name\":\"Transam\u00e9rica Mococa 93,3\",\"url\":\"https:\\\/\\\/transamerica93.com.br\\\/home\\\/\",\"logo\":{\"@type\":\"ImageObject\",\"inLanguage\":\"pt-BR\",\"@id\":\"https:\\\/\\\/transamerica93.com.br\\\/home\\\/#\\\/schema\\\/logo\\\/image\\\/\",\"url\":\"https:\\\/\\\/transamerica93.com.br\\\/home\\\/wp-content\\\/uploads\\\/2023\\\/10\\\/logo2.png\",\"contentUrl\":\"https:\\\/\\\/transamerica93.com.br\\\/home\\\/wp-content\\\/uploads\\\/2023\\\/10\\\/logo2.png\",\"width\":800,\"height\":500,\"caption\":\"Transam\u00e9rica Mococa 93,3\"},\"image\":{\"@id\":\"https:\\\/\\\/transamerica93.com.br\\\/home\\\/#\\\/schema\\\/logo\\\/image\\\/\"},\"sameAs\":[\"https:\\\/\\\/www.facebook.com\\\/transamericamococa\",\"https:\\\/\\\/x.com\\\/transamerica933\",\"https:\\\/\\\/www.instagram.com\\\/transamericamococa\"]},{\"@type\":\"Person\",\"@id\":\"https:\\\/\\\/transamerica93.com.br\\\/home\\\/#\\\/schema\\\/person\\\/7fed7c99c0d4562efa8561bc0f543172\",\"name\":\"Reda\u00e7\u00e3o\",\"image\":{\"@type\":\"ImageObject\",\"inLanguage\":\"pt-BR\",\"@id\":\"https:\\\/\\\/secure.gravatar.com\\\/avatar\\\/1072c6b775fb02ef8506ce967551d95926669a6b7d2c2147b42eea4d7c68395e?s=96&d=mm&r=g\",\"url\":\"https:\\\/\\\/secure.gravatar.com\\\/avatar\\\/1072c6b775fb02ef8506ce967551d95926669a6b7d2c2147b42eea4d7c68395e?s=96&d=mm&r=g\",\"contentUrl\":\"https:\\\/\\\/secure.gravatar.com\\\/avatar\\\/1072c6b775fb02ef8506ce967551d95926669a6b7d2c2147b42eea4d7c68395e?s=96&d=mm&r=g\",\"caption\":\"Reda\u00e7\u00e3o\"},\"sameAs\":[\"https:\\\/\\\/transamerica93.com.br\\\/home\"],\"url\":\"https:\\\/\\\/transamerica93.com.br\\\/home\\\/author\\\/william\\\/\"}]}<\/script>\n<!-- \/ Yoast SEO plugin. -->","yoast_head_json":{"title":"Yuri Lima \u00e9 hostilizado em show de Iza e cantora reage - Transam\u00e9rica Mococa 93,3","robots":{"index":"index","follow":"follow","max-snippet":"max-snippet:-1","max-image-preview":"max-image-preview:large","max-video-preview":"max-video-preview:-1"},"canonical":"https:\/\/transamerica93.com.br\/home\/yuri-lima-e-hostilizado-em-show-de-iza-e-cantora-reage\/","og_locale":"pt_BR","og_type":"article","og_title":"Yuri Lima \u00e9 hostilizado em show de Iza e cantora reage - Transam\u00e9rica Mococa 93,3","og_description":"Por Beatriz Nogueira A cantora Iza foi a grande atra\u00e7\u00e3o da festa de comemora\u00e7\u00e3o dos 126 anos do Vasco da Gama, seu time de cora\u00e7\u00e3o, realizada no Rio de Janeiro. Entre uma m\u00fasica e outra, enquanto conversava com os f\u00e3s, a cantora foi surpreendida por um coro inesperado: &#8220;Ei, Yuri, vai tomar no c\u2026&#8221;, cantavam &hellip;","og_url":"https:\/\/transamerica93.com.br\/home\/yuri-lima-e-hostilizado-em-show-de-iza-e-cantora-reage\/","og_site_name":"Transam\u00e9rica Mococa 93,3","article_publisher":"https:\/\/www.facebook.com\/transamericamococa","article_published_time":"2024-08-26T18:00:53+00:00","og_image":[{"width":1200,"height":627,"url":"https:\/\/transamerica93.com.br\/home\/wp-content\/uploads\/2024\/08\/1-14.jpg","type":"image\/jpeg"}],"author":"Reda\u00e7\u00e3o","twitter_card":"summary_large_image","twitter_creator":"@transamerica933","twitter_site":"@transamerica933","twitter_misc":{"Escrito por":"Reda\u00e7\u00e3o","Est. tempo de leitura":"1 minuto"},"schema":{"@context":"https:\/\/schema.org","@graph":[{"@type":"Article","@id":"https:\/\/transamerica93.com.br\/home\/yuri-lima-e-hostilizado-em-show-de-iza-e-cantora-reage\/#article","isPartOf":{"@id":"https:\/\/transamerica93.com.br\/home\/yuri-lima-e-hostilizado-em-show-de-iza-e-cantora-reage\/"},"author":{"name":"Reda\u00e7\u00e3o","@id":"https:\/\/transamerica93.com.br\/home\/#\/schema\/person\/7fed7c99c0d4562efa8561bc0f543172"},"headline":"Yuri Lima \u00e9 hostilizado em show de Iza e cantora reage","datePublished":"2024-08-26T18:00:53+00:00","mainEntityOfPage":{"@id":"https:\/\/transamerica93.com.br\/home\/yuri-lima-e-hostilizado-em-show-de-iza-e-cantora-reage\/"},"wordCount":190,"publisher":{"@id":"https:\/\/transamerica93.com.br\/home\/#organization"},"image":{"@id":"https:\/\/transamerica93.com.br\/home\/yuri-lima-e-hostilizado-em-show-de-iza-e-cantora-reage\/#primaryimage"},"thumbnailUrl":"https:\/\/transamerica93.com.br\/home\/wp-content\/uploads\/2024\/08\/1-14.jpg","articleSection":["M\u00fasica"],"inLanguage":"pt-BR"},{"@type":"WebPage","@id":"https:\/\/transamerica93.com.br\/home\/yuri-lima-e-hostilizado-em-show-de-iza-e-cantora-reage\/","url":"https:\/\/transamerica93.com.br\/home\/yuri-lima-e-hostilizado-em-show-de-iza-e-cantora-reage\/","name":"Yuri Lima \u00e9 hostilizado em show de Iza e cantora reage - Transam\u00e9rica Mococa 93,3","isPartOf":{"@id":"https:\/\/transamerica93.com.br\/home\/#website"},"primaryImageOfPage":{"@id":"https:\/\/transamerica93.com.br\/home\/yuri-lima-e-hostilizado-em-show-de-iza-e-cantora-reage\/#primaryimage"},"image":{"@id":"https:\/\/transamerica93.com.br\/home\/yuri-lima-e-hostilizado-em-show-de-iza-e-cantora-reage\/#primaryimage"},"thumbnailUrl":"https:\/\/transamerica93.com.br\/home\/wp-content\/uploads\/2024\/08\/1-14.jpg","datePublished":"2024-08-26T18:00:53+00:00","breadcrumb":{"@id":"https:\/\/transamerica93.com.br\/home\/yuri-lima-e-hostilizado-em-show-de-iza-e-cantora-reage\/#breadcrumb"},"inLanguage":"pt-BR","potentialAction":[{"@type":"ReadAction","target":["https:\/\/transamerica93.com.br\/home\/yuri-lima-e-hostilizado-em-show-de-iza-e-cantora-reage\/"]}]},{"@type":"ImageObject","inLanguage":"pt-BR","@id":"https:\/\/transamerica93.com.br\/home\/yuri-lima-e-hostilizado-em-show-de-iza-e-cantora-reage\/#primaryimage","url":"https:\/\/transamerica93.com.br\/home\/wp-content\/uploads\/2024\/08\/1-14.jpg","contentUrl":"https:\/\/transamerica93.com.br\/home\/wp-content\/uploads\/2024\/08\/1-14.jpg","width":1200,"height":627},{"@type":"BreadcrumbList","@id":"https:\/\/transamerica93.com.br\/home\/yuri-lima-e-hostilizado-em-show-de-iza-e-cantora-reage\/#breadcrumb","itemListElement":[{"@type":"ListItem","position":1,"name":"In\u00edcio","item":"https:\/\/transamerica93.com.br\/home\/"},{"@type":"ListItem","position":2,"name":"Yuri Lima \u00e9 hostilizado em show de Iza e cantora reage"}]},{"@type":"WebSite","@id":"https:\/\/transamerica93.com.br\/home\/#website","url":"https:\/\/transamerica93.com.br\/home\/","name":"Transam\u00e9rica Mococa 93,3","description":"","publisher":{"@id":"https:\/\/transamerica93.com.br\/home\/#organization"},"potentialAction":[{"@type":"SearchAction","target":{"@type":"EntryPoint","urlTemplate":"https:\/\/transamerica93.com.br\/home\/?s={search_term_string}"},"query-input":{"@type":"PropertyValueSpecification","valueRequired":true,"valueName":"search_term_string"}}],"inLanguage":"pt-BR"},{"@type":"Organization","@id":"https:\/\/transamerica93.com.br\/home\/#organization","name":"Transam\u00e9rica Mococa 93,3","url":"https:\/\/transamerica93.com.br\/home\/","logo":{"@type":"ImageObject","inLanguage":"pt-BR","@id":"https:\/\/transamerica93.com.br\/home\/#\/schema\/logo\/image\/","url":"https:\/\/transamerica93.com.br\/home\/wp-content\/uploads\/2023\/10\/logo2.png","contentUrl":"https:\/\/transamerica93.com.br\/home\/wp-content\/uploads\/2023\/10\/logo2.png","width":800,"height":500,"caption":"Transam\u00e9rica Mococa 93,3"},"image":{"@id":"https:\/\/transamerica93.com.br\/home\/#\/schema\/logo\/image\/"},"sameAs":["https:\/\/www.facebook.com\/transamericamococa","https:\/\/x.com\/transamerica933","https:\/\/www.instagram.com\/transamericamococa"]},{"@type":"Person","@id":"https:\/\/transamerica93.com.br\/home\/#\/schema\/person\/7fed7c99c0d4562efa8561bc0f543172","name":"Reda\u00e7\u00e3o","image":{"@type":"ImageObject","inLanguage":"pt-BR","@id":"https:\/\/secure.gravatar.com\/avatar\/1072c6b775fb02ef8506ce967551d95926669a6b7d2c2147b42eea4d7c68395e?s=96&d=mm&r=g","url":"https:\/\/secure.gravatar.com\/avatar\/1072c6b775fb02ef8506ce967551d95926669a6b7d2c2147b42eea4d7c68395e?s=96&d=mm&r=g","contentUrl":"https:\/\/secure.gravatar.com\/avatar\/1072c6b775fb02ef8506ce967551d95926669a6b7d2c2147b42eea4d7c68395e?s=96&d=mm&r=g","caption":"Reda\u00e7\u00e3o"},"sameAs":["https:\/\/transamerica93.com.br\/home"],"url":"https:\/\/transamerica93.com.br\/home\/author\/william\/"}]}},"_links":{"self":[{"href":"https:\/\/transamerica93.com.br\/home\/wp-json\/wp\/v2\/posts\/3675","targetHints":{"allow":["GET"]}}],"collection":[{"href":"https:\/\/transamerica93.com.br\/home\/wp-json\/wp\/v2\/posts"}],"about":[{"href":"https:\/\/transamerica93.com.br\/home\/wp-json\/wp\/v2\/types\/post"}],"author":[{"embeddable":true,"href":"https:\/\/transamerica93.com.br\/home\/wp-json\/wp\/v2\/users\/1"}],"replies":[{"embeddable":true,"href":"https:\/\/transamerica93.com.br\/home\/wp-json\/wp\/v2\/comments?post=3675"}],"version-history":[{"count":1,"href":"https:\/\/transamerica93.com.br\/home\/wp-json\/wp\/v2\/posts\/3675\/revisions"}],"predecessor-version":[{"id":3677,"href":"https:\/\/transamerica93.com.br\/home\/wp-json\/wp\/v2\/posts\/3675\/revisions\/3677"}],"wp:featuredmedia":[{"embeddable":true,"href":"https:\/\/transamerica93.com.br\/home\/wp-json\/wp\/v2\/media\/3676"}],"wp:attachment":[{"href":"https:\/\/transamerica93.com.br\/home\/wp-json\/wp\/v2\/media?parent=3675"}],"wp:term":[{"taxonomy":"category","embeddable":true,"href":"https:\/\/transamerica93.com.br\/home\/wp-json\/wp\/v2\/categories?post=3675"},{"taxonomy":"post_tag","embeddable":true,"href":"https:\/\/transamerica93.com.br\/home\/wp-json\/wp\/v2\/tags?post=3675"}],"curies":[{"name":"wp","href":"https:\/\/api.w.org\/{rel}","templated":true}]}}