{"id":3681,"date":"2024-08-28T15:00:17","date_gmt":"2024-08-28T18:00:17","guid":{"rendered":"https:\/\/transamerica93.com.br\/home\/?p=3681"},"modified":"2024-08-23T01:37:56","modified_gmt":"2024-08-23T04:37:56","slug":"ze-neto-cristiano-anunciam-pausa-na-carreira-para-tratamento-de-saude-mental","status":"publish","type":"post","link":"https:\/\/transamerica93.com.br\/home\/ze-neto-cristiano-anunciam-pausa-na-carreira-para-tratamento-de-saude-mental\/","title":{"rendered":"Z\u00e9 Neto &#038; Cristiano anunciam pausa na carreira para tratamento de sa\u00fade mental"},"content":{"rendered":"<div id=\"Corpo\">\n<h6 class=\"Assina\">Por Beatriz Nogueira<\/h6>\n<p>A dupla sertaneja Z\u00e9 Neto &amp; Cristiano anunciou a suspens\u00e3o de sua agenda de shows pelos pr\u00f3ximos 90 dias.<\/p>\n<p>A decis\u00e3o foi comunicada por meio de uma nota publicada no perfil oficial de Z\u00e9 Neto no Instagram, na qual a equipe da dupla informou que o cantor enfrenta um tratamento para depress\u00e3o e s\u00edndrome do p\u00e2nico, e precisar\u00e1 de um per\u00edodo de afastamento.<\/p>\n<p>&#8220;Em virtude de um tratamento para depress\u00e3o e s\u00edndrome do p\u00e2nico, ao qual o cantor Z\u00e9 Neto ser\u00e1 submetido, a partir de hoje, 22\/08\/2024, a agenda da dupla Z\u00e9 Neto e Cristiano ser\u00e1 suspensa nos pr\u00f3ximos 90 dias. Agradecemos o carinho e compreens\u00e3o de todos! Como voc\u00eas, estamos todos em ora\u00e7\u00e3o para plena recupera\u00e7\u00e3o do nosso Z\u00e9 Neto&#8221;, diz a nota.<\/p>\n<p>A dupla estava escalada para se apresentar na Festa do Pe\u00e3o de Barretos nesta sexta-feira, 23, um dos eventos mais relevantes do cen\u00e1rio sertanejo. N\u00e3o era de conhecimento p\u00fablico que o cantor tem enfrentado desafios de sa\u00fade mental.<\/p><\/div>\n","protected":false},"excerpt":{"rendered":"<p>Por Beatriz Nogueira A dupla sertaneja Z\u00e9 Neto &amp; Cristiano anunciou a suspens\u00e3o de sua agenda de shows pelos pr\u00f3ximos 90 dias. A decis\u00e3o foi comunicada por meio de uma nota publicada no perfil oficial de Z\u00e9 Neto no Instagram, na qual a equipe da dupla informou que o cantor enfrenta um tratamento para depress\u00e3o &hellip;<\/p>\n","protected":false},"author":1,"featured_media":3682,"comment_status":"closed","ping_status":"closed","sticky":false,"template":"","format":"standard","meta":{"footnotes":""},"categories":[25],"tags":[],"class_list":["post-3681","post","type-post","status-publish","format-standard","has-post-thumbnail","hentry","category-musica"],"yoast_head":"<!-- This site is optimized with the Yoast SEO plugin v27.4 - https:\/\/yoast.com\/product\/yoast-seo-wordpress\/ -->\n<title>Z\u00e9 Neto &amp; Cristiano anunciam pausa na carreira para tratamento de sa\u00fade mental - Transam\u00e9rica Mococa 93,3<\/title>\n<meta name=\"robots\" content=\"index, follow, max-snippet:-1, max-image-preview:large, max-video-preview:-1\" \/>\n<link rel=\"canonical\" href=\"https:\/\/transamerica93.com.br\/home\/ze-neto-cristiano-anunciam-pausa-na-carreira-para-tratamento-de-saude-mental\/\" \/>\n<meta property=\"og:locale\" content=\"pt_BR\" \/>\n<meta property=\"og:type\" content=\"article\" \/>\n<meta property=\"og:title\" content=\"Z\u00e9 Neto &amp; Cristiano anunciam pausa na carreira para tratamento de sa\u00fade mental - Transam\u00e9rica Mococa 93,3\" \/>\n<meta property=\"og:description\" content=\"Por Beatriz Nogueira A dupla sertaneja Z\u00e9 Neto &amp; Cristiano anunciou a suspens\u00e3o de sua agenda de shows pelos pr\u00f3ximos 90 dias. A decis\u00e3o foi comunicada por meio de uma nota publicada no perfil oficial de Z\u00e9 Neto no Instagram, na qual a equipe da dupla informou que o cantor enfrenta um tratamento para depress\u00e3o &hellip;\" \/>\n<meta property=\"og:url\" content=\"https:\/\/transamerica93.com.br\/home\/ze-neto-cristiano-anunciam-pausa-na-carreira-para-tratamento-de-saude-mental\/\" \/>\n<meta property=\"og:site_name\" content=\"Transam\u00e9rica Mococa 93,3\" \/>\n<meta property=\"article:publisher\" content=\"https:\/\/www.facebook.com\/transamericamococa\" \/>\n<meta property=\"article:published_time\" content=\"2024-08-28T18:00:17+00:00\" \/>\n<meta property=\"og:image\" content=\"https:\/\/transamerica93.com.br\/home\/wp-content\/uploads\/2024\/08\/3-16.jpg\" \/>\n\t<meta property=\"og:image:width\" content=\"971\" \/>\n\t<meta property=\"og:image:height\" content=\"566\" \/>\n\t<meta property=\"og:image:type\" content=\"image\/jpeg\" \/>\n<meta name=\"author\" content=\"Reda\u00e7\u00e3o\" \/>\n<meta name=\"twitter:card\" content=\"summary_large_image\" \/>\n<meta name=\"twitter:creator\" content=\"@transamerica933\" \/>\n<meta name=\"twitter:site\" content=\"@transamerica933\" \/>\n<meta name=\"twitter:label1\" content=\"Escrito por\" \/>\n\t<meta name=\"twitter:data1\" content=\"Reda\u00e7\u00e3o\" \/>\n\t<meta name=\"twitter:label2\" content=\"Est. tempo de leitura\" \/>\n\t<meta name=\"twitter:data2\" content=\"2 minutos\" \/>\n<script type=\"application\/ld+json\" class=\"yoast-schema-graph\">{\"@context\":\"https:\\\/\\\/schema.org\",\"@graph\":[{\"@type\":\"Article\",\"@id\":\"https:\\\/\\\/transamerica93.com.br\\\/home\\\/ze-neto-cristiano-anunciam-pausa-na-carreira-para-tratamento-de-saude-mental\\\/#article\",\"isPartOf\":{\"@id\":\"https:\\\/\\\/transamerica93.com.br\\\/home\\\/ze-neto-cristiano-anunciam-pausa-na-carreira-para-tratamento-de-saude-mental\\\/\"},\"author\":{\"name\":\"Reda\u00e7\u00e3o\",\"@id\":\"https:\\\/\\\/transamerica93.com.br\\\/home\\\/#\\\/schema\\\/person\\\/7fed7c99c0d4562efa8561bc0f543172\"},\"headline\":\"Z\u00e9 Neto &#038; Cristiano anunciam pausa na carreira para tratamento de sa\u00fade mental\",\"datePublished\":\"2024-08-28T18:00:17+00:00\",\"mainEntityOfPage\":{\"@id\":\"https:\\\/\\\/transamerica93.com.br\\\/home\\\/ze-neto-cristiano-anunciam-pausa-na-carreira-para-tratamento-de-saude-mental\\\/\"},\"wordCount\":194,\"publisher\":{\"@id\":\"https:\\\/\\\/transamerica93.com.br\\\/home\\\/#organization\"},\"image\":{\"@id\":\"https:\\\/\\\/transamerica93.com.br\\\/home\\\/ze-neto-cristiano-anunciam-pausa-na-carreira-para-tratamento-de-saude-mental\\\/#primaryimage\"},\"thumbnailUrl\":\"https:\\\/\\\/transamerica93.com.br\\\/home\\\/wp-content\\\/uploads\\\/2024\\\/08\\\/3-16.jpg\",\"articleSection\":[\"M\u00fasica\"],\"inLanguage\":\"pt-BR\"},{\"@type\":\"WebPage\",\"@id\":\"https:\\\/\\\/transamerica93.com.br\\\/home\\\/ze-neto-cristiano-anunciam-pausa-na-carreira-para-tratamento-de-saude-mental\\\/\",\"url\":\"https:\\\/\\\/transamerica93.com.br\\\/home\\\/ze-neto-cristiano-anunciam-pausa-na-carreira-para-tratamento-de-saude-mental\\\/\",\"name\":\"Z\u00e9 Neto & Cristiano anunciam pausa na carreira para tratamento de sa\u00fade mental - Transam\u00e9rica Mococa 93,3\",\"isPartOf\":{\"@id\":\"https:\\\/\\\/transamerica93.com.br\\\/home\\\/#website\"},\"primaryImageOfPage\":{\"@id\":\"https:\\\/\\\/transamerica93.com.br\\\/home\\\/ze-neto-cristiano-anunciam-pausa-na-carreira-para-tratamento-de-saude-mental\\\/#primaryimage\"},\"image\":{\"@id\":\"https:\\\/\\\/transamerica93.com.br\\\/home\\\/ze-neto-cristiano-anunciam-pausa-na-carreira-para-tratamento-de-saude-mental\\\/#primaryimage\"},\"thumbnailUrl\":\"https:\\\/\\\/transamerica93.com.br\\\/home\\\/wp-content\\\/uploads\\\/2024\\\/08\\\/3-16.jpg\",\"datePublished\":\"2024-08-28T18:00:17+00:00\",\"breadcrumb\":{\"@id\":\"https:\\\/\\\/transamerica93.com.br\\\/home\\\/ze-neto-cristiano-anunciam-pausa-na-carreira-para-tratamento-de-saude-mental\\\/#breadcrumb\"},\"inLanguage\":\"pt-BR\",\"potentialAction\":[{\"@type\":\"ReadAction\",\"target\":[\"https:\\\/\\\/transamerica93.com.br\\\/home\\\/ze-neto-cristiano-anunciam-pausa-na-carreira-para-tratamento-de-saude-mental\\\/\"]}]},{\"@type\":\"ImageObject\",\"inLanguage\":\"pt-BR\",\"@id\":\"https:\\\/\\\/transamerica93.com.br\\\/home\\\/ze-neto-cristiano-anunciam-pausa-na-carreira-para-tratamento-de-saude-mental\\\/#primaryimage\",\"url\":\"https:\\\/\\\/transamerica93.com.br\\\/home\\\/wp-content\\\/uploads\\\/2024\\\/08\\\/3-16.jpg\",\"contentUrl\":\"https:\\\/\\\/transamerica93.com.br\\\/home\\\/wp-content\\\/uploads\\\/2024\\\/08\\\/3-16.jpg\",\"width\":971,\"height\":566,\"caption\":\"Reprodu\u00e7\u00e3o\"},{\"@type\":\"BreadcrumbList\",\"@id\":\"https:\\\/\\\/transamerica93.com.br\\\/home\\\/ze-neto-cristiano-anunciam-pausa-na-carreira-para-tratamento-de-saude-mental\\\/#breadcrumb\",\"itemListElement\":[{\"@type\":\"ListItem\",\"position\":1,\"name\":\"In\u00edcio\",\"item\":\"https:\\\/\\\/transamerica93.com.br\\\/home\\\/\"},{\"@type\":\"ListItem\",\"position\":2,\"name\":\"Z\u00e9 Neto &#038; Cristiano anunciam pausa na carreira para tratamento de sa\u00fade mental\"}]},{\"@type\":\"WebSite\",\"@id\":\"https:\\\/\\\/transamerica93.com.br\\\/home\\\/#website\",\"url\":\"https:\\\/\\\/transamerica93.com.br\\\/home\\\/\",\"name\":\"Transam\u00e9rica Mococa 93,3\",\"description\":\"\",\"publisher\":{\"@id\":\"https:\\\/\\\/transamerica93.com.br\\\/home\\\/#organization\"},\"potentialAction\":[{\"@type\":\"SearchAction\",\"target\":{\"@type\":\"EntryPoint\",\"urlTemplate\":\"https:\\\/\\\/transamerica93.com.br\\\/home\\\/?s={search_term_string}\"},\"query-input\":{\"@type\":\"PropertyValueSpecification\",\"valueRequired\":true,\"valueName\":\"search_term_string\"}}],\"inLanguage\":\"pt-BR\"},{\"@type\":\"Organization\",\"@id\":\"https:\\\/\\\/transamerica93.com.br\\\/home\\\/#organization\",\"name\":\"Transam\u00e9rica Mococa 93,3\",\"url\":\"https:\\\/\\\/transamerica93.com.br\\\/home\\\/\",\"logo\":{\"@type\":\"ImageObject\",\"inLanguage\":\"pt-BR\",\"@id\":\"https:\\\/\\\/transamerica93.com.br\\\/home\\\/#\\\/schema\\\/logo\\\/image\\\/\",\"url\":\"https:\\\/\\\/transamerica93.com.br\\\/home\\\/wp-content\\\/uploads\\\/2023\\\/10\\\/logo2.png\",\"contentUrl\":\"https:\\\/\\\/transamerica93.com.br\\\/home\\\/wp-content\\\/uploads\\\/2023\\\/10\\\/logo2.png\",\"width\":800,\"height\":500,\"caption\":\"Transam\u00e9rica Mococa 93,3\"},\"image\":{\"@id\":\"https:\\\/\\\/transamerica93.com.br\\\/home\\\/#\\\/schema\\\/logo\\\/image\\\/\"},\"sameAs\":[\"https:\\\/\\\/www.facebook.com\\\/transamericamococa\",\"https:\\\/\\\/x.com\\\/transamerica933\",\"https:\\\/\\\/www.instagram.com\\\/transamericamococa\"]},{\"@type\":\"Person\",\"@id\":\"https:\\\/\\\/transamerica93.com.br\\\/home\\\/#\\\/schema\\\/person\\\/7fed7c99c0d4562efa8561bc0f543172\",\"name\":\"Reda\u00e7\u00e3o\",\"image\":{\"@type\":\"ImageObject\",\"inLanguage\":\"pt-BR\",\"@id\":\"https:\\\/\\\/secure.gravatar.com\\\/avatar\\\/1072c6b775fb02ef8506ce967551d95926669a6b7d2c2147b42eea4d7c68395e?s=96&d=mm&r=g\",\"url\":\"https:\\\/\\\/secure.gravatar.com\\\/avatar\\\/1072c6b775fb02ef8506ce967551d95926669a6b7d2c2147b42eea4d7c68395e?s=96&d=mm&r=g\",\"contentUrl\":\"https:\\\/\\\/secure.gravatar.com\\\/avatar\\\/1072c6b775fb02ef8506ce967551d95926669a6b7d2c2147b42eea4d7c68395e?s=96&d=mm&r=g\",\"caption\":\"Reda\u00e7\u00e3o\"},\"sameAs\":[\"https:\\\/\\\/transamerica93.com.br\\\/home\"],\"url\":\"https:\\\/\\\/transamerica93.com.br\\\/home\\\/author\\\/william\\\/\"}]}<\/script>\n<!-- \/ Yoast SEO plugin. -->","yoast_head_json":{"title":"Z\u00e9 Neto & Cristiano anunciam pausa na carreira para tratamento de sa\u00fade mental - Transam\u00e9rica Mococa 93,3","robots":{"index":"index","follow":"follow","max-snippet":"max-snippet:-1","max-image-preview":"max-image-preview:large","max-video-preview":"max-video-preview:-1"},"canonical":"https:\/\/transamerica93.com.br\/home\/ze-neto-cristiano-anunciam-pausa-na-carreira-para-tratamento-de-saude-mental\/","og_locale":"pt_BR","og_type":"article","og_title":"Z\u00e9 Neto & Cristiano anunciam pausa na carreira para tratamento de sa\u00fade mental - Transam\u00e9rica Mococa 93,3","og_description":"Por Beatriz Nogueira A dupla sertaneja Z\u00e9 Neto &amp; Cristiano anunciou a suspens\u00e3o de sua agenda de shows pelos pr\u00f3ximos 90 dias. A decis\u00e3o foi comunicada por meio de uma nota publicada no perfil oficial de Z\u00e9 Neto no Instagram, na qual a equipe da dupla informou que o cantor enfrenta um tratamento para depress\u00e3o &hellip;","og_url":"https:\/\/transamerica93.com.br\/home\/ze-neto-cristiano-anunciam-pausa-na-carreira-para-tratamento-de-saude-mental\/","og_site_name":"Transam\u00e9rica Mococa 93,3","article_publisher":"https:\/\/www.facebook.com\/transamericamococa","article_published_time":"2024-08-28T18:00:17+00:00","og_image":[{"width":971,"height":566,"url":"https:\/\/transamerica93.com.br\/home\/wp-content\/uploads\/2024\/08\/3-16.jpg","type":"image\/jpeg"}],"author":"Reda\u00e7\u00e3o","twitter_card":"summary_large_image","twitter_creator":"@transamerica933","twitter_site":"@transamerica933","twitter_misc":{"Escrito por":"Reda\u00e7\u00e3o","Est. tempo de leitura":"2 minutos"},"schema":{"@context":"https:\/\/schema.org","@graph":[{"@type":"Article","@id":"https:\/\/transamerica93.com.br\/home\/ze-neto-cristiano-anunciam-pausa-na-carreira-para-tratamento-de-saude-mental\/#article","isPartOf":{"@id":"https:\/\/transamerica93.com.br\/home\/ze-neto-cristiano-anunciam-pausa-na-carreira-para-tratamento-de-saude-mental\/"},"author":{"name":"Reda\u00e7\u00e3o","@id":"https:\/\/transamerica93.com.br\/home\/#\/schema\/person\/7fed7c99c0d4562efa8561bc0f543172"},"headline":"Z\u00e9 Neto &#038; Cristiano anunciam pausa na carreira para tratamento de sa\u00fade mental","datePublished":"2024-08-28T18:00:17+00:00","mainEntityOfPage":{"@id":"https:\/\/transamerica93.com.br\/home\/ze-neto-cristiano-anunciam-pausa-na-carreira-para-tratamento-de-saude-mental\/"},"wordCount":194,"publisher":{"@id":"https:\/\/transamerica93.com.br\/home\/#organization"},"image":{"@id":"https:\/\/transamerica93.com.br\/home\/ze-neto-cristiano-anunciam-pausa-na-carreira-para-tratamento-de-saude-mental\/#primaryimage"},"thumbnailUrl":"https:\/\/transamerica93.com.br\/home\/wp-content\/uploads\/2024\/08\/3-16.jpg","articleSection":["M\u00fasica"],"inLanguage":"pt-BR"},{"@type":"WebPage","@id":"https:\/\/transamerica93.com.br\/home\/ze-neto-cristiano-anunciam-pausa-na-carreira-para-tratamento-de-saude-mental\/","url":"https:\/\/transamerica93.com.br\/home\/ze-neto-cristiano-anunciam-pausa-na-carreira-para-tratamento-de-saude-mental\/","name":"Z\u00e9 Neto & Cristiano anunciam pausa na carreira para tratamento de sa\u00fade mental - Transam\u00e9rica Mococa 93,3","isPartOf":{"@id":"https:\/\/transamerica93.com.br\/home\/#website"},"primaryImageOfPage":{"@id":"https:\/\/transamerica93.com.br\/home\/ze-neto-cristiano-anunciam-pausa-na-carreira-para-tratamento-de-saude-mental\/#primaryimage"},"image":{"@id":"https:\/\/transamerica93.com.br\/home\/ze-neto-cristiano-anunciam-pausa-na-carreira-para-tratamento-de-saude-mental\/#primaryimage"},"thumbnailUrl":"https:\/\/transamerica93.com.br\/home\/wp-content\/uploads\/2024\/08\/3-16.jpg","datePublished":"2024-08-28T18:00:17+00:00","breadcrumb":{"@id":"https:\/\/transamerica93.com.br\/home\/ze-neto-cristiano-anunciam-pausa-na-carreira-para-tratamento-de-saude-mental\/#breadcrumb"},"inLanguage":"pt-BR","potentialAction":[{"@type":"ReadAction","target":["https:\/\/transamerica93.com.br\/home\/ze-neto-cristiano-anunciam-pausa-na-carreira-para-tratamento-de-saude-mental\/"]}]},{"@type":"ImageObject","inLanguage":"pt-BR","@id":"https:\/\/transamerica93.com.br\/home\/ze-neto-cristiano-anunciam-pausa-na-carreira-para-tratamento-de-saude-mental\/#primaryimage","url":"https:\/\/transamerica93.com.br\/home\/wp-content\/uploads\/2024\/08\/3-16.jpg","contentUrl":"https:\/\/transamerica93.com.br\/home\/wp-content\/uploads\/2024\/08\/3-16.jpg","width":971,"height":566,"caption":"Reprodu\u00e7\u00e3o"},{"@type":"BreadcrumbList","@id":"https:\/\/transamerica93.com.br\/home\/ze-neto-cristiano-anunciam-pausa-na-carreira-para-tratamento-de-saude-mental\/#breadcrumb","itemListElement":[{"@type":"ListItem","position":1,"name":"In\u00edcio","item":"https:\/\/transamerica93.com.br\/home\/"},{"@type":"ListItem","position":2,"name":"Z\u00e9 Neto &#038; Cristiano anunciam pausa na carreira para tratamento de sa\u00fade mental"}]},{"@type":"WebSite","@id":"https:\/\/transamerica93.com.br\/home\/#website","url":"https:\/\/transamerica93.com.br\/home\/","name":"Transam\u00e9rica Mococa 93,3","description":"","publisher":{"@id":"https:\/\/transamerica93.com.br\/home\/#organization"},"potentialAction":[{"@type":"SearchAction","target":{"@type":"EntryPoint","urlTemplate":"https:\/\/transamerica93.com.br\/home\/?s={search_term_string}"},"query-input":{"@type":"PropertyValueSpecification","valueRequired":true,"valueName":"search_term_string"}}],"inLanguage":"pt-BR"},{"@type":"Organization","@id":"https:\/\/transamerica93.com.br\/home\/#organization","name":"Transam\u00e9rica Mococa 93,3","url":"https:\/\/transamerica93.com.br\/home\/","logo":{"@type":"ImageObject","inLanguage":"pt-BR","@id":"https:\/\/transamerica93.com.br\/home\/#\/schema\/logo\/image\/","url":"https:\/\/transamerica93.com.br\/home\/wp-content\/uploads\/2023\/10\/logo2.png","contentUrl":"https:\/\/transamerica93.com.br\/home\/wp-content\/uploads\/2023\/10\/logo2.png","width":800,"height":500,"caption":"Transam\u00e9rica Mococa 93,3"},"image":{"@id":"https:\/\/transamerica93.com.br\/home\/#\/schema\/logo\/image\/"},"sameAs":["https:\/\/www.facebook.com\/transamericamococa","https:\/\/x.com\/transamerica933","https:\/\/www.instagram.com\/transamericamococa"]},{"@type":"Person","@id":"https:\/\/transamerica93.com.br\/home\/#\/schema\/person\/7fed7c99c0d4562efa8561bc0f543172","name":"Reda\u00e7\u00e3o","image":{"@type":"ImageObject","inLanguage":"pt-BR","@id":"https:\/\/secure.gravatar.com\/avatar\/1072c6b775fb02ef8506ce967551d95926669a6b7d2c2147b42eea4d7c68395e?s=96&d=mm&r=g","url":"https:\/\/secure.gravatar.com\/avatar\/1072c6b775fb02ef8506ce967551d95926669a6b7d2c2147b42eea4d7c68395e?s=96&d=mm&r=g","contentUrl":"https:\/\/secure.gravatar.com\/avatar\/1072c6b775fb02ef8506ce967551d95926669a6b7d2c2147b42eea4d7c68395e?s=96&d=mm&r=g","caption":"Reda\u00e7\u00e3o"},"sameAs":["https:\/\/transamerica93.com.br\/home"],"url":"https:\/\/transamerica93.com.br\/home\/author\/william\/"}]}},"_links":{"self":[{"href":"https:\/\/transamerica93.com.br\/home\/wp-json\/wp\/v2\/posts\/3681","targetHints":{"allow":["GET"]}}],"collection":[{"href":"https:\/\/transamerica93.com.br\/home\/wp-json\/wp\/v2\/posts"}],"about":[{"href":"https:\/\/transamerica93.com.br\/home\/wp-json\/wp\/v2\/types\/post"}],"author":[{"embeddable":true,"href":"https:\/\/transamerica93.com.br\/home\/wp-json\/wp\/v2\/users\/1"}],"replies":[{"embeddable":true,"href":"https:\/\/transamerica93.com.br\/home\/wp-json\/wp\/v2\/comments?post=3681"}],"version-history":[{"count":1,"href":"https:\/\/transamerica93.com.br\/home\/wp-json\/wp\/v2\/posts\/3681\/revisions"}],"predecessor-version":[{"id":3683,"href":"https:\/\/transamerica93.com.br\/home\/wp-json\/wp\/v2\/posts\/3681\/revisions\/3683"}],"wp:featuredmedia":[{"embeddable":true,"href":"https:\/\/transamerica93.com.br\/home\/wp-json\/wp\/v2\/media\/3682"}],"wp:attachment":[{"href":"https:\/\/transamerica93.com.br\/home\/wp-json\/wp\/v2\/media?parent=3681"}],"wp:term":[{"taxonomy":"category","embeddable":true,"href":"https:\/\/transamerica93.com.br\/home\/wp-json\/wp\/v2\/categories?post=3681"},{"taxonomy":"post_tag","embeddable":true,"href":"https:\/\/transamerica93.com.br\/home\/wp-json\/wp\/v2\/tags?post=3681"}],"curies":[{"name":"wp","href":"https:\/\/api.w.org\/{rel}","templated":true}]}}