{"id":3691,"date":"2024-08-25T17:30:45","date_gmt":"2024-08-25T20:30:45","guid":{"rendered":"https:\/\/transamerica93.com.br\/home\/?p=3691"},"modified":"2024-08-25T17:30:45","modified_gmt":"2024-08-25T20:30:45","slug":"confira-as-orientacoes-para-amenizar-efeitos-da-fumaca-na-saude","status":"publish","type":"post","link":"https:\/\/transamerica93.com.br\/home\/confira-as-orientacoes-para-amenizar-efeitos-da-fumaca-na-saude\/","title":{"rendered":"Confira as orienta\u00e7\u00f5es para amenizar efeitos da fuma\u00e7a na sa\u00fade"},"content":{"rendered":"<div class=\"post-item-wrap\">\n<p>Al\u00e9m das a\u00e7\u00f5es de combate aos inc\u00eandios que v\u00eam ocorrendo em diversas regi\u00f5es do pa\u00eds, \u00e9 preciso que a popula\u00e7\u00e3o esteja orientada sobre como se proteger e evitar, sempre que poss\u00edvel, a exposi\u00e7\u00e3o aos poluentes e \u00e0 fuma\u00e7a intensa e \u00e0 neblina, causadas pelo fogo.<img decoding=\"async\" data-src=\"https:\/\/agenciabrasil.ebc.com.br\/ebc.png?id=1609258&amp;o=node\" src=\"data:image\/svg+xml;base64,PHN2ZyB3aWR0aD0iMSIgaGVpZ2h0PSIxIiB4bWxucz0iaHR0cDovL3d3dy53My5vcmcvMjAwMC9zdmciPjwvc3ZnPg==\" class=\"lazyload\" \/><img decoding=\"async\" data-src=\"https:\/\/agenciabrasil.ebc.com.br\/ebc.gif?id=1609258&amp;o=node\" src=\"data:image\/svg+xml;base64,PHN2ZyB3aWR0aD0iMSIgaGVpZ2h0PSIxIiB4bWxucz0iaHR0cDovL3d3dy53My5vcmcvMjAwMC9zdmciPjwvc3ZnPg==\" class=\"lazyload\" \/><\/p>\n<p>Entre as recomenda\u00e7\u00f5es do Minist\u00e9rio da Sa\u00fade\u00a0est\u00e3o o aumento da ingest\u00e3o de \u00e1gua e de l\u00edquidos, como medida para manter as membranas respirat\u00f3rias \u00famidas e, dessa forma, ficarem mais protegidas. O tempo de exposi\u00e7\u00e3o deve ser reduzido ao m\u00e1ximo, devendo manter a perman\u00eancia em local ventilado dentro de casa, se poss\u00edvel com ar condicionado ou purificadores de ar. Para reduzir a entrada da polui\u00e7\u00e3o externa, durante os hor\u00e1rios com elevadas concentra\u00e7\u00f5es de part\u00edculas, as portas e as janelas devem ser mantidas fechadas. As atividades f\u00edsicas devem ser evitadas em hor\u00e1rios de elevadas concentra\u00e7\u00f5es de poluentes do ar, e entre o meio dia e as 16h, quando as concentra\u00e7\u00f5es de oz\u00f4nio s\u00e3o mais intensas.<\/p>\n<p>\u00c9 recomend\u00e1vel ainda a utiliza\u00e7\u00e3o de m\u00e1scaras do tipo cir\u00fargica, pano, len\u00e7os ou bandanas para diminuir a exposi\u00e7\u00e3o \u00e0s part\u00edculas grossas, especialmente para popula\u00e7\u00f5es que residem pr\u00f3ximas \u00e0s \u00e1reas de focos de queimadas. A medida reduz o desconforto das vias a\u00e9reas superiores. J\u00e1 m\u00e1scaras de modelos respiradores tipo N95, PFF2 ou P100 s\u00e3o adequadas para reduzir a inala\u00e7\u00e3o de part\u00edculas finas.<\/p>\n<p>As recomenda\u00e7\u00f5es devem ser seguidas por toda a popula\u00e7\u00e3o e a\u00a0aten\u00e7\u00e3o deve ser redobrada em crian\u00e7as menores de 5 anos, idosos maiores de 60 anos e gestantes.<\/p>\n<p>Ao sinal de sintomas respirat\u00f3rios ou outras ocorr\u00eancias de sa\u00fade a pasta indica a busca imediata de atendimento m\u00e9dico. \u201cPessoas com problemas card\u00edacos, respirat\u00f3rios, imunol\u00f3gicos, entre outros, devem\u202fbuscar atendimento m\u00e9dico para atualizar seu plano de tratamento, manter medicamentos e itens prescritos pelo profissional m\u00e9dico dispon\u00edveis para o caso de crises agudas, buscar atendimento m\u00e9dico na ocorr\u00eancia de sintomas de crises e avaliar a necessidade e seguran\u00e7a de sair temporariamente da \u00e1rea impactada pela sazonalidade das queimadas\u201d, completou.<\/p>\n<p>Sob a coordena\u00e7\u00e3o do Minist\u00e9rio da Sa\u00fade, o monitoramento de \u00e1reas que sofrem a influ\u00eancia da queima de biomassa \u00e9 um dos campos de atua\u00e7\u00e3o da Vigil\u00e2ncia em Sa\u00fade Ambiental e Qualidade do Ar (VIGIAR) e da Sala de Situa\u00e7\u00e3o Nacional de Emerg\u00eancias Clim\u00e1ticas em Sa\u00fade.<\/p>\n<p>Os dados desse monitoramento s\u00e3o enviados, semanalmente, pelo Minist\u00e9rio da Sa\u00fade aos estados e ao Distrito Federal no Informe Queimadas, com\u00a0orienta\u00e7\u00f5es para evitar a exposi\u00e7\u00e3o da popula\u00e7\u00e3o \u00e0s condi\u00e7\u00f5es adversas.<\/p>\n<\/div>\n<p class=\"alt-font font-italic my-2 small text-info\">Edi\u00e7\u00e3o: Aline Leal<\/p>\n","protected":false},"excerpt":{"rendered":"<p>Al\u00e9m das a\u00e7\u00f5es de combate aos inc\u00eandios que v\u00eam ocorrendo em diversas regi\u00f5es do pa\u00eds, \u00e9 preciso que a popula\u00e7\u00e3o esteja orientada sobre como se proteger e evitar, sempre que poss\u00edvel, a exposi\u00e7\u00e3o aos poluentes e \u00e0 fuma\u00e7a intensa e \u00e0 neblina, causadas pelo fogo. Entre as recomenda\u00e7\u00f5es do Minist\u00e9rio da Sa\u00fade\u00a0est\u00e3o o aumento da &hellip;<\/p>\n","protected":false},"author":1,"featured_media":3692,"comment_status":"closed","ping_status":"closed","sticky":false,"template":"","format":"standard","meta":{"footnotes":""},"categories":[30],"tags":[],"class_list":["post-3691","post","type-post","status-publish","format-standard","has-post-thumbnail","hentry","category-geral"],"yoast_head":"<!-- This site is optimized with the Yoast SEO plugin v27.4 - https:\/\/yoast.com\/product\/yoast-seo-wordpress\/ -->\n<title>Confira as orienta\u00e7\u00f5es para amenizar efeitos da fuma\u00e7a na sa\u00fade - Transam\u00e9rica Mococa 93,3<\/title>\n<meta name=\"robots\" content=\"index, follow, max-snippet:-1, max-image-preview:large, max-video-preview:-1\" \/>\n<link rel=\"canonical\" href=\"https:\/\/transamerica93.com.br\/home\/confira-as-orientacoes-para-amenizar-efeitos-da-fumaca-na-saude\/\" \/>\n<meta property=\"og:locale\" content=\"pt_BR\" \/>\n<meta property=\"og:type\" content=\"article\" \/>\n<meta property=\"og:title\" content=\"Confira as orienta\u00e7\u00f5es para amenizar efeitos da fuma\u00e7a na sa\u00fade - Transam\u00e9rica Mococa 93,3\" \/>\n<meta property=\"og:description\" content=\"Al\u00e9m das a\u00e7\u00f5es de combate aos inc\u00eandios que v\u00eam ocorrendo em diversas regi\u00f5es do pa\u00eds, \u00e9 preciso que a popula\u00e7\u00e3o esteja orientada sobre como se proteger e evitar, sempre que poss\u00edvel, a exposi\u00e7\u00e3o aos poluentes e \u00e0 fuma\u00e7a intensa e \u00e0 neblina, causadas pelo fogo. Entre as recomenda\u00e7\u00f5es do Minist\u00e9rio da Sa\u00fade\u00a0est\u00e3o o aumento da &hellip;\" \/>\n<meta property=\"og:url\" content=\"https:\/\/transamerica93.com.br\/home\/confira-as-orientacoes-para-amenizar-efeitos-da-fumaca-na-saude\/\" \/>\n<meta property=\"og:site_name\" content=\"Transam\u00e9rica Mococa 93,3\" \/>\n<meta property=\"article:publisher\" content=\"https:\/\/www.facebook.com\/transamericamococa\" \/>\n<meta property=\"article:published_time\" content=\"2024-08-25T20:30:45+00:00\" \/>\n<meta property=\"og:image\" content=\"https:\/\/transamerica93.com.br\/home\/wp-content\/uploads\/2024\/08\/Untitled-2.jpg\" \/>\n\t<meta property=\"og:image:width\" content=\"1170\" \/>\n\t<meta property=\"og:image:height\" content=\"697\" \/>\n\t<meta property=\"og:image:type\" content=\"image\/jpeg\" \/>\n<meta name=\"author\" content=\"Reda\u00e7\u00e3o\" \/>\n<meta name=\"twitter:card\" content=\"summary_large_image\" \/>\n<meta name=\"twitter:creator\" content=\"@transamerica933\" \/>\n<meta name=\"twitter:site\" content=\"@transamerica933\" \/>\n<meta name=\"twitter:label1\" content=\"Escrito por\" \/>\n\t<meta name=\"twitter:data1\" content=\"Reda\u00e7\u00e3o\" \/>\n\t<meta name=\"twitter:label2\" content=\"Est. tempo de leitura\" \/>\n\t<meta name=\"twitter:data2\" content=\"3 minutos\" \/>\n<script type=\"application\/ld+json\" class=\"yoast-schema-graph\">{\"@context\":\"https:\\\/\\\/schema.org\",\"@graph\":[{\"@type\":\"Article\",\"@id\":\"https:\\\/\\\/transamerica93.com.br\\\/home\\\/confira-as-orientacoes-para-amenizar-efeitos-da-fumaca-na-saude\\\/#article\",\"isPartOf\":{\"@id\":\"https:\\\/\\\/transamerica93.com.br\\\/home\\\/confira-as-orientacoes-para-amenizar-efeitos-da-fumaca-na-saude\\\/\"},\"author\":{\"name\":\"Reda\u00e7\u00e3o\",\"@id\":\"https:\\\/\\\/transamerica93.com.br\\\/home\\\/#\\\/schema\\\/person\\\/7fed7c99c0d4562efa8561bc0f543172\"},\"headline\":\"Confira as orienta\u00e7\u00f5es para amenizar efeitos da fuma\u00e7a na sa\u00fade\",\"datePublished\":\"2024-08-25T20:30:45+00:00\",\"mainEntityOfPage\":{\"@id\":\"https:\\\/\\\/transamerica93.com.br\\\/home\\\/confira-as-orientacoes-para-amenizar-efeitos-da-fumaca-na-saude\\\/\"},\"wordCount\":493,\"publisher\":{\"@id\":\"https:\\\/\\\/transamerica93.com.br\\\/home\\\/#organization\"},\"image\":{\"@id\":\"https:\\\/\\\/transamerica93.com.br\\\/home\\\/confira-as-orientacoes-para-amenizar-efeitos-da-fumaca-na-saude\\\/#primaryimage\"},\"thumbnailUrl\":\"https:\\\/\\\/transamerica93.com.br\\\/home\\\/wp-content\\\/uploads\\\/2024\\\/08\\\/Untitled-2.jpg\",\"articleSection\":[\"Geral\"],\"inLanguage\":\"pt-BR\"},{\"@type\":\"WebPage\",\"@id\":\"https:\\\/\\\/transamerica93.com.br\\\/home\\\/confira-as-orientacoes-para-amenizar-efeitos-da-fumaca-na-saude\\\/\",\"url\":\"https:\\\/\\\/transamerica93.com.br\\\/home\\\/confira-as-orientacoes-para-amenizar-efeitos-da-fumaca-na-saude\\\/\",\"name\":\"Confira as orienta\u00e7\u00f5es para amenizar efeitos da fuma\u00e7a na sa\u00fade - Transam\u00e9rica Mococa 93,3\",\"isPartOf\":{\"@id\":\"https:\\\/\\\/transamerica93.com.br\\\/home\\\/#website\"},\"primaryImageOfPage\":{\"@id\":\"https:\\\/\\\/transamerica93.com.br\\\/home\\\/confira-as-orientacoes-para-amenizar-efeitos-da-fumaca-na-saude\\\/#primaryimage\"},\"image\":{\"@id\":\"https:\\\/\\\/transamerica93.com.br\\\/home\\\/confira-as-orientacoes-para-amenizar-efeitos-da-fumaca-na-saude\\\/#primaryimage\"},\"thumbnailUrl\":\"https:\\\/\\\/transamerica93.com.br\\\/home\\\/wp-content\\\/uploads\\\/2024\\\/08\\\/Untitled-2.jpg\",\"datePublished\":\"2024-08-25T20:30:45+00:00\",\"breadcrumb\":{\"@id\":\"https:\\\/\\\/transamerica93.com.br\\\/home\\\/confira-as-orientacoes-para-amenizar-efeitos-da-fumaca-na-saude\\\/#breadcrumb\"},\"inLanguage\":\"pt-BR\",\"potentialAction\":[{\"@type\":\"ReadAction\",\"target\":[\"https:\\\/\\\/transamerica93.com.br\\\/home\\\/confira-as-orientacoes-para-amenizar-efeitos-da-fumaca-na-saude\\\/\"]}]},{\"@type\":\"ImageObject\",\"inLanguage\":\"pt-BR\",\"@id\":\"https:\\\/\\\/transamerica93.com.br\\\/home\\\/confira-as-orientacoes-para-amenizar-efeitos-da-fumaca-na-saude\\\/#primaryimage\",\"url\":\"https:\\\/\\\/transamerica93.com.br\\\/home\\\/wp-content\\\/uploads\\\/2024\\\/08\\\/Untitled-2.jpg\",\"contentUrl\":\"https:\\\/\\\/transamerica93.com.br\\\/home\\\/wp-content\\\/uploads\\\/2024\\\/08\\\/Untitled-2.jpg\",\"width\":1170,\"height\":697,\"caption\":\"\u00a9 Marcelo Camargo\\\/Ag\u00eancia Brasil\"},{\"@type\":\"BreadcrumbList\",\"@id\":\"https:\\\/\\\/transamerica93.com.br\\\/home\\\/confira-as-orientacoes-para-amenizar-efeitos-da-fumaca-na-saude\\\/#breadcrumb\",\"itemListElement\":[{\"@type\":\"ListItem\",\"position\":1,\"name\":\"In\u00edcio\",\"item\":\"https:\\\/\\\/transamerica93.com.br\\\/home\\\/\"},{\"@type\":\"ListItem\",\"position\":2,\"name\":\"Confira as orienta\u00e7\u00f5es para amenizar efeitos da fuma\u00e7a na sa\u00fade\"}]},{\"@type\":\"WebSite\",\"@id\":\"https:\\\/\\\/transamerica93.com.br\\\/home\\\/#website\",\"url\":\"https:\\\/\\\/transamerica93.com.br\\\/home\\\/\",\"name\":\"Transam\u00e9rica Mococa 93,3\",\"description\":\"\",\"publisher\":{\"@id\":\"https:\\\/\\\/transamerica93.com.br\\\/home\\\/#organization\"},\"potentialAction\":[{\"@type\":\"SearchAction\",\"target\":{\"@type\":\"EntryPoint\",\"urlTemplate\":\"https:\\\/\\\/transamerica93.com.br\\\/home\\\/?s={search_term_string}\"},\"query-input\":{\"@type\":\"PropertyValueSpecification\",\"valueRequired\":true,\"valueName\":\"search_term_string\"}}],\"inLanguage\":\"pt-BR\"},{\"@type\":\"Organization\",\"@id\":\"https:\\\/\\\/transamerica93.com.br\\\/home\\\/#organization\",\"name\":\"Transam\u00e9rica Mococa 93,3\",\"url\":\"https:\\\/\\\/transamerica93.com.br\\\/home\\\/\",\"logo\":{\"@type\":\"ImageObject\",\"inLanguage\":\"pt-BR\",\"@id\":\"https:\\\/\\\/transamerica93.com.br\\\/home\\\/#\\\/schema\\\/logo\\\/image\\\/\",\"url\":\"https:\\\/\\\/transamerica93.com.br\\\/home\\\/wp-content\\\/uploads\\\/2023\\\/10\\\/logo2.png\",\"contentUrl\":\"https:\\\/\\\/transamerica93.com.br\\\/home\\\/wp-content\\\/uploads\\\/2023\\\/10\\\/logo2.png\",\"width\":800,\"height\":500,\"caption\":\"Transam\u00e9rica Mococa 93,3\"},\"image\":{\"@id\":\"https:\\\/\\\/transamerica93.com.br\\\/home\\\/#\\\/schema\\\/logo\\\/image\\\/\"},\"sameAs\":[\"https:\\\/\\\/www.facebook.com\\\/transamericamococa\",\"https:\\\/\\\/x.com\\\/transamerica933\",\"https:\\\/\\\/www.instagram.com\\\/transamericamococa\"]},{\"@type\":\"Person\",\"@id\":\"https:\\\/\\\/transamerica93.com.br\\\/home\\\/#\\\/schema\\\/person\\\/7fed7c99c0d4562efa8561bc0f543172\",\"name\":\"Reda\u00e7\u00e3o\",\"image\":{\"@type\":\"ImageObject\",\"inLanguage\":\"pt-BR\",\"@id\":\"https:\\\/\\\/secure.gravatar.com\\\/avatar\\\/1072c6b775fb02ef8506ce967551d95926669a6b7d2c2147b42eea4d7c68395e?s=96&d=mm&r=g\",\"url\":\"https:\\\/\\\/secure.gravatar.com\\\/avatar\\\/1072c6b775fb02ef8506ce967551d95926669a6b7d2c2147b42eea4d7c68395e?s=96&d=mm&r=g\",\"contentUrl\":\"https:\\\/\\\/secure.gravatar.com\\\/avatar\\\/1072c6b775fb02ef8506ce967551d95926669a6b7d2c2147b42eea4d7c68395e?s=96&d=mm&r=g\",\"caption\":\"Reda\u00e7\u00e3o\"},\"sameAs\":[\"https:\\\/\\\/transamerica93.com.br\\\/home\"],\"url\":\"https:\\\/\\\/transamerica93.com.br\\\/home\\\/author\\\/william\\\/\"}]}<\/script>\n<!-- \/ Yoast SEO plugin. -->","yoast_head_json":{"title":"Confira as orienta\u00e7\u00f5es para amenizar efeitos da fuma\u00e7a na sa\u00fade - Transam\u00e9rica Mococa 93,3","robots":{"index":"index","follow":"follow","max-snippet":"max-snippet:-1","max-image-preview":"max-image-preview:large","max-video-preview":"max-video-preview:-1"},"canonical":"https:\/\/transamerica93.com.br\/home\/confira-as-orientacoes-para-amenizar-efeitos-da-fumaca-na-saude\/","og_locale":"pt_BR","og_type":"article","og_title":"Confira as orienta\u00e7\u00f5es para amenizar efeitos da fuma\u00e7a na sa\u00fade - Transam\u00e9rica Mococa 93,3","og_description":"Al\u00e9m das a\u00e7\u00f5es de combate aos inc\u00eandios que v\u00eam ocorrendo em diversas regi\u00f5es do pa\u00eds, \u00e9 preciso que a popula\u00e7\u00e3o esteja orientada sobre como se proteger e evitar, sempre que poss\u00edvel, a exposi\u00e7\u00e3o aos poluentes e \u00e0 fuma\u00e7a intensa e \u00e0 neblina, causadas pelo fogo. Entre as recomenda\u00e7\u00f5es do Minist\u00e9rio da Sa\u00fade\u00a0est\u00e3o o aumento da &hellip;","og_url":"https:\/\/transamerica93.com.br\/home\/confira-as-orientacoes-para-amenizar-efeitos-da-fumaca-na-saude\/","og_site_name":"Transam\u00e9rica Mococa 93,3","article_publisher":"https:\/\/www.facebook.com\/transamericamococa","article_published_time":"2024-08-25T20:30:45+00:00","og_image":[{"width":1170,"height":697,"url":"https:\/\/transamerica93.com.br\/home\/wp-content\/uploads\/2024\/08\/Untitled-2.jpg","type":"image\/jpeg"}],"author":"Reda\u00e7\u00e3o","twitter_card":"summary_large_image","twitter_creator":"@transamerica933","twitter_site":"@transamerica933","twitter_misc":{"Escrito por":"Reda\u00e7\u00e3o","Est. tempo de leitura":"3 minutos"},"schema":{"@context":"https:\/\/schema.org","@graph":[{"@type":"Article","@id":"https:\/\/transamerica93.com.br\/home\/confira-as-orientacoes-para-amenizar-efeitos-da-fumaca-na-saude\/#article","isPartOf":{"@id":"https:\/\/transamerica93.com.br\/home\/confira-as-orientacoes-para-amenizar-efeitos-da-fumaca-na-saude\/"},"author":{"name":"Reda\u00e7\u00e3o","@id":"https:\/\/transamerica93.com.br\/home\/#\/schema\/person\/7fed7c99c0d4562efa8561bc0f543172"},"headline":"Confira as orienta\u00e7\u00f5es para amenizar efeitos da fuma\u00e7a na sa\u00fade","datePublished":"2024-08-25T20:30:45+00:00","mainEntityOfPage":{"@id":"https:\/\/transamerica93.com.br\/home\/confira-as-orientacoes-para-amenizar-efeitos-da-fumaca-na-saude\/"},"wordCount":493,"publisher":{"@id":"https:\/\/transamerica93.com.br\/home\/#organization"},"image":{"@id":"https:\/\/transamerica93.com.br\/home\/confira-as-orientacoes-para-amenizar-efeitos-da-fumaca-na-saude\/#primaryimage"},"thumbnailUrl":"https:\/\/transamerica93.com.br\/home\/wp-content\/uploads\/2024\/08\/Untitled-2.jpg","articleSection":["Geral"],"inLanguage":"pt-BR"},{"@type":"WebPage","@id":"https:\/\/transamerica93.com.br\/home\/confira-as-orientacoes-para-amenizar-efeitos-da-fumaca-na-saude\/","url":"https:\/\/transamerica93.com.br\/home\/confira-as-orientacoes-para-amenizar-efeitos-da-fumaca-na-saude\/","name":"Confira as orienta\u00e7\u00f5es para amenizar efeitos da fuma\u00e7a na sa\u00fade - Transam\u00e9rica Mococa 93,3","isPartOf":{"@id":"https:\/\/transamerica93.com.br\/home\/#website"},"primaryImageOfPage":{"@id":"https:\/\/transamerica93.com.br\/home\/confira-as-orientacoes-para-amenizar-efeitos-da-fumaca-na-saude\/#primaryimage"},"image":{"@id":"https:\/\/transamerica93.com.br\/home\/confira-as-orientacoes-para-amenizar-efeitos-da-fumaca-na-saude\/#primaryimage"},"thumbnailUrl":"https:\/\/transamerica93.com.br\/home\/wp-content\/uploads\/2024\/08\/Untitled-2.jpg","datePublished":"2024-08-25T20:30:45+00:00","breadcrumb":{"@id":"https:\/\/transamerica93.com.br\/home\/confira-as-orientacoes-para-amenizar-efeitos-da-fumaca-na-saude\/#breadcrumb"},"inLanguage":"pt-BR","potentialAction":[{"@type":"ReadAction","target":["https:\/\/transamerica93.com.br\/home\/confira-as-orientacoes-para-amenizar-efeitos-da-fumaca-na-saude\/"]}]},{"@type":"ImageObject","inLanguage":"pt-BR","@id":"https:\/\/transamerica93.com.br\/home\/confira-as-orientacoes-para-amenizar-efeitos-da-fumaca-na-saude\/#primaryimage","url":"https:\/\/transamerica93.com.br\/home\/wp-content\/uploads\/2024\/08\/Untitled-2.jpg","contentUrl":"https:\/\/transamerica93.com.br\/home\/wp-content\/uploads\/2024\/08\/Untitled-2.jpg","width":1170,"height":697,"caption":"\u00a9 Marcelo Camargo\/Ag\u00eancia Brasil"},{"@type":"BreadcrumbList","@id":"https:\/\/transamerica93.com.br\/home\/confira-as-orientacoes-para-amenizar-efeitos-da-fumaca-na-saude\/#breadcrumb","itemListElement":[{"@type":"ListItem","position":1,"name":"In\u00edcio","item":"https:\/\/transamerica93.com.br\/home\/"},{"@type":"ListItem","position":2,"name":"Confira as orienta\u00e7\u00f5es para amenizar efeitos da fuma\u00e7a na sa\u00fade"}]},{"@type":"WebSite","@id":"https:\/\/transamerica93.com.br\/home\/#website","url":"https:\/\/transamerica93.com.br\/home\/","name":"Transam\u00e9rica Mococa 93,3","description":"","publisher":{"@id":"https:\/\/transamerica93.com.br\/home\/#organization"},"potentialAction":[{"@type":"SearchAction","target":{"@type":"EntryPoint","urlTemplate":"https:\/\/transamerica93.com.br\/home\/?s={search_term_string}"},"query-input":{"@type":"PropertyValueSpecification","valueRequired":true,"valueName":"search_term_string"}}],"inLanguage":"pt-BR"},{"@type":"Organization","@id":"https:\/\/transamerica93.com.br\/home\/#organization","name":"Transam\u00e9rica Mococa 93,3","url":"https:\/\/transamerica93.com.br\/home\/","logo":{"@type":"ImageObject","inLanguage":"pt-BR","@id":"https:\/\/transamerica93.com.br\/home\/#\/schema\/logo\/image\/","url":"https:\/\/transamerica93.com.br\/home\/wp-content\/uploads\/2023\/10\/logo2.png","contentUrl":"https:\/\/transamerica93.com.br\/home\/wp-content\/uploads\/2023\/10\/logo2.png","width":800,"height":500,"caption":"Transam\u00e9rica Mococa 93,3"},"image":{"@id":"https:\/\/transamerica93.com.br\/home\/#\/schema\/logo\/image\/"},"sameAs":["https:\/\/www.facebook.com\/transamericamococa","https:\/\/x.com\/transamerica933","https:\/\/www.instagram.com\/transamericamococa"]},{"@type":"Person","@id":"https:\/\/transamerica93.com.br\/home\/#\/schema\/person\/7fed7c99c0d4562efa8561bc0f543172","name":"Reda\u00e7\u00e3o","image":{"@type":"ImageObject","inLanguage":"pt-BR","@id":"https:\/\/secure.gravatar.com\/avatar\/1072c6b775fb02ef8506ce967551d95926669a6b7d2c2147b42eea4d7c68395e?s=96&d=mm&r=g","url":"https:\/\/secure.gravatar.com\/avatar\/1072c6b775fb02ef8506ce967551d95926669a6b7d2c2147b42eea4d7c68395e?s=96&d=mm&r=g","contentUrl":"https:\/\/secure.gravatar.com\/avatar\/1072c6b775fb02ef8506ce967551d95926669a6b7d2c2147b42eea4d7c68395e?s=96&d=mm&r=g","caption":"Reda\u00e7\u00e3o"},"sameAs":["https:\/\/transamerica93.com.br\/home"],"url":"https:\/\/transamerica93.com.br\/home\/author\/william\/"}]}},"_links":{"self":[{"href":"https:\/\/transamerica93.com.br\/home\/wp-json\/wp\/v2\/posts\/3691","targetHints":{"allow":["GET"]}}],"collection":[{"href":"https:\/\/transamerica93.com.br\/home\/wp-json\/wp\/v2\/posts"}],"about":[{"href":"https:\/\/transamerica93.com.br\/home\/wp-json\/wp\/v2\/types\/post"}],"author":[{"embeddable":true,"href":"https:\/\/transamerica93.com.br\/home\/wp-json\/wp\/v2\/users\/1"}],"replies":[{"embeddable":true,"href":"https:\/\/transamerica93.com.br\/home\/wp-json\/wp\/v2\/comments?post=3691"}],"version-history":[{"count":1,"href":"https:\/\/transamerica93.com.br\/home\/wp-json\/wp\/v2\/posts\/3691\/revisions"}],"predecessor-version":[{"id":3693,"href":"https:\/\/transamerica93.com.br\/home\/wp-json\/wp\/v2\/posts\/3691\/revisions\/3693"}],"wp:featuredmedia":[{"embeddable":true,"href":"https:\/\/transamerica93.com.br\/home\/wp-json\/wp\/v2\/media\/3692"}],"wp:attachment":[{"href":"https:\/\/transamerica93.com.br\/home\/wp-json\/wp\/v2\/media?parent=3691"}],"wp:term":[{"taxonomy":"category","embeddable":true,"href":"https:\/\/transamerica93.com.br\/home\/wp-json\/wp\/v2\/categories?post=3691"},{"taxonomy":"post_tag","embeddable":true,"href":"https:\/\/transamerica93.com.br\/home\/wp-json\/wp\/v2\/tags?post=3691"}],"curies":[{"name":"wp","href":"https:\/\/api.w.org\/{rel}","templated":true}]}}