{"id":3699,"date":"2024-09-02T09:00:22","date_gmt":"2024-09-02T12:00:22","guid":{"rendered":"https:\/\/transamerica93.com.br\/home\/?p=3699"},"modified":"2024-08-29T18:09:20","modified_gmt":"2024-08-29T21:09:20","slug":"infogripe-indica-manutencao-do-aumento-de-casos-de-covid-19","status":"publish","type":"post","link":"https:\/\/transamerica93.com.br\/home\/infogripe-indica-manutencao-do-aumento-de-casos-de-covid-19\/","title":{"rendered":"InfoGripe indica manuten\u00e7\u00e3o do aumento de casos de covid-19"},"content":{"rendered":"<div class=\"post-item-wrap\">\n<p>O novo Boletim InfoGripe da Fiocruz, \u00a0mostra aumento de casos de S\u00edndrome Respirat\u00f3ria Aguda Grave (SRAG) em todas as faixas et\u00e1rias analisadas. Os dados por faixa et\u00e1ria apontam manuten\u00e7\u00e3o do aumento dos casos de Sars-CoV-2 (covid-19) entre os idosos e in\u00edcio de crescimento do v\u00edrus na faixa et\u00e1ria entre 15 e 64 anos.<img decoding=\"async\" data-src=\"https:\/\/agenciabrasil.ebc.com.br\/ebc.png?id=1609972&amp;o=node\" src=\"data:image\/svg+xml;base64,PHN2ZyB3aWR0aD0iMSIgaGVpZ2h0PSIxIiB4bWxucz0iaHR0cDovL3d3dy53My5vcmcvMjAwMC9zdmciPjwvc3ZnPg==\" class=\"lazyload\" \/><img decoding=\"async\" data-src=\"https:\/\/agenciabrasil.ebc.com.br\/ebc.gif?id=1609972&amp;o=node\" src=\"data:image\/svg+xml;base64,PHN2ZyB3aWR0aD0iMSIgaGVpZ2h0PSIxIiB4bWxucz0iaHR0cDovL3d3dy53My5vcmcvMjAwMC9zdmciPjwvc3ZnPg==\" class=\"lazyload\" \/><\/p>\n<p>Quanto aos v\u00edrus influenza A e o v\u00edrus sincicial respirat\u00f3rio (VSR), h\u00e1 uma diminui\u00e7\u00e3o do n\u00famero de casos em boa parte do territ\u00f3rio nacional. J\u00e1 o rinov\u00edrus tem apresentado tend\u00eancia de aumento em v\u00e1rios estados do pa\u00eds, e se mant\u00e9m como a principal causa de incid\u00eancias de SRAG entre as crian\u00e7as e adolescentes de 2 a 14 anos.<\/p>\n<p>A\u00a0<a href=\"https:\/\/agenciabrasil.ebc.com.br\/saude\/noticia\/2024-08\/centro-detecta-aumento-na-taxa-de-positividade-para-covid-no-rio\" target=\"_blank\" rel=\"noopener\">Secretaria de Estado de Sa\u00fade do Rio de Janeiro<\/a>\u00a0(SES-RJ) retomou, nesta ter\u00e7a-feira (27), a divulga\u00e7\u00e3o do Panorama da Covid-19, em raz\u00e3o do aumento nos indicadores da covid-19 detectado pelo Centro de Intelig\u00eancia em Sa\u00fade do estado (CIS-RJ). Os dados registrados nas semanas epidemiol\u00f3gicas SE 29 a SE 33, que compreendem o per\u00edodo de 14 de julho a 17 de agosto, apontam alta sustentada a partir da SE 29 em indicadores como a taxa de positividade, al\u00e9m de crescimento dos atendimentos em unidades de Pronto Atendimento (UPA).<\/p>\n<p>O agregado nacional apresenta sinal de aumento na tend\u00eancia de longo prazo (\u00faltimas seis semanas) e de curto prazo (\u00faltimas tr\u00eas semanas). Pesquisadora do Programa de Computa\u00e7\u00e3o Cient\u00edfica (Procc\/Fiocruz) e do Boletim InfoGripe, Tatiana Portella destaca que o aumento da SRAG no agregado nacional se deve ao rinov\u00edrus e covid-19 em muitos estados do pa\u00eds. \u201cO VSR e o rinov\u00edrus permanecem como as principais causas de interna\u00e7\u00f5es e \u00f3bitos em crian\u00e7as de at\u00e9 dois anos, embora os casos de SRAG por VSR j\u00e1 demonstrem queda nas \u00faltimas semanas\u201d, destaca.<\/p>\n<p>\u201cDevido ao alto fluxo de pessoas entre o estado de S\u00e3o Paulo e os demais estados, o aumento de casos de SRAG por covid-19 pode impulsionar a dissemina\u00e7\u00e3o do v\u00edrus para outras regi\u00f5es nas pr\u00f3ximas semanas. Por isso, \u00e9 muito prov\u00e1vel que a gente observe um crescimento do n\u00famero de casos de covid-19 em outros estados. Desta forma, \u00e9 importante que os hospitais e as unidades sentinelas de s\u00edndrome gripal de todos os estados reforcem a aten\u00e7\u00e3o para qualquer sinal de aumento expressivo na circula\u00e7\u00e3o do v\u00edrus\u201d, alerta a pesquisadora.<\/p>\n<p>Diante desse aumento de casos de covid-19, Tatiana ressalta que \u00e9 essencial que todos os indiv\u00edduos que fazem parte do grupo de risco estejam em dia com a vacina\u00e7\u00e3o contra o v\u00edrus. A pesquisadora tamb\u00e9m refor\u00e7a a import\u00e2ncia da vacina contra a influenza. \u201cApesar do n\u00famero de casos de influenza A estar diminuindo em todo o Brasil, o v\u00edrus continua sendo uma das principais causas de \u00f3bitos por SRAG entre os idosos\u201d, refor\u00e7a.<\/p>\n<p>A incid\u00eancia e a mortalidade semanal m\u00e9dia nas \u00faltimas oito semanas epidemiol\u00f3gicas mant\u00eam o cen\u00e1rio t\u00edpico de maior impacto nos extremos das faixas et\u00e1rias analisadas. A incid\u00eancia e mortalidade de SRAG em crian\u00e7as de at\u00e9 dois anos de idade \u00e9 mantida em maior parte pela circula\u00e7\u00e3o do VSR e rinov\u00edrus. J\u00e1 a mortalidade na popula\u00e7\u00e3o a partir dos 65 anos continua sendo a mais impactada, fundamentalmente por conta dos v\u00edrus Influenza A e Covid-19.<\/p>\n<\/div>\n<p class=\"alt-font font-italic my-2 small text-info\">Edi\u00e7\u00e3o: Val\u00e9ria Aguiar<\/p>\n","protected":false},"excerpt":{"rendered":"<p>O novo Boletim InfoGripe da Fiocruz, \u00a0mostra aumento de casos de S\u00edndrome Respirat\u00f3ria Aguda Grave (SRAG) em todas as faixas et\u00e1rias analisadas. Os dados por faixa et\u00e1ria apontam manuten\u00e7\u00e3o do aumento dos casos de Sars-CoV-2 (covid-19) entre os idosos e in\u00edcio de crescimento do v\u00edrus na faixa et\u00e1ria entre 15 e 64 anos. Quanto aos &hellip;<\/p>\n","protected":false},"author":1,"featured_media":3700,"comment_status":"closed","ping_status":"closed","sticky":false,"template":"","format":"standard","meta":{"footnotes":""},"categories":[30],"tags":[],"class_list":["post-3699","post","type-post","status-publish","format-standard","has-post-thumbnail","hentry","category-geral"],"yoast_head":"<!-- This site is optimized with the Yoast SEO plugin v27.4 - https:\/\/yoast.com\/product\/yoast-seo-wordpress\/ -->\n<title>InfoGripe indica manuten\u00e7\u00e3o do aumento de casos de covid-19 - Transam\u00e9rica Mococa 93,3<\/title>\n<meta name=\"robots\" content=\"index, follow, max-snippet:-1, max-image-preview:large, max-video-preview:-1\" \/>\n<link rel=\"canonical\" href=\"https:\/\/transamerica93.com.br\/home\/infogripe-indica-manutencao-do-aumento-de-casos-de-covid-19\/\" \/>\n<meta property=\"og:locale\" content=\"pt_BR\" \/>\n<meta property=\"og:type\" content=\"article\" \/>\n<meta property=\"og:title\" content=\"InfoGripe indica manuten\u00e7\u00e3o do aumento de casos de covid-19 - Transam\u00e9rica Mococa 93,3\" \/>\n<meta property=\"og:description\" content=\"O novo Boletim InfoGripe da Fiocruz, \u00a0mostra aumento de casos de S\u00edndrome Respirat\u00f3ria Aguda Grave (SRAG) em todas as faixas et\u00e1rias analisadas. Os dados por faixa et\u00e1ria apontam manuten\u00e7\u00e3o do aumento dos casos de Sars-CoV-2 (covid-19) entre os idosos e in\u00edcio de crescimento do v\u00edrus na faixa et\u00e1ria entre 15 e 64 anos. Quanto aos &hellip;\" \/>\n<meta property=\"og:url\" content=\"https:\/\/transamerica93.com.br\/home\/infogripe-indica-manutencao-do-aumento-de-casos-de-covid-19\/\" \/>\n<meta property=\"og:site_name\" content=\"Transam\u00e9rica Mococa 93,3\" \/>\n<meta property=\"article:publisher\" content=\"https:\/\/www.facebook.com\/transamericamococa\" \/>\n<meta property=\"article:published_time\" content=\"2024-09-02T12:00:22+00:00\" \/>\n<meta property=\"og:image\" content=\"https:\/\/transamerica93.com.br\/home\/wp-content\/uploads\/2024\/08\/1-15.jpg\" \/>\n\t<meta property=\"og:image:width\" content=\"1168\" \/>\n\t<meta property=\"og:image:height\" content=\"695\" \/>\n\t<meta property=\"og:image:type\" content=\"image\/jpeg\" \/>\n<meta name=\"author\" content=\"Reda\u00e7\u00e3o\" \/>\n<meta name=\"twitter:card\" content=\"summary_large_image\" \/>\n<meta name=\"twitter:creator\" content=\"@transamerica933\" \/>\n<meta name=\"twitter:site\" content=\"@transamerica933\" \/>\n<meta name=\"twitter:label1\" content=\"Escrito por\" \/>\n\t<meta name=\"twitter:data1\" content=\"Reda\u00e7\u00e3o\" \/>\n\t<meta name=\"twitter:label2\" content=\"Est. tempo de leitura\" \/>\n\t<meta name=\"twitter:data2\" content=\"4 minutos\" \/>\n<script type=\"application\/ld+json\" class=\"yoast-schema-graph\">{\"@context\":\"https:\\\/\\\/schema.org\",\"@graph\":[{\"@type\":\"Article\",\"@id\":\"https:\\\/\\\/transamerica93.com.br\\\/home\\\/infogripe-indica-manutencao-do-aumento-de-casos-de-covid-19\\\/#article\",\"isPartOf\":{\"@id\":\"https:\\\/\\\/transamerica93.com.br\\\/home\\\/infogripe-indica-manutencao-do-aumento-de-casos-de-covid-19\\\/\"},\"author\":{\"name\":\"Reda\u00e7\u00e3o\",\"@id\":\"https:\\\/\\\/transamerica93.com.br\\\/home\\\/#\\\/schema\\\/person\\\/7fed7c99c0d4562efa8561bc0f543172\"},\"headline\":\"InfoGripe indica manuten\u00e7\u00e3o do aumento de casos de covid-19\",\"datePublished\":\"2024-09-02T12:00:22+00:00\",\"mainEntityOfPage\":{\"@id\":\"https:\\\/\\\/transamerica93.com.br\\\/home\\\/infogripe-indica-manutencao-do-aumento-de-casos-de-covid-19\\\/\"},\"wordCount\":598,\"publisher\":{\"@id\":\"https:\\\/\\\/transamerica93.com.br\\\/home\\\/#organization\"},\"image\":{\"@id\":\"https:\\\/\\\/transamerica93.com.br\\\/home\\\/infogripe-indica-manutencao-do-aumento-de-casos-de-covid-19\\\/#primaryimage\"},\"thumbnailUrl\":\"https:\\\/\\\/transamerica93.com.br\\\/home\\\/wp-content\\\/uploads\\\/2024\\\/08\\\/1-15.jpg\",\"articleSection\":[\"Geral\"],\"inLanguage\":\"pt-BR\"},{\"@type\":\"WebPage\",\"@id\":\"https:\\\/\\\/transamerica93.com.br\\\/home\\\/infogripe-indica-manutencao-do-aumento-de-casos-de-covid-19\\\/\",\"url\":\"https:\\\/\\\/transamerica93.com.br\\\/home\\\/infogripe-indica-manutencao-do-aumento-de-casos-de-covid-19\\\/\",\"name\":\"InfoGripe indica manuten\u00e7\u00e3o do aumento de casos de covid-19 - Transam\u00e9rica Mococa 93,3\",\"isPartOf\":{\"@id\":\"https:\\\/\\\/transamerica93.com.br\\\/home\\\/#website\"},\"primaryImageOfPage\":{\"@id\":\"https:\\\/\\\/transamerica93.com.br\\\/home\\\/infogripe-indica-manutencao-do-aumento-de-casos-de-covid-19\\\/#primaryimage\"},\"image\":{\"@id\":\"https:\\\/\\\/transamerica93.com.br\\\/home\\\/infogripe-indica-manutencao-do-aumento-de-casos-de-covid-19\\\/#primaryimage\"},\"thumbnailUrl\":\"https:\\\/\\\/transamerica93.com.br\\\/home\\\/wp-content\\\/uploads\\\/2024\\\/08\\\/1-15.jpg\",\"datePublished\":\"2024-09-02T12:00:22+00:00\",\"breadcrumb\":{\"@id\":\"https:\\\/\\\/transamerica93.com.br\\\/home\\\/infogripe-indica-manutencao-do-aumento-de-casos-de-covid-19\\\/#breadcrumb\"},\"inLanguage\":\"pt-BR\",\"potentialAction\":[{\"@type\":\"ReadAction\",\"target\":[\"https:\\\/\\\/transamerica93.com.br\\\/home\\\/infogripe-indica-manutencao-do-aumento-de-casos-de-covid-19\\\/\"]}]},{\"@type\":\"ImageObject\",\"inLanguage\":\"pt-BR\",\"@id\":\"https:\\\/\\\/transamerica93.com.br\\\/home\\\/infogripe-indica-manutencao-do-aumento-de-casos-de-covid-19\\\/#primaryimage\",\"url\":\"https:\\\/\\\/transamerica93.com.br\\\/home\\\/wp-content\\\/uploads\\\/2024\\\/08\\\/1-15.jpg\",\"contentUrl\":\"https:\\\/\\\/transamerica93.com.br\\\/home\\\/wp-content\\\/uploads\\\/2024\\\/08\\\/1-15.jpg\",\"width\":1168,\"height\":695,\"caption\":\"\u00a9 Fernando Fraz\u00e3o\\\/Ag\u00eancia Brasil\"},{\"@type\":\"BreadcrumbList\",\"@id\":\"https:\\\/\\\/transamerica93.com.br\\\/home\\\/infogripe-indica-manutencao-do-aumento-de-casos-de-covid-19\\\/#breadcrumb\",\"itemListElement\":[{\"@type\":\"ListItem\",\"position\":1,\"name\":\"In\u00edcio\",\"item\":\"https:\\\/\\\/transamerica93.com.br\\\/home\\\/\"},{\"@type\":\"ListItem\",\"position\":2,\"name\":\"InfoGripe indica manuten\u00e7\u00e3o do aumento de casos de covid-19\"}]},{\"@type\":\"WebSite\",\"@id\":\"https:\\\/\\\/transamerica93.com.br\\\/home\\\/#website\",\"url\":\"https:\\\/\\\/transamerica93.com.br\\\/home\\\/\",\"name\":\"Transam\u00e9rica Mococa 93,3\",\"description\":\"\",\"publisher\":{\"@id\":\"https:\\\/\\\/transamerica93.com.br\\\/home\\\/#organization\"},\"potentialAction\":[{\"@type\":\"SearchAction\",\"target\":{\"@type\":\"EntryPoint\",\"urlTemplate\":\"https:\\\/\\\/transamerica93.com.br\\\/home\\\/?s={search_term_string}\"},\"query-input\":{\"@type\":\"PropertyValueSpecification\",\"valueRequired\":true,\"valueName\":\"search_term_string\"}}],\"inLanguage\":\"pt-BR\"},{\"@type\":\"Organization\",\"@id\":\"https:\\\/\\\/transamerica93.com.br\\\/home\\\/#organization\",\"name\":\"Transam\u00e9rica Mococa 93,3\",\"url\":\"https:\\\/\\\/transamerica93.com.br\\\/home\\\/\",\"logo\":{\"@type\":\"ImageObject\",\"inLanguage\":\"pt-BR\",\"@id\":\"https:\\\/\\\/transamerica93.com.br\\\/home\\\/#\\\/schema\\\/logo\\\/image\\\/\",\"url\":\"https:\\\/\\\/transamerica93.com.br\\\/home\\\/wp-content\\\/uploads\\\/2023\\\/10\\\/logo2.png\",\"contentUrl\":\"https:\\\/\\\/transamerica93.com.br\\\/home\\\/wp-content\\\/uploads\\\/2023\\\/10\\\/logo2.png\",\"width\":800,\"height\":500,\"caption\":\"Transam\u00e9rica Mococa 93,3\"},\"image\":{\"@id\":\"https:\\\/\\\/transamerica93.com.br\\\/home\\\/#\\\/schema\\\/logo\\\/image\\\/\"},\"sameAs\":[\"https:\\\/\\\/www.facebook.com\\\/transamericamococa\",\"https:\\\/\\\/x.com\\\/transamerica933\",\"https:\\\/\\\/www.instagram.com\\\/transamericamococa\"]},{\"@type\":\"Person\",\"@id\":\"https:\\\/\\\/transamerica93.com.br\\\/home\\\/#\\\/schema\\\/person\\\/7fed7c99c0d4562efa8561bc0f543172\",\"name\":\"Reda\u00e7\u00e3o\",\"image\":{\"@type\":\"ImageObject\",\"inLanguage\":\"pt-BR\",\"@id\":\"https:\\\/\\\/secure.gravatar.com\\\/avatar\\\/1072c6b775fb02ef8506ce967551d95926669a6b7d2c2147b42eea4d7c68395e?s=96&d=mm&r=g\",\"url\":\"https:\\\/\\\/secure.gravatar.com\\\/avatar\\\/1072c6b775fb02ef8506ce967551d95926669a6b7d2c2147b42eea4d7c68395e?s=96&d=mm&r=g\",\"contentUrl\":\"https:\\\/\\\/secure.gravatar.com\\\/avatar\\\/1072c6b775fb02ef8506ce967551d95926669a6b7d2c2147b42eea4d7c68395e?s=96&d=mm&r=g\",\"caption\":\"Reda\u00e7\u00e3o\"},\"sameAs\":[\"https:\\\/\\\/transamerica93.com.br\\\/home\"],\"url\":\"https:\\\/\\\/transamerica93.com.br\\\/home\\\/author\\\/william\\\/\"}]}<\/script>\n<!-- \/ Yoast SEO plugin. -->","yoast_head_json":{"title":"InfoGripe indica manuten\u00e7\u00e3o do aumento de casos de covid-19 - Transam\u00e9rica Mococa 93,3","robots":{"index":"index","follow":"follow","max-snippet":"max-snippet:-1","max-image-preview":"max-image-preview:large","max-video-preview":"max-video-preview:-1"},"canonical":"https:\/\/transamerica93.com.br\/home\/infogripe-indica-manutencao-do-aumento-de-casos-de-covid-19\/","og_locale":"pt_BR","og_type":"article","og_title":"InfoGripe indica manuten\u00e7\u00e3o do aumento de casos de covid-19 - Transam\u00e9rica Mococa 93,3","og_description":"O novo Boletim InfoGripe da Fiocruz, \u00a0mostra aumento de casos de S\u00edndrome Respirat\u00f3ria Aguda Grave (SRAG) em todas as faixas et\u00e1rias analisadas. Os dados por faixa et\u00e1ria apontam manuten\u00e7\u00e3o do aumento dos casos de Sars-CoV-2 (covid-19) entre os idosos e in\u00edcio de crescimento do v\u00edrus na faixa et\u00e1ria entre 15 e 64 anos. Quanto aos &hellip;","og_url":"https:\/\/transamerica93.com.br\/home\/infogripe-indica-manutencao-do-aumento-de-casos-de-covid-19\/","og_site_name":"Transam\u00e9rica Mococa 93,3","article_publisher":"https:\/\/www.facebook.com\/transamericamococa","article_published_time":"2024-09-02T12:00:22+00:00","og_image":[{"width":1168,"height":695,"url":"https:\/\/transamerica93.com.br\/home\/wp-content\/uploads\/2024\/08\/1-15.jpg","type":"image\/jpeg"}],"author":"Reda\u00e7\u00e3o","twitter_card":"summary_large_image","twitter_creator":"@transamerica933","twitter_site":"@transamerica933","twitter_misc":{"Escrito por":"Reda\u00e7\u00e3o","Est. tempo de leitura":"4 minutos"},"schema":{"@context":"https:\/\/schema.org","@graph":[{"@type":"Article","@id":"https:\/\/transamerica93.com.br\/home\/infogripe-indica-manutencao-do-aumento-de-casos-de-covid-19\/#article","isPartOf":{"@id":"https:\/\/transamerica93.com.br\/home\/infogripe-indica-manutencao-do-aumento-de-casos-de-covid-19\/"},"author":{"name":"Reda\u00e7\u00e3o","@id":"https:\/\/transamerica93.com.br\/home\/#\/schema\/person\/7fed7c99c0d4562efa8561bc0f543172"},"headline":"InfoGripe indica manuten\u00e7\u00e3o do aumento de casos de covid-19","datePublished":"2024-09-02T12:00:22+00:00","mainEntityOfPage":{"@id":"https:\/\/transamerica93.com.br\/home\/infogripe-indica-manutencao-do-aumento-de-casos-de-covid-19\/"},"wordCount":598,"publisher":{"@id":"https:\/\/transamerica93.com.br\/home\/#organization"},"image":{"@id":"https:\/\/transamerica93.com.br\/home\/infogripe-indica-manutencao-do-aumento-de-casos-de-covid-19\/#primaryimage"},"thumbnailUrl":"https:\/\/transamerica93.com.br\/home\/wp-content\/uploads\/2024\/08\/1-15.jpg","articleSection":["Geral"],"inLanguage":"pt-BR"},{"@type":"WebPage","@id":"https:\/\/transamerica93.com.br\/home\/infogripe-indica-manutencao-do-aumento-de-casos-de-covid-19\/","url":"https:\/\/transamerica93.com.br\/home\/infogripe-indica-manutencao-do-aumento-de-casos-de-covid-19\/","name":"InfoGripe indica manuten\u00e7\u00e3o do aumento de casos de covid-19 - Transam\u00e9rica Mococa 93,3","isPartOf":{"@id":"https:\/\/transamerica93.com.br\/home\/#website"},"primaryImageOfPage":{"@id":"https:\/\/transamerica93.com.br\/home\/infogripe-indica-manutencao-do-aumento-de-casos-de-covid-19\/#primaryimage"},"image":{"@id":"https:\/\/transamerica93.com.br\/home\/infogripe-indica-manutencao-do-aumento-de-casos-de-covid-19\/#primaryimage"},"thumbnailUrl":"https:\/\/transamerica93.com.br\/home\/wp-content\/uploads\/2024\/08\/1-15.jpg","datePublished":"2024-09-02T12:00:22+00:00","breadcrumb":{"@id":"https:\/\/transamerica93.com.br\/home\/infogripe-indica-manutencao-do-aumento-de-casos-de-covid-19\/#breadcrumb"},"inLanguage":"pt-BR","potentialAction":[{"@type":"ReadAction","target":["https:\/\/transamerica93.com.br\/home\/infogripe-indica-manutencao-do-aumento-de-casos-de-covid-19\/"]}]},{"@type":"ImageObject","inLanguage":"pt-BR","@id":"https:\/\/transamerica93.com.br\/home\/infogripe-indica-manutencao-do-aumento-de-casos-de-covid-19\/#primaryimage","url":"https:\/\/transamerica93.com.br\/home\/wp-content\/uploads\/2024\/08\/1-15.jpg","contentUrl":"https:\/\/transamerica93.com.br\/home\/wp-content\/uploads\/2024\/08\/1-15.jpg","width":1168,"height":695,"caption":"\u00a9 Fernando Fraz\u00e3o\/Ag\u00eancia Brasil"},{"@type":"BreadcrumbList","@id":"https:\/\/transamerica93.com.br\/home\/infogripe-indica-manutencao-do-aumento-de-casos-de-covid-19\/#breadcrumb","itemListElement":[{"@type":"ListItem","position":1,"name":"In\u00edcio","item":"https:\/\/transamerica93.com.br\/home\/"},{"@type":"ListItem","position":2,"name":"InfoGripe indica manuten\u00e7\u00e3o do aumento de casos de covid-19"}]},{"@type":"WebSite","@id":"https:\/\/transamerica93.com.br\/home\/#website","url":"https:\/\/transamerica93.com.br\/home\/","name":"Transam\u00e9rica Mococa 93,3","description":"","publisher":{"@id":"https:\/\/transamerica93.com.br\/home\/#organization"},"potentialAction":[{"@type":"SearchAction","target":{"@type":"EntryPoint","urlTemplate":"https:\/\/transamerica93.com.br\/home\/?s={search_term_string}"},"query-input":{"@type":"PropertyValueSpecification","valueRequired":true,"valueName":"search_term_string"}}],"inLanguage":"pt-BR"},{"@type":"Organization","@id":"https:\/\/transamerica93.com.br\/home\/#organization","name":"Transam\u00e9rica Mococa 93,3","url":"https:\/\/transamerica93.com.br\/home\/","logo":{"@type":"ImageObject","inLanguage":"pt-BR","@id":"https:\/\/transamerica93.com.br\/home\/#\/schema\/logo\/image\/","url":"https:\/\/transamerica93.com.br\/home\/wp-content\/uploads\/2023\/10\/logo2.png","contentUrl":"https:\/\/transamerica93.com.br\/home\/wp-content\/uploads\/2023\/10\/logo2.png","width":800,"height":500,"caption":"Transam\u00e9rica Mococa 93,3"},"image":{"@id":"https:\/\/transamerica93.com.br\/home\/#\/schema\/logo\/image\/"},"sameAs":["https:\/\/www.facebook.com\/transamericamococa","https:\/\/x.com\/transamerica933","https:\/\/www.instagram.com\/transamericamococa"]},{"@type":"Person","@id":"https:\/\/transamerica93.com.br\/home\/#\/schema\/person\/7fed7c99c0d4562efa8561bc0f543172","name":"Reda\u00e7\u00e3o","image":{"@type":"ImageObject","inLanguage":"pt-BR","@id":"https:\/\/secure.gravatar.com\/avatar\/1072c6b775fb02ef8506ce967551d95926669a6b7d2c2147b42eea4d7c68395e?s=96&d=mm&r=g","url":"https:\/\/secure.gravatar.com\/avatar\/1072c6b775fb02ef8506ce967551d95926669a6b7d2c2147b42eea4d7c68395e?s=96&d=mm&r=g","contentUrl":"https:\/\/secure.gravatar.com\/avatar\/1072c6b775fb02ef8506ce967551d95926669a6b7d2c2147b42eea4d7c68395e?s=96&d=mm&r=g","caption":"Reda\u00e7\u00e3o"},"sameAs":["https:\/\/transamerica93.com.br\/home"],"url":"https:\/\/transamerica93.com.br\/home\/author\/william\/"}]}},"_links":{"self":[{"href":"https:\/\/transamerica93.com.br\/home\/wp-json\/wp\/v2\/posts\/3699","targetHints":{"allow":["GET"]}}],"collection":[{"href":"https:\/\/transamerica93.com.br\/home\/wp-json\/wp\/v2\/posts"}],"about":[{"href":"https:\/\/transamerica93.com.br\/home\/wp-json\/wp\/v2\/types\/post"}],"author":[{"embeddable":true,"href":"https:\/\/transamerica93.com.br\/home\/wp-json\/wp\/v2\/users\/1"}],"replies":[{"embeddable":true,"href":"https:\/\/transamerica93.com.br\/home\/wp-json\/wp\/v2\/comments?post=3699"}],"version-history":[{"count":1,"href":"https:\/\/transamerica93.com.br\/home\/wp-json\/wp\/v2\/posts\/3699\/revisions"}],"predecessor-version":[{"id":3705,"href":"https:\/\/transamerica93.com.br\/home\/wp-json\/wp\/v2\/posts\/3699\/revisions\/3705"}],"wp:featuredmedia":[{"embeddable":true,"href":"https:\/\/transamerica93.com.br\/home\/wp-json\/wp\/v2\/media\/3700"}],"wp:attachment":[{"href":"https:\/\/transamerica93.com.br\/home\/wp-json\/wp\/v2\/media?parent=3699"}],"wp:term":[{"taxonomy":"category","embeddable":true,"href":"https:\/\/transamerica93.com.br\/home\/wp-json\/wp\/v2\/categories?post=3699"},{"taxonomy":"post_tag","embeddable":true,"href":"https:\/\/transamerica93.com.br\/home\/wp-json\/wp\/v2\/tags?post=3699"}],"curies":[{"name":"wp","href":"https:\/\/api.w.org\/{rel}","templated":true}]}}