{"id":3714,"date":"2024-09-02T12:00:57","date_gmt":"2024-09-02T15:00:57","guid":{"rendered":"https:\/\/transamerica93.com.br\/home\/?p=3714"},"modified":"2024-08-29T18:17:43","modified_gmt":"2024-08-29T21:17:43","slug":"stf-define-data-de-julgamento-do-habeas-corpus-de-robinho-saiba-quando-saira-decisao","status":"publish","type":"post","link":"https:\/\/transamerica93.com.br\/home\/stf-define-data-de-julgamento-do-habeas-corpus-de-robinho-saiba-quando-saira-decisao\/","title":{"rendered":"STF define data de julgamento do habeas corpus de Robinho; saiba quando sair\u00e1 decis\u00e3o"},"content":{"rendered":"<div id=\"Corpo\">O Supremo Tribunal Federal (STF) definiu a data do julgamento do pedido de habeas corpus de Robinho, em caso de estupro coletivo que foi condenado pela Justi\u00e7a italiana e que, ap\u00f3s decis\u00e3o do Superior Tribunal de Justi\u00e7a (STJ), cumpre pena no Brasil. O julgamento acontecer\u00e1 entre os dias 6 e 13 de setembro, e tem o ministro Luiz Fux como relator do caso.<\/p>\n<p>Robinho est\u00e1 preso na Penitenci\u00e1ria de Trememb\u00e9 II desde 20 de mar\u00e7o. Assim que o STJ determinou que o jogador cumprisse a pena de nove anos de pris\u00e3o no Pa\u00eds, a defesa pediu para que o caso fosse analisado novamente e argumentou que n\u00e3o caberia ao STJ determinar o cumprimento imediato da pena sem que o governo italiano ou o Minist\u00e9rio P\u00fablico se manifestassem.<\/p>\n<p>O pedido inicial do primeiro habeas corpus de mar\u00e7o foi negado no STF. Nesta nova requisi\u00e7\u00e3o, os advogados pedem que a ordem de pris\u00e3o seja suspensa liminarmente e que Robinho seja colocado em liberdade, at\u00e9 que passe por um novo julgamento.<\/p>\n<p>Em mar\u00e7o, Fux tamb\u00e9m foi relator do caso, e analisou que n\u00e3o houve viola\u00e7\u00e3o do STJ ao determinar o cumprimento da pris\u00e3o e da pena de forma imediata, j\u00e1 que Brasil e It\u00e1lia t\u00eam acordos de coopera\u00e7\u00e3o internacional e por ter sido condenado a nove anos por um crime tido como hediondo no Pa\u00eds.<\/p>\n<p>Robinho foi condenado pela Justi\u00e7a da It\u00e1lia em 2017, com senten\u00e7a transitada em julgado em 2022, a nove anos de reclus\u00e3o pelo crime de estupro, ocorrido em uma boate de Mil\u00e3o, na It\u00e1lia, em 2013. A v\u00edtima foi uma jovem albanesa. O pedido de homologa\u00e7\u00e3o e transfer\u00eancia de execu\u00e7\u00e3o da pena apresentado pelo governo da It\u00e1lia teve por base justamente tratado de extradi\u00e7\u00e3o firmado com o Brasil.<\/p>\n<p>Al\u00e9m do pedido de habeas corpus negado, a defesa de Robinho tamb\u00e9m argumentou pela redu\u00e7\u00e3o da pena do ex-jogador, e que a condena\u00e7\u00e3o n\u00e3o levasse em conta o crime cometido como &#8220;hediondo&#8221; O argumento \u00e9 que estupro est\u00e1 na Lei dos Crimes Hediondos, mas &#8220;estupro coletivo&#8221;, n\u00e3o. &#8220;A mera homologa\u00e7\u00e3o da senten\u00e7a italiana pelo STJ n\u00e3o \u00e9 suficiente para conferir ao crime a hediondez, pois tal classifica\u00e7\u00e3o depende da expressa previs\u00e3o legal&#8221;, escreveu o advogado M\u00e1rio Rossi Vale, respons\u00e1vel pelo documento do pedido feito em maio.<\/p><\/div>\n","protected":false},"excerpt":{"rendered":"<p>O Supremo Tribunal Federal (STF) definiu a data do julgamento do pedido de habeas corpus de Robinho, em caso de estupro coletivo que foi condenado pela Justi\u00e7a italiana e que, ap\u00f3s decis\u00e3o do Superior Tribunal de Justi\u00e7a (STJ), cumpre pena no Brasil. O julgamento acontecer\u00e1 entre os dias 6 e 13 de setembro, e tem &hellip;<\/p>\n","protected":false},"author":1,"featured_media":3715,"comment_status":"closed","ping_status":"closed","sticky":false,"template":"","format":"standard","meta":{"footnotes":""},"categories":[31],"tags":[],"class_list":["post-3714","post","type-post","status-publish","format-standard","has-post-thumbnail","hentry","category-esportes"],"yoast_head":"<!-- This site is optimized with the Yoast SEO plugin v27.4 - https:\/\/yoast.com\/product\/yoast-seo-wordpress\/ -->\n<title>STF define data de julgamento do habeas corpus de Robinho; saiba quando sair\u00e1 decis\u00e3o - Transam\u00e9rica Mococa 93,3<\/title>\n<meta name=\"robots\" content=\"index, follow, max-snippet:-1, max-image-preview:large, max-video-preview:-1\" \/>\n<link rel=\"canonical\" href=\"https:\/\/transamerica93.com.br\/home\/stf-define-data-de-julgamento-do-habeas-corpus-de-robinho-saiba-quando-saira-decisao\/\" \/>\n<meta property=\"og:locale\" content=\"pt_BR\" \/>\n<meta property=\"og:type\" content=\"article\" \/>\n<meta property=\"og:title\" content=\"STF define data de julgamento do habeas corpus de Robinho; saiba quando sair\u00e1 decis\u00e3o - Transam\u00e9rica Mococa 93,3\" \/>\n<meta property=\"og:description\" content=\"O Supremo Tribunal Federal (STF) definiu a data do julgamento do pedido de habeas corpus de Robinho, em caso de estupro coletivo que foi condenado pela Justi\u00e7a italiana e que, ap\u00f3s decis\u00e3o do Superior Tribunal de Justi\u00e7a (STJ), cumpre pena no Brasil. O julgamento acontecer\u00e1 entre os dias 6 e 13 de setembro, e tem &hellip;\" \/>\n<meta property=\"og:url\" content=\"https:\/\/transamerica93.com.br\/home\/stf-define-data-de-julgamento-do-habeas-corpus-de-robinho-saiba-quando-saira-decisao\/\" \/>\n<meta property=\"og:site_name\" content=\"Transam\u00e9rica Mococa 93,3\" \/>\n<meta property=\"article:publisher\" content=\"https:\/\/www.facebook.com\/transamericamococa\" \/>\n<meta property=\"article:published_time\" content=\"2024-09-02T15:00:57+00:00\" \/>\n<meta property=\"og:image\" content=\"https:\/\/transamerica93.com.br\/home\/wp-content\/uploads\/2024\/08\/1-16.jpg\" \/>\n\t<meta property=\"og:image:width\" content=\"1007\" \/>\n\t<meta property=\"og:image:height\" content=\"602\" \/>\n\t<meta property=\"og:image:type\" content=\"image\/jpeg\" \/>\n<meta name=\"author\" content=\"Reda\u00e7\u00e3o\" \/>\n<meta name=\"twitter:card\" content=\"summary_large_image\" \/>\n<meta name=\"twitter:creator\" content=\"@transamerica933\" \/>\n<meta name=\"twitter:site\" content=\"@transamerica933\" \/>\n<meta name=\"twitter:label1\" content=\"Escrito por\" \/>\n\t<meta name=\"twitter:data1\" content=\"Reda\u00e7\u00e3o\" \/>\n\t<meta name=\"twitter:label2\" content=\"Est. tempo de leitura\" \/>\n\t<meta name=\"twitter:data2\" content=\"3 minutos\" \/>\n<script type=\"application\/ld+json\" class=\"yoast-schema-graph\">{\"@context\":\"https:\\\/\\\/schema.org\",\"@graph\":[{\"@type\":\"Article\",\"@id\":\"https:\\\/\\\/transamerica93.com.br\\\/home\\\/stf-define-data-de-julgamento-do-habeas-corpus-de-robinho-saiba-quando-saira-decisao\\\/#article\",\"isPartOf\":{\"@id\":\"https:\\\/\\\/transamerica93.com.br\\\/home\\\/stf-define-data-de-julgamento-do-habeas-corpus-de-robinho-saiba-quando-saira-decisao\\\/\"},\"author\":{\"name\":\"Reda\u00e7\u00e3o\",\"@id\":\"https:\\\/\\\/transamerica93.com.br\\\/home\\\/#\\\/schema\\\/person\\\/7fed7c99c0d4562efa8561bc0f543172\"},\"headline\":\"STF define data de julgamento do habeas corpus de Robinho; saiba quando sair\u00e1 decis\u00e3o\",\"datePublished\":\"2024-09-02T15:00:57+00:00\",\"mainEntityOfPage\":{\"@id\":\"https:\\\/\\\/transamerica93.com.br\\\/home\\\/stf-define-data-de-julgamento-do-habeas-corpus-de-robinho-saiba-quando-saira-decisao\\\/\"},\"wordCount\":430,\"publisher\":{\"@id\":\"https:\\\/\\\/transamerica93.com.br\\\/home\\\/#organization\"},\"image\":{\"@id\":\"https:\\\/\\\/transamerica93.com.br\\\/home\\\/stf-define-data-de-julgamento-do-habeas-corpus-de-robinho-saiba-quando-saira-decisao\\\/#primaryimage\"},\"thumbnailUrl\":\"https:\\\/\\\/transamerica93.com.br\\\/home\\\/wp-content\\\/uploads\\\/2024\\\/08\\\/1-16.jpg\",\"articleSection\":[\"Esportes\"],\"inLanguage\":\"pt-BR\"},{\"@type\":\"WebPage\",\"@id\":\"https:\\\/\\\/transamerica93.com.br\\\/home\\\/stf-define-data-de-julgamento-do-habeas-corpus-de-robinho-saiba-quando-saira-decisao\\\/\",\"url\":\"https:\\\/\\\/transamerica93.com.br\\\/home\\\/stf-define-data-de-julgamento-do-habeas-corpus-de-robinho-saiba-quando-saira-decisao\\\/\",\"name\":\"STF define data de julgamento do habeas corpus de Robinho; saiba quando sair\u00e1 decis\u00e3o - Transam\u00e9rica Mococa 93,3\",\"isPartOf\":{\"@id\":\"https:\\\/\\\/transamerica93.com.br\\\/home\\\/#website\"},\"primaryImageOfPage\":{\"@id\":\"https:\\\/\\\/transamerica93.com.br\\\/home\\\/stf-define-data-de-julgamento-do-habeas-corpus-de-robinho-saiba-quando-saira-decisao\\\/#primaryimage\"},\"image\":{\"@id\":\"https:\\\/\\\/transamerica93.com.br\\\/home\\\/stf-define-data-de-julgamento-do-habeas-corpus-de-robinho-saiba-quando-saira-decisao\\\/#primaryimage\"},\"thumbnailUrl\":\"https:\\\/\\\/transamerica93.com.br\\\/home\\\/wp-content\\\/uploads\\\/2024\\\/08\\\/1-16.jpg\",\"datePublished\":\"2024-09-02T15:00:57+00:00\",\"breadcrumb\":{\"@id\":\"https:\\\/\\\/transamerica93.com.br\\\/home\\\/stf-define-data-de-julgamento-do-habeas-corpus-de-robinho-saiba-quando-saira-decisao\\\/#breadcrumb\"},\"inLanguage\":\"pt-BR\",\"potentialAction\":[{\"@type\":\"ReadAction\",\"target\":[\"https:\\\/\\\/transamerica93.com.br\\\/home\\\/stf-define-data-de-julgamento-do-habeas-corpus-de-robinho-saiba-quando-saira-decisao\\\/\"]}]},{\"@type\":\"ImageObject\",\"inLanguage\":\"pt-BR\",\"@id\":\"https:\\\/\\\/transamerica93.com.br\\\/home\\\/stf-define-data-de-julgamento-do-habeas-corpus-de-robinho-saiba-quando-saira-decisao\\\/#primaryimage\",\"url\":\"https:\\\/\\\/transamerica93.com.br\\\/home\\\/wp-content\\\/uploads\\\/2024\\\/08\\\/1-16.jpg\",\"contentUrl\":\"https:\\\/\\\/transamerica93.com.br\\\/home\\\/wp-content\\\/uploads\\\/2024\\\/08\\\/1-16.jpg\",\"width\":1007,\"height\":602,\"caption\":\"Foto: Reprodu\u00e7\u00e3o\\\/Justi\u00e7a Federal\"},{\"@type\":\"BreadcrumbList\",\"@id\":\"https:\\\/\\\/transamerica93.com.br\\\/home\\\/stf-define-data-de-julgamento-do-habeas-corpus-de-robinho-saiba-quando-saira-decisao\\\/#breadcrumb\",\"itemListElement\":[{\"@type\":\"ListItem\",\"position\":1,\"name\":\"In\u00edcio\",\"item\":\"https:\\\/\\\/transamerica93.com.br\\\/home\\\/\"},{\"@type\":\"ListItem\",\"position\":2,\"name\":\"STF define data de julgamento do habeas corpus de Robinho; saiba quando sair\u00e1 decis\u00e3o\"}]},{\"@type\":\"WebSite\",\"@id\":\"https:\\\/\\\/transamerica93.com.br\\\/home\\\/#website\",\"url\":\"https:\\\/\\\/transamerica93.com.br\\\/home\\\/\",\"name\":\"Transam\u00e9rica Mococa 93,3\",\"description\":\"\",\"publisher\":{\"@id\":\"https:\\\/\\\/transamerica93.com.br\\\/home\\\/#organization\"},\"potentialAction\":[{\"@type\":\"SearchAction\",\"target\":{\"@type\":\"EntryPoint\",\"urlTemplate\":\"https:\\\/\\\/transamerica93.com.br\\\/home\\\/?s={search_term_string}\"},\"query-input\":{\"@type\":\"PropertyValueSpecification\",\"valueRequired\":true,\"valueName\":\"search_term_string\"}}],\"inLanguage\":\"pt-BR\"},{\"@type\":\"Organization\",\"@id\":\"https:\\\/\\\/transamerica93.com.br\\\/home\\\/#organization\",\"name\":\"Transam\u00e9rica Mococa 93,3\",\"url\":\"https:\\\/\\\/transamerica93.com.br\\\/home\\\/\",\"logo\":{\"@type\":\"ImageObject\",\"inLanguage\":\"pt-BR\",\"@id\":\"https:\\\/\\\/transamerica93.com.br\\\/home\\\/#\\\/schema\\\/logo\\\/image\\\/\",\"url\":\"https:\\\/\\\/transamerica93.com.br\\\/home\\\/wp-content\\\/uploads\\\/2023\\\/10\\\/logo2.png\",\"contentUrl\":\"https:\\\/\\\/transamerica93.com.br\\\/home\\\/wp-content\\\/uploads\\\/2023\\\/10\\\/logo2.png\",\"width\":800,\"height\":500,\"caption\":\"Transam\u00e9rica Mococa 93,3\"},\"image\":{\"@id\":\"https:\\\/\\\/transamerica93.com.br\\\/home\\\/#\\\/schema\\\/logo\\\/image\\\/\"},\"sameAs\":[\"https:\\\/\\\/www.facebook.com\\\/transamericamococa\",\"https:\\\/\\\/x.com\\\/transamerica933\",\"https:\\\/\\\/www.instagram.com\\\/transamericamococa\"]},{\"@type\":\"Person\",\"@id\":\"https:\\\/\\\/transamerica93.com.br\\\/home\\\/#\\\/schema\\\/person\\\/7fed7c99c0d4562efa8561bc0f543172\",\"name\":\"Reda\u00e7\u00e3o\",\"image\":{\"@type\":\"ImageObject\",\"inLanguage\":\"pt-BR\",\"@id\":\"https:\\\/\\\/secure.gravatar.com\\\/avatar\\\/1072c6b775fb02ef8506ce967551d95926669a6b7d2c2147b42eea4d7c68395e?s=96&d=mm&r=g\",\"url\":\"https:\\\/\\\/secure.gravatar.com\\\/avatar\\\/1072c6b775fb02ef8506ce967551d95926669a6b7d2c2147b42eea4d7c68395e?s=96&d=mm&r=g\",\"contentUrl\":\"https:\\\/\\\/secure.gravatar.com\\\/avatar\\\/1072c6b775fb02ef8506ce967551d95926669a6b7d2c2147b42eea4d7c68395e?s=96&d=mm&r=g\",\"caption\":\"Reda\u00e7\u00e3o\"},\"sameAs\":[\"https:\\\/\\\/transamerica93.com.br\\\/home\"],\"url\":\"https:\\\/\\\/transamerica93.com.br\\\/home\\\/author\\\/william\\\/\"}]}<\/script>\n<!-- \/ Yoast SEO plugin. -->","yoast_head_json":{"title":"STF define data de julgamento do habeas corpus de Robinho; saiba quando sair\u00e1 decis\u00e3o - Transam\u00e9rica Mococa 93,3","robots":{"index":"index","follow":"follow","max-snippet":"max-snippet:-1","max-image-preview":"max-image-preview:large","max-video-preview":"max-video-preview:-1"},"canonical":"https:\/\/transamerica93.com.br\/home\/stf-define-data-de-julgamento-do-habeas-corpus-de-robinho-saiba-quando-saira-decisao\/","og_locale":"pt_BR","og_type":"article","og_title":"STF define data de julgamento do habeas corpus de Robinho; saiba quando sair\u00e1 decis\u00e3o - Transam\u00e9rica Mococa 93,3","og_description":"O Supremo Tribunal Federal (STF) definiu a data do julgamento do pedido de habeas corpus de Robinho, em caso de estupro coletivo que foi condenado pela Justi\u00e7a italiana e que, ap\u00f3s decis\u00e3o do Superior Tribunal de Justi\u00e7a (STJ), cumpre pena no Brasil. O julgamento acontecer\u00e1 entre os dias 6 e 13 de setembro, e tem &hellip;","og_url":"https:\/\/transamerica93.com.br\/home\/stf-define-data-de-julgamento-do-habeas-corpus-de-robinho-saiba-quando-saira-decisao\/","og_site_name":"Transam\u00e9rica Mococa 93,3","article_publisher":"https:\/\/www.facebook.com\/transamericamococa","article_published_time":"2024-09-02T15:00:57+00:00","og_image":[{"width":1007,"height":602,"url":"https:\/\/transamerica93.com.br\/home\/wp-content\/uploads\/2024\/08\/1-16.jpg","type":"image\/jpeg"}],"author":"Reda\u00e7\u00e3o","twitter_card":"summary_large_image","twitter_creator":"@transamerica933","twitter_site":"@transamerica933","twitter_misc":{"Escrito por":"Reda\u00e7\u00e3o","Est. tempo de leitura":"3 minutos"},"schema":{"@context":"https:\/\/schema.org","@graph":[{"@type":"Article","@id":"https:\/\/transamerica93.com.br\/home\/stf-define-data-de-julgamento-do-habeas-corpus-de-robinho-saiba-quando-saira-decisao\/#article","isPartOf":{"@id":"https:\/\/transamerica93.com.br\/home\/stf-define-data-de-julgamento-do-habeas-corpus-de-robinho-saiba-quando-saira-decisao\/"},"author":{"name":"Reda\u00e7\u00e3o","@id":"https:\/\/transamerica93.com.br\/home\/#\/schema\/person\/7fed7c99c0d4562efa8561bc0f543172"},"headline":"STF define data de julgamento do habeas corpus de Robinho; saiba quando sair\u00e1 decis\u00e3o","datePublished":"2024-09-02T15:00:57+00:00","mainEntityOfPage":{"@id":"https:\/\/transamerica93.com.br\/home\/stf-define-data-de-julgamento-do-habeas-corpus-de-robinho-saiba-quando-saira-decisao\/"},"wordCount":430,"publisher":{"@id":"https:\/\/transamerica93.com.br\/home\/#organization"},"image":{"@id":"https:\/\/transamerica93.com.br\/home\/stf-define-data-de-julgamento-do-habeas-corpus-de-robinho-saiba-quando-saira-decisao\/#primaryimage"},"thumbnailUrl":"https:\/\/transamerica93.com.br\/home\/wp-content\/uploads\/2024\/08\/1-16.jpg","articleSection":["Esportes"],"inLanguage":"pt-BR"},{"@type":"WebPage","@id":"https:\/\/transamerica93.com.br\/home\/stf-define-data-de-julgamento-do-habeas-corpus-de-robinho-saiba-quando-saira-decisao\/","url":"https:\/\/transamerica93.com.br\/home\/stf-define-data-de-julgamento-do-habeas-corpus-de-robinho-saiba-quando-saira-decisao\/","name":"STF define data de julgamento do habeas corpus de Robinho; saiba quando sair\u00e1 decis\u00e3o - Transam\u00e9rica Mococa 93,3","isPartOf":{"@id":"https:\/\/transamerica93.com.br\/home\/#website"},"primaryImageOfPage":{"@id":"https:\/\/transamerica93.com.br\/home\/stf-define-data-de-julgamento-do-habeas-corpus-de-robinho-saiba-quando-saira-decisao\/#primaryimage"},"image":{"@id":"https:\/\/transamerica93.com.br\/home\/stf-define-data-de-julgamento-do-habeas-corpus-de-robinho-saiba-quando-saira-decisao\/#primaryimage"},"thumbnailUrl":"https:\/\/transamerica93.com.br\/home\/wp-content\/uploads\/2024\/08\/1-16.jpg","datePublished":"2024-09-02T15:00:57+00:00","breadcrumb":{"@id":"https:\/\/transamerica93.com.br\/home\/stf-define-data-de-julgamento-do-habeas-corpus-de-robinho-saiba-quando-saira-decisao\/#breadcrumb"},"inLanguage":"pt-BR","potentialAction":[{"@type":"ReadAction","target":["https:\/\/transamerica93.com.br\/home\/stf-define-data-de-julgamento-do-habeas-corpus-de-robinho-saiba-quando-saira-decisao\/"]}]},{"@type":"ImageObject","inLanguage":"pt-BR","@id":"https:\/\/transamerica93.com.br\/home\/stf-define-data-de-julgamento-do-habeas-corpus-de-robinho-saiba-quando-saira-decisao\/#primaryimage","url":"https:\/\/transamerica93.com.br\/home\/wp-content\/uploads\/2024\/08\/1-16.jpg","contentUrl":"https:\/\/transamerica93.com.br\/home\/wp-content\/uploads\/2024\/08\/1-16.jpg","width":1007,"height":602,"caption":"Foto: Reprodu\u00e7\u00e3o\/Justi\u00e7a Federal"},{"@type":"BreadcrumbList","@id":"https:\/\/transamerica93.com.br\/home\/stf-define-data-de-julgamento-do-habeas-corpus-de-robinho-saiba-quando-saira-decisao\/#breadcrumb","itemListElement":[{"@type":"ListItem","position":1,"name":"In\u00edcio","item":"https:\/\/transamerica93.com.br\/home\/"},{"@type":"ListItem","position":2,"name":"STF define data de julgamento do habeas corpus de Robinho; saiba quando sair\u00e1 decis\u00e3o"}]},{"@type":"WebSite","@id":"https:\/\/transamerica93.com.br\/home\/#website","url":"https:\/\/transamerica93.com.br\/home\/","name":"Transam\u00e9rica Mococa 93,3","description":"","publisher":{"@id":"https:\/\/transamerica93.com.br\/home\/#organization"},"potentialAction":[{"@type":"SearchAction","target":{"@type":"EntryPoint","urlTemplate":"https:\/\/transamerica93.com.br\/home\/?s={search_term_string}"},"query-input":{"@type":"PropertyValueSpecification","valueRequired":true,"valueName":"search_term_string"}}],"inLanguage":"pt-BR"},{"@type":"Organization","@id":"https:\/\/transamerica93.com.br\/home\/#organization","name":"Transam\u00e9rica Mococa 93,3","url":"https:\/\/transamerica93.com.br\/home\/","logo":{"@type":"ImageObject","inLanguage":"pt-BR","@id":"https:\/\/transamerica93.com.br\/home\/#\/schema\/logo\/image\/","url":"https:\/\/transamerica93.com.br\/home\/wp-content\/uploads\/2023\/10\/logo2.png","contentUrl":"https:\/\/transamerica93.com.br\/home\/wp-content\/uploads\/2023\/10\/logo2.png","width":800,"height":500,"caption":"Transam\u00e9rica Mococa 93,3"},"image":{"@id":"https:\/\/transamerica93.com.br\/home\/#\/schema\/logo\/image\/"},"sameAs":["https:\/\/www.facebook.com\/transamericamococa","https:\/\/x.com\/transamerica933","https:\/\/www.instagram.com\/transamericamococa"]},{"@type":"Person","@id":"https:\/\/transamerica93.com.br\/home\/#\/schema\/person\/7fed7c99c0d4562efa8561bc0f543172","name":"Reda\u00e7\u00e3o","image":{"@type":"ImageObject","inLanguage":"pt-BR","@id":"https:\/\/secure.gravatar.com\/avatar\/1072c6b775fb02ef8506ce967551d95926669a6b7d2c2147b42eea4d7c68395e?s=96&d=mm&r=g","url":"https:\/\/secure.gravatar.com\/avatar\/1072c6b775fb02ef8506ce967551d95926669a6b7d2c2147b42eea4d7c68395e?s=96&d=mm&r=g","contentUrl":"https:\/\/secure.gravatar.com\/avatar\/1072c6b775fb02ef8506ce967551d95926669a6b7d2c2147b42eea4d7c68395e?s=96&d=mm&r=g","caption":"Reda\u00e7\u00e3o"},"sameAs":["https:\/\/transamerica93.com.br\/home"],"url":"https:\/\/transamerica93.com.br\/home\/author\/william\/"}]}},"_links":{"self":[{"href":"https:\/\/transamerica93.com.br\/home\/wp-json\/wp\/v2\/posts\/3714","targetHints":{"allow":["GET"]}}],"collection":[{"href":"https:\/\/transamerica93.com.br\/home\/wp-json\/wp\/v2\/posts"}],"about":[{"href":"https:\/\/transamerica93.com.br\/home\/wp-json\/wp\/v2\/types\/post"}],"author":[{"embeddable":true,"href":"https:\/\/transamerica93.com.br\/home\/wp-json\/wp\/v2\/users\/1"}],"replies":[{"embeddable":true,"href":"https:\/\/transamerica93.com.br\/home\/wp-json\/wp\/v2\/comments?post=3714"}],"version-history":[{"count":1,"href":"https:\/\/transamerica93.com.br\/home\/wp-json\/wp\/v2\/posts\/3714\/revisions"}],"predecessor-version":[{"id":3716,"href":"https:\/\/transamerica93.com.br\/home\/wp-json\/wp\/v2\/posts\/3714\/revisions\/3716"}],"wp:featuredmedia":[{"embeddable":true,"href":"https:\/\/transamerica93.com.br\/home\/wp-json\/wp\/v2\/media\/3715"}],"wp:attachment":[{"href":"https:\/\/transamerica93.com.br\/home\/wp-json\/wp\/v2\/media?parent=3714"}],"wp:term":[{"taxonomy":"category","embeddable":true,"href":"https:\/\/transamerica93.com.br\/home\/wp-json\/wp\/v2\/categories?post=3714"},{"taxonomy":"post_tag","embeddable":true,"href":"https:\/\/transamerica93.com.br\/home\/wp-json\/wp\/v2\/tags?post=3714"}],"curies":[{"name":"wp","href":"https:\/\/api.w.org\/{rel}","templated":true}]}}