{"id":3717,"date":"2024-09-03T12:00:25","date_gmt":"2024-09-03T15:00:25","guid":{"rendered":"https:\/\/transamerica93.com.br\/home\/?p=3717"},"modified":"2024-08-29T18:20:21","modified_gmt":"2024-08-29T21:20:21","slug":"diretores-da-mclaren-elogiam-lano-norris-tem-sido-absolutamente-impecavel","status":"publish","type":"post","link":"https:\/\/transamerica93.com.br\/home\/diretores-da-mclaren-elogiam-lano-norris-tem-sido-absolutamente-impecavel\/","title":{"rendered":"Diretores da McLaren elogiam Lano Norris: &#8216;Tem sido absolutamente impec\u00e1vel&#8217;"},"content":{"rendered":"<p>A McLaren est\u00e1 maravilhada com o triunfo de Lando Norris no GP da Holanda de F\u00f3rmula 1, neste domingo. N\u00e3o apenas pelo resultado, mas pelos mais de 20 segundos de vantagem sobre Max Verstappen, algo raro at\u00e9 ent\u00e3o contra a forte equipe Red Bull. Andrea Stella e Zak Brown, diretor da escuderia e CEO da McLaren, respectivamente, n\u00e3o pouparam elogios ao piloto ingl\u00eas<\/p>\n<p>Com Norris em primeiro e Oscar Piastri em quarto, a McLaren diminuiu a dist\u00e2ncia para a Red Bull na luta pelo Mundial de Construtores para somente 30 pontos. E seu principal piloto tem 70 pontos a menos que o l\u00edder do campeonato, Max Verstappen.<\/p>\n<p>&#8220;Uma vit\u00f3ria positivamente inesperada&#8221;, admitiu Stella, ap\u00f3s ver o pole position ultrapassado pelo holand\u00eas na largada. &#8220;N\u00f3s nunca ter\u00edamos pensado que vindo para Zandvoort, que tem sido um local dif\u00edcil para n\u00f3s no passado, poder\u00edamos ter uma performance t\u00e3o forte na qualifica\u00e7\u00e3o e ent\u00e3o confirmar isso na corrida&#8221;, explicou.<\/p>\n<p>&#8220;Estou muito feliz pela equipe, muito feliz pelo pr\u00f3prio Lando. Acho que ele acabou de provar o n\u00edvel de competitividade que pode alcan\u00e7ar. Sabemos disso, sempre soubemos disso&#8221;, frisou. &#8220;Ele foi absolutamente impec\u00e1vel neste fim de semana, e uma pena para Oscar porque ele teve o desempenho para definitivamente fazer parte do p\u00f3dio, e acho que teve o desempenho para colocar Max sob alguma press\u00e3o. Infelizmente, ele ficou preso atr\u00e1s de Leclerc e n\u00e3o conseguiu ultrapassar.&#8221;<\/p>\n<p>A vit\u00f3ria de Norris marcou a maior margem em qualquer corrida desta temporada, j\u00e1 que at\u00e9 ent\u00e3o ningu\u00e9m havia conseguido encontrar uma maneira de diminuir a diferen\u00e7a para o piloto de 24 anos, encerrando a sequ\u00eancia de triunfos de Verstappen em casa.<\/p>\n<p>&#8220;A margem foi bem incr\u00edvel&#8221;, disse o CEO da McLaren, Brown, \u00e0 Sky Sports F1. &#8220;Lando dirigiu perfeitamente e a equipe fez um \u00f3timo trabalho, a estrat\u00e9gia foi \u00f3tima. Est\u00e1vamos perto de colocar os dois no p\u00f3dio, mas foi uma grande vit\u00f3ria com a volta mais r\u00e1pida no final.&#8221;<\/p>\n<p>E os elogios de Brown foram para todo o trabalho em Zandvoort. &#8220;Sab\u00edamos que est\u00e1vamos r\u00e1pidos o fim de semana todo, ent\u00e3o n\u00e3o estou chocado, mas acho que estou agradavelmente surpreso com o tamanho da diferen\u00e7a. Lando controlou o carro com bastante facilidade, ent\u00e3o foi \u00f3timo ver isso&#8221;, disse.<\/p>\n<p>&#8220;Estava bem claro que ele era mais r\u00e1pido, ent\u00e3o foi legal v\u00ea-lo ultrapassar na pista porque naquele momento est\u00e1vamos come\u00e7ando a pensar em estrat\u00e9gia de pit stop e undercut\/overcut, mas vimos \u00e9 que ele passou voando por ele e se afastou. Ele definitivamente conseguiu controlar esta corrida, e veremos o que acontece em Monza (neste fim de semana).&#8221;<\/p>\n","protected":false},"excerpt":{"rendered":"<p>A McLaren est\u00e1 maravilhada com o triunfo de Lando Norris no GP da Holanda de F\u00f3rmula 1, neste domingo. N\u00e3o apenas pelo resultado, mas pelos mais de 20 segundos de vantagem sobre Max Verstappen, algo raro at\u00e9 ent\u00e3o contra a forte equipe Red Bull. Andrea Stella e Zak Brown, diretor da escuderia e CEO da &hellip;<\/p>\n","protected":false},"author":1,"featured_media":3718,"comment_status":"closed","ping_status":"closed","sticky":false,"template":"","format":"standard","meta":{"footnotes":""},"categories":[31],"tags":[],"class_list":["post-3717","post","type-post","status-publish","format-standard","has-post-thumbnail","hentry","category-esportes"],"yoast_head":"<!-- This site is optimized with the Yoast SEO plugin v27.4 - https:\/\/yoast.com\/product\/yoast-seo-wordpress\/ -->\n<title>Diretores da McLaren elogiam Lano Norris: &#039;Tem sido absolutamente impec\u00e1vel&#039; - Transam\u00e9rica Mococa 93,3<\/title>\n<meta name=\"robots\" content=\"index, follow, max-snippet:-1, max-image-preview:large, max-video-preview:-1\" \/>\n<link rel=\"canonical\" href=\"https:\/\/transamerica93.com.br\/home\/diretores-da-mclaren-elogiam-lano-norris-tem-sido-absolutamente-impecavel\/\" \/>\n<meta property=\"og:locale\" content=\"pt_BR\" \/>\n<meta property=\"og:type\" content=\"article\" \/>\n<meta property=\"og:title\" content=\"Diretores da McLaren elogiam Lano Norris: &#039;Tem sido absolutamente impec\u00e1vel&#039; - Transam\u00e9rica Mococa 93,3\" \/>\n<meta property=\"og:description\" content=\"A McLaren est\u00e1 maravilhada com o triunfo de Lando Norris no GP da Holanda de F\u00f3rmula 1, neste domingo. N\u00e3o apenas pelo resultado, mas pelos mais de 20 segundos de vantagem sobre Max Verstappen, algo raro at\u00e9 ent\u00e3o contra a forte equipe Red Bull. Andrea Stella e Zak Brown, diretor da escuderia e CEO da &hellip;\" \/>\n<meta property=\"og:url\" content=\"https:\/\/transamerica93.com.br\/home\/diretores-da-mclaren-elogiam-lano-norris-tem-sido-absolutamente-impecavel\/\" \/>\n<meta property=\"og:site_name\" content=\"Transam\u00e9rica Mococa 93,3\" \/>\n<meta property=\"article:publisher\" content=\"https:\/\/www.facebook.com\/transamericamococa\" \/>\n<meta property=\"article:published_time\" content=\"2024-09-03T15:00:25+00:00\" \/>\n<meta property=\"og:image\" content=\"https:\/\/transamerica93.com.br\/home\/wp-content\/uploads\/2024\/08\/1-17.jpg\" \/>\n\t<meta property=\"og:image:width\" content=\"1100\" \/>\n\t<meta property=\"og:image:height\" content=\"734\" \/>\n\t<meta property=\"og:image:type\" content=\"image\/jpeg\" \/>\n<meta name=\"author\" content=\"Reda\u00e7\u00e3o\" \/>\n<meta name=\"twitter:card\" content=\"summary_large_image\" \/>\n<meta name=\"twitter:creator\" content=\"@transamerica933\" \/>\n<meta name=\"twitter:site\" content=\"@transamerica933\" \/>\n<meta name=\"twitter:label1\" content=\"Escrito por\" \/>\n\t<meta name=\"twitter:data1\" content=\"Reda\u00e7\u00e3o\" \/>\n\t<meta name=\"twitter:label2\" content=\"Est. tempo de leitura\" \/>\n\t<meta name=\"twitter:data2\" content=\"3 minutos\" \/>\n<script type=\"application\/ld+json\" class=\"yoast-schema-graph\">{\"@context\":\"https:\\\/\\\/schema.org\",\"@graph\":[{\"@type\":\"Article\",\"@id\":\"https:\\\/\\\/transamerica93.com.br\\\/home\\\/diretores-da-mclaren-elogiam-lano-norris-tem-sido-absolutamente-impecavel\\\/#article\",\"isPartOf\":{\"@id\":\"https:\\\/\\\/transamerica93.com.br\\\/home\\\/diretores-da-mclaren-elogiam-lano-norris-tem-sido-absolutamente-impecavel\\\/\"},\"author\":{\"name\":\"Reda\u00e7\u00e3o\",\"@id\":\"https:\\\/\\\/transamerica93.com.br\\\/home\\\/#\\\/schema\\\/person\\\/7fed7c99c0d4562efa8561bc0f543172\"},\"headline\":\"Diretores da McLaren elogiam Lano Norris: &#8216;Tem sido absolutamente impec\u00e1vel&#8217;\",\"datePublished\":\"2024-09-03T15:00:25+00:00\",\"mainEntityOfPage\":{\"@id\":\"https:\\\/\\\/transamerica93.com.br\\\/home\\\/diretores-da-mclaren-elogiam-lano-norris-tem-sido-absolutamente-impecavel\\\/\"},\"wordCount\":485,\"publisher\":{\"@id\":\"https:\\\/\\\/transamerica93.com.br\\\/home\\\/#organization\"},\"image\":{\"@id\":\"https:\\\/\\\/transamerica93.com.br\\\/home\\\/diretores-da-mclaren-elogiam-lano-norris-tem-sido-absolutamente-impecavel\\\/#primaryimage\"},\"thumbnailUrl\":\"https:\\\/\\\/transamerica93.com.br\\\/home\\\/wp-content\\\/uploads\\\/2024\\\/08\\\/1-17.jpg\",\"articleSection\":[\"Esportes\"],\"inLanguage\":\"pt-BR\"},{\"@type\":\"WebPage\",\"@id\":\"https:\\\/\\\/transamerica93.com.br\\\/home\\\/diretores-da-mclaren-elogiam-lano-norris-tem-sido-absolutamente-impecavel\\\/\",\"url\":\"https:\\\/\\\/transamerica93.com.br\\\/home\\\/diretores-da-mclaren-elogiam-lano-norris-tem-sido-absolutamente-impecavel\\\/\",\"name\":\"Diretores da McLaren elogiam Lano Norris: 'Tem sido absolutamente impec\u00e1vel' - Transam\u00e9rica Mococa 93,3\",\"isPartOf\":{\"@id\":\"https:\\\/\\\/transamerica93.com.br\\\/home\\\/#website\"},\"primaryImageOfPage\":{\"@id\":\"https:\\\/\\\/transamerica93.com.br\\\/home\\\/diretores-da-mclaren-elogiam-lano-norris-tem-sido-absolutamente-impecavel\\\/#primaryimage\"},\"image\":{\"@id\":\"https:\\\/\\\/transamerica93.com.br\\\/home\\\/diretores-da-mclaren-elogiam-lano-norris-tem-sido-absolutamente-impecavel\\\/#primaryimage\"},\"thumbnailUrl\":\"https:\\\/\\\/transamerica93.com.br\\\/home\\\/wp-content\\\/uploads\\\/2024\\\/08\\\/1-17.jpg\",\"datePublished\":\"2024-09-03T15:00:25+00:00\",\"breadcrumb\":{\"@id\":\"https:\\\/\\\/transamerica93.com.br\\\/home\\\/diretores-da-mclaren-elogiam-lano-norris-tem-sido-absolutamente-impecavel\\\/#breadcrumb\"},\"inLanguage\":\"pt-BR\",\"potentialAction\":[{\"@type\":\"ReadAction\",\"target\":[\"https:\\\/\\\/transamerica93.com.br\\\/home\\\/diretores-da-mclaren-elogiam-lano-norris-tem-sido-absolutamente-impecavel\\\/\"]}]},{\"@type\":\"ImageObject\",\"inLanguage\":\"pt-BR\",\"@id\":\"https:\\\/\\\/transamerica93.com.br\\\/home\\\/diretores-da-mclaren-elogiam-lano-norris-tem-sido-absolutamente-impecavel\\\/#primaryimage\",\"url\":\"https:\\\/\\\/transamerica93.com.br\\\/home\\\/wp-content\\\/uploads\\\/2024\\\/08\\\/1-17.jpg\",\"contentUrl\":\"https:\\\/\\\/transamerica93.com.br\\\/home\\\/wp-content\\\/uploads\\\/2024\\\/08\\\/1-17.jpg\",\"width\":1100,\"height\":734,\"caption\":\"Foto: Simon Wohlfahrt \\\/ AFP\"},{\"@type\":\"BreadcrumbList\",\"@id\":\"https:\\\/\\\/transamerica93.com.br\\\/home\\\/diretores-da-mclaren-elogiam-lano-norris-tem-sido-absolutamente-impecavel\\\/#breadcrumb\",\"itemListElement\":[{\"@type\":\"ListItem\",\"position\":1,\"name\":\"In\u00edcio\",\"item\":\"https:\\\/\\\/transamerica93.com.br\\\/home\\\/\"},{\"@type\":\"ListItem\",\"position\":2,\"name\":\"Diretores da McLaren elogiam Lano Norris: &#8216;Tem sido absolutamente impec\u00e1vel&#8217;\"}]},{\"@type\":\"WebSite\",\"@id\":\"https:\\\/\\\/transamerica93.com.br\\\/home\\\/#website\",\"url\":\"https:\\\/\\\/transamerica93.com.br\\\/home\\\/\",\"name\":\"Transam\u00e9rica Mococa 93,3\",\"description\":\"\",\"publisher\":{\"@id\":\"https:\\\/\\\/transamerica93.com.br\\\/home\\\/#organization\"},\"potentialAction\":[{\"@type\":\"SearchAction\",\"target\":{\"@type\":\"EntryPoint\",\"urlTemplate\":\"https:\\\/\\\/transamerica93.com.br\\\/home\\\/?s={search_term_string}\"},\"query-input\":{\"@type\":\"PropertyValueSpecification\",\"valueRequired\":true,\"valueName\":\"search_term_string\"}}],\"inLanguage\":\"pt-BR\"},{\"@type\":\"Organization\",\"@id\":\"https:\\\/\\\/transamerica93.com.br\\\/home\\\/#organization\",\"name\":\"Transam\u00e9rica Mococa 93,3\",\"url\":\"https:\\\/\\\/transamerica93.com.br\\\/home\\\/\",\"logo\":{\"@type\":\"ImageObject\",\"inLanguage\":\"pt-BR\",\"@id\":\"https:\\\/\\\/transamerica93.com.br\\\/home\\\/#\\\/schema\\\/logo\\\/image\\\/\",\"url\":\"https:\\\/\\\/transamerica93.com.br\\\/home\\\/wp-content\\\/uploads\\\/2023\\\/10\\\/logo2.png\",\"contentUrl\":\"https:\\\/\\\/transamerica93.com.br\\\/home\\\/wp-content\\\/uploads\\\/2023\\\/10\\\/logo2.png\",\"width\":800,\"height\":500,\"caption\":\"Transam\u00e9rica Mococa 93,3\"},\"image\":{\"@id\":\"https:\\\/\\\/transamerica93.com.br\\\/home\\\/#\\\/schema\\\/logo\\\/image\\\/\"},\"sameAs\":[\"https:\\\/\\\/www.facebook.com\\\/transamericamococa\",\"https:\\\/\\\/x.com\\\/transamerica933\",\"https:\\\/\\\/www.instagram.com\\\/transamericamococa\"]},{\"@type\":\"Person\",\"@id\":\"https:\\\/\\\/transamerica93.com.br\\\/home\\\/#\\\/schema\\\/person\\\/7fed7c99c0d4562efa8561bc0f543172\",\"name\":\"Reda\u00e7\u00e3o\",\"image\":{\"@type\":\"ImageObject\",\"inLanguage\":\"pt-BR\",\"@id\":\"https:\\\/\\\/secure.gravatar.com\\\/avatar\\\/1072c6b775fb02ef8506ce967551d95926669a6b7d2c2147b42eea4d7c68395e?s=96&d=mm&r=g\",\"url\":\"https:\\\/\\\/secure.gravatar.com\\\/avatar\\\/1072c6b775fb02ef8506ce967551d95926669a6b7d2c2147b42eea4d7c68395e?s=96&d=mm&r=g\",\"contentUrl\":\"https:\\\/\\\/secure.gravatar.com\\\/avatar\\\/1072c6b775fb02ef8506ce967551d95926669a6b7d2c2147b42eea4d7c68395e?s=96&d=mm&r=g\",\"caption\":\"Reda\u00e7\u00e3o\"},\"sameAs\":[\"https:\\\/\\\/transamerica93.com.br\\\/home\"],\"url\":\"https:\\\/\\\/transamerica93.com.br\\\/home\\\/author\\\/william\\\/\"}]}<\/script>\n<!-- \/ Yoast SEO plugin. -->","yoast_head_json":{"title":"Diretores da McLaren elogiam Lano Norris: 'Tem sido absolutamente impec\u00e1vel' - Transam\u00e9rica Mococa 93,3","robots":{"index":"index","follow":"follow","max-snippet":"max-snippet:-1","max-image-preview":"max-image-preview:large","max-video-preview":"max-video-preview:-1"},"canonical":"https:\/\/transamerica93.com.br\/home\/diretores-da-mclaren-elogiam-lano-norris-tem-sido-absolutamente-impecavel\/","og_locale":"pt_BR","og_type":"article","og_title":"Diretores da McLaren elogiam Lano Norris: 'Tem sido absolutamente impec\u00e1vel' - Transam\u00e9rica Mococa 93,3","og_description":"A McLaren est\u00e1 maravilhada com o triunfo de Lando Norris no GP da Holanda de F\u00f3rmula 1, neste domingo. N\u00e3o apenas pelo resultado, mas pelos mais de 20 segundos de vantagem sobre Max Verstappen, algo raro at\u00e9 ent\u00e3o contra a forte equipe Red Bull. Andrea Stella e Zak Brown, diretor da escuderia e CEO da &hellip;","og_url":"https:\/\/transamerica93.com.br\/home\/diretores-da-mclaren-elogiam-lano-norris-tem-sido-absolutamente-impecavel\/","og_site_name":"Transam\u00e9rica Mococa 93,3","article_publisher":"https:\/\/www.facebook.com\/transamericamococa","article_published_time":"2024-09-03T15:00:25+00:00","og_image":[{"width":1100,"height":734,"url":"https:\/\/transamerica93.com.br\/home\/wp-content\/uploads\/2024\/08\/1-17.jpg","type":"image\/jpeg"}],"author":"Reda\u00e7\u00e3o","twitter_card":"summary_large_image","twitter_creator":"@transamerica933","twitter_site":"@transamerica933","twitter_misc":{"Escrito por":"Reda\u00e7\u00e3o","Est. tempo de leitura":"3 minutos"},"schema":{"@context":"https:\/\/schema.org","@graph":[{"@type":"Article","@id":"https:\/\/transamerica93.com.br\/home\/diretores-da-mclaren-elogiam-lano-norris-tem-sido-absolutamente-impecavel\/#article","isPartOf":{"@id":"https:\/\/transamerica93.com.br\/home\/diretores-da-mclaren-elogiam-lano-norris-tem-sido-absolutamente-impecavel\/"},"author":{"name":"Reda\u00e7\u00e3o","@id":"https:\/\/transamerica93.com.br\/home\/#\/schema\/person\/7fed7c99c0d4562efa8561bc0f543172"},"headline":"Diretores da McLaren elogiam Lano Norris: &#8216;Tem sido absolutamente impec\u00e1vel&#8217;","datePublished":"2024-09-03T15:00:25+00:00","mainEntityOfPage":{"@id":"https:\/\/transamerica93.com.br\/home\/diretores-da-mclaren-elogiam-lano-norris-tem-sido-absolutamente-impecavel\/"},"wordCount":485,"publisher":{"@id":"https:\/\/transamerica93.com.br\/home\/#organization"},"image":{"@id":"https:\/\/transamerica93.com.br\/home\/diretores-da-mclaren-elogiam-lano-norris-tem-sido-absolutamente-impecavel\/#primaryimage"},"thumbnailUrl":"https:\/\/transamerica93.com.br\/home\/wp-content\/uploads\/2024\/08\/1-17.jpg","articleSection":["Esportes"],"inLanguage":"pt-BR"},{"@type":"WebPage","@id":"https:\/\/transamerica93.com.br\/home\/diretores-da-mclaren-elogiam-lano-norris-tem-sido-absolutamente-impecavel\/","url":"https:\/\/transamerica93.com.br\/home\/diretores-da-mclaren-elogiam-lano-norris-tem-sido-absolutamente-impecavel\/","name":"Diretores da McLaren elogiam Lano Norris: 'Tem sido absolutamente impec\u00e1vel' - Transam\u00e9rica Mococa 93,3","isPartOf":{"@id":"https:\/\/transamerica93.com.br\/home\/#website"},"primaryImageOfPage":{"@id":"https:\/\/transamerica93.com.br\/home\/diretores-da-mclaren-elogiam-lano-norris-tem-sido-absolutamente-impecavel\/#primaryimage"},"image":{"@id":"https:\/\/transamerica93.com.br\/home\/diretores-da-mclaren-elogiam-lano-norris-tem-sido-absolutamente-impecavel\/#primaryimage"},"thumbnailUrl":"https:\/\/transamerica93.com.br\/home\/wp-content\/uploads\/2024\/08\/1-17.jpg","datePublished":"2024-09-03T15:00:25+00:00","breadcrumb":{"@id":"https:\/\/transamerica93.com.br\/home\/diretores-da-mclaren-elogiam-lano-norris-tem-sido-absolutamente-impecavel\/#breadcrumb"},"inLanguage":"pt-BR","potentialAction":[{"@type":"ReadAction","target":["https:\/\/transamerica93.com.br\/home\/diretores-da-mclaren-elogiam-lano-norris-tem-sido-absolutamente-impecavel\/"]}]},{"@type":"ImageObject","inLanguage":"pt-BR","@id":"https:\/\/transamerica93.com.br\/home\/diretores-da-mclaren-elogiam-lano-norris-tem-sido-absolutamente-impecavel\/#primaryimage","url":"https:\/\/transamerica93.com.br\/home\/wp-content\/uploads\/2024\/08\/1-17.jpg","contentUrl":"https:\/\/transamerica93.com.br\/home\/wp-content\/uploads\/2024\/08\/1-17.jpg","width":1100,"height":734,"caption":"Foto: Simon Wohlfahrt \/ AFP"},{"@type":"BreadcrumbList","@id":"https:\/\/transamerica93.com.br\/home\/diretores-da-mclaren-elogiam-lano-norris-tem-sido-absolutamente-impecavel\/#breadcrumb","itemListElement":[{"@type":"ListItem","position":1,"name":"In\u00edcio","item":"https:\/\/transamerica93.com.br\/home\/"},{"@type":"ListItem","position":2,"name":"Diretores da McLaren elogiam Lano Norris: &#8216;Tem sido absolutamente impec\u00e1vel&#8217;"}]},{"@type":"WebSite","@id":"https:\/\/transamerica93.com.br\/home\/#website","url":"https:\/\/transamerica93.com.br\/home\/","name":"Transam\u00e9rica Mococa 93,3","description":"","publisher":{"@id":"https:\/\/transamerica93.com.br\/home\/#organization"},"potentialAction":[{"@type":"SearchAction","target":{"@type":"EntryPoint","urlTemplate":"https:\/\/transamerica93.com.br\/home\/?s={search_term_string}"},"query-input":{"@type":"PropertyValueSpecification","valueRequired":true,"valueName":"search_term_string"}}],"inLanguage":"pt-BR"},{"@type":"Organization","@id":"https:\/\/transamerica93.com.br\/home\/#organization","name":"Transam\u00e9rica Mococa 93,3","url":"https:\/\/transamerica93.com.br\/home\/","logo":{"@type":"ImageObject","inLanguage":"pt-BR","@id":"https:\/\/transamerica93.com.br\/home\/#\/schema\/logo\/image\/","url":"https:\/\/transamerica93.com.br\/home\/wp-content\/uploads\/2023\/10\/logo2.png","contentUrl":"https:\/\/transamerica93.com.br\/home\/wp-content\/uploads\/2023\/10\/logo2.png","width":800,"height":500,"caption":"Transam\u00e9rica Mococa 93,3"},"image":{"@id":"https:\/\/transamerica93.com.br\/home\/#\/schema\/logo\/image\/"},"sameAs":["https:\/\/www.facebook.com\/transamericamococa","https:\/\/x.com\/transamerica933","https:\/\/www.instagram.com\/transamericamococa"]},{"@type":"Person","@id":"https:\/\/transamerica93.com.br\/home\/#\/schema\/person\/7fed7c99c0d4562efa8561bc0f543172","name":"Reda\u00e7\u00e3o","image":{"@type":"ImageObject","inLanguage":"pt-BR","@id":"https:\/\/secure.gravatar.com\/avatar\/1072c6b775fb02ef8506ce967551d95926669a6b7d2c2147b42eea4d7c68395e?s=96&d=mm&r=g","url":"https:\/\/secure.gravatar.com\/avatar\/1072c6b775fb02ef8506ce967551d95926669a6b7d2c2147b42eea4d7c68395e?s=96&d=mm&r=g","contentUrl":"https:\/\/secure.gravatar.com\/avatar\/1072c6b775fb02ef8506ce967551d95926669a6b7d2c2147b42eea4d7c68395e?s=96&d=mm&r=g","caption":"Reda\u00e7\u00e3o"},"sameAs":["https:\/\/transamerica93.com.br\/home"],"url":"https:\/\/transamerica93.com.br\/home\/author\/william\/"}]}},"_links":{"self":[{"href":"https:\/\/transamerica93.com.br\/home\/wp-json\/wp\/v2\/posts\/3717","targetHints":{"allow":["GET"]}}],"collection":[{"href":"https:\/\/transamerica93.com.br\/home\/wp-json\/wp\/v2\/posts"}],"about":[{"href":"https:\/\/transamerica93.com.br\/home\/wp-json\/wp\/v2\/types\/post"}],"author":[{"embeddable":true,"href":"https:\/\/transamerica93.com.br\/home\/wp-json\/wp\/v2\/users\/1"}],"replies":[{"embeddable":true,"href":"https:\/\/transamerica93.com.br\/home\/wp-json\/wp\/v2\/comments?post=3717"}],"version-history":[{"count":1,"href":"https:\/\/transamerica93.com.br\/home\/wp-json\/wp\/v2\/posts\/3717\/revisions"}],"predecessor-version":[{"id":3719,"href":"https:\/\/transamerica93.com.br\/home\/wp-json\/wp\/v2\/posts\/3717\/revisions\/3719"}],"wp:featuredmedia":[{"embeddable":true,"href":"https:\/\/transamerica93.com.br\/home\/wp-json\/wp\/v2\/media\/3718"}],"wp:attachment":[{"href":"https:\/\/transamerica93.com.br\/home\/wp-json\/wp\/v2\/media?parent=3717"}],"wp:term":[{"taxonomy":"category","embeddable":true,"href":"https:\/\/transamerica93.com.br\/home\/wp-json\/wp\/v2\/categories?post=3717"},{"taxonomy":"post_tag","embeddable":true,"href":"https:\/\/transamerica93.com.br\/home\/wp-json\/wp\/v2\/tags?post=3717"}],"curies":[{"name":"wp","href":"https:\/\/api.w.org\/{rel}","templated":true}]}}