{"id":3720,"date":"2024-09-04T12:00:27","date_gmt":"2024-09-04T15:00:27","guid":{"rendered":"https:\/\/transamerica93.com.br\/home\/?p=3720"},"modified":"2024-08-29T18:22:28","modified_gmt":"2024-08-29T21:22:28","slug":"palmeiras-desiste-de-contratacao-de-gabigol-e-novela-sobre-futuro-do-atacante-continua","status":"publish","type":"post","link":"https:\/\/transamerica93.com.br\/home\/palmeiras-desiste-de-contratacao-de-gabigol-e-novela-sobre-futuro-do-atacante-continua\/","title":{"rendered":"Palmeiras desiste de contrata\u00e7\u00e3o de Gabigol e &#8216;novela&#8217; sobre futuro do atacante continua"},"content":{"rendered":"<p>Dois meses ap\u00f3s o in\u00edcio das negocia\u00e7\u00f5es, o Palmeiras desistiu, definitivamente, da contrata\u00e7\u00e3o de Gabigol, atacante do Flamengo. O clube alviverde tinha interesse em contar com o atleta a partir de 2025, quando se encerra o atual v\u00ednculo, mas encerrou as tratativas junto aos empres\u00e1rios por entender que ele n\u00e3o deve ser um foco para a renova\u00e7\u00e3o do elenco para a pr\u00f3xima temporada.<\/p>\n<p>A informa\u00e7\u00e3o foi publicada primeiramente pelo Uol e confirmada pelo Estad\u00e3o. Em julho, o Palmeiras chegou a oferecer um pr\u00e9-contrato a Gabigol e seu estafe, liderado pelo empres\u00e1rio J\u00fanior Pedroso, para contar com o atleta a partir de janeiro de 2025. Este documento n\u00e3o foi assinado. Essa indefini\u00e7\u00e3o faz com que o clube paulista entenda que o camisa 99 do Flamengo n\u00e3o deva ser seu foco.<\/p>\n<p>Em julho, antes do pr\u00e9-contrato, o Palmeiras chegou a oferecer uma compensa\u00e7\u00e3o financeira ao Flamengo para que pudesse contar com Gabigol ainda nesta temporada. Al\u00e9m disso, Dudu &#8211; \u00e0 \u00e9poca &#8216;brigado&#8217; com a torcida por ter negociado sua sa\u00edda para o Cruzeiro &#8211; tamb\u00e9m esteve na pauta. Ambas as propostas foram recusadas pelo Flamengo, por entender que a quantia oferecida n\u00e3o era suficiente para se desfazer do atacante e pelo clube n\u00e3o ter interesse na chegada de Dudu &#8211; principalmente em fun\u00e7\u00e3o de sua idade.<\/p>\n<p>&#8220;Sobre o Gabigol, n\u00e3o temos nenhum pr\u00e9-contrato. Quem disse que tem pr\u00e9-contrato \u00e9 mentiroso. N\u00e3o h\u00e1 documento nenhum&#8221;, afirmou Leila Pereira, neste m\u00eas, em entrevista na zona mista do Allianz Parque ap\u00f3s a elimina\u00e7\u00e3o do Palmeiras para o Flamengo na Copa do Brasil. &#8220;Tanto o Gabigol, quanto qualquer outro grande jogador, o Palmeiras sempre tem interesse. Sempre temos interesse em grandes jogadores. Mas n\u00e3o tem nada assinado&#8221;.<\/p>\n<p>A perman\u00eancia ou sa\u00edda de Gabigol se tornou um tema nos bastidores do Flamengo desde o in\u00edcio do ano, j\u00e1 que este seria o \u00faltimo ano de contrato do atacante com o time rubro-negro. Quando Augusto Melo assumiu a presid\u00eancia do Corinthians, ele esteve na pauta do clube. &#8220;O Gabigol nos foi oferecido, eu n\u00e3o fui atr\u00e1s do Gabigol. Eu sempre deixei claro que o Gabigol tem a nossa cara, tem nossas caracter\u00edsticas, \u00e9 um grande jogador, por onde passou foi artilheiro&#8221;, disse em fevereiro, em entrevista ao Arena SBT.<\/p>\n<p>At\u00e9 o fim das negocia\u00e7\u00f5es, Gabigol viveu em 2024 seu pior ano com a camisa do Flamengo. Em abril, chegou a ser suspenso do futebol por dois anos, pela tentativa de &#8220;fraudar o exame antidoping&#8221;. A decis\u00e3o foi revertida. No m\u00eas seguinte, ele foi flagrado utilizando a camisa do Corinthians durante uma confraterniza\u00e7\u00e3o entre amigos na sua casa. O epis\u00f3dio fez com que ele perdesse a camisa 10 e amargasse a reserva do time de Tite.<\/p>\n<p>O Flamengo chegou a oferecer uma extens\u00e3o contratual a Gabigol, de um ano, mas que foi recusada pelo estafe do atacante. Em julho, em meio \u00e0 indefini\u00e7\u00e3o, o atacante afirmou que &#8220;foi decidido que ele vai embora em dezembro&#8221;. Mas ele tamb\u00e9m afirmou que as negocia\u00e7\u00f5es sobre seu futuro continuariam.<\/p>\n<p>&#8220;Tudo \u00e9 poss\u00edvel acontecer. Como eu falei, n\u00e3o tem nada decidido ainda, se eu vou ficar ou sair. O que eu quero mesmo agora \u00e9 treinar, jogar, ter uma sequ\u00eancia, buscar meu espa\u00e7o no Flamengo Vou ficar at\u00e9 dezembro e quero ser importante&#8221;, afirmou, em entrevista na zona mista do Maracan\u00e3 ap\u00f3s derrota por 2 a 1 para o Fortaleza.<\/p>\n","protected":false},"excerpt":{"rendered":"<p>Dois meses ap\u00f3s o in\u00edcio das negocia\u00e7\u00f5es, o Palmeiras desistiu, definitivamente, da contrata\u00e7\u00e3o de Gabigol, atacante do Flamengo. O clube alviverde tinha interesse em contar com o atleta a partir de 2025, quando se encerra o atual v\u00ednculo, mas encerrou as tratativas junto aos empres\u00e1rios por entender que ele n\u00e3o deve ser um foco para &hellip;<\/p>\n","protected":false},"author":1,"featured_media":3721,"comment_status":"closed","ping_status":"closed","sticky":false,"template":"","format":"standard","meta":{"footnotes":""},"categories":[31],"tags":[],"class_list":["post-3720","post","type-post","status-publish","format-standard","has-post-thumbnail","hentry","category-esportes"],"yoast_head":"<!-- This site is optimized with the Yoast SEO plugin v27.4 - https:\/\/yoast.com\/product\/yoast-seo-wordpress\/ -->\n<title>Palmeiras desiste de contrata\u00e7\u00e3o de Gabigol e &#039;novela&#039; sobre futuro do atacante continua - Transam\u00e9rica Mococa 93,3<\/title>\n<meta name=\"robots\" content=\"index, follow, max-snippet:-1, max-image-preview:large, max-video-preview:-1\" \/>\n<link rel=\"canonical\" href=\"https:\/\/transamerica93.com.br\/home\/palmeiras-desiste-de-contratacao-de-gabigol-e-novela-sobre-futuro-do-atacante-continua\/\" \/>\n<meta property=\"og:locale\" content=\"pt_BR\" \/>\n<meta property=\"og:type\" content=\"article\" \/>\n<meta property=\"og:title\" content=\"Palmeiras desiste de contrata\u00e7\u00e3o de Gabigol e &#039;novela&#039; sobre futuro do atacante continua - Transam\u00e9rica Mococa 93,3\" \/>\n<meta property=\"og:description\" content=\"Dois meses ap\u00f3s o in\u00edcio das negocia\u00e7\u00f5es, o Palmeiras desistiu, definitivamente, da contrata\u00e7\u00e3o de Gabigol, atacante do Flamengo. O clube alviverde tinha interesse em contar com o atleta a partir de 2025, quando se encerra o atual v\u00ednculo, mas encerrou as tratativas junto aos empres\u00e1rios por entender que ele n\u00e3o deve ser um foco para &hellip;\" \/>\n<meta property=\"og:url\" content=\"https:\/\/transamerica93.com.br\/home\/palmeiras-desiste-de-contratacao-de-gabigol-e-novela-sobre-futuro-do-atacante-continua\/\" \/>\n<meta property=\"og:site_name\" content=\"Transam\u00e9rica Mococa 93,3\" \/>\n<meta property=\"article:publisher\" content=\"https:\/\/www.facebook.com\/transamericamococa\" \/>\n<meta property=\"article:published_time\" content=\"2024-09-04T15:00:27+00:00\" \/>\n<meta property=\"og:image\" content=\"https:\/\/transamerica93.com.br\/home\/wp-content\/uploads\/2024\/08\/1-18.jpg\" \/>\n\t<meta property=\"og:image:width\" content=\"2560\" \/>\n\t<meta property=\"og:image:height\" content=\"1600\" \/>\n\t<meta property=\"og:image:type\" content=\"image\/jpeg\" \/>\n<meta name=\"author\" content=\"Reda\u00e7\u00e3o\" \/>\n<meta name=\"twitter:card\" content=\"summary_large_image\" \/>\n<meta name=\"twitter:creator\" content=\"@transamerica933\" \/>\n<meta name=\"twitter:site\" content=\"@transamerica933\" \/>\n<meta name=\"twitter:label1\" content=\"Escrito por\" \/>\n\t<meta name=\"twitter:data1\" content=\"Reda\u00e7\u00e3o\" \/>\n\t<meta name=\"twitter:label2\" content=\"Est. tempo de leitura\" \/>\n\t<meta name=\"twitter:data2\" content=\"4 minutos\" \/>\n<script type=\"application\/ld+json\" class=\"yoast-schema-graph\">{\"@context\":\"https:\\\/\\\/schema.org\",\"@graph\":[{\"@type\":\"Article\",\"@id\":\"https:\\\/\\\/transamerica93.com.br\\\/home\\\/palmeiras-desiste-de-contratacao-de-gabigol-e-novela-sobre-futuro-do-atacante-continua\\\/#article\",\"isPartOf\":{\"@id\":\"https:\\\/\\\/transamerica93.com.br\\\/home\\\/palmeiras-desiste-de-contratacao-de-gabigol-e-novela-sobre-futuro-do-atacante-continua\\\/\"},\"author\":{\"name\":\"Reda\u00e7\u00e3o\",\"@id\":\"https:\\\/\\\/transamerica93.com.br\\\/home\\\/#\\\/schema\\\/person\\\/7fed7c99c0d4562efa8561bc0f543172\"},\"headline\":\"Palmeiras desiste de contrata\u00e7\u00e3o de Gabigol e &#8216;novela&#8217; sobre futuro do atacante continua\",\"datePublished\":\"2024-09-04T15:00:27+00:00\",\"mainEntityOfPage\":{\"@id\":\"https:\\\/\\\/transamerica93.com.br\\\/home\\\/palmeiras-desiste-de-contratacao-de-gabigol-e-novela-sobre-futuro-do-atacante-continua\\\/\"},\"wordCount\":612,\"publisher\":{\"@id\":\"https:\\\/\\\/transamerica93.com.br\\\/home\\\/#organization\"},\"image\":{\"@id\":\"https:\\\/\\\/transamerica93.com.br\\\/home\\\/palmeiras-desiste-de-contratacao-de-gabigol-e-novela-sobre-futuro-do-atacante-continua\\\/#primaryimage\"},\"thumbnailUrl\":\"https:\\\/\\\/transamerica93.com.br\\\/home\\\/wp-content\\\/uploads\\\/2024\\\/08\\\/1-18.jpg\",\"articleSection\":[\"Esportes\"],\"inLanguage\":\"pt-BR\"},{\"@type\":\"WebPage\",\"@id\":\"https:\\\/\\\/transamerica93.com.br\\\/home\\\/palmeiras-desiste-de-contratacao-de-gabigol-e-novela-sobre-futuro-do-atacante-continua\\\/\",\"url\":\"https:\\\/\\\/transamerica93.com.br\\\/home\\\/palmeiras-desiste-de-contratacao-de-gabigol-e-novela-sobre-futuro-do-atacante-continua\\\/\",\"name\":\"Palmeiras desiste de contrata\u00e7\u00e3o de Gabigol e 'novela' sobre futuro do atacante continua - Transam\u00e9rica Mococa 93,3\",\"isPartOf\":{\"@id\":\"https:\\\/\\\/transamerica93.com.br\\\/home\\\/#website\"},\"primaryImageOfPage\":{\"@id\":\"https:\\\/\\\/transamerica93.com.br\\\/home\\\/palmeiras-desiste-de-contratacao-de-gabigol-e-novela-sobre-futuro-do-atacante-continua\\\/#primaryimage\"},\"image\":{\"@id\":\"https:\\\/\\\/transamerica93.com.br\\\/home\\\/palmeiras-desiste-de-contratacao-de-gabigol-e-novela-sobre-futuro-do-atacante-continua\\\/#primaryimage\"},\"thumbnailUrl\":\"https:\\\/\\\/transamerica93.com.br\\\/home\\\/wp-content\\\/uploads\\\/2024\\\/08\\\/1-18.jpg\",\"datePublished\":\"2024-09-04T15:00:27+00:00\",\"breadcrumb\":{\"@id\":\"https:\\\/\\\/transamerica93.com.br\\\/home\\\/palmeiras-desiste-de-contratacao-de-gabigol-e-novela-sobre-futuro-do-atacante-continua\\\/#breadcrumb\"},\"inLanguage\":\"pt-BR\",\"potentialAction\":[{\"@type\":\"ReadAction\",\"target\":[\"https:\\\/\\\/transamerica93.com.br\\\/home\\\/palmeiras-desiste-de-contratacao-de-gabigol-e-novela-sobre-futuro-do-atacante-continua\\\/\"]}]},{\"@type\":\"ImageObject\",\"inLanguage\":\"pt-BR\",\"@id\":\"https:\\\/\\\/transamerica93.com.br\\\/home\\\/palmeiras-desiste-de-contratacao-de-gabigol-e-novela-sobre-futuro-do-atacante-continua\\\/#primaryimage\",\"url\":\"https:\\\/\\\/transamerica93.com.br\\\/home\\\/wp-content\\\/uploads\\\/2024\\\/08\\\/1-18.jpg\",\"contentUrl\":\"https:\\\/\\\/transamerica93.com.br\\\/home\\\/wp-content\\\/uploads\\\/2024\\\/08\\\/1-18.jpg\",\"width\":2560,\"height\":1600,\"caption\":\"Gabigol\"},{\"@type\":\"BreadcrumbList\",\"@id\":\"https:\\\/\\\/transamerica93.com.br\\\/home\\\/palmeiras-desiste-de-contratacao-de-gabigol-e-novela-sobre-futuro-do-atacante-continua\\\/#breadcrumb\",\"itemListElement\":[{\"@type\":\"ListItem\",\"position\":1,\"name\":\"In\u00edcio\",\"item\":\"https:\\\/\\\/transamerica93.com.br\\\/home\\\/\"},{\"@type\":\"ListItem\",\"position\":2,\"name\":\"Palmeiras desiste de contrata\u00e7\u00e3o de Gabigol e &#8216;novela&#8217; sobre futuro do atacante continua\"}]},{\"@type\":\"WebSite\",\"@id\":\"https:\\\/\\\/transamerica93.com.br\\\/home\\\/#website\",\"url\":\"https:\\\/\\\/transamerica93.com.br\\\/home\\\/\",\"name\":\"Transam\u00e9rica Mococa 93,3\",\"description\":\"\",\"publisher\":{\"@id\":\"https:\\\/\\\/transamerica93.com.br\\\/home\\\/#organization\"},\"potentialAction\":[{\"@type\":\"SearchAction\",\"target\":{\"@type\":\"EntryPoint\",\"urlTemplate\":\"https:\\\/\\\/transamerica93.com.br\\\/home\\\/?s={search_term_string}\"},\"query-input\":{\"@type\":\"PropertyValueSpecification\",\"valueRequired\":true,\"valueName\":\"search_term_string\"}}],\"inLanguage\":\"pt-BR\"},{\"@type\":\"Organization\",\"@id\":\"https:\\\/\\\/transamerica93.com.br\\\/home\\\/#organization\",\"name\":\"Transam\u00e9rica Mococa 93,3\",\"url\":\"https:\\\/\\\/transamerica93.com.br\\\/home\\\/\",\"logo\":{\"@type\":\"ImageObject\",\"inLanguage\":\"pt-BR\",\"@id\":\"https:\\\/\\\/transamerica93.com.br\\\/home\\\/#\\\/schema\\\/logo\\\/image\\\/\",\"url\":\"https:\\\/\\\/transamerica93.com.br\\\/home\\\/wp-content\\\/uploads\\\/2023\\\/10\\\/logo2.png\",\"contentUrl\":\"https:\\\/\\\/transamerica93.com.br\\\/home\\\/wp-content\\\/uploads\\\/2023\\\/10\\\/logo2.png\",\"width\":800,\"height\":500,\"caption\":\"Transam\u00e9rica Mococa 93,3\"},\"image\":{\"@id\":\"https:\\\/\\\/transamerica93.com.br\\\/home\\\/#\\\/schema\\\/logo\\\/image\\\/\"},\"sameAs\":[\"https:\\\/\\\/www.facebook.com\\\/transamericamococa\",\"https:\\\/\\\/x.com\\\/transamerica933\",\"https:\\\/\\\/www.instagram.com\\\/transamericamococa\"]},{\"@type\":\"Person\",\"@id\":\"https:\\\/\\\/transamerica93.com.br\\\/home\\\/#\\\/schema\\\/person\\\/7fed7c99c0d4562efa8561bc0f543172\",\"name\":\"Reda\u00e7\u00e3o\",\"image\":{\"@type\":\"ImageObject\",\"inLanguage\":\"pt-BR\",\"@id\":\"https:\\\/\\\/secure.gravatar.com\\\/avatar\\\/1072c6b775fb02ef8506ce967551d95926669a6b7d2c2147b42eea4d7c68395e?s=96&d=mm&r=g\",\"url\":\"https:\\\/\\\/secure.gravatar.com\\\/avatar\\\/1072c6b775fb02ef8506ce967551d95926669a6b7d2c2147b42eea4d7c68395e?s=96&d=mm&r=g\",\"contentUrl\":\"https:\\\/\\\/secure.gravatar.com\\\/avatar\\\/1072c6b775fb02ef8506ce967551d95926669a6b7d2c2147b42eea4d7c68395e?s=96&d=mm&r=g\",\"caption\":\"Reda\u00e7\u00e3o\"},\"sameAs\":[\"https:\\\/\\\/transamerica93.com.br\\\/home\"],\"url\":\"https:\\\/\\\/transamerica93.com.br\\\/home\\\/author\\\/william\\\/\"}]}<\/script>\n<!-- \/ Yoast SEO plugin. -->","yoast_head_json":{"title":"Palmeiras desiste de contrata\u00e7\u00e3o de Gabigol e 'novela' sobre futuro do atacante continua - Transam\u00e9rica Mococa 93,3","robots":{"index":"index","follow":"follow","max-snippet":"max-snippet:-1","max-image-preview":"max-image-preview:large","max-video-preview":"max-video-preview:-1"},"canonical":"https:\/\/transamerica93.com.br\/home\/palmeiras-desiste-de-contratacao-de-gabigol-e-novela-sobre-futuro-do-atacante-continua\/","og_locale":"pt_BR","og_type":"article","og_title":"Palmeiras desiste de contrata\u00e7\u00e3o de Gabigol e 'novela' sobre futuro do atacante continua - Transam\u00e9rica Mococa 93,3","og_description":"Dois meses ap\u00f3s o in\u00edcio das negocia\u00e7\u00f5es, o Palmeiras desistiu, definitivamente, da contrata\u00e7\u00e3o de Gabigol, atacante do Flamengo. O clube alviverde tinha interesse em contar com o atleta a partir de 2025, quando se encerra o atual v\u00ednculo, mas encerrou as tratativas junto aos empres\u00e1rios por entender que ele n\u00e3o deve ser um foco para &hellip;","og_url":"https:\/\/transamerica93.com.br\/home\/palmeiras-desiste-de-contratacao-de-gabigol-e-novela-sobre-futuro-do-atacante-continua\/","og_site_name":"Transam\u00e9rica Mococa 93,3","article_publisher":"https:\/\/www.facebook.com\/transamericamococa","article_published_time":"2024-09-04T15:00:27+00:00","og_image":[{"width":2560,"height":1600,"url":"https:\/\/transamerica93.com.br\/home\/wp-content\/uploads\/2024\/08\/1-18.jpg","type":"image\/jpeg"}],"author":"Reda\u00e7\u00e3o","twitter_card":"summary_large_image","twitter_creator":"@transamerica933","twitter_site":"@transamerica933","twitter_misc":{"Escrito por":"Reda\u00e7\u00e3o","Est. tempo de leitura":"4 minutos"},"schema":{"@context":"https:\/\/schema.org","@graph":[{"@type":"Article","@id":"https:\/\/transamerica93.com.br\/home\/palmeiras-desiste-de-contratacao-de-gabigol-e-novela-sobre-futuro-do-atacante-continua\/#article","isPartOf":{"@id":"https:\/\/transamerica93.com.br\/home\/palmeiras-desiste-de-contratacao-de-gabigol-e-novela-sobre-futuro-do-atacante-continua\/"},"author":{"name":"Reda\u00e7\u00e3o","@id":"https:\/\/transamerica93.com.br\/home\/#\/schema\/person\/7fed7c99c0d4562efa8561bc0f543172"},"headline":"Palmeiras desiste de contrata\u00e7\u00e3o de Gabigol e &#8216;novela&#8217; sobre futuro do atacante continua","datePublished":"2024-09-04T15:00:27+00:00","mainEntityOfPage":{"@id":"https:\/\/transamerica93.com.br\/home\/palmeiras-desiste-de-contratacao-de-gabigol-e-novela-sobre-futuro-do-atacante-continua\/"},"wordCount":612,"publisher":{"@id":"https:\/\/transamerica93.com.br\/home\/#organization"},"image":{"@id":"https:\/\/transamerica93.com.br\/home\/palmeiras-desiste-de-contratacao-de-gabigol-e-novela-sobre-futuro-do-atacante-continua\/#primaryimage"},"thumbnailUrl":"https:\/\/transamerica93.com.br\/home\/wp-content\/uploads\/2024\/08\/1-18.jpg","articleSection":["Esportes"],"inLanguage":"pt-BR"},{"@type":"WebPage","@id":"https:\/\/transamerica93.com.br\/home\/palmeiras-desiste-de-contratacao-de-gabigol-e-novela-sobre-futuro-do-atacante-continua\/","url":"https:\/\/transamerica93.com.br\/home\/palmeiras-desiste-de-contratacao-de-gabigol-e-novela-sobre-futuro-do-atacante-continua\/","name":"Palmeiras desiste de contrata\u00e7\u00e3o de Gabigol e 'novela' sobre futuro do atacante continua - Transam\u00e9rica Mococa 93,3","isPartOf":{"@id":"https:\/\/transamerica93.com.br\/home\/#website"},"primaryImageOfPage":{"@id":"https:\/\/transamerica93.com.br\/home\/palmeiras-desiste-de-contratacao-de-gabigol-e-novela-sobre-futuro-do-atacante-continua\/#primaryimage"},"image":{"@id":"https:\/\/transamerica93.com.br\/home\/palmeiras-desiste-de-contratacao-de-gabigol-e-novela-sobre-futuro-do-atacante-continua\/#primaryimage"},"thumbnailUrl":"https:\/\/transamerica93.com.br\/home\/wp-content\/uploads\/2024\/08\/1-18.jpg","datePublished":"2024-09-04T15:00:27+00:00","breadcrumb":{"@id":"https:\/\/transamerica93.com.br\/home\/palmeiras-desiste-de-contratacao-de-gabigol-e-novela-sobre-futuro-do-atacante-continua\/#breadcrumb"},"inLanguage":"pt-BR","potentialAction":[{"@type":"ReadAction","target":["https:\/\/transamerica93.com.br\/home\/palmeiras-desiste-de-contratacao-de-gabigol-e-novela-sobre-futuro-do-atacante-continua\/"]}]},{"@type":"ImageObject","inLanguage":"pt-BR","@id":"https:\/\/transamerica93.com.br\/home\/palmeiras-desiste-de-contratacao-de-gabigol-e-novela-sobre-futuro-do-atacante-continua\/#primaryimage","url":"https:\/\/transamerica93.com.br\/home\/wp-content\/uploads\/2024\/08\/1-18.jpg","contentUrl":"https:\/\/transamerica93.com.br\/home\/wp-content\/uploads\/2024\/08\/1-18.jpg","width":2560,"height":1600,"caption":"Gabigol"},{"@type":"BreadcrumbList","@id":"https:\/\/transamerica93.com.br\/home\/palmeiras-desiste-de-contratacao-de-gabigol-e-novela-sobre-futuro-do-atacante-continua\/#breadcrumb","itemListElement":[{"@type":"ListItem","position":1,"name":"In\u00edcio","item":"https:\/\/transamerica93.com.br\/home\/"},{"@type":"ListItem","position":2,"name":"Palmeiras desiste de contrata\u00e7\u00e3o de Gabigol e &#8216;novela&#8217; sobre futuro do atacante continua"}]},{"@type":"WebSite","@id":"https:\/\/transamerica93.com.br\/home\/#website","url":"https:\/\/transamerica93.com.br\/home\/","name":"Transam\u00e9rica Mococa 93,3","description":"","publisher":{"@id":"https:\/\/transamerica93.com.br\/home\/#organization"},"potentialAction":[{"@type":"SearchAction","target":{"@type":"EntryPoint","urlTemplate":"https:\/\/transamerica93.com.br\/home\/?s={search_term_string}"},"query-input":{"@type":"PropertyValueSpecification","valueRequired":true,"valueName":"search_term_string"}}],"inLanguage":"pt-BR"},{"@type":"Organization","@id":"https:\/\/transamerica93.com.br\/home\/#organization","name":"Transam\u00e9rica Mococa 93,3","url":"https:\/\/transamerica93.com.br\/home\/","logo":{"@type":"ImageObject","inLanguage":"pt-BR","@id":"https:\/\/transamerica93.com.br\/home\/#\/schema\/logo\/image\/","url":"https:\/\/transamerica93.com.br\/home\/wp-content\/uploads\/2023\/10\/logo2.png","contentUrl":"https:\/\/transamerica93.com.br\/home\/wp-content\/uploads\/2023\/10\/logo2.png","width":800,"height":500,"caption":"Transam\u00e9rica Mococa 93,3"},"image":{"@id":"https:\/\/transamerica93.com.br\/home\/#\/schema\/logo\/image\/"},"sameAs":["https:\/\/www.facebook.com\/transamericamococa","https:\/\/x.com\/transamerica933","https:\/\/www.instagram.com\/transamericamococa"]},{"@type":"Person","@id":"https:\/\/transamerica93.com.br\/home\/#\/schema\/person\/7fed7c99c0d4562efa8561bc0f543172","name":"Reda\u00e7\u00e3o","image":{"@type":"ImageObject","inLanguage":"pt-BR","@id":"https:\/\/secure.gravatar.com\/avatar\/1072c6b775fb02ef8506ce967551d95926669a6b7d2c2147b42eea4d7c68395e?s=96&d=mm&r=g","url":"https:\/\/secure.gravatar.com\/avatar\/1072c6b775fb02ef8506ce967551d95926669a6b7d2c2147b42eea4d7c68395e?s=96&d=mm&r=g","contentUrl":"https:\/\/secure.gravatar.com\/avatar\/1072c6b775fb02ef8506ce967551d95926669a6b7d2c2147b42eea4d7c68395e?s=96&d=mm&r=g","caption":"Reda\u00e7\u00e3o"},"sameAs":["https:\/\/transamerica93.com.br\/home"],"url":"https:\/\/transamerica93.com.br\/home\/author\/william\/"}]}},"_links":{"self":[{"href":"https:\/\/transamerica93.com.br\/home\/wp-json\/wp\/v2\/posts\/3720","targetHints":{"allow":["GET"]}}],"collection":[{"href":"https:\/\/transamerica93.com.br\/home\/wp-json\/wp\/v2\/posts"}],"about":[{"href":"https:\/\/transamerica93.com.br\/home\/wp-json\/wp\/v2\/types\/post"}],"author":[{"embeddable":true,"href":"https:\/\/transamerica93.com.br\/home\/wp-json\/wp\/v2\/users\/1"}],"replies":[{"embeddable":true,"href":"https:\/\/transamerica93.com.br\/home\/wp-json\/wp\/v2\/comments?post=3720"}],"version-history":[{"count":1,"href":"https:\/\/transamerica93.com.br\/home\/wp-json\/wp\/v2\/posts\/3720\/revisions"}],"predecessor-version":[{"id":3722,"href":"https:\/\/transamerica93.com.br\/home\/wp-json\/wp\/v2\/posts\/3720\/revisions\/3722"}],"wp:featuredmedia":[{"embeddable":true,"href":"https:\/\/transamerica93.com.br\/home\/wp-json\/wp\/v2\/media\/3721"}],"wp:attachment":[{"href":"https:\/\/transamerica93.com.br\/home\/wp-json\/wp\/v2\/media?parent=3720"}],"wp:term":[{"taxonomy":"category","embeddable":true,"href":"https:\/\/transamerica93.com.br\/home\/wp-json\/wp\/v2\/categories?post=3720"},{"taxonomy":"post_tag","embeddable":true,"href":"https:\/\/transamerica93.com.br\/home\/wp-json\/wp\/v2\/tags?post=3720"}],"curies":[{"name":"wp","href":"https:\/\/api.w.org\/{rel}","templated":true}]}}