{"id":3723,"date":"2024-09-05T12:00:41","date_gmt":"2024-09-05T15:00:41","guid":{"rendered":"https:\/\/transamerica93.com.br\/home\/?p=3723"},"modified":"2024-08-29T18:25:12","modified_gmt":"2024-08-29T21:25:12","slug":"com-folga-no-calendario-palmeiras-busca-recuperar-parte-fisica-para-parte-final-do-brasileiro","status":"publish","type":"post","link":"https:\/\/transamerica93.com.br\/home\/com-folga-no-calendario-palmeiras-busca-recuperar-parte-fisica-para-parte-final-do-brasileiro\/","title":{"rendered":"Com folga no calend\u00e1rio, Palmeiras busca recuperar parte f\u00edsica para parte final do Brasileiro"},"content":{"rendered":"<p>Eliminado precocemente da Copa do Brasil e da Libertadores, o Palmeiras planeja usar o calend\u00e1rio mais folgado at\u00e9 o final da temporada para afinar o time em busca do tricampeonato brasileiro.<\/p>\n<p>Enquanto os comandados de Abel Ferreira podem usar a semana inteira para se preparar para o confronto da 25\u00aa rodada, o Athletico-PR enfrenta o Vasco, em S\u00e3o Janu\u00e1rio, na quinta-feira, pelo jogo de ida das quartas de final da Copa do Brasil antes de enfrentar o Palmeiras pelo Brasileiro.<\/p>\n<p>O tempo a mais de prepara\u00e7\u00e3o pode ser \u00fatil para preservar e recuperar fisicamente os jogadores mais utilizados na temporada. O zagueiro Vitor Reis era atleta com maior sequ\u00eancia de partidas como titular no Palmeiras (9) e ficou de fora contra o Cuiab\u00e1 ap\u00f3s sentir um inc\u00f4modo nos treinos da semana passada. O tamb\u00e9m defensor Gustavo G\u00f3mez tinha uma sequ\u00eancia de sete partidas como titular e n\u00e3o participou da goleada em Campinas por estar suspenso.<\/p>\n<p>Entre os times que ocupam as cinco primeiras coloca\u00e7\u00f5es do Brasileiro, o Palmeiras (3\u00ba) \u00e9 o \u00fanico que est\u00e1 na disputa apenas do Nacional. O l\u00edder Fortaleza est\u00e1 na Sul-Americana, o vice Botafogo na Libertadores, e Flamengo e S\u00e3o Paulo, quarto e quinto, respectivamente, est\u00e3o na Copa do Brasil e na Libertadores.<\/p>\n","protected":false},"excerpt":{"rendered":"<p>Eliminado precocemente da Copa do Brasil e da Libertadores, o Palmeiras planeja usar o calend\u00e1rio mais folgado at\u00e9 o final da temporada para afinar o time em busca do tricampeonato brasileiro. Enquanto os comandados de Abel Ferreira podem usar a semana inteira para se preparar para o confronto da 25\u00aa rodada, o Athletico-PR enfrenta o &hellip;<\/p>\n","protected":false},"author":1,"featured_media":3724,"comment_status":"closed","ping_status":"closed","sticky":false,"template":"","format":"standard","meta":{"footnotes":""},"categories":[31],"tags":[],"class_list":["post-3723","post","type-post","status-publish","format-standard","has-post-thumbnail","hentry","category-esportes"],"yoast_head":"<!-- This site is optimized with the Yoast SEO plugin v27.4 - https:\/\/yoast.com\/product\/yoast-seo-wordpress\/ -->\n<title>Com folga no calend\u00e1rio, Palmeiras busca recuperar parte f\u00edsica para parte final do Brasileiro - Transam\u00e9rica Mococa 93,3<\/title>\n<meta name=\"robots\" content=\"index, follow, max-snippet:-1, max-image-preview:large, max-video-preview:-1\" \/>\n<link rel=\"canonical\" href=\"https:\/\/transamerica93.com.br\/home\/com-folga-no-calendario-palmeiras-busca-recuperar-parte-fisica-para-parte-final-do-brasileiro\/\" \/>\n<meta property=\"og:locale\" content=\"pt_BR\" \/>\n<meta property=\"og:type\" content=\"article\" \/>\n<meta property=\"og:title\" content=\"Com folga no calend\u00e1rio, Palmeiras busca recuperar parte f\u00edsica para parte final do Brasileiro - Transam\u00e9rica Mococa 93,3\" \/>\n<meta property=\"og:description\" content=\"Eliminado precocemente da Copa do Brasil e da Libertadores, o Palmeiras planeja usar o calend\u00e1rio mais folgado at\u00e9 o final da temporada para afinar o time em busca do tricampeonato brasileiro. Enquanto os comandados de Abel Ferreira podem usar a semana inteira para se preparar para o confronto da 25\u00aa rodada, o Athletico-PR enfrenta o &hellip;\" \/>\n<meta property=\"og:url\" content=\"https:\/\/transamerica93.com.br\/home\/com-folga-no-calendario-palmeiras-busca-recuperar-parte-fisica-para-parte-final-do-brasileiro\/\" \/>\n<meta property=\"og:site_name\" content=\"Transam\u00e9rica Mococa 93,3\" \/>\n<meta property=\"article:publisher\" content=\"https:\/\/www.facebook.com\/transamericamococa\" \/>\n<meta property=\"article:published_time\" content=\"2024-09-05T15:00:41+00:00\" \/>\n<meta property=\"og:image\" content=\"https:\/\/transamerica93.com.br\/home\/wp-content\/uploads\/2024\/08\/1-19.jpg\" \/>\n\t<meta property=\"og:image:width\" content=\"930\" \/>\n\t<meta property=\"og:image:height\" content=\"563\" \/>\n\t<meta property=\"og:image:type\" content=\"image\/jpeg\" \/>\n<meta name=\"author\" content=\"Reda\u00e7\u00e3o\" \/>\n<meta name=\"twitter:card\" content=\"summary_large_image\" \/>\n<meta name=\"twitter:creator\" content=\"@transamerica933\" \/>\n<meta name=\"twitter:site\" content=\"@transamerica933\" \/>\n<meta name=\"twitter:label1\" content=\"Escrito por\" \/>\n\t<meta name=\"twitter:data1\" content=\"Reda\u00e7\u00e3o\" \/>\n\t<meta name=\"twitter:label2\" content=\"Est. tempo de leitura\" \/>\n\t<meta name=\"twitter:data2\" content=\"2 minutos\" \/>\n<script type=\"application\/ld+json\" class=\"yoast-schema-graph\">{\"@context\":\"https:\\\/\\\/schema.org\",\"@graph\":[{\"@type\":\"Article\",\"@id\":\"https:\\\/\\\/transamerica93.com.br\\\/home\\\/com-folga-no-calendario-palmeiras-busca-recuperar-parte-fisica-para-parte-final-do-brasileiro\\\/#article\",\"isPartOf\":{\"@id\":\"https:\\\/\\\/transamerica93.com.br\\\/home\\\/com-folga-no-calendario-palmeiras-busca-recuperar-parte-fisica-para-parte-final-do-brasileiro\\\/\"},\"author\":{\"name\":\"Reda\u00e7\u00e3o\",\"@id\":\"https:\\\/\\\/transamerica93.com.br\\\/home\\\/#\\\/schema\\\/person\\\/7fed7c99c0d4562efa8561bc0f543172\"},\"headline\":\"Com folga no calend\u00e1rio, Palmeiras busca recuperar parte f\u00edsica para parte final do Brasileiro\",\"datePublished\":\"2024-09-05T15:00:41+00:00\",\"mainEntityOfPage\":{\"@id\":\"https:\\\/\\\/transamerica93.com.br\\\/home\\\/com-folga-no-calendario-palmeiras-busca-recuperar-parte-fisica-para-parte-final-do-brasileiro\\\/\"},\"wordCount\":234,\"publisher\":{\"@id\":\"https:\\\/\\\/transamerica93.com.br\\\/home\\\/#organization\"},\"image\":{\"@id\":\"https:\\\/\\\/transamerica93.com.br\\\/home\\\/com-folga-no-calendario-palmeiras-busca-recuperar-parte-fisica-para-parte-final-do-brasileiro\\\/#primaryimage\"},\"thumbnailUrl\":\"https:\\\/\\\/transamerica93.com.br\\\/home\\\/wp-content\\\/uploads\\\/2024\\\/08\\\/1-19.jpg\",\"articleSection\":[\"Esportes\"],\"inLanguage\":\"pt-BR\"},{\"@type\":\"WebPage\",\"@id\":\"https:\\\/\\\/transamerica93.com.br\\\/home\\\/com-folga-no-calendario-palmeiras-busca-recuperar-parte-fisica-para-parte-final-do-brasileiro\\\/\",\"url\":\"https:\\\/\\\/transamerica93.com.br\\\/home\\\/com-folga-no-calendario-palmeiras-busca-recuperar-parte-fisica-para-parte-final-do-brasileiro\\\/\",\"name\":\"Com folga no calend\u00e1rio, Palmeiras busca recuperar parte f\u00edsica para parte final do Brasileiro - Transam\u00e9rica Mococa 93,3\",\"isPartOf\":{\"@id\":\"https:\\\/\\\/transamerica93.com.br\\\/home\\\/#website\"},\"primaryImageOfPage\":{\"@id\":\"https:\\\/\\\/transamerica93.com.br\\\/home\\\/com-folga-no-calendario-palmeiras-busca-recuperar-parte-fisica-para-parte-final-do-brasileiro\\\/#primaryimage\"},\"image\":{\"@id\":\"https:\\\/\\\/transamerica93.com.br\\\/home\\\/com-folga-no-calendario-palmeiras-busca-recuperar-parte-fisica-para-parte-final-do-brasileiro\\\/#primaryimage\"},\"thumbnailUrl\":\"https:\\\/\\\/transamerica93.com.br\\\/home\\\/wp-content\\\/uploads\\\/2024\\\/08\\\/1-19.jpg\",\"datePublished\":\"2024-09-05T15:00:41+00:00\",\"breadcrumb\":{\"@id\":\"https:\\\/\\\/transamerica93.com.br\\\/home\\\/com-folga-no-calendario-palmeiras-busca-recuperar-parte-fisica-para-parte-final-do-brasileiro\\\/#breadcrumb\"},\"inLanguage\":\"pt-BR\",\"potentialAction\":[{\"@type\":\"ReadAction\",\"target\":[\"https:\\\/\\\/transamerica93.com.br\\\/home\\\/com-folga-no-calendario-palmeiras-busca-recuperar-parte-fisica-para-parte-final-do-brasileiro\\\/\"]}]},{\"@type\":\"ImageObject\",\"inLanguage\":\"pt-BR\",\"@id\":\"https:\\\/\\\/transamerica93.com.br\\\/home\\\/com-folga-no-calendario-palmeiras-busca-recuperar-parte-fisica-para-parte-final-do-brasileiro\\\/#primaryimage\",\"url\":\"https:\\\/\\\/transamerica93.com.br\\\/home\\\/wp-content\\\/uploads\\\/2024\\\/08\\\/1-19.jpg\",\"contentUrl\":\"https:\\\/\\\/transamerica93.com.br\\\/home\\\/wp-content\\\/uploads\\\/2024\\\/08\\\/1-19.jpg\",\"width\":930,\"height\":563,\"caption\":\"Foto: Cesar Greco\\\/ Palmeiras\"},{\"@type\":\"BreadcrumbList\",\"@id\":\"https:\\\/\\\/transamerica93.com.br\\\/home\\\/com-folga-no-calendario-palmeiras-busca-recuperar-parte-fisica-para-parte-final-do-brasileiro\\\/#breadcrumb\",\"itemListElement\":[{\"@type\":\"ListItem\",\"position\":1,\"name\":\"In\u00edcio\",\"item\":\"https:\\\/\\\/transamerica93.com.br\\\/home\\\/\"},{\"@type\":\"ListItem\",\"position\":2,\"name\":\"Com folga no calend\u00e1rio, Palmeiras busca recuperar parte f\u00edsica para parte final do Brasileiro\"}]},{\"@type\":\"WebSite\",\"@id\":\"https:\\\/\\\/transamerica93.com.br\\\/home\\\/#website\",\"url\":\"https:\\\/\\\/transamerica93.com.br\\\/home\\\/\",\"name\":\"Transam\u00e9rica Mococa 93,3\",\"description\":\"\",\"publisher\":{\"@id\":\"https:\\\/\\\/transamerica93.com.br\\\/home\\\/#organization\"},\"potentialAction\":[{\"@type\":\"SearchAction\",\"target\":{\"@type\":\"EntryPoint\",\"urlTemplate\":\"https:\\\/\\\/transamerica93.com.br\\\/home\\\/?s={search_term_string}\"},\"query-input\":{\"@type\":\"PropertyValueSpecification\",\"valueRequired\":true,\"valueName\":\"search_term_string\"}}],\"inLanguage\":\"pt-BR\"},{\"@type\":\"Organization\",\"@id\":\"https:\\\/\\\/transamerica93.com.br\\\/home\\\/#organization\",\"name\":\"Transam\u00e9rica Mococa 93,3\",\"url\":\"https:\\\/\\\/transamerica93.com.br\\\/home\\\/\",\"logo\":{\"@type\":\"ImageObject\",\"inLanguage\":\"pt-BR\",\"@id\":\"https:\\\/\\\/transamerica93.com.br\\\/home\\\/#\\\/schema\\\/logo\\\/image\\\/\",\"url\":\"https:\\\/\\\/transamerica93.com.br\\\/home\\\/wp-content\\\/uploads\\\/2023\\\/10\\\/logo2.png\",\"contentUrl\":\"https:\\\/\\\/transamerica93.com.br\\\/home\\\/wp-content\\\/uploads\\\/2023\\\/10\\\/logo2.png\",\"width\":800,\"height\":500,\"caption\":\"Transam\u00e9rica Mococa 93,3\"},\"image\":{\"@id\":\"https:\\\/\\\/transamerica93.com.br\\\/home\\\/#\\\/schema\\\/logo\\\/image\\\/\"},\"sameAs\":[\"https:\\\/\\\/www.facebook.com\\\/transamericamococa\",\"https:\\\/\\\/x.com\\\/transamerica933\",\"https:\\\/\\\/www.instagram.com\\\/transamericamococa\"]},{\"@type\":\"Person\",\"@id\":\"https:\\\/\\\/transamerica93.com.br\\\/home\\\/#\\\/schema\\\/person\\\/7fed7c99c0d4562efa8561bc0f543172\",\"name\":\"Reda\u00e7\u00e3o\",\"image\":{\"@type\":\"ImageObject\",\"inLanguage\":\"pt-BR\",\"@id\":\"https:\\\/\\\/secure.gravatar.com\\\/avatar\\\/1072c6b775fb02ef8506ce967551d95926669a6b7d2c2147b42eea4d7c68395e?s=96&d=mm&r=g\",\"url\":\"https:\\\/\\\/secure.gravatar.com\\\/avatar\\\/1072c6b775fb02ef8506ce967551d95926669a6b7d2c2147b42eea4d7c68395e?s=96&d=mm&r=g\",\"contentUrl\":\"https:\\\/\\\/secure.gravatar.com\\\/avatar\\\/1072c6b775fb02ef8506ce967551d95926669a6b7d2c2147b42eea4d7c68395e?s=96&d=mm&r=g\",\"caption\":\"Reda\u00e7\u00e3o\"},\"sameAs\":[\"https:\\\/\\\/transamerica93.com.br\\\/home\"],\"url\":\"https:\\\/\\\/transamerica93.com.br\\\/home\\\/author\\\/william\\\/\"}]}<\/script>\n<!-- \/ Yoast SEO plugin. -->","yoast_head_json":{"title":"Com folga no calend\u00e1rio, Palmeiras busca recuperar parte f\u00edsica para parte final do Brasileiro - Transam\u00e9rica Mococa 93,3","robots":{"index":"index","follow":"follow","max-snippet":"max-snippet:-1","max-image-preview":"max-image-preview:large","max-video-preview":"max-video-preview:-1"},"canonical":"https:\/\/transamerica93.com.br\/home\/com-folga-no-calendario-palmeiras-busca-recuperar-parte-fisica-para-parte-final-do-brasileiro\/","og_locale":"pt_BR","og_type":"article","og_title":"Com folga no calend\u00e1rio, Palmeiras busca recuperar parte f\u00edsica para parte final do Brasileiro - Transam\u00e9rica Mococa 93,3","og_description":"Eliminado precocemente da Copa do Brasil e da Libertadores, o Palmeiras planeja usar o calend\u00e1rio mais folgado at\u00e9 o final da temporada para afinar o time em busca do tricampeonato brasileiro. Enquanto os comandados de Abel Ferreira podem usar a semana inteira para se preparar para o confronto da 25\u00aa rodada, o Athletico-PR enfrenta o &hellip;","og_url":"https:\/\/transamerica93.com.br\/home\/com-folga-no-calendario-palmeiras-busca-recuperar-parte-fisica-para-parte-final-do-brasileiro\/","og_site_name":"Transam\u00e9rica Mococa 93,3","article_publisher":"https:\/\/www.facebook.com\/transamericamococa","article_published_time":"2024-09-05T15:00:41+00:00","og_image":[{"width":930,"height":563,"url":"https:\/\/transamerica93.com.br\/home\/wp-content\/uploads\/2024\/08\/1-19.jpg","type":"image\/jpeg"}],"author":"Reda\u00e7\u00e3o","twitter_card":"summary_large_image","twitter_creator":"@transamerica933","twitter_site":"@transamerica933","twitter_misc":{"Escrito por":"Reda\u00e7\u00e3o","Est. tempo de leitura":"2 minutos"},"schema":{"@context":"https:\/\/schema.org","@graph":[{"@type":"Article","@id":"https:\/\/transamerica93.com.br\/home\/com-folga-no-calendario-palmeiras-busca-recuperar-parte-fisica-para-parte-final-do-brasileiro\/#article","isPartOf":{"@id":"https:\/\/transamerica93.com.br\/home\/com-folga-no-calendario-palmeiras-busca-recuperar-parte-fisica-para-parte-final-do-brasileiro\/"},"author":{"name":"Reda\u00e7\u00e3o","@id":"https:\/\/transamerica93.com.br\/home\/#\/schema\/person\/7fed7c99c0d4562efa8561bc0f543172"},"headline":"Com folga no calend\u00e1rio, Palmeiras busca recuperar parte f\u00edsica para parte final do Brasileiro","datePublished":"2024-09-05T15:00:41+00:00","mainEntityOfPage":{"@id":"https:\/\/transamerica93.com.br\/home\/com-folga-no-calendario-palmeiras-busca-recuperar-parte-fisica-para-parte-final-do-brasileiro\/"},"wordCount":234,"publisher":{"@id":"https:\/\/transamerica93.com.br\/home\/#organization"},"image":{"@id":"https:\/\/transamerica93.com.br\/home\/com-folga-no-calendario-palmeiras-busca-recuperar-parte-fisica-para-parte-final-do-brasileiro\/#primaryimage"},"thumbnailUrl":"https:\/\/transamerica93.com.br\/home\/wp-content\/uploads\/2024\/08\/1-19.jpg","articleSection":["Esportes"],"inLanguage":"pt-BR"},{"@type":"WebPage","@id":"https:\/\/transamerica93.com.br\/home\/com-folga-no-calendario-palmeiras-busca-recuperar-parte-fisica-para-parte-final-do-brasileiro\/","url":"https:\/\/transamerica93.com.br\/home\/com-folga-no-calendario-palmeiras-busca-recuperar-parte-fisica-para-parte-final-do-brasileiro\/","name":"Com folga no calend\u00e1rio, Palmeiras busca recuperar parte f\u00edsica para parte final do Brasileiro - Transam\u00e9rica Mococa 93,3","isPartOf":{"@id":"https:\/\/transamerica93.com.br\/home\/#website"},"primaryImageOfPage":{"@id":"https:\/\/transamerica93.com.br\/home\/com-folga-no-calendario-palmeiras-busca-recuperar-parte-fisica-para-parte-final-do-brasileiro\/#primaryimage"},"image":{"@id":"https:\/\/transamerica93.com.br\/home\/com-folga-no-calendario-palmeiras-busca-recuperar-parte-fisica-para-parte-final-do-brasileiro\/#primaryimage"},"thumbnailUrl":"https:\/\/transamerica93.com.br\/home\/wp-content\/uploads\/2024\/08\/1-19.jpg","datePublished":"2024-09-05T15:00:41+00:00","breadcrumb":{"@id":"https:\/\/transamerica93.com.br\/home\/com-folga-no-calendario-palmeiras-busca-recuperar-parte-fisica-para-parte-final-do-brasileiro\/#breadcrumb"},"inLanguage":"pt-BR","potentialAction":[{"@type":"ReadAction","target":["https:\/\/transamerica93.com.br\/home\/com-folga-no-calendario-palmeiras-busca-recuperar-parte-fisica-para-parte-final-do-brasileiro\/"]}]},{"@type":"ImageObject","inLanguage":"pt-BR","@id":"https:\/\/transamerica93.com.br\/home\/com-folga-no-calendario-palmeiras-busca-recuperar-parte-fisica-para-parte-final-do-brasileiro\/#primaryimage","url":"https:\/\/transamerica93.com.br\/home\/wp-content\/uploads\/2024\/08\/1-19.jpg","contentUrl":"https:\/\/transamerica93.com.br\/home\/wp-content\/uploads\/2024\/08\/1-19.jpg","width":930,"height":563,"caption":"Foto: Cesar Greco\/ Palmeiras"},{"@type":"BreadcrumbList","@id":"https:\/\/transamerica93.com.br\/home\/com-folga-no-calendario-palmeiras-busca-recuperar-parte-fisica-para-parte-final-do-brasileiro\/#breadcrumb","itemListElement":[{"@type":"ListItem","position":1,"name":"In\u00edcio","item":"https:\/\/transamerica93.com.br\/home\/"},{"@type":"ListItem","position":2,"name":"Com folga no calend\u00e1rio, Palmeiras busca recuperar parte f\u00edsica para parte final do Brasileiro"}]},{"@type":"WebSite","@id":"https:\/\/transamerica93.com.br\/home\/#website","url":"https:\/\/transamerica93.com.br\/home\/","name":"Transam\u00e9rica Mococa 93,3","description":"","publisher":{"@id":"https:\/\/transamerica93.com.br\/home\/#organization"},"potentialAction":[{"@type":"SearchAction","target":{"@type":"EntryPoint","urlTemplate":"https:\/\/transamerica93.com.br\/home\/?s={search_term_string}"},"query-input":{"@type":"PropertyValueSpecification","valueRequired":true,"valueName":"search_term_string"}}],"inLanguage":"pt-BR"},{"@type":"Organization","@id":"https:\/\/transamerica93.com.br\/home\/#organization","name":"Transam\u00e9rica Mococa 93,3","url":"https:\/\/transamerica93.com.br\/home\/","logo":{"@type":"ImageObject","inLanguage":"pt-BR","@id":"https:\/\/transamerica93.com.br\/home\/#\/schema\/logo\/image\/","url":"https:\/\/transamerica93.com.br\/home\/wp-content\/uploads\/2023\/10\/logo2.png","contentUrl":"https:\/\/transamerica93.com.br\/home\/wp-content\/uploads\/2023\/10\/logo2.png","width":800,"height":500,"caption":"Transam\u00e9rica Mococa 93,3"},"image":{"@id":"https:\/\/transamerica93.com.br\/home\/#\/schema\/logo\/image\/"},"sameAs":["https:\/\/www.facebook.com\/transamericamococa","https:\/\/x.com\/transamerica933","https:\/\/www.instagram.com\/transamericamococa"]},{"@type":"Person","@id":"https:\/\/transamerica93.com.br\/home\/#\/schema\/person\/7fed7c99c0d4562efa8561bc0f543172","name":"Reda\u00e7\u00e3o","image":{"@type":"ImageObject","inLanguage":"pt-BR","@id":"https:\/\/secure.gravatar.com\/avatar\/1072c6b775fb02ef8506ce967551d95926669a6b7d2c2147b42eea4d7c68395e?s=96&d=mm&r=g","url":"https:\/\/secure.gravatar.com\/avatar\/1072c6b775fb02ef8506ce967551d95926669a6b7d2c2147b42eea4d7c68395e?s=96&d=mm&r=g","contentUrl":"https:\/\/secure.gravatar.com\/avatar\/1072c6b775fb02ef8506ce967551d95926669a6b7d2c2147b42eea4d7c68395e?s=96&d=mm&r=g","caption":"Reda\u00e7\u00e3o"},"sameAs":["https:\/\/transamerica93.com.br\/home"],"url":"https:\/\/transamerica93.com.br\/home\/author\/william\/"}]}},"_links":{"self":[{"href":"https:\/\/transamerica93.com.br\/home\/wp-json\/wp\/v2\/posts\/3723","targetHints":{"allow":["GET"]}}],"collection":[{"href":"https:\/\/transamerica93.com.br\/home\/wp-json\/wp\/v2\/posts"}],"about":[{"href":"https:\/\/transamerica93.com.br\/home\/wp-json\/wp\/v2\/types\/post"}],"author":[{"embeddable":true,"href":"https:\/\/transamerica93.com.br\/home\/wp-json\/wp\/v2\/users\/1"}],"replies":[{"embeddable":true,"href":"https:\/\/transamerica93.com.br\/home\/wp-json\/wp\/v2\/comments?post=3723"}],"version-history":[{"count":1,"href":"https:\/\/transamerica93.com.br\/home\/wp-json\/wp\/v2\/posts\/3723\/revisions"}],"predecessor-version":[{"id":3725,"href":"https:\/\/transamerica93.com.br\/home\/wp-json\/wp\/v2\/posts\/3723\/revisions\/3725"}],"wp:featuredmedia":[{"embeddable":true,"href":"https:\/\/transamerica93.com.br\/home\/wp-json\/wp\/v2\/media\/3724"}],"wp:attachment":[{"href":"https:\/\/transamerica93.com.br\/home\/wp-json\/wp\/v2\/media?parent=3723"}],"wp:term":[{"taxonomy":"category","embeddable":true,"href":"https:\/\/transamerica93.com.br\/home\/wp-json\/wp\/v2\/categories?post=3723"},{"taxonomy":"post_tag","embeddable":true,"href":"https:\/\/transamerica93.com.br\/home\/wp-json\/wp\/v2\/tags?post=3723"}],"curies":[{"name":"wp","href":"https:\/\/api.w.org\/{rel}","templated":true}]}}