{"id":3726,"date":"2024-09-06T12:00:17","date_gmt":"2024-09-06T15:00:17","guid":{"rendered":"https:\/\/transamerica93.com.br\/home\/?p=3726"},"modified":"2024-08-29T18:28:12","modified_gmt":"2024-08-29T21:28:12","slug":"formula-1-anuncia-parceria-para-geracao-de-energia-de-baixo-carbono-em-gps-da-europa","status":"publish","type":"post","link":"https:\/\/transamerica93.com.br\/home\/formula-1-anuncia-parceria-para-geracao-de-energia-de-baixo-carbono-em-gps-da-europa\/","title":{"rendered":"F\u00f3rmula 1 anuncia parceria para gera\u00e7\u00e3o de energia de baixo carbono em GPs da Europa"},"content":{"rendered":"<p>Manter as boas condi\u00e7\u00f5es clim\u00e1ticas sempre fez parte das metas da F\u00f3rmula 1. E foi firmada uma parceria de v\u00e1rios anos com a Aggreko, fornecedora l\u00edder mundial de solu\u00e7\u00f5es tempor\u00e1rias de energia e que j\u00e1 tinha acordo com a F\u00f3rmula E, para o fornecimento de sistemas inovadores de gera\u00e7\u00e3o de energia de baixo carbono em todos os GPs da Europa a partir de 2025. A empresa se tornar\u00e1 uma Fornecedora Oficial da F-1 e faz parte da luta por emiss\u00e3o zero de carbono at\u00e9 2030.<\/p>\n<p>F\u00f3rmula 1 e Aggreko j\u00e1 trabalham juntas pela causa desde 2023, quando pilotaram pela primeira vez um complexo de gera\u00e7\u00e3o de energia centralizada no Grande Pr\u00eamio da \u00c1ustria. Na ocasi\u00e3o, foi comprovada uma redu\u00e7\u00e3o das emiss\u00f5es de carbono associadas em mais de 90% no Paddock, Pit Lane e \u00e1reas de transmiss\u00e3o em compara\u00e7\u00e3o ao evento de 2022.<\/p>\n<p>A energia renov\u00e1vel utilizada pela parceira conta com \u00f3leo vegetal hidrotratado (HVO), biocombust\u00edvel, pain\u00e9is solares e sistemas de armazenamento de bateria. Ap\u00f3s retornar ao Red Bull Ring no in\u00edcio da temporada, o sistema foi testado novamente no GP da Hungria e tamb\u00e9m estar\u00e1 em vigor neste fim de semana em Monza. O teste expandido tem proporcionado redu\u00e7\u00f5es de carbono e, a partir de 2025, o sistema ser\u00e1 usado em toda a temporada europeia da F\u00f3rmula 1.<\/p>\n<p>O novo sistema gerar\u00e1 energia suficiente para que as escuderias e at\u00e9 a Federa\u00e7\u00e3o Internacional de Automobilismo (FIA), n\u00e3o sejam obrigadas a trazer seus pr\u00f3prios geradores, garantindo que todos sejam abastecidos no paddock e mesmo onde ocorrem as transmiss\u00f5es na pista.<\/p>\n<p>&#8220;Todo o paddock faz parte do nosso compromisso Net Zero at\u00e9 2030 e solu\u00e7\u00f5es como o sistema de gera\u00e7\u00e3o de energia de baixo carbono combinam inova\u00e7\u00e3o tecnol\u00f3gica com a\u00e7\u00e3o coordenada&#8221;, comentou Ellen Jones, chefe de ESG da F\u00f3rmula 1. &#8220;Na pr\u00e1tica, isso significa que podemos alcan\u00e7ar redu\u00e7\u00f5es significativas de carbono neste espa\u00e7o e estamos ansiosos para continuar a mostrar como podemos oferecer eventos mais sustent\u00e1veis.&#8221;<\/p>\n<p>&#8220;A Aggreko tem um hist\u00f3rico inigual\u00e1vel de fornecimento de solu\u00e7\u00f5es de transi\u00e7\u00e3o de energia em todo o mundo, nos ambientes mais exigentes, desafiadores e de miss\u00e3o cr\u00edtica, para garantir que as necessidades de nossos clientes sejam atendidas de forma consistente com os mais altos padr\u00f5es&#8221;, acrescentou Robert Wells, presidente da Aggreko Europe e da Aggreko Event Services<\/p>\n<p>&#8220;Como l\u00edder global, temos um papel importante a desempenhar na transi\u00e7\u00e3o energ\u00e9tica e estamos entusiasmados que a F\u00f3rmula 1 tenha escolhido a Aggreko para ajud\u00e1-los em sua jornada para se tornarem Carbon Net Zero at\u00e9 2030. Estamos ansiosos para continuar trabalhando com a F\u00f3rmula 1 e, juntos, energizar a mudan\u00e7a para um futuro positivo.&#8221;<\/p>\n","protected":false},"excerpt":{"rendered":"<p>Manter as boas condi\u00e7\u00f5es clim\u00e1ticas sempre fez parte das metas da F\u00f3rmula 1. E foi firmada uma parceria de v\u00e1rios anos com a Aggreko, fornecedora l\u00edder mundial de solu\u00e7\u00f5es tempor\u00e1rias de energia e que j\u00e1 tinha acordo com a F\u00f3rmula E, para o fornecimento de sistemas inovadores de gera\u00e7\u00e3o de energia de baixo carbono em &hellip;<\/p>\n","protected":false},"author":1,"featured_media":3727,"comment_status":"closed","ping_status":"closed","sticky":false,"template":"","format":"standard","meta":{"footnotes":""},"categories":[31],"tags":[],"class_list":["post-3726","post","type-post","status-publish","format-standard","has-post-thumbnail","hentry","category-esportes"],"yoast_head":"<!-- This site is optimized with the Yoast SEO plugin v27.4 - https:\/\/yoast.com\/product\/yoast-seo-wordpress\/ -->\n<title>F\u00f3rmula 1 anuncia parceria para gera\u00e7\u00e3o de energia de baixo carbono em GPs da Europa - Transam\u00e9rica Mococa 93,3<\/title>\n<meta name=\"robots\" content=\"index, follow, max-snippet:-1, max-image-preview:large, max-video-preview:-1\" \/>\n<link rel=\"canonical\" href=\"https:\/\/transamerica93.com.br\/home\/formula-1-anuncia-parceria-para-geracao-de-energia-de-baixo-carbono-em-gps-da-europa\/\" \/>\n<meta property=\"og:locale\" content=\"pt_BR\" \/>\n<meta property=\"og:type\" content=\"article\" \/>\n<meta property=\"og:title\" content=\"F\u00f3rmula 1 anuncia parceria para gera\u00e7\u00e3o de energia de baixo carbono em GPs da Europa - Transam\u00e9rica Mococa 93,3\" \/>\n<meta property=\"og:description\" content=\"Manter as boas condi\u00e7\u00f5es clim\u00e1ticas sempre fez parte das metas da F\u00f3rmula 1. E foi firmada uma parceria de v\u00e1rios anos com a Aggreko, fornecedora l\u00edder mundial de solu\u00e7\u00f5es tempor\u00e1rias de energia e que j\u00e1 tinha acordo com a F\u00f3rmula E, para o fornecimento de sistemas inovadores de gera\u00e7\u00e3o de energia de baixo carbono em &hellip;\" \/>\n<meta property=\"og:url\" content=\"https:\/\/transamerica93.com.br\/home\/formula-1-anuncia-parceria-para-geracao-de-energia-de-baixo-carbono-em-gps-da-europa\/\" \/>\n<meta property=\"og:site_name\" content=\"Transam\u00e9rica Mococa 93,3\" \/>\n<meta property=\"article:publisher\" content=\"https:\/\/www.facebook.com\/transamericamococa\" \/>\n<meta property=\"article:published_time\" content=\"2024-09-06T15:00:17+00:00\" \/>\n<meta property=\"og:image\" content=\"https:\/\/transamerica93.com.br\/home\/wp-content\/uploads\/2024\/08\/1-20.jpg\" \/>\n\t<meta property=\"og:image:width\" content=\"1200\" \/>\n\t<meta property=\"og:image:height\" content=\"750\" \/>\n\t<meta property=\"og:image:type\" content=\"image\/jpeg\" \/>\n<meta name=\"author\" content=\"Reda\u00e7\u00e3o\" \/>\n<meta name=\"twitter:card\" content=\"summary_large_image\" \/>\n<meta name=\"twitter:creator\" content=\"@transamerica933\" \/>\n<meta name=\"twitter:site\" content=\"@transamerica933\" \/>\n<meta name=\"twitter:label1\" content=\"Escrito por\" \/>\n\t<meta name=\"twitter:data1\" content=\"Reda\u00e7\u00e3o\" \/>\n\t<meta name=\"twitter:label2\" content=\"Est. tempo de leitura\" \/>\n\t<meta name=\"twitter:data2\" content=\"3 minutos\" \/>\n<script type=\"application\/ld+json\" class=\"yoast-schema-graph\">{\"@context\":\"https:\\\/\\\/schema.org\",\"@graph\":[{\"@type\":\"Article\",\"@id\":\"https:\\\/\\\/transamerica93.com.br\\\/home\\\/formula-1-anuncia-parceria-para-geracao-de-energia-de-baixo-carbono-em-gps-da-europa\\\/#article\",\"isPartOf\":{\"@id\":\"https:\\\/\\\/transamerica93.com.br\\\/home\\\/formula-1-anuncia-parceria-para-geracao-de-energia-de-baixo-carbono-em-gps-da-europa\\\/\"},\"author\":{\"name\":\"Reda\u00e7\u00e3o\",\"@id\":\"https:\\\/\\\/transamerica93.com.br\\\/home\\\/#\\\/schema\\\/person\\\/7fed7c99c0d4562efa8561bc0f543172\"},\"headline\":\"F\u00f3rmula 1 anuncia parceria para gera\u00e7\u00e3o de energia de baixo carbono em GPs da Europa\",\"datePublished\":\"2024-09-06T15:00:17+00:00\",\"mainEntityOfPage\":{\"@id\":\"https:\\\/\\\/transamerica93.com.br\\\/home\\\/formula-1-anuncia-parceria-para-geracao-de-energia-de-baixo-carbono-em-gps-da-europa\\\/\"},\"wordCount\":492,\"publisher\":{\"@id\":\"https:\\\/\\\/transamerica93.com.br\\\/home\\\/#organization\"},\"image\":{\"@id\":\"https:\\\/\\\/transamerica93.com.br\\\/home\\\/formula-1-anuncia-parceria-para-geracao-de-energia-de-baixo-carbono-em-gps-da-europa\\\/#primaryimage\"},\"thumbnailUrl\":\"https:\\\/\\\/transamerica93.com.br\\\/home\\\/wp-content\\\/uploads\\\/2024\\\/08\\\/1-20.jpg\",\"articleSection\":[\"Esportes\"],\"inLanguage\":\"pt-BR\"},{\"@type\":\"WebPage\",\"@id\":\"https:\\\/\\\/transamerica93.com.br\\\/home\\\/formula-1-anuncia-parceria-para-geracao-de-energia-de-baixo-carbono-em-gps-da-europa\\\/\",\"url\":\"https:\\\/\\\/transamerica93.com.br\\\/home\\\/formula-1-anuncia-parceria-para-geracao-de-energia-de-baixo-carbono-em-gps-da-europa\\\/\",\"name\":\"F\u00f3rmula 1 anuncia parceria para gera\u00e7\u00e3o de energia de baixo carbono em GPs da Europa - Transam\u00e9rica Mococa 93,3\",\"isPartOf\":{\"@id\":\"https:\\\/\\\/transamerica93.com.br\\\/home\\\/#website\"},\"primaryImageOfPage\":{\"@id\":\"https:\\\/\\\/transamerica93.com.br\\\/home\\\/formula-1-anuncia-parceria-para-geracao-de-energia-de-baixo-carbono-em-gps-da-europa\\\/#primaryimage\"},\"image\":{\"@id\":\"https:\\\/\\\/transamerica93.com.br\\\/home\\\/formula-1-anuncia-parceria-para-geracao-de-energia-de-baixo-carbono-em-gps-da-europa\\\/#primaryimage\"},\"thumbnailUrl\":\"https:\\\/\\\/transamerica93.com.br\\\/home\\\/wp-content\\\/uploads\\\/2024\\\/08\\\/1-20.jpg\",\"datePublished\":\"2024-09-06T15:00:17+00:00\",\"breadcrumb\":{\"@id\":\"https:\\\/\\\/transamerica93.com.br\\\/home\\\/formula-1-anuncia-parceria-para-geracao-de-energia-de-baixo-carbono-em-gps-da-europa\\\/#breadcrumb\"},\"inLanguage\":\"pt-BR\",\"potentialAction\":[{\"@type\":\"ReadAction\",\"target\":[\"https:\\\/\\\/transamerica93.com.br\\\/home\\\/formula-1-anuncia-parceria-para-geracao-de-energia-de-baixo-carbono-em-gps-da-europa\\\/\"]}]},{\"@type\":\"ImageObject\",\"inLanguage\":\"pt-BR\",\"@id\":\"https:\\\/\\\/transamerica93.com.br\\\/home\\\/formula-1-anuncia-parceria-para-geracao-de-energia-de-baixo-carbono-em-gps-da-europa\\\/#primaryimage\",\"url\":\"https:\\\/\\\/transamerica93.com.br\\\/home\\\/wp-content\\\/uploads\\\/2024\\\/08\\\/1-20.jpg\",\"contentUrl\":\"https:\\\/\\\/transamerica93.com.br\\\/home\\\/wp-content\\\/uploads\\\/2024\\\/08\\\/1-20.jpg\",\"width\":1200,\"height\":750,\"caption\":\"Simon Wohlfahrt \\\/ AFP\"},{\"@type\":\"BreadcrumbList\",\"@id\":\"https:\\\/\\\/transamerica93.com.br\\\/home\\\/formula-1-anuncia-parceria-para-geracao-de-energia-de-baixo-carbono-em-gps-da-europa\\\/#breadcrumb\",\"itemListElement\":[{\"@type\":\"ListItem\",\"position\":1,\"name\":\"In\u00edcio\",\"item\":\"https:\\\/\\\/transamerica93.com.br\\\/home\\\/\"},{\"@type\":\"ListItem\",\"position\":2,\"name\":\"F\u00f3rmula 1 anuncia parceria para gera\u00e7\u00e3o de energia de baixo carbono em GPs da Europa\"}]},{\"@type\":\"WebSite\",\"@id\":\"https:\\\/\\\/transamerica93.com.br\\\/home\\\/#website\",\"url\":\"https:\\\/\\\/transamerica93.com.br\\\/home\\\/\",\"name\":\"Transam\u00e9rica Mococa 93,3\",\"description\":\"\",\"publisher\":{\"@id\":\"https:\\\/\\\/transamerica93.com.br\\\/home\\\/#organization\"},\"potentialAction\":[{\"@type\":\"SearchAction\",\"target\":{\"@type\":\"EntryPoint\",\"urlTemplate\":\"https:\\\/\\\/transamerica93.com.br\\\/home\\\/?s={search_term_string}\"},\"query-input\":{\"@type\":\"PropertyValueSpecification\",\"valueRequired\":true,\"valueName\":\"search_term_string\"}}],\"inLanguage\":\"pt-BR\"},{\"@type\":\"Organization\",\"@id\":\"https:\\\/\\\/transamerica93.com.br\\\/home\\\/#organization\",\"name\":\"Transam\u00e9rica Mococa 93,3\",\"url\":\"https:\\\/\\\/transamerica93.com.br\\\/home\\\/\",\"logo\":{\"@type\":\"ImageObject\",\"inLanguage\":\"pt-BR\",\"@id\":\"https:\\\/\\\/transamerica93.com.br\\\/home\\\/#\\\/schema\\\/logo\\\/image\\\/\",\"url\":\"https:\\\/\\\/transamerica93.com.br\\\/home\\\/wp-content\\\/uploads\\\/2023\\\/10\\\/logo2.png\",\"contentUrl\":\"https:\\\/\\\/transamerica93.com.br\\\/home\\\/wp-content\\\/uploads\\\/2023\\\/10\\\/logo2.png\",\"width\":800,\"height\":500,\"caption\":\"Transam\u00e9rica Mococa 93,3\"},\"image\":{\"@id\":\"https:\\\/\\\/transamerica93.com.br\\\/home\\\/#\\\/schema\\\/logo\\\/image\\\/\"},\"sameAs\":[\"https:\\\/\\\/www.facebook.com\\\/transamericamococa\",\"https:\\\/\\\/x.com\\\/transamerica933\",\"https:\\\/\\\/www.instagram.com\\\/transamericamococa\"]},{\"@type\":\"Person\",\"@id\":\"https:\\\/\\\/transamerica93.com.br\\\/home\\\/#\\\/schema\\\/person\\\/7fed7c99c0d4562efa8561bc0f543172\",\"name\":\"Reda\u00e7\u00e3o\",\"image\":{\"@type\":\"ImageObject\",\"inLanguage\":\"pt-BR\",\"@id\":\"https:\\\/\\\/secure.gravatar.com\\\/avatar\\\/1072c6b775fb02ef8506ce967551d95926669a6b7d2c2147b42eea4d7c68395e?s=96&d=mm&r=g\",\"url\":\"https:\\\/\\\/secure.gravatar.com\\\/avatar\\\/1072c6b775fb02ef8506ce967551d95926669a6b7d2c2147b42eea4d7c68395e?s=96&d=mm&r=g\",\"contentUrl\":\"https:\\\/\\\/secure.gravatar.com\\\/avatar\\\/1072c6b775fb02ef8506ce967551d95926669a6b7d2c2147b42eea4d7c68395e?s=96&d=mm&r=g\",\"caption\":\"Reda\u00e7\u00e3o\"},\"sameAs\":[\"https:\\\/\\\/transamerica93.com.br\\\/home\"],\"url\":\"https:\\\/\\\/transamerica93.com.br\\\/home\\\/author\\\/william\\\/\"}]}<\/script>\n<!-- \/ Yoast SEO plugin. -->","yoast_head_json":{"title":"F\u00f3rmula 1 anuncia parceria para gera\u00e7\u00e3o de energia de baixo carbono em GPs da Europa - Transam\u00e9rica Mococa 93,3","robots":{"index":"index","follow":"follow","max-snippet":"max-snippet:-1","max-image-preview":"max-image-preview:large","max-video-preview":"max-video-preview:-1"},"canonical":"https:\/\/transamerica93.com.br\/home\/formula-1-anuncia-parceria-para-geracao-de-energia-de-baixo-carbono-em-gps-da-europa\/","og_locale":"pt_BR","og_type":"article","og_title":"F\u00f3rmula 1 anuncia parceria para gera\u00e7\u00e3o de energia de baixo carbono em GPs da Europa - Transam\u00e9rica Mococa 93,3","og_description":"Manter as boas condi\u00e7\u00f5es clim\u00e1ticas sempre fez parte das metas da F\u00f3rmula 1. E foi firmada uma parceria de v\u00e1rios anos com a Aggreko, fornecedora l\u00edder mundial de solu\u00e7\u00f5es tempor\u00e1rias de energia e que j\u00e1 tinha acordo com a F\u00f3rmula E, para o fornecimento de sistemas inovadores de gera\u00e7\u00e3o de energia de baixo carbono em &hellip;","og_url":"https:\/\/transamerica93.com.br\/home\/formula-1-anuncia-parceria-para-geracao-de-energia-de-baixo-carbono-em-gps-da-europa\/","og_site_name":"Transam\u00e9rica Mococa 93,3","article_publisher":"https:\/\/www.facebook.com\/transamericamococa","article_published_time":"2024-09-06T15:00:17+00:00","og_image":[{"width":1200,"height":750,"url":"https:\/\/transamerica93.com.br\/home\/wp-content\/uploads\/2024\/08\/1-20.jpg","type":"image\/jpeg"}],"author":"Reda\u00e7\u00e3o","twitter_card":"summary_large_image","twitter_creator":"@transamerica933","twitter_site":"@transamerica933","twitter_misc":{"Escrito por":"Reda\u00e7\u00e3o","Est. tempo de leitura":"3 minutos"},"schema":{"@context":"https:\/\/schema.org","@graph":[{"@type":"Article","@id":"https:\/\/transamerica93.com.br\/home\/formula-1-anuncia-parceria-para-geracao-de-energia-de-baixo-carbono-em-gps-da-europa\/#article","isPartOf":{"@id":"https:\/\/transamerica93.com.br\/home\/formula-1-anuncia-parceria-para-geracao-de-energia-de-baixo-carbono-em-gps-da-europa\/"},"author":{"name":"Reda\u00e7\u00e3o","@id":"https:\/\/transamerica93.com.br\/home\/#\/schema\/person\/7fed7c99c0d4562efa8561bc0f543172"},"headline":"F\u00f3rmula 1 anuncia parceria para gera\u00e7\u00e3o de energia de baixo carbono em GPs da Europa","datePublished":"2024-09-06T15:00:17+00:00","mainEntityOfPage":{"@id":"https:\/\/transamerica93.com.br\/home\/formula-1-anuncia-parceria-para-geracao-de-energia-de-baixo-carbono-em-gps-da-europa\/"},"wordCount":492,"publisher":{"@id":"https:\/\/transamerica93.com.br\/home\/#organization"},"image":{"@id":"https:\/\/transamerica93.com.br\/home\/formula-1-anuncia-parceria-para-geracao-de-energia-de-baixo-carbono-em-gps-da-europa\/#primaryimage"},"thumbnailUrl":"https:\/\/transamerica93.com.br\/home\/wp-content\/uploads\/2024\/08\/1-20.jpg","articleSection":["Esportes"],"inLanguage":"pt-BR"},{"@type":"WebPage","@id":"https:\/\/transamerica93.com.br\/home\/formula-1-anuncia-parceria-para-geracao-de-energia-de-baixo-carbono-em-gps-da-europa\/","url":"https:\/\/transamerica93.com.br\/home\/formula-1-anuncia-parceria-para-geracao-de-energia-de-baixo-carbono-em-gps-da-europa\/","name":"F\u00f3rmula 1 anuncia parceria para gera\u00e7\u00e3o de energia de baixo carbono em GPs da Europa - Transam\u00e9rica Mococa 93,3","isPartOf":{"@id":"https:\/\/transamerica93.com.br\/home\/#website"},"primaryImageOfPage":{"@id":"https:\/\/transamerica93.com.br\/home\/formula-1-anuncia-parceria-para-geracao-de-energia-de-baixo-carbono-em-gps-da-europa\/#primaryimage"},"image":{"@id":"https:\/\/transamerica93.com.br\/home\/formula-1-anuncia-parceria-para-geracao-de-energia-de-baixo-carbono-em-gps-da-europa\/#primaryimage"},"thumbnailUrl":"https:\/\/transamerica93.com.br\/home\/wp-content\/uploads\/2024\/08\/1-20.jpg","datePublished":"2024-09-06T15:00:17+00:00","breadcrumb":{"@id":"https:\/\/transamerica93.com.br\/home\/formula-1-anuncia-parceria-para-geracao-de-energia-de-baixo-carbono-em-gps-da-europa\/#breadcrumb"},"inLanguage":"pt-BR","potentialAction":[{"@type":"ReadAction","target":["https:\/\/transamerica93.com.br\/home\/formula-1-anuncia-parceria-para-geracao-de-energia-de-baixo-carbono-em-gps-da-europa\/"]}]},{"@type":"ImageObject","inLanguage":"pt-BR","@id":"https:\/\/transamerica93.com.br\/home\/formula-1-anuncia-parceria-para-geracao-de-energia-de-baixo-carbono-em-gps-da-europa\/#primaryimage","url":"https:\/\/transamerica93.com.br\/home\/wp-content\/uploads\/2024\/08\/1-20.jpg","contentUrl":"https:\/\/transamerica93.com.br\/home\/wp-content\/uploads\/2024\/08\/1-20.jpg","width":1200,"height":750,"caption":"Simon Wohlfahrt \/ AFP"},{"@type":"BreadcrumbList","@id":"https:\/\/transamerica93.com.br\/home\/formula-1-anuncia-parceria-para-geracao-de-energia-de-baixo-carbono-em-gps-da-europa\/#breadcrumb","itemListElement":[{"@type":"ListItem","position":1,"name":"In\u00edcio","item":"https:\/\/transamerica93.com.br\/home\/"},{"@type":"ListItem","position":2,"name":"F\u00f3rmula 1 anuncia parceria para gera\u00e7\u00e3o de energia de baixo carbono em GPs da Europa"}]},{"@type":"WebSite","@id":"https:\/\/transamerica93.com.br\/home\/#website","url":"https:\/\/transamerica93.com.br\/home\/","name":"Transam\u00e9rica Mococa 93,3","description":"","publisher":{"@id":"https:\/\/transamerica93.com.br\/home\/#organization"},"potentialAction":[{"@type":"SearchAction","target":{"@type":"EntryPoint","urlTemplate":"https:\/\/transamerica93.com.br\/home\/?s={search_term_string}"},"query-input":{"@type":"PropertyValueSpecification","valueRequired":true,"valueName":"search_term_string"}}],"inLanguage":"pt-BR"},{"@type":"Organization","@id":"https:\/\/transamerica93.com.br\/home\/#organization","name":"Transam\u00e9rica Mococa 93,3","url":"https:\/\/transamerica93.com.br\/home\/","logo":{"@type":"ImageObject","inLanguage":"pt-BR","@id":"https:\/\/transamerica93.com.br\/home\/#\/schema\/logo\/image\/","url":"https:\/\/transamerica93.com.br\/home\/wp-content\/uploads\/2023\/10\/logo2.png","contentUrl":"https:\/\/transamerica93.com.br\/home\/wp-content\/uploads\/2023\/10\/logo2.png","width":800,"height":500,"caption":"Transam\u00e9rica Mococa 93,3"},"image":{"@id":"https:\/\/transamerica93.com.br\/home\/#\/schema\/logo\/image\/"},"sameAs":["https:\/\/www.facebook.com\/transamericamococa","https:\/\/x.com\/transamerica933","https:\/\/www.instagram.com\/transamericamococa"]},{"@type":"Person","@id":"https:\/\/transamerica93.com.br\/home\/#\/schema\/person\/7fed7c99c0d4562efa8561bc0f543172","name":"Reda\u00e7\u00e3o","image":{"@type":"ImageObject","inLanguage":"pt-BR","@id":"https:\/\/secure.gravatar.com\/avatar\/1072c6b775fb02ef8506ce967551d95926669a6b7d2c2147b42eea4d7c68395e?s=96&d=mm&r=g","url":"https:\/\/secure.gravatar.com\/avatar\/1072c6b775fb02ef8506ce967551d95926669a6b7d2c2147b42eea4d7c68395e?s=96&d=mm&r=g","contentUrl":"https:\/\/secure.gravatar.com\/avatar\/1072c6b775fb02ef8506ce967551d95926669a6b7d2c2147b42eea4d7c68395e?s=96&d=mm&r=g","caption":"Reda\u00e7\u00e3o"},"sameAs":["https:\/\/transamerica93.com.br\/home"],"url":"https:\/\/transamerica93.com.br\/home\/author\/william\/"}]}},"_links":{"self":[{"href":"https:\/\/transamerica93.com.br\/home\/wp-json\/wp\/v2\/posts\/3726","targetHints":{"allow":["GET"]}}],"collection":[{"href":"https:\/\/transamerica93.com.br\/home\/wp-json\/wp\/v2\/posts"}],"about":[{"href":"https:\/\/transamerica93.com.br\/home\/wp-json\/wp\/v2\/types\/post"}],"author":[{"embeddable":true,"href":"https:\/\/transamerica93.com.br\/home\/wp-json\/wp\/v2\/users\/1"}],"replies":[{"embeddable":true,"href":"https:\/\/transamerica93.com.br\/home\/wp-json\/wp\/v2\/comments?post=3726"}],"version-history":[{"count":1,"href":"https:\/\/transamerica93.com.br\/home\/wp-json\/wp\/v2\/posts\/3726\/revisions"}],"predecessor-version":[{"id":3728,"href":"https:\/\/transamerica93.com.br\/home\/wp-json\/wp\/v2\/posts\/3726\/revisions\/3728"}],"wp:featuredmedia":[{"embeddable":true,"href":"https:\/\/transamerica93.com.br\/home\/wp-json\/wp\/v2\/media\/3727"}],"wp:attachment":[{"href":"https:\/\/transamerica93.com.br\/home\/wp-json\/wp\/v2\/media?parent=3726"}],"wp:term":[{"taxonomy":"category","embeddable":true,"href":"https:\/\/transamerica93.com.br\/home\/wp-json\/wp\/v2\/categories?post=3726"},{"taxonomy":"post_tag","embeddable":true,"href":"https:\/\/transamerica93.com.br\/home\/wp-json\/wp\/v2\/tags?post=3726"}],"curies":[{"name":"wp","href":"https:\/\/api.w.org\/{rel}","templated":true}]}}