{"id":3732,"date":"2024-09-03T15:00:45","date_gmt":"2024-09-03T18:00:45","guid":{"rendered":"https:\/\/transamerica93.com.br\/home\/?p=3732"},"modified":"2024-08-29T18:32:15","modified_gmt":"2024-08-29T21:32:15","slug":"morrissey-diz-que-aceitou-oferta-para-volta-dos-smiths-mas-johnny-marr-ignorou-a-oferta","status":"publish","type":"post","link":"https:\/\/transamerica93.com.br\/home\/morrissey-diz-que-aceitou-oferta-para-volta-dos-smiths-mas-johnny-marr-ignorou-a-oferta\/","title":{"rendered":"Morrissey diz que aceitou oferta para volta dos Smiths, mas Johnny Marr &#8216;ignorou a oferta&#8217;"},"content":{"rendered":"<p>Ap\u00f3s o an\u00fancio da volta do Oasis, come\u00e7aram a circular nas redes sociais pedidos para o retorno do The Smiths, uma reuni\u00e3o muito improv\u00e1vel de acontecer. No entanto, Morrissey, vocalista do grupo brit\u00e2nico criado e encerrado nos anos 1980, disse que aceitaria tocar novamente com Johnny Marr, guitarrista da banda com quem tem rela\u00e7\u00f5es cortadas.<\/p>\n<p>Em seu site, Morrissey disse que recebeu em junho uma &#8220;oferta lucrativa&#8221; para que os dois se reunissem em uma turn\u00ea mundial como The Smiths ao longo de 2025. O texto diz que ele aceitou, mas que &#8220;Marr ignorou a oferta&#8221;. Al\u00e9m disso, alfineta o ex-companheiro de banda dizendo que, enquanto Morrissey est\u00e1 em uma turn\u00ea com ingressos esgotados em novembro nos Estados Unidos, o guitarrista \u00e9 convidado de uma turn\u00ea especial do New Order.<\/p>\n<p>A quest\u00e3o do The Smiths vai al\u00e9m da separa\u00e7\u00e3o que aconteceu ainda na d\u00e9cada de 1980. Desde ent\u00e3o, a banda nunca se reuniu novamente para tocar, ao contr\u00e1rio de tantas outras que, ao menos, fizeram turn\u00eas de reencontro. Al\u00e9m da treta entre o vocalista e o guitarrista, um encontro da forma\u00e7\u00e3o original do grupo \u00e9 imposs\u00edvel de acontecer, j\u00e1 que o baixista Andy Rourke morreu em 2023.<\/p>\n<p>Al\u00e9m disso, Marr tem uma opini\u00e3o muito clara sobre o ex-colega. Em nega\u00e7\u00e3o \u00e0s insist\u00eancias de retorno da banda, o baixista publicou apenas uma imagem em sua conta no X (antigo Twitter): uma foto do pol\u00edtico brit\u00e2nico de direita Nigel Farage.<\/p>\n<p>A resposta \u00e9 uma refer\u00eancia ao posicionamento pol\u00edtico de Morrissey, do qual Marr discorda. Nigel ganhou destaque no mundo pol\u00edtico com seu posicionamento a favor do Brexit, a sa\u00edda do Reino Unido da Uni\u00e3o Europeia, que aconteceu, finalmente, em janeiro de 2020.<\/p>\n","protected":false},"excerpt":{"rendered":"<p>Ap\u00f3s o an\u00fancio da volta do Oasis, come\u00e7aram a circular nas redes sociais pedidos para o retorno do The Smiths, uma reuni\u00e3o muito improv\u00e1vel de acontecer. No entanto, Morrissey, vocalista do grupo brit\u00e2nico criado e encerrado nos anos 1980, disse que aceitaria tocar novamente com Johnny Marr, guitarrista da banda com quem tem rela\u00e7\u00f5es cortadas. &hellip;<\/p>\n","protected":false},"author":1,"featured_media":3733,"comment_status":"closed","ping_status":"closed","sticky":false,"template":"","format":"standard","meta":{"footnotes":""},"categories":[25],"tags":[],"class_list":["post-3732","post","type-post","status-publish","format-standard","has-post-thumbnail","hentry","category-musica"],"yoast_head":"<!-- This site is optimized with the Yoast SEO plugin v27.4 - https:\/\/yoast.com\/product\/yoast-seo-wordpress\/ -->\n<title>Morrissey diz que aceitou oferta para volta dos Smiths, mas Johnny Marr &#039;ignorou a oferta&#039; - Transam\u00e9rica Mococa 93,3<\/title>\n<meta name=\"robots\" content=\"index, follow, max-snippet:-1, max-image-preview:large, max-video-preview:-1\" \/>\n<link rel=\"canonical\" href=\"https:\/\/transamerica93.com.br\/home\/morrissey-diz-que-aceitou-oferta-para-volta-dos-smiths-mas-johnny-marr-ignorou-a-oferta\/\" \/>\n<meta property=\"og:locale\" content=\"pt_BR\" \/>\n<meta property=\"og:type\" content=\"article\" \/>\n<meta property=\"og:title\" content=\"Morrissey diz que aceitou oferta para volta dos Smiths, mas Johnny Marr &#039;ignorou a oferta&#039; - Transam\u00e9rica Mococa 93,3\" \/>\n<meta property=\"og:description\" content=\"Ap\u00f3s o an\u00fancio da volta do Oasis, come\u00e7aram a circular nas redes sociais pedidos para o retorno do The Smiths, uma reuni\u00e3o muito improv\u00e1vel de acontecer. No entanto, Morrissey, vocalista do grupo brit\u00e2nico criado e encerrado nos anos 1980, disse que aceitaria tocar novamente com Johnny Marr, guitarrista da banda com quem tem rela\u00e7\u00f5es cortadas. &hellip;\" \/>\n<meta property=\"og:url\" content=\"https:\/\/transamerica93.com.br\/home\/morrissey-diz-que-aceitou-oferta-para-volta-dos-smiths-mas-johnny-marr-ignorou-a-oferta\/\" \/>\n<meta property=\"og:site_name\" content=\"Transam\u00e9rica Mococa 93,3\" \/>\n<meta property=\"article:publisher\" content=\"https:\/\/www.facebook.com\/transamericamococa\" \/>\n<meta property=\"article:published_time\" content=\"2024-09-03T18:00:45+00:00\" \/>\n<meta property=\"og:image\" content=\"https:\/\/transamerica93.com.br\/home\/wp-content\/uploads\/2024\/08\/1-22.jpg\" \/>\n\t<meta property=\"og:image:width\" content=\"954\" \/>\n\t<meta property=\"og:image:height\" content=\"514\" \/>\n\t<meta property=\"og:image:type\" content=\"image\/jpeg\" \/>\n<meta name=\"author\" content=\"Reda\u00e7\u00e3o\" \/>\n<meta name=\"twitter:card\" content=\"summary_large_image\" \/>\n<meta name=\"twitter:creator\" content=\"@transamerica933\" \/>\n<meta name=\"twitter:site\" content=\"@transamerica933\" \/>\n<meta name=\"twitter:label1\" content=\"Escrito por\" \/>\n\t<meta name=\"twitter:data1\" content=\"Reda\u00e7\u00e3o\" \/>\n\t<meta name=\"twitter:label2\" content=\"Est. tempo de leitura\" \/>\n\t<meta name=\"twitter:data2\" content=\"2 minutos\" \/>\n<script type=\"application\/ld+json\" class=\"yoast-schema-graph\">{\"@context\":\"https:\\\/\\\/schema.org\",\"@graph\":[{\"@type\":\"Article\",\"@id\":\"https:\\\/\\\/transamerica93.com.br\\\/home\\\/morrissey-diz-que-aceitou-oferta-para-volta-dos-smiths-mas-johnny-marr-ignorou-a-oferta\\\/#article\",\"isPartOf\":{\"@id\":\"https:\\\/\\\/transamerica93.com.br\\\/home\\\/morrissey-diz-que-aceitou-oferta-para-volta-dos-smiths-mas-johnny-marr-ignorou-a-oferta\\\/\"},\"author\":{\"name\":\"Reda\u00e7\u00e3o\",\"@id\":\"https:\\\/\\\/transamerica93.com.br\\\/home\\\/#\\\/schema\\\/person\\\/7fed7c99c0d4562efa8561bc0f543172\"},\"headline\":\"Morrissey diz que aceitou oferta para volta dos Smiths, mas Johnny Marr &#8216;ignorou a oferta&#8217;\",\"datePublished\":\"2024-09-03T18:00:45+00:00\",\"mainEntityOfPage\":{\"@id\":\"https:\\\/\\\/transamerica93.com.br\\\/home\\\/morrissey-diz-que-aceitou-oferta-para-volta-dos-smiths-mas-johnny-marr-ignorou-a-oferta\\\/\"},\"wordCount\":316,\"publisher\":{\"@id\":\"https:\\\/\\\/transamerica93.com.br\\\/home\\\/#organization\"},\"image\":{\"@id\":\"https:\\\/\\\/transamerica93.com.br\\\/home\\\/morrissey-diz-que-aceitou-oferta-para-volta-dos-smiths-mas-johnny-marr-ignorou-a-oferta\\\/#primaryimage\"},\"thumbnailUrl\":\"https:\\\/\\\/transamerica93.com.br\\\/home\\\/wp-content\\\/uploads\\\/2024\\\/08\\\/1-22.jpg\",\"articleSection\":[\"M\u00fasica\"],\"inLanguage\":\"pt-BR\"},{\"@type\":\"WebPage\",\"@id\":\"https:\\\/\\\/transamerica93.com.br\\\/home\\\/morrissey-diz-que-aceitou-oferta-para-volta-dos-smiths-mas-johnny-marr-ignorou-a-oferta\\\/\",\"url\":\"https:\\\/\\\/transamerica93.com.br\\\/home\\\/morrissey-diz-que-aceitou-oferta-para-volta-dos-smiths-mas-johnny-marr-ignorou-a-oferta\\\/\",\"name\":\"Morrissey diz que aceitou oferta para volta dos Smiths, mas Johnny Marr 'ignorou a oferta' - Transam\u00e9rica Mococa 93,3\",\"isPartOf\":{\"@id\":\"https:\\\/\\\/transamerica93.com.br\\\/home\\\/#website\"},\"primaryImageOfPage\":{\"@id\":\"https:\\\/\\\/transamerica93.com.br\\\/home\\\/morrissey-diz-que-aceitou-oferta-para-volta-dos-smiths-mas-johnny-marr-ignorou-a-oferta\\\/#primaryimage\"},\"image\":{\"@id\":\"https:\\\/\\\/transamerica93.com.br\\\/home\\\/morrissey-diz-que-aceitou-oferta-para-volta-dos-smiths-mas-johnny-marr-ignorou-a-oferta\\\/#primaryimage\"},\"thumbnailUrl\":\"https:\\\/\\\/transamerica93.com.br\\\/home\\\/wp-content\\\/uploads\\\/2024\\\/08\\\/1-22.jpg\",\"datePublished\":\"2024-09-03T18:00:45+00:00\",\"breadcrumb\":{\"@id\":\"https:\\\/\\\/transamerica93.com.br\\\/home\\\/morrissey-diz-que-aceitou-oferta-para-volta-dos-smiths-mas-johnny-marr-ignorou-a-oferta\\\/#breadcrumb\"},\"inLanguage\":\"pt-BR\",\"potentialAction\":[{\"@type\":\"ReadAction\",\"target\":[\"https:\\\/\\\/transamerica93.com.br\\\/home\\\/morrissey-diz-que-aceitou-oferta-para-volta-dos-smiths-mas-johnny-marr-ignorou-a-oferta\\\/\"]}]},{\"@type\":\"ImageObject\",\"inLanguage\":\"pt-BR\",\"@id\":\"https:\\\/\\\/transamerica93.com.br\\\/home\\\/morrissey-diz-que-aceitou-oferta-para-volta-dos-smiths-mas-johnny-marr-ignorou-a-oferta\\\/#primaryimage\",\"url\":\"https:\\\/\\\/transamerica93.com.br\\\/home\\\/wp-content\\\/uploads\\\/2024\\\/08\\\/1-22.jpg\",\"contentUrl\":\"https:\\\/\\\/transamerica93.com.br\\\/home\\\/wp-content\\\/uploads\\\/2024\\\/08\\\/1-22.jpg\",\"width\":954,\"height\":514,\"caption\":\"Cr\u00e9dito: Divulga\u00e7ao\"},{\"@type\":\"BreadcrumbList\",\"@id\":\"https:\\\/\\\/transamerica93.com.br\\\/home\\\/morrissey-diz-que-aceitou-oferta-para-volta-dos-smiths-mas-johnny-marr-ignorou-a-oferta\\\/#breadcrumb\",\"itemListElement\":[{\"@type\":\"ListItem\",\"position\":1,\"name\":\"In\u00edcio\",\"item\":\"https:\\\/\\\/transamerica93.com.br\\\/home\\\/\"},{\"@type\":\"ListItem\",\"position\":2,\"name\":\"Morrissey diz que aceitou oferta para volta dos Smiths, mas Johnny Marr &#8216;ignorou a oferta&#8217;\"}]},{\"@type\":\"WebSite\",\"@id\":\"https:\\\/\\\/transamerica93.com.br\\\/home\\\/#website\",\"url\":\"https:\\\/\\\/transamerica93.com.br\\\/home\\\/\",\"name\":\"Transam\u00e9rica Mococa 93,3\",\"description\":\"\",\"publisher\":{\"@id\":\"https:\\\/\\\/transamerica93.com.br\\\/home\\\/#organization\"},\"potentialAction\":[{\"@type\":\"SearchAction\",\"target\":{\"@type\":\"EntryPoint\",\"urlTemplate\":\"https:\\\/\\\/transamerica93.com.br\\\/home\\\/?s={search_term_string}\"},\"query-input\":{\"@type\":\"PropertyValueSpecification\",\"valueRequired\":true,\"valueName\":\"search_term_string\"}}],\"inLanguage\":\"pt-BR\"},{\"@type\":\"Organization\",\"@id\":\"https:\\\/\\\/transamerica93.com.br\\\/home\\\/#organization\",\"name\":\"Transam\u00e9rica Mococa 93,3\",\"url\":\"https:\\\/\\\/transamerica93.com.br\\\/home\\\/\",\"logo\":{\"@type\":\"ImageObject\",\"inLanguage\":\"pt-BR\",\"@id\":\"https:\\\/\\\/transamerica93.com.br\\\/home\\\/#\\\/schema\\\/logo\\\/image\\\/\",\"url\":\"https:\\\/\\\/transamerica93.com.br\\\/home\\\/wp-content\\\/uploads\\\/2023\\\/10\\\/logo2.png\",\"contentUrl\":\"https:\\\/\\\/transamerica93.com.br\\\/home\\\/wp-content\\\/uploads\\\/2023\\\/10\\\/logo2.png\",\"width\":800,\"height\":500,\"caption\":\"Transam\u00e9rica Mococa 93,3\"},\"image\":{\"@id\":\"https:\\\/\\\/transamerica93.com.br\\\/home\\\/#\\\/schema\\\/logo\\\/image\\\/\"},\"sameAs\":[\"https:\\\/\\\/www.facebook.com\\\/transamericamococa\",\"https:\\\/\\\/x.com\\\/transamerica933\",\"https:\\\/\\\/www.instagram.com\\\/transamericamococa\"]},{\"@type\":\"Person\",\"@id\":\"https:\\\/\\\/transamerica93.com.br\\\/home\\\/#\\\/schema\\\/person\\\/7fed7c99c0d4562efa8561bc0f543172\",\"name\":\"Reda\u00e7\u00e3o\",\"image\":{\"@type\":\"ImageObject\",\"inLanguage\":\"pt-BR\",\"@id\":\"https:\\\/\\\/secure.gravatar.com\\\/avatar\\\/1072c6b775fb02ef8506ce967551d95926669a6b7d2c2147b42eea4d7c68395e?s=96&d=mm&r=g\",\"url\":\"https:\\\/\\\/secure.gravatar.com\\\/avatar\\\/1072c6b775fb02ef8506ce967551d95926669a6b7d2c2147b42eea4d7c68395e?s=96&d=mm&r=g\",\"contentUrl\":\"https:\\\/\\\/secure.gravatar.com\\\/avatar\\\/1072c6b775fb02ef8506ce967551d95926669a6b7d2c2147b42eea4d7c68395e?s=96&d=mm&r=g\",\"caption\":\"Reda\u00e7\u00e3o\"},\"sameAs\":[\"https:\\\/\\\/transamerica93.com.br\\\/home\"],\"url\":\"https:\\\/\\\/transamerica93.com.br\\\/home\\\/author\\\/william\\\/\"}]}<\/script>\n<!-- \/ Yoast SEO plugin. -->","yoast_head_json":{"title":"Morrissey diz que aceitou oferta para volta dos Smiths, mas Johnny Marr 'ignorou a oferta' - Transam\u00e9rica Mococa 93,3","robots":{"index":"index","follow":"follow","max-snippet":"max-snippet:-1","max-image-preview":"max-image-preview:large","max-video-preview":"max-video-preview:-1"},"canonical":"https:\/\/transamerica93.com.br\/home\/morrissey-diz-que-aceitou-oferta-para-volta-dos-smiths-mas-johnny-marr-ignorou-a-oferta\/","og_locale":"pt_BR","og_type":"article","og_title":"Morrissey diz que aceitou oferta para volta dos Smiths, mas Johnny Marr 'ignorou a oferta' - Transam\u00e9rica Mococa 93,3","og_description":"Ap\u00f3s o an\u00fancio da volta do Oasis, come\u00e7aram a circular nas redes sociais pedidos para o retorno do The Smiths, uma reuni\u00e3o muito improv\u00e1vel de acontecer. No entanto, Morrissey, vocalista do grupo brit\u00e2nico criado e encerrado nos anos 1980, disse que aceitaria tocar novamente com Johnny Marr, guitarrista da banda com quem tem rela\u00e7\u00f5es cortadas. &hellip;","og_url":"https:\/\/transamerica93.com.br\/home\/morrissey-diz-que-aceitou-oferta-para-volta-dos-smiths-mas-johnny-marr-ignorou-a-oferta\/","og_site_name":"Transam\u00e9rica Mococa 93,3","article_publisher":"https:\/\/www.facebook.com\/transamericamococa","article_published_time":"2024-09-03T18:00:45+00:00","og_image":[{"width":954,"height":514,"url":"https:\/\/transamerica93.com.br\/home\/wp-content\/uploads\/2024\/08\/1-22.jpg","type":"image\/jpeg"}],"author":"Reda\u00e7\u00e3o","twitter_card":"summary_large_image","twitter_creator":"@transamerica933","twitter_site":"@transamerica933","twitter_misc":{"Escrito por":"Reda\u00e7\u00e3o","Est. tempo de leitura":"2 minutos"},"schema":{"@context":"https:\/\/schema.org","@graph":[{"@type":"Article","@id":"https:\/\/transamerica93.com.br\/home\/morrissey-diz-que-aceitou-oferta-para-volta-dos-smiths-mas-johnny-marr-ignorou-a-oferta\/#article","isPartOf":{"@id":"https:\/\/transamerica93.com.br\/home\/morrissey-diz-que-aceitou-oferta-para-volta-dos-smiths-mas-johnny-marr-ignorou-a-oferta\/"},"author":{"name":"Reda\u00e7\u00e3o","@id":"https:\/\/transamerica93.com.br\/home\/#\/schema\/person\/7fed7c99c0d4562efa8561bc0f543172"},"headline":"Morrissey diz que aceitou oferta para volta dos Smiths, mas Johnny Marr &#8216;ignorou a oferta&#8217;","datePublished":"2024-09-03T18:00:45+00:00","mainEntityOfPage":{"@id":"https:\/\/transamerica93.com.br\/home\/morrissey-diz-que-aceitou-oferta-para-volta-dos-smiths-mas-johnny-marr-ignorou-a-oferta\/"},"wordCount":316,"publisher":{"@id":"https:\/\/transamerica93.com.br\/home\/#organization"},"image":{"@id":"https:\/\/transamerica93.com.br\/home\/morrissey-diz-que-aceitou-oferta-para-volta-dos-smiths-mas-johnny-marr-ignorou-a-oferta\/#primaryimage"},"thumbnailUrl":"https:\/\/transamerica93.com.br\/home\/wp-content\/uploads\/2024\/08\/1-22.jpg","articleSection":["M\u00fasica"],"inLanguage":"pt-BR"},{"@type":"WebPage","@id":"https:\/\/transamerica93.com.br\/home\/morrissey-diz-que-aceitou-oferta-para-volta-dos-smiths-mas-johnny-marr-ignorou-a-oferta\/","url":"https:\/\/transamerica93.com.br\/home\/morrissey-diz-que-aceitou-oferta-para-volta-dos-smiths-mas-johnny-marr-ignorou-a-oferta\/","name":"Morrissey diz que aceitou oferta para volta dos Smiths, mas Johnny Marr 'ignorou a oferta' - Transam\u00e9rica Mococa 93,3","isPartOf":{"@id":"https:\/\/transamerica93.com.br\/home\/#website"},"primaryImageOfPage":{"@id":"https:\/\/transamerica93.com.br\/home\/morrissey-diz-que-aceitou-oferta-para-volta-dos-smiths-mas-johnny-marr-ignorou-a-oferta\/#primaryimage"},"image":{"@id":"https:\/\/transamerica93.com.br\/home\/morrissey-diz-que-aceitou-oferta-para-volta-dos-smiths-mas-johnny-marr-ignorou-a-oferta\/#primaryimage"},"thumbnailUrl":"https:\/\/transamerica93.com.br\/home\/wp-content\/uploads\/2024\/08\/1-22.jpg","datePublished":"2024-09-03T18:00:45+00:00","breadcrumb":{"@id":"https:\/\/transamerica93.com.br\/home\/morrissey-diz-que-aceitou-oferta-para-volta-dos-smiths-mas-johnny-marr-ignorou-a-oferta\/#breadcrumb"},"inLanguage":"pt-BR","potentialAction":[{"@type":"ReadAction","target":["https:\/\/transamerica93.com.br\/home\/morrissey-diz-que-aceitou-oferta-para-volta-dos-smiths-mas-johnny-marr-ignorou-a-oferta\/"]}]},{"@type":"ImageObject","inLanguage":"pt-BR","@id":"https:\/\/transamerica93.com.br\/home\/morrissey-diz-que-aceitou-oferta-para-volta-dos-smiths-mas-johnny-marr-ignorou-a-oferta\/#primaryimage","url":"https:\/\/transamerica93.com.br\/home\/wp-content\/uploads\/2024\/08\/1-22.jpg","contentUrl":"https:\/\/transamerica93.com.br\/home\/wp-content\/uploads\/2024\/08\/1-22.jpg","width":954,"height":514,"caption":"Cr\u00e9dito: Divulga\u00e7ao"},{"@type":"BreadcrumbList","@id":"https:\/\/transamerica93.com.br\/home\/morrissey-diz-que-aceitou-oferta-para-volta-dos-smiths-mas-johnny-marr-ignorou-a-oferta\/#breadcrumb","itemListElement":[{"@type":"ListItem","position":1,"name":"In\u00edcio","item":"https:\/\/transamerica93.com.br\/home\/"},{"@type":"ListItem","position":2,"name":"Morrissey diz que aceitou oferta para volta dos Smiths, mas Johnny Marr &#8216;ignorou a oferta&#8217;"}]},{"@type":"WebSite","@id":"https:\/\/transamerica93.com.br\/home\/#website","url":"https:\/\/transamerica93.com.br\/home\/","name":"Transam\u00e9rica Mococa 93,3","description":"","publisher":{"@id":"https:\/\/transamerica93.com.br\/home\/#organization"},"potentialAction":[{"@type":"SearchAction","target":{"@type":"EntryPoint","urlTemplate":"https:\/\/transamerica93.com.br\/home\/?s={search_term_string}"},"query-input":{"@type":"PropertyValueSpecification","valueRequired":true,"valueName":"search_term_string"}}],"inLanguage":"pt-BR"},{"@type":"Organization","@id":"https:\/\/transamerica93.com.br\/home\/#organization","name":"Transam\u00e9rica Mococa 93,3","url":"https:\/\/transamerica93.com.br\/home\/","logo":{"@type":"ImageObject","inLanguage":"pt-BR","@id":"https:\/\/transamerica93.com.br\/home\/#\/schema\/logo\/image\/","url":"https:\/\/transamerica93.com.br\/home\/wp-content\/uploads\/2023\/10\/logo2.png","contentUrl":"https:\/\/transamerica93.com.br\/home\/wp-content\/uploads\/2023\/10\/logo2.png","width":800,"height":500,"caption":"Transam\u00e9rica Mococa 93,3"},"image":{"@id":"https:\/\/transamerica93.com.br\/home\/#\/schema\/logo\/image\/"},"sameAs":["https:\/\/www.facebook.com\/transamericamococa","https:\/\/x.com\/transamerica933","https:\/\/www.instagram.com\/transamericamococa"]},{"@type":"Person","@id":"https:\/\/transamerica93.com.br\/home\/#\/schema\/person\/7fed7c99c0d4562efa8561bc0f543172","name":"Reda\u00e7\u00e3o","image":{"@type":"ImageObject","inLanguage":"pt-BR","@id":"https:\/\/secure.gravatar.com\/avatar\/1072c6b775fb02ef8506ce967551d95926669a6b7d2c2147b42eea4d7c68395e?s=96&d=mm&r=g","url":"https:\/\/secure.gravatar.com\/avatar\/1072c6b775fb02ef8506ce967551d95926669a6b7d2c2147b42eea4d7c68395e?s=96&d=mm&r=g","contentUrl":"https:\/\/secure.gravatar.com\/avatar\/1072c6b775fb02ef8506ce967551d95926669a6b7d2c2147b42eea4d7c68395e?s=96&d=mm&r=g","caption":"Reda\u00e7\u00e3o"},"sameAs":["https:\/\/transamerica93.com.br\/home"],"url":"https:\/\/transamerica93.com.br\/home\/author\/william\/"}]}},"_links":{"self":[{"href":"https:\/\/transamerica93.com.br\/home\/wp-json\/wp\/v2\/posts\/3732","targetHints":{"allow":["GET"]}}],"collection":[{"href":"https:\/\/transamerica93.com.br\/home\/wp-json\/wp\/v2\/posts"}],"about":[{"href":"https:\/\/transamerica93.com.br\/home\/wp-json\/wp\/v2\/types\/post"}],"author":[{"embeddable":true,"href":"https:\/\/transamerica93.com.br\/home\/wp-json\/wp\/v2\/users\/1"}],"replies":[{"embeddable":true,"href":"https:\/\/transamerica93.com.br\/home\/wp-json\/wp\/v2\/comments?post=3732"}],"version-history":[{"count":1,"href":"https:\/\/transamerica93.com.br\/home\/wp-json\/wp\/v2\/posts\/3732\/revisions"}],"predecessor-version":[{"id":3734,"href":"https:\/\/transamerica93.com.br\/home\/wp-json\/wp\/v2\/posts\/3732\/revisions\/3734"}],"wp:featuredmedia":[{"embeddable":true,"href":"https:\/\/transamerica93.com.br\/home\/wp-json\/wp\/v2\/media\/3733"}],"wp:attachment":[{"href":"https:\/\/transamerica93.com.br\/home\/wp-json\/wp\/v2\/media?parent=3732"}],"wp:term":[{"taxonomy":"category","embeddable":true,"href":"https:\/\/transamerica93.com.br\/home\/wp-json\/wp\/v2\/categories?post=3732"},{"taxonomy":"post_tag","embeddable":true,"href":"https:\/\/transamerica93.com.br\/home\/wp-json\/wp\/v2\/tags?post=3732"}],"curies":[{"name":"wp","href":"https:\/\/api.w.org\/{rel}","templated":true}]}}