{"id":3743,"date":"2024-09-02T18:00:57","date_gmt":"2024-09-02T21:00:57","guid":{"rendered":"https:\/\/transamerica93.com.br\/home\/?p=3743"},"modified":"2024-08-29T18:44:57","modified_gmt":"2024-08-29T21:44:57","slug":"desfecho-para-egidio-no-final-de-renascer-sera-diferente-da-versao-original","status":"publish","type":"post","link":"https:\/\/transamerica93.com.br\/home\/desfecho-para-egidio-no-final-de-renascer-sera-diferente-da-versao-original\/","title":{"rendered":"Desfecho para Eg\u00eddio no final de &#8216;Renascer\u2019 ser\u00e1 diferente da vers\u00e3o original"},"content":{"rendered":"<div id=\"Corpo\">\n<h6 class=\"Assina\">Por Sabrina Legramandi<\/h6>\n<p>O remake de\u00a0<i>Renascer<\/i>\u00a0est\u00e1 cada vez mais pr\u00f3ximo de um desfecho final e muitos telespectadores aguardam ansiosos para saber o final de Eg\u00eddio, vil\u00e3o interpretado por Vladimir Brichta. O coronel ter\u00e1 um fim diferente de Teodoro, nome do personagem na vers\u00e3o original de Benedito Ruy Barbosa. A adapta\u00e7\u00e3o de Bruno Luperi ter\u00e1 o \u00faltimo epis\u00f3dio exibido no dia 6 de setembro.<\/p>\n<p>Na vers\u00e3o de Ruy Barbosa, Teodoro, interpretado por Herson Capri, \u00e9 v\u00edtima de uma tocaia. Na ocasi\u00e3o, o personagem passava pela planta\u00e7\u00e3o de cacau de Jos\u00e9 Inoc\u00eancio. O assassino n\u00e3o \u00e9 revelado ao p\u00fablico, mas o vil\u00e3o consegue v\u00ea-lo antes de morrer e grita: &#8220;\u00c9 voc\u00ea, maldito&#8221;.<\/p>\n<p>Ap\u00f3s a morte, Eliana, vivida por Patricia Pillar na primeira vers\u00e3o, herda as terras do coronel e se torna fazendeira. Ela revela que, na verdade, estava gr\u00e1vida de Dami\u00e3o, personagem de Jackson Antunes na hist\u00f3ria de Ruy Barbosa.<\/p>\n<p>Bruno Luperi resolveu dar um desfecho diferente, mas ainda tr\u00e1gico, ao vil\u00e3o, segundo o\u00a0<i>Gshow<\/i>. Antes de seu fim, Eg\u00eddio vai se casar com Eliana (Sophie Charlotte) e vai humilhar Dami\u00e3o (Xam\u00e3). Ele ter\u00e1 de ser padrinho do casal e ser\u00e1 respons\u00e1vel por levar as alian\u00e7as ao altar.<\/p>\n<p>O coronel tamb\u00e9m deve morrer na nova vers\u00e3o. A cena, por\u00e9m, ainda n\u00e3o foi revelada pela Rede Globo.<\/p>\n<p><i>Renascer<\/i>\u00a0ser\u00e1 substitu\u00edda por\u00a0<i>Mania de Voc\u00ea<\/i>, de Jo\u00e3o Emanuel Carneiro, a partir do dia 9 de setembro. O autor \u00e9 respons\u00e1vel por sucessos como\u00a0<i>Avenida Brasil<\/i>\u00a0(2012) e\u00a0<i>A Favorita<\/i>\u00a0(2008).<\/div>\n","protected":false},"excerpt":{"rendered":"<p>Por Sabrina Legramandi O remake de\u00a0Renascer\u00a0est\u00e1 cada vez mais pr\u00f3ximo de um desfecho final e muitos telespectadores aguardam ansiosos para saber o final de Eg\u00eddio, vil\u00e3o interpretado por Vladimir Brichta. O coronel ter\u00e1 um fim diferente de Teodoro, nome do personagem na vers\u00e3o original de Benedito Ruy Barbosa. A adapta\u00e7\u00e3o de Bruno Luperi ter\u00e1 o &hellip;<\/p>\n","protected":false},"author":1,"featured_media":3744,"comment_status":"closed","ping_status":"closed","sticky":false,"template":"","format":"standard","meta":{"footnotes":""},"categories":[24],"tags":[],"class_list":["post-3743","post","type-post","status-publish","format-standard","has-post-thumbnail","hentry","category-entretenimento"],"yoast_head":"<!-- This site is optimized with the Yoast SEO plugin v27.4 - https:\/\/yoast.com\/product\/yoast-seo-wordpress\/ -->\n<title>Desfecho para Eg\u00eddio no final de &#039;Renascer\u2019 ser\u00e1 diferente da vers\u00e3o original - Transam\u00e9rica Mococa 93,3<\/title>\n<meta name=\"robots\" content=\"index, follow, max-snippet:-1, max-image-preview:large, max-video-preview:-1\" \/>\n<link rel=\"canonical\" href=\"https:\/\/transamerica93.com.br\/home\/desfecho-para-egidio-no-final-de-renascer-sera-diferente-da-versao-original\/\" \/>\n<meta property=\"og:locale\" content=\"pt_BR\" \/>\n<meta property=\"og:type\" content=\"article\" \/>\n<meta property=\"og:title\" content=\"Desfecho para Eg\u00eddio no final de &#039;Renascer\u2019 ser\u00e1 diferente da vers\u00e3o original - Transam\u00e9rica Mococa 93,3\" \/>\n<meta property=\"og:description\" content=\"Por Sabrina Legramandi O remake de\u00a0Renascer\u00a0est\u00e1 cada vez mais pr\u00f3ximo de um desfecho final e muitos telespectadores aguardam ansiosos para saber o final de Eg\u00eddio, vil\u00e3o interpretado por Vladimir Brichta. O coronel ter\u00e1 um fim diferente de Teodoro, nome do personagem na vers\u00e3o original de Benedito Ruy Barbosa. A adapta\u00e7\u00e3o de Bruno Luperi ter\u00e1 o &hellip;\" \/>\n<meta property=\"og:url\" content=\"https:\/\/transamerica93.com.br\/home\/desfecho-para-egidio-no-final-de-renascer-sera-diferente-da-versao-original\/\" \/>\n<meta property=\"og:site_name\" content=\"Transam\u00e9rica Mococa 93,3\" \/>\n<meta property=\"article:publisher\" content=\"https:\/\/www.facebook.com\/transamericamococa\" \/>\n<meta property=\"article:published_time\" content=\"2024-09-02T21:00:57+00:00\" \/>\n<meta property=\"og:image\" content=\"https:\/\/transamerica93.com.br\/home\/wp-content\/uploads\/2024\/08\/1-25.jpg\" \/>\n\t<meta property=\"og:image:width\" content=\"1638\" \/>\n\t<meta property=\"og:image:height\" content=\"938\" \/>\n\t<meta property=\"og:image:type\" content=\"image\/jpeg\" \/>\n<meta name=\"author\" content=\"Reda\u00e7\u00e3o\" \/>\n<meta name=\"twitter:card\" content=\"summary_large_image\" \/>\n<meta name=\"twitter:creator\" content=\"@transamerica933\" \/>\n<meta name=\"twitter:site\" content=\"@transamerica933\" \/>\n<meta name=\"twitter:label1\" content=\"Escrito por\" \/>\n\t<meta name=\"twitter:data1\" content=\"Reda\u00e7\u00e3o\" \/>\n\t<meta name=\"twitter:label2\" content=\"Est. tempo de leitura\" \/>\n\t<meta name=\"twitter:data2\" content=\"2 minutos\" \/>\n<script type=\"application\/ld+json\" class=\"yoast-schema-graph\">{\"@context\":\"https:\\\/\\\/schema.org\",\"@graph\":[{\"@type\":\"Article\",\"@id\":\"https:\\\/\\\/transamerica93.com.br\\\/home\\\/desfecho-para-egidio-no-final-de-renascer-sera-diferente-da-versao-original\\\/#article\",\"isPartOf\":{\"@id\":\"https:\\\/\\\/transamerica93.com.br\\\/home\\\/desfecho-para-egidio-no-final-de-renascer-sera-diferente-da-versao-original\\\/\"},\"author\":{\"name\":\"Reda\u00e7\u00e3o\",\"@id\":\"https:\\\/\\\/transamerica93.com.br\\\/home\\\/#\\\/schema\\\/person\\\/7fed7c99c0d4562efa8561bc0f543172\"},\"headline\":\"Desfecho para Eg\u00eddio no final de &#8216;Renascer\u2019 ser\u00e1 diferente da vers\u00e3o original\",\"datePublished\":\"2024-09-02T21:00:57+00:00\",\"mainEntityOfPage\":{\"@id\":\"https:\\\/\\\/transamerica93.com.br\\\/home\\\/desfecho-para-egidio-no-final-de-renascer-sera-diferente-da-versao-original\\\/\"},\"wordCount\":287,\"publisher\":{\"@id\":\"https:\\\/\\\/transamerica93.com.br\\\/home\\\/#organization\"},\"image\":{\"@id\":\"https:\\\/\\\/transamerica93.com.br\\\/home\\\/desfecho-para-egidio-no-final-de-renascer-sera-diferente-da-versao-original\\\/#primaryimage\"},\"thumbnailUrl\":\"https:\\\/\\\/transamerica93.com.br\\\/home\\\/wp-content\\\/uploads\\\/2024\\\/08\\\/1-25.jpg\",\"articleSection\":[\"Entretenimento\"],\"inLanguage\":\"pt-BR\"},{\"@type\":\"WebPage\",\"@id\":\"https:\\\/\\\/transamerica93.com.br\\\/home\\\/desfecho-para-egidio-no-final-de-renascer-sera-diferente-da-versao-original\\\/\",\"url\":\"https:\\\/\\\/transamerica93.com.br\\\/home\\\/desfecho-para-egidio-no-final-de-renascer-sera-diferente-da-versao-original\\\/\",\"name\":\"Desfecho para Eg\u00eddio no final de 'Renascer\u2019 ser\u00e1 diferente da vers\u00e3o original - Transam\u00e9rica Mococa 93,3\",\"isPartOf\":{\"@id\":\"https:\\\/\\\/transamerica93.com.br\\\/home\\\/#website\"},\"primaryImageOfPage\":{\"@id\":\"https:\\\/\\\/transamerica93.com.br\\\/home\\\/desfecho-para-egidio-no-final-de-renascer-sera-diferente-da-versao-original\\\/#primaryimage\"},\"image\":{\"@id\":\"https:\\\/\\\/transamerica93.com.br\\\/home\\\/desfecho-para-egidio-no-final-de-renascer-sera-diferente-da-versao-original\\\/#primaryimage\"},\"thumbnailUrl\":\"https:\\\/\\\/transamerica93.com.br\\\/home\\\/wp-content\\\/uploads\\\/2024\\\/08\\\/1-25.jpg\",\"datePublished\":\"2024-09-02T21:00:57+00:00\",\"breadcrumb\":{\"@id\":\"https:\\\/\\\/transamerica93.com.br\\\/home\\\/desfecho-para-egidio-no-final-de-renascer-sera-diferente-da-versao-original\\\/#breadcrumb\"},\"inLanguage\":\"pt-BR\",\"potentialAction\":[{\"@type\":\"ReadAction\",\"target\":[\"https:\\\/\\\/transamerica93.com.br\\\/home\\\/desfecho-para-egidio-no-final-de-renascer-sera-diferente-da-versao-original\\\/\"]}]},{\"@type\":\"ImageObject\",\"inLanguage\":\"pt-BR\",\"@id\":\"https:\\\/\\\/transamerica93.com.br\\\/home\\\/desfecho-para-egidio-no-final-de-renascer-sera-diferente-da-versao-original\\\/#primaryimage\",\"url\":\"https:\\\/\\\/transamerica93.com.br\\\/home\\\/wp-content\\\/uploads\\\/2024\\\/08\\\/1-25.jpg\",\"contentUrl\":\"https:\\\/\\\/transamerica93.com.br\\\/home\\\/wp-content\\\/uploads\\\/2024\\\/08\\\/1-25.jpg\",\"width\":1638,\"height\":938,\"caption\":\"Reprodu\u00e7\u00e3o\\\/TV Globo\"},{\"@type\":\"BreadcrumbList\",\"@id\":\"https:\\\/\\\/transamerica93.com.br\\\/home\\\/desfecho-para-egidio-no-final-de-renascer-sera-diferente-da-versao-original\\\/#breadcrumb\",\"itemListElement\":[{\"@type\":\"ListItem\",\"position\":1,\"name\":\"In\u00edcio\",\"item\":\"https:\\\/\\\/transamerica93.com.br\\\/home\\\/\"},{\"@type\":\"ListItem\",\"position\":2,\"name\":\"Desfecho para Eg\u00eddio no final de &#8216;Renascer\u2019 ser\u00e1 diferente da vers\u00e3o original\"}]},{\"@type\":\"WebSite\",\"@id\":\"https:\\\/\\\/transamerica93.com.br\\\/home\\\/#website\",\"url\":\"https:\\\/\\\/transamerica93.com.br\\\/home\\\/\",\"name\":\"Transam\u00e9rica Mococa 93,3\",\"description\":\"\",\"publisher\":{\"@id\":\"https:\\\/\\\/transamerica93.com.br\\\/home\\\/#organization\"},\"potentialAction\":[{\"@type\":\"SearchAction\",\"target\":{\"@type\":\"EntryPoint\",\"urlTemplate\":\"https:\\\/\\\/transamerica93.com.br\\\/home\\\/?s={search_term_string}\"},\"query-input\":{\"@type\":\"PropertyValueSpecification\",\"valueRequired\":true,\"valueName\":\"search_term_string\"}}],\"inLanguage\":\"pt-BR\"},{\"@type\":\"Organization\",\"@id\":\"https:\\\/\\\/transamerica93.com.br\\\/home\\\/#organization\",\"name\":\"Transam\u00e9rica Mococa 93,3\",\"url\":\"https:\\\/\\\/transamerica93.com.br\\\/home\\\/\",\"logo\":{\"@type\":\"ImageObject\",\"inLanguage\":\"pt-BR\",\"@id\":\"https:\\\/\\\/transamerica93.com.br\\\/home\\\/#\\\/schema\\\/logo\\\/image\\\/\",\"url\":\"https:\\\/\\\/transamerica93.com.br\\\/home\\\/wp-content\\\/uploads\\\/2023\\\/10\\\/logo2.png\",\"contentUrl\":\"https:\\\/\\\/transamerica93.com.br\\\/home\\\/wp-content\\\/uploads\\\/2023\\\/10\\\/logo2.png\",\"width\":800,\"height\":500,\"caption\":\"Transam\u00e9rica Mococa 93,3\"},\"image\":{\"@id\":\"https:\\\/\\\/transamerica93.com.br\\\/home\\\/#\\\/schema\\\/logo\\\/image\\\/\"},\"sameAs\":[\"https:\\\/\\\/www.facebook.com\\\/transamericamococa\",\"https:\\\/\\\/x.com\\\/transamerica933\",\"https:\\\/\\\/www.instagram.com\\\/transamericamococa\"]},{\"@type\":\"Person\",\"@id\":\"https:\\\/\\\/transamerica93.com.br\\\/home\\\/#\\\/schema\\\/person\\\/7fed7c99c0d4562efa8561bc0f543172\",\"name\":\"Reda\u00e7\u00e3o\",\"image\":{\"@type\":\"ImageObject\",\"inLanguage\":\"pt-BR\",\"@id\":\"https:\\\/\\\/secure.gravatar.com\\\/avatar\\\/1072c6b775fb02ef8506ce967551d95926669a6b7d2c2147b42eea4d7c68395e?s=96&d=mm&r=g\",\"url\":\"https:\\\/\\\/secure.gravatar.com\\\/avatar\\\/1072c6b775fb02ef8506ce967551d95926669a6b7d2c2147b42eea4d7c68395e?s=96&d=mm&r=g\",\"contentUrl\":\"https:\\\/\\\/secure.gravatar.com\\\/avatar\\\/1072c6b775fb02ef8506ce967551d95926669a6b7d2c2147b42eea4d7c68395e?s=96&d=mm&r=g\",\"caption\":\"Reda\u00e7\u00e3o\"},\"sameAs\":[\"https:\\\/\\\/transamerica93.com.br\\\/home\"],\"url\":\"https:\\\/\\\/transamerica93.com.br\\\/home\\\/author\\\/william\\\/\"}]}<\/script>\n<!-- \/ Yoast SEO plugin. -->","yoast_head_json":{"title":"Desfecho para Eg\u00eddio no final de 'Renascer\u2019 ser\u00e1 diferente da vers\u00e3o original - Transam\u00e9rica Mococa 93,3","robots":{"index":"index","follow":"follow","max-snippet":"max-snippet:-1","max-image-preview":"max-image-preview:large","max-video-preview":"max-video-preview:-1"},"canonical":"https:\/\/transamerica93.com.br\/home\/desfecho-para-egidio-no-final-de-renascer-sera-diferente-da-versao-original\/","og_locale":"pt_BR","og_type":"article","og_title":"Desfecho para Eg\u00eddio no final de 'Renascer\u2019 ser\u00e1 diferente da vers\u00e3o original - Transam\u00e9rica Mococa 93,3","og_description":"Por Sabrina Legramandi O remake de\u00a0Renascer\u00a0est\u00e1 cada vez mais pr\u00f3ximo de um desfecho final e muitos telespectadores aguardam ansiosos para saber o final de Eg\u00eddio, vil\u00e3o interpretado por Vladimir Brichta. O coronel ter\u00e1 um fim diferente de Teodoro, nome do personagem na vers\u00e3o original de Benedito Ruy Barbosa. A adapta\u00e7\u00e3o de Bruno Luperi ter\u00e1 o &hellip;","og_url":"https:\/\/transamerica93.com.br\/home\/desfecho-para-egidio-no-final-de-renascer-sera-diferente-da-versao-original\/","og_site_name":"Transam\u00e9rica Mococa 93,3","article_publisher":"https:\/\/www.facebook.com\/transamericamococa","article_published_time":"2024-09-02T21:00:57+00:00","og_image":[{"width":1638,"height":938,"url":"https:\/\/transamerica93.com.br\/home\/wp-content\/uploads\/2024\/08\/1-25.jpg","type":"image\/jpeg"}],"author":"Reda\u00e7\u00e3o","twitter_card":"summary_large_image","twitter_creator":"@transamerica933","twitter_site":"@transamerica933","twitter_misc":{"Escrito por":"Reda\u00e7\u00e3o","Est. tempo de leitura":"2 minutos"},"schema":{"@context":"https:\/\/schema.org","@graph":[{"@type":"Article","@id":"https:\/\/transamerica93.com.br\/home\/desfecho-para-egidio-no-final-de-renascer-sera-diferente-da-versao-original\/#article","isPartOf":{"@id":"https:\/\/transamerica93.com.br\/home\/desfecho-para-egidio-no-final-de-renascer-sera-diferente-da-versao-original\/"},"author":{"name":"Reda\u00e7\u00e3o","@id":"https:\/\/transamerica93.com.br\/home\/#\/schema\/person\/7fed7c99c0d4562efa8561bc0f543172"},"headline":"Desfecho para Eg\u00eddio no final de &#8216;Renascer\u2019 ser\u00e1 diferente da vers\u00e3o original","datePublished":"2024-09-02T21:00:57+00:00","mainEntityOfPage":{"@id":"https:\/\/transamerica93.com.br\/home\/desfecho-para-egidio-no-final-de-renascer-sera-diferente-da-versao-original\/"},"wordCount":287,"publisher":{"@id":"https:\/\/transamerica93.com.br\/home\/#organization"},"image":{"@id":"https:\/\/transamerica93.com.br\/home\/desfecho-para-egidio-no-final-de-renascer-sera-diferente-da-versao-original\/#primaryimage"},"thumbnailUrl":"https:\/\/transamerica93.com.br\/home\/wp-content\/uploads\/2024\/08\/1-25.jpg","articleSection":["Entretenimento"],"inLanguage":"pt-BR"},{"@type":"WebPage","@id":"https:\/\/transamerica93.com.br\/home\/desfecho-para-egidio-no-final-de-renascer-sera-diferente-da-versao-original\/","url":"https:\/\/transamerica93.com.br\/home\/desfecho-para-egidio-no-final-de-renascer-sera-diferente-da-versao-original\/","name":"Desfecho para Eg\u00eddio no final de 'Renascer\u2019 ser\u00e1 diferente da vers\u00e3o original - Transam\u00e9rica Mococa 93,3","isPartOf":{"@id":"https:\/\/transamerica93.com.br\/home\/#website"},"primaryImageOfPage":{"@id":"https:\/\/transamerica93.com.br\/home\/desfecho-para-egidio-no-final-de-renascer-sera-diferente-da-versao-original\/#primaryimage"},"image":{"@id":"https:\/\/transamerica93.com.br\/home\/desfecho-para-egidio-no-final-de-renascer-sera-diferente-da-versao-original\/#primaryimage"},"thumbnailUrl":"https:\/\/transamerica93.com.br\/home\/wp-content\/uploads\/2024\/08\/1-25.jpg","datePublished":"2024-09-02T21:00:57+00:00","breadcrumb":{"@id":"https:\/\/transamerica93.com.br\/home\/desfecho-para-egidio-no-final-de-renascer-sera-diferente-da-versao-original\/#breadcrumb"},"inLanguage":"pt-BR","potentialAction":[{"@type":"ReadAction","target":["https:\/\/transamerica93.com.br\/home\/desfecho-para-egidio-no-final-de-renascer-sera-diferente-da-versao-original\/"]}]},{"@type":"ImageObject","inLanguage":"pt-BR","@id":"https:\/\/transamerica93.com.br\/home\/desfecho-para-egidio-no-final-de-renascer-sera-diferente-da-versao-original\/#primaryimage","url":"https:\/\/transamerica93.com.br\/home\/wp-content\/uploads\/2024\/08\/1-25.jpg","contentUrl":"https:\/\/transamerica93.com.br\/home\/wp-content\/uploads\/2024\/08\/1-25.jpg","width":1638,"height":938,"caption":"Reprodu\u00e7\u00e3o\/TV Globo"},{"@type":"BreadcrumbList","@id":"https:\/\/transamerica93.com.br\/home\/desfecho-para-egidio-no-final-de-renascer-sera-diferente-da-versao-original\/#breadcrumb","itemListElement":[{"@type":"ListItem","position":1,"name":"In\u00edcio","item":"https:\/\/transamerica93.com.br\/home\/"},{"@type":"ListItem","position":2,"name":"Desfecho para Eg\u00eddio no final de &#8216;Renascer\u2019 ser\u00e1 diferente da vers\u00e3o original"}]},{"@type":"WebSite","@id":"https:\/\/transamerica93.com.br\/home\/#website","url":"https:\/\/transamerica93.com.br\/home\/","name":"Transam\u00e9rica Mococa 93,3","description":"","publisher":{"@id":"https:\/\/transamerica93.com.br\/home\/#organization"},"potentialAction":[{"@type":"SearchAction","target":{"@type":"EntryPoint","urlTemplate":"https:\/\/transamerica93.com.br\/home\/?s={search_term_string}"},"query-input":{"@type":"PropertyValueSpecification","valueRequired":true,"valueName":"search_term_string"}}],"inLanguage":"pt-BR"},{"@type":"Organization","@id":"https:\/\/transamerica93.com.br\/home\/#organization","name":"Transam\u00e9rica Mococa 93,3","url":"https:\/\/transamerica93.com.br\/home\/","logo":{"@type":"ImageObject","inLanguage":"pt-BR","@id":"https:\/\/transamerica93.com.br\/home\/#\/schema\/logo\/image\/","url":"https:\/\/transamerica93.com.br\/home\/wp-content\/uploads\/2023\/10\/logo2.png","contentUrl":"https:\/\/transamerica93.com.br\/home\/wp-content\/uploads\/2023\/10\/logo2.png","width":800,"height":500,"caption":"Transam\u00e9rica Mococa 93,3"},"image":{"@id":"https:\/\/transamerica93.com.br\/home\/#\/schema\/logo\/image\/"},"sameAs":["https:\/\/www.facebook.com\/transamericamococa","https:\/\/x.com\/transamerica933","https:\/\/www.instagram.com\/transamericamococa"]},{"@type":"Person","@id":"https:\/\/transamerica93.com.br\/home\/#\/schema\/person\/7fed7c99c0d4562efa8561bc0f543172","name":"Reda\u00e7\u00e3o","image":{"@type":"ImageObject","inLanguage":"pt-BR","@id":"https:\/\/secure.gravatar.com\/avatar\/1072c6b775fb02ef8506ce967551d95926669a6b7d2c2147b42eea4d7c68395e?s=96&d=mm&r=g","url":"https:\/\/secure.gravatar.com\/avatar\/1072c6b775fb02ef8506ce967551d95926669a6b7d2c2147b42eea4d7c68395e?s=96&d=mm&r=g","contentUrl":"https:\/\/secure.gravatar.com\/avatar\/1072c6b775fb02ef8506ce967551d95926669a6b7d2c2147b42eea4d7c68395e?s=96&d=mm&r=g","caption":"Reda\u00e7\u00e3o"},"sameAs":["https:\/\/transamerica93.com.br\/home"],"url":"https:\/\/transamerica93.com.br\/home\/author\/william\/"}]}},"_links":{"self":[{"href":"https:\/\/transamerica93.com.br\/home\/wp-json\/wp\/v2\/posts\/3743","targetHints":{"allow":["GET"]}}],"collection":[{"href":"https:\/\/transamerica93.com.br\/home\/wp-json\/wp\/v2\/posts"}],"about":[{"href":"https:\/\/transamerica93.com.br\/home\/wp-json\/wp\/v2\/types\/post"}],"author":[{"embeddable":true,"href":"https:\/\/transamerica93.com.br\/home\/wp-json\/wp\/v2\/users\/1"}],"replies":[{"embeddable":true,"href":"https:\/\/transamerica93.com.br\/home\/wp-json\/wp\/v2\/comments?post=3743"}],"version-history":[{"count":1,"href":"https:\/\/transamerica93.com.br\/home\/wp-json\/wp\/v2\/posts\/3743\/revisions"}],"predecessor-version":[{"id":3745,"href":"https:\/\/transamerica93.com.br\/home\/wp-json\/wp\/v2\/posts\/3743\/revisions\/3745"}],"wp:featuredmedia":[{"embeddable":true,"href":"https:\/\/transamerica93.com.br\/home\/wp-json\/wp\/v2\/media\/3744"}],"wp:attachment":[{"href":"https:\/\/transamerica93.com.br\/home\/wp-json\/wp\/v2\/media?parent=3743"}],"wp:term":[{"taxonomy":"category","embeddable":true,"href":"https:\/\/transamerica93.com.br\/home\/wp-json\/wp\/v2\/categories?post=3743"},{"taxonomy":"post_tag","embeddable":true,"href":"https:\/\/transamerica93.com.br\/home\/wp-json\/wp\/v2\/tags?post=3743"}],"curies":[{"name":"wp","href":"https:\/\/api.w.org\/{rel}","templated":true}]}}