{"id":3771,"date":"2024-09-20T09:00:17","date_gmt":"2024-09-20T12:00:17","guid":{"rendered":"https:\/\/transamerica93.com.br\/home\/?p=3771"},"modified":"2024-09-14T15:14:59","modified_gmt":"2024-09-14T18:14:59","slug":"pesquisa-mostra-falta-de-vacinas-em-mais-de-15-mil-municipios","status":"publish","type":"post","link":"https:\/\/transamerica93.com.br\/home\/pesquisa-mostra-falta-de-vacinas-em-mais-de-15-mil-municipios\/","title":{"rendered":"Pesquisa mostra falta de vacinas em mais de 1,5 mil munic\u00edpios"},"content":{"rendered":"<div class=\"post-item-wrap\">\n<p>Mais de 1,5 mil munic\u00edpios relatam falta de vacinas, de acordo com pesquisa divulgada pela Confedera\u00e7\u00e3o Nacional de Munic\u00edpios (CNM). O levantamento mostra que, nessas localidades, faltam vacinas principalmente para as crian\u00e7as. Entre os principais que est\u00e3o em falta est\u00e3o os imunizantes contra varicela, covid-19 e meningoc\u00f3cica C.<img decoding=\"async\" data-src=\"https:\/\/agenciabrasil.ebc.com.br\/ebc.png?id=1612181&amp;o=node\" src=\"data:image\/svg+xml;base64,PHN2ZyB3aWR0aD0iMSIgaGVpZ2h0PSIxIiB4bWxucz0iaHR0cDovL3d3dy53My5vcmcvMjAwMC9zdmciPjwvc3ZnPg==\" class=\"lazyload\" \/><img decoding=\"async\" data-src=\"https:\/\/agenciabrasil.ebc.com.br\/ebc.gif?id=1612181&amp;o=node\" src=\"data:image\/svg+xml;base64,PHN2ZyB3aWR0aD0iMSIgaGVpZ2h0PSIxIiB4bWxucz0iaHR0cDovL3d3dy53My5vcmcvMjAwMC9zdmciPjwvc3ZnPg==\" class=\"lazyload\" \/><\/p>\n<p>O levantamento foi realizado entre os dias 2 e 11 de setembro e contou com a participa\u00e7\u00e3o de 2.415 munic\u00edpios. Desses, 1.563 &#8211; o equivalente a 64,7% dos que participaram da pesquisa e cerca de 28% do total de munic\u00edpios no Brasil &#8211; enfrentavam falta de imunizantes h\u00e1 pelo menos 30 dias.<\/p>\n<p>A vacina contra varicela \u00e9 a que est\u00e1 mais em falta segundo o levantamento. Ela protege crian\u00e7as de 4 anos da catapora &#8211; nessa idade \u00e9 aplicado o refor\u00e7o. O imunizante falta em 1.210 munic\u00edpios respondentes, com uma m\u00e9dia de desabastecimento superior a 90 dias.<\/p>\n<p>A falta de vacina contra a covid-19 para crian\u00e7as afeta 770 munic\u00edpios que est\u00e3o, em m\u00e9dia, 30 dias sem o imunizante. J\u00e1 a vacina Meningoc\u00f3cica C, que protege contra infec\u00e7\u00f5es graves e fatais, como a meningite, est\u00e1 indispon\u00edvel em 546 munic\u00edpios, em m\u00e9dia, h\u00e1 cerca de 90 dias.<\/p>\n<p>Tamb\u00e9m foram apontadas como em falta nos munic\u00edpios: a Tetraviral, que combate o sarampo, a caxumba e a rub\u00e9ola, em 447 munic\u00edpios; a Hepatite A, em 307 munic\u00edpios; e a DTP, que combate a difteria, t\u00e9tano e coqueluche, em 288 munic\u00edpios.<\/p>\n<p>\u201cSabemos que vacinas s\u00e3o compradas e s\u00e3o de responsabilidade do governo federal, aos estados cabe comprar as agulhas para que se possa fazer a aplica\u00e7\u00e3o das vacinas. Isso chega aos munic\u00edpios e eles aplicam as vacinas\u201d, ressalta o presidente da CNM, Paulo Ziulkoski.<\/p>\n<p>\u201cPor isso estamos instando o Minist\u00e9rio da Sa\u00fade para que providencie imediatamente a compra das vacinas necess\u00e1rias e os estados para que tamb\u00e9m possam fazer a sua contribui\u00e7\u00e3o para que haja a complementa\u00e7\u00e3o da vacina\u00e7\u00e3o em todo o Brasil. \u00c9 muito importante porque nos \u00faltimos 30 dias tem faltado vacina no Brasil\u201d, diz.<\/p>\n<h2>Localiza\u00e7\u00e3o<\/h2>\n<p>De acordo com a pesquisa, o estado com maior falta de imunizantes \u00e9 Santa Catarina, 128 prefeituras relataram esse problema, o que corresponde a 83,7% dos munic\u00edpios da unidade federativa. Em seguida, est\u00e3o Pernambuco, com 58 (80,6%); e Paran\u00e1, com 155 (78,7%).<\/p>\n<p>Considerando as regi\u00f5es do pa\u00eds, o Sudeste aparece em primeiro lugar com 595 munic\u00edpios enfrentando falta de imunizantes, o que corresponde a 68,5% dos munic\u00edpios na regi\u00e3o; o Sul, com 395 (65,1%); o Nordeste, com 370 (65,1%); o Centro-Oeste, 136 (63%); e o Norte, com 67 (42,9%).<\/p>\n<h2>Minist\u00e9rio da Sa\u00fade<\/h2>\n<p>Em nota, o Minist\u00e9rio da Sa\u00fade diz que mant\u00e9m &#8220;envios regulares de vacinas aos estados, que s\u00e3o respons\u00e1veis por abastecer os munic\u00edpios&#8221;.<\/p>\n<p>A pasta afirma ainda que n\u00e3o h\u00e1 falta generalizada de vacinas no Brasil. &#8220;O levantamento da CNM traz quest\u00f5es pontuais para as quais o Minist\u00e9rio da Sa\u00fade adota estrat\u00e9gias para manter a vacina\u00e7\u00e3o em dia e a prote\u00e7\u00e3o da popula\u00e7\u00e3o. Essas a\u00e7\u00f5es s\u00e3o realizadas em di\u00e1logo constante com o Conselho Nacional de Secret\u00e1rios de Sa\u00fade (Conass) e Conselho Nacional de Secretarias Municipais de Sa\u00fade (Conasems)&#8221;, diz a nota.<\/p>\n<p>Segundo o minist\u00e9rio, foram distribu\u00eddas 65,9 milh\u00f5es de doses das dez principais vacinas citadas pelo levantamento, incluindo a de covid-19, com 22,9 milh\u00f5es de doses aplicadas at\u00e9 o momento.<\/p>\n<p>Sobre a vacina contra Varicela, no fim de 2023, de acordo com a pasta, foram compradas 2,7 milh\u00f5es de doses via Fundo Rotat\u00f3rio da Organiza\u00e7\u00e3o Pan-Americana da Sa\u00fade da Organiza\u00e7\u00e3o Mundial da Sa\u00fade (OPAS\/OMS), com 150 mil previstas para serem entregues at\u00e9 setembro. A aquisi\u00e7\u00e3o regular para 2024 est\u00e1 em andamento.<\/p>\n<p>Para covid-19, segundo o minist\u00e9rio, a entrega semanal segue a capacidade de armazenamento da rede de frio estadual, uma vez que essa vacina exige armazenamento em baix\u00edssima temperatura. O Minist\u00e9rio da Sa\u00fade diz ainda que est\u00e1 finalizando o preg\u00e3o para a compra da vacina mais atualizada XBB.<\/p>\n<p>Em rela\u00e7\u00e3o \u00e0 oferta da vacina contra Meningo C, nas regi\u00f5es que registrarem falta, a orienta\u00e7\u00e3o do minist\u00e9rio \u00e9 para substitui\u00e7\u00e3o pela Meningo ACWY, de mesma efic\u00e1cia, mantendo a popula\u00e7\u00e3o protegida.<\/p>\n<\/div>\n<p class=\"alt-font font-italic my-2 small text-info\">Edi\u00e7\u00e3o: A\u00e9cio Amado<\/p>\n","protected":false},"excerpt":{"rendered":"<p>Mais de 1,5 mil munic\u00edpios relatam falta de vacinas, de acordo com pesquisa divulgada pela Confedera\u00e7\u00e3o Nacional de Munic\u00edpios (CNM). O levantamento mostra que, nessas localidades, faltam vacinas principalmente para as crian\u00e7as. Entre os principais que est\u00e3o em falta est\u00e3o os imunizantes contra varicela, covid-19 e meningoc\u00f3cica C. O levantamento foi realizado entre os dias &hellip;<\/p>\n","protected":false},"author":1,"featured_media":3763,"comment_status":"closed","ping_status":"closed","sticky":false,"template":"","format":"standard","meta":{"footnotes":""},"categories":[30],"tags":[],"class_list":["post-3771","post","type-post","status-publish","format-standard","has-post-thumbnail","hentry","category-geral"],"yoast_head":"<!-- This site is optimized with the Yoast SEO plugin v27.4 - https:\/\/yoast.com\/product\/yoast-seo-wordpress\/ -->\n<title>Pesquisa mostra falta de vacinas em mais de 1,5 mil munic\u00edpios - Transam\u00e9rica Mococa 93,3<\/title>\n<meta name=\"robots\" content=\"index, follow, max-snippet:-1, max-image-preview:large, max-video-preview:-1\" \/>\n<link rel=\"canonical\" href=\"https:\/\/transamerica93.com.br\/home\/pesquisa-mostra-falta-de-vacinas-em-mais-de-15-mil-municipios\/\" \/>\n<meta property=\"og:locale\" content=\"pt_BR\" \/>\n<meta property=\"og:type\" content=\"article\" \/>\n<meta property=\"og:title\" content=\"Pesquisa mostra falta de vacinas em mais de 1,5 mil munic\u00edpios - Transam\u00e9rica Mococa 93,3\" \/>\n<meta property=\"og:description\" content=\"Mais de 1,5 mil munic\u00edpios relatam falta de vacinas, de acordo com pesquisa divulgada pela Confedera\u00e7\u00e3o Nacional de Munic\u00edpios (CNM). O levantamento mostra que, nessas localidades, faltam vacinas principalmente para as crian\u00e7as. Entre os principais que est\u00e3o em falta est\u00e3o os imunizantes contra varicela, covid-19 e meningoc\u00f3cica C. O levantamento foi realizado entre os dias &hellip;\" \/>\n<meta property=\"og:url\" content=\"https:\/\/transamerica93.com.br\/home\/pesquisa-mostra-falta-de-vacinas-em-mais-de-15-mil-municipios\/\" \/>\n<meta property=\"og:site_name\" content=\"Transam\u00e9rica Mococa 93,3\" \/>\n<meta property=\"article:publisher\" content=\"https:\/\/www.facebook.com\/transamericamococa\" \/>\n<meta property=\"article:published_time\" content=\"2024-09-20T12:00:17+00:00\" \/>\n<meta property=\"og:image\" content=\"https:\/\/transamerica93.com.br\/home\/wp-content\/uploads\/2024\/09\/5.jpg\" \/>\n\t<meta property=\"og:image:width\" content=\"1170\" \/>\n\t<meta property=\"og:image:height\" content=\"701\" \/>\n\t<meta property=\"og:image:type\" content=\"image\/jpeg\" \/>\n<meta name=\"author\" content=\"Reda\u00e7\u00e3o\" \/>\n<meta name=\"twitter:card\" content=\"summary_large_image\" \/>\n<meta name=\"twitter:creator\" content=\"@transamerica933\" \/>\n<meta name=\"twitter:site\" content=\"@transamerica933\" \/>\n<meta name=\"twitter:label1\" content=\"Escrito por\" \/>\n\t<meta name=\"twitter:data1\" content=\"Reda\u00e7\u00e3o\" \/>\n\t<meta name=\"twitter:label2\" content=\"Est. tempo de leitura\" \/>\n\t<meta name=\"twitter:data2\" content=\"5 minutos\" \/>\n<script type=\"application\/ld+json\" class=\"yoast-schema-graph\">{\"@context\":\"https:\\\/\\\/schema.org\",\"@graph\":[{\"@type\":\"Article\",\"@id\":\"https:\\\/\\\/transamerica93.com.br\\\/home\\\/pesquisa-mostra-falta-de-vacinas-em-mais-de-15-mil-municipios\\\/#article\",\"isPartOf\":{\"@id\":\"https:\\\/\\\/transamerica93.com.br\\\/home\\\/pesquisa-mostra-falta-de-vacinas-em-mais-de-15-mil-municipios\\\/\"},\"author\":{\"name\":\"Reda\u00e7\u00e3o\",\"@id\":\"https:\\\/\\\/transamerica93.com.br\\\/home\\\/#\\\/schema\\\/person\\\/7fed7c99c0d4562efa8561bc0f543172\"},\"headline\":\"Pesquisa mostra falta de vacinas em mais de 1,5 mil munic\u00edpios\",\"datePublished\":\"2024-09-20T12:00:17+00:00\",\"mainEntityOfPage\":{\"@id\":\"https:\\\/\\\/transamerica93.com.br\\\/home\\\/pesquisa-mostra-falta-de-vacinas-em-mais-de-15-mil-municipios\\\/\"},\"wordCount\":735,\"publisher\":{\"@id\":\"https:\\\/\\\/transamerica93.com.br\\\/home\\\/#organization\"},\"image\":{\"@id\":\"https:\\\/\\\/transamerica93.com.br\\\/home\\\/pesquisa-mostra-falta-de-vacinas-em-mais-de-15-mil-municipios\\\/#primaryimage\"},\"thumbnailUrl\":\"https:\\\/\\\/transamerica93.com.br\\\/home\\\/wp-content\\\/uploads\\\/2024\\\/09\\\/5.jpg\",\"articleSection\":[\"Geral\"],\"inLanguage\":\"pt-BR\"},{\"@type\":\"WebPage\",\"@id\":\"https:\\\/\\\/transamerica93.com.br\\\/home\\\/pesquisa-mostra-falta-de-vacinas-em-mais-de-15-mil-municipios\\\/\",\"url\":\"https:\\\/\\\/transamerica93.com.br\\\/home\\\/pesquisa-mostra-falta-de-vacinas-em-mais-de-15-mil-municipios\\\/\",\"name\":\"Pesquisa mostra falta de vacinas em mais de 1,5 mil munic\u00edpios - Transam\u00e9rica Mococa 93,3\",\"isPartOf\":{\"@id\":\"https:\\\/\\\/transamerica93.com.br\\\/home\\\/#website\"},\"primaryImageOfPage\":{\"@id\":\"https:\\\/\\\/transamerica93.com.br\\\/home\\\/pesquisa-mostra-falta-de-vacinas-em-mais-de-15-mil-municipios\\\/#primaryimage\"},\"image\":{\"@id\":\"https:\\\/\\\/transamerica93.com.br\\\/home\\\/pesquisa-mostra-falta-de-vacinas-em-mais-de-15-mil-municipios\\\/#primaryimage\"},\"thumbnailUrl\":\"https:\\\/\\\/transamerica93.com.br\\\/home\\\/wp-content\\\/uploads\\\/2024\\\/09\\\/5.jpg\",\"datePublished\":\"2024-09-20T12:00:17+00:00\",\"breadcrumb\":{\"@id\":\"https:\\\/\\\/transamerica93.com.br\\\/home\\\/pesquisa-mostra-falta-de-vacinas-em-mais-de-15-mil-municipios\\\/#breadcrumb\"},\"inLanguage\":\"pt-BR\",\"potentialAction\":[{\"@type\":\"ReadAction\",\"target\":[\"https:\\\/\\\/transamerica93.com.br\\\/home\\\/pesquisa-mostra-falta-de-vacinas-em-mais-de-15-mil-municipios\\\/\"]}]},{\"@type\":\"ImageObject\",\"inLanguage\":\"pt-BR\",\"@id\":\"https:\\\/\\\/transamerica93.com.br\\\/home\\\/pesquisa-mostra-falta-de-vacinas-em-mais-de-15-mil-municipios\\\/#primaryimage\",\"url\":\"https:\\\/\\\/transamerica93.com.br\\\/home\\\/wp-content\\\/uploads\\\/2024\\\/09\\\/5.jpg\",\"contentUrl\":\"https:\\\/\\\/transamerica93.com.br\\\/home\\\/wp-content\\\/uploads\\\/2024\\\/09\\\/5.jpg\",\"width\":1170,\"height\":701,\"caption\":\"\u00a9 Tomaz Silva\\\/Ag\u00eancia Brasil\"},{\"@type\":\"BreadcrumbList\",\"@id\":\"https:\\\/\\\/transamerica93.com.br\\\/home\\\/pesquisa-mostra-falta-de-vacinas-em-mais-de-15-mil-municipios\\\/#breadcrumb\",\"itemListElement\":[{\"@type\":\"ListItem\",\"position\":1,\"name\":\"In\u00edcio\",\"item\":\"https:\\\/\\\/transamerica93.com.br\\\/home\\\/\"},{\"@type\":\"ListItem\",\"position\":2,\"name\":\"Pesquisa mostra falta de vacinas em mais de 1,5 mil munic\u00edpios\"}]},{\"@type\":\"WebSite\",\"@id\":\"https:\\\/\\\/transamerica93.com.br\\\/home\\\/#website\",\"url\":\"https:\\\/\\\/transamerica93.com.br\\\/home\\\/\",\"name\":\"Transam\u00e9rica Mococa 93,3\",\"description\":\"\",\"publisher\":{\"@id\":\"https:\\\/\\\/transamerica93.com.br\\\/home\\\/#organization\"},\"potentialAction\":[{\"@type\":\"SearchAction\",\"target\":{\"@type\":\"EntryPoint\",\"urlTemplate\":\"https:\\\/\\\/transamerica93.com.br\\\/home\\\/?s={search_term_string}\"},\"query-input\":{\"@type\":\"PropertyValueSpecification\",\"valueRequired\":true,\"valueName\":\"search_term_string\"}}],\"inLanguage\":\"pt-BR\"},{\"@type\":\"Organization\",\"@id\":\"https:\\\/\\\/transamerica93.com.br\\\/home\\\/#organization\",\"name\":\"Transam\u00e9rica Mococa 93,3\",\"url\":\"https:\\\/\\\/transamerica93.com.br\\\/home\\\/\",\"logo\":{\"@type\":\"ImageObject\",\"inLanguage\":\"pt-BR\",\"@id\":\"https:\\\/\\\/transamerica93.com.br\\\/home\\\/#\\\/schema\\\/logo\\\/image\\\/\",\"url\":\"https:\\\/\\\/transamerica93.com.br\\\/home\\\/wp-content\\\/uploads\\\/2023\\\/10\\\/logo2.png\",\"contentUrl\":\"https:\\\/\\\/transamerica93.com.br\\\/home\\\/wp-content\\\/uploads\\\/2023\\\/10\\\/logo2.png\",\"width\":800,\"height\":500,\"caption\":\"Transam\u00e9rica Mococa 93,3\"},\"image\":{\"@id\":\"https:\\\/\\\/transamerica93.com.br\\\/home\\\/#\\\/schema\\\/logo\\\/image\\\/\"},\"sameAs\":[\"https:\\\/\\\/www.facebook.com\\\/transamericamococa\",\"https:\\\/\\\/x.com\\\/transamerica933\",\"https:\\\/\\\/www.instagram.com\\\/transamericamococa\"]},{\"@type\":\"Person\",\"@id\":\"https:\\\/\\\/transamerica93.com.br\\\/home\\\/#\\\/schema\\\/person\\\/7fed7c99c0d4562efa8561bc0f543172\",\"name\":\"Reda\u00e7\u00e3o\",\"image\":{\"@type\":\"ImageObject\",\"inLanguage\":\"pt-BR\",\"@id\":\"https:\\\/\\\/secure.gravatar.com\\\/avatar\\\/1072c6b775fb02ef8506ce967551d95926669a6b7d2c2147b42eea4d7c68395e?s=96&d=mm&r=g\",\"url\":\"https:\\\/\\\/secure.gravatar.com\\\/avatar\\\/1072c6b775fb02ef8506ce967551d95926669a6b7d2c2147b42eea4d7c68395e?s=96&d=mm&r=g\",\"contentUrl\":\"https:\\\/\\\/secure.gravatar.com\\\/avatar\\\/1072c6b775fb02ef8506ce967551d95926669a6b7d2c2147b42eea4d7c68395e?s=96&d=mm&r=g\",\"caption\":\"Reda\u00e7\u00e3o\"},\"sameAs\":[\"https:\\\/\\\/transamerica93.com.br\\\/home\"],\"url\":\"https:\\\/\\\/transamerica93.com.br\\\/home\\\/author\\\/william\\\/\"}]}<\/script>\n<!-- \/ Yoast SEO plugin. -->","yoast_head_json":{"title":"Pesquisa mostra falta de vacinas em mais de 1,5 mil munic\u00edpios - Transam\u00e9rica Mococa 93,3","robots":{"index":"index","follow":"follow","max-snippet":"max-snippet:-1","max-image-preview":"max-image-preview:large","max-video-preview":"max-video-preview:-1"},"canonical":"https:\/\/transamerica93.com.br\/home\/pesquisa-mostra-falta-de-vacinas-em-mais-de-15-mil-municipios\/","og_locale":"pt_BR","og_type":"article","og_title":"Pesquisa mostra falta de vacinas em mais de 1,5 mil munic\u00edpios - Transam\u00e9rica Mococa 93,3","og_description":"Mais de 1,5 mil munic\u00edpios relatam falta de vacinas, de acordo com pesquisa divulgada pela Confedera\u00e7\u00e3o Nacional de Munic\u00edpios (CNM). O levantamento mostra que, nessas localidades, faltam vacinas principalmente para as crian\u00e7as. Entre os principais que est\u00e3o em falta est\u00e3o os imunizantes contra varicela, covid-19 e meningoc\u00f3cica C. O levantamento foi realizado entre os dias &hellip;","og_url":"https:\/\/transamerica93.com.br\/home\/pesquisa-mostra-falta-de-vacinas-em-mais-de-15-mil-municipios\/","og_site_name":"Transam\u00e9rica Mococa 93,3","article_publisher":"https:\/\/www.facebook.com\/transamericamococa","article_published_time":"2024-09-20T12:00:17+00:00","og_image":[{"width":1170,"height":701,"url":"https:\/\/transamerica93.com.br\/home\/wp-content\/uploads\/2024\/09\/5.jpg","type":"image\/jpeg"}],"author":"Reda\u00e7\u00e3o","twitter_card":"summary_large_image","twitter_creator":"@transamerica933","twitter_site":"@transamerica933","twitter_misc":{"Escrito por":"Reda\u00e7\u00e3o","Est. tempo de leitura":"5 minutos"},"schema":{"@context":"https:\/\/schema.org","@graph":[{"@type":"Article","@id":"https:\/\/transamerica93.com.br\/home\/pesquisa-mostra-falta-de-vacinas-em-mais-de-15-mil-municipios\/#article","isPartOf":{"@id":"https:\/\/transamerica93.com.br\/home\/pesquisa-mostra-falta-de-vacinas-em-mais-de-15-mil-municipios\/"},"author":{"name":"Reda\u00e7\u00e3o","@id":"https:\/\/transamerica93.com.br\/home\/#\/schema\/person\/7fed7c99c0d4562efa8561bc0f543172"},"headline":"Pesquisa mostra falta de vacinas em mais de 1,5 mil munic\u00edpios","datePublished":"2024-09-20T12:00:17+00:00","mainEntityOfPage":{"@id":"https:\/\/transamerica93.com.br\/home\/pesquisa-mostra-falta-de-vacinas-em-mais-de-15-mil-municipios\/"},"wordCount":735,"publisher":{"@id":"https:\/\/transamerica93.com.br\/home\/#organization"},"image":{"@id":"https:\/\/transamerica93.com.br\/home\/pesquisa-mostra-falta-de-vacinas-em-mais-de-15-mil-municipios\/#primaryimage"},"thumbnailUrl":"https:\/\/transamerica93.com.br\/home\/wp-content\/uploads\/2024\/09\/5.jpg","articleSection":["Geral"],"inLanguage":"pt-BR"},{"@type":"WebPage","@id":"https:\/\/transamerica93.com.br\/home\/pesquisa-mostra-falta-de-vacinas-em-mais-de-15-mil-municipios\/","url":"https:\/\/transamerica93.com.br\/home\/pesquisa-mostra-falta-de-vacinas-em-mais-de-15-mil-municipios\/","name":"Pesquisa mostra falta de vacinas em mais de 1,5 mil munic\u00edpios - Transam\u00e9rica Mococa 93,3","isPartOf":{"@id":"https:\/\/transamerica93.com.br\/home\/#website"},"primaryImageOfPage":{"@id":"https:\/\/transamerica93.com.br\/home\/pesquisa-mostra-falta-de-vacinas-em-mais-de-15-mil-municipios\/#primaryimage"},"image":{"@id":"https:\/\/transamerica93.com.br\/home\/pesquisa-mostra-falta-de-vacinas-em-mais-de-15-mil-municipios\/#primaryimage"},"thumbnailUrl":"https:\/\/transamerica93.com.br\/home\/wp-content\/uploads\/2024\/09\/5.jpg","datePublished":"2024-09-20T12:00:17+00:00","breadcrumb":{"@id":"https:\/\/transamerica93.com.br\/home\/pesquisa-mostra-falta-de-vacinas-em-mais-de-15-mil-municipios\/#breadcrumb"},"inLanguage":"pt-BR","potentialAction":[{"@type":"ReadAction","target":["https:\/\/transamerica93.com.br\/home\/pesquisa-mostra-falta-de-vacinas-em-mais-de-15-mil-municipios\/"]}]},{"@type":"ImageObject","inLanguage":"pt-BR","@id":"https:\/\/transamerica93.com.br\/home\/pesquisa-mostra-falta-de-vacinas-em-mais-de-15-mil-municipios\/#primaryimage","url":"https:\/\/transamerica93.com.br\/home\/wp-content\/uploads\/2024\/09\/5.jpg","contentUrl":"https:\/\/transamerica93.com.br\/home\/wp-content\/uploads\/2024\/09\/5.jpg","width":1170,"height":701,"caption":"\u00a9 Tomaz Silva\/Ag\u00eancia Brasil"},{"@type":"BreadcrumbList","@id":"https:\/\/transamerica93.com.br\/home\/pesquisa-mostra-falta-de-vacinas-em-mais-de-15-mil-municipios\/#breadcrumb","itemListElement":[{"@type":"ListItem","position":1,"name":"In\u00edcio","item":"https:\/\/transamerica93.com.br\/home\/"},{"@type":"ListItem","position":2,"name":"Pesquisa mostra falta de vacinas em mais de 1,5 mil munic\u00edpios"}]},{"@type":"WebSite","@id":"https:\/\/transamerica93.com.br\/home\/#website","url":"https:\/\/transamerica93.com.br\/home\/","name":"Transam\u00e9rica Mococa 93,3","description":"","publisher":{"@id":"https:\/\/transamerica93.com.br\/home\/#organization"},"potentialAction":[{"@type":"SearchAction","target":{"@type":"EntryPoint","urlTemplate":"https:\/\/transamerica93.com.br\/home\/?s={search_term_string}"},"query-input":{"@type":"PropertyValueSpecification","valueRequired":true,"valueName":"search_term_string"}}],"inLanguage":"pt-BR"},{"@type":"Organization","@id":"https:\/\/transamerica93.com.br\/home\/#organization","name":"Transam\u00e9rica Mococa 93,3","url":"https:\/\/transamerica93.com.br\/home\/","logo":{"@type":"ImageObject","inLanguage":"pt-BR","@id":"https:\/\/transamerica93.com.br\/home\/#\/schema\/logo\/image\/","url":"https:\/\/transamerica93.com.br\/home\/wp-content\/uploads\/2023\/10\/logo2.png","contentUrl":"https:\/\/transamerica93.com.br\/home\/wp-content\/uploads\/2023\/10\/logo2.png","width":800,"height":500,"caption":"Transam\u00e9rica Mococa 93,3"},"image":{"@id":"https:\/\/transamerica93.com.br\/home\/#\/schema\/logo\/image\/"},"sameAs":["https:\/\/www.facebook.com\/transamericamococa","https:\/\/x.com\/transamerica933","https:\/\/www.instagram.com\/transamericamococa"]},{"@type":"Person","@id":"https:\/\/transamerica93.com.br\/home\/#\/schema\/person\/7fed7c99c0d4562efa8561bc0f543172","name":"Reda\u00e7\u00e3o","image":{"@type":"ImageObject","inLanguage":"pt-BR","@id":"https:\/\/secure.gravatar.com\/avatar\/1072c6b775fb02ef8506ce967551d95926669a6b7d2c2147b42eea4d7c68395e?s=96&d=mm&r=g","url":"https:\/\/secure.gravatar.com\/avatar\/1072c6b775fb02ef8506ce967551d95926669a6b7d2c2147b42eea4d7c68395e?s=96&d=mm&r=g","contentUrl":"https:\/\/secure.gravatar.com\/avatar\/1072c6b775fb02ef8506ce967551d95926669a6b7d2c2147b42eea4d7c68395e?s=96&d=mm&r=g","caption":"Reda\u00e7\u00e3o"},"sameAs":["https:\/\/transamerica93.com.br\/home"],"url":"https:\/\/transamerica93.com.br\/home\/author\/william\/"}]}},"_links":{"self":[{"href":"https:\/\/transamerica93.com.br\/home\/wp-json\/wp\/v2\/posts\/3771","targetHints":{"allow":["GET"]}}],"collection":[{"href":"https:\/\/transamerica93.com.br\/home\/wp-json\/wp\/v2\/posts"}],"about":[{"href":"https:\/\/transamerica93.com.br\/home\/wp-json\/wp\/v2\/types\/post"}],"author":[{"embeddable":true,"href":"https:\/\/transamerica93.com.br\/home\/wp-json\/wp\/v2\/users\/1"}],"replies":[{"embeddable":true,"href":"https:\/\/transamerica93.com.br\/home\/wp-json\/wp\/v2\/comments?post=3771"}],"version-history":[{"count":1,"href":"https:\/\/transamerica93.com.br\/home\/wp-json\/wp\/v2\/posts\/3771\/revisions"}],"predecessor-version":[{"id":3772,"href":"https:\/\/transamerica93.com.br\/home\/wp-json\/wp\/v2\/posts\/3771\/revisions\/3772"}],"wp:featuredmedia":[{"embeddable":true,"href":"https:\/\/transamerica93.com.br\/home\/wp-json\/wp\/v2\/media\/3763"}],"wp:attachment":[{"href":"https:\/\/transamerica93.com.br\/home\/wp-json\/wp\/v2\/media?parent=3771"}],"wp:term":[{"taxonomy":"category","embeddable":true,"href":"https:\/\/transamerica93.com.br\/home\/wp-json\/wp\/v2\/categories?post=3771"},{"taxonomy":"post_tag","embeddable":true,"href":"https:\/\/transamerica93.com.br\/home\/wp-json\/wp\/v2\/tags?post=3771"}],"curies":[{"name":"wp","href":"https:\/\/api.w.org\/{rel}","templated":true}]}}