{"id":3786,"date":"2024-09-20T12:00:07","date_gmt":"2024-09-20T15:00:07","guid":{"rendered":"https:\/\/transamerica93.com.br\/home\/?p=3786"},"modified":"2024-09-14T15:25:46","modified_gmt":"2024-09-14T18:25:46","slug":"comite-celebra-resultado-em-paris-e-destaca-planejamento","status":"publish","type":"post","link":"https:\/\/transamerica93.com.br\/home\/comite-celebra-resultado-em-paris-e-destaca-planejamento\/","title":{"rendered":"Comit\u00ea celebra resultado em Paris e destaca planejamento"},"content":{"rendered":"<div class=\"post-item-wrap\">\n<p>O Brasil encerrou a participa\u00e7\u00e3o na Paralimp\u00edada de Paris (Fran\u00e7a) com recordes de p\u00f3dios (89) &#8211; 25 ouros, 26 pratas e 38 bronzes -, al\u00e9m do quinto lugar no quadro de medalhas do megaevento realizado na capital francesa, melhor coloca\u00e7\u00e3o brasileira na hist\u00f3ria da competi\u00e7\u00e3o. Para o presidente do Comit\u00ea Paral\u00edmpico Brasileiro (CPB), Mizael Conrado, o resultado \u00e9 uma consequ\u00eancia do planejamento estrat\u00e9gico anunciado em 2017 e de uma mudan\u00e7a de rumo na estrat\u00e9gia da entidade.<img decoding=\"async\" data-src=\"https:\/\/agenciabrasil.ebc.com.br\/ebc.png?id=1611154&amp;o=node\" src=\"data:image\/svg+xml;base64,PHN2ZyB3aWR0aD0iMSIgaGVpZ2h0PSIxIiB4bWxucz0iaHR0cDovL3d3dy53My5vcmcvMjAwMC9zdmciPjwvc3ZnPg==\" class=\"lazyload\" \/><img decoding=\"async\" data-src=\"https:\/\/agenciabrasil.ebc.com.br\/ebc.gif?id=1611154&amp;o=node\" src=\"data:image\/svg+xml;base64,PHN2ZyB3aWR0aD0iMSIgaGVpZ2h0PSIxIiB4bWxucz0iaHR0cDovL3d3dy53My5vcmcvMjAwMC9zdmciPjwvc3ZnPg==\" class=\"lazyload\" \/><\/p>\n<p>\u201cEsse plano foi uma b\u00fassola ao longo dos \u00faltimos oito anos e nos guiou at\u00e9 aqui. Ele traz a inclus\u00e3o para o centro do nosso prop\u00f3sito. A gente deixa de fazer a inclus\u00e3o pela repercuss\u00e3o e passamos a t\u00ea-la em nossa miss\u00e3o. Mudamos a l\u00f3gica do desenvolvimento esportivo. Passamos a ir at\u00e9 as pessoas, criamos o Festival Paral\u00edmpico, a Escolinha Paral\u00edmpica, o Camping Escolar [que re\u00fane os destaques da Paralimp\u00edada Escolar para um per\u00edodo de treinos em alto rendimento]\u201d, afirmou Mizael em entrevista coletiva concedida neste domingo (8) na Casa Brasil Paral\u00edmpico, em Saint-Ouen, cidade vizinha a Paris.<\/p>\n<p>\u201cCriamos o caminho do atleta, que parte da escolinha e que pode culminar em um p\u00f3dio como aqui em Paris. Perdemos dois anos do ciclo por conta da pandemia [de COVID], caso contr\u00e1rio, ter\u00edamos mais jovens oriundos desses programas. Com os resultados dos projetos de forma\u00e7\u00e3o, os resultados ser\u00e3o ainda melhores\u201d, emendou o presidente do CPB.<\/p>\n<p><iframe id=\"instagram-embed-0\" class=\"instagram-media instagram-media-rendered lazyload\" data-src=\"https:\/\/www.instagram.com\/p\/C_qU57IOhEc\/embed\/captioned\/?cr=1&amp;v=14&amp;wp=540&amp;rd=https%3A%2F%2Fagenciabrasil.ebc.com.br&amp;rp=%2Fesportes%2Fnoticia%2F2024-09%2Fcomite-celebra-resultado-em-paris-e-destaca-planejamento#%7B%22ci%22%3A0%2C%22os%22%3A2494.199999988079%2C%22ls%22%3A1784%2C%22le%22%3A1847.5%7D\" height=\"906\" frameborder=\"0\" scrolling=\"no\" allowfullscreen=\"allowfullscreen\" data-instgrm-payload-id=\"instagram-media-payload-0\" data-mce-fragment=\"1\" src=\"data:image\/svg+xml;base64,PHN2ZyB3aWR0aD0iMSIgaGVpZ2h0PSIxIiB4bWxucz0iaHR0cDovL3d3dy53My5vcmcvMjAwMC9zdmciPjwvc3ZnPg==\" data-load-mode=\"1\"><\/iframe>O planejamento anunciado em 2017 projetava que o Brasil conquistasse entre 75 e 90 medalhas em Paris, al\u00e9m de se firmar entre as oito delega\u00e7\u00f5es mais laureadas. Nos Jogos de T\u00f3quio (Jap\u00e3o) o pa\u00eds tinha obtido 72 p\u00f3dios, ficando 22 vezes no topo, o que era o recorde anterior.<\/p>\n<p>Outra meta era desenvolver a participa\u00e7\u00e3o feminina nos grandes eventos. Na capital francesa, cerca de 42% da equipe verde e amarela foi composta por mulheres. Elas foram respons\u00e1veis pela maioria dos ouros brasileiros (13 de 25). Entre os destaques da campanha estiveram as campe\u00e3s paral\u00edmpicas Mariana D\u2019Andrea (halterofilismo), Jerusa Geber (atletismo) e Carol Santiago (nata\u00e7\u00e3o).<\/p>\n<p>\u201cSe olharmos para a China [pa\u00eds que liderou o quadro de medalhas em Paris], ela estava com mais de 60% dos p\u00f3dios conquistados pelas mulheres. Acredito que seguindo essa l\u00f3gica de oportunizar e criando condi\u00e7\u00f5es, elas ser\u00e3o, cada vez mais, protagonistas e muito provavelmente v\u00e3o superar resultados dos homens\u201d, disse o dirigente.<\/p>\n<p><iframe id=\"instagram-embed-1\" class=\"instagram-media instagram-media-rendered lazyload\" data-src=\"https:\/\/www.instagram.com\/p\/C_jWcR4OEGs\/embed\/captioned\/?cr=1&amp;v=14&amp;wp=540&amp;rd=https%3A%2F%2Fagenciabrasil.ebc.com.br&amp;rp=%2Fesportes%2Fnoticia%2F2024-09%2Fcomite-celebra-resultado-em-paris-e-destaca-planejamento#%7B%22ci%22%3A1%2C%22os%22%3A2498.5%2C%22ls%22%3A1784%2C%22le%22%3A1847.5%7D\" height=\"1167\" frameborder=\"0\" scrolling=\"no\" allowfullscreen=\"allowfullscreen\" data-instgrm-payload-id=\"instagram-media-payload-1\" data-mce-fragment=\"1\" src=\"data:image\/svg+xml;base64,PHN2ZyB3aWR0aD0iMSIgaGVpZ2h0PSIxIiB4bWxucz0iaHR0cDovL3d3dy53My5vcmcvMjAwMC9zdmciPjwvc3ZnPg==\" data-load-mode=\"1\"><\/iframe><\/p>\n<h2>Impacto Rio 2016<\/h2>\n<p>O desempenho brasileiro na Fran\u00e7a tem rela\u00e7\u00e3o direta com a realiza\u00e7\u00e3o da Paralimp\u00edada no Rio de Janeiro, em 2016. \u00c9 o que avaliou o presidente do Comit\u00ea Paral\u00edmpico Internacional (IPC, na sigla em ingl\u00eas), Andrew Parsons, em entrevista \u00e0\u00a0<strong>Empresa Brasil de Comunica\u00e7\u00e3o (EBC)<\/strong>.<\/p>\n<p>\u201cO movimento paral\u00edmpico brasileiro aproveitou a oportunidade [de sediar os Jogos] para legado. O Centro de Treinamento Paral\u00edmpico, em S\u00e3o Paulo, que \u00e9 o centro nervoso desse desenvolvimento, e o aumento dos recursos [ao paradesporto] s\u00e3o fruto daquele momento e o Brasil paral\u00edmpico aproveitou como poucos\u201d, comentou Parsons, que \u00e9 brasileiro, presidia o CPB durante a Paralimp\u00edada de 2016 e teve Mizael como vice e sucessor.<\/p>\n<p>Entre 2001 a 2014, por meio da Lei Agnelo\/Piva, que destinava 2% da arrecada\u00e7\u00e3o bruta das loterias federais ao esporte, o CPB tinha direito a 15% deste recorte (o Comit\u00ea Ol\u00edmpico do Brasil ficava com os 85% restantes). A partir de 2015, um ano antes dos Jogos do Rio, com a Lei da Inclus\u00e3o, o percentual voltado \u00e0 entidade paral\u00edmpica foi alterado para 37,04%. No ano passado, o CPB recebeu cerca de R$ 224 milh\u00f5es ao longo de 12 meses.<\/p>\n<p><iframe id=\"instagram-embed-2\" class=\"instagram-media instagram-media-rendered lazyload\" data-src=\"https:\/\/www.instagram.com\/reel\/C_qQ1yGJZsl\/embed\/captioned\/?cr=1&amp;v=14&amp;wp=540&amp;rd=https%3A%2F%2Fagenciabrasil.ebc.com.br&amp;rp=%2Fesportes%2Fnoticia%2F2024-09%2Fcomite-celebra-resultado-em-paris-e-destaca-planejamento#%7B%22ci%22%3A2%2C%22os%22%3A2502.2999999970198%2C%22ls%22%3A1784%2C%22le%22%3A1847.5%7D\" height=\"1131\" frameborder=\"0\" scrolling=\"no\" allowfullscreen=\"allowfullscreen\" data-instgrm-payload-id=\"instagram-media-payload-2\" data-mce-fragment=\"1\" src=\"data:image\/svg+xml;base64,PHN2ZyB3aWR0aD0iMSIgaGVpZ2h0PSIxIiB4bWxucz0iaHR0cDovL3d3dy53My5vcmcvMjAwMC9zdmciPjwvc3ZnPg==\" data-load-mode=\"1\"><\/iframe>Mizael tamb\u00e9m afirma que a realiza\u00e7\u00e3o do megaevento na capital fluminense impactou o crescimento do Brasil no paradesporto. O dirigente, por\u00e9m, alertou para as condi\u00e7\u00f5es de algumas das estruturas erguidas para a Rio 2016, aproveitadas tanto para o esporte ol\u00edmpico como paral\u00edmpico.<\/p>\n<p>\u201cFoi muito importante, tivemos a constru\u00e7\u00e3o do Centro Paral\u00edmpico naquele per\u00edodo. Se n\u00e3o fossem os Jogos, o Centro provavelmente n\u00e3o teria sido erguido. Antes dos Jogos, em 2009, t\u00ednhamos oito pistas homologadas pela federa\u00e7\u00e3o internacional de atletismo. Com os Jogos, foram realizadas constru\u00e7\u00f5es, reformas e chegamos a ter mais de 50 pistas. Nossa preocupa\u00e7\u00e3o de agora \u00e9 que nem todas as instala\u00e7\u00f5es tiveram a manuten\u00e7\u00e3o adequada. Ent\u00e3o, as estruturas constru\u00eddas para o Rio come\u00e7am a degradar. Estivemos nas 27 capitais esse ano e foi desafio\u201d, analisou o dirigente.<\/p>\n<p>\u201cNossa preocupa\u00e7\u00e3o \u00e9 que se retorne \u00e0 estrutura pr\u00e9-Jogos. As constru\u00e7\u00f5es foram importantes, mas eram at\u00e9 necess\u00e1rias mais. Como formar um atleta em um estado se n\u00e3o tem pista para ele competir? Estivemos observando aqui na Fran\u00e7a, e cada cidade tem uma piscina oficial de n\u00edvel magn\u00edfico. Vejam quantas temos no Brasil, s\u00e3o cidades, capitais, que n\u00e3o t\u00eam\u201d, concluiu Mizael.<\/p>\n<\/div>\n<p class=\"alt-font font-italic my-2 small text-info\">Edi\u00e7\u00e3o: F\u00e1bio Lisboa<\/p>\n","protected":false},"excerpt":{"rendered":"<p>O Brasil encerrou a participa\u00e7\u00e3o na Paralimp\u00edada de Paris (Fran\u00e7a) com recordes de p\u00f3dios (89) &#8211; 25 ouros, 26 pratas e 38 bronzes -, al\u00e9m do quinto lugar no quadro de medalhas do megaevento realizado na capital francesa, melhor coloca\u00e7\u00e3o brasileira na hist\u00f3ria da competi\u00e7\u00e3o. Para o presidente do Comit\u00ea Paral\u00edmpico Brasileiro (CPB), Mizael Conrado, &hellip;<\/p>\n","protected":false},"author":1,"featured_media":3778,"comment_status":"closed","ping_status":"closed","sticky":false,"template":"","format":"standard","meta":{"footnotes":""},"categories":[31],"tags":[],"class_list":["post-3786","post","type-post","status-publish","format-standard","has-post-thumbnail","hentry","category-esportes"],"yoast_head":"<!-- This site is optimized with the Yoast SEO plugin v27.4 - https:\/\/yoast.com\/product\/yoast-seo-wordpress\/ -->\n<title>Comit\u00ea celebra resultado em Paris e destaca planejamento - Transam\u00e9rica Mococa 93,3<\/title>\n<meta name=\"robots\" content=\"index, follow, max-snippet:-1, max-image-preview:large, max-video-preview:-1\" \/>\n<link rel=\"canonical\" href=\"https:\/\/transamerica93.com.br\/home\/comite-celebra-resultado-em-paris-e-destaca-planejamento\/\" \/>\n<meta property=\"og:locale\" content=\"pt_BR\" \/>\n<meta property=\"og:type\" content=\"article\" \/>\n<meta property=\"og:title\" content=\"Comit\u00ea celebra resultado em Paris e destaca planejamento - Transam\u00e9rica Mococa 93,3\" \/>\n<meta property=\"og:description\" content=\"O Brasil encerrou a participa\u00e7\u00e3o na Paralimp\u00edada de Paris (Fran\u00e7a) com recordes de p\u00f3dios (89) &#8211; 25 ouros, 26 pratas e 38 bronzes -, al\u00e9m do quinto lugar no quadro de medalhas do megaevento realizado na capital francesa, melhor coloca\u00e7\u00e3o brasileira na hist\u00f3ria da competi\u00e7\u00e3o. Para o presidente do Comit\u00ea Paral\u00edmpico Brasileiro (CPB), Mizael Conrado, &hellip;\" \/>\n<meta property=\"og:url\" content=\"https:\/\/transamerica93.com.br\/home\/comite-celebra-resultado-em-paris-e-destaca-planejamento\/\" \/>\n<meta property=\"og:site_name\" content=\"Transam\u00e9rica Mococa 93,3\" \/>\n<meta property=\"article:publisher\" content=\"https:\/\/www.facebook.com\/transamericamococa\" \/>\n<meta property=\"article:published_time\" content=\"2024-09-20T15:00:07+00:00\" \/>\n<meta property=\"og:image\" content=\"https:\/\/transamerica93.com.br\/home\/wp-content\/uploads\/2024\/09\/5-1.jpg\" \/>\n\t<meta property=\"og:image:width\" content=\"1170\" \/>\n\t<meta property=\"og:image:height\" content=\"701\" \/>\n\t<meta property=\"og:image:type\" content=\"image\/jpeg\" \/>\n<meta name=\"author\" content=\"Reda\u00e7\u00e3o\" \/>\n<meta name=\"twitter:card\" content=\"summary_large_image\" \/>\n<meta name=\"twitter:creator\" content=\"@transamerica933\" \/>\n<meta name=\"twitter:site\" content=\"@transamerica933\" \/>\n<meta name=\"twitter:label1\" content=\"Escrito por\" \/>\n\t<meta name=\"twitter:data1\" content=\"Reda\u00e7\u00e3o\" \/>\n\t<meta name=\"twitter:label2\" content=\"Est. tempo de leitura\" \/>\n\t<meta name=\"twitter:data2\" content=\"5 minutos\" \/>\n<script type=\"application\/ld+json\" class=\"yoast-schema-graph\">{\"@context\":\"https:\\\/\\\/schema.org\",\"@graph\":[{\"@type\":\"Article\",\"@id\":\"https:\\\/\\\/transamerica93.com.br\\\/home\\\/comite-celebra-resultado-em-paris-e-destaca-planejamento\\\/#article\",\"isPartOf\":{\"@id\":\"https:\\\/\\\/transamerica93.com.br\\\/home\\\/comite-celebra-resultado-em-paris-e-destaca-planejamento\\\/\"},\"author\":{\"name\":\"Reda\u00e7\u00e3o\",\"@id\":\"https:\\\/\\\/transamerica93.com.br\\\/home\\\/#\\\/schema\\\/person\\\/7fed7c99c0d4562efa8561bc0f543172\"},\"headline\":\"Comit\u00ea celebra resultado em Paris e destaca planejamento\",\"datePublished\":\"2024-09-20T15:00:07+00:00\",\"mainEntityOfPage\":{\"@id\":\"https:\\\/\\\/transamerica93.com.br\\\/home\\\/comite-celebra-resultado-em-paris-e-destaca-planejamento\\\/\"},\"wordCount\":842,\"publisher\":{\"@id\":\"https:\\\/\\\/transamerica93.com.br\\\/home\\\/#organization\"},\"image\":{\"@id\":\"https:\\\/\\\/transamerica93.com.br\\\/home\\\/comite-celebra-resultado-em-paris-e-destaca-planejamento\\\/#primaryimage\"},\"thumbnailUrl\":\"https:\\\/\\\/transamerica93.com.br\\\/home\\\/wp-content\\\/uploads\\\/2024\\\/09\\\/5-1.jpg\",\"articleSection\":[\"Esportes\"],\"inLanguage\":\"pt-BR\"},{\"@type\":\"WebPage\",\"@id\":\"https:\\\/\\\/transamerica93.com.br\\\/home\\\/comite-celebra-resultado-em-paris-e-destaca-planejamento\\\/\",\"url\":\"https:\\\/\\\/transamerica93.com.br\\\/home\\\/comite-celebra-resultado-em-paris-e-destaca-planejamento\\\/\",\"name\":\"Comit\u00ea celebra resultado em Paris e destaca planejamento - Transam\u00e9rica Mococa 93,3\",\"isPartOf\":{\"@id\":\"https:\\\/\\\/transamerica93.com.br\\\/home\\\/#website\"},\"primaryImageOfPage\":{\"@id\":\"https:\\\/\\\/transamerica93.com.br\\\/home\\\/comite-celebra-resultado-em-paris-e-destaca-planejamento\\\/#primaryimage\"},\"image\":{\"@id\":\"https:\\\/\\\/transamerica93.com.br\\\/home\\\/comite-celebra-resultado-em-paris-e-destaca-planejamento\\\/#primaryimage\"},\"thumbnailUrl\":\"https:\\\/\\\/transamerica93.com.br\\\/home\\\/wp-content\\\/uploads\\\/2024\\\/09\\\/5-1.jpg\",\"datePublished\":\"2024-09-20T15:00:07+00:00\",\"breadcrumb\":{\"@id\":\"https:\\\/\\\/transamerica93.com.br\\\/home\\\/comite-celebra-resultado-em-paris-e-destaca-planejamento\\\/#breadcrumb\"},\"inLanguage\":\"pt-BR\",\"potentialAction\":[{\"@type\":\"ReadAction\",\"target\":[\"https:\\\/\\\/transamerica93.com.br\\\/home\\\/comite-celebra-resultado-em-paris-e-destaca-planejamento\\\/\"]}]},{\"@type\":\"ImageObject\",\"inLanguage\":\"pt-BR\",\"@id\":\"https:\\\/\\\/transamerica93.com.br\\\/home\\\/comite-celebra-resultado-em-paris-e-destaca-planejamento\\\/#primaryimage\",\"url\":\"https:\\\/\\\/transamerica93.com.br\\\/home\\\/wp-content\\\/uploads\\\/2024\\\/09\\\/5-1.jpg\",\"contentUrl\":\"https:\\\/\\\/transamerica93.com.br\\\/home\\\/wp-content\\\/uploads\\\/2024\\\/09\\\/5-1.jpg\",\"width\":1170,\"height\":701,\"caption\":\"\u00a9 Divulga\u00e7\u00e3o\\\/CPB\\\/Direitos Reservados\"},{\"@type\":\"BreadcrumbList\",\"@id\":\"https:\\\/\\\/transamerica93.com.br\\\/home\\\/comite-celebra-resultado-em-paris-e-destaca-planejamento\\\/#breadcrumb\",\"itemListElement\":[{\"@type\":\"ListItem\",\"position\":1,\"name\":\"In\u00edcio\",\"item\":\"https:\\\/\\\/transamerica93.com.br\\\/home\\\/\"},{\"@type\":\"ListItem\",\"position\":2,\"name\":\"Comit\u00ea celebra resultado em Paris e destaca planejamento\"}]},{\"@type\":\"WebSite\",\"@id\":\"https:\\\/\\\/transamerica93.com.br\\\/home\\\/#website\",\"url\":\"https:\\\/\\\/transamerica93.com.br\\\/home\\\/\",\"name\":\"Transam\u00e9rica Mococa 93,3\",\"description\":\"\",\"publisher\":{\"@id\":\"https:\\\/\\\/transamerica93.com.br\\\/home\\\/#organization\"},\"potentialAction\":[{\"@type\":\"SearchAction\",\"target\":{\"@type\":\"EntryPoint\",\"urlTemplate\":\"https:\\\/\\\/transamerica93.com.br\\\/home\\\/?s={search_term_string}\"},\"query-input\":{\"@type\":\"PropertyValueSpecification\",\"valueRequired\":true,\"valueName\":\"search_term_string\"}}],\"inLanguage\":\"pt-BR\"},{\"@type\":\"Organization\",\"@id\":\"https:\\\/\\\/transamerica93.com.br\\\/home\\\/#organization\",\"name\":\"Transam\u00e9rica Mococa 93,3\",\"url\":\"https:\\\/\\\/transamerica93.com.br\\\/home\\\/\",\"logo\":{\"@type\":\"ImageObject\",\"inLanguage\":\"pt-BR\",\"@id\":\"https:\\\/\\\/transamerica93.com.br\\\/home\\\/#\\\/schema\\\/logo\\\/image\\\/\",\"url\":\"https:\\\/\\\/transamerica93.com.br\\\/home\\\/wp-content\\\/uploads\\\/2023\\\/10\\\/logo2.png\",\"contentUrl\":\"https:\\\/\\\/transamerica93.com.br\\\/home\\\/wp-content\\\/uploads\\\/2023\\\/10\\\/logo2.png\",\"width\":800,\"height\":500,\"caption\":\"Transam\u00e9rica Mococa 93,3\"},\"image\":{\"@id\":\"https:\\\/\\\/transamerica93.com.br\\\/home\\\/#\\\/schema\\\/logo\\\/image\\\/\"},\"sameAs\":[\"https:\\\/\\\/www.facebook.com\\\/transamericamococa\",\"https:\\\/\\\/x.com\\\/transamerica933\",\"https:\\\/\\\/www.instagram.com\\\/transamericamococa\"]},{\"@type\":\"Person\",\"@id\":\"https:\\\/\\\/transamerica93.com.br\\\/home\\\/#\\\/schema\\\/person\\\/7fed7c99c0d4562efa8561bc0f543172\",\"name\":\"Reda\u00e7\u00e3o\",\"image\":{\"@type\":\"ImageObject\",\"inLanguage\":\"pt-BR\",\"@id\":\"https:\\\/\\\/secure.gravatar.com\\\/avatar\\\/1072c6b775fb02ef8506ce967551d95926669a6b7d2c2147b42eea4d7c68395e?s=96&d=mm&r=g\",\"url\":\"https:\\\/\\\/secure.gravatar.com\\\/avatar\\\/1072c6b775fb02ef8506ce967551d95926669a6b7d2c2147b42eea4d7c68395e?s=96&d=mm&r=g\",\"contentUrl\":\"https:\\\/\\\/secure.gravatar.com\\\/avatar\\\/1072c6b775fb02ef8506ce967551d95926669a6b7d2c2147b42eea4d7c68395e?s=96&d=mm&r=g\",\"caption\":\"Reda\u00e7\u00e3o\"},\"sameAs\":[\"https:\\\/\\\/transamerica93.com.br\\\/home\"],\"url\":\"https:\\\/\\\/transamerica93.com.br\\\/home\\\/author\\\/william\\\/\"}]}<\/script>\n<!-- \/ Yoast SEO plugin. -->","yoast_head_json":{"title":"Comit\u00ea celebra resultado em Paris e destaca planejamento - Transam\u00e9rica Mococa 93,3","robots":{"index":"index","follow":"follow","max-snippet":"max-snippet:-1","max-image-preview":"max-image-preview:large","max-video-preview":"max-video-preview:-1"},"canonical":"https:\/\/transamerica93.com.br\/home\/comite-celebra-resultado-em-paris-e-destaca-planejamento\/","og_locale":"pt_BR","og_type":"article","og_title":"Comit\u00ea celebra resultado em Paris e destaca planejamento - Transam\u00e9rica Mococa 93,3","og_description":"O Brasil encerrou a participa\u00e7\u00e3o na Paralimp\u00edada de Paris (Fran\u00e7a) com recordes de p\u00f3dios (89) &#8211; 25 ouros, 26 pratas e 38 bronzes -, al\u00e9m do quinto lugar no quadro de medalhas do megaevento realizado na capital francesa, melhor coloca\u00e7\u00e3o brasileira na hist\u00f3ria da competi\u00e7\u00e3o. Para o presidente do Comit\u00ea Paral\u00edmpico Brasileiro (CPB), Mizael Conrado, &hellip;","og_url":"https:\/\/transamerica93.com.br\/home\/comite-celebra-resultado-em-paris-e-destaca-planejamento\/","og_site_name":"Transam\u00e9rica Mococa 93,3","article_publisher":"https:\/\/www.facebook.com\/transamericamococa","article_published_time":"2024-09-20T15:00:07+00:00","og_image":[{"width":1170,"height":701,"url":"https:\/\/transamerica93.com.br\/home\/wp-content\/uploads\/2024\/09\/5-1.jpg","type":"image\/jpeg"}],"author":"Reda\u00e7\u00e3o","twitter_card":"summary_large_image","twitter_creator":"@transamerica933","twitter_site":"@transamerica933","twitter_misc":{"Escrito por":"Reda\u00e7\u00e3o","Est. tempo de leitura":"5 minutos"},"schema":{"@context":"https:\/\/schema.org","@graph":[{"@type":"Article","@id":"https:\/\/transamerica93.com.br\/home\/comite-celebra-resultado-em-paris-e-destaca-planejamento\/#article","isPartOf":{"@id":"https:\/\/transamerica93.com.br\/home\/comite-celebra-resultado-em-paris-e-destaca-planejamento\/"},"author":{"name":"Reda\u00e7\u00e3o","@id":"https:\/\/transamerica93.com.br\/home\/#\/schema\/person\/7fed7c99c0d4562efa8561bc0f543172"},"headline":"Comit\u00ea celebra resultado em Paris e destaca planejamento","datePublished":"2024-09-20T15:00:07+00:00","mainEntityOfPage":{"@id":"https:\/\/transamerica93.com.br\/home\/comite-celebra-resultado-em-paris-e-destaca-planejamento\/"},"wordCount":842,"publisher":{"@id":"https:\/\/transamerica93.com.br\/home\/#organization"},"image":{"@id":"https:\/\/transamerica93.com.br\/home\/comite-celebra-resultado-em-paris-e-destaca-planejamento\/#primaryimage"},"thumbnailUrl":"https:\/\/transamerica93.com.br\/home\/wp-content\/uploads\/2024\/09\/5-1.jpg","articleSection":["Esportes"],"inLanguage":"pt-BR"},{"@type":"WebPage","@id":"https:\/\/transamerica93.com.br\/home\/comite-celebra-resultado-em-paris-e-destaca-planejamento\/","url":"https:\/\/transamerica93.com.br\/home\/comite-celebra-resultado-em-paris-e-destaca-planejamento\/","name":"Comit\u00ea celebra resultado em Paris e destaca planejamento - Transam\u00e9rica Mococa 93,3","isPartOf":{"@id":"https:\/\/transamerica93.com.br\/home\/#website"},"primaryImageOfPage":{"@id":"https:\/\/transamerica93.com.br\/home\/comite-celebra-resultado-em-paris-e-destaca-planejamento\/#primaryimage"},"image":{"@id":"https:\/\/transamerica93.com.br\/home\/comite-celebra-resultado-em-paris-e-destaca-planejamento\/#primaryimage"},"thumbnailUrl":"https:\/\/transamerica93.com.br\/home\/wp-content\/uploads\/2024\/09\/5-1.jpg","datePublished":"2024-09-20T15:00:07+00:00","breadcrumb":{"@id":"https:\/\/transamerica93.com.br\/home\/comite-celebra-resultado-em-paris-e-destaca-planejamento\/#breadcrumb"},"inLanguage":"pt-BR","potentialAction":[{"@type":"ReadAction","target":["https:\/\/transamerica93.com.br\/home\/comite-celebra-resultado-em-paris-e-destaca-planejamento\/"]}]},{"@type":"ImageObject","inLanguage":"pt-BR","@id":"https:\/\/transamerica93.com.br\/home\/comite-celebra-resultado-em-paris-e-destaca-planejamento\/#primaryimage","url":"https:\/\/transamerica93.com.br\/home\/wp-content\/uploads\/2024\/09\/5-1.jpg","contentUrl":"https:\/\/transamerica93.com.br\/home\/wp-content\/uploads\/2024\/09\/5-1.jpg","width":1170,"height":701,"caption":"\u00a9 Divulga\u00e7\u00e3o\/CPB\/Direitos Reservados"},{"@type":"BreadcrumbList","@id":"https:\/\/transamerica93.com.br\/home\/comite-celebra-resultado-em-paris-e-destaca-planejamento\/#breadcrumb","itemListElement":[{"@type":"ListItem","position":1,"name":"In\u00edcio","item":"https:\/\/transamerica93.com.br\/home\/"},{"@type":"ListItem","position":2,"name":"Comit\u00ea celebra resultado em Paris e destaca planejamento"}]},{"@type":"WebSite","@id":"https:\/\/transamerica93.com.br\/home\/#website","url":"https:\/\/transamerica93.com.br\/home\/","name":"Transam\u00e9rica Mococa 93,3","description":"","publisher":{"@id":"https:\/\/transamerica93.com.br\/home\/#organization"},"potentialAction":[{"@type":"SearchAction","target":{"@type":"EntryPoint","urlTemplate":"https:\/\/transamerica93.com.br\/home\/?s={search_term_string}"},"query-input":{"@type":"PropertyValueSpecification","valueRequired":true,"valueName":"search_term_string"}}],"inLanguage":"pt-BR"},{"@type":"Organization","@id":"https:\/\/transamerica93.com.br\/home\/#organization","name":"Transam\u00e9rica Mococa 93,3","url":"https:\/\/transamerica93.com.br\/home\/","logo":{"@type":"ImageObject","inLanguage":"pt-BR","@id":"https:\/\/transamerica93.com.br\/home\/#\/schema\/logo\/image\/","url":"https:\/\/transamerica93.com.br\/home\/wp-content\/uploads\/2023\/10\/logo2.png","contentUrl":"https:\/\/transamerica93.com.br\/home\/wp-content\/uploads\/2023\/10\/logo2.png","width":800,"height":500,"caption":"Transam\u00e9rica Mococa 93,3"},"image":{"@id":"https:\/\/transamerica93.com.br\/home\/#\/schema\/logo\/image\/"},"sameAs":["https:\/\/www.facebook.com\/transamericamococa","https:\/\/x.com\/transamerica933","https:\/\/www.instagram.com\/transamericamococa"]},{"@type":"Person","@id":"https:\/\/transamerica93.com.br\/home\/#\/schema\/person\/7fed7c99c0d4562efa8561bc0f543172","name":"Reda\u00e7\u00e3o","image":{"@type":"ImageObject","inLanguage":"pt-BR","@id":"https:\/\/secure.gravatar.com\/avatar\/1072c6b775fb02ef8506ce967551d95926669a6b7d2c2147b42eea4d7c68395e?s=96&d=mm&r=g","url":"https:\/\/secure.gravatar.com\/avatar\/1072c6b775fb02ef8506ce967551d95926669a6b7d2c2147b42eea4d7c68395e?s=96&d=mm&r=g","contentUrl":"https:\/\/secure.gravatar.com\/avatar\/1072c6b775fb02ef8506ce967551d95926669a6b7d2c2147b42eea4d7c68395e?s=96&d=mm&r=g","caption":"Reda\u00e7\u00e3o"},"sameAs":["https:\/\/transamerica93.com.br\/home"],"url":"https:\/\/transamerica93.com.br\/home\/author\/william\/"}]}},"_links":{"self":[{"href":"https:\/\/transamerica93.com.br\/home\/wp-json\/wp\/v2\/posts\/3786","targetHints":{"allow":["GET"]}}],"collection":[{"href":"https:\/\/transamerica93.com.br\/home\/wp-json\/wp\/v2\/posts"}],"about":[{"href":"https:\/\/transamerica93.com.br\/home\/wp-json\/wp\/v2\/types\/post"}],"author":[{"embeddable":true,"href":"https:\/\/transamerica93.com.br\/home\/wp-json\/wp\/v2\/users\/1"}],"replies":[{"embeddable":true,"href":"https:\/\/transamerica93.com.br\/home\/wp-json\/wp\/v2\/comments?post=3786"}],"version-history":[{"count":1,"href":"https:\/\/transamerica93.com.br\/home\/wp-json\/wp\/v2\/posts\/3786\/revisions"}],"predecessor-version":[{"id":3787,"href":"https:\/\/transamerica93.com.br\/home\/wp-json\/wp\/v2\/posts\/3786\/revisions\/3787"}],"wp:featuredmedia":[{"embeddable":true,"href":"https:\/\/transamerica93.com.br\/home\/wp-json\/wp\/v2\/media\/3778"}],"wp:attachment":[{"href":"https:\/\/transamerica93.com.br\/home\/wp-json\/wp\/v2\/media?parent=3786"}],"wp:term":[{"taxonomy":"category","embeddable":true,"href":"https:\/\/transamerica93.com.br\/home\/wp-json\/wp\/v2\/categories?post=3786"},{"taxonomy":"post_tag","embeddable":true,"href":"https:\/\/transamerica93.com.br\/home\/wp-json\/wp\/v2\/tags?post=3786"}],"curies":[{"name":"wp","href":"https:\/\/api.w.org\/{rel}","templated":true}]}}