{"id":3794,"date":"2024-09-17T18:00:14","date_gmt":"2024-09-17T21:00:14","guid":{"rendered":"https:\/\/transamerica93.com.br\/home\/?p=3794"},"modified":"2024-09-15T16:45:13","modified_gmt":"2024-09-15T19:45:13","slug":"vladimir-brichta-fara-pausa-na-carreira-com-o-fim-de-renascer","status":"publish","type":"post","link":"https:\/\/transamerica93.com.br\/home\/vladimir-brichta-fara-pausa-na-carreira-com-o-fim-de-renascer\/","title":{"rendered":"Vladimir Brichta far\u00e1 pausa na carreira com o fim de &#8216;Renascer&#8217;"},"content":{"rendered":"<div id=\"Corpo\">\n<h6 class=\"Assina\">Por Raisa Toledo<\/h6>\n<p>Com o t\u00e9rmino da novela\u00a0<i>Renascer<\/i>, que ser\u00e1 substitu\u00edda por\u00a0<i>Mania de Voc\u00ea<\/i>\u00a0como a novela das 21 horas da TV Globo, Vladimir Brichta, o int\u00e9rprete do coronel Eg\u00eddio, decidiu fazer uma pausa em sua carreira nas novelas. A informa\u00e7\u00e3o foi divulgada ao portal\u00a0<i>Extra<\/i>.<\/p>\n<p>A decis\u00e3o foi tomada para que o ator, que v\u00eam emendando folhetins desde\u00a0<i>Rock Story<\/i>\u00a0(2016), possa descansar.<\/p>\n<p>A novela foi seu retorno \u00e0s telinhas ap\u00f3s uma pausa semelhante, que teve in\u00edcio depois de\u00a0<i>Bel\u00edssima<\/i>\u00a0(2005), em que ele fez o papel de Narciso.<\/p>\n<p>Nesse meio tempo, ele se dedicou a projetos de menor dura\u00e7\u00e3o, como as grava\u00e7\u00f5es de\u00a0<i>Entre Tapas e Beijos<\/i>, em que vive Armane, e filmes como\u00a0<i>A Mulher Invis\u00edvel<\/i>,\u00a0<i>Real Beleza<\/i>\u00a0e\u00a0<i>Muitos Homens Num S\u00f3<\/i>.<\/p>\n<p>&#8220;Quando eu parei, l\u00e1 atr\u00e1s, n\u00e3o sabia que seriam dez anos. S\u00f3 sabia que o meu trabalho estava aqu\u00e9m do que eu poderia fazer. Estava satisfat\u00f3rio para o meu contratante, mas n\u00e3o para mim. Quando voltei em 2016, come\u00e7ou a acontecer uma coisa parecida com o que havia rolado antes: fiz cinco novelas em cinco anos&#8221;, disse Brichta ao\u00a0<i>Extra<\/i>.<\/p>\n<p>E completou o ator de 48 anos sobre as telenovelas: &#8220;N\u00e3o \u00e9 que agora eu esteja insatisfeito, mas realmente \u00e9 uma demanda muito grande. \u00c9 um trabalho desgastante e que ocupa muito tempo. Por enquanto, s\u00f3 quero descansar.&#8221;<\/p>\n<p>Al\u00e9m da novela\u00a0<i>Renascer<\/i>, Vladimir esteve recentemente envolvido na produ\u00e7\u00e3o\u00a0<i>Peda\u00e7o de Mim<\/i>, na Netflix, que protagonizou junto a Juliana Paes.<\/p>\n<p>A s\u00e9rie esteve em primeiro lugar no Top 10 produ\u00e7\u00f5es em l\u00edngua n\u00e3o-inglesa mais vistas da plataforma. A produ\u00e7\u00e3o alcan\u00e7ou o primeiro lugar no Brasil, na Argentina, na Bol\u00edvia, no Equador, no M\u00e9xico e no Paraguai. Na It\u00e1lia e em Portugal ficou em segundo e, na Fran\u00e7a, em terceiro.<\/p>\n<p>Recentemente, durante lan\u00e7amento da novela\u00a0<i>Mania de Voc\u00ea<\/i>, a atriz Adriana Esteves, com quem Brichta \u00e9 casado, tamb\u00e9m expressou a vontade de dar um tempo com as novelas. &#8220;Quero parar Novela d\u00e1 muito trabalho. Muito! Quero fazer s\u00e9ries, filmes, teatro&#8230;&#8221;, disse.<\/p>\n<p><b>Veja em que novelas Vladimir Brichta atuou depois de pausa em 2006<\/b><\/p>\n<p>Rock Story (2016)<\/p>\n<p>Segundo Sol (2018)<\/p>\n<p>Amor de M\u00e3e (2019)<\/p>\n<p>Quanto Mais Vida, Melhor! (2021)<\/p>\n<p>Renascer (2024)<\/p><\/div>\n","protected":false},"excerpt":{"rendered":"<p>Por Raisa Toledo Com o t\u00e9rmino da novela\u00a0Renascer, que ser\u00e1 substitu\u00edda por\u00a0Mania de Voc\u00ea\u00a0como a novela das 21 horas da TV Globo, Vladimir Brichta, o int\u00e9rprete do coronel Eg\u00eddio, decidiu fazer uma pausa em sua carreira nas novelas. A informa\u00e7\u00e3o foi divulgada ao portal\u00a0Extra. A decis\u00e3o foi tomada para que o ator, que v\u00eam emendando &hellip;<\/p>\n","protected":false},"author":1,"featured_media":3795,"comment_status":"closed","ping_status":"closed","sticky":false,"template":"","format":"standard","meta":{"footnotes":""},"categories":[24],"tags":[],"class_list":["post-3794","post","type-post","status-publish","format-standard","has-post-thumbnail","hentry","category-entretenimento"],"yoast_head":"<!-- This site is optimized with the Yoast SEO plugin v27.4 - https:\/\/yoast.com\/product\/yoast-seo-wordpress\/ -->\n<title>Vladimir Brichta far\u00e1 pausa na carreira com o fim de &#039;Renascer&#039; - Transam\u00e9rica Mococa 93,3<\/title>\n<meta name=\"robots\" content=\"index, follow, max-snippet:-1, max-image-preview:large, max-video-preview:-1\" \/>\n<link rel=\"canonical\" href=\"https:\/\/transamerica93.com.br\/home\/vladimir-brichta-fara-pausa-na-carreira-com-o-fim-de-renascer\/\" \/>\n<meta property=\"og:locale\" content=\"pt_BR\" \/>\n<meta property=\"og:type\" content=\"article\" \/>\n<meta property=\"og:title\" content=\"Vladimir Brichta far\u00e1 pausa na carreira com o fim de &#039;Renascer&#039; - Transam\u00e9rica Mococa 93,3\" \/>\n<meta property=\"og:description\" content=\"Por Raisa Toledo Com o t\u00e9rmino da novela\u00a0Renascer, que ser\u00e1 substitu\u00edda por\u00a0Mania de Voc\u00ea\u00a0como a novela das 21 horas da TV Globo, Vladimir Brichta, o int\u00e9rprete do coronel Eg\u00eddio, decidiu fazer uma pausa em sua carreira nas novelas. A informa\u00e7\u00e3o foi divulgada ao portal\u00a0Extra. A decis\u00e3o foi tomada para que o ator, que v\u00eam emendando &hellip;\" \/>\n<meta property=\"og:url\" content=\"https:\/\/transamerica93.com.br\/home\/vladimir-brichta-fara-pausa-na-carreira-com-o-fim-de-renascer\/\" \/>\n<meta property=\"og:site_name\" content=\"Transam\u00e9rica Mococa 93,3\" \/>\n<meta property=\"article:publisher\" content=\"https:\/\/www.facebook.com\/transamericamococa\" \/>\n<meta property=\"article:published_time\" content=\"2024-09-17T21:00:14+00:00\" \/>\n<meta property=\"og:image\" content=\"https:\/\/transamerica93.com.br\/home\/wp-content\/uploads\/2024\/09\/1-4.jpg\" \/>\n\t<meta property=\"og:image:width\" content=\"945\" \/>\n\t<meta property=\"og:image:height\" content=\"721\" \/>\n\t<meta property=\"og:image:type\" content=\"image\/jpeg\" \/>\n<meta name=\"author\" content=\"Reda\u00e7\u00e3o\" \/>\n<meta name=\"twitter:card\" content=\"summary_large_image\" \/>\n<meta name=\"twitter:creator\" content=\"@transamerica933\" \/>\n<meta name=\"twitter:site\" content=\"@transamerica933\" \/>\n<meta name=\"twitter:label1\" content=\"Escrito por\" \/>\n\t<meta name=\"twitter:data1\" content=\"Reda\u00e7\u00e3o\" \/>\n\t<meta name=\"twitter:label2\" content=\"Est. tempo de leitura\" \/>\n\t<meta name=\"twitter:data2\" content=\"3 minutos\" \/>\n<script type=\"application\/ld+json\" class=\"yoast-schema-graph\">{\"@context\":\"https:\\\/\\\/schema.org\",\"@graph\":[{\"@type\":\"Article\",\"@id\":\"https:\\\/\\\/transamerica93.com.br\\\/home\\\/vladimir-brichta-fara-pausa-na-carreira-com-o-fim-de-renascer\\\/#article\",\"isPartOf\":{\"@id\":\"https:\\\/\\\/transamerica93.com.br\\\/home\\\/vladimir-brichta-fara-pausa-na-carreira-com-o-fim-de-renascer\\\/\"},\"author\":{\"name\":\"Reda\u00e7\u00e3o\",\"@id\":\"https:\\\/\\\/transamerica93.com.br\\\/home\\\/#\\\/schema\\\/person\\\/7fed7c99c0d4562efa8561bc0f543172\"},\"headline\":\"Vladimir Brichta far\u00e1 pausa na carreira com o fim de &#8216;Renascer&#8217;\",\"datePublished\":\"2024-09-17T21:00:14+00:00\",\"mainEntityOfPage\":{\"@id\":\"https:\\\/\\\/transamerica93.com.br\\\/home\\\/vladimir-brichta-fara-pausa-na-carreira-com-o-fim-de-renascer\\\/\"},\"wordCount\":398,\"publisher\":{\"@id\":\"https:\\\/\\\/transamerica93.com.br\\\/home\\\/#organization\"},\"image\":{\"@id\":\"https:\\\/\\\/transamerica93.com.br\\\/home\\\/vladimir-brichta-fara-pausa-na-carreira-com-o-fim-de-renascer\\\/#primaryimage\"},\"thumbnailUrl\":\"https:\\\/\\\/transamerica93.com.br\\\/home\\\/wp-content\\\/uploads\\\/2024\\\/09\\\/1-4.jpg\",\"articleSection\":[\"Entretenimento\"],\"inLanguage\":\"pt-BR\"},{\"@type\":\"WebPage\",\"@id\":\"https:\\\/\\\/transamerica93.com.br\\\/home\\\/vladimir-brichta-fara-pausa-na-carreira-com-o-fim-de-renascer\\\/\",\"url\":\"https:\\\/\\\/transamerica93.com.br\\\/home\\\/vladimir-brichta-fara-pausa-na-carreira-com-o-fim-de-renascer\\\/\",\"name\":\"Vladimir Brichta far\u00e1 pausa na carreira com o fim de 'Renascer' - Transam\u00e9rica Mococa 93,3\",\"isPartOf\":{\"@id\":\"https:\\\/\\\/transamerica93.com.br\\\/home\\\/#website\"},\"primaryImageOfPage\":{\"@id\":\"https:\\\/\\\/transamerica93.com.br\\\/home\\\/vladimir-brichta-fara-pausa-na-carreira-com-o-fim-de-renascer\\\/#primaryimage\"},\"image\":{\"@id\":\"https:\\\/\\\/transamerica93.com.br\\\/home\\\/vladimir-brichta-fara-pausa-na-carreira-com-o-fim-de-renascer\\\/#primaryimage\"},\"thumbnailUrl\":\"https:\\\/\\\/transamerica93.com.br\\\/home\\\/wp-content\\\/uploads\\\/2024\\\/09\\\/1-4.jpg\",\"datePublished\":\"2024-09-17T21:00:14+00:00\",\"breadcrumb\":{\"@id\":\"https:\\\/\\\/transamerica93.com.br\\\/home\\\/vladimir-brichta-fara-pausa-na-carreira-com-o-fim-de-renascer\\\/#breadcrumb\"},\"inLanguage\":\"pt-BR\",\"potentialAction\":[{\"@type\":\"ReadAction\",\"target\":[\"https:\\\/\\\/transamerica93.com.br\\\/home\\\/vladimir-brichta-fara-pausa-na-carreira-com-o-fim-de-renascer\\\/\"]}]},{\"@type\":\"ImageObject\",\"inLanguage\":\"pt-BR\",\"@id\":\"https:\\\/\\\/transamerica93.com.br\\\/home\\\/vladimir-brichta-fara-pausa-na-carreira-com-o-fim-de-renascer\\\/#primaryimage\",\"url\":\"https:\\\/\\\/transamerica93.com.br\\\/home\\\/wp-content\\\/uploads\\\/2024\\\/09\\\/1-4.jpg\",\"contentUrl\":\"https:\\\/\\\/transamerica93.com.br\\\/home\\\/wp-content\\\/uploads\\\/2024\\\/09\\\/1-4.jpg\",\"width\":945,\"height\":721,\"caption\":\"Foto: Instagram @reasonbrichta\"},{\"@type\":\"BreadcrumbList\",\"@id\":\"https:\\\/\\\/transamerica93.com.br\\\/home\\\/vladimir-brichta-fara-pausa-na-carreira-com-o-fim-de-renascer\\\/#breadcrumb\",\"itemListElement\":[{\"@type\":\"ListItem\",\"position\":1,\"name\":\"In\u00edcio\",\"item\":\"https:\\\/\\\/transamerica93.com.br\\\/home\\\/\"},{\"@type\":\"ListItem\",\"position\":2,\"name\":\"Vladimir Brichta far\u00e1 pausa na carreira com o fim de &#8216;Renascer&#8217;\"}]},{\"@type\":\"WebSite\",\"@id\":\"https:\\\/\\\/transamerica93.com.br\\\/home\\\/#website\",\"url\":\"https:\\\/\\\/transamerica93.com.br\\\/home\\\/\",\"name\":\"Transam\u00e9rica Mococa 93,3\",\"description\":\"\",\"publisher\":{\"@id\":\"https:\\\/\\\/transamerica93.com.br\\\/home\\\/#organization\"},\"potentialAction\":[{\"@type\":\"SearchAction\",\"target\":{\"@type\":\"EntryPoint\",\"urlTemplate\":\"https:\\\/\\\/transamerica93.com.br\\\/home\\\/?s={search_term_string}\"},\"query-input\":{\"@type\":\"PropertyValueSpecification\",\"valueRequired\":true,\"valueName\":\"search_term_string\"}}],\"inLanguage\":\"pt-BR\"},{\"@type\":\"Organization\",\"@id\":\"https:\\\/\\\/transamerica93.com.br\\\/home\\\/#organization\",\"name\":\"Transam\u00e9rica Mococa 93,3\",\"url\":\"https:\\\/\\\/transamerica93.com.br\\\/home\\\/\",\"logo\":{\"@type\":\"ImageObject\",\"inLanguage\":\"pt-BR\",\"@id\":\"https:\\\/\\\/transamerica93.com.br\\\/home\\\/#\\\/schema\\\/logo\\\/image\\\/\",\"url\":\"https:\\\/\\\/transamerica93.com.br\\\/home\\\/wp-content\\\/uploads\\\/2023\\\/10\\\/logo2.png\",\"contentUrl\":\"https:\\\/\\\/transamerica93.com.br\\\/home\\\/wp-content\\\/uploads\\\/2023\\\/10\\\/logo2.png\",\"width\":800,\"height\":500,\"caption\":\"Transam\u00e9rica Mococa 93,3\"},\"image\":{\"@id\":\"https:\\\/\\\/transamerica93.com.br\\\/home\\\/#\\\/schema\\\/logo\\\/image\\\/\"},\"sameAs\":[\"https:\\\/\\\/www.facebook.com\\\/transamericamococa\",\"https:\\\/\\\/x.com\\\/transamerica933\",\"https:\\\/\\\/www.instagram.com\\\/transamericamococa\"]},{\"@type\":\"Person\",\"@id\":\"https:\\\/\\\/transamerica93.com.br\\\/home\\\/#\\\/schema\\\/person\\\/7fed7c99c0d4562efa8561bc0f543172\",\"name\":\"Reda\u00e7\u00e3o\",\"image\":{\"@type\":\"ImageObject\",\"inLanguage\":\"pt-BR\",\"@id\":\"https:\\\/\\\/secure.gravatar.com\\\/avatar\\\/1072c6b775fb02ef8506ce967551d95926669a6b7d2c2147b42eea4d7c68395e?s=96&d=mm&r=g\",\"url\":\"https:\\\/\\\/secure.gravatar.com\\\/avatar\\\/1072c6b775fb02ef8506ce967551d95926669a6b7d2c2147b42eea4d7c68395e?s=96&d=mm&r=g\",\"contentUrl\":\"https:\\\/\\\/secure.gravatar.com\\\/avatar\\\/1072c6b775fb02ef8506ce967551d95926669a6b7d2c2147b42eea4d7c68395e?s=96&d=mm&r=g\",\"caption\":\"Reda\u00e7\u00e3o\"},\"sameAs\":[\"https:\\\/\\\/transamerica93.com.br\\\/home\"],\"url\":\"https:\\\/\\\/transamerica93.com.br\\\/home\\\/author\\\/william\\\/\"}]}<\/script>\n<!-- \/ Yoast SEO plugin. -->","yoast_head_json":{"title":"Vladimir Brichta far\u00e1 pausa na carreira com o fim de 'Renascer' - Transam\u00e9rica Mococa 93,3","robots":{"index":"index","follow":"follow","max-snippet":"max-snippet:-1","max-image-preview":"max-image-preview:large","max-video-preview":"max-video-preview:-1"},"canonical":"https:\/\/transamerica93.com.br\/home\/vladimir-brichta-fara-pausa-na-carreira-com-o-fim-de-renascer\/","og_locale":"pt_BR","og_type":"article","og_title":"Vladimir Brichta far\u00e1 pausa na carreira com o fim de 'Renascer' - Transam\u00e9rica Mococa 93,3","og_description":"Por Raisa Toledo Com o t\u00e9rmino da novela\u00a0Renascer, que ser\u00e1 substitu\u00edda por\u00a0Mania de Voc\u00ea\u00a0como a novela das 21 horas da TV Globo, Vladimir Brichta, o int\u00e9rprete do coronel Eg\u00eddio, decidiu fazer uma pausa em sua carreira nas novelas. A informa\u00e7\u00e3o foi divulgada ao portal\u00a0Extra. A decis\u00e3o foi tomada para que o ator, que v\u00eam emendando &hellip;","og_url":"https:\/\/transamerica93.com.br\/home\/vladimir-brichta-fara-pausa-na-carreira-com-o-fim-de-renascer\/","og_site_name":"Transam\u00e9rica Mococa 93,3","article_publisher":"https:\/\/www.facebook.com\/transamericamococa","article_published_time":"2024-09-17T21:00:14+00:00","og_image":[{"width":945,"height":721,"url":"https:\/\/transamerica93.com.br\/home\/wp-content\/uploads\/2024\/09\/1-4.jpg","type":"image\/jpeg"}],"author":"Reda\u00e7\u00e3o","twitter_card":"summary_large_image","twitter_creator":"@transamerica933","twitter_site":"@transamerica933","twitter_misc":{"Escrito por":"Reda\u00e7\u00e3o","Est. tempo de leitura":"3 minutos"},"schema":{"@context":"https:\/\/schema.org","@graph":[{"@type":"Article","@id":"https:\/\/transamerica93.com.br\/home\/vladimir-brichta-fara-pausa-na-carreira-com-o-fim-de-renascer\/#article","isPartOf":{"@id":"https:\/\/transamerica93.com.br\/home\/vladimir-brichta-fara-pausa-na-carreira-com-o-fim-de-renascer\/"},"author":{"name":"Reda\u00e7\u00e3o","@id":"https:\/\/transamerica93.com.br\/home\/#\/schema\/person\/7fed7c99c0d4562efa8561bc0f543172"},"headline":"Vladimir Brichta far\u00e1 pausa na carreira com o fim de &#8216;Renascer&#8217;","datePublished":"2024-09-17T21:00:14+00:00","mainEntityOfPage":{"@id":"https:\/\/transamerica93.com.br\/home\/vladimir-brichta-fara-pausa-na-carreira-com-o-fim-de-renascer\/"},"wordCount":398,"publisher":{"@id":"https:\/\/transamerica93.com.br\/home\/#organization"},"image":{"@id":"https:\/\/transamerica93.com.br\/home\/vladimir-brichta-fara-pausa-na-carreira-com-o-fim-de-renascer\/#primaryimage"},"thumbnailUrl":"https:\/\/transamerica93.com.br\/home\/wp-content\/uploads\/2024\/09\/1-4.jpg","articleSection":["Entretenimento"],"inLanguage":"pt-BR"},{"@type":"WebPage","@id":"https:\/\/transamerica93.com.br\/home\/vladimir-brichta-fara-pausa-na-carreira-com-o-fim-de-renascer\/","url":"https:\/\/transamerica93.com.br\/home\/vladimir-brichta-fara-pausa-na-carreira-com-o-fim-de-renascer\/","name":"Vladimir Brichta far\u00e1 pausa na carreira com o fim de 'Renascer' - Transam\u00e9rica Mococa 93,3","isPartOf":{"@id":"https:\/\/transamerica93.com.br\/home\/#website"},"primaryImageOfPage":{"@id":"https:\/\/transamerica93.com.br\/home\/vladimir-brichta-fara-pausa-na-carreira-com-o-fim-de-renascer\/#primaryimage"},"image":{"@id":"https:\/\/transamerica93.com.br\/home\/vladimir-brichta-fara-pausa-na-carreira-com-o-fim-de-renascer\/#primaryimage"},"thumbnailUrl":"https:\/\/transamerica93.com.br\/home\/wp-content\/uploads\/2024\/09\/1-4.jpg","datePublished":"2024-09-17T21:00:14+00:00","breadcrumb":{"@id":"https:\/\/transamerica93.com.br\/home\/vladimir-brichta-fara-pausa-na-carreira-com-o-fim-de-renascer\/#breadcrumb"},"inLanguage":"pt-BR","potentialAction":[{"@type":"ReadAction","target":["https:\/\/transamerica93.com.br\/home\/vladimir-brichta-fara-pausa-na-carreira-com-o-fim-de-renascer\/"]}]},{"@type":"ImageObject","inLanguage":"pt-BR","@id":"https:\/\/transamerica93.com.br\/home\/vladimir-brichta-fara-pausa-na-carreira-com-o-fim-de-renascer\/#primaryimage","url":"https:\/\/transamerica93.com.br\/home\/wp-content\/uploads\/2024\/09\/1-4.jpg","contentUrl":"https:\/\/transamerica93.com.br\/home\/wp-content\/uploads\/2024\/09\/1-4.jpg","width":945,"height":721,"caption":"Foto: Instagram @reasonbrichta"},{"@type":"BreadcrumbList","@id":"https:\/\/transamerica93.com.br\/home\/vladimir-brichta-fara-pausa-na-carreira-com-o-fim-de-renascer\/#breadcrumb","itemListElement":[{"@type":"ListItem","position":1,"name":"In\u00edcio","item":"https:\/\/transamerica93.com.br\/home\/"},{"@type":"ListItem","position":2,"name":"Vladimir Brichta far\u00e1 pausa na carreira com o fim de &#8216;Renascer&#8217;"}]},{"@type":"WebSite","@id":"https:\/\/transamerica93.com.br\/home\/#website","url":"https:\/\/transamerica93.com.br\/home\/","name":"Transam\u00e9rica Mococa 93,3","description":"","publisher":{"@id":"https:\/\/transamerica93.com.br\/home\/#organization"},"potentialAction":[{"@type":"SearchAction","target":{"@type":"EntryPoint","urlTemplate":"https:\/\/transamerica93.com.br\/home\/?s={search_term_string}"},"query-input":{"@type":"PropertyValueSpecification","valueRequired":true,"valueName":"search_term_string"}}],"inLanguage":"pt-BR"},{"@type":"Organization","@id":"https:\/\/transamerica93.com.br\/home\/#organization","name":"Transam\u00e9rica Mococa 93,3","url":"https:\/\/transamerica93.com.br\/home\/","logo":{"@type":"ImageObject","inLanguage":"pt-BR","@id":"https:\/\/transamerica93.com.br\/home\/#\/schema\/logo\/image\/","url":"https:\/\/transamerica93.com.br\/home\/wp-content\/uploads\/2023\/10\/logo2.png","contentUrl":"https:\/\/transamerica93.com.br\/home\/wp-content\/uploads\/2023\/10\/logo2.png","width":800,"height":500,"caption":"Transam\u00e9rica Mococa 93,3"},"image":{"@id":"https:\/\/transamerica93.com.br\/home\/#\/schema\/logo\/image\/"},"sameAs":["https:\/\/www.facebook.com\/transamericamococa","https:\/\/x.com\/transamerica933","https:\/\/www.instagram.com\/transamericamococa"]},{"@type":"Person","@id":"https:\/\/transamerica93.com.br\/home\/#\/schema\/person\/7fed7c99c0d4562efa8561bc0f543172","name":"Reda\u00e7\u00e3o","image":{"@type":"ImageObject","inLanguage":"pt-BR","@id":"https:\/\/secure.gravatar.com\/avatar\/1072c6b775fb02ef8506ce967551d95926669a6b7d2c2147b42eea4d7c68395e?s=96&d=mm&r=g","url":"https:\/\/secure.gravatar.com\/avatar\/1072c6b775fb02ef8506ce967551d95926669a6b7d2c2147b42eea4d7c68395e?s=96&d=mm&r=g","contentUrl":"https:\/\/secure.gravatar.com\/avatar\/1072c6b775fb02ef8506ce967551d95926669a6b7d2c2147b42eea4d7c68395e?s=96&d=mm&r=g","caption":"Reda\u00e7\u00e3o"},"sameAs":["https:\/\/transamerica93.com.br\/home"],"url":"https:\/\/transamerica93.com.br\/home\/author\/william\/"}]}},"_links":{"self":[{"href":"https:\/\/transamerica93.com.br\/home\/wp-json\/wp\/v2\/posts\/3794","targetHints":{"allow":["GET"]}}],"collection":[{"href":"https:\/\/transamerica93.com.br\/home\/wp-json\/wp\/v2\/posts"}],"about":[{"href":"https:\/\/transamerica93.com.br\/home\/wp-json\/wp\/v2\/types\/post"}],"author":[{"embeddable":true,"href":"https:\/\/transamerica93.com.br\/home\/wp-json\/wp\/v2\/users\/1"}],"replies":[{"embeddable":true,"href":"https:\/\/transamerica93.com.br\/home\/wp-json\/wp\/v2\/comments?post=3794"}],"version-history":[{"count":1,"href":"https:\/\/transamerica93.com.br\/home\/wp-json\/wp\/v2\/posts\/3794\/revisions"}],"predecessor-version":[{"id":3796,"href":"https:\/\/transamerica93.com.br\/home\/wp-json\/wp\/v2\/posts\/3794\/revisions\/3796"}],"wp:featuredmedia":[{"embeddable":true,"href":"https:\/\/transamerica93.com.br\/home\/wp-json\/wp\/v2\/media\/3795"}],"wp:attachment":[{"href":"https:\/\/transamerica93.com.br\/home\/wp-json\/wp\/v2\/media?parent=3794"}],"wp:term":[{"taxonomy":"category","embeddable":true,"href":"https:\/\/transamerica93.com.br\/home\/wp-json\/wp\/v2\/categories?post=3794"},{"taxonomy":"post_tag","embeddable":true,"href":"https:\/\/transamerica93.com.br\/home\/wp-json\/wp\/v2\/tags?post=3794"}],"curies":[{"name":"wp","href":"https:\/\/api.w.org\/{rel}","templated":true}]}}