{"id":3800,"date":"2024-09-23T09:00:37","date_gmt":"2024-09-23T12:00:37","guid":{"rendered":"https:\/\/transamerica93.com.br\/home\/?p=3800"},"modified":"2024-09-21T13:43:20","modified_gmt":"2024-09-21T16:43:20","slug":"mudancas-climaticas-e-eventos-extremos-impactam-vacinacao-no-brasil","status":"publish","type":"post","link":"https:\/\/transamerica93.com.br\/home\/mudancas-climaticas-e-eventos-extremos-impactam-vacinacao-no-brasil\/","title":{"rendered":"Mudan\u00e7as clim\u00e1ticas e eventos extremos impactam vacina\u00e7\u00e3o no Brasil"},"content":{"rendered":"<div class=\"post-item-wrap\">\n<p>Karen Carvalho \u00e9 enfermeira diplomada pela Universidade do Vale do Rio dos Sinos, no Rio Grande do Sul, com especializa\u00e7\u00e3o em sa\u00fade coletiva, estrat\u00e9gia de sa\u00fade da fam\u00edlia e vigil\u00e2ncia em sa\u00fade. Em maio deste ano, ela atuou junto a outros profissionais da \u00e1rea nas enchentes que assolaram seu estado. A tarefa de Karen em meio aos caos n\u00e3o era f\u00e1cil: vacinar pessoas que tiveram contato com a \u00e1gua e que se aglomeravam em abrigos, sucet\u00edveis a doen\u00e7as como hepatite A, influenza e covid-19.<img decoding=\"async\" data-src=\"https:\/\/agenciabrasil.ebc.com.br\/ebc.png?id=1613242&amp;o=node\" src=\"data:image\/svg+xml;base64,PHN2ZyB3aWR0aD0iMSIgaGVpZ2h0PSIxIiB4bWxucz0iaHR0cDovL3d3dy53My5vcmcvMjAwMC9zdmciPjwvc3ZnPg==\" class=\"lazyload\" \/><img decoding=\"async\" data-src=\"https:\/\/agenciabrasil.ebc.com.br\/ebc.gif?id=1613242&amp;o=node\" src=\"data:image\/svg+xml;base64,PHN2ZyB3aWR0aD0iMSIgaGVpZ2h0PSIxIiB4bWxucz0iaHR0cDovL3d3dy53My5vcmcvMjAwMC9zdmciPjwvc3ZnPg==\" class=\"lazyload\" \/><\/p>\n<p>\u201cTivemos que ir aos abrigos v\u00e1rias vezes. N\u00e3o foi s\u00f3 uma vez n\u00e3o. Foram v\u00e1rias idas. At\u00e9 que as pessoas topassem nos receber. At\u00e9 que tiv\u00e9ssemos um v\u00ednculo com aquela popula\u00e7\u00e3o que estava ali\u201d, contou. Dentre os desafios, segundo ela, estava a aus\u00eancia de documenta\u00e7\u00e3o para o registro das doses aplicadas. \u201cAquelas pessoas sa\u00edram de casa sem nada. Sem cart\u00e3o do Sistema \u00danico de Sa\u00fade (SUS), sem carteira de vacina das crian\u00e7as\u201d.<\/p>\n<p>Outra dificuldade enfrentada pela enfermeira e por outros profissionais de sa\u00fade que atuaram nas enchentes do Rio Grande do Sul foi a hesita\u00e7\u00e3o vacinal. \u201cAs pessoas da regi\u00e3o estavam t\u00e3o fragilizadas com tudo o que estava acontecendo que convenc\u00ea-las sobre a vacina\u00e7\u00e3o n\u00e3o foi f\u00e1cil. Vacinar parecia ser o que menos importava pra elas naquele momento\u201d, lembra.<\/p>\n<p>\u201cEm meio a tudo isso, ficamos sem locomo\u00e7\u00e3o. Os profissionais de sa\u00fade n\u00e3o conseguiam chegar aos locais onde havia demanda pra eles. Usamos o servi\u00e7o do Ex\u00e9rcito pra levar vacina onde precisava, pra buscar vacina onde precisava. S\u00f3 aquele caminh\u00e3o passava, porque \u00e9 muito alto e a \u00e1gua n\u00e3o tapava. Havia pessoas isoladas de um lado da cidade e n\u00f3s ficamos presos do outro lado.\u201d<\/p>\n<p>Karen tamb\u00e9m precisou aplicar doses antirr\u00e1bicas de forma preventiva em volunt\u00e1rios que resgatavam animais das \u00e1guas e nos que cuidavam desses mesmos animais em abrigos, j\u00e1 que o risco de mordidas, arranh\u00f5es e outros acidentes era constante. \u201cAcabamos vacinando por pr\u00e9-exposi\u00e7\u00e3o quem participava de resgates e for\u00e7as de seguran\u00e7a, como a For\u00e7a Nacional do SUS, homens do corpo de bombeiros e do Ex\u00e9rcito\u201d.<\/p>\n<h2>Plano de conting\u00eancia<\/h2>\n<p>Micheline Silveira \u00e9 dentista por forma\u00e7\u00e3o, mas abra\u00e7ou a enfermagem em 2016. \u201cMe apaixonei pela profiss\u00e3o e n\u00e3o larguei mais\u201d. Ela estava no centro de Porto Alegre quando as \u00e1guas come\u00e7aram a subir. Como a empresa de imuniza\u00e7\u00e3o para a qual trabalhava tinha um plano de conting\u00eancia para situa\u00e7\u00f5es extremas, Micheline pode contar com equipamentos adequados, como c\u00e2maras frias de emerg\u00eancia e unidades m\u00f3veis para backup, al\u00e9m de colegas capacitados para atuar naquele momento.<\/p>\n<p>\u201cSempre achamos que, se alguma coisa acontecesse, a gente daria conta dela muito bem. E conseguimos, de fato. Mas a gente nunca imaginou que passar\u00edamos por algo t\u00e3o surreal como o que aconteceu no nosso estado\u201d, contou. \u201cA gente tinha c\u00e2mara fria, gerador. Mas quanto tempo tudo aquilo ia durar? Descemos com a caixa de isopor pra colocar as vacinas na unidade m\u00f3vel. Levamos pra S\u00e3o Leopoldo, onde havia maior disponibilidade de armazenamento. E s\u00f3 conseguimos voltar pra Porto Alegre 43 dias depois.\u201d<\/p>\n<h2>Microplanejamento<\/h2>\n<p>A enfermeira Cleia Soares Martins tamb\u00e9m pode sentir, este ano, os impactos das mudan\u00e7as clim\u00e1ticas e de eventos extremos nos servi\u00e7os de vacina\u00e7\u00e3o. Respons\u00e1vel t\u00e9cnica pela Central de Distribui\u00e7\u00e3o de Imunobil\u00f3gicos do Amazonas, ela enfrenta um cen\u00e1rio de calor e estiagem sem precedentes, quando o que era esperado para o per\u00edodo era o chamado inverno amaz\u00f4nico e muita chuva. \u201cA Amaz\u00f4nia vem passando pela pior seca das \u00faltimas d\u00e9cadas. Com os inc\u00eandios, tem dias que a gente acorda e n\u00e3o consegue ver o outro lado do rio\u201d.<\/p>\n<p>Segundo Cleia, quando se trabalha com imuniza\u00e7\u00e3o no Amazonas, al\u00e9m de dominar a t\u00e9cnica relacionada a vacinas, \u00e9 preciso conhecer toda a hidrografia do estado no intuito de alcan\u00e7ar comunidades de dif\u00edcil acesso, como quilombolas e ribeirinhos. \u201cNossas estradas s\u00e3o os rios, mas o que acontece quando eles secam?\u201d Ela lembra que, at\u00e9 o fim de agosto, nove munic\u00edpios da regi\u00e3o tinham decretado situa\u00e7\u00e3o de emerg\u00eancia. Na semana passada, o n\u00famero j\u00e1 havia subido para 13.<\/p>\n<p>\u201cNo ano passado, nossa situa\u00e7\u00e3o j\u00e1 n\u00e3o foi f\u00e1cil. A previs\u00e3o era de estiagem ainda mais severa este ano. Por isso, come\u00e7amos a nos planejar em dezembro. Por meio de microplanejamento, fizemos o poss\u00edvel para que, ainda no primeiro semestre, antecip\u00e1ssemos todas as a\u00e7\u00f5es de vacina\u00e7\u00e3o, priorizando \u00e1reas de dif\u00edcil acesso\u201d, disse, ao citar parcerias com os governos do Acre e de Rond\u00f4nia.<\/p>\n<p>\u201cMas o que a gente faz hoje ainda n\u00e3o \u00e9 suficiente. A gente precisa de mais. Precisamos investir em tecnologia e inova\u00e7\u00e3o, pra ter um suporte melhor, seja na seca, seja na cheia\u201d, avaliou. \u201cPra que, juntos, a gente possa superar esses desafios e garantir a plenitude do servi\u00e7o de vacina\u00e7\u00e3o para todo e qualquer cidad\u00e3o no local onde ele reside.\u201d<\/p>\n<p><em>*A rep\u00f3rter viajou a convite da Sociedade Brasileira de Imuniza\u00e7\u00f5es (SBIm).<\/em><\/p>\n<\/div>\n<p class=\"alt-font font-italic my-2 small text-info\">Edi\u00e7\u00e3o: Val\u00e9ria Aguiar<\/p>\n","protected":false},"excerpt":{"rendered":"<p>Karen Carvalho \u00e9 enfermeira diplomada pela Universidade do Vale do Rio dos Sinos, no Rio Grande do Sul, com especializa\u00e7\u00e3o em sa\u00fade coletiva, estrat\u00e9gia de sa\u00fade da fam\u00edlia e vigil\u00e2ncia em sa\u00fade. Em maio deste ano, ela atuou junto a outros profissionais da \u00e1rea nas enchentes que assolaram seu estado. A tarefa de Karen em &hellip;<\/p>\n","protected":false},"author":1,"featured_media":3804,"comment_status":"closed","ping_status":"closed","sticky":false,"template":"","format":"standard","meta":{"footnotes":""},"categories":[30],"tags":[],"class_list":["post-3800","post","type-post","status-publish","format-standard","has-post-thumbnail","hentry","category-geral"],"yoast_head":"<!-- This site is optimized with the Yoast SEO plugin v27.4 - https:\/\/yoast.com\/product\/yoast-seo-wordpress\/ -->\n<title>Mudan\u00e7as clim\u00e1ticas e eventos extremos impactam vacina\u00e7\u00e3o no Brasil - Transam\u00e9rica Mococa 93,3<\/title>\n<meta name=\"robots\" content=\"index, follow, max-snippet:-1, max-image-preview:large, max-video-preview:-1\" \/>\n<link rel=\"canonical\" href=\"https:\/\/transamerica93.com.br\/home\/mudancas-climaticas-e-eventos-extremos-impactam-vacinacao-no-brasil\/\" \/>\n<meta property=\"og:locale\" content=\"pt_BR\" \/>\n<meta property=\"og:type\" content=\"article\" \/>\n<meta property=\"og:title\" content=\"Mudan\u00e7as clim\u00e1ticas e eventos extremos impactam vacina\u00e7\u00e3o no Brasil - Transam\u00e9rica Mococa 93,3\" \/>\n<meta property=\"og:description\" content=\"Karen Carvalho \u00e9 enfermeira diplomada pela Universidade do Vale do Rio dos Sinos, no Rio Grande do Sul, com especializa\u00e7\u00e3o em sa\u00fade coletiva, estrat\u00e9gia de sa\u00fade da fam\u00edlia e vigil\u00e2ncia em sa\u00fade. Em maio deste ano, ela atuou junto a outros profissionais da \u00e1rea nas enchentes que assolaram seu estado. A tarefa de Karen em &hellip;\" \/>\n<meta property=\"og:url\" content=\"https:\/\/transamerica93.com.br\/home\/mudancas-climaticas-e-eventos-extremos-impactam-vacinacao-no-brasil\/\" \/>\n<meta property=\"og:site_name\" content=\"Transam\u00e9rica Mococa 93,3\" \/>\n<meta property=\"article:publisher\" content=\"https:\/\/www.facebook.com\/transamericamococa\" \/>\n<meta property=\"article:published_time\" content=\"2024-09-23T12:00:37+00:00\" \/>\n<meta property=\"og:image\" content=\"https:\/\/transamerica93.com.br\/home\/wp-content\/uploads\/2024\/09\/4-2.jpg\" \/>\n\t<meta property=\"og:image:width\" content=\"1170\" \/>\n\t<meta property=\"og:image:height\" content=\"700\" \/>\n\t<meta property=\"og:image:type\" content=\"image\/jpeg\" \/>\n<meta name=\"author\" content=\"Reda\u00e7\u00e3o\" \/>\n<meta name=\"twitter:card\" content=\"summary_large_image\" \/>\n<meta name=\"twitter:creator\" content=\"@transamerica933\" \/>\n<meta name=\"twitter:site\" content=\"@transamerica933\" \/>\n<meta name=\"twitter:label1\" content=\"Escrito por\" \/>\n\t<meta name=\"twitter:data1\" content=\"Reda\u00e7\u00e3o\" \/>\n\t<meta name=\"twitter:label2\" content=\"Est. tempo de leitura\" \/>\n\t<meta name=\"twitter:data2\" content=\"6 minutos\" \/>\n<script type=\"application\/ld+json\" class=\"yoast-schema-graph\">{\"@context\":\"https:\\\/\\\/schema.org\",\"@graph\":[{\"@type\":\"Article\",\"@id\":\"https:\\\/\\\/transamerica93.com.br\\\/home\\\/mudancas-climaticas-e-eventos-extremos-impactam-vacinacao-no-brasil\\\/#article\",\"isPartOf\":{\"@id\":\"https:\\\/\\\/transamerica93.com.br\\\/home\\\/mudancas-climaticas-e-eventos-extremos-impactam-vacinacao-no-brasil\\\/\"},\"author\":{\"name\":\"Reda\u00e7\u00e3o\",\"@id\":\"https:\\\/\\\/transamerica93.com.br\\\/home\\\/#\\\/schema\\\/person\\\/7fed7c99c0d4562efa8561bc0f543172\"},\"headline\":\"Mudan\u00e7as clim\u00e1ticas e eventos extremos impactam vacina\u00e7\u00e3o no Brasil\",\"datePublished\":\"2024-09-23T12:00:37+00:00\",\"mainEntityOfPage\":{\"@id\":\"https:\\\/\\\/transamerica93.com.br\\\/home\\\/mudancas-climaticas-e-eventos-extremos-impactam-vacinacao-no-brasil\\\/\"},\"wordCount\":922,\"publisher\":{\"@id\":\"https:\\\/\\\/transamerica93.com.br\\\/home\\\/#organization\"},\"image\":{\"@id\":\"https:\\\/\\\/transamerica93.com.br\\\/home\\\/mudancas-climaticas-e-eventos-extremos-impactam-vacinacao-no-brasil\\\/#primaryimage\"},\"thumbnailUrl\":\"https:\\\/\\\/transamerica93.com.br\\\/home\\\/wp-content\\\/uploads\\\/2024\\\/09\\\/4-2.jpg\",\"articleSection\":[\"Geral\"],\"inLanguage\":\"pt-BR\"},{\"@type\":\"WebPage\",\"@id\":\"https:\\\/\\\/transamerica93.com.br\\\/home\\\/mudancas-climaticas-e-eventos-extremos-impactam-vacinacao-no-brasil\\\/\",\"url\":\"https:\\\/\\\/transamerica93.com.br\\\/home\\\/mudancas-climaticas-e-eventos-extremos-impactam-vacinacao-no-brasil\\\/\",\"name\":\"Mudan\u00e7as clim\u00e1ticas e eventos extremos impactam vacina\u00e7\u00e3o no Brasil - Transam\u00e9rica Mococa 93,3\",\"isPartOf\":{\"@id\":\"https:\\\/\\\/transamerica93.com.br\\\/home\\\/#website\"},\"primaryImageOfPage\":{\"@id\":\"https:\\\/\\\/transamerica93.com.br\\\/home\\\/mudancas-climaticas-e-eventos-extremos-impactam-vacinacao-no-brasil\\\/#primaryimage\"},\"image\":{\"@id\":\"https:\\\/\\\/transamerica93.com.br\\\/home\\\/mudancas-climaticas-e-eventos-extremos-impactam-vacinacao-no-brasil\\\/#primaryimage\"},\"thumbnailUrl\":\"https:\\\/\\\/transamerica93.com.br\\\/home\\\/wp-content\\\/uploads\\\/2024\\\/09\\\/4-2.jpg\",\"datePublished\":\"2024-09-23T12:00:37+00:00\",\"breadcrumb\":{\"@id\":\"https:\\\/\\\/transamerica93.com.br\\\/home\\\/mudancas-climaticas-e-eventos-extremos-impactam-vacinacao-no-brasil\\\/#breadcrumb\"},\"inLanguage\":\"pt-BR\",\"potentialAction\":[{\"@type\":\"ReadAction\",\"target\":[\"https:\\\/\\\/transamerica93.com.br\\\/home\\\/mudancas-climaticas-e-eventos-extremos-impactam-vacinacao-no-brasil\\\/\"]}]},{\"@type\":\"ImageObject\",\"inLanguage\":\"pt-BR\",\"@id\":\"https:\\\/\\\/transamerica93.com.br\\\/home\\\/mudancas-climaticas-e-eventos-extremos-impactam-vacinacao-no-brasil\\\/#primaryimage\",\"url\":\"https:\\\/\\\/transamerica93.com.br\\\/home\\\/wp-content\\\/uploads\\\/2024\\\/09\\\/4-2.jpg\",\"contentUrl\":\"https:\\\/\\\/transamerica93.com.br\\\/home\\\/wp-content\\\/uploads\\\/2024\\\/09\\\/4-2.jpg\",\"width\":1170,\"height\":700,\"caption\":\"\u00a9 Prefeitura Recife\"},{\"@type\":\"BreadcrumbList\",\"@id\":\"https:\\\/\\\/transamerica93.com.br\\\/home\\\/mudancas-climaticas-e-eventos-extremos-impactam-vacinacao-no-brasil\\\/#breadcrumb\",\"itemListElement\":[{\"@type\":\"ListItem\",\"position\":1,\"name\":\"In\u00edcio\",\"item\":\"https:\\\/\\\/transamerica93.com.br\\\/home\\\/\"},{\"@type\":\"ListItem\",\"position\":2,\"name\":\"Mudan\u00e7as clim\u00e1ticas e eventos extremos impactam vacina\u00e7\u00e3o no Brasil\"}]},{\"@type\":\"WebSite\",\"@id\":\"https:\\\/\\\/transamerica93.com.br\\\/home\\\/#website\",\"url\":\"https:\\\/\\\/transamerica93.com.br\\\/home\\\/\",\"name\":\"Transam\u00e9rica Mococa 93,3\",\"description\":\"\",\"publisher\":{\"@id\":\"https:\\\/\\\/transamerica93.com.br\\\/home\\\/#organization\"},\"potentialAction\":[{\"@type\":\"SearchAction\",\"target\":{\"@type\":\"EntryPoint\",\"urlTemplate\":\"https:\\\/\\\/transamerica93.com.br\\\/home\\\/?s={search_term_string}\"},\"query-input\":{\"@type\":\"PropertyValueSpecification\",\"valueRequired\":true,\"valueName\":\"search_term_string\"}}],\"inLanguage\":\"pt-BR\"},{\"@type\":\"Organization\",\"@id\":\"https:\\\/\\\/transamerica93.com.br\\\/home\\\/#organization\",\"name\":\"Transam\u00e9rica Mococa 93,3\",\"url\":\"https:\\\/\\\/transamerica93.com.br\\\/home\\\/\",\"logo\":{\"@type\":\"ImageObject\",\"inLanguage\":\"pt-BR\",\"@id\":\"https:\\\/\\\/transamerica93.com.br\\\/home\\\/#\\\/schema\\\/logo\\\/image\\\/\",\"url\":\"https:\\\/\\\/transamerica93.com.br\\\/home\\\/wp-content\\\/uploads\\\/2023\\\/10\\\/logo2.png\",\"contentUrl\":\"https:\\\/\\\/transamerica93.com.br\\\/home\\\/wp-content\\\/uploads\\\/2023\\\/10\\\/logo2.png\",\"width\":800,\"height\":500,\"caption\":\"Transam\u00e9rica Mococa 93,3\"},\"image\":{\"@id\":\"https:\\\/\\\/transamerica93.com.br\\\/home\\\/#\\\/schema\\\/logo\\\/image\\\/\"},\"sameAs\":[\"https:\\\/\\\/www.facebook.com\\\/transamericamococa\",\"https:\\\/\\\/x.com\\\/transamerica933\",\"https:\\\/\\\/www.instagram.com\\\/transamericamococa\"]},{\"@type\":\"Person\",\"@id\":\"https:\\\/\\\/transamerica93.com.br\\\/home\\\/#\\\/schema\\\/person\\\/7fed7c99c0d4562efa8561bc0f543172\",\"name\":\"Reda\u00e7\u00e3o\",\"image\":{\"@type\":\"ImageObject\",\"inLanguage\":\"pt-BR\",\"@id\":\"https:\\\/\\\/secure.gravatar.com\\\/avatar\\\/1072c6b775fb02ef8506ce967551d95926669a6b7d2c2147b42eea4d7c68395e?s=96&d=mm&r=g\",\"url\":\"https:\\\/\\\/secure.gravatar.com\\\/avatar\\\/1072c6b775fb02ef8506ce967551d95926669a6b7d2c2147b42eea4d7c68395e?s=96&d=mm&r=g\",\"contentUrl\":\"https:\\\/\\\/secure.gravatar.com\\\/avatar\\\/1072c6b775fb02ef8506ce967551d95926669a6b7d2c2147b42eea4d7c68395e?s=96&d=mm&r=g\",\"caption\":\"Reda\u00e7\u00e3o\"},\"sameAs\":[\"https:\\\/\\\/transamerica93.com.br\\\/home\"],\"url\":\"https:\\\/\\\/transamerica93.com.br\\\/home\\\/author\\\/william\\\/\"}]}<\/script>\n<!-- \/ Yoast SEO plugin. -->","yoast_head_json":{"title":"Mudan\u00e7as clim\u00e1ticas e eventos extremos impactam vacina\u00e7\u00e3o no Brasil - Transam\u00e9rica Mococa 93,3","robots":{"index":"index","follow":"follow","max-snippet":"max-snippet:-1","max-image-preview":"max-image-preview:large","max-video-preview":"max-video-preview:-1"},"canonical":"https:\/\/transamerica93.com.br\/home\/mudancas-climaticas-e-eventos-extremos-impactam-vacinacao-no-brasil\/","og_locale":"pt_BR","og_type":"article","og_title":"Mudan\u00e7as clim\u00e1ticas e eventos extremos impactam vacina\u00e7\u00e3o no Brasil - Transam\u00e9rica Mococa 93,3","og_description":"Karen Carvalho \u00e9 enfermeira diplomada pela Universidade do Vale do Rio dos Sinos, no Rio Grande do Sul, com especializa\u00e7\u00e3o em sa\u00fade coletiva, estrat\u00e9gia de sa\u00fade da fam\u00edlia e vigil\u00e2ncia em sa\u00fade. Em maio deste ano, ela atuou junto a outros profissionais da \u00e1rea nas enchentes que assolaram seu estado. A tarefa de Karen em &hellip;","og_url":"https:\/\/transamerica93.com.br\/home\/mudancas-climaticas-e-eventos-extremos-impactam-vacinacao-no-brasil\/","og_site_name":"Transam\u00e9rica Mococa 93,3","article_publisher":"https:\/\/www.facebook.com\/transamericamococa","article_published_time":"2024-09-23T12:00:37+00:00","og_image":[{"width":1170,"height":700,"url":"https:\/\/transamerica93.com.br\/home\/wp-content\/uploads\/2024\/09\/4-2.jpg","type":"image\/jpeg"}],"author":"Reda\u00e7\u00e3o","twitter_card":"summary_large_image","twitter_creator":"@transamerica933","twitter_site":"@transamerica933","twitter_misc":{"Escrito por":"Reda\u00e7\u00e3o","Est. tempo de leitura":"6 minutos"},"schema":{"@context":"https:\/\/schema.org","@graph":[{"@type":"Article","@id":"https:\/\/transamerica93.com.br\/home\/mudancas-climaticas-e-eventos-extremos-impactam-vacinacao-no-brasil\/#article","isPartOf":{"@id":"https:\/\/transamerica93.com.br\/home\/mudancas-climaticas-e-eventos-extremos-impactam-vacinacao-no-brasil\/"},"author":{"name":"Reda\u00e7\u00e3o","@id":"https:\/\/transamerica93.com.br\/home\/#\/schema\/person\/7fed7c99c0d4562efa8561bc0f543172"},"headline":"Mudan\u00e7as clim\u00e1ticas e eventos extremos impactam vacina\u00e7\u00e3o no Brasil","datePublished":"2024-09-23T12:00:37+00:00","mainEntityOfPage":{"@id":"https:\/\/transamerica93.com.br\/home\/mudancas-climaticas-e-eventos-extremos-impactam-vacinacao-no-brasil\/"},"wordCount":922,"publisher":{"@id":"https:\/\/transamerica93.com.br\/home\/#organization"},"image":{"@id":"https:\/\/transamerica93.com.br\/home\/mudancas-climaticas-e-eventos-extremos-impactam-vacinacao-no-brasil\/#primaryimage"},"thumbnailUrl":"https:\/\/transamerica93.com.br\/home\/wp-content\/uploads\/2024\/09\/4-2.jpg","articleSection":["Geral"],"inLanguage":"pt-BR"},{"@type":"WebPage","@id":"https:\/\/transamerica93.com.br\/home\/mudancas-climaticas-e-eventos-extremos-impactam-vacinacao-no-brasil\/","url":"https:\/\/transamerica93.com.br\/home\/mudancas-climaticas-e-eventos-extremos-impactam-vacinacao-no-brasil\/","name":"Mudan\u00e7as clim\u00e1ticas e eventos extremos impactam vacina\u00e7\u00e3o no Brasil - Transam\u00e9rica Mococa 93,3","isPartOf":{"@id":"https:\/\/transamerica93.com.br\/home\/#website"},"primaryImageOfPage":{"@id":"https:\/\/transamerica93.com.br\/home\/mudancas-climaticas-e-eventos-extremos-impactam-vacinacao-no-brasil\/#primaryimage"},"image":{"@id":"https:\/\/transamerica93.com.br\/home\/mudancas-climaticas-e-eventos-extremos-impactam-vacinacao-no-brasil\/#primaryimage"},"thumbnailUrl":"https:\/\/transamerica93.com.br\/home\/wp-content\/uploads\/2024\/09\/4-2.jpg","datePublished":"2024-09-23T12:00:37+00:00","breadcrumb":{"@id":"https:\/\/transamerica93.com.br\/home\/mudancas-climaticas-e-eventos-extremos-impactam-vacinacao-no-brasil\/#breadcrumb"},"inLanguage":"pt-BR","potentialAction":[{"@type":"ReadAction","target":["https:\/\/transamerica93.com.br\/home\/mudancas-climaticas-e-eventos-extremos-impactam-vacinacao-no-brasil\/"]}]},{"@type":"ImageObject","inLanguage":"pt-BR","@id":"https:\/\/transamerica93.com.br\/home\/mudancas-climaticas-e-eventos-extremos-impactam-vacinacao-no-brasil\/#primaryimage","url":"https:\/\/transamerica93.com.br\/home\/wp-content\/uploads\/2024\/09\/4-2.jpg","contentUrl":"https:\/\/transamerica93.com.br\/home\/wp-content\/uploads\/2024\/09\/4-2.jpg","width":1170,"height":700,"caption":"\u00a9 Prefeitura Recife"},{"@type":"BreadcrumbList","@id":"https:\/\/transamerica93.com.br\/home\/mudancas-climaticas-e-eventos-extremos-impactam-vacinacao-no-brasil\/#breadcrumb","itemListElement":[{"@type":"ListItem","position":1,"name":"In\u00edcio","item":"https:\/\/transamerica93.com.br\/home\/"},{"@type":"ListItem","position":2,"name":"Mudan\u00e7as clim\u00e1ticas e eventos extremos impactam vacina\u00e7\u00e3o no Brasil"}]},{"@type":"WebSite","@id":"https:\/\/transamerica93.com.br\/home\/#website","url":"https:\/\/transamerica93.com.br\/home\/","name":"Transam\u00e9rica Mococa 93,3","description":"","publisher":{"@id":"https:\/\/transamerica93.com.br\/home\/#organization"},"potentialAction":[{"@type":"SearchAction","target":{"@type":"EntryPoint","urlTemplate":"https:\/\/transamerica93.com.br\/home\/?s={search_term_string}"},"query-input":{"@type":"PropertyValueSpecification","valueRequired":true,"valueName":"search_term_string"}}],"inLanguage":"pt-BR"},{"@type":"Organization","@id":"https:\/\/transamerica93.com.br\/home\/#organization","name":"Transam\u00e9rica Mococa 93,3","url":"https:\/\/transamerica93.com.br\/home\/","logo":{"@type":"ImageObject","inLanguage":"pt-BR","@id":"https:\/\/transamerica93.com.br\/home\/#\/schema\/logo\/image\/","url":"https:\/\/transamerica93.com.br\/home\/wp-content\/uploads\/2023\/10\/logo2.png","contentUrl":"https:\/\/transamerica93.com.br\/home\/wp-content\/uploads\/2023\/10\/logo2.png","width":800,"height":500,"caption":"Transam\u00e9rica Mococa 93,3"},"image":{"@id":"https:\/\/transamerica93.com.br\/home\/#\/schema\/logo\/image\/"},"sameAs":["https:\/\/www.facebook.com\/transamericamococa","https:\/\/x.com\/transamerica933","https:\/\/www.instagram.com\/transamericamococa"]},{"@type":"Person","@id":"https:\/\/transamerica93.com.br\/home\/#\/schema\/person\/7fed7c99c0d4562efa8561bc0f543172","name":"Reda\u00e7\u00e3o","image":{"@type":"ImageObject","inLanguage":"pt-BR","@id":"https:\/\/secure.gravatar.com\/avatar\/1072c6b775fb02ef8506ce967551d95926669a6b7d2c2147b42eea4d7c68395e?s=96&d=mm&r=g","url":"https:\/\/secure.gravatar.com\/avatar\/1072c6b775fb02ef8506ce967551d95926669a6b7d2c2147b42eea4d7c68395e?s=96&d=mm&r=g","contentUrl":"https:\/\/secure.gravatar.com\/avatar\/1072c6b775fb02ef8506ce967551d95926669a6b7d2c2147b42eea4d7c68395e?s=96&d=mm&r=g","caption":"Reda\u00e7\u00e3o"},"sameAs":["https:\/\/transamerica93.com.br\/home"],"url":"https:\/\/transamerica93.com.br\/home\/author\/william\/"}]}},"_links":{"self":[{"href":"https:\/\/transamerica93.com.br\/home\/wp-json\/wp\/v2\/posts\/3800","targetHints":{"allow":["GET"]}}],"collection":[{"href":"https:\/\/transamerica93.com.br\/home\/wp-json\/wp\/v2\/posts"}],"about":[{"href":"https:\/\/transamerica93.com.br\/home\/wp-json\/wp\/v2\/types\/post"}],"author":[{"embeddable":true,"href":"https:\/\/transamerica93.com.br\/home\/wp-json\/wp\/v2\/users\/1"}],"replies":[{"embeddable":true,"href":"https:\/\/transamerica93.com.br\/home\/wp-json\/wp\/v2\/comments?post=3800"}],"version-history":[{"count":1,"href":"https:\/\/transamerica93.com.br\/home\/wp-json\/wp\/v2\/posts\/3800\/revisions"}],"predecessor-version":[{"id":3806,"href":"https:\/\/transamerica93.com.br\/home\/wp-json\/wp\/v2\/posts\/3800\/revisions\/3806"}],"wp:featuredmedia":[{"embeddable":true,"href":"https:\/\/transamerica93.com.br\/home\/wp-json\/wp\/v2\/media\/3804"}],"wp:attachment":[{"href":"https:\/\/transamerica93.com.br\/home\/wp-json\/wp\/v2\/media?parent=3800"}],"wp:term":[{"taxonomy":"category","embeddable":true,"href":"https:\/\/transamerica93.com.br\/home\/wp-json\/wp\/v2\/categories?post=3800"},{"taxonomy":"post_tag","embeddable":true,"href":"https:\/\/transamerica93.com.br\/home\/wp-json\/wp\/v2\/tags?post=3800"}],"curies":[{"name":"wp","href":"https:\/\/api.w.org\/{rel}","templated":true}]}}