{"id":3807,"date":"2024-09-24T09:00:30","date_gmt":"2024-09-24T12:00:30","guid":{"rendered":"https:\/\/transamerica93.com.br\/home\/?p=3807"},"modified":"2024-09-21T13:44:02","modified_gmt":"2024-09-21T16:44:02","slug":"saude-e-opas-lancam-guia-de-prevencao-ao-suicidio-em-portugues","status":"publish","type":"post","link":"https:\/\/transamerica93.com.br\/home\/saude-e-opas-lancam-guia-de-prevencao-ao-suicidio-em-portugues\/","title":{"rendered":"Sa\u00fade e Opas lan\u00e7am guia de preven\u00e7\u00e3o ao suic\u00eddio em portugu\u00eas"},"content":{"rendered":"<div class=\"post-item-wrap\">\n<p>O Minist\u00e9rio da Sa\u00fade lan\u00e7ou em parceria com a Organiza\u00e7\u00e3o Pan-Americana de Sa\u00fade (Opas), a primeira vers\u00e3o em portugu\u00eas do manual\u00a0<em>Viver a Vida &#8211; Guia de Implementa\u00e7\u00e3o para a Preven\u00e7\u00e3o do Suic\u00eddio nos Pa\u00edses<\/em>.<img decoding=\"async\" data-src=\"https:\/\/agenciabrasil.ebc.com.br\/ebc.png?id=1613124&amp;o=node\" src=\"data:image\/svg+xml;base64,PHN2ZyB3aWR0aD0iMSIgaGVpZ2h0PSIxIiB4bWxucz0iaHR0cDovL3d3dy53My5vcmcvMjAwMC9zdmciPjwvc3ZnPg==\" class=\"lazyload\" \/><img decoding=\"async\" data-src=\"https:\/\/agenciabrasil.ebc.com.br\/ebc.gif?id=1613124&amp;o=node\" src=\"data:image\/svg+xml;base64,PHN2ZyB3aWR0aD0iMSIgaGVpZ2h0PSIxIiB4bWxucz0iaHR0cDovL3d3dy53My5vcmcvMjAwMC9zdmciPjwvc3ZnPg==\" class=\"lazyload\" \/><\/p>\n<p>De autoria da Organiza\u00e7\u00e3o Mundial da Sa\u00fade (OMS),\u00a0<a href=\"https:\/\/iris.paho.org\/handle\/10665.2\/61445\" target=\"_blank\" rel=\"noopener\">a\u00a0publica\u00e7\u00e3o<\/a>\u00a0tem o objetivo de orientar pa\u00edses na concretiza\u00e7\u00e3o de medidas coletivas de preven\u00e7\u00e3o ao suic\u00eddio, para que os governos destas localidades possam desenvolver estrat\u00e9gias nacionais com este foco.<\/p>\n<p>A OMS considera que os governos e comunidades t\u00eam pap\u00e9is cruciais na preven\u00e7\u00e3o do problema de sa\u00fade p\u00fablica e que uma das principais medidas de preven\u00e7\u00e3o \u00e9 a implementa\u00e7\u00e3o de pol\u00edticas de sa\u00fade mental e de redu\u00e7\u00e3o do \u00e1lcool.<\/p>\n<p>A vers\u00e3o oficial em portugu\u00eas \u00e9 a tradu\u00e7\u00e3o\u00a0da obra original em ingl\u00eas\u00a0<a href=\"https:\/\/iris.who.int\/handle\/10665\/341726\" target=\"_blank\" rel=\"noopener\"><em>Live life<\/em><\/a>, lan\u00e7ada em 2021. Al\u00e9m de ingl\u00eas, o guia tamb\u00e9m conta com vers\u00f5es em chin\u00eas, espanhol e coreano.<\/p>\n<h2>Guia<\/h2>\n<p>Para estimular o compartilhamento de boas pr\u00e1ticas, o guia apresenta iniciativas do poder p\u00fablico que foram implementadas por diversos pa\u00edses em diferentes contextos que apresentaram efic\u00e1cia na redu\u00e7\u00e3o das taxas de suic\u00eddio.<\/p>\n<p>A OMS prev\u00ea que esses conte\u00fados podem servir como inspira\u00e7\u00e3o para cria\u00e7\u00e3o de novas pol\u00edticas p\u00fablicas e solu\u00e7\u00f5es coletivas.<\/p>\n<p>Entre os estudos divulgados est\u00e3o a inclus\u00e3o de pessoas com experi\u00eancia direta com suic\u00eddio para garantir que as necessidades reais daqueles que precisam de apoio sejam atendidos e\u00a0descriminaliza\u00e7\u00e3o do suic\u00eddio, adotados na Irlanda; a integra\u00e7\u00e3o\u00a0da\u00a0preven\u00e7\u00e3o\u00a0do suic\u00eddio na\u00a0pol\u00edtica de\u00a0sa\u00fade\u00a0mental\u00a0e\u00a0abuso\u00a0de\u00a0subst\u00e2ncias, no L\u00edbano; as parcerias\u00a0p\u00fablico-privadas nos Estados Unidos; entre outros.<\/p>\n<p>O documento detalha, tamb\u00e9m, quatro interven\u00e7\u00f5es consideradas essenciais para prevenir o suic\u00eddio: restringir o acesso aos meios de suic\u00eddio; interagir com a m\u00eddia para a divulga\u00e7\u00e3o respons\u00e1vel do suic\u00eddio; desenvolver habilidades socioemocionais para a vida dos adolescentes; agir para identificar precocemente, avaliar, orientar e acompanhar qualquer pessoa com comportamentos suicidas.<\/p>\n<p>O\u00a0Viver a Vida\u00a0descreve, ainda, seis pilares para a implementa\u00e7\u00e3o de pol\u00edticas:<\/p>\n<p>1.\u00a0\u00a0\u00a0\u00a0\u00a0\u00a0 an\u00e1lise da situa\u00e7\u00e3o e perfil atual do suic\u00eddio e da preven\u00e7\u00e3o a ele no pa\u00eds;<\/p>\n<p>2.\u00a0\u00a0\u00a0\u00a0\u00a0\u00a0 capacita\u00e7\u00e3o em sa\u00fade mental de profissionais dentro e fora do setor da sa\u00fade para identifica\u00e7\u00e3o e gest\u00e3o do risco de suic\u00eddio;<\/p>\n<p>3.\u00a0\u00a0\u00a0\u00a0\u00a0\u00a0 colabora\u00e7\u00e3o multissetorial que inclua \u00e1reas de governo (sa\u00fade, educa\u00e7\u00e3o, trabalho, justi\u00e7a, desenvolvimento social, etc) e a sociedade, com a colabora\u00e7\u00e3o de organiza\u00e7\u00f5es n\u00e3o governamentais (ONGs) e trabalhadores comunit\u00e1rios;<\/p>\n<p>4.\u00a0\u00a0\u00a0\u00a0\u00a0\u00a0 financiamento dedicado \u00e0 preven\u00e7\u00e3o do suic\u00eddio de origem governamental, filantr\u00f3pica, de grupos comunit\u00e1rios ou empresas;<\/p>\n<p>5.\u00a0\u00a0\u00a0\u00a0\u00a0\u00a0 conscientiza\u00e7\u00e3o sobre a causa para chamar a aten\u00e7\u00e3o de que o suic\u00eddio \u00e9 um problema de sa\u00fade p\u00fablica;<\/p>\n<p>6.\u00a0\u00a0\u00a0\u00a0\u00a0\u00a0 vigil\u00e2ncia, monitoramento e avalia\u00e7\u00e3o do progresso do plano de a\u00e7\u00e3o para fazer ajustes e desenvolver novas a\u00e7\u00f5es.<\/p>\n<h2>Dados sobre suic\u00eddio<\/h2>\n<p>De acordo com a OMS, a cada ano, mais de 700 mil pessoas perdem a vida para o suic\u00eddio em todo o mundo, sendo que\u00a077% dos casos ocorrem em pa\u00edses de baixa e m\u00e9dia renda. O suic\u00eddio \u00e9 a quarta causa de morte entre pessoas de 15 a 29 anos. Para cada suic\u00eddio, estima-se que ocorrem outras 20 tentativas. A maioria dos casos est\u00e1 relacionada a transtornos mentais, como a depress\u00e3o, em primeiro lugar, seguida do transtorno bipolar e do abuso de subst\u00e2ncias.<\/p>\n<p>No Brasil, em 2022, 16.468 \u00f3bitos por suic\u00eddio foram notificados no Sistema de Informa\u00e7\u00f5es sobre Mortalidade (SIM).\u00a0Durante o lan\u00e7amento da publica\u00e7\u00e3o, a diretora do Departamento de An\u00e1lise Epidemiol\u00f3gica e Vigil\u00e2ncia de Doen\u00e7as N\u00e3o Transmiss\u00edveis, do Minist\u00e9rio da Sa\u00fade, Let\u00edcia Cardoso, afirmou que os casos s\u00e3o mais comuns entre pessoas do sexo masculino. A taxa de 12,6 por 100 mil habitantes \u00e9 3,7 vezes maior do que a do p\u00fablico feminino (3,4 por 100 mil habitantes). O grupo de pessoas ind\u00edgenas \u00e9 mais vulner\u00e1vel.<\/p>\n<p>De acordo com o Minist\u00e9rio da Sa\u00fade, entre os anos 2016 e 2021, houve um aumento de 49,3% nas taxas de mortalidade de adolescentes de 15 a 19 anos, chegando a 6,6 por 100 mil, e de 45% entre adolescentes de 10 a 14 anos, chegando a 1,33 por 100 mil.<\/p>\n<p>Diante dos n\u00fameros crescentes, o Brasil\u00a0<a href=\"https:\/\/brasil.un.org\/pt-br\/sdgs\/3\" target=\"_blank\" rel=\"noopener\">assumiu compromisso<\/a>\u00a0com o Objetivo de Desenvolvimento Sustent\u00e1vel (ODS) da Organiza\u00e7\u00e3o das Na\u00e7\u00f5es Unidas (ONU) de reduzir em um ter\u00e7o, at\u00e9 2030, a mortalidade prematura por doen\u00e7as n\u00e3o transmiss\u00edveis, como o suic\u00eddio, via preven\u00e7\u00e3o e tratamento, al\u00e9m de promover a sa\u00fade mental e o bem-estar das pessoas.<\/p>\n<p>Neste sentido, a pasta do governo brasileiro explica que, at\u00e9 2026, o Novo Programa de Acelera\u00e7\u00e3o do Crescimento\u00a0ir\u00e1 construir 150 novos Centros de Aten\u00e7\u00e3o Psicossocial (Caps), com investimento de mais de R$ 339 milh\u00f5es. Com amplia\u00e7\u00e3o, o minist\u00e9rio estima que h\u00e1 potencial para incluir 13,4 milh\u00f5es de pessoas na Rede de Sa\u00fade Mental do Sistema \u00danico de Sa\u00fade.<\/p>\n<p>A diretora do Minist\u00e9rio da Sa\u00fade\u00a0Let\u00edcia Cardoso refor\u00e7ou o posicionamento do governo brasileiro na preven\u00e7\u00e3o ao suic\u00eddio. \u201cA sa\u00fade mental e a viol\u00eancia auto provocada t\u00eam sido um tema central de um esfor\u00e7o coletivo das nossas a\u00e7\u00f5es\u201d.<\/p>\n<p>A coordenadora da Unidade T\u00e9cnica de Determinantes da Sa\u00fade, Doen\u00e7as Cr\u00f4nicas n\u00e3o Transmiss\u00edveis e Sa\u00fade Mental &#8211; Opas\/OMS no Brasil, Elisa Pietro,\u00a0considera que a rede de apoio psicossocial do Brasil \u00e9 uma das maiores do mundo e coloca o pa\u00eds em evid\u00eancia. \u201cS\u00e3o v\u00e1rios pa\u00edses que j\u00e1 pediram nesta coopera\u00e7\u00e3o t\u00e9cnica para aprender sobre a experi\u00eancia do Brasil com a reforma psiqui\u00e1trica e com a constru\u00e7\u00e3o e fortalecimento da rede de apoio psicossocial.\u201d<\/p>\n<h2>Onde buscar ajuda<\/h2>\n<p>O Minist\u00e9rio da Sa\u00fade\u00a0defende que o suic\u00eddio pode ser prevenido e que saber reconhecer os sinais de alerta pode ser o primeiro e mais importante passo. Entre os ind\u00edcios que devem ser observados est\u00e3o:<\/p>\n<p>\u00b7\u00a0\u00a0\u00a0\u00a0\u00a0\u00a0\u00a0\u00a0 falta de esperan\u00e7a ou preocupa\u00e7\u00e3o com a pr\u00f3pria morte;<\/p>\n<p>\u00b7\u00a0\u00a0\u00a0\u00a0\u00a0\u00a0\u00a0\u00a0 express\u00e3o de ideias ou de inten\u00e7\u00f5es suicidas;<\/p>\n<p>\u00b7\u00a0\u00a0\u00a0\u00a0\u00a0\u00a0\u00a0\u00a0 isolamento;<\/p>\n<p>\u00b7\u00a0\u00a0\u00a0\u00a0\u00a0\u00a0\u00a0\u00a0 outros fatores como perda de emprego, crises pol\u00edticas e econ\u00f4micas, discrimina\u00e7\u00e3o por orienta\u00e7\u00e3o sexual e identidade de g\u00eanero, agress\u00f5es psicol\u00f3gicas e\/ou f\u00edsicas, sofrimento no trabalho.<\/p>\n<p>O minist\u00e9rio orienta que as manifesta\u00e7\u00f5es verbais e comportamentos de querer acabar com a pr\u00f3pria vida n\u00e3o devem ser interpretados por outras pessoas como amea\u00e7as ou chantagem emocional.<\/p>\n<p>Nos primeiros sinais, o indiv\u00edduo com inten\u00e7\u00f5es suicidas ou algu\u00e9m pr\u00f3ximo a ele deve buscar ajuda, conversar com algu\u00e9m que confie e entrar em contato com os servi\u00e7os de suporte.<\/p>\n<p>\u00b7\u00a0\u00a0\u00a0\u00a0\u00a0\u00a0\u00a0\u00a0 Centro de Valoriza\u00e7\u00e3o da Vida (CVV), dispon\u00edvel 24 horas no telefone 188 (liga\u00e7\u00e3o gratuita).<\/p>\n<p>\u00b7\u00a0\u00a0\u00a0\u00a0\u00a0\u00a0\u00a0\u00a0 CAPS e Unidades B\u00e1sicas de Sa\u00fade (Sa\u00fade da fam\u00edlia, Postos e Centros de Sa\u00fade);<\/p>\n<p>\u00b7\u00a0\u00a0\u00a0\u00a0\u00a0\u00a0\u00a0\u00a0 Unidade de Pronto Atendimento 24H, Servi\u00e7o de Atendimento M\u00f3vel de Urg\u00eancia (Samu 192), pronto socorro; e hospitais;<\/p>\n<h2>Setembro Amarelo<\/h2>\n<p>O lan\u00e7amento ocorre durante o m\u00eas dedicado \u00e0 preven\u00e7\u00e3o do suic\u00eddio, o Setembro Amarelo. Desde 2014, a campanha brasileira de conscientiza\u00e7\u00e3o sobre a import\u00e2ncia do tema \u00e9 divulgada pela Associa\u00e7\u00e3o Brasileira de Psiquiatria (ABP), em parceria com o Conselho Federal de Medicina (CFM).<\/p>\n<p>Em 2024, o lema \u00e9:\u00a0Se precisar, pe\u00e7a ajuda!\u00a0\u00a0As diversas a\u00e7\u00f5es em desenvolvimento podem ser conferidas no\u00a0<a href=\"https:\/\/www.setembroamarelo.com\/\" target=\"_blank\" rel=\"noopener\">site da campanha<\/a>.<\/p>\n<\/div>\n<p class=\"alt-font font-italic my-2 small text-info\">Edi\u00e7\u00e3o: Aline Leal<\/p>\n","protected":false},"excerpt":{"rendered":"<p>O Minist\u00e9rio da Sa\u00fade lan\u00e7ou em parceria com a Organiza\u00e7\u00e3o Pan-Americana de Sa\u00fade (Opas), a primeira vers\u00e3o em portugu\u00eas do manual\u00a0Viver a Vida &#8211; Guia de Implementa\u00e7\u00e3o para a Preven\u00e7\u00e3o do Suic\u00eddio nos Pa\u00edses. De autoria da Organiza\u00e7\u00e3o Mundial da Sa\u00fade (OMS),\u00a0a\u00a0publica\u00e7\u00e3o\u00a0tem o objetivo de orientar pa\u00edses na concretiza\u00e7\u00e3o de medidas coletivas de preven\u00e7\u00e3o ao &hellip;<\/p>\n","protected":false},"author":1,"featured_media":3803,"comment_status":"closed","ping_status":"closed","sticky":false,"template":"","format":"standard","meta":{"footnotes":""},"categories":[30],"tags":[],"class_list":["post-3807","post","type-post","status-publish","format-standard","has-post-thumbnail","hentry","category-geral"],"yoast_head":"<!-- This site is optimized with the Yoast SEO plugin v27.4 - https:\/\/yoast.com\/product\/yoast-seo-wordpress\/ -->\n<title>Sa\u00fade e Opas lan\u00e7am guia de preven\u00e7\u00e3o ao suic\u00eddio em portugu\u00eas - Transam\u00e9rica Mococa 93,3<\/title>\n<meta name=\"robots\" content=\"index, follow, max-snippet:-1, max-image-preview:large, max-video-preview:-1\" \/>\n<link rel=\"canonical\" href=\"https:\/\/transamerica93.com.br\/home\/saude-e-opas-lancam-guia-de-prevencao-ao-suicidio-em-portugues\/\" \/>\n<meta property=\"og:locale\" content=\"pt_BR\" \/>\n<meta property=\"og:type\" content=\"article\" \/>\n<meta property=\"og:title\" content=\"Sa\u00fade e Opas lan\u00e7am guia de preven\u00e7\u00e3o ao suic\u00eddio em portugu\u00eas - Transam\u00e9rica Mococa 93,3\" \/>\n<meta property=\"og:description\" content=\"O Minist\u00e9rio da Sa\u00fade lan\u00e7ou em parceria com a Organiza\u00e7\u00e3o Pan-Americana de Sa\u00fade (Opas), a primeira vers\u00e3o em portugu\u00eas do manual\u00a0Viver a Vida &#8211; Guia de Implementa\u00e7\u00e3o para a Preven\u00e7\u00e3o do Suic\u00eddio nos Pa\u00edses. De autoria da Organiza\u00e7\u00e3o Mundial da Sa\u00fade (OMS),\u00a0a\u00a0publica\u00e7\u00e3o\u00a0tem o objetivo de orientar pa\u00edses na concretiza\u00e7\u00e3o de medidas coletivas de preven\u00e7\u00e3o ao &hellip;\" \/>\n<meta property=\"og:url\" content=\"https:\/\/transamerica93.com.br\/home\/saude-e-opas-lancam-guia-de-prevencao-ao-suicidio-em-portugues\/\" \/>\n<meta property=\"og:site_name\" content=\"Transam\u00e9rica Mococa 93,3\" \/>\n<meta property=\"article:publisher\" content=\"https:\/\/www.facebook.com\/transamericamococa\" \/>\n<meta property=\"article:published_time\" content=\"2024-09-24T12:00:30+00:00\" \/>\n<meta property=\"og:image\" content=\"https:\/\/transamerica93.com.br\/home\/wp-content\/uploads\/2024\/09\/3-2.jpg\" \/>\n\t<meta property=\"og:image:width\" content=\"1170\" \/>\n\t<meta property=\"og:image:height\" content=\"700\" \/>\n\t<meta property=\"og:image:type\" content=\"image\/jpeg\" \/>\n<meta name=\"author\" content=\"Reda\u00e7\u00e3o\" \/>\n<meta name=\"twitter:card\" content=\"summary_large_image\" \/>\n<meta name=\"twitter:creator\" content=\"@transamerica933\" \/>\n<meta name=\"twitter:site\" content=\"@transamerica933\" \/>\n<meta name=\"twitter:label1\" content=\"Escrito por\" \/>\n\t<meta name=\"twitter:data1\" content=\"Reda\u00e7\u00e3o\" \/>\n\t<meta name=\"twitter:label2\" content=\"Est. tempo de leitura\" \/>\n\t<meta name=\"twitter:data2\" content=\"7 minutos\" \/>\n<script type=\"application\/ld+json\" class=\"yoast-schema-graph\">{\"@context\":\"https:\\\/\\\/schema.org\",\"@graph\":[{\"@type\":\"Article\",\"@id\":\"https:\\\/\\\/transamerica93.com.br\\\/home\\\/saude-e-opas-lancam-guia-de-prevencao-ao-suicidio-em-portugues\\\/#article\",\"isPartOf\":{\"@id\":\"https:\\\/\\\/transamerica93.com.br\\\/home\\\/saude-e-opas-lancam-guia-de-prevencao-ao-suicidio-em-portugues\\\/\"},\"author\":{\"name\":\"Reda\u00e7\u00e3o\",\"@id\":\"https:\\\/\\\/transamerica93.com.br\\\/home\\\/#\\\/schema\\\/person\\\/7fed7c99c0d4562efa8561bc0f543172\"},\"headline\":\"Sa\u00fade e Opas lan\u00e7am guia de preven\u00e7\u00e3o ao suic\u00eddio em portugu\u00eas\",\"datePublished\":\"2024-09-24T12:00:30+00:00\",\"mainEntityOfPage\":{\"@id\":\"https:\\\/\\\/transamerica93.com.br\\\/home\\\/saude-e-opas-lancam-guia-de-prevencao-ao-suicidio-em-portugues\\\/\"},\"wordCount\":1334,\"publisher\":{\"@id\":\"https:\\\/\\\/transamerica93.com.br\\\/home\\\/#organization\"},\"image\":{\"@id\":\"https:\\\/\\\/transamerica93.com.br\\\/home\\\/saude-e-opas-lancam-guia-de-prevencao-ao-suicidio-em-portugues\\\/#primaryimage\"},\"thumbnailUrl\":\"https:\\\/\\\/transamerica93.com.br\\\/home\\\/wp-content\\\/uploads\\\/2024\\\/09\\\/3-2.jpg\",\"articleSection\":[\"Geral\"],\"inLanguage\":\"pt-BR\"},{\"@type\":\"WebPage\",\"@id\":\"https:\\\/\\\/transamerica93.com.br\\\/home\\\/saude-e-opas-lancam-guia-de-prevencao-ao-suicidio-em-portugues\\\/\",\"url\":\"https:\\\/\\\/transamerica93.com.br\\\/home\\\/saude-e-opas-lancam-guia-de-prevencao-ao-suicidio-em-portugues\\\/\",\"name\":\"Sa\u00fade e Opas lan\u00e7am guia de preven\u00e7\u00e3o ao suic\u00eddio em portugu\u00eas - Transam\u00e9rica Mococa 93,3\",\"isPartOf\":{\"@id\":\"https:\\\/\\\/transamerica93.com.br\\\/home\\\/#website\"},\"primaryImageOfPage\":{\"@id\":\"https:\\\/\\\/transamerica93.com.br\\\/home\\\/saude-e-opas-lancam-guia-de-prevencao-ao-suicidio-em-portugues\\\/#primaryimage\"},\"image\":{\"@id\":\"https:\\\/\\\/transamerica93.com.br\\\/home\\\/saude-e-opas-lancam-guia-de-prevencao-ao-suicidio-em-portugues\\\/#primaryimage\"},\"thumbnailUrl\":\"https:\\\/\\\/transamerica93.com.br\\\/home\\\/wp-content\\\/uploads\\\/2024\\\/09\\\/3-2.jpg\",\"datePublished\":\"2024-09-24T12:00:30+00:00\",\"breadcrumb\":{\"@id\":\"https:\\\/\\\/transamerica93.com.br\\\/home\\\/saude-e-opas-lancam-guia-de-prevencao-ao-suicidio-em-portugues\\\/#breadcrumb\"},\"inLanguage\":\"pt-BR\",\"potentialAction\":[{\"@type\":\"ReadAction\",\"target\":[\"https:\\\/\\\/transamerica93.com.br\\\/home\\\/saude-e-opas-lancam-guia-de-prevencao-ao-suicidio-em-portugues\\\/\"]}]},{\"@type\":\"ImageObject\",\"inLanguage\":\"pt-BR\",\"@id\":\"https:\\\/\\\/transamerica93.com.br\\\/home\\\/saude-e-opas-lancam-guia-de-prevencao-ao-suicidio-em-portugues\\\/#primaryimage\",\"url\":\"https:\\\/\\\/transamerica93.com.br\\\/home\\\/wp-content\\\/uploads\\\/2024\\\/09\\\/3-2.jpg\",\"contentUrl\":\"https:\\\/\\\/transamerica93.com.br\\\/home\\\/wp-content\\\/uploads\\\/2024\\\/09\\\/3-2.jpg\",\"width\":1170,\"height\":700,\"caption\":\"\u00a9 T\u00e2nia R\u00eago\\\/Ag\u00eancia Brasil\"},{\"@type\":\"BreadcrumbList\",\"@id\":\"https:\\\/\\\/transamerica93.com.br\\\/home\\\/saude-e-opas-lancam-guia-de-prevencao-ao-suicidio-em-portugues\\\/#breadcrumb\",\"itemListElement\":[{\"@type\":\"ListItem\",\"position\":1,\"name\":\"In\u00edcio\",\"item\":\"https:\\\/\\\/transamerica93.com.br\\\/home\\\/\"},{\"@type\":\"ListItem\",\"position\":2,\"name\":\"Sa\u00fade e Opas lan\u00e7am guia de preven\u00e7\u00e3o ao suic\u00eddio em portugu\u00eas\"}]},{\"@type\":\"WebSite\",\"@id\":\"https:\\\/\\\/transamerica93.com.br\\\/home\\\/#website\",\"url\":\"https:\\\/\\\/transamerica93.com.br\\\/home\\\/\",\"name\":\"Transam\u00e9rica Mococa 93,3\",\"description\":\"\",\"publisher\":{\"@id\":\"https:\\\/\\\/transamerica93.com.br\\\/home\\\/#organization\"},\"potentialAction\":[{\"@type\":\"SearchAction\",\"target\":{\"@type\":\"EntryPoint\",\"urlTemplate\":\"https:\\\/\\\/transamerica93.com.br\\\/home\\\/?s={search_term_string}\"},\"query-input\":{\"@type\":\"PropertyValueSpecification\",\"valueRequired\":true,\"valueName\":\"search_term_string\"}}],\"inLanguage\":\"pt-BR\"},{\"@type\":\"Organization\",\"@id\":\"https:\\\/\\\/transamerica93.com.br\\\/home\\\/#organization\",\"name\":\"Transam\u00e9rica Mococa 93,3\",\"url\":\"https:\\\/\\\/transamerica93.com.br\\\/home\\\/\",\"logo\":{\"@type\":\"ImageObject\",\"inLanguage\":\"pt-BR\",\"@id\":\"https:\\\/\\\/transamerica93.com.br\\\/home\\\/#\\\/schema\\\/logo\\\/image\\\/\",\"url\":\"https:\\\/\\\/transamerica93.com.br\\\/home\\\/wp-content\\\/uploads\\\/2023\\\/10\\\/logo2.png\",\"contentUrl\":\"https:\\\/\\\/transamerica93.com.br\\\/home\\\/wp-content\\\/uploads\\\/2023\\\/10\\\/logo2.png\",\"width\":800,\"height\":500,\"caption\":\"Transam\u00e9rica Mococa 93,3\"},\"image\":{\"@id\":\"https:\\\/\\\/transamerica93.com.br\\\/home\\\/#\\\/schema\\\/logo\\\/image\\\/\"},\"sameAs\":[\"https:\\\/\\\/www.facebook.com\\\/transamericamococa\",\"https:\\\/\\\/x.com\\\/transamerica933\",\"https:\\\/\\\/www.instagram.com\\\/transamericamococa\"]},{\"@type\":\"Person\",\"@id\":\"https:\\\/\\\/transamerica93.com.br\\\/home\\\/#\\\/schema\\\/person\\\/7fed7c99c0d4562efa8561bc0f543172\",\"name\":\"Reda\u00e7\u00e3o\",\"image\":{\"@type\":\"ImageObject\",\"inLanguage\":\"pt-BR\",\"@id\":\"https:\\\/\\\/secure.gravatar.com\\\/avatar\\\/1072c6b775fb02ef8506ce967551d95926669a6b7d2c2147b42eea4d7c68395e?s=96&d=mm&r=g\",\"url\":\"https:\\\/\\\/secure.gravatar.com\\\/avatar\\\/1072c6b775fb02ef8506ce967551d95926669a6b7d2c2147b42eea4d7c68395e?s=96&d=mm&r=g\",\"contentUrl\":\"https:\\\/\\\/secure.gravatar.com\\\/avatar\\\/1072c6b775fb02ef8506ce967551d95926669a6b7d2c2147b42eea4d7c68395e?s=96&d=mm&r=g\",\"caption\":\"Reda\u00e7\u00e3o\"},\"sameAs\":[\"https:\\\/\\\/transamerica93.com.br\\\/home\"],\"url\":\"https:\\\/\\\/transamerica93.com.br\\\/home\\\/author\\\/william\\\/\"}]}<\/script>\n<!-- \/ Yoast SEO plugin. -->","yoast_head_json":{"title":"Sa\u00fade e Opas lan\u00e7am guia de preven\u00e7\u00e3o ao suic\u00eddio em portugu\u00eas - Transam\u00e9rica Mococa 93,3","robots":{"index":"index","follow":"follow","max-snippet":"max-snippet:-1","max-image-preview":"max-image-preview:large","max-video-preview":"max-video-preview:-1"},"canonical":"https:\/\/transamerica93.com.br\/home\/saude-e-opas-lancam-guia-de-prevencao-ao-suicidio-em-portugues\/","og_locale":"pt_BR","og_type":"article","og_title":"Sa\u00fade e Opas lan\u00e7am guia de preven\u00e7\u00e3o ao suic\u00eddio em portugu\u00eas - Transam\u00e9rica Mococa 93,3","og_description":"O Minist\u00e9rio da Sa\u00fade lan\u00e7ou em parceria com a Organiza\u00e7\u00e3o Pan-Americana de Sa\u00fade (Opas), a primeira vers\u00e3o em portugu\u00eas do manual\u00a0Viver a Vida &#8211; Guia de Implementa\u00e7\u00e3o para a Preven\u00e7\u00e3o do Suic\u00eddio nos Pa\u00edses. De autoria da Organiza\u00e7\u00e3o Mundial da Sa\u00fade (OMS),\u00a0a\u00a0publica\u00e7\u00e3o\u00a0tem o objetivo de orientar pa\u00edses na concretiza\u00e7\u00e3o de medidas coletivas de preven\u00e7\u00e3o ao &hellip;","og_url":"https:\/\/transamerica93.com.br\/home\/saude-e-opas-lancam-guia-de-prevencao-ao-suicidio-em-portugues\/","og_site_name":"Transam\u00e9rica Mococa 93,3","article_publisher":"https:\/\/www.facebook.com\/transamericamococa","article_published_time":"2024-09-24T12:00:30+00:00","og_image":[{"width":1170,"height":700,"url":"https:\/\/transamerica93.com.br\/home\/wp-content\/uploads\/2024\/09\/3-2.jpg","type":"image\/jpeg"}],"author":"Reda\u00e7\u00e3o","twitter_card":"summary_large_image","twitter_creator":"@transamerica933","twitter_site":"@transamerica933","twitter_misc":{"Escrito por":"Reda\u00e7\u00e3o","Est. tempo de leitura":"7 minutos"},"schema":{"@context":"https:\/\/schema.org","@graph":[{"@type":"Article","@id":"https:\/\/transamerica93.com.br\/home\/saude-e-opas-lancam-guia-de-prevencao-ao-suicidio-em-portugues\/#article","isPartOf":{"@id":"https:\/\/transamerica93.com.br\/home\/saude-e-opas-lancam-guia-de-prevencao-ao-suicidio-em-portugues\/"},"author":{"name":"Reda\u00e7\u00e3o","@id":"https:\/\/transamerica93.com.br\/home\/#\/schema\/person\/7fed7c99c0d4562efa8561bc0f543172"},"headline":"Sa\u00fade e Opas lan\u00e7am guia de preven\u00e7\u00e3o ao suic\u00eddio em portugu\u00eas","datePublished":"2024-09-24T12:00:30+00:00","mainEntityOfPage":{"@id":"https:\/\/transamerica93.com.br\/home\/saude-e-opas-lancam-guia-de-prevencao-ao-suicidio-em-portugues\/"},"wordCount":1334,"publisher":{"@id":"https:\/\/transamerica93.com.br\/home\/#organization"},"image":{"@id":"https:\/\/transamerica93.com.br\/home\/saude-e-opas-lancam-guia-de-prevencao-ao-suicidio-em-portugues\/#primaryimage"},"thumbnailUrl":"https:\/\/transamerica93.com.br\/home\/wp-content\/uploads\/2024\/09\/3-2.jpg","articleSection":["Geral"],"inLanguage":"pt-BR"},{"@type":"WebPage","@id":"https:\/\/transamerica93.com.br\/home\/saude-e-opas-lancam-guia-de-prevencao-ao-suicidio-em-portugues\/","url":"https:\/\/transamerica93.com.br\/home\/saude-e-opas-lancam-guia-de-prevencao-ao-suicidio-em-portugues\/","name":"Sa\u00fade e Opas lan\u00e7am guia de preven\u00e7\u00e3o ao suic\u00eddio em portugu\u00eas - Transam\u00e9rica Mococa 93,3","isPartOf":{"@id":"https:\/\/transamerica93.com.br\/home\/#website"},"primaryImageOfPage":{"@id":"https:\/\/transamerica93.com.br\/home\/saude-e-opas-lancam-guia-de-prevencao-ao-suicidio-em-portugues\/#primaryimage"},"image":{"@id":"https:\/\/transamerica93.com.br\/home\/saude-e-opas-lancam-guia-de-prevencao-ao-suicidio-em-portugues\/#primaryimage"},"thumbnailUrl":"https:\/\/transamerica93.com.br\/home\/wp-content\/uploads\/2024\/09\/3-2.jpg","datePublished":"2024-09-24T12:00:30+00:00","breadcrumb":{"@id":"https:\/\/transamerica93.com.br\/home\/saude-e-opas-lancam-guia-de-prevencao-ao-suicidio-em-portugues\/#breadcrumb"},"inLanguage":"pt-BR","potentialAction":[{"@type":"ReadAction","target":["https:\/\/transamerica93.com.br\/home\/saude-e-opas-lancam-guia-de-prevencao-ao-suicidio-em-portugues\/"]}]},{"@type":"ImageObject","inLanguage":"pt-BR","@id":"https:\/\/transamerica93.com.br\/home\/saude-e-opas-lancam-guia-de-prevencao-ao-suicidio-em-portugues\/#primaryimage","url":"https:\/\/transamerica93.com.br\/home\/wp-content\/uploads\/2024\/09\/3-2.jpg","contentUrl":"https:\/\/transamerica93.com.br\/home\/wp-content\/uploads\/2024\/09\/3-2.jpg","width":1170,"height":700,"caption":"\u00a9 T\u00e2nia R\u00eago\/Ag\u00eancia Brasil"},{"@type":"BreadcrumbList","@id":"https:\/\/transamerica93.com.br\/home\/saude-e-opas-lancam-guia-de-prevencao-ao-suicidio-em-portugues\/#breadcrumb","itemListElement":[{"@type":"ListItem","position":1,"name":"In\u00edcio","item":"https:\/\/transamerica93.com.br\/home\/"},{"@type":"ListItem","position":2,"name":"Sa\u00fade e Opas lan\u00e7am guia de preven\u00e7\u00e3o ao suic\u00eddio em portugu\u00eas"}]},{"@type":"WebSite","@id":"https:\/\/transamerica93.com.br\/home\/#website","url":"https:\/\/transamerica93.com.br\/home\/","name":"Transam\u00e9rica Mococa 93,3","description":"","publisher":{"@id":"https:\/\/transamerica93.com.br\/home\/#organization"},"potentialAction":[{"@type":"SearchAction","target":{"@type":"EntryPoint","urlTemplate":"https:\/\/transamerica93.com.br\/home\/?s={search_term_string}"},"query-input":{"@type":"PropertyValueSpecification","valueRequired":true,"valueName":"search_term_string"}}],"inLanguage":"pt-BR"},{"@type":"Organization","@id":"https:\/\/transamerica93.com.br\/home\/#organization","name":"Transam\u00e9rica Mococa 93,3","url":"https:\/\/transamerica93.com.br\/home\/","logo":{"@type":"ImageObject","inLanguage":"pt-BR","@id":"https:\/\/transamerica93.com.br\/home\/#\/schema\/logo\/image\/","url":"https:\/\/transamerica93.com.br\/home\/wp-content\/uploads\/2023\/10\/logo2.png","contentUrl":"https:\/\/transamerica93.com.br\/home\/wp-content\/uploads\/2023\/10\/logo2.png","width":800,"height":500,"caption":"Transam\u00e9rica Mococa 93,3"},"image":{"@id":"https:\/\/transamerica93.com.br\/home\/#\/schema\/logo\/image\/"},"sameAs":["https:\/\/www.facebook.com\/transamericamococa","https:\/\/x.com\/transamerica933","https:\/\/www.instagram.com\/transamericamococa"]},{"@type":"Person","@id":"https:\/\/transamerica93.com.br\/home\/#\/schema\/person\/7fed7c99c0d4562efa8561bc0f543172","name":"Reda\u00e7\u00e3o","image":{"@type":"ImageObject","inLanguage":"pt-BR","@id":"https:\/\/secure.gravatar.com\/avatar\/1072c6b775fb02ef8506ce967551d95926669a6b7d2c2147b42eea4d7c68395e?s=96&d=mm&r=g","url":"https:\/\/secure.gravatar.com\/avatar\/1072c6b775fb02ef8506ce967551d95926669a6b7d2c2147b42eea4d7c68395e?s=96&d=mm&r=g","contentUrl":"https:\/\/secure.gravatar.com\/avatar\/1072c6b775fb02ef8506ce967551d95926669a6b7d2c2147b42eea4d7c68395e?s=96&d=mm&r=g","caption":"Reda\u00e7\u00e3o"},"sameAs":["https:\/\/transamerica93.com.br\/home"],"url":"https:\/\/transamerica93.com.br\/home\/author\/william\/"}]}},"_links":{"self":[{"href":"https:\/\/transamerica93.com.br\/home\/wp-json\/wp\/v2\/posts\/3807","targetHints":{"allow":["GET"]}}],"collection":[{"href":"https:\/\/transamerica93.com.br\/home\/wp-json\/wp\/v2\/posts"}],"about":[{"href":"https:\/\/transamerica93.com.br\/home\/wp-json\/wp\/v2\/types\/post"}],"author":[{"embeddable":true,"href":"https:\/\/transamerica93.com.br\/home\/wp-json\/wp\/v2\/users\/1"}],"replies":[{"embeddable":true,"href":"https:\/\/transamerica93.com.br\/home\/wp-json\/wp\/v2\/comments?post=3807"}],"version-history":[{"count":1,"href":"https:\/\/transamerica93.com.br\/home\/wp-json\/wp\/v2\/posts\/3807\/revisions"}],"predecessor-version":[{"id":3808,"href":"https:\/\/transamerica93.com.br\/home\/wp-json\/wp\/v2\/posts\/3807\/revisions\/3808"}],"wp:featuredmedia":[{"embeddable":true,"href":"https:\/\/transamerica93.com.br\/home\/wp-json\/wp\/v2\/media\/3803"}],"wp:attachment":[{"href":"https:\/\/transamerica93.com.br\/home\/wp-json\/wp\/v2\/media?parent=3807"}],"wp:term":[{"taxonomy":"category","embeddable":true,"href":"https:\/\/transamerica93.com.br\/home\/wp-json\/wp\/v2\/categories?post=3807"},{"taxonomy":"post_tag","embeddable":true,"href":"https:\/\/transamerica93.com.br\/home\/wp-json\/wp\/v2\/tags?post=3807"}],"curies":[{"name":"wp","href":"https:\/\/api.w.org\/{rel}","templated":true}]}}