{"id":3824,"date":"2024-09-25T12:00:28","date_gmt":"2024-09-25T15:00:28","guid":{"rendered":"https:\/\/transamerica93.com.br\/home\/?p=3824"},"modified":"2024-09-21T13:52:57","modified_gmt":"2024-09-21T16:52:57","slug":"selecao-feminina-inicia-preparacao-para-copa-de-2027-contra-a-colombia","status":"publish","type":"post","link":"https:\/\/transamerica93.com.br\/home\/selecao-feminina-inicia-preparacao-para-copa-de-2027-contra-a-colombia\/","title":{"rendered":"Sele\u00e7\u00e3o feminina inicia prepara\u00e7\u00e3o para Copa de 2027 contra a Col\u00f4mbia"},"content":{"rendered":"<div class=\"post-item-wrap\">\n<p>A Confedera\u00e7\u00e3o Brasileira de Futebol (CBF) anunciou o primeiro compromisso da sele\u00e7\u00e3o brasileira de futebol feminino no ciclo de prepara\u00e7\u00e3o para a Copa do Mundo de 2027, que ser\u00e1 disputada no Brasil. A equipe comandada pelo t\u00e9cnico Arthur Elias enfrentar\u00e1 a Col\u00f4mbia em duas partidas amistosas no Kleber Andrade, em Cariacica, nos dias 26 e 29 de outubro.<img decoding=\"async\" data-src=\"https:\/\/agenciabrasil.ebc.com.br\/ebc.png?id=1613146&amp;o=node\" src=\"data:image\/svg+xml;base64,PHN2ZyB3aWR0aD0iMSIgaGVpZ2h0PSIxIiB4bWxucz0iaHR0cDovL3d3dy53My5vcmcvMjAwMC9zdmciPjwvc3ZnPg==\" class=\"lazyload\" \/><img decoding=\"async\" data-src=\"https:\/\/agenciabrasil.ebc.com.br\/ebc.gif?id=1613146&amp;o=node\" src=\"data:image\/svg+xml;base64,PHN2ZyB3aWR0aD0iMSIgaGVpZ2h0PSIxIiB4bWxucz0iaHR0cDovL3d3dy53My5vcmcvMjAwMC9zdmciPjwvc3ZnPg==\" class=\"lazyload\" \/><\/p>\n<p>O confronto com as colombianas ser\u00e3o os primeiros jogos da equipe brasileira ap\u00f3s a conquista da medalha de prata na \u00faltima edi\u00e7\u00e3o dos Jogos Ol\u00edmpicos, que foram realizados em Paris (Fran\u00e7a).<\/p>\n<p>\u201cOs amistosos ser\u00e3o marcos para incentivar a pr\u00e1tica do futebol feminino em nosso estado. As duas partidas est\u00e3o inclu\u00eddas na pol\u00edtica de desenvolvimento do futebol feminino do estado\u201d, declarou o presidente da Federa\u00e7\u00e3o de Futebol do Estado do Esp\u00edrito Santo (FES), Gustavo Vieira.<\/p>\n<h2>Copa de 2027<\/h2>\n<p>Em 2027, o Brasil receber\u00e1 pela primeira vez na hist\u00f3ria uma edi\u00e7\u00e3o da Copa do Mundo de futebol feminino. A decis\u00e3o foi tomada no dia 17 de maio durante o 74\u00ba Congresso da Federa\u00e7\u00e3o Internacional de Futebol (Fifa), em Bangcoc (Tail\u00e2ndia).<\/p>\n<p>A candidatura brasileira venceu a disputa com uma chapa conjunta de Alemanha, B\u00e9lgica e Holanda. O Brasil, que j\u00e1 sediou duas edi\u00e7\u00f5es da Copa do Mundo de futebol masculino, contabilizou 119 votos, enquanto a candidatura europeia recebeu 78 votos.<\/p>\n<p>O Mundial de 2027 ser\u00e1 disputado entre os dias 24 de junho e 25 de julho. Dez dos 12 est\u00e1dios da Copa do Mundo de futebol masculino de 2014 ser\u00e3o aproveitados. As exce\u00e7\u00f5es s\u00e3o a Arena das Dunas, em Natal, e a Ligga Arena (Arena da Baixada), em Curitiba.<\/p>\n<p>O jogo de abertura e a final ser\u00e3o no Maracan\u00e3, no Rio de Janeiro. Os demais palcos s\u00e3o a Neo Qu\u00edmica Arena, em S\u00e3o Paulo, o Man\u00e9 Garrincha, em Bras\u00edlia, o Mineir\u00e3o, em Belo Horizonte, a Arena Fonte Nova, em Salvador, o Beira-Rio, em Porto Alegre, a Arena da Amaz\u00f4nia, em Manaus, a Arena Pantanal, em Cuiab\u00e1, a Arena Castel\u00e3o, em Fortaleza, e a Arena Pernambuco, em S\u00e3o Louren\u00e7o da Mata (PE), na regi\u00e3o metropolitana de Recife.<\/p>\n<\/div>\n<p class=\"alt-font font-italic my-2 small text-info\">Edi\u00e7\u00e3o: F\u00e1bio Lisboa<\/p>\n","protected":false},"excerpt":{"rendered":"<p>A Confedera\u00e7\u00e3o Brasileira de Futebol (CBF) anunciou o primeiro compromisso da sele\u00e7\u00e3o brasileira de futebol feminino no ciclo de prepara\u00e7\u00e3o para a Copa do Mundo de 2027, que ser\u00e1 disputada no Brasil. A equipe comandada pelo t\u00e9cnico Arthur Elias enfrentar\u00e1 a Col\u00f4mbia em duas partidas amistosas no Kleber Andrade, em Cariacica, nos dias 26 e &hellip;<\/p>\n","protected":false},"author":1,"featured_media":3818,"comment_status":"closed","ping_status":"closed","sticky":false,"template":"","format":"standard","meta":{"footnotes":""},"categories":[31],"tags":[],"class_list":["post-3824","post","type-post","status-publish","format-standard","has-post-thumbnail","hentry","category-esportes"],"yoast_head":"<!-- This site is optimized with the Yoast SEO plugin v27.4 - https:\/\/yoast.com\/product\/yoast-seo-wordpress\/ -->\n<title>Sele\u00e7\u00e3o feminina inicia prepara\u00e7\u00e3o para Copa de 2027 contra a Col\u00f4mbia - Transam\u00e9rica Mococa 93,3<\/title>\n<meta name=\"robots\" content=\"index, follow, max-snippet:-1, max-image-preview:large, max-video-preview:-1\" \/>\n<link rel=\"canonical\" href=\"https:\/\/transamerica93.com.br\/home\/selecao-feminina-inicia-preparacao-para-copa-de-2027-contra-a-colombia\/\" \/>\n<meta property=\"og:locale\" content=\"pt_BR\" \/>\n<meta property=\"og:type\" content=\"article\" \/>\n<meta property=\"og:title\" content=\"Sele\u00e7\u00e3o feminina inicia prepara\u00e7\u00e3o para Copa de 2027 contra a Col\u00f4mbia - Transam\u00e9rica Mococa 93,3\" \/>\n<meta property=\"og:description\" content=\"A Confedera\u00e7\u00e3o Brasileira de Futebol (CBF) anunciou o primeiro compromisso da sele\u00e7\u00e3o brasileira de futebol feminino no ciclo de prepara\u00e7\u00e3o para a Copa do Mundo de 2027, que ser\u00e1 disputada no Brasil. A equipe comandada pelo t\u00e9cnico Arthur Elias enfrentar\u00e1 a Col\u00f4mbia em duas partidas amistosas no Kleber Andrade, em Cariacica, nos dias 26 e &hellip;\" \/>\n<meta property=\"og:url\" content=\"https:\/\/transamerica93.com.br\/home\/selecao-feminina-inicia-preparacao-para-copa-de-2027-contra-a-colombia\/\" \/>\n<meta property=\"og:site_name\" content=\"Transam\u00e9rica Mococa 93,3\" \/>\n<meta property=\"article:publisher\" content=\"https:\/\/www.facebook.com\/transamericamococa\" \/>\n<meta property=\"article:published_time\" content=\"2024-09-25T15:00:28+00:00\" \/>\n<meta property=\"og:image\" content=\"https:\/\/transamerica93.com.br\/home\/wp-content\/uploads\/2024\/09\/3-3.jpg\" \/>\n\t<meta property=\"og:image:width\" content=\"1170\" \/>\n\t<meta property=\"og:image:height\" content=\"700\" \/>\n\t<meta property=\"og:image:type\" content=\"image\/jpeg\" \/>\n<meta name=\"author\" content=\"Reda\u00e7\u00e3o\" \/>\n<meta name=\"twitter:card\" content=\"summary_large_image\" \/>\n<meta name=\"twitter:creator\" content=\"@transamerica933\" \/>\n<meta name=\"twitter:site\" content=\"@transamerica933\" \/>\n<meta name=\"twitter:label1\" content=\"Escrito por\" \/>\n\t<meta name=\"twitter:data1\" content=\"Reda\u00e7\u00e3o\" \/>\n\t<meta name=\"twitter:label2\" content=\"Est. tempo de leitura\" \/>\n\t<meta name=\"twitter:data2\" content=\"3 minutos\" \/>\n<script type=\"application\/ld+json\" class=\"yoast-schema-graph\">{\"@context\":\"https:\\\/\\\/schema.org\",\"@graph\":[{\"@type\":\"Article\",\"@id\":\"https:\\\/\\\/transamerica93.com.br\\\/home\\\/selecao-feminina-inicia-preparacao-para-copa-de-2027-contra-a-colombia\\\/#article\",\"isPartOf\":{\"@id\":\"https:\\\/\\\/transamerica93.com.br\\\/home\\\/selecao-feminina-inicia-preparacao-para-copa-de-2027-contra-a-colombia\\\/\"},\"author\":{\"name\":\"Reda\u00e7\u00e3o\",\"@id\":\"https:\\\/\\\/transamerica93.com.br\\\/home\\\/#\\\/schema\\\/person\\\/7fed7c99c0d4562efa8561bc0f543172\"},\"headline\":\"Sele\u00e7\u00e3o feminina inicia prepara\u00e7\u00e3o para Copa de 2027 contra a Col\u00f4mbia\",\"datePublished\":\"2024-09-25T15:00:28+00:00\",\"mainEntityOfPage\":{\"@id\":\"https:\\\/\\\/transamerica93.com.br\\\/home\\\/selecao-feminina-inicia-preparacao-para-copa-de-2027-contra-a-colombia\\\/\"},\"wordCount\":384,\"publisher\":{\"@id\":\"https:\\\/\\\/transamerica93.com.br\\\/home\\\/#organization\"},\"image\":{\"@id\":\"https:\\\/\\\/transamerica93.com.br\\\/home\\\/selecao-feminina-inicia-preparacao-para-copa-de-2027-contra-a-colombia\\\/#primaryimage\"},\"thumbnailUrl\":\"https:\\\/\\\/transamerica93.com.br\\\/home\\\/wp-content\\\/uploads\\\/2024\\\/09\\\/3-3.jpg\",\"articleSection\":[\"Esportes\"],\"inLanguage\":\"pt-BR\"},{\"@type\":\"WebPage\",\"@id\":\"https:\\\/\\\/transamerica93.com.br\\\/home\\\/selecao-feminina-inicia-preparacao-para-copa-de-2027-contra-a-colombia\\\/\",\"url\":\"https:\\\/\\\/transamerica93.com.br\\\/home\\\/selecao-feminina-inicia-preparacao-para-copa-de-2027-contra-a-colombia\\\/\",\"name\":\"Sele\u00e7\u00e3o feminina inicia prepara\u00e7\u00e3o para Copa de 2027 contra a Col\u00f4mbia - Transam\u00e9rica Mococa 93,3\",\"isPartOf\":{\"@id\":\"https:\\\/\\\/transamerica93.com.br\\\/home\\\/#website\"},\"primaryImageOfPage\":{\"@id\":\"https:\\\/\\\/transamerica93.com.br\\\/home\\\/selecao-feminina-inicia-preparacao-para-copa-de-2027-contra-a-colombia\\\/#primaryimage\"},\"image\":{\"@id\":\"https:\\\/\\\/transamerica93.com.br\\\/home\\\/selecao-feminina-inicia-preparacao-para-copa-de-2027-contra-a-colombia\\\/#primaryimage\"},\"thumbnailUrl\":\"https:\\\/\\\/transamerica93.com.br\\\/home\\\/wp-content\\\/uploads\\\/2024\\\/09\\\/3-3.jpg\",\"datePublished\":\"2024-09-25T15:00:28+00:00\",\"breadcrumb\":{\"@id\":\"https:\\\/\\\/transamerica93.com.br\\\/home\\\/selecao-feminina-inicia-preparacao-para-copa-de-2027-contra-a-colombia\\\/#breadcrumb\"},\"inLanguage\":\"pt-BR\",\"potentialAction\":[{\"@type\":\"ReadAction\",\"target\":[\"https:\\\/\\\/transamerica93.com.br\\\/home\\\/selecao-feminina-inicia-preparacao-para-copa-de-2027-contra-a-colombia\\\/\"]}]},{\"@type\":\"ImageObject\",\"inLanguage\":\"pt-BR\",\"@id\":\"https:\\\/\\\/transamerica93.com.br\\\/home\\\/selecao-feminina-inicia-preparacao-para-copa-de-2027-contra-a-colombia\\\/#primaryimage\",\"url\":\"https:\\\/\\\/transamerica93.com.br\\\/home\\\/wp-content\\\/uploads\\\/2024\\\/09\\\/3-3.jpg\",\"contentUrl\":\"https:\\\/\\\/transamerica93.com.br\\\/home\\\/wp-content\\\/uploads\\\/2024\\\/09\\\/3-3.jpg\",\"width\":1170,\"height\":700,\"caption\":\"\u00a9 Rafael Ribeiro\\\/CBFRafael Ribeiro\"},{\"@type\":\"BreadcrumbList\",\"@id\":\"https:\\\/\\\/transamerica93.com.br\\\/home\\\/selecao-feminina-inicia-preparacao-para-copa-de-2027-contra-a-colombia\\\/#breadcrumb\",\"itemListElement\":[{\"@type\":\"ListItem\",\"position\":1,\"name\":\"In\u00edcio\",\"item\":\"https:\\\/\\\/transamerica93.com.br\\\/home\\\/\"},{\"@type\":\"ListItem\",\"position\":2,\"name\":\"Sele\u00e7\u00e3o feminina inicia prepara\u00e7\u00e3o para Copa de 2027 contra a Col\u00f4mbia\"}]},{\"@type\":\"WebSite\",\"@id\":\"https:\\\/\\\/transamerica93.com.br\\\/home\\\/#website\",\"url\":\"https:\\\/\\\/transamerica93.com.br\\\/home\\\/\",\"name\":\"Transam\u00e9rica Mococa 93,3\",\"description\":\"\",\"publisher\":{\"@id\":\"https:\\\/\\\/transamerica93.com.br\\\/home\\\/#organization\"},\"potentialAction\":[{\"@type\":\"SearchAction\",\"target\":{\"@type\":\"EntryPoint\",\"urlTemplate\":\"https:\\\/\\\/transamerica93.com.br\\\/home\\\/?s={search_term_string}\"},\"query-input\":{\"@type\":\"PropertyValueSpecification\",\"valueRequired\":true,\"valueName\":\"search_term_string\"}}],\"inLanguage\":\"pt-BR\"},{\"@type\":\"Organization\",\"@id\":\"https:\\\/\\\/transamerica93.com.br\\\/home\\\/#organization\",\"name\":\"Transam\u00e9rica Mococa 93,3\",\"url\":\"https:\\\/\\\/transamerica93.com.br\\\/home\\\/\",\"logo\":{\"@type\":\"ImageObject\",\"inLanguage\":\"pt-BR\",\"@id\":\"https:\\\/\\\/transamerica93.com.br\\\/home\\\/#\\\/schema\\\/logo\\\/image\\\/\",\"url\":\"https:\\\/\\\/transamerica93.com.br\\\/home\\\/wp-content\\\/uploads\\\/2023\\\/10\\\/logo2.png\",\"contentUrl\":\"https:\\\/\\\/transamerica93.com.br\\\/home\\\/wp-content\\\/uploads\\\/2023\\\/10\\\/logo2.png\",\"width\":800,\"height\":500,\"caption\":\"Transam\u00e9rica Mococa 93,3\"},\"image\":{\"@id\":\"https:\\\/\\\/transamerica93.com.br\\\/home\\\/#\\\/schema\\\/logo\\\/image\\\/\"},\"sameAs\":[\"https:\\\/\\\/www.facebook.com\\\/transamericamococa\",\"https:\\\/\\\/x.com\\\/transamerica933\",\"https:\\\/\\\/www.instagram.com\\\/transamericamococa\"]},{\"@type\":\"Person\",\"@id\":\"https:\\\/\\\/transamerica93.com.br\\\/home\\\/#\\\/schema\\\/person\\\/7fed7c99c0d4562efa8561bc0f543172\",\"name\":\"Reda\u00e7\u00e3o\",\"image\":{\"@type\":\"ImageObject\",\"inLanguage\":\"pt-BR\",\"@id\":\"https:\\\/\\\/secure.gravatar.com\\\/avatar\\\/1072c6b775fb02ef8506ce967551d95926669a6b7d2c2147b42eea4d7c68395e?s=96&d=mm&r=g\",\"url\":\"https:\\\/\\\/secure.gravatar.com\\\/avatar\\\/1072c6b775fb02ef8506ce967551d95926669a6b7d2c2147b42eea4d7c68395e?s=96&d=mm&r=g\",\"contentUrl\":\"https:\\\/\\\/secure.gravatar.com\\\/avatar\\\/1072c6b775fb02ef8506ce967551d95926669a6b7d2c2147b42eea4d7c68395e?s=96&d=mm&r=g\",\"caption\":\"Reda\u00e7\u00e3o\"},\"sameAs\":[\"https:\\\/\\\/transamerica93.com.br\\\/home\"],\"url\":\"https:\\\/\\\/transamerica93.com.br\\\/home\\\/author\\\/william\\\/\"}]}<\/script>\n<!-- \/ Yoast SEO plugin. -->","yoast_head_json":{"title":"Sele\u00e7\u00e3o feminina inicia prepara\u00e7\u00e3o para Copa de 2027 contra a Col\u00f4mbia - Transam\u00e9rica Mococa 93,3","robots":{"index":"index","follow":"follow","max-snippet":"max-snippet:-1","max-image-preview":"max-image-preview:large","max-video-preview":"max-video-preview:-1"},"canonical":"https:\/\/transamerica93.com.br\/home\/selecao-feminina-inicia-preparacao-para-copa-de-2027-contra-a-colombia\/","og_locale":"pt_BR","og_type":"article","og_title":"Sele\u00e7\u00e3o feminina inicia prepara\u00e7\u00e3o para Copa de 2027 contra a Col\u00f4mbia - Transam\u00e9rica Mococa 93,3","og_description":"A Confedera\u00e7\u00e3o Brasileira de Futebol (CBF) anunciou o primeiro compromisso da sele\u00e7\u00e3o brasileira de futebol feminino no ciclo de prepara\u00e7\u00e3o para a Copa do Mundo de 2027, que ser\u00e1 disputada no Brasil. A equipe comandada pelo t\u00e9cnico Arthur Elias enfrentar\u00e1 a Col\u00f4mbia em duas partidas amistosas no Kleber Andrade, em Cariacica, nos dias 26 e &hellip;","og_url":"https:\/\/transamerica93.com.br\/home\/selecao-feminina-inicia-preparacao-para-copa-de-2027-contra-a-colombia\/","og_site_name":"Transam\u00e9rica Mococa 93,3","article_publisher":"https:\/\/www.facebook.com\/transamericamococa","article_published_time":"2024-09-25T15:00:28+00:00","og_image":[{"width":1170,"height":700,"url":"https:\/\/transamerica93.com.br\/home\/wp-content\/uploads\/2024\/09\/3-3.jpg","type":"image\/jpeg"}],"author":"Reda\u00e7\u00e3o","twitter_card":"summary_large_image","twitter_creator":"@transamerica933","twitter_site":"@transamerica933","twitter_misc":{"Escrito por":"Reda\u00e7\u00e3o","Est. tempo de leitura":"3 minutos"},"schema":{"@context":"https:\/\/schema.org","@graph":[{"@type":"Article","@id":"https:\/\/transamerica93.com.br\/home\/selecao-feminina-inicia-preparacao-para-copa-de-2027-contra-a-colombia\/#article","isPartOf":{"@id":"https:\/\/transamerica93.com.br\/home\/selecao-feminina-inicia-preparacao-para-copa-de-2027-contra-a-colombia\/"},"author":{"name":"Reda\u00e7\u00e3o","@id":"https:\/\/transamerica93.com.br\/home\/#\/schema\/person\/7fed7c99c0d4562efa8561bc0f543172"},"headline":"Sele\u00e7\u00e3o feminina inicia prepara\u00e7\u00e3o para Copa de 2027 contra a Col\u00f4mbia","datePublished":"2024-09-25T15:00:28+00:00","mainEntityOfPage":{"@id":"https:\/\/transamerica93.com.br\/home\/selecao-feminina-inicia-preparacao-para-copa-de-2027-contra-a-colombia\/"},"wordCount":384,"publisher":{"@id":"https:\/\/transamerica93.com.br\/home\/#organization"},"image":{"@id":"https:\/\/transamerica93.com.br\/home\/selecao-feminina-inicia-preparacao-para-copa-de-2027-contra-a-colombia\/#primaryimage"},"thumbnailUrl":"https:\/\/transamerica93.com.br\/home\/wp-content\/uploads\/2024\/09\/3-3.jpg","articleSection":["Esportes"],"inLanguage":"pt-BR"},{"@type":"WebPage","@id":"https:\/\/transamerica93.com.br\/home\/selecao-feminina-inicia-preparacao-para-copa-de-2027-contra-a-colombia\/","url":"https:\/\/transamerica93.com.br\/home\/selecao-feminina-inicia-preparacao-para-copa-de-2027-contra-a-colombia\/","name":"Sele\u00e7\u00e3o feminina inicia prepara\u00e7\u00e3o para Copa de 2027 contra a Col\u00f4mbia - Transam\u00e9rica Mococa 93,3","isPartOf":{"@id":"https:\/\/transamerica93.com.br\/home\/#website"},"primaryImageOfPage":{"@id":"https:\/\/transamerica93.com.br\/home\/selecao-feminina-inicia-preparacao-para-copa-de-2027-contra-a-colombia\/#primaryimage"},"image":{"@id":"https:\/\/transamerica93.com.br\/home\/selecao-feminina-inicia-preparacao-para-copa-de-2027-contra-a-colombia\/#primaryimage"},"thumbnailUrl":"https:\/\/transamerica93.com.br\/home\/wp-content\/uploads\/2024\/09\/3-3.jpg","datePublished":"2024-09-25T15:00:28+00:00","breadcrumb":{"@id":"https:\/\/transamerica93.com.br\/home\/selecao-feminina-inicia-preparacao-para-copa-de-2027-contra-a-colombia\/#breadcrumb"},"inLanguage":"pt-BR","potentialAction":[{"@type":"ReadAction","target":["https:\/\/transamerica93.com.br\/home\/selecao-feminina-inicia-preparacao-para-copa-de-2027-contra-a-colombia\/"]}]},{"@type":"ImageObject","inLanguage":"pt-BR","@id":"https:\/\/transamerica93.com.br\/home\/selecao-feminina-inicia-preparacao-para-copa-de-2027-contra-a-colombia\/#primaryimage","url":"https:\/\/transamerica93.com.br\/home\/wp-content\/uploads\/2024\/09\/3-3.jpg","contentUrl":"https:\/\/transamerica93.com.br\/home\/wp-content\/uploads\/2024\/09\/3-3.jpg","width":1170,"height":700,"caption":"\u00a9 Rafael Ribeiro\/CBFRafael Ribeiro"},{"@type":"BreadcrumbList","@id":"https:\/\/transamerica93.com.br\/home\/selecao-feminina-inicia-preparacao-para-copa-de-2027-contra-a-colombia\/#breadcrumb","itemListElement":[{"@type":"ListItem","position":1,"name":"In\u00edcio","item":"https:\/\/transamerica93.com.br\/home\/"},{"@type":"ListItem","position":2,"name":"Sele\u00e7\u00e3o feminina inicia prepara\u00e7\u00e3o para Copa de 2027 contra a Col\u00f4mbia"}]},{"@type":"WebSite","@id":"https:\/\/transamerica93.com.br\/home\/#website","url":"https:\/\/transamerica93.com.br\/home\/","name":"Transam\u00e9rica Mococa 93,3","description":"","publisher":{"@id":"https:\/\/transamerica93.com.br\/home\/#organization"},"potentialAction":[{"@type":"SearchAction","target":{"@type":"EntryPoint","urlTemplate":"https:\/\/transamerica93.com.br\/home\/?s={search_term_string}"},"query-input":{"@type":"PropertyValueSpecification","valueRequired":true,"valueName":"search_term_string"}}],"inLanguage":"pt-BR"},{"@type":"Organization","@id":"https:\/\/transamerica93.com.br\/home\/#organization","name":"Transam\u00e9rica Mococa 93,3","url":"https:\/\/transamerica93.com.br\/home\/","logo":{"@type":"ImageObject","inLanguage":"pt-BR","@id":"https:\/\/transamerica93.com.br\/home\/#\/schema\/logo\/image\/","url":"https:\/\/transamerica93.com.br\/home\/wp-content\/uploads\/2023\/10\/logo2.png","contentUrl":"https:\/\/transamerica93.com.br\/home\/wp-content\/uploads\/2023\/10\/logo2.png","width":800,"height":500,"caption":"Transam\u00e9rica Mococa 93,3"},"image":{"@id":"https:\/\/transamerica93.com.br\/home\/#\/schema\/logo\/image\/"},"sameAs":["https:\/\/www.facebook.com\/transamericamococa","https:\/\/x.com\/transamerica933","https:\/\/www.instagram.com\/transamericamococa"]},{"@type":"Person","@id":"https:\/\/transamerica93.com.br\/home\/#\/schema\/person\/7fed7c99c0d4562efa8561bc0f543172","name":"Reda\u00e7\u00e3o","image":{"@type":"ImageObject","inLanguage":"pt-BR","@id":"https:\/\/secure.gravatar.com\/avatar\/1072c6b775fb02ef8506ce967551d95926669a6b7d2c2147b42eea4d7c68395e?s=96&d=mm&r=g","url":"https:\/\/secure.gravatar.com\/avatar\/1072c6b775fb02ef8506ce967551d95926669a6b7d2c2147b42eea4d7c68395e?s=96&d=mm&r=g","contentUrl":"https:\/\/secure.gravatar.com\/avatar\/1072c6b775fb02ef8506ce967551d95926669a6b7d2c2147b42eea4d7c68395e?s=96&d=mm&r=g","caption":"Reda\u00e7\u00e3o"},"sameAs":["https:\/\/transamerica93.com.br\/home"],"url":"https:\/\/transamerica93.com.br\/home\/author\/william\/"}]}},"_links":{"self":[{"href":"https:\/\/transamerica93.com.br\/home\/wp-json\/wp\/v2\/posts\/3824","targetHints":{"allow":["GET"]}}],"collection":[{"href":"https:\/\/transamerica93.com.br\/home\/wp-json\/wp\/v2\/posts"}],"about":[{"href":"https:\/\/transamerica93.com.br\/home\/wp-json\/wp\/v2\/types\/post"}],"author":[{"embeddable":true,"href":"https:\/\/transamerica93.com.br\/home\/wp-json\/wp\/v2\/users\/1"}],"replies":[{"embeddable":true,"href":"https:\/\/transamerica93.com.br\/home\/wp-json\/wp\/v2\/comments?post=3824"}],"version-history":[{"count":1,"href":"https:\/\/transamerica93.com.br\/home\/wp-json\/wp\/v2\/posts\/3824\/revisions"}],"predecessor-version":[{"id":3825,"href":"https:\/\/transamerica93.com.br\/home\/wp-json\/wp\/v2\/posts\/3824\/revisions\/3825"}],"wp:featuredmedia":[{"embeddable":true,"href":"https:\/\/transamerica93.com.br\/home\/wp-json\/wp\/v2\/media\/3818"}],"wp:attachment":[{"href":"https:\/\/transamerica93.com.br\/home\/wp-json\/wp\/v2\/media?parent=3824"}],"wp:term":[{"taxonomy":"category","embeddable":true,"href":"https:\/\/transamerica93.com.br\/home\/wp-json\/wp\/v2\/categories?post=3824"},{"taxonomy":"post_tag","embeddable":true,"href":"https:\/\/transamerica93.com.br\/home\/wp-json\/wp\/v2\/tags?post=3824"}],"curies":[{"name":"wp","href":"https:\/\/api.w.org\/{rel}","templated":true}]}}