{"id":3826,"date":"2024-09-26T12:00:05","date_gmt":"2024-09-26T15:00:05","guid":{"rendered":"https:\/\/transamerica93.com.br\/home\/?p=3826"},"modified":"2024-09-21T13:54:22","modified_gmt":"2024-09-21T16:54:22","slug":"festival-paralimpico-oferece-vivencia-esportiva-a-criancas","status":"publish","type":"post","link":"https:\/\/transamerica93.com.br\/home\/festival-paralimpico-oferece-vivencia-esportiva-a-criancas\/","title":{"rendered":"Festival Paral\u00edmpico oferece viv\u00eancia esportiva a crian\u00e7as"},"content":{"rendered":"<div class=\"post-item-wrap\">\n<p>Crian\u00e7as de todas as partes do pa\u00eds tiveram a oportunidade de conhecerem de forma mais pr\u00f3xima o Movimento Paral\u00edmpico. Isto porque o Comit\u00ea Paral\u00edmpico Brasileiro (CPB) realizou mais uma edi\u00e7\u00e3o do Festival Paral\u00edmpico.<img decoding=\"async\" data-src=\"https:\/\/agenciabrasil.ebc.com.br\/ebc.png?id=1613019&amp;o=node\" src=\"data:image\/svg+xml;base64,PHN2ZyB3aWR0aD0iMSIgaGVpZ2h0PSIxIiB4bWxucz0iaHR0cDovL3d3dy53My5vcmcvMjAwMC9zdmciPjwvc3ZnPg==\" class=\"lazyload\" \/><img decoding=\"async\" data-src=\"https:\/\/agenciabrasil.ebc.com.br\/ebc.gif?id=1613019&amp;o=node\" src=\"data:image\/svg+xml;base64,PHN2ZyB3aWR0aD0iMSIgaGVpZ2h0PSIxIiB4bWxucz0iaHR0cDovL3d3dy53My5vcmcvMjAwMC9zdmciPjwvc3ZnPg==\" class=\"lazyload\" \/><\/p>\n<p>O evento, no qual os participantes poder\u00e3o vivenciar de forma l\u00fadica diferentes modalidades paral\u00edmpicas, \u00e9 realizado poucos dias ap\u00f3s uma participa\u00e7\u00e3o de destaque do Brasil nos Jogos Paral\u00edmpicos de Paris (a melhor campanha do pa\u00eds na hist\u00f3ria do megaevento esportivo). Isto certamente fomentou o n\u00famero de inscri\u00e7\u00f5es recorde no Festival Paral\u00edmpico (segundo o CPB, at\u00e9 esta quinta 21.869 crian\u00e7as j\u00e1 haviam garantido sua vaga).<\/p>\n<p>A primeira edi\u00e7\u00e3o do Festival Paral\u00edmpico de 2024 ser\u00e1 realizada em 120 n\u00facleos das 27 unidades federativas do Brasil. Em Jo\u00e3o Pessoa (Para\u00edba), por exemplo, os participantes ter\u00e3o a oportunidade de praticar atletismo, futebol de cegos e taekwondo com a presen\u00e7a de medalhistas paral\u00edmpicos dos Jogos de Paris 2024, como o tricampe\u00e3o paral\u00edmpico Petr\u00facio Ferreira.<\/p>\n<\/div>\n<p class=\"alt-font font-italic my-2 small text-info\">Edi\u00e7\u00e3o: F\u00e1bio Lisboa<\/p>\n","protected":false},"excerpt":{"rendered":"<p>Crian\u00e7as de todas as partes do pa\u00eds tiveram a oportunidade de conhecerem de forma mais pr\u00f3xima o Movimento Paral\u00edmpico. Isto porque o Comit\u00ea Paral\u00edmpico Brasileiro (CPB) realizou mais uma edi\u00e7\u00e3o do Festival Paral\u00edmpico. O evento, no qual os participantes poder\u00e3o vivenciar de forma l\u00fadica diferentes modalidades paral\u00edmpicas, \u00e9 realizado poucos dias ap\u00f3s uma participa\u00e7\u00e3o de &hellip;<\/p>\n","protected":false},"author":1,"featured_media":3819,"comment_status":"closed","ping_status":"closed","sticky":false,"template":"","format":"standard","meta":{"footnotes":""},"categories":[31],"tags":[],"class_list":["post-3826","post","type-post","status-publish","format-standard","has-post-thumbnail","hentry","category-esportes"],"yoast_head":"<!-- This site is optimized with the Yoast SEO plugin v27.4 - https:\/\/yoast.com\/product\/yoast-seo-wordpress\/ -->\n<title>Festival Paral\u00edmpico oferece viv\u00eancia esportiva a crian\u00e7as - Transam\u00e9rica Mococa 93,3<\/title>\n<meta name=\"robots\" content=\"index, follow, max-snippet:-1, max-image-preview:large, max-video-preview:-1\" \/>\n<link rel=\"canonical\" href=\"https:\/\/transamerica93.com.br\/home\/festival-paralimpico-oferece-vivencia-esportiva-a-criancas\/\" \/>\n<meta property=\"og:locale\" content=\"pt_BR\" \/>\n<meta property=\"og:type\" content=\"article\" \/>\n<meta property=\"og:title\" content=\"Festival Paral\u00edmpico oferece viv\u00eancia esportiva a crian\u00e7as - Transam\u00e9rica Mococa 93,3\" \/>\n<meta property=\"og:description\" content=\"Crian\u00e7as de todas as partes do pa\u00eds tiveram a oportunidade de conhecerem de forma mais pr\u00f3xima o Movimento Paral\u00edmpico. Isto porque o Comit\u00ea Paral\u00edmpico Brasileiro (CPB) realizou mais uma edi\u00e7\u00e3o do Festival Paral\u00edmpico. O evento, no qual os participantes poder\u00e3o vivenciar de forma l\u00fadica diferentes modalidades paral\u00edmpicas, \u00e9 realizado poucos dias ap\u00f3s uma participa\u00e7\u00e3o de &hellip;\" \/>\n<meta property=\"og:url\" content=\"https:\/\/transamerica93.com.br\/home\/festival-paralimpico-oferece-vivencia-esportiva-a-criancas\/\" \/>\n<meta property=\"og:site_name\" content=\"Transam\u00e9rica Mococa 93,3\" \/>\n<meta property=\"article:publisher\" content=\"https:\/\/www.facebook.com\/transamericamococa\" \/>\n<meta property=\"article:published_time\" content=\"2024-09-26T15:00:05+00:00\" \/>\n<meta property=\"og:image\" content=\"https:\/\/transamerica93.com.br\/home\/wp-content\/uploads\/2024\/09\/4-3.jpg\" \/>\n\t<meta property=\"og:image:width\" content=\"1170\" \/>\n\t<meta property=\"og:image:height\" content=\"700\" \/>\n\t<meta property=\"og:image:type\" content=\"image\/jpeg\" \/>\n<meta name=\"author\" content=\"Reda\u00e7\u00e3o\" \/>\n<meta name=\"twitter:card\" content=\"summary_large_image\" \/>\n<meta name=\"twitter:creator\" content=\"@transamerica933\" \/>\n<meta name=\"twitter:site\" content=\"@transamerica933\" \/>\n<meta name=\"twitter:label1\" content=\"Escrito por\" \/>\n\t<meta name=\"twitter:data1\" content=\"Reda\u00e7\u00e3o\" \/>\n\t<meta name=\"twitter:label2\" content=\"Est. tempo de leitura\" \/>\n\t<meta name=\"twitter:data2\" content=\"2 minutos\" \/>\n<script type=\"application\/ld+json\" class=\"yoast-schema-graph\">{\"@context\":\"https:\\\/\\\/schema.org\",\"@graph\":[{\"@type\":\"Article\",\"@id\":\"https:\\\/\\\/transamerica93.com.br\\\/home\\\/festival-paralimpico-oferece-vivencia-esportiva-a-criancas\\\/#article\",\"isPartOf\":{\"@id\":\"https:\\\/\\\/transamerica93.com.br\\\/home\\\/festival-paralimpico-oferece-vivencia-esportiva-a-criancas\\\/\"},\"author\":{\"name\":\"Reda\u00e7\u00e3o\",\"@id\":\"https:\\\/\\\/transamerica93.com.br\\\/home\\\/#\\\/schema\\\/person\\\/7fed7c99c0d4562efa8561bc0f543172\"},\"headline\":\"Festival Paral\u00edmpico oferece viv\u00eancia esportiva a crian\u00e7as\",\"datePublished\":\"2024-09-26T15:00:05+00:00\",\"mainEntityOfPage\":{\"@id\":\"https:\\\/\\\/transamerica93.com.br\\\/home\\\/festival-paralimpico-oferece-vivencia-esportiva-a-criancas\\\/\"},\"wordCount\":191,\"publisher\":{\"@id\":\"https:\\\/\\\/transamerica93.com.br\\\/home\\\/#organization\"},\"image\":{\"@id\":\"https:\\\/\\\/transamerica93.com.br\\\/home\\\/festival-paralimpico-oferece-vivencia-esportiva-a-criancas\\\/#primaryimage\"},\"thumbnailUrl\":\"https:\\\/\\\/transamerica93.com.br\\\/home\\\/wp-content\\\/uploads\\\/2024\\\/09\\\/4-3.jpg\",\"articleSection\":[\"Esportes\"],\"inLanguage\":\"pt-BR\"},{\"@type\":\"WebPage\",\"@id\":\"https:\\\/\\\/transamerica93.com.br\\\/home\\\/festival-paralimpico-oferece-vivencia-esportiva-a-criancas\\\/\",\"url\":\"https:\\\/\\\/transamerica93.com.br\\\/home\\\/festival-paralimpico-oferece-vivencia-esportiva-a-criancas\\\/\",\"name\":\"Festival Paral\u00edmpico oferece viv\u00eancia esportiva a crian\u00e7as - Transam\u00e9rica Mococa 93,3\",\"isPartOf\":{\"@id\":\"https:\\\/\\\/transamerica93.com.br\\\/home\\\/#website\"},\"primaryImageOfPage\":{\"@id\":\"https:\\\/\\\/transamerica93.com.br\\\/home\\\/festival-paralimpico-oferece-vivencia-esportiva-a-criancas\\\/#primaryimage\"},\"image\":{\"@id\":\"https:\\\/\\\/transamerica93.com.br\\\/home\\\/festival-paralimpico-oferece-vivencia-esportiva-a-criancas\\\/#primaryimage\"},\"thumbnailUrl\":\"https:\\\/\\\/transamerica93.com.br\\\/home\\\/wp-content\\\/uploads\\\/2024\\\/09\\\/4-3.jpg\",\"datePublished\":\"2024-09-26T15:00:05+00:00\",\"breadcrumb\":{\"@id\":\"https:\\\/\\\/transamerica93.com.br\\\/home\\\/festival-paralimpico-oferece-vivencia-esportiva-a-criancas\\\/#breadcrumb\"},\"inLanguage\":\"pt-BR\",\"potentialAction\":[{\"@type\":\"ReadAction\",\"target\":[\"https:\\\/\\\/transamerica93.com.br\\\/home\\\/festival-paralimpico-oferece-vivencia-esportiva-a-criancas\\\/\"]}]},{\"@type\":\"ImageObject\",\"inLanguage\":\"pt-BR\",\"@id\":\"https:\\\/\\\/transamerica93.com.br\\\/home\\\/festival-paralimpico-oferece-vivencia-esportiva-a-criancas\\\/#primaryimage\",\"url\":\"https:\\\/\\\/transamerica93.com.br\\\/home\\\/wp-content\\\/uploads\\\/2024\\\/09\\\/4-3.jpg\",\"contentUrl\":\"https:\\\/\\\/transamerica93.com.br\\\/home\\\/wp-content\\\/uploads\\\/2024\\\/09\\\/4-3.jpg\",\"width\":1170,\"height\":700,\"caption\":\"\u00a9 Ana Patr\u00edcia Almeida\\\/CPB\"},{\"@type\":\"BreadcrumbList\",\"@id\":\"https:\\\/\\\/transamerica93.com.br\\\/home\\\/festival-paralimpico-oferece-vivencia-esportiva-a-criancas\\\/#breadcrumb\",\"itemListElement\":[{\"@type\":\"ListItem\",\"position\":1,\"name\":\"In\u00edcio\",\"item\":\"https:\\\/\\\/transamerica93.com.br\\\/home\\\/\"},{\"@type\":\"ListItem\",\"position\":2,\"name\":\"Festival Paral\u00edmpico oferece viv\u00eancia esportiva a crian\u00e7as\"}]},{\"@type\":\"WebSite\",\"@id\":\"https:\\\/\\\/transamerica93.com.br\\\/home\\\/#website\",\"url\":\"https:\\\/\\\/transamerica93.com.br\\\/home\\\/\",\"name\":\"Transam\u00e9rica Mococa 93,3\",\"description\":\"\",\"publisher\":{\"@id\":\"https:\\\/\\\/transamerica93.com.br\\\/home\\\/#organization\"},\"potentialAction\":[{\"@type\":\"SearchAction\",\"target\":{\"@type\":\"EntryPoint\",\"urlTemplate\":\"https:\\\/\\\/transamerica93.com.br\\\/home\\\/?s={search_term_string}\"},\"query-input\":{\"@type\":\"PropertyValueSpecification\",\"valueRequired\":true,\"valueName\":\"search_term_string\"}}],\"inLanguage\":\"pt-BR\"},{\"@type\":\"Organization\",\"@id\":\"https:\\\/\\\/transamerica93.com.br\\\/home\\\/#organization\",\"name\":\"Transam\u00e9rica Mococa 93,3\",\"url\":\"https:\\\/\\\/transamerica93.com.br\\\/home\\\/\",\"logo\":{\"@type\":\"ImageObject\",\"inLanguage\":\"pt-BR\",\"@id\":\"https:\\\/\\\/transamerica93.com.br\\\/home\\\/#\\\/schema\\\/logo\\\/image\\\/\",\"url\":\"https:\\\/\\\/transamerica93.com.br\\\/home\\\/wp-content\\\/uploads\\\/2023\\\/10\\\/logo2.png\",\"contentUrl\":\"https:\\\/\\\/transamerica93.com.br\\\/home\\\/wp-content\\\/uploads\\\/2023\\\/10\\\/logo2.png\",\"width\":800,\"height\":500,\"caption\":\"Transam\u00e9rica Mococa 93,3\"},\"image\":{\"@id\":\"https:\\\/\\\/transamerica93.com.br\\\/home\\\/#\\\/schema\\\/logo\\\/image\\\/\"},\"sameAs\":[\"https:\\\/\\\/www.facebook.com\\\/transamericamococa\",\"https:\\\/\\\/x.com\\\/transamerica933\",\"https:\\\/\\\/www.instagram.com\\\/transamericamococa\"]},{\"@type\":\"Person\",\"@id\":\"https:\\\/\\\/transamerica93.com.br\\\/home\\\/#\\\/schema\\\/person\\\/7fed7c99c0d4562efa8561bc0f543172\",\"name\":\"Reda\u00e7\u00e3o\",\"image\":{\"@type\":\"ImageObject\",\"inLanguage\":\"pt-BR\",\"@id\":\"https:\\\/\\\/secure.gravatar.com\\\/avatar\\\/1072c6b775fb02ef8506ce967551d95926669a6b7d2c2147b42eea4d7c68395e?s=96&d=mm&r=g\",\"url\":\"https:\\\/\\\/secure.gravatar.com\\\/avatar\\\/1072c6b775fb02ef8506ce967551d95926669a6b7d2c2147b42eea4d7c68395e?s=96&d=mm&r=g\",\"contentUrl\":\"https:\\\/\\\/secure.gravatar.com\\\/avatar\\\/1072c6b775fb02ef8506ce967551d95926669a6b7d2c2147b42eea4d7c68395e?s=96&d=mm&r=g\",\"caption\":\"Reda\u00e7\u00e3o\"},\"sameAs\":[\"https:\\\/\\\/transamerica93.com.br\\\/home\"],\"url\":\"https:\\\/\\\/transamerica93.com.br\\\/home\\\/author\\\/william\\\/\"}]}<\/script>\n<!-- \/ Yoast SEO plugin. -->","yoast_head_json":{"title":"Festival Paral\u00edmpico oferece viv\u00eancia esportiva a crian\u00e7as - Transam\u00e9rica Mococa 93,3","robots":{"index":"index","follow":"follow","max-snippet":"max-snippet:-1","max-image-preview":"max-image-preview:large","max-video-preview":"max-video-preview:-1"},"canonical":"https:\/\/transamerica93.com.br\/home\/festival-paralimpico-oferece-vivencia-esportiva-a-criancas\/","og_locale":"pt_BR","og_type":"article","og_title":"Festival Paral\u00edmpico oferece viv\u00eancia esportiva a crian\u00e7as - Transam\u00e9rica Mococa 93,3","og_description":"Crian\u00e7as de todas as partes do pa\u00eds tiveram a oportunidade de conhecerem de forma mais pr\u00f3xima o Movimento Paral\u00edmpico. Isto porque o Comit\u00ea Paral\u00edmpico Brasileiro (CPB) realizou mais uma edi\u00e7\u00e3o do Festival Paral\u00edmpico. O evento, no qual os participantes poder\u00e3o vivenciar de forma l\u00fadica diferentes modalidades paral\u00edmpicas, \u00e9 realizado poucos dias ap\u00f3s uma participa\u00e7\u00e3o de &hellip;","og_url":"https:\/\/transamerica93.com.br\/home\/festival-paralimpico-oferece-vivencia-esportiva-a-criancas\/","og_site_name":"Transam\u00e9rica Mococa 93,3","article_publisher":"https:\/\/www.facebook.com\/transamericamococa","article_published_time":"2024-09-26T15:00:05+00:00","og_image":[{"width":1170,"height":700,"url":"https:\/\/transamerica93.com.br\/home\/wp-content\/uploads\/2024\/09\/4-3.jpg","type":"image\/jpeg"}],"author":"Reda\u00e7\u00e3o","twitter_card":"summary_large_image","twitter_creator":"@transamerica933","twitter_site":"@transamerica933","twitter_misc":{"Escrito por":"Reda\u00e7\u00e3o","Est. tempo de leitura":"2 minutos"},"schema":{"@context":"https:\/\/schema.org","@graph":[{"@type":"Article","@id":"https:\/\/transamerica93.com.br\/home\/festival-paralimpico-oferece-vivencia-esportiva-a-criancas\/#article","isPartOf":{"@id":"https:\/\/transamerica93.com.br\/home\/festival-paralimpico-oferece-vivencia-esportiva-a-criancas\/"},"author":{"name":"Reda\u00e7\u00e3o","@id":"https:\/\/transamerica93.com.br\/home\/#\/schema\/person\/7fed7c99c0d4562efa8561bc0f543172"},"headline":"Festival Paral\u00edmpico oferece viv\u00eancia esportiva a crian\u00e7as","datePublished":"2024-09-26T15:00:05+00:00","mainEntityOfPage":{"@id":"https:\/\/transamerica93.com.br\/home\/festival-paralimpico-oferece-vivencia-esportiva-a-criancas\/"},"wordCount":191,"publisher":{"@id":"https:\/\/transamerica93.com.br\/home\/#organization"},"image":{"@id":"https:\/\/transamerica93.com.br\/home\/festival-paralimpico-oferece-vivencia-esportiva-a-criancas\/#primaryimage"},"thumbnailUrl":"https:\/\/transamerica93.com.br\/home\/wp-content\/uploads\/2024\/09\/4-3.jpg","articleSection":["Esportes"],"inLanguage":"pt-BR"},{"@type":"WebPage","@id":"https:\/\/transamerica93.com.br\/home\/festival-paralimpico-oferece-vivencia-esportiva-a-criancas\/","url":"https:\/\/transamerica93.com.br\/home\/festival-paralimpico-oferece-vivencia-esportiva-a-criancas\/","name":"Festival Paral\u00edmpico oferece viv\u00eancia esportiva a crian\u00e7as - Transam\u00e9rica Mococa 93,3","isPartOf":{"@id":"https:\/\/transamerica93.com.br\/home\/#website"},"primaryImageOfPage":{"@id":"https:\/\/transamerica93.com.br\/home\/festival-paralimpico-oferece-vivencia-esportiva-a-criancas\/#primaryimage"},"image":{"@id":"https:\/\/transamerica93.com.br\/home\/festival-paralimpico-oferece-vivencia-esportiva-a-criancas\/#primaryimage"},"thumbnailUrl":"https:\/\/transamerica93.com.br\/home\/wp-content\/uploads\/2024\/09\/4-3.jpg","datePublished":"2024-09-26T15:00:05+00:00","breadcrumb":{"@id":"https:\/\/transamerica93.com.br\/home\/festival-paralimpico-oferece-vivencia-esportiva-a-criancas\/#breadcrumb"},"inLanguage":"pt-BR","potentialAction":[{"@type":"ReadAction","target":["https:\/\/transamerica93.com.br\/home\/festival-paralimpico-oferece-vivencia-esportiva-a-criancas\/"]}]},{"@type":"ImageObject","inLanguage":"pt-BR","@id":"https:\/\/transamerica93.com.br\/home\/festival-paralimpico-oferece-vivencia-esportiva-a-criancas\/#primaryimage","url":"https:\/\/transamerica93.com.br\/home\/wp-content\/uploads\/2024\/09\/4-3.jpg","contentUrl":"https:\/\/transamerica93.com.br\/home\/wp-content\/uploads\/2024\/09\/4-3.jpg","width":1170,"height":700,"caption":"\u00a9 Ana Patr\u00edcia Almeida\/CPB"},{"@type":"BreadcrumbList","@id":"https:\/\/transamerica93.com.br\/home\/festival-paralimpico-oferece-vivencia-esportiva-a-criancas\/#breadcrumb","itemListElement":[{"@type":"ListItem","position":1,"name":"In\u00edcio","item":"https:\/\/transamerica93.com.br\/home\/"},{"@type":"ListItem","position":2,"name":"Festival Paral\u00edmpico oferece viv\u00eancia esportiva a crian\u00e7as"}]},{"@type":"WebSite","@id":"https:\/\/transamerica93.com.br\/home\/#website","url":"https:\/\/transamerica93.com.br\/home\/","name":"Transam\u00e9rica Mococa 93,3","description":"","publisher":{"@id":"https:\/\/transamerica93.com.br\/home\/#organization"},"potentialAction":[{"@type":"SearchAction","target":{"@type":"EntryPoint","urlTemplate":"https:\/\/transamerica93.com.br\/home\/?s={search_term_string}"},"query-input":{"@type":"PropertyValueSpecification","valueRequired":true,"valueName":"search_term_string"}}],"inLanguage":"pt-BR"},{"@type":"Organization","@id":"https:\/\/transamerica93.com.br\/home\/#organization","name":"Transam\u00e9rica Mococa 93,3","url":"https:\/\/transamerica93.com.br\/home\/","logo":{"@type":"ImageObject","inLanguage":"pt-BR","@id":"https:\/\/transamerica93.com.br\/home\/#\/schema\/logo\/image\/","url":"https:\/\/transamerica93.com.br\/home\/wp-content\/uploads\/2023\/10\/logo2.png","contentUrl":"https:\/\/transamerica93.com.br\/home\/wp-content\/uploads\/2023\/10\/logo2.png","width":800,"height":500,"caption":"Transam\u00e9rica Mococa 93,3"},"image":{"@id":"https:\/\/transamerica93.com.br\/home\/#\/schema\/logo\/image\/"},"sameAs":["https:\/\/www.facebook.com\/transamericamococa","https:\/\/x.com\/transamerica933","https:\/\/www.instagram.com\/transamericamococa"]},{"@type":"Person","@id":"https:\/\/transamerica93.com.br\/home\/#\/schema\/person\/7fed7c99c0d4562efa8561bc0f543172","name":"Reda\u00e7\u00e3o","image":{"@type":"ImageObject","inLanguage":"pt-BR","@id":"https:\/\/secure.gravatar.com\/avatar\/1072c6b775fb02ef8506ce967551d95926669a6b7d2c2147b42eea4d7c68395e?s=96&d=mm&r=g","url":"https:\/\/secure.gravatar.com\/avatar\/1072c6b775fb02ef8506ce967551d95926669a6b7d2c2147b42eea4d7c68395e?s=96&d=mm&r=g","contentUrl":"https:\/\/secure.gravatar.com\/avatar\/1072c6b775fb02ef8506ce967551d95926669a6b7d2c2147b42eea4d7c68395e?s=96&d=mm&r=g","caption":"Reda\u00e7\u00e3o"},"sameAs":["https:\/\/transamerica93.com.br\/home"],"url":"https:\/\/transamerica93.com.br\/home\/author\/william\/"}]}},"_links":{"self":[{"href":"https:\/\/transamerica93.com.br\/home\/wp-json\/wp\/v2\/posts\/3826","targetHints":{"allow":["GET"]}}],"collection":[{"href":"https:\/\/transamerica93.com.br\/home\/wp-json\/wp\/v2\/posts"}],"about":[{"href":"https:\/\/transamerica93.com.br\/home\/wp-json\/wp\/v2\/types\/post"}],"author":[{"embeddable":true,"href":"https:\/\/transamerica93.com.br\/home\/wp-json\/wp\/v2\/users\/1"}],"replies":[{"embeddable":true,"href":"https:\/\/transamerica93.com.br\/home\/wp-json\/wp\/v2\/comments?post=3826"}],"version-history":[{"count":1,"href":"https:\/\/transamerica93.com.br\/home\/wp-json\/wp\/v2\/posts\/3826\/revisions"}],"predecessor-version":[{"id":3827,"href":"https:\/\/transamerica93.com.br\/home\/wp-json\/wp\/v2\/posts\/3826\/revisions\/3827"}],"wp:featuredmedia":[{"embeddable":true,"href":"https:\/\/transamerica93.com.br\/home\/wp-json\/wp\/v2\/media\/3819"}],"wp:attachment":[{"href":"https:\/\/transamerica93.com.br\/home\/wp-json\/wp\/v2\/media?parent=3826"}],"wp:term":[{"taxonomy":"category","embeddable":true,"href":"https:\/\/transamerica93.com.br\/home\/wp-json\/wp\/v2\/categories?post=3826"},{"taxonomy":"post_tag","embeddable":true,"href":"https:\/\/transamerica93.com.br\/home\/wp-json\/wp\/v2\/tags?post=3826"}],"curies":[{"name":"wp","href":"https:\/\/api.w.org\/{rel}","templated":true}]}}