{"id":3828,"date":"2024-09-27T12:00:39","date_gmt":"2024-09-27T15:00:39","guid":{"rendered":"https:\/\/transamerica93.com.br\/home\/?p=3828"},"modified":"2024-09-21T13:56:48","modified_gmt":"2024-09-21T16:56:48","slug":"vini-junior-recebe-trofeu-de-melhor-jogador-da-liga-dos-campeoes","status":"publish","type":"post","link":"https:\/\/transamerica93.com.br\/home\/vini-junior-recebe-trofeu-de-melhor-jogador-da-liga-dos-campeoes\/","title":{"rendered":"Vini J\u00fanior recebe trof\u00e9u de melhor jogador da Liga dos Campe\u00f5es"},"content":{"rendered":"<div class=\"post-item-wrap\">\n<p>O atacante brasileiro Vinicius J\u00fanior, do Real Madrid (Espanha), finalmente recebeu o trof\u00e9u de melhor jogador da temporada 2023\/2024 da Liga dos Campe\u00f5es da Europa. Ele foi escolhido para receber o pr\u00eamio no in\u00edcio de junho, alguns dias ap\u00f3s a final da competi\u00e7\u00e3o.<img decoding=\"async\" data-src=\"https:\/\/agenciabrasil.ebc.com.br\/ebc.png?id=1612431&amp;o=node\" src=\"data:image\/svg+xml;base64,PHN2ZyB3aWR0aD0iMSIgaGVpZ2h0PSIxIiB4bWxucz0iaHR0cDovL3d3dy53My5vcmcvMjAwMC9zdmciPjwvc3ZnPg==\" class=\"lazyload\" \/><img decoding=\"async\" data-src=\"https:\/\/agenciabrasil.ebc.com.br\/ebc.gif?id=1612431&amp;o=node\" src=\"data:image\/svg+xml;base64,PHN2ZyB3aWR0aD0iMSIgaGVpZ2h0PSIxIiB4bWxucz0iaHR0cDovL3d3dy53My5vcmcvMjAwMC9zdmciPjwvc3ZnPg==\" class=\"lazyload\" \/><\/p>\n<p>O jogador postou em seu perfil em uma rede social uma foto com o pr\u00eamio durante treino da sua equipe, que estreia na pr\u00f3xima edi\u00e7\u00e3o da principal competi\u00e7\u00e3o de clubes da Europa na pr\u00f3xima ter\u00e7a-feira (17) contra o Stuttgart (Alemanha).<\/p>\n<p>\u201cO trabalho e a personalidade levam voc\u00ea a lugares altos. Obrigado a todos os meus companheiros por isso. Amo voc\u00eas\u201d, declarou o atacante.<\/p>\n<p>Vin\u00edcius jogou 10 partidas na competi\u00e7\u00e3o pelo campe\u00e3o Real Madrid, marcou seis gols e deu cinco assist\u00eancias. O brasileiro fez o segundo gol do Real na vit\u00f3ria de 2 a 0 sobre o Borussia Dortmund (Alemanha) na final da competi\u00e7\u00e3o, conquistando seu segundo trof\u00e9u da Liga dos Campe\u00f5es com o clube.<\/p>\n<\/div>\n<p class=\"alt-font font-italic my-2 small text-info\">Edi\u00e7\u00e3o: F\u00e1bio Lisboa<\/p>\n","protected":false},"excerpt":{"rendered":"<p>O atacante brasileiro Vinicius J\u00fanior, do Real Madrid (Espanha), finalmente recebeu o trof\u00e9u de melhor jogador da temporada 2023\/2024 da Liga dos Campe\u00f5es da Europa. Ele foi escolhido para receber o pr\u00eamio no in\u00edcio de junho, alguns dias ap\u00f3s a final da competi\u00e7\u00e3o. O jogador postou em seu perfil em uma rede social uma foto &hellip;<\/p>\n","protected":false},"author":1,"featured_media":3829,"comment_status":"closed","ping_status":"closed","sticky":false,"template":"","format":"standard","meta":{"footnotes":""},"categories":[31],"tags":[],"class_list":["post-3828","post","type-post","status-publish","format-standard","has-post-thumbnail","hentry","category-esportes"],"yoast_head":"<!-- This site is optimized with the Yoast SEO plugin v27.4 - https:\/\/yoast.com\/product\/yoast-seo-wordpress\/ -->\n<title>Vini J\u00fanior recebe trof\u00e9u de melhor jogador da Liga dos Campe\u00f5es - Transam\u00e9rica Mococa 93,3<\/title>\n<meta name=\"robots\" content=\"index, follow, max-snippet:-1, max-image-preview:large, max-video-preview:-1\" \/>\n<link rel=\"canonical\" href=\"https:\/\/transamerica93.com.br\/home\/vini-junior-recebe-trofeu-de-melhor-jogador-da-liga-dos-campeoes\/\" \/>\n<meta property=\"og:locale\" content=\"pt_BR\" \/>\n<meta property=\"og:type\" content=\"article\" \/>\n<meta property=\"og:title\" content=\"Vini J\u00fanior recebe trof\u00e9u de melhor jogador da Liga dos Campe\u00f5es - Transam\u00e9rica Mococa 93,3\" \/>\n<meta property=\"og:description\" content=\"O atacante brasileiro Vinicius J\u00fanior, do Real Madrid (Espanha), finalmente recebeu o trof\u00e9u de melhor jogador da temporada 2023\/2024 da Liga dos Campe\u00f5es da Europa. Ele foi escolhido para receber o pr\u00eamio no in\u00edcio de junho, alguns dias ap\u00f3s a final da competi\u00e7\u00e3o. O jogador postou em seu perfil em uma rede social uma foto &hellip;\" \/>\n<meta property=\"og:url\" content=\"https:\/\/transamerica93.com.br\/home\/vini-junior-recebe-trofeu-de-melhor-jogador-da-liga-dos-campeoes\/\" \/>\n<meta property=\"og:site_name\" content=\"Transam\u00e9rica Mococa 93,3\" \/>\n<meta property=\"article:publisher\" content=\"https:\/\/www.facebook.com\/transamericamococa\" \/>\n<meta property=\"article:published_time\" content=\"2024-09-27T15:00:39+00:00\" \/>\n<meta property=\"og:image\" content=\"https:\/\/transamerica93.com.br\/home\/wp-content\/uploads\/2024\/09\/5-4.jpg\" \/>\n\t<meta property=\"og:image:width\" content=\"1170\" \/>\n\t<meta property=\"og:image:height\" content=\"700\" \/>\n\t<meta property=\"og:image:type\" content=\"image\/jpeg\" \/>\n<meta name=\"author\" content=\"Reda\u00e7\u00e3o\" \/>\n<meta name=\"twitter:card\" content=\"summary_large_image\" \/>\n<meta name=\"twitter:creator\" content=\"@transamerica933\" \/>\n<meta name=\"twitter:site\" content=\"@transamerica933\" \/>\n<meta name=\"twitter:label1\" content=\"Escrito por\" \/>\n\t<meta name=\"twitter:data1\" content=\"Reda\u00e7\u00e3o\" \/>\n\t<meta name=\"twitter:label2\" content=\"Est. tempo de leitura\" \/>\n\t<meta name=\"twitter:data2\" content=\"2 minutos\" \/>\n<script type=\"application\/ld+json\" class=\"yoast-schema-graph\">{\"@context\":\"https:\\\/\\\/schema.org\",\"@graph\":[{\"@type\":\"Article\",\"@id\":\"https:\\\/\\\/transamerica93.com.br\\\/home\\\/vini-junior-recebe-trofeu-de-melhor-jogador-da-liga-dos-campeoes\\\/#article\",\"isPartOf\":{\"@id\":\"https:\\\/\\\/transamerica93.com.br\\\/home\\\/vini-junior-recebe-trofeu-de-melhor-jogador-da-liga-dos-campeoes\\\/\"},\"author\":{\"name\":\"Reda\u00e7\u00e3o\",\"@id\":\"https:\\\/\\\/transamerica93.com.br\\\/home\\\/#\\\/schema\\\/person\\\/7fed7c99c0d4562efa8561bc0f543172\"},\"headline\":\"Vini J\u00fanior recebe trof\u00e9u de melhor jogador da Liga dos Campe\u00f5es\",\"datePublished\":\"2024-09-27T15:00:39+00:00\",\"mainEntityOfPage\":{\"@id\":\"https:\\\/\\\/transamerica93.com.br\\\/home\\\/vini-junior-recebe-trofeu-de-melhor-jogador-da-liga-dos-campeoes\\\/\"},\"wordCount\":193,\"publisher\":{\"@id\":\"https:\\\/\\\/transamerica93.com.br\\\/home\\\/#organization\"},\"image\":{\"@id\":\"https:\\\/\\\/transamerica93.com.br\\\/home\\\/vini-junior-recebe-trofeu-de-melhor-jogador-da-liga-dos-campeoes\\\/#primaryimage\"},\"thumbnailUrl\":\"https:\\\/\\\/transamerica93.com.br\\\/home\\\/wp-content\\\/uploads\\\/2024\\\/09\\\/5-4.jpg\",\"articleSection\":[\"Esportes\"],\"inLanguage\":\"pt-BR\"},{\"@type\":\"WebPage\",\"@id\":\"https:\\\/\\\/transamerica93.com.br\\\/home\\\/vini-junior-recebe-trofeu-de-melhor-jogador-da-liga-dos-campeoes\\\/\",\"url\":\"https:\\\/\\\/transamerica93.com.br\\\/home\\\/vini-junior-recebe-trofeu-de-melhor-jogador-da-liga-dos-campeoes\\\/\",\"name\":\"Vini J\u00fanior recebe trof\u00e9u de melhor jogador da Liga dos Campe\u00f5es - Transam\u00e9rica Mococa 93,3\",\"isPartOf\":{\"@id\":\"https:\\\/\\\/transamerica93.com.br\\\/home\\\/#website\"},\"primaryImageOfPage\":{\"@id\":\"https:\\\/\\\/transamerica93.com.br\\\/home\\\/vini-junior-recebe-trofeu-de-melhor-jogador-da-liga-dos-campeoes\\\/#primaryimage\"},\"image\":{\"@id\":\"https:\\\/\\\/transamerica93.com.br\\\/home\\\/vini-junior-recebe-trofeu-de-melhor-jogador-da-liga-dos-campeoes\\\/#primaryimage\"},\"thumbnailUrl\":\"https:\\\/\\\/transamerica93.com.br\\\/home\\\/wp-content\\\/uploads\\\/2024\\\/09\\\/5-4.jpg\",\"datePublished\":\"2024-09-27T15:00:39+00:00\",\"breadcrumb\":{\"@id\":\"https:\\\/\\\/transamerica93.com.br\\\/home\\\/vini-junior-recebe-trofeu-de-melhor-jogador-da-liga-dos-campeoes\\\/#breadcrumb\"},\"inLanguage\":\"pt-BR\",\"potentialAction\":[{\"@type\":\"ReadAction\",\"target\":[\"https:\\\/\\\/transamerica93.com.br\\\/home\\\/vini-junior-recebe-trofeu-de-melhor-jogador-da-liga-dos-campeoes\\\/\"]}]},{\"@type\":\"ImageObject\",\"inLanguage\":\"pt-BR\",\"@id\":\"https:\\\/\\\/transamerica93.com.br\\\/home\\\/vini-junior-recebe-trofeu-de-melhor-jogador-da-liga-dos-campeoes\\\/#primaryimage\",\"url\":\"https:\\\/\\\/transamerica93.com.br\\\/home\\\/wp-content\\\/uploads\\\/2024\\\/09\\\/5-4.jpg\",\"contentUrl\":\"https:\\\/\\\/transamerica93.com.br\\\/home\\\/wp-content\\\/uploads\\\/2024\\\/09\\\/5-4.jpg\",\"width\":1170,\"height\":700,\"caption\":\"\u00a9 Reuters\\\/Carl Recine\\\/Direitos Reservados\"},{\"@type\":\"BreadcrumbList\",\"@id\":\"https:\\\/\\\/transamerica93.com.br\\\/home\\\/vini-junior-recebe-trofeu-de-melhor-jogador-da-liga-dos-campeoes\\\/#breadcrumb\",\"itemListElement\":[{\"@type\":\"ListItem\",\"position\":1,\"name\":\"In\u00edcio\",\"item\":\"https:\\\/\\\/transamerica93.com.br\\\/home\\\/\"},{\"@type\":\"ListItem\",\"position\":2,\"name\":\"Vini J\u00fanior recebe trof\u00e9u de melhor jogador da Liga dos Campe\u00f5es\"}]},{\"@type\":\"WebSite\",\"@id\":\"https:\\\/\\\/transamerica93.com.br\\\/home\\\/#website\",\"url\":\"https:\\\/\\\/transamerica93.com.br\\\/home\\\/\",\"name\":\"Transam\u00e9rica Mococa 93,3\",\"description\":\"\",\"publisher\":{\"@id\":\"https:\\\/\\\/transamerica93.com.br\\\/home\\\/#organization\"},\"potentialAction\":[{\"@type\":\"SearchAction\",\"target\":{\"@type\":\"EntryPoint\",\"urlTemplate\":\"https:\\\/\\\/transamerica93.com.br\\\/home\\\/?s={search_term_string}\"},\"query-input\":{\"@type\":\"PropertyValueSpecification\",\"valueRequired\":true,\"valueName\":\"search_term_string\"}}],\"inLanguage\":\"pt-BR\"},{\"@type\":\"Organization\",\"@id\":\"https:\\\/\\\/transamerica93.com.br\\\/home\\\/#organization\",\"name\":\"Transam\u00e9rica Mococa 93,3\",\"url\":\"https:\\\/\\\/transamerica93.com.br\\\/home\\\/\",\"logo\":{\"@type\":\"ImageObject\",\"inLanguage\":\"pt-BR\",\"@id\":\"https:\\\/\\\/transamerica93.com.br\\\/home\\\/#\\\/schema\\\/logo\\\/image\\\/\",\"url\":\"https:\\\/\\\/transamerica93.com.br\\\/home\\\/wp-content\\\/uploads\\\/2023\\\/10\\\/logo2.png\",\"contentUrl\":\"https:\\\/\\\/transamerica93.com.br\\\/home\\\/wp-content\\\/uploads\\\/2023\\\/10\\\/logo2.png\",\"width\":800,\"height\":500,\"caption\":\"Transam\u00e9rica Mococa 93,3\"},\"image\":{\"@id\":\"https:\\\/\\\/transamerica93.com.br\\\/home\\\/#\\\/schema\\\/logo\\\/image\\\/\"},\"sameAs\":[\"https:\\\/\\\/www.facebook.com\\\/transamericamococa\",\"https:\\\/\\\/x.com\\\/transamerica933\",\"https:\\\/\\\/www.instagram.com\\\/transamericamococa\"]},{\"@type\":\"Person\",\"@id\":\"https:\\\/\\\/transamerica93.com.br\\\/home\\\/#\\\/schema\\\/person\\\/7fed7c99c0d4562efa8561bc0f543172\",\"name\":\"Reda\u00e7\u00e3o\",\"image\":{\"@type\":\"ImageObject\",\"inLanguage\":\"pt-BR\",\"@id\":\"https:\\\/\\\/secure.gravatar.com\\\/avatar\\\/1072c6b775fb02ef8506ce967551d95926669a6b7d2c2147b42eea4d7c68395e?s=96&d=mm&r=g\",\"url\":\"https:\\\/\\\/secure.gravatar.com\\\/avatar\\\/1072c6b775fb02ef8506ce967551d95926669a6b7d2c2147b42eea4d7c68395e?s=96&d=mm&r=g\",\"contentUrl\":\"https:\\\/\\\/secure.gravatar.com\\\/avatar\\\/1072c6b775fb02ef8506ce967551d95926669a6b7d2c2147b42eea4d7c68395e?s=96&d=mm&r=g\",\"caption\":\"Reda\u00e7\u00e3o\"},\"sameAs\":[\"https:\\\/\\\/transamerica93.com.br\\\/home\"],\"url\":\"https:\\\/\\\/transamerica93.com.br\\\/home\\\/author\\\/william\\\/\"}]}<\/script>\n<!-- \/ Yoast SEO plugin. -->","yoast_head_json":{"title":"Vini J\u00fanior recebe trof\u00e9u de melhor jogador da Liga dos Campe\u00f5es - Transam\u00e9rica Mococa 93,3","robots":{"index":"index","follow":"follow","max-snippet":"max-snippet:-1","max-image-preview":"max-image-preview:large","max-video-preview":"max-video-preview:-1"},"canonical":"https:\/\/transamerica93.com.br\/home\/vini-junior-recebe-trofeu-de-melhor-jogador-da-liga-dos-campeoes\/","og_locale":"pt_BR","og_type":"article","og_title":"Vini J\u00fanior recebe trof\u00e9u de melhor jogador da Liga dos Campe\u00f5es - Transam\u00e9rica Mococa 93,3","og_description":"O atacante brasileiro Vinicius J\u00fanior, do Real Madrid (Espanha), finalmente recebeu o trof\u00e9u de melhor jogador da temporada 2023\/2024 da Liga dos Campe\u00f5es da Europa. Ele foi escolhido para receber o pr\u00eamio no in\u00edcio de junho, alguns dias ap\u00f3s a final da competi\u00e7\u00e3o. O jogador postou em seu perfil em uma rede social uma foto &hellip;","og_url":"https:\/\/transamerica93.com.br\/home\/vini-junior-recebe-trofeu-de-melhor-jogador-da-liga-dos-campeoes\/","og_site_name":"Transam\u00e9rica Mococa 93,3","article_publisher":"https:\/\/www.facebook.com\/transamericamococa","article_published_time":"2024-09-27T15:00:39+00:00","og_image":[{"width":1170,"height":700,"url":"https:\/\/transamerica93.com.br\/home\/wp-content\/uploads\/2024\/09\/5-4.jpg","type":"image\/jpeg"}],"author":"Reda\u00e7\u00e3o","twitter_card":"summary_large_image","twitter_creator":"@transamerica933","twitter_site":"@transamerica933","twitter_misc":{"Escrito por":"Reda\u00e7\u00e3o","Est. tempo de leitura":"2 minutos"},"schema":{"@context":"https:\/\/schema.org","@graph":[{"@type":"Article","@id":"https:\/\/transamerica93.com.br\/home\/vini-junior-recebe-trofeu-de-melhor-jogador-da-liga-dos-campeoes\/#article","isPartOf":{"@id":"https:\/\/transamerica93.com.br\/home\/vini-junior-recebe-trofeu-de-melhor-jogador-da-liga-dos-campeoes\/"},"author":{"name":"Reda\u00e7\u00e3o","@id":"https:\/\/transamerica93.com.br\/home\/#\/schema\/person\/7fed7c99c0d4562efa8561bc0f543172"},"headline":"Vini J\u00fanior recebe trof\u00e9u de melhor jogador da Liga dos Campe\u00f5es","datePublished":"2024-09-27T15:00:39+00:00","mainEntityOfPage":{"@id":"https:\/\/transamerica93.com.br\/home\/vini-junior-recebe-trofeu-de-melhor-jogador-da-liga-dos-campeoes\/"},"wordCount":193,"publisher":{"@id":"https:\/\/transamerica93.com.br\/home\/#organization"},"image":{"@id":"https:\/\/transamerica93.com.br\/home\/vini-junior-recebe-trofeu-de-melhor-jogador-da-liga-dos-campeoes\/#primaryimage"},"thumbnailUrl":"https:\/\/transamerica93.com.br\/home\/wp-content\/uploads\/2024\/09\/5-4.jpg","articleSection":["Esportes"],"inLanguage":"pt-BR"},{"@type":"WebPage","@id":"https:\/\/transamerica93.com.br\/home\/vini-junior-recebe-trofeu-de-melhor-jogador-da-liga-dos-campeoes\/","url":"https:\/\/transamerica93.com.br\/home\/vini-junior-recebe-trofeu-de-melhor-jogador-da-liga-dos-campeoes\/","name":"Vini J\u00fanior recebe trof\u00e9u de melhor jogador da Liga dos Campe\u00f5es - Transam\u00e9rica Mococa 93,3","isPartOf":{"@id":"https:\/\/transamerica93.com.br\/home\/#website"},"primaryImageOfPage":{"@id":"https:\/\/transamerica93.com.br\/home\/vini-junior-recebe-trofeu-de-melhor-jogador-da-liga-dos-campeoes\/#primaryimage"},"image":{"@id":"https:\/\/transamerica93.com.br\/home\/vini-junior-recebe-trofeu-de-melhor-jogador-da-liga-dos-campeoes\/#primaryimage"},"thumbnailUrl":"https:\/\/transamerica93.com.br\/home\/wp-content\/uploads\/2024\/09\/5-4.jpg","datePublished":"2024-09-27T15:00:39+00:00","breadcrumb":{"@id":"https:\/\/transamerica93.com.br\/home\/vini-junior-recebe-trofeu-de-melhor-jogador-da-liga-dos-campeoes\/#breadcrumb"},"inLanguage":"pt-BR","potentialAction":[{"@type":"ReadAction","target":["https:\/\/transamerica93.com.br\/home\/vini-junior-recebe-trofeu-de-melhor-jogador-da-liga-dos-campeoes\/"]}]},{"@type":"ImageObject","inLanguage":"pt-BR","@id":"https:\/\/transamerica93.com.br\/home\/vini-junior-recebe-trofeu-de-melhor-jogador-da-liga-dos-campeoes\/#primaryimage","url":"https:\/\/transamerica93.com.br\/home\/wp-content\/uploads\/2024\/09\/5-4.jpg","contentUrl":"https:\/\/transamerica93.com.br\/home\/wp-content\/uploads\/2024\/09\/5-4.jpg","width":1170,"height":700,"caption":"\u00a9 Reuters\/Carl Recine\/Direitos Reservados"},{"@type":"BreadcrumbList","@id":"https:\/\/transamerica93.com.br\/home\/vini-junior-recebe-trofeu-de-melhor-jogador-da-liga-dos-campeoes\/#breadcrumb","itemListElement":[{"@type":"ListItem","position":1,"name":"In\u00edcio","item":"https:\/\/transamerica93.com.br\/home\/"},{"@type":"ListItem","position":2,"name":"Vini J\u00fanior recebe trof\u00e9u de melhor jogador da Liga dos Campe\u00f5es"}]},{"@type":"WebSite","@id":"https:\/\/transamerica93.com.br\/home\/#website","url":"https:\/\/transamerica93.com.br\/home\/","name":"Transam\u00e9rica Mococa 93,3","description":"","publisher":{"@id":"https:\/\/transamerica93.com.br\/home\/#organization"},"potentialAction":[{"@type":"SearchAction","target":{"@type":"EntryPoint","urlTemplate":"https:\/\/transamerica93.com.br\/home\/?s={search_term_string}"},"query-input":{"@type":"PropertyValueSpecification","valueRequired":true,"valueName":"search_term_string"}}],"inLanguage":"pt-BR"},{"@type":"Organization","@id":"https:\/\/transamerica93.com.br\/home\/#organization","name":"Transam\u00e9rica Mococa 93,3","url":"https:\/\/transamerica93.com.br\/home\/","logo":{"@type":"ImageObject","inLanguage":"pt-BR","@id":"https:\/\/transamerica93.com.br\/home\/#\/schema\/logo\/image\/","url":"https:\/\/transamerica93.com.br\/home\/wp-content\/uploads\/2023\/10\/logo2.png","contentUrl":"https:\/\/transamerica93.com.br\/home\/wp-content\/uploads\/2023\/10\/logo2.png","width":800,"height":500,"caption":"Transam\u00e9rica Mococa 93,3"},"image":{"@id":"https:\/\/transamerica93.com.br\/home\/#\/schema\/logo\/image\/"},"sameAs":["https:\/\/www.facebook.com\/transamericamococa","https:\/\/x.com\/transamerica933","https:\/\/www.instagram.com\/transamericamococa"]},{"@type":"Person","@id":"https:\/\/transamerica93.com.br\/home\/#\/schema\/person\/7fed7c99c0d4562efa8561bc0f543172","name":"Reda\u00e7\u00e3o","image":{"@type":"ImageObject","inLanguage":"pt-BR","@id":"https:\/\/secure.gravatar.com\/avatar\/1072c6b775fb02ef8506ce967551d95926669a6b7d2c2147b42eea4d7c68395e?s=96&d=mm&r=g","url":"https:\/\/secure.gravatar.com\/avatar\/1072c6b775fb02ef8506ce967551d95926669a6b7d2c2147b42eea4d7c68395e?s=96&d=mm&r=g","contentUrl":"https:\/\/secure.gravatar.com\/avatar\/1072c6b775fb02ef8506ce967551d95926669a6b7d2c2147b42eea4d7c68395e?s=96&d=mm&r=g","caption":"Reda\u00e7\u00e3o"},"sameAs":["https:\/\/transamerica93.com.br\/home"],"url":"https:\/\/transamerica93.com.br\/home\/author\/william\/"}]}},"_links":{"self":[{"href":"https:\/\/transamerica93.com.br\/home\/wp-json\/wp\/v2\/posts\/3828","targetHints":{"allow":["GET"]}}],"collection":[{"href":"https:\/\/transamerica93.com.br\/home\/wp-json\/wp\/v2\/posts"}],"about":[{"href":"https:\/\/transamerica93.com.br\/home\/wp-json\/wp\/v2\/types\/post"}],"author":[{"embeddable":true,"href":"https:\/\/transamerica93.com.br\/home\/wp-json\/wp\/v2\/users\/1"}],"replies":[{"embeddable":true,"href":"https:\/\/transamerica93.com.br\/home\/wp-json\/wp\/v2\/comments?post=3828"}],"version-history":[{"count":1,"href":"https:\/\/transamerica93.com.br\/home\/wp-json\/wp\/v2\/posts\/3828\/revisions"}],"predecessor-version":[{"id":3830,"href":"https:\/\/transamerica93.com.br\/home\/wp-json\/wp\/v2\/posts\/3828\/revisions\/3830"}],"wp:featuredmedia":[{"embeddable":true,"href":"https:\/\/transamerica93.com.br\/home\/wp-json\/wp\/v2\/media\/3829"}],"wp:attachment":[{"href":"https:\/\/transamerica93.com.br\/home\/wp-json\/wp\/v2\/media?parent=3828"}],"wp:term":[{"taxonomy":"category","embeddable":true,"href":"https:\/\/transamerica93.com.br\/home\/wp-json\/wp\/v2\/categories?post=3828"},{"taxonomy":"post_tag","embeddable":true,"href":"https:\/\/transamerica93.com.br\/home\/wp-json\/wp\/v2\/tags?post=3828"}],"curies":[{"name":"wp","href":"https:\/\/api.w.org\/{rel}","templated":true}]}}