{"id":3839,"date":"2024-09-26T15:00:08","date_gmt":"2024-09-26T18:00:08","guid":{"rendered":"https:\/\/transamerica93.com.br\/home\/?p=3839"},"modified":"2024-09-21T14:03:43","modified_gmt":"2024-09-21T17:03:43","slug":"rock-in-rio-2024-vocalista-do-avenged-sevenfold-e-vaiado-apos-exibir-bandeira-do-corinthians","status":"publish","type":"post","link":"https:\/\/transamerica93.com.br\/home\/rock-in-rio-2024-vocalista-do-avenged-sevenfold-e-vaiado-apos-exibir-bandeira-do-corinthians\/","title":{"rendered":"Rock In Rio 2024: vocalista do Avenged Sevenfold \u00e9 vaiado ap\u00f3s exibir bandeira do Corinthians"},"content":{"rendered":"<p>Por Reda\u00e7\u00e3o<\/p>\n<p>O vocalista da banda Avenged Sevenfold, headliner do Rock In Rio, foi vaiado pelo p\u00fablico presente na Cidade do Rock ap\u00f3s exibir uma bandeira do Corinthians que havia sido arremessada ao palco.<\/p>\n<p>O momento inusitado aconteceu quando M. Shadows conversava com o p\u00fablico entre uma m\u00fasica e outra. Ele encarou a situa\u00e7\u00e3o com bom humor: &#8220;Tira isso daqui&#8221;, brincou, ap\u00f3s as vaias. Em seguida, o cantor ergueu uma bandeira com as cores do Brasil estampada com o emblema da banda de heavy metal e o p\u00fablico reagiu com entusiasmo.<\/p>\n<p>O grupo californiano subiu ao palco durante a madrugada e apresentou os principais sucessos de sua trajet\u00f3ria, como So Far Away. O &#8216;Dia do Rock&#8217; ainda contou com shows do Deep Purple, Journey e Evanescence.<\/p>\n","protected":false},"excerpt":{"rendered":"<p>Por Reda\u00e7\u00e3o O vocalista da banda Avenged Sevenfold, headliner do Rock In Rio, foi vaiado pelo p\u00fablico presente na Cidade do Rock ap\u00f3s exibir uma bandeira do Corinthians que havia sido arremessada ao palco. O momento inusitado aconteceu quando M. Shadows conversava com o p\u00fablico entre uma m\u00fasica e outra. Ele encarou a situa\u00e7\u00e3o com &hellip;<\/p>\n","protected":false},"author":1,"featured_media":3840,"comment_status":"closed","ping_status":"closed","sticky":false,"template":"","format":"standard","meta":{"footnotes":""},"categories":[25],"tags":[],"class_list":["post-3839","post","type-post","status-publish","format-standard","has-post-thumbnail","hentry","category-musica"],"yoast_head":"<!-- This site is optimized with the Yoast SEO plugin v27.4 - https:\/\/yoast.com\/product\/yoast-seo-wordpress\/ -->\n<title>Rock In Rio 2024: vocalista do Avenged Sevenfold \u00e9 vaiado ap\u00f3s exibir bandeira do Corinthians - Transam\u00e9rica Mococa 93,3<\/title>\n<meta name=\"robots\" content=\"index, follow, max-snippet:-1, max-image-preview:large, max-video-preview:-1\" \/>\n<link rel=\"canonical\" href=\"https:\/\/transamerica93.com.br\/home\/rock-in-rio-2024-vocalista-do-avenged-sevenfold-e-vaiado-apos-exibir-bandeira-do-corinthians\/\" \/>\n<meta property=\"og:locale\" content=\"pt_BR\" \/>\n<meta property=\"og:type\" content=\"article\" \/>\n<meta property=\"og:title\" content=\"Rock In Rio 2024: vocalista do Avenged Sevenfold \u00e9 vaiado ap\u00f3s exibir bandeira do Corinthians - Transam\u00e9rica Mococa 93,3\" \/>\n<meta property=\"og:description\" content=\"Por Reda\u00e7\u00e3o O vocalista da banda Avenged Sevenfold, headliner do Rock In Rio, foi vaiado pelo p\u00fablico presente na Cidade do Rock ap\u00f3s exibir uma bandeira do Corinthians que havia sido arremessada ao palco. O momento inusitado aconteceu quando M. Shadows conversava com o p\u00fablico entre uma m\u00fasica e outra. Ele encarou a situa\u00e7\u00e3o com &hellip;\" \/>\n<meta property=\"og:url\" content=\"https:\/\/transamerica93.com.br\/home\/rock-in-rio-2024-vocalista-do-avenged-sevenfold-e-vaiado-apos-exibir-bandeira-do-corinthians\/\" \/>\n<meta property=\"og:site_name\" content=\"Transam\u00e9rica Mococa 93,3\" \/>\n<meta property=\"article:publisher\" content=\"https:\/\/www.facebook.com\/transamericamococa\" \/>\n<meta property=\"article:published_time\" content=\"2024-09-26T18:00:08+00:00\" \/>\n<meta property=\"og:image\" content=\"https:\/\/transamerica93.com.br\/home\/wp-content\/uploads\/2024\/09\/1-10.jpg\" \/>\n\t<meta property=\"og:image:width\" content=\"1199\" \/>\n\t<meta property=\"og:image:height\" content=\"900\" \/>\n\t<meta property=\"og:image:type\" content=\"image\/jpeg\" \/>\n<meta name=\"author\" content=\"Reda\u00e7\u00e3o\" \/>\n<meta name=\"twitter:card\" content=\"summary_large_image\" \/>\n<meta name=\"twitter:creator\" content=\"@transamerica933\" \/>\n<meta name=\"twitter:site\" content=\"@transamerica933\" \/>\n<meta name=\"twitter:label1\" content=\"Escrito por\" \/>\n\t<meta name=\"twitter:data1\" content=\"Reda\u00e7\u00e3o\" \/>\n\t<meta name=\"twitter:label2\" content=\"Est. tempo de leitura\" \/>\n\t<meta name=\"twitter:data2\" content=\"1 minuto\" \/>\n<script type=\"application\/ld+json\" class=\"yoast-schema-graph\">{\"@context\":\"https:\\\/\\\/schema.org\",\"@graph\":[{\"@type\":\"Article\",\"@id\":\"https:\\\/\\\/transamerica93.com.br\\\/home\\\/rock-in-rio-2024-vocalista-do-avenged-sevenfold-e-vaiado-apos-exibir-bandeira-do-corinthians\\\/#article\",\"isPartOf\":{\"@id\":\"https:\\\/\\\/transamerica93.com.br\\\/home\\\/rock-in-rio-2024-vocalista-do-avenged-sevenfold-e-vaiado-apos-exibir-bandeira-do-corinthians\\\/\"},\"author\":{\"name\":\"Reda\u00e7\u00e3o\",\"@id\":\"https:\\\/\\\/transamerica93.com.br\\\/home\\\/#\\\/schema\\\/person\\\/7fed7c99c0d4562efa8561bc0f543172\"},\"headline\":\"Rock In Rio 2024: vocalista do Avenged Sevenfold \u00e9 vaiado ap\u00f3s exibir bandeira do Corinthians\",\"datePublished\":\"2024-09-26T18:00:08+00:00\",\"mainEntityOfPage\":{\"@id\":\"https:\\\/\\\/transamerica93.com.br\\\/home\\\/rock-in-rio-2024-vocalista-do-avenged-sevenfold-e-vaiado-apos-exibir-bandeira-do-corinthians\\\/\"},\"wordCount\":149,\"publisher\":{\"@id\":\"https:\\\/\\\/transamerica93.com.br\\\/home\\\/#organization\"},\"image\":{\"@id\":\"https:\\\/\\\/transamerica93.com.br\\\/home\\\/rock-in-rio-2024-vocalista-do-avenged-sevenfold-e-vaiado-apos-exibir-bandeira-do-corinthians\\\/#primaryimage\"},\"thumbnailUrl\":\"https:\\\/\\\/transamerica93.com.br\\\/home\\\/wp-content\\\/uploads\\\/2024\\\/09\\\/1-10.jpg\",\"articleSection\":[\"M\u00fasica\"],\"inLanguage\":\"pt-BR\"},{\"@type\":\"WebPage\",\"@id\":\"https:\\\/\\\/transamerica93.com.br\\\/home\\\/rock-in-rio-2024-vocalista-do-avenged-sevenfold-e-vaiado-apos-exibir-bandeira-do-corinthians\\\/\",\"url\":\"https:\\\/\\\/transamerica93.com.br\\\/home\\\/rock-in-rio-2024-vocalista-do-avenged-sevenfold-e-vaiado-apos-exibir-bandeira-do-corinthians\\\/\",\"name\":\"Rock In Rio 2024: vocalista do Avenged Sevenfold \u00e9 vaiado ap\u00f3s exibir bandeira do Corinthians - Transam\u00e9rica Mococa 93,3\",\"isPartOf\":{\"@id\":\"https:\\\/\\\/transamerica93.com.br\\\/home\\\/#website\"},\"primaryImageOfPage\":{\"@id\":\"https:\\\/\\\/transamerica93.com.br\\\/home\\\/rock-in-rio-2024-vocalista-do-avenged-sevenfold-e-vaiado-apos-exibir-bandeira-do-corinthians\\\/#primaryimage\"},\"image\":{\"@id\":\"https:\\\/\\\/transamerica93.com.br\\\/home\\\/rock-in-rio-2024-vocalista-do-avenged-sevenfold-e-vaiado-apos-exibir-bandeira-do-corinthians\\\/#primaryimage\"},\"thumbnailUrl\":\"https:\\\/\\\/transamerica93.com.br\\\/home\\\/wp-content\\\/uploads\\\/2024\\\/09\\\/1-10.jpg\",\"datePublished\":\"2024-09-26T18:00:08+00:00\",\"breadcrumb\":{\"@id\":\"https:\\\/\\\/transamerica93.com.br\\\/home\\\/rock-in-rio-2024-vocalista-do-avenged-sevenfold-e-vaiado-apos-exibir-bandeira-do-corinthians\\\/#breadcrumb\"},\"inLanguage\":\"pt-BR\",\"potentialAction\":[{\"@type\":\"ReadAction\",\"target\":[\"https:\\\/\\\/transamerica93.com.br\\\/home\\\/rock-in-rio-2024-vocalista-do-avenged-sevenfold-e-vaiado-apos-exibir-bandeira-do-corinthians\\\/\"]}]},{\"@type\":\"ImageObject\",\"inLanguage\":\"pt-BR\",\"@id\":\"https:\\\/\\\/transamerica93.com.br\\\/home\\\/rock-in-rio-2024-vocalista-do-avenged-sevenfold-e-vaiado-apos-exibir-bandeira-do-corinthians\\\/#primaryimage\",\"url\":\"https:\\\/\\\/transamerica93.com.br\\\/home\\\/wp-content\\\/uploads\\\/2024\\\/09\\\/1-10.jpg\",\"contentUrl\":\"https:\\\/\\\/transamerica93.com.br\\\/home\\\/wp-content\\\/uploads\\\/2024\\\/09\\\/1-10.jpg\",\"width\":1199,\"height\":900,\"caption\":\"Reprodu\u00e7\u00e3o\"},{\"@type\":\"BreadcrumbList\",\"@id\":\"https:\\\/\\\/transamerica93.com.br\\\/home\\\/rock-in-rio-2024-vocalista-do-avenged-sevenfold-e-vaiado-apos-exibir-bandeira-do-corinthians\\\/#breadcrumb\",\"itemListElement\":[{\"@type\":\"ListItem\",\"position\":1,\"name\":\"In\u00edcio\",\"item\":\"https:\\\/\\\/transamerica93.com.br\\\/home\\\/\"},{\"@type\":\"ListItem\",\"position\":2,\"name\":\"Rock In Rio 2024: vocalista do Avenged Sevenfold \u00e9 vaiado ap\u00f3s exibir bandeira do Corinthians\"}]},{\"@type\":\"WebSite\",\"@id\":\"https:\\\/\\\/transamerica93.com.br\\\/home\\\/#website\",\"url\":\"https:\\\/\\\/transamerica93.com.br\\\/home\\\/\",\"name\":\"Transam\u00e9rica Mococa 93,3\",\"description\":\"\",\"publisher\":{\"@id\":\"https:\\\/\\\/transamerica93.com.br\\\/home\\\/#organization\"},\"potentialAction\":[{\"@type\":\"SearchAction\",\"target\":{\"@type\":\"EntryPoint\",\"urlTemplate\":\"https:\\\/\\\/transamerica93.com.br\\\/home\\\/?s={search_term_string}\"},\"query-input\":{\"@type\":\"PropertyValueSpecification\",\"valueRequired\":true,\"valueName\":\"search_term_string\"}}],\"inLanguage\":\"pt-BR\"},{\"@type\":\"Organization\",\"@id\":\"https:\\\/\\\/transamerica93.com.br\\\/home\\\/#organization\",\"name\":\"Transam\u00e9rica Mococa 93,3\",\"url\":\"https:\\\/\\\/transamerica93.com.br\\\/home\\\/\",\"logo\":{\"@type\":\"ImageObject\",\"inLanguage\":\"pt-BR\",\"@id\":\"https:\\\/\\\/transamerica93.com.br\\\/home\\\/#\\\/schema\\\/logo\\\/image\\\/\",\"url\":\"https:\\\/\\\/transamerica93.com.br\\\/home\\\/wp-content\\\/uploads\\\/2023\\\/10\\\/logo2.png\",\"contentUrl\":\"https:\\\/\\\/transamerica93.com.br\\\/home\\\/wp-content\\\/uploads\\\/2023\\\/10\\\/logo2.png\",\"width\":800,\"height\":500,\"caption\":\"Transam\u00e9rica Mococa 93,3\"},\"image\":{\"@id\":\"https:\\\/\\\/transamerica93.com.br\\\/home\\\/#\\\/schema\\\/logo\\\/image\\\/\"},\"sameAs\":[\"https:\\\/\\\/www.facebook.com\\\/transamericamococa\",\"https:\\\/\\\/x.com\\\/transamerica933\",\"https:\\\/\\\/www.instagram.com\\\/transamericamococa\"]},{\"@type\":\"Person\",\"@id\":\"https:\\\/\\\/transamerica93.com.br\\\/home\\\/#\\\/schema\\\/person\\\/7fed7c99c0d4562efa8561bc0f543172\",\"name\":\"Reda\u00e7\u00e3o\",\"image\":{\"@type\":\"ImageObject\",\"inLanguage\":\"pt-BR\",\"@id\":\"https:\\\/\\\/secure.gravatar.com\\\/avatar\\\/1072c6b775fb02ef8506ce967551d95926669a6b7d2c2147b42eea4d7c68395e?s=96&d=mm&r=g\",\"url\":\"https:\\\/\\\/secure.gravatar.com\\\/avatar\\\/1072c6b775fb02ef8506ce967551d95926669a6b7d2c2147b42eea4d7c68395e?s=96&d=mm&r=g\",\"contentUrl\":\"https:\\\/\\\/secure.gravatar.com\\\/avatar\\\/1072c6b775fb02ef8506ce967551d95926669a6b7d2c2147b42eea4d7c68395e?s=96&d=mm&r=g\",\"caption\":\"Reda\u00e7\u00e3o\"},\"sameAs\":[\"https:\\\/\\\/transamerica93.com.br\\\/home\"],\"url\":\"https:\\\/\\\/transamerica93.com.br\\\/home\\\/author\\\/william\\\/\"}]}<\/script>\n<!-- \/ Yoast SEO plugin. -->","yoast_head_json":{"title":"Rock In Rio 2024: vocalista do Avenged Sevenfold \u00e9 vaiado ap\u00f3s exibir bandeira do Corinthians - Transam\u00e9rica Mococa 93,3","robots":{"index":"index","follow":"follow","max-snippet":"max-snippet:-1","max-image-preview":"max-image-preview:large","max-video-preview":"max-video-preview:-1"},"canonical":"https:\/\/transamerica93.com.br\/home\/rock-in-rio-2024-vocalista-do-avenged-sevenfold-e-vaiado-apos-exibir-bandeira-do-corinthians\/","og_locale":"pt_BR","og_type":"article","og_title":"Rock In Rio 2024: vocalista do Avenged Sevenfold \u00e9 vaiado ap\u00f3s exibir bandeira do Corinthians - Transam\u00e9rica Mococa 93,3","og_description":"Por Reda\u00e7\u00e3o O vocalista da banda Avenged Sevenfold, headliner do Rock In Rio, foi vaiado pelo p\u00fablico presente na Cidade do Rock ap\u00f3s exibir uma bandeira do Corinthians que havia sido arremessada ao palco. O momento inusitado aconteceu quando M. Shadows conversava com o p\u00fablico entre uma m\u00fasica e outra. Ele encarou a situa\u00e7\u00e3o com &hellip;","og_url":"https:\/\/transamerica93.com.br\/home\/rock-in-rio-2024-vocalista-do-avenged-sevenfold-e-vaiado-apos-exibir-bandeira-do-corinthians\/","og_site_name":"Transam\u00e9rica Mococa 93,3","article_publisher":"https:\/\/www.facebook.com\/transamericamococa","article_published_time":"2024-09-26T18:00:08+00:00","og_image":[{"width":1199,"height":900,"url":"https:\/\/transamerica93.com.br\/home\/wp-content\/uploads\/2024\/09\/1-10.jpg","type":"image\/jpeg"}],"author":"Reda\u00e7\u00e3o","twitter_card":"summary_large_image","twitter_creator":"@transamerica933","twitter_site":"@transamerica933","twitter_misc":{"Escrito por":"Reda\u00e7\u00e3o","Est. tempo de leitura":"1 minuto"},"schema":{"@context":"https:\/\/schema.org","@graph":[{"@type":"Article","@id":"https:\/\/transamerica93.com.br\/home\/rock-in-rio-2024-vocalista-do-avenged-sevenfold-e-vaiado-apos-exibir-bandeira-do-corinthians\/#article","isPartOf":{"@id":"https:\/\/transamerica93.com.br\/home\/rock-in-rio-2024-vocalista-do-avenged-sevenfold-e-vaiado-apos-exibir-bandeira-do-corinthians\/"},"author":{"name":"Reda\u00e7\u00e3o","@id":"https:\/\/transamerica93.com.br\/home\/#\/schema\/person\/7fed7c99c0d4562efa8561bc0f543172"},"headline":"Rock In Rio 2024: vocalista do Avenged Sevenfold \u00e9 vaiado ap\u00f3s exibir bandeira do Corinthians","datePublished":"2024-09-26T18:00:08+00:00","mainEntityOfPage":{"@id":"https:\/\/transamerica93.com.br\/home\/rock-in-rio-2024-vocalista-do-avenged-sevenfold-e-vaiado-apos-exibir-bandeira-do-corinthians\/"},"wordCount":149,"publisher":{"@id":"https:\/\/transamerica93.com.br\/home\/#organization"},"image":{"@id":"https:\/\/transamerica93.com.br\/home\/rock-in-rio-2024-vocalista-do-avenged-sevenfold-e-vaiado-apos-exibir-bandeira-do-corinthians\/#primaryimage"},"thumbnailUrl":"https:\/\/transamerica93.com.br\/home\/wp-content\/uploads\/2024\/09\/1-10.jpg","articleSection":["M\u00fasica"],"inLanguage":"pt-BR"},{"@type":"WebPage","@id":"https:\/\/transamerica93.com.br\/home\/rock-in-rio-2024-vocalista-do-avenged-sevenfold-e-vaiado-apos-exibir-bandeira-do-corinthians\/","url":"https:\/\/transamerica93.com.br\/home\/rock-in-rio-2024-vocalista-do-avenged-sevenfold-e-vaiado-apos-exibir-bandeira-do-corinthians\/","name":"Rock In Rio 2024: vocalista do Avenged Sevenfold \u00e9 vaiado ap\u00f3s exibir bandeira do Corinthians - Transam\u00e9rica Mococa 93,3","isPartOf":{"@id":"https:\/\/transamerica93.com.br\/home\/#website"},"primaryImageOfPage":{"@id":"https:\/\/transamerica93.com.br\/home\/rock-in-rio-2024-vocalista-do-avenged-sevenfold-e-vaiado-apos-exibir-bandeira-do-corinthians\/#primaryimage"},"image":{"@id":"https:\/\/transamerica93.com.br\/home\/rock-in-rio-2024-vocalista-do-avenged-sevenfold-e-vaiado-apos-exibir-bandeira-do-corinthians\/#primaryimage"},"thumbnailUrl":"https:\/\/transamerica93.com.br\/home\/wp-content\/uploads\/2024\/09\/1-10.jpg","datePublished":"2024-09-26T18:00:08+00:00","breadcrumb":{"@id":"https:\/\/transamerica93.com.br\/home\/rock-in-rio-2024-vocalista-do-avenged-sevenfold-e-vaiado-apos-exibir-bandeira-do-corinthians\/#breadcrumb"},"inLanguage":"pt-BR","potentialAction":[{"@type":"ReadAction","target":["https:\/\/transamerica93.com.br\/home\/rock-in-rio-2024-vocalista-do-avenged-sevenfold-e-vaiado-apos-exibir-bandeira-do-corinthians\/"]}]},{"@type":"ImageObject","inLanguage":"pt-BR","@id":"https:\/\/transamerica93.com.br\/home\/rock-in-rio-2024-vocalista-do-avenged-sevenfold-e-vaiado-apos-exibir-bandeira-do-corinthians\/#primaryimage","url":"https:\/\/transamerica93.com.br\/home\/wp-content\/uploads\/2024\/09\/1-10.jpg","contentUrl":"https:\/\/transamerica93.com.br\/home\/wp-content\/uploads\/2024\/09\/1-10.jpg","width":1199,"height":900,"caption":"Reprodu\u00e7\u00e3o"},{"@type":"BreadcrumbList","@id":"https:\/\/transamerica93.com.br\/home\/rock-in-rio-2024-vocalista-do-avenged-sevenfold-e-vaiado-apos-exibir-bandeira-do-corinthians\/#breadcrumb","itemListElement":[{"@type":"ListItem","position":1,"name":"In\u00edcio","item":"https:\/\/transamerica93.com.br\/home\/"},{"@type":"ListItem","position":2,"name":"Rock In Rio 2024: vocalista do Avenged Sevenfold \u00e9 vaiado ap\u00f3s exibir bandeira do Corinthians"}]},{"@type":"WebSite","@id":"https:\/\/transamerica93.com.br\/home\/#website","url":"https:\/\/transamerica93.com.br\/home\/","name":"Transam\u00e9rica Mococa 93,3","description":"","publisher":{"@id":"https:\/\/transamerica93.com.br\/home\/#organization"},"potentialAction":[{"@type":"SearchAction","target":{"@type":"EntryPoint","urlTemplate":"https:\/\/transamerica93.com.br\/home\/?s={search_term_string}"},"query-input":{"@type":"PropertyValueSpecification","valueRequired":true,"valueName":"search_term_string"}}],"inLanguage":"pt-BR"},{"@type":"Organization","@id":"https:\/\/transamerica93.com.br\/home\/#organization","name":"Transam\u00e9rica Mococa 93,3","url":"https:\/\/transamerica93.com.br\/home\/","logo":{"@type":"ImageObject","inLanguage":"pt-BR","@id":"https:\/\/transamerica93.com.br\/home\/#\/schema\/logo\/image\/","url":"https:\/\/transamerica93.com.br\/home\/wp-content\/uploads\/2023\/10\/logo2.png","contentUrl":"https:\/\/transamerica93.com.br\/home\/wp-content\/uploads\/2023\/10\/logo2.png","width":800,"height":500,"caption":"Transam\u00e9rica Mococa 93,3"},"image":{"@id":"https:\/\/transamerica93.com.br\/home\/#\/schema\/logo\/image\/"},"sameAs":["https:\/\/www.facebook.com\/transamericamococa","https:\/\/x.com\/transamerica933","https:\/\/www.instagram.com\/transamericamococa"]},{"@type":"Person","@id":"https:\/\/transamerica93.com.br\/home\/#\/schema\/person\/7fed7c99c0d4562efa8561bc0f543172","name":"Reda\u00e7\u00e3o","image":{"@type":"ImageObject","inLanguage":"pt-BR","@id":"https:\/\/secure.gravatar.com\/avatar\/1072c6b775fb02ef8506ce967551d95926669a6b7d2c2147b42eea4d7c68395e?s=96&d=mm&r=g","url":"https:\/\/secure.gravatar.com\/avatar\/1072c6b775fb02ef8506ce967551d95926669a6b7d2c2147b42eea4d7c68395e?s=96&d=mm&r=g","contentUrl":"https:\/\/secure.gravatar.com\/avatar\/1072c6b775fb02ef8506ce967551d95926669a6b7d2c2147b42eea4d7c68395e?s=96&d=mm&r=g","caption":"Reda\u00e7\u00e3o"},"sameAs":["https:\/\/transamerica93.com.br\/home"],"url":"https:\/\/transamerica93.com.br\/home\/author\/william\/"}]}},"_links":{"self":[{"href":"https:\/\/transamerica93.com.br\/home\/wp-json\/wp\/v2\/posts\/3839","targetHints":{"allow":["GET"]}}],"collection":[{"href":"https:\/\/transamerica93.com.br\/home\/wp-json\/wp\/v2\/posts"}],"about":[{"href":"https:\/\/transamerica93.com.br\/home\/wp-json\/wp\/v2\/types\/post"}],"author":[{"embeddable":true,"href":"https:\/\/transamerica93.com.br\/home\/wp-json\/wp\/v2\/users\/1"}],"replies":[{"embeddable":true,"href":"https:\/\/transamerica93.com.br\/home\/wp-json\/wp\/v2\/comments?post=3839"}],"version-history":[{"count":1,"href":"https:\/\/transamerica93.com.br\/home\/wp-json\/wp\/v2\/posts\/3839\/revisions"}],"predecessor-version":[{"id":3841,"href":"https:\/\/transamerica93.com.br\/home\/wp-json\/wp\/v2\/posts\/3839\/revisions\/3841"}],"wp:featuredmedia":[{"embeddable":true,"href":"https:\/\/transamerica93.com.br\/home\/wp-json\/wp\/v2\/media\/3840"}],"wp:attachment":[{"href":"https:\/\/transamerica93.com.br\/home\/wp-json\/wp\/v2\/media?parent=3839"}],"wp:term":[{"taxonomy":"category","embeddable":true,"href":"https:\/\/transamerica93.com.br\/home\/wp-json\/wp\/v2\/categories?post=3839"},{"taxonomy":"post_tag","embeddable":true,"href":"https:\/\/transamerica93.com.br\/home\/wp-json\/wp\/v2\/tags?post=3839"}],"curies":[{"name":"wp","href":"https:\/\/api.w.org\/{rel}","templated":true}]}}