{"id":3851,"date":"2024-09-25T17:00:55","date_gmt":"2024-09-25T20:00:55","guid":{"rendered":"https:\/\/transamerica93.com.br\/home\/?p=3851"},"modified":"2024-09-21T14:09:41","modified_gmt":"2024-09-21T17:09:41","slug":"grammy-latino-2024-anitta-e-xande-de-pilares-estao-entre-os-indicados-veja-lista","status":"publish","type":"post","link":"https:\/\/transamerica93.com.br\/home\/grammy-latino-2024-anitta-e-xande-de-pilares-estao-entre-os-indicados-veja-lista\/","title":{"rendered":"Grammy Latino 2024: Anitta e Xande de Pilares est\u00e3o entre os indicados; veja lista"},"content":{"rendered":"<div id=\"Corpo\">\n<h6 class=\"Assina\">Por Reda\u00e7\u00e3o C2<\/h6>\n<p>A Academia Latina de Grava\u00e7\u00e3o anunciou os indicados para o Grammy Latino, premia\u00e7\u00e3o que acontece em 14 de novembro, em Miami. Anitta figura na disputa pelo pr\u00eamio de Grava\u00e7\u00e3o do Ano, com a m\u00fasica <i>Mil Veces<\/i>, do \u00e1lbum\u00a0<i>Funk Generation<\/i>, que n\u00e3o entrou na disputa de \u00c1lbum do Ano. Nesta categoria, o \u00fanico brasileiro a concorrer \u00e9 Xande de Pilares, com seu lan\u00e7amento\u00a0<i>Xande canta Caetano<\/i>.<\/p>\n<p>Quem tamb\u00e9m est\u00e1 na concorr\u00eancia pelo pr\u00eamio de Grava\u00e7\u00e3o do Ano, ao lado de Anitta, \u00e9 Bad Bunny com\u00a0<i>Monaco<\/i>; Karol G com<i>\u00a0Mi Ex Ten\u00eda Raz\u00f3n<\/i>; Kali Uchis &amp; Peso Pluma, com\u00a0<i>Igual Que Un \u00c1ngel<\/i>; Camilo &amp; Car\u00edn Le\u00f3n, com\u00a0<i>Una Vida Pasada<\/i>; Cimafunk &amp; Monsieur Perine\u00b4, com\u00a0<i>Catalina<\/i>; Jorge Drexler e seu\u00a0<i>Derrumbe<\/i>; Fonseca &amp; Grupo Niche, com\u00a0<i>Con Dinero Y Sin Dinero<\/i>; Juan Luis Guerra 4.40, com o disco\u00a0<i>Mambo 23<\/i>; e Mon Laferte, com\u00a0<i>Tenochtitla\u00b4n<\/i>.<\/p>\n<p>A cantora brasileira levou para casa o astronauta do VMA, que aconteceu na \u00faltima quarta-feira, 11.\u00a0<i>Mil Veces<\/i>\u00a0concorreu e ganhou na categoria Melhor Clipe Latino.<\/p>\n<p>J\u00e1 Xande de Pilares tamb\u00e9m enfrenta outros nomes latinos de grande alcance na categoria \u00c1lbum do Ano. Shakira est\u00e1 na disputa com seu\u00a0<i>Las Mujeres Ya no Lloran<\/i>. Tamb\u00e9m est\u00e1 na concorr\u00eancia, a cantora Karol G, com o disco\u00a0<i>Ma\u00f1ana Ser\u00e1 Bonito<\/i>\u00a0(Bichota Season).<\/p>\n<p>Brasileiros tamb\u00e9m entraram na categoria Melhor Artista Revela\u00e7\u00e3o, s\u00e3o eles: a baiana Cac\u00e1 Magalh\u00e3es e o trio carioca\u00a0<i>Os Garotin<\/i>. Tiago Iorc entrou na disputa pelo pr\u00eamio de Melhor Can\u00e7\u00e3o de Cantor e Compositor com a m\u00fasica\u00a0<i>Antes Que O Mundo Acabe<\/i>.<\/p>\n<p>Na categoria Melhor \u00c1lbum Instrumental, Yamandu Costa e Armandinho Mac\u00eado aparecem com o disco<i>\u00a0Encontro Das \u00c1guas<\/i>\u00a0e Hamilton de Holanda e C4 Tr\u00edo cocorrem com o lan\u00e7amento\u00a0<i>Tembla<\/i>. J\u00e1 a categoria Melhor \u00c1lbum de Jazz Latino aparecem mais tr\u00eas brasileiros na disputa: Collab, de Hamilton de Holanda &amp; Gonzalo\u00a0<i>Rubalcaba<\/i>,\u00a0<i>My Heart Speaks<\/i>, de Ivan Lins, e\u00a0<i>Pra Voc\u00ea<\/i>, Ilza, de Hermeto Pascoal &amp; Grupo.<\/p>\n<p>Este ano, o Grammy Latino incluiu uma nova \u00e1rea (M\u00fasica Eletr\u00f4nica) e duas categorias (Melhor Interpreta\u00e7\u00e3o de M\u00fasica Eletr\u00f4nica Latina e Melhor \u00c1lbum de M\u00fasica Mexicana Contempor\u00e2nea).<\/p>\n<p>Confira a lista de indicados nas principais categorias do Grammy Latino.<\/p>\n<p><b>Grava\u00e7\u00e3o do Ano<\/b><\/p>\n<p>&#8220;Mil veces&#8221; &#8211; Anitta<\/p>\n<p>&#8220;Monaco&#8221; &#8211; Bad Bunny<\/p>\n<p>&#8220;Una vida pasada&#8221; &#8211; Camilo &amp; Car\u00edn Le\u00f3n<\/p>\n<p>&#8220;Catalina&#8221; &#8211; Cimafunk &amp; Monsieur Perin\u00e9<\/p>\n<p>&#8220;Derrumbe&#8221; &#8211; Jorge Drexler<\/p>\n<p>&#8220;Con dinero y sin dinero&#8221; &#8211; Fonseca &amp; Grupo Niche<\/p>\n<p>&#8220;Mi ex ten\u00eda raz\u00f3n&#8221; &#8211; Karol G<\/p>\n<p>&#8220;Mambo 23&#8221; &#8211; Juan Luis Guerra 4.40<\/p>\n<p>&#8220;Tenochtitla\u00b4n&#8221; &#8211; Mon Laferte<\/p>\n<p>&#8220;Igual que un \u00e1ngel&#8221; &#8211; Kali Uchis &amp; Peso Pluma<\/p>\n<p><b>\u00c1lbum do Ano<\/b><\/p>\n<p>Bolero &#8211; \u00c1ngela Aguilar<\/p>\n<p>Cuatro &#8211; Camilo<\/p>\n<p>Xande canta Caetano &#8211; Xande de Pilares<\/p>\n<p>Ma\u00f1ana ser\u00e1 bonito (Bichota Season) &#8211; Karol G<\/p>\n<p>Garc\u00eda &#8211; Kany Garc\u00eda<\/p>\n<p>Radio g\u00fcira &#8211; Juan Luis Guerra 4.40<\/p>\n<p>Autopoi\u00e9tica &#8211; Mon Laferte<\/p>\n<p>Boca chueca, vol. 1 &#8211; Car\u00edn Le\u00f3n<\/p>\n<p>Las letras ya no importan &#8211; Residente<\/p>\n<p>Las mujeres ya no lloran &#8211; Shakira<\/p>\n<p><b>Can\u00e7\u00e3o do Ano<\/b><\/p>\n<p>&#8220;A fuego lento&#8221; &#8211; Dayme\u00b4 Arocena &amp; Vicente Garc\u00eda<\/p>\n<p>&#8220;A la mitad&#8221; (Banda Sonora Original de la serie Zorro) &#8211; Julio Reyes Copello &amp; Mariana Vega, compositores (Maura Nava)<\/p>\n<p>&#8220;A\u00fan me sigo encontrando&#8221; &#8211; Gian Marco &amp; Rub\u00e9n Blades<\/p>\n<p>&#8220;Caracas en el 2000&#8221; &#8211; Elena Rose, Danny Ocean &amp; Jerry Di)<\/p>\n<p>&#8220;Derrumbe&#8221; &#8211; Jorge Drexler<\/p>\n<p>&#8220;(Entre pare\u00b4ntesis)&#8221; &#8211; Shakira e Grupo Frontera<\/p>\n<p>&#8220;Mi ex ten\u00eda raz\u00f3n&#8221; &#8211; Karol G<\/p>\n<p>&#8220;Seg\u00fan qui\u00e9n&#8221; &#8211; Maluma &amp; Car\u00edn Le\u00f3n<\/p>\n<p>&#8220;Te lo agradezco&#8221; &#8211; Kany Garci\u00b4a &amp; Car\u00edn Le\u00f3n<\/p>\n<p>&#8220;313&#8221; &#8211; Residente, Silvia P\u00e9rez Cruz &amp; Pen\u00e9lope Cruz<\/p>\n<p><b>Melhor Artista Revela\u00e7\u00e3o<\/b><\/p>\n<p>Agris<\/p>\n<p>Kevin Aguilar<\/p>\n<p>Darumas<\/p>\n<p>Nicolle Horbath<\/p>\n<p>Latin Mafia<\/p>\n<p>Cac\u00e1 Magalh\u00e3es<\/p>\n<p>Os Garotin<\/p>\n<p>I\u00f1igo Quintero<\/p>\n<p>Sofi Saar<\/p>\n<p>Ela Tauber<\/p>\n<p><b>Confira os indicados nas categorias exclusivas para l\u00edngua portuguesa<\/b><\/p>\n<p><b>Melhor \u00c1lbum de M\u00fasica Crist\u00e3 (L\u00edngua Portuguesa)<\/b><\/p>\n<p>Ele \u00c9 Jesus &#8211; Ao Vivo &#8211; Bruna Karla<\/p>\n<p>Deixa Vir &#8211; Vol II (Ao Vivo) &#8211; Thalles Roberto<\/p>\n<p>In Concert (Ao Vivo) &#8211; Rosa de Saron<\/p>\n<p>Vida (Ao Vivo) &#8211; Eli Soares<\/p>\n<p>Temporal &#8211; Vocal Livre<\/p>\n<p><b>Melhor \u00c1lbum de Pop Contempor\u00e2neo em L\u00edngua Portuguesa<\/b><\/p>\n<p>Afrodhit &#8211; Iza<\/p>\n<p>Super &#8211; J\u00e3o<\/p>\n<p>Amar\u00edssima &#8211; Melly<\/p>\n<p>Os Garotin De S\u00e3o Gon\u00e7alo &#8211; Os Garotin<\/p>\n<p>Esc\u00e2ndalo \u00cdntimo &#8211; Lu\u00edsa Sonza<\/p>\n<p><b>Melhor \u00c1lbum de Rock ou de M\u00fasica Alternativa em L\u00edngua Portuguesa<\/b><\/p>\n<p>Erasmo Esteves &#8211; Erasmo Carlos<\/p>\n<p>No Rastro de Catarina &#8211; C\u00e1tia de Fran\u00e7a<\/p>\n<p>Me Chama de Gato Que Eu Sou Sua &#8211; Ana Frango El\u00e9trico<\/p>\n<p>Ontem Eu Tinha Certeza (Hoje Eu Tenho Mais) &#8211; Jovem Dionisio<\/p>\n<p>Lagum Ao Vivo &#8211; Lagum<\/p>\n<p><b>Melhor Interpreta\u00e7\u00e3o Urbana em L\u00edngua Portuguesa<\/b><\/p>\n<p>Joga Pra Lua &#8211; Anitta Featuring Dennis &amp; Pedro Sampaio<\/p>\n<p>Cachimbo da Paz 2 &#8211; Gabriel O Pensador, Lulu Santos, Xam\u00e3<\/p>\n<p>Da Braba &#8211; Gloria Groove Featuring Ludmilla &amp; Mc Gw<\/p>\n<p>Carta Aberta &#8211; Mc Cabelinho<\/p>\n<p>F\u00e9 nas Maluca &#8211; Mc Carol, Iza<\/p>\n<p>La Noche &#8211; Yago Oproprio Featuring Patricio Sid<\/p>\n<p><b>Melhor \u00c1lbum de Samba\/Pagode<\/b><\/p>\n<p>Alcione 50 Anos (Ao Vivo) &#8211; Alcione<\/p>\n<p>Xande Canta Caetano &#8211; Xande De Pilares<\/p>\n<p>Iboru &#8211; Marcelo D2<\/p>\n<p>Tardezinha Pela Vida Inteira (Ao Vivo) &#8211; Thiaguinho<\/p>\n<p>Sub\u00farbio (Ao Vivo) &#8211; Tiee<\/p>\n<p><b>Melhor \u00c1lbum de M\u00fasica Popular Brasileira\/M\u00fasica Afro Portuguesa Brasileira<\/b><\/p>\n<p>D Ao Vivo Macei\u00f3 &#8211; Djavan<\/p>\n<p>Se o Meu Peito Fosse o Mundo &#8211; Jota.P\u00ea<\/p>\n<p>Portas (Ao Vivo) &#8211; Marisa Monte<\/p>\n<p>Outros Cantos &#8211; Milton Nascimento, Chit\u00e3ozinho &amp; Xoror\u00f3<\/p>\n<p>No Tempo da Intoler\u00e2ncia &#8211; Elza Soares<\/p>\n<p><b>Melhor \u00c1lbum de M\u00fasica Sertaneja<\/b><\/p>\n<p>Boiadeira Internacional (Ao Vivo) &#8211; Ana Castela<\/p>\n<p>Para\u00edso Particular (Ao Vivo) &#8211; Gusttavo Lima<\/p>\n<p>Cintilante (Ao Vivo) &#8211; Simone Mendes<\/p>\n<p>Raiz Goi\u00e2nia (Ao Vivo) &#8211; Lauana Prado<\/p>\n<p>Luan City 2.0 (Ao Vivo) &#8211; Luan Santana<\/p>\n<p><b>Melhor \u00c1lbum de M\u00fasica de Ra\u00edzes em L\u00edngua Portuguesa<\/b><\/p>\n<p>Mariana e Mestrinho &#8211; Mariana Aydar, Mestrinho<\/p>\n<p>Aguidavi do J\u00eaje &#8211; Aguidavi Do J\u00eaje, Luizinho Do J\u00eaje<\/p>\n<p>De Norte a Sul &#8211; Jo\u00e3o Gomes<\/p>\n<p>Night Clube Forr\u00f3 Latino (Volume I) &#8211; Marcelo Jeneci<\/p>\n<p>Far\u00f3is do Sert\u00e3o &#8211; Gabriel Sater<\/p>\n<p><b>Melhor Can\u00e7\u00e3o em L\u00edngua Portuguesa<\/b><\/p>\n<p>Alinhamento Milenar &#8211; J\u00e3o<\/p>\n<p>Ata-me &#8211; Ala\u00edde Costa<\/p>\n<p>Chico &#8211; Lu\u00edsa Sonza<\/p>\n<p>Esperan\u00e7a Criolo, Dino D\u2019Santiago e Amaro Freitas<\/p>\n<p>Ouro Marrom &#8211; Jota.P\u00ea<\/p><\/div>\n","protected":false},"excerpt":{"rendered":"<p>Por Reda\u00e7\u00e3o C2 A Academia Latina de Grava\u00e7\u00e3o anunciou os indicados para o Grammy Latino, premia\u00e7\u00e3o que acontece em 14 de novembro, em Miami. Anitta figura na disputa pelo pr\u00eamio de Grava\u00e7\u00e3o do Ano, com a m\u00fasica Mil Veces, do \u00e1lbum\u00a0Funk Generation, que n\u00e3o entrou na disputa de \u00c1lbum do Ano. Nesta categoria, o \u00fanico &hellip;<\/p>\n","protected":false},"author":1,"featured_media":2661,"comment_status":"closed","ping_status":"closed","sticky":false,"template":"","format":"standard","meta":{"footnotes":""},"categories":[24],"tags":[],"class_list":["post-3851","post","type-post","status-publish","format-standard","has-post-thumbnail","hentry","category-entretenimento"],"yoast_head":"<!-- This site is optimized with the Yoast SEO plugin v27.4 - https:\/\/yoast.com\/product\/yoast-seo-wordpress\/ -->\n<title>Grammy Latino 2024: Anitta e Xande de Pilares est\u00e3o entre os indicados; veja lista - Transam\u00e9rica Mococa 93,3<\/title>\n<meta name=\"robots\" content=\"index, follow, max-snippet:-1, max-image-preview:large, max-video-preview:-1\" \/>\n<link rel=\"canonical\" href=\"https:\/\/transamerica93.com.br\/home\/grammy-latino-2024-anitta-e-xande-de-pilares-estao-entre-os-indicados-veja-lista\/\" \/>\n<meta property=\"og:locale\" content=\"pt_BR\" \/>\n<meta property=\"og:type\" content=\"article\" \/>\n<meta property=\"og:title\" content=\"Grammy Latino 2024: Anitta e Xande de Pilares est\u00e3o entre os indicados; veja lista - Transam\u00e9rica Mococa 93,3\" \/>\n<meta property=\"og:description\" content=\"Por Reda\u00e7\u00e3o C2 A Academia Latina de Grava\u00e7\u00e3o anunciou os indicados para o Grammy Latino, premia\u00e7\u00e3o que acontece em 14 de novembro, em Miami. Anitta figura na disputa pelo pr\u00eamio de Grava\u00e7\u00e3o do Ano, com a m\u00fasica Mil Veces, do \u00e1lbum\u00a0Funk Generation, que n\u00e3o entrou na disputa de \u00c1lbum do Ano. Nesta categoria, o \u00fanico &hellip;\" \/>\n<meta property=\"og:url\" content=\"https:\/\/transamerica93.com.br\/home\/grammy-latino-2024-anitta-e-xande-de-pilares-estao-entre-os-indicados-veja-lista\/\" \/>\n<meta property=\"og:site_name\" content=\"Transam\u00e9rica Mococa 93,3\" \/>\n<meta property=\"article:publisher\" content=\"https:\/\/www.facebook.com\/transamericamococa\" \/>\n<meta property=\"article:published_time\" content=\"2024-09-25T20:00:55+00:00\" \/>\n<meta property=\"og:image\" content=\"https:\/\/transamerica93.com.br\/home\/wp-content\/uploads\/2024\/03\/imagem-21.jpg\" \/>\n\t<meta property=\"og:image:width\" content=\"713\" \/>\n\t<meta property=\"og:image:height\" content=\"500\" \/>\n\t<meta property=\"og:image:type\" content=\"image\/jpeg\" \/>\n<meta name=\"author\" content=\"Reda\u00e7\u00e3o\" \/>\n<meta name=\"twitter:card\" content=\"summary_large_image\" \/>\n<meta name=\"twitter:creator\" content=\"@transamerica933\" \/>\n<meta name=\"twitter:site\" content=\"@transamerica933\" \/>\n<meta name=\"twitter:label1\" content=\"Escrito por\" \/>\n\t<meta name=\"twitter:data1\" content=\"Reda\u00e7\u00e3o\" \/>\n\t<meta name=\"twitter:label2\" content=\"Est. tempo de leitura\" \/>\n\t<meta name=\"twitter:data2\" content=\"5 minutos\" \/>\n<script type=\"application\/ld+json\" class=\"yoast-schema-graph\">{\"@context\":\"https:\\\/\\\/schema.org\",\"@graph\":[{\"@type\":\"Article\",\"@id\":\"https:\\\/\\\/transamerica93.com.br\\\/home\\\/grammy-latino-2024-anitta-e-xande-de-pilares-estao-entre-os-indicados-veja-lista\\\/#article\",\"isPartOf\":{\"@id\":\"https:\\\/\\\/transamerica93.com.br\\\/home\\\/grammy-latino-2024-anitta-e-xande-de-pilares-estao-entre-os-indicados-veja-lista\\\/\"},\"author\":{\"name\":\"Reda\u00e7\u00e3o\",\"@id\":\"https:\\\/\\\/transamerica93.com.br\\\/home\\\/#\\\/schema\\\/person\\\/7fed7c99c0d4562efa8561bc0f543172\"},\"headline\":\"Grammy Latino 2024: Anitta e Xande de Pilares est\u00e3o entre os indicados; veja lista\",\"datePublished\":\"2024-09-25T20:00:55+00:00\",\"mainEntityOfPage\":{\"@id\":\"https:\\\/\\\/transamerica93.com.br\\\/home\\\/grammy-latino-2024-anitta-e-xande-de-pilares-estao-entre-os-indicados-veja-lista\\\/\"},\"wordCount\":1114,\"publisher\":{\"@id\":\"https:\\\/\\\/transamerica93.com.br\\\/home\\\/#organization\"},\"image\":{\"@id\":\"https:\\\/\\\/transamerica93.com.br\\\/home\\\/grammy-latino-2024-anitta-e-xande-de-pilares-estao-entre-os-indicados-veja-lista\\\/#primaryimage\"},\"thumbnailUrl\":\"https:\\\/\\\/transamerica93.com.br\\\/home\\\/wp-content\\\/uploads\\\/2024\\\/03\\\/imagem-21.jpg\",\"articleSection\":[\"Entretenimento\"],\"inLanguage\":\"pt-BR\"},{\"@type\":\"WebPage\",\"@id\":\"https:\\\/\\\/transamerica93.com.br\\\/home\\\/grammy-latino-2024-anitta-e-xande-de-pilares-estao-entre-os-indicados-veja-lista\\\/\",\"url\":\"https:\\\/\\\/transamerica93.com.br\\\/home\\\/grammy-latino-2024-anitta-e-xande-de-pilares-estao-entre-os-indicados-veja-lista\\\/\",\"name\":\"Grammy Latino 2024: Anitta e Xande de Pilares est\u00e3o entre os indicados; veja lista - Transam\u00e9rica Mococa 93,3\",\"isPartOf\":{\"@id\":\"https:\\\/\\\/transamerica93.com.br\\\/home\\\/#website\"},\"primaryImageOfPage\":{\"@id\":\"https:\\\/\\\/transamerica93.com.br\\\/home\\\/grammy-latino-2024-anitta-e-xande-de-pilares-estao-entre-os-indicados-veja-lista\\\/#primaryimage\"},\"image\":{\"@id\":\"https:\\\/\\\/transamerica93.com.br\\\/home\\\/grammy-latino-2024-anitta-e-xande-de-pilares-estao-entre-os-indicados-veja-lista\\\/#primaryimage\"},\"thumbnailUrl\":\"https:\\\/\\\/transamerica93.com.br\\\/home\\\/wp-content\\\/uploads\\\/2024\\\/03\\\/imagem-21.jpg\",\"datePublished\":\"2024-09-25T20:00:55+00:00\",\"breadcrumb\":{\"@id\":\"https:\\\/\\\/transamerica93.com.br\\\/home\\\/grammy-latino-2024-anitta-e-xande-de-pilares-estao-entre-os-indicados-veja-lista\\\/#breadcrumb\"},\"inLanguage\":\"pt-BR\",\"potentialAction\":[{\"@type\":\"ReadAction\",\"target\":[\"https:\\\/\\\/transamerica93.com.br\\\/home\\\/grammy-latino-2024-anitta-e-xande-de-pilares-estao-entre-os-indicados-veja-lista\\\/\"]}]},{\"@type\":\"ImageObject\",\"inLanguage\":\"pt-BR\",\"@id\":\"https:\\\/\\\/transamerica93.com.br\\\/home\\\/grammy-latino-2024-anitta-e-xande-de-pilares-estao-entre-os-indicados-veja-lista\\\/#primaryimage\",\"url\":\"https:\\\/\\\/transamerica93.com.br\\\/home\\\/wp-content\\\/uploads\\\/2024\\\/03\\\/imagem-21.jpg\",\"contentUrl\":\"https:\\\/\\\/transamerica93.com.br\\\/home\\\/wp-content\\\/uploads\\\/2024\\\/03\\\/imagem-21.jpg\",\"width\":713,\"height\":500,\"caption\":\"Foto: Instagram @anitta\"},{\"@type\":\"BreadcrumbList\",\"@id\":\"https:\\\/\\\/transamerica93.com.br\\\/home\\\/grammy-latino-2024-anitta-e-xande-de-pilares-estao-entre-os-indicados-veja-lista\\\/#breadcrumb\",\"itemListElement\":[{\"@type\":\"ListItem\",\"position\":1,\"name\":\"In\u00edcio\",\"item\":\"https:\\\/\\\/transamerica93.com.br\\\/home\\\/\"},{\"@type\":\"ListItem\",\"position\":2,\"name\":\"Grammy Latino 2024: Anitta e Xande de Pilares est\u00e3o entre os indicados; veja lista\"}]},{\"@type\":\"WebSite\",\"@id\":\"https:\\\/\\\/transamerica93.com.br\\\/home\\\/#website\",\"url\":\"https:\\\/\\\/transamerica93.com.br\\\/home\\\/\",\"name\":\"Transam\u00e9rica Mococa 93,3\",\"description\":\"\",\"publisher\":{\"@id\":\"https:\\\/\\\/transamerica93.com.br\\\/home\\\/#organization\"},\"potentialAction\":[{\"@type\":\"SearchAction\",\"target\":{\"@type\":\"EntryPoint\",\"urlTemplate\":\"https:\\\/\\\/transamerica93.com.br\\\/home\\\/?s={search_term_string}\"},\"query-input\":{\"@type\":\"PropertyValueSpecification\",\"valueRequired\":true,\"valueName\":\"search_term_string\"}}],\"inLanguage\":\"pt-BR\"},{\"@type\":\"Organization\",\"@id\":\"https:\\\/\\\/transamerica93.com.br\\\/home\\\/#organization\",\"name\":\"Transam\u00e9rica Mococa 93,3\",\"url\":\"https:\\\/\\\/transamerica93.com.br\\\/home\\\/\",\"logo\":{\"@type\":\"ImageObject\",\"inLanguage\":\"pt-BR\",\"@id\":\"https:\\\/\\\/transamerica93.com.br\\\/home\\\/#\\\/schema\\\/logo\\\/image\\\/\",\"url\":\"https:\\\/\\\/transamerica93.com.br\\\/home\\\/wp-content\\\/uploads\\\/2023\\\/10\\\/logo2.png\",\"contentUrl\":\"https:\\\/\\\/transamerica93.com.br\\\/home\\\/wp-content\\\/uploads\\\/2023\\\/10\\\/logo2.png\",\"width\":800,\"height\":500,\"caption\":\"Transam\u00e9rica Mococa 93,3\"},\"image\":{\"@id\":\"https:\\\/\\\/transamerica93.com.br\\\/home\\\/#\\\/schema\\\/logo\\\/image\\\/\"},\"sameAs\":[\"https:\\\/\\\/www.facebook.com\\\/transamericamococa\",\"https:\\\/\\\/x.com\\\/transamerica933\",\"https:\\\/\\\/www.instagram.com\\\/transamericamococa\"]},{\"@type\":\"Person\",\"@id\":\"https:\\\/\\\/transamerica93.com.br\\\/home\\\/#\\\/schema\\\/person\\\/7fed7c99c0d4562efa8561bc0f543172\",\"name\":\"Reda\u00e7\u00e3o\",\"image\":{\"@type\":\"ImageObject\",\"inLanguage\":\"pt-BR\",\"@id\":\"https:\\\/\\\/secure.gravatar.com\\\/avatar\\\/1072c6b775fb02ef8506ce967551d95926669a6b7d2c2147b42eea4d7c68395e?s=96&d=mm&r=g\",\"url\":\"https:\\\/\\\/secure.gravatar.com\\\/avatar\\\/1072c6b775fb02ef8506ce967551d95926669a6b7d2c2147b42eea4d7c68395e?s=96&d=mm&r=g\",\"contentUrl\":\"https:\\\/\\\/secure.gravatar.com\\\/avatar\\\/1072c6b775fb02ef8506ce967551d95926669a6b7d2c2147b42eea4d7c68395e?s=96&d=mm&r=g\",\"caption\":\"Reda\u00e7\u00e3o\"},\"sameAs\":[\"https:\\\/\\\/transamerica93.com.br\\\/home\"],\"url\":\"https:\\\/\\\/transamerica93.com.br\\\/home\\\/author\\\/william\\\/\"}]}<\/script>\n<!-- \/ Yoast SEO plugin. -->","yoast_head_json":{"title":"Grammy Latino 2024: Anitta e Xande de Pilares est\u00e3o entre os indicados; veja lista - Transam\u00e9rica Mococa 93,3","robots":{"index":"index","follow":"follow","max-snippet":"max-snippet:-1","max-image-preview":"max-image-preview:large","max-video-preview":"max-video-preview:-1"},"canonical":"https:\/\/transamerica93.com.br\/home\/grammy-latino-2024-anitta-e-xande-de-pilares-estao-entre-os-indicados-veja-lista\/","og_locale":"pt_BR","og_type":"article","og_title":"Grammy Latino 2024: Anitta e Xande de Pilares est\u00e3o entre os indicados; veja lista - Transam\u00e9rica Mococa 93,3","og_description":"Por Reda\u00e7\u00e3o C2 A Academia Latina de Grava\u00e7\u00e3o anunciou os indicados para o Grammy Latino, premia\u00e7\u00e3o que acontece em 14 de novembro, em Miami. Anitta figura na disputa pelo pr\u00eamio de Grava\u00e7\u00e3o do Ano, com a m\u00fasica Mil Veces, do \u00e1lbum\u00a0Funk Generation, que n\u00e3o entrou na disputa de \u00c1lbum do Ano. Nesta categoria, o \u00fanico &hellip;","og_url":"https:\/\/transamerica93.com.br\/home\/grammy-latino-2024-anitta-e-xande-de-pilares-estao-entre-os-indicados-veja-lista\/","og_site_name":"Transam\u00e9rica Mococa 93,3","article_publisher":"https:\/\/www.facebook.com\/transamericamococa","article_published_time":"2024-09-25T20:00:55+00:00","og_image":[{"width":713,"height":500,"url":"https:\/\/transamerica93.com.br\/home\/wp-content\/uploads\/2024\/03\/imagem-21.jpg","type":"image\/jpeg"}],"author":"Reda\u00e7\u00e3o","twitter_card":"summary_large_image","twitter_creator":"@transamerica933","twitter_site":"@transamerica933","twitter_misc":{"Escrito por":"Reda\u00e7\u00e3o","Est. tempo de leitura":"5 minutos"},"schema":{"@context":"https:\/\/schema.org","@graph":[{"@type":"Article","@id":"https:\/\/transamerica93.com.br\/home\/grammy-latino-2024-anitta-e-xande-de-pilares-estao-entre-os-indicados-veja-lista\/#article","isPartOf":{"@id":"https:\/\/transamerica93.com.br\/home\/grammy-latino-2024-anitta-e-xande-de-pilares-estao-entre-os-indicados-veja-lista\/"},"author":{"name":"Reda\u00e7\u00e3o","@id":"https:\/\/transamerica93.com.br\/home\/#\/schema\/person\/7fed7c99c0d4562efa8561bc0f543172"},"headline":"Grammy Latino 2024: Anitta e Xande de Pilares est\u00e3o entre os indicados; veja lista","datePublished":"2024-09-25T20:00:55+00:00","mainEntityOfPage":{"@id":"https:\/\/transamerica93.com.br\/home\/grammy-latino-2024-anitta-e-xande-de-pilares-estao-entre-os-indicados-veja-lista\/"},"wordCount":1114,"publisher":{"@id":"https:\/\/transamerica93.com.br\/home\/#organization"},"image":{"@id":"https:\/\/transamerica93.com.br\/home\/grammy-latino-2024-anitta-e-xande-de-pilares-estao-entre-os-indicados-veja-lista\/#primaryimage"},"thumbnailUrl":"https:\/\/transamerica93.com.br\/home\/wp-content\/uploads\/2024\/03\/imagem-21.jpg","articleSection":["Entretenimento"],"inLanguage":"pt-BR"},{"@type":"WebPage","@id":"https:\/\/transamerica93.com.br\/home\/grammy-latino-2024-anitta-e-xande-de-pilares-estao-entre-os-indicados-veja-lista\/","url":"https:\/\/transamerica93.com.br\/home\/grammy-latino-2024-anitta-e-xande-de-pilares-estao-entre-os-indicados-veja-lista\/","name":"Grammy Latino 2024: Anitta e Xande de Pilares est\u00e3o entre os indicados; veja lista - Transam\u00e9rica Mococa 93,3","isPartOf":{"@id":"https:\/\/transamerica93.com.br\/home\/#website"},"primaryImageOfPage":{"@id":"https:\/\/transamerica93.com.br\/home\/grammy-latino-2024-anitta-e-xande-de-pilares-estao-entre-os-indicados-veja-lista\/#primaryimage"},"image":{"@id":"https:\/\/transamerica93.com.br\/home\/grammy-latino-2024-anitta-e-xande-de-pilares-estao-entre-os-indicados-veja-lista\/#primaryimage"},"thumbnailUrl":"https:\/\/transamerica93.com.br\/home\/wp-content\/uploads\/2024\/03\/imagem-21.jpg","datePublished":"2024-09-25T20:00:55+00:00","breadcrumb":{"@id":"https:\/\/transamerica93.com.br\/home\/grammy-latino-2024-anitta-e-xande-de-pilares-estao-entre-os-indicados-veja-lista\/#breadcrumb"},"inLanguage":"pt-BR","potentialAction":[{"@type":"ReadAction","target":["https:\/\/transamerica93.com.br\/home\/grammy-latino-2024-anitta-e-xande-de-pilares-estao-entre-os-indicados-veja-lista\/"]}]},{"@type":"ImageObject","inLanguage":"pt-BR","@id":"https:\/\/transamerica93.com.br\/home\/grammy-latino-2024-anitta-e-xande-de-pilares-estao-entre-os-indicados-veja-lista\/#primaryimage","url":"https:\/\/transamerica93.com.br\/home\/wp-content\/uploads\/2024\/03\/imagem-21.jpg","contentUrl":"https:\/\/transamerica93.com.br\/home\/wp-content\/uploads\/2024\/03\/imagem-21.jpg","width":713,"height":500,"caption":"Foto: Instagram @anitta"},{"@type":"BreadcrumbList","@id":"https:\/\/transamerica93.com.br\/home\/grammy-latino-2024-anitta-e-xande-de-pilares-estao-entre-os-indicados-veja-lista\/#breadcrumb","itemListElement":[{"@type":"ListItem","position":1,"name":"In\u00edcio","item":"https:\/\/transamerica93.com.br\/home\/"},{"@type":"ListItem","position":2,"name":"Grammy Latino 2024: Anitta e Xande de Pilares est\u00e3o entre os indicados; veja lista"}]},{"@type":"WebSite","@id":"https:\/\/transamerica93.com.br\/home\/#website","url":"https:\/\/transamerica93.com.br\/home\/","name":"Transam\u00e9rica Mococa 93,3","description":"","publisher":{"@id":"https:\/\/transamerica93.com.br\/home\/#organization"},"potentialAction":[{"@type":"SearchAction","target":{"@type":"EntryPoint","urlTemplate":"https:\/\/transamerica93.com.br\/home\/?s={search_term_string}"},"query-input":{"@type":"PropertyValueSpecification","valueRequired":true,"valueName":"search_term_string"}}],"inLanguage":"pt-BR"},{"@type":"Organization","@id":"https:\/\/transamerica93.com.br\/home\/#organization","name":"Transam\u00e9rica Mococa 93,3","url":"https:\/\/transamerica93.com.br\/home\/","logo":{"@type":"ImageObject","inLanguage":"pt-BR","@id":"https:\/\/transamerica93.com.br\/home\/#\/schema\/logo\/image\/","url":"https:\/\/transamerica93.com.br\/home\/wp-content\/uploads\/2023\/10\/logo2.png","contentUrl":"https:\/\/transamerica93.com.br\/home\/wp-content\/uploads\/2023\/10\/logo2.png","width":800,"height":500,"caption":"Transam\u00e9rica Mococa 93,3"},"image":{"@id":"https:\/\/transamerica93.com.br\/home\/#\/schema\/logo\/image\/"},"sameAs":["https:\/\/www.facebook.com\/transamericamococa","https:\/\/x.com\/transamerica933","https:\/\/www.instagram.com\/transamericamococa"]},{"@type":"Person","@id":"https:\/\/transamerica93.com.br\/home\/#\/schema\/person\/7fed7c99c0d4562efa8561bc0f543172","name":"Reda\u00e7\u00e3o","image":{"@type":"ImageObject","inLanguage":"pt-BR","@id":"https:\/\/secure.gravatar.com\/avatar\/1072c6b775fb02ef8506ce967551d95926669a6b7d2c2147b42eea4d7c68395e?s=96&d=mm&r=g","url":"https:\/\/secure.gravatar.com\/avatar\/1072c6b775fb02ef8506ce967551d95926669a6b7d2c2147b42eea4d7c68395e?s=96&d=mm&r=g","contentUrl":"https:\/\/secure.gravatar.com\/avatar\/1072c6b775fb02ef8506ce967551d95926669a6b7d2c2147b42eea4d7c68395e?s=96&d=mm&r=g","caption":"Reda\u00e7\u00e3o"},"sameAs":["https:\/\/transamerica93.com.br\/home"],"url":"https:\/\/transamerica93.com.br\/home\/author\/william\/"}]}},"_links":{"self":[{"href":"https:\/\/transamerica93.com.br\/home\/wp-json\/wp\/v2\/posts\/3851","targetHints":{"allow":["GET"]}}],"collection":[{"href":"https:\/\/transamerica93.com.br\/home\/wp-json\/wp\/v2\/posts"}],"about":[{"href":"https:\/\/transamerica93.com.br\/home\/wp-json\/wp\/v2\/types\/post"}],"author":[{"embeddable":true,"href":"https:\/\/transamerica93.com.br\/home\/wp-json\/wp\/v2\/users\/1"}],"replies":[{"embeddable":true,"href":"https:\/\/transamerica93.com.br\/home\/wp-json\/wp\/v2\/comments?post=3851"}],"version-history":[{"count":1,"href":"https:\/\/transamerica93.com.br\/home\/wp-json\/wp\/v2\/posts\/3851\/revisions"}],"predecessor-version":[{"id":3852,"href":"https:\/\/transamerica93.com.br\/home\/wp-json\/wp\/v2\/posts\/3851\/revisions\/3852"}],"wp:featuredmedia":[{"embeddable":true,"href":"https:\/\/transamerica93.com.br\/home\/wp-json\/wp\/v2\/media\/2661"}],"wp:attachment":[{"href":"https:\/\/transamerica93.com.br\/home\/wp-json\/wp\/v2\/media?parent=3851"}],"wp:term":[{"taxonomy":"category","embeddable":true,"href":"https:\/\/transamerica93.com.br\/home\/wp-json\/wp\/v2\/categories?post=3851"},{"taxonomy":"post_tag","embeddable":true,"href":"https:\/\/transamerica93.com.br\/home\/wp-json\/wp\/v2\/tags?post=3851"}],"curies":[{"name":"wp","href":"https:\/\/api.w.org\/{rel}","templated":true}]}}