{"id":3877,"date":"2024-10-01T12:00:26","date_gmt":"2024-10-01T15:00:26","guid":{"rendered":"https:\/\/transamerica93.com.br\/home\/?p=3877"},"modified":"2024-09-27T00:14:32","modified_gmt":"2024-09-27T03:14:32","slug":"brasil-conquista-duas-medalhas-no-mundial-de-paraciclismo-de-estrada","status":"publish","type":"post","link":"https:\/\/transamerica93.com.br\/home\/brasil-conquista-duas-medalhas-no-mundial-de-paraciclismo-de-estrada\/","title":{"rendered":"Brasil conquista duas medalhas no Mundial de paraciclismo de estrada"},"content":{"rendered":"<div class=\"conteudo-noticia\">\n<p>O Brasil conquistou em Zurique (Su\u00ed\u00e7a), duas medalhas no Mundial de ciclismo paral\u00edmpico de estrada. As conquistas foram alcan\u00e7adas em provas de handbike (bicicletas impulsionadas com as m\u00e3os), pelo mineiro Marcos Melo J\u00fanior e pela paulista Gilmara Sol do Ros\u00e1rio.<img decoding=\"async\" data-src=\"https:\/\/agenciabrasil.ebc.com.br\/ebc.png?id=1613539&amp;o=node\" src=\"data:image\/svg+xml;base64,PHN2ZyB3aWR0aD0iMSIgaGVpZ2h0PSIxIiB4bWxucz0iaHR0cDovL3d3dy53My5vcmcvMjAwMC9zdmciPjwvc3ZnPg==\" class=\"lazyload\" \/><img decoding=\"async\" data-src=\"https:\/\/agenciabrasil.ebc.com.br\/ebc.gif?id=1613539&amp;o=node\" src=\"data:image\/svg+xml;base64,PHN2ZyB3aWR0aD0iMSIgaGVpZ2h0PSIxIiB4bWxucz0iaHR0cDovL3d3dy53My5vcmcvMjAwMC9zdmciPjwvc3ZnPg==\" class=\"lazyload\" \/><\/p>\n<p>A primeira conquista brasileira veio na classe H1, na qual Marcos Melo J\u00fanior fechou com o tempo de 38min35s40 para ficar com a prata. O ouro ficou com o italiano Fabrizio Cornegliani, com o tempo de 35min59s70. J\u00e1 o bronze foi conquistado pelo belga Maxime Hordies (38min45s19).<\/p>\n<p>J\u00e1 na classe H2 feminina, a paulista Gilmara Sol do Ros\u00e1rio alcan\u00e7ou o tempo de 28min50s16 para ficar com o bronze, enquanto a norte-americana Katie Brim ficou com o ouro (18min54s04) e a italiana Roberta Amadeo a prata (23min00s39).<\/p>\n<p>Desta forma o Brasil chegou ao total de tr\u00eas medalhas na competi\u00e7\u00e3o, pois, na \u00faltima segunda-feira (23), o paulista Lauro Chaman conquistou uma prata na classe C5 (atletas que competem em bicicletas convencionais) da prova de contrarel\u00f3gio.<\/p>\n<\/div>\n<div class=\"footer-noticia\">\n<div class=\"editor rowflex\">Edi\u00e7\u00e3o: F\u00e1bio Lisboa<\/div>\n<\/div>\n","protected":false},"excerpt":{"rendered":"<p>O Brasil conquistou em Zurique (Su\u00ed\u00e7a), duas medalhas no Mundial de ciclismo paral\u00edmpico de estrada. As conquistas foram alcan\u00e7adas em provas de handbike (bicicletas impulsionadas com as m\u00e3os), pelo mineiro Marcos Melo J\u00fanior e pela paulista Gilmara Sol do Ros\u00e1rio. A primeira conquista brasileira veio na classe H1, na qual Marcos Melo J\u00fanior fechou com &hellip;<\/p>\n","protected":false},"author":1,"featured_media":3878,"comment_status":"closed","ping_status":"closed","sticky":false,"template":"","format":"standard","meta":{"footnotes":""},"categories":[31],"tags":[],"class_list":["post-3877","post","type-post","status-publish","format-standard","has-post-thumbnail","hentry","category-esportes"],"yoast_head":"<!-- This site is optimized with the Yoast SEO plugin v27.4 - https:\/\/yoast.com\/product\/yoast-seo-wordpress\/ -->\n<title>Brasil conquista duas medalhas no Mundial de paraciclismo de estrada - Transam\u00e9rica Mococa 93,3<\/title>\n<meta name=\"robots\" content=\"index, follow, max-snippet:-1, max-image-preview:large, max-video-preview:-1\" \/>\n<link rel=\"canonical\" href=\"https:\/\/transamerica93.com.br\/home\/brasil-conquista-duas-medalhas-no-mundial-de-paraciclismo-de-estrada\/\" \/>\n<meta property=\"og:locale\" content=\"pt_BR\" \/>\n<meta property=\"og:type\" content=\"article\" \/>\n<meta property=\"og:title\" content=\"Brasil conquista duas medalhas no Mundial de paraciclismo de estrada - Transam\u00e9rica Mococa 93,3\" \/>\n<meta property=\"og:description\" content=\"O Brasil conquistou em Zurique (Su\u00ed\u00e7a), duas medalhas no Mundial de ciclismo paral\u00edmpico de estrada. As conquistas foram alcan\u00e7adas em provas de handbike (bicicletas impulsionadas com as m\u00e3os), pelo mineiro Marcos Melo J\u00fanior e pela paulista Gilmara Sol do Ros\u00e1rio. A primeira conquista brasileira veio na classe H1, na qual Marcos Melo J\u00fanior fechou com &hellip;\" \/>\n<meta property=\"og:url\" content=\"https:\/\/transamerica93.com.br\/home\/brasil-conquista-duas-medalhas-no-mundial-de-paraciclismo-de-estrada\/\" \/>\n<meta property=\"og:site_name\" content=\"Transam\u00e9rica Mococa 93,3\" \/>\n<meta property=\"article:publisher\" content=\"https:\/\/www.facebook.com\/transamericamococa\" \/>\n<meta property=\"article:published_time\" content=\"2024-10-01T15:00:26+00:00\" \/>\n<meta property=\"og:image\" content=\"https:\/\/transamerica93.com.br\/home\/wp-content\/uploads\/2024\/09\/1-18.jpg\" \/>\n\t<meta property=\"og:image:width\" content=\"1170\" \/>\n\t<meta property=\"og:image:height\" content=\"700\" \/>\n\t<meta property=\"og:image:type\" content=\"image\/jpeg\" \/>\n<meta name=\"author\" content=\"Reda\u00e7\u00e3o\" \/>\n<meta name=\"twitter:card\" content=\"summary_large_image\" \/>\n<meta name=\"twitter:creator\" content=\"@transamerica933\" \/>\n<meta name=\"twitter:site\" content=\"@transamerica933\" \/>\n<meta name=\"twitter:label1\" content=\"Escrito por\" \/>\n\t<meta name=\"twitter:data1\" content=\"Reda\u00e7\u00e3o\" \/>\n\t<meta name=\"twitter:label2\" content=\"Est. tempo de leitura\" \/>\n\t<meta name=\"twitter:data2\" content=\"2 minutos\" \/>\n<script type=\"application\/ld+json\" class=\"yoast-schema-graph\">{\"@context\":\"https:\\\/\\\/schema.org\",\"@graph\":[{\"@type\":\"Article\",\"@id\":\"https:\\\/\\\/transamerica93.com.br\\\/home\\\/brasil-conquista-duas-medalhas-no-mundial-de-paraciclismo-de-estrada\\\/#article\",\"isPartOf\":{\"@id\":\"https:\\\/\\\/transamerica93.com.br\\\/home\\\/brasil-conquista-duas-medalhas-no-mundial-de-paraciclismo-de-estrada\\\/\"},\"author\":{\"name\":\"Reda\u00e7\u00e3o\",\"@id\":\"https:\\\/\\\/transamerica93.com.br\\\/home\\\/#\\\/schema\\\/person\\\/7fed7c99c0d4562efa8561bc0f543172\"},\"headline\":\"Brasil conquista duas medalhas no Mundial de paraciclismo de estrada\",\"datePublished\":\"2024-10-01T15:00:26+00:00\",\"mainEntityOfPage\":{\"@id\":\"https:\\\/\\\/transamerica93.com.br\\\/home\\\/brasil-conquista-duas-medalhas-no-mundial-de-paraciclismo-de-estrada\\\/\"},\"wordCount\":195,\"publisher\":{\"@id\":\"https:\\\/\\\/transamerica93.com.br\\\/home\\\/#organization\"},\"image\":{\"@id\":\"https:\\\/\\\/transamerica93.com.br\\\/home\\\/brasil-conquista-duas-medalhas-no-mundial-de-paraciclismo-de-estrada\\\/#primaryimage\"},\"thumbnailUrl\":\"https:\\\/\\\/transamerica93.com.br\\\/home\\\/wp-content\\\/uploads\\\/2024\\\/09\\\/1-18.jpg\",\"articleSection\":[\"Esportes\"],\"inLanguage\":\"pt-BR\"},{\"@type\":\"WebPage\",\"@id\":\"https:\\\/\\\/transamerica93.com.br\\\/home\\\/brasil-conquista-duas-medalhas-no-mundial-de-paraciclismo-de-estrada\\\/\",\"url\":\"https:\\\/\\\/transamerica93.com.br\\\/home\\\/brasil-conquista-duas-medalhas-no-mundial-de-paraciclismo-de-estrada\\\/\",\"name\":\"Brasil conquista duas medalhas no Mundial de paraciclismo de estrada - Transam\u00e9rica Mococa 93,3\",\"isPartOf\":{\"@id\":\"https:\\\/\\\/transamerica93.com.br\\\/home\\\/#website\"},\"primaryImageOfPage\":{\"@id\":\"https:\\\/\\\/transamerica93.com.br\\\/home\\\/brasil-conquista-duas-medalhas-no-mundial-de-paraciclismo-de-estrada\\\/#primaryimage\"},\"image\":{\"@id\":\"https:\\\/\\\/transamerica93.com.br\\\/home\\\/brasil-conquista-duas-medalhas-no-mundial-de-paraciclismo-de-estrada\\\/#primaryimage\"},\"thumbnailUrl\":\"https:\\\/\\\/transamerica93.com.br\\\/home\\\/wp-content\\\/uploads\\\/2024\\\/09\\\/1-18.jpg\",\"datePublished\":\"2024-10-01T15:00:26+00:00\",\"breadcrumb\":{\"@id\":\"https:\\\/\\\/transamerica93.com.br\\\/home\\\/brasil-conquista-duas-medalhas-no-mundial-de-paraciclismo-de-estrada\\\/#breadcrumb\"},\"inLanguage\":\"pt-BR\",\"potentialAction\":[{\"@type\":\"ReadAction\",\"target\":[\"https:\\\/\\\/transamerica93.com.br\\\/home\\\/brasil-conquista-duas-medalhas-no-mundial-de-paraciclismo-de-estrada\\\/\"]}]},{\"@type\":\"ImageObject\",\"inLanguage\":\"pt-BR\",\"@id\":\"https:\\\/\\\/transamerica93.com.br\\\/home\\\/brasil-conquista-duas-medalhas-no-mundial-de-paraciclismo-de-estrada\\\/#primaryimage\",\"url\":\"https:\\\/\\\/transamerica93.com.br\\\/home\\\/wp-content\\\/uploads\\\/2024\\\/09\\\/1-18.jpg\",\"contentUrl\":\"https:\\\/\\\/transamerica93.com.br\\\/home\\\/wp-content\\\/uploads\\\/2024\\\/09\\\/1-18.jpg\",\"width\":1170,\"height\":700,\"caption\":\"\u00a9 Miriam Jeske\\\/CPB\\\/Direitos Reservados\"},{\"@type\":\"BreadcrumbList\",\"@id\":\"https:\\\/\\\/transamerica93.com.br\\\/home\\\/brasil-conquista-duas-medalhas-no-mundial-de-paraciclismo-de-estrada\\\/#breadcrumb\",\"itemListElement\":[{\"@type\":\"ListItem\",\"position\":1,\"name\":\"In\u00edcio\",\"item\":\"https:\\\/\\\/transamerica93.com.br\\\/home\\\/\"},{\"@type\":\"ListItem\",\"position\":2,\"name\":\"Brasil conquista duas medalhas no Mundial de paraciclismo de estrada\"}]},{\"@type\":\"WebSite\",\"@id\":\"https:\\\/\\\/transamerica93.com.br\\\/home\\\/#website\",\"url\":\"https:\\\/\\\/transamerica93.com.br\\\/home\\\/\",\"name\":\"Transam\u00e9rica Mococa 93,3\",\"description\":\"\",\"publisher\":{\"@id\":\"https:\\\/\\\/transamerica93.com.br\\\/home\\\/#organization\"},\"potentialAction\":[{\"@type\":\"SearchAction\",\"target\":{\"@type\":\"EntryPoint\",\"urlTemplate\":\"https:\\\/\\\/transamerica93.com.br\\\/home\\\/?s={search_term_string}\"},\"query-input\":{\"@type\":\"PropertyValueSpecification\",\"valueRequired\":true,\"valueName\":\"search_term_string\"}}],\"inLanguage\":\"pt-BR\"},{\"@type\":\"Organization\",\"@id\":\"https:\\\/\\\/transamerica93.com.br\\\/home\\\/#organization\",\"name\":\"Transam\u00e9rica Mococa 93,3\",\"url\":\"https:\\\/\\\/transamerica93.com.br\\\/home\\\/\",\"logo\":{\"@type\":\"ImageObject\",\"inLanguage\":\"pt-BR\",\"@id\":\"https:\\\/\\\/transamerica93.com.br\\\/home\\\/#\\\/schema\\\/logo\\\/image\\\/\",\"url\":\"https:\\\/\\\/transamerica93.com.br\\\/home\\\/wp-content\\\/uploads\\\/2023\\\/10\\\/logo2.png\",\"contentUrl\":\"https:\\\/\\\/transamerica93.com.br\\\/home\\\/wp-content\\\/uploads\\\/2023\\\/10\\\/logo2.png\",\"width\":800,\"height\":500,\"caption\":\"Transam\u00e9rica Mococa 93,3\"},\"image\":{\"@id\":\"https:\\\/\\\/transamerica93.com.br\\\/home\\\/#\\\/schema\\\/logo\\\/image\\\/\"},\"sameAs\":[\"https:\\\/\\\/www.facebook.com\\\/transamericamococa\",\"https:\\\/\\\/x.com\\\/transamerica933\",\"https:\\\/\\\/www.instagram.com\\\/transamericamococa\"]},{\"@type\":\"Person\",\"@id\":\"https:\\\/\\\/transamerica93.com.br\\\/home\\\/#\\\/schema\\\/person\\\/7fed7c99c0d4562efa8561bc0f543172\",\"name\":\"Reda\u00e7\u00e3o\",\"image\":{\"@type\":\"ImageObject\",\"inLanguage\":\"pt-BR\",\"@id\":\"https:\\\/\\\/secure.gravatar.com\\\/avatar\\\/1072c6b775fb02ef8506ce967551d95926669a6b7d2c2147b42eea4d7c68395e?s=96&d=mm&r=g\",\"url\":\"https:\\\/\\\/secure.gravatar.com\\\/avatar\\\/1072c6b775fb02ef8506ce967551d95926669a6b7d2c2147b42eea4d7c68395e?s=96&d=mm&r=g\",\"contentUrl\":\"https:\\\/\\\/secure.gravatar.com\\\/avatar\\\/1072c6b775fb02ef8506ce967551d95926669a6b7d2c2147b42eea4d7c68395e?s=96&d=mm&r=g\",\"caption\":\"Reda\u00e7\u00e3o\"},\"sameAs\":[\"https:\\\/\\\/transamerica93.com.br\\\/home\"],\"url\":\"https:\\\/\\\/transamerica93.com.br\\\/home\\\/author\\\/william\\\/\"}]}<\/script>\n<!-- \/ Yoast SEO plugin. -->","yoast_head_json":{"title":"Brasil conquista duas medalhas no Mundial de paraciclismo de estrada - Transam\u00e9rica Mococa 93,3","robots":{"index":"index","follow":"follow","max-snippet":"max-snippet:-1","max-image-preview":"max-image-preview:large","max-video-preview":"max-video-preview:-1"},"canonical":"https:\/\/transamerica93.com.br\/home\/brasil-conquista-duas-medalhas-no-mundial-de-paraciclismo-de-estrada\/","og_locale":"pt_BR","og_type":"article","og_title":"Brasil conquista duas medalhas no Mundial de paraciclismo de estrada - Transam\u00e9rica Mococa 93,3","og_description":"O Brasil conquistou em Zurique (Su\u00ed\u00e7a), duas medalhas no Mundial de ciclismo paral\u00edmpico de estrada. As conquistas foram alcan\u00e7adas em provas de handbike (bicicletas impulsionadas com as m\u00e3os), pelo mineiro Marcos Melo J\u00fanior e pela paulista Gilmara Sol do Ros\u00e1rio. A primeira conquista brasileira veio na classe H1, na qual Marcos Melo J\u00fanior fechou com &hellip;","og_url":"https:\/\/transamerica93.com.br\/home\/brasil-conquista-duas-medalhas-no-mundial-de-paraciclismo-de-estrada\/","og_site_name":"Transam\u00e9rica Mococa 93,3","article_publisher":"https:\/\/www.facebook.com\/transamericamococa","article_published_time":"2024-10-01T15:00:26+00:00","og_image":[{"width":1170,"height":700,"url":"https:\/\/transamerica93.com.br\/home\/wp-content\/uploads\/2024\/09\/1-18.jpg","type":"image\/jpeg"}],"author":"Reda\u00e7\u00e3o","twitter_card":"summary_large_image","twitter_creator":"@transamerica933","twitter_site":"@transamerica933","twitter_misc":{"Escrito por":"Reda\u00e7\u00e3o","Est. tempo de leitura":"2 minutos"},"schema":{"@context":"https:\/\/schema.org","@graph":[{"@type":"Article","@id":"https:\/\/transamerica93.com.br\/home\/brasil-conquista-duas-medalhas-no-mundial-de-paraciclismo-de-estrada\/#article","isPartOf":{"@id":"https:\/\/transamerica93.com.br\/home\/brasil-conquista-duas-medalhas-no-mundial-de-paraciclismo-de-estrada\/"},"author":{"name":"Reda\u00e7\u00e3o","@id":"https:\/\/transamerica93.com.br\/home\/#\/schema\/person\/7fed7c99c0d4562efa8561bc0f543172"},"headline":"Brasil conquista duas medalhas no Mundial de paraciclismo de estrada","datePublished":"2024-10-01T15:00:26+00:00","mainEntityOfPage":{"@id":"https:\/\/transamerica93.com.br\/home\/brasil-conquista-duas-medalhas-no-mundial-de-paraciclismo-de-estrada\/"},"wordCount":195,"publisher":{"@id":"https:\/\/transamerica93.com.br\/home\/#organization"},"image":{"@id":"https:\/\/transamerica93.com.br\/home\/brasil-conquista-duas-medalhas-no-mundial-de-paraciclismo-de-estrada\/#primaryimage"},"thumbnailUrl":"https:\/\/transamerica93.com.br\/home\/wp-content\/uploads\/2024\/09\/1-18.jpg","articleSection":["Esportes"],"inLanguage":"pt-BR"},{"@type":"WebPage","@id":"https:\/\/transamerica93.com.br\/home\/brasil-conquista-duas-medalhas-no-mundial-de-paraciclismo-de-estrada\/","url":"https:\/\/transamerica93.com.br\/home\/brasil-conquista-duas-medalhas-no-mundial-de-paraciclismo-de-estrada\/","name":"Brasil conquista duas medalhas no Mundial de paraciclismo de estrada - Transam\u00e9rica Mococa 93,3","isPartOf":{"@id":"https:\/\/transamerica93.com.br\/home\/#website"},"primaryImageOfPage":{"@id":"https:\/\/transamerica93.com.br\/home\/brasil-conquista-duas-medalhas-no-mundial-de-paraciclismo-de-estrada\/#primaryimage"},"image":{"@id":"https:\/\/transamerica93.com.br\/home\/brasil-conquista-duas-medalhas-no-mundial-de-paraciclismo-de-estrada\/#primaryimage"},"thumbnailUrl":"https:\/\/transamerica93.com.br\/home\/wp-content\/uploads\/2024\/09\/1-18.jpg","datePublished":"2024-10-01T15:00:26+00:00","breadcrumb":{"@id":"https:\/\/transamerica93.com.br\/home\/brasil-conquista-duas-medalhas-no-mundial-de-paraciclismo-de-estrada\/#breadcrumb"},"inLanguage":"pt-BR","potentialAction":[{"@type":"ReadAction","target":["https:\/\/transamerica93.com.br\/home\/brasil-conquista-duas-medalhas-no-mundial-de-paraciclismo-de-estrada\/"]}]},{"@type":"ImageObject","inLanguage":"pt-BR","@id":"https:\/\/transamerica93.com.br\/home\/brasil-conquista-duas-medalhas-no-mundial-de-paraciclismo-de-estrada\/#primaryimage","url":"https:\/\/transamerica93.com.br\/home\/wp-content\/uploads\/2024\/09\/1-18.jpg","contentUrl":"https:\/\/transamerica93.com.br\/home\/wp-content\/uploads\/2024\/09\/1-18.jpg","width":1170,"height":700,"caption":"\u00a9 Miriam Jeske\/CPB\/Direitos Reservados"},{"@type":"BreadcrumbList","@id":"https:\/\/transamerica93.com.br\/home\/brasil-conquista-duas-medalhas-no-mundial-de-paraciclismo-de-estrada\/#breadcrumb","itemListElement":[{"@type":"ListItem","position":1,"name":"In\u00edcio","item":"https:\/\/transamerica93.com.br\/home\/"},{"@type":"ListItem","position":2,"name":"Brasil conquista duas medalhas no Mundial de paraciclismo de estrada"}]},{"@type":"WebSite","@id":"https:\/\/transamerica93.com.br\/home\/#website","url":"https:\/\/transamerica93.com.br\/home\/","name":"Transam\u00e9rica Mococa 93,3","description":"","publisher":{"@id":"https:\/\/transamerica93.com.br\/home\/#organization"},"potentialAction":[{"@type":"SearchAction","target":{"@type":"EntryPoint","urlTemplate":"https:\/\/transamerica93.com.br\/home\/?s={search_term_string}"},"query-input":{"@type":"PropertyValueSpecification","valueRequired":true,"valueName":"search_term_string"}}],"inLanguage":"pt-BR"},{"@type":"Organization","@id":"https:\/\/transamerica93.com.br\/home\/#organization","name":"Transam\u00e9rica Mococa 93,3","url":"https:\/\/transamerica93.com.br\/home\/","logo":{"@type":"ImageObject","inLanguage":"pt-BR","@id":"https:\/\/transamerica93.com.br\/home\/#\/schema\/logo\/image\/","url":"https:\/\/transamerica93.com.br\/home\/wp-content\/uploads\/2023\/10\/logo2.png","contentUrl":"https:\/\/transamerica93.com.br\/home\/wp-content\/uploads\/2023\/10\/logo2.png","width":800,"height":500,"caption":"Transam\u00e9rica Mococa 93,3"},"image":{"@id":"https:\/\/transamerica93.com.br\/home\/#\/schema\/logo\/image\/"},"sameAs":["https:\/\/www.facebook.com\/transamericamococa","https:\/\/x.com\/transamerica933","https:\/\/www.instagram.com\/transamericamococa"]},{"@type":"Person","@id":"https:\/\/transamerica93.com.br\/home\/#\/schema\/person\/7fed7c99c0d4562efa8561bc0f543172","name":"Reda\u00e7\u00e3o","image":{"@type":"ImageObject","inLanguage":"pt-BR","@id":"https:\/\/secure.gravatar.com\/avatar\/1072c6b775fb02ef8506ce967551d95926669a6b7d2c2147b42eea4d7c68395e?s=96&d=mm&r=g","url":"https:\/\/secure.gravatar.com\/avatar\/1072c6b775fb02ef8506ce967551d95926669a6b7d2c2147b42eea4d7c68395e?s=96&d=mm&r=g","contentUrl":"https:\/\/secure.gravatar.com\/avatar\/1072c6b775fb02ef8506ce967551d95926669a6b7d2c2147b42eea4d7c68395e?s=96&d=mm&r=g","caption":"Reda\u00e7\u00e3o"},"sameAs":["https:\/\/transamerica93.com.br\/home"],"url":"https:\/\/transamerica93.com.br\/home\/author\/william\/"}]}},"_links":{"self":[{"href":"https:\/\/transamerica93.com.br\/home\/wp-json\/wp\/v2\/posts\/3877","targetHints":{"allow":["GET"]}}],"collection":[{"href":"https:\/\/transamerica93.com.br\/home\/wp-json\/wp\/v2\/posts"}],"about":[{"href":"https:\/\/transamerica93.com.br\/home\/wp-json\/wp\/v2\/types\/post"}],"author":[{"embeddable":true,"href":"https:\/\/transamerica93.com.br\/home\/wp-json\/wp\/v2\/users\/1"}],"replies":[{"embeddable":true,"href":"https:\/\/transamerica93.com.br\/home\/wp-json\/wp\/v2\/comments?post=3877"}],"version-history":[{"count":1,"href":"https:\/\/transamerica93.com.br\/home\/wp-json\/wp\/v2\/posts\/3877\/revisions"}],"predecessor-version":[{"id":3879,"href":"https:\/\/transamerica93.com.br\/home\/wp-json\/wp\/v2\/posts\/3877\/revisions\/3879"}],"wp:featuredmedia":[{"embeddable":true,"href":"https:\/\/transamerica93.com.br\/home\/wp-json\/wp\/v2\/media\/3878"}],"wp:attachment":[{"href":"https:\/\/transamerica93.com.br\/home\/wp-json\/wp\/v2\/media?parent=3877"}],"wp:term":[{"taxonomy":"category","embeddable":true,"href":"https:\/\/transamerica93.com.br\/home\/wp-json\/wp\/v2\/categories?post=3877"},{"taxonomy":"post_tag","embeddable":true,"href":"https:\/\/transamerica93.com.br\/home\/wp-json\/wp\/v2\/tags?post=3877"}],"curies":[{"name":"wp","href":"https:\/\/api.w.org\/{rel}","templated":true}]}}