{"id":3893,"date":"2024-10-02T12:00:20","date_gmt":"2024-10-02T15:00:20","guid":{"rendered":"https:\/\/transamerica93.com.br\/home\/?p=3893"},"modified":"2024-09-27T07:03:57","modified_gmt":"2024-09-27T10:03:57","slug":"jorge-jesus-admite-desejo-de-dirigir-a-selecao-brasileira-e-uma-ambicao","status":"publish","type":"post","link":"https:\/\/transamerica93.com.br\/home\/jorge-jesus-admite-desejo-de-dirigir-a-selecao-brasileira-e-uma-ambicao\/","title":{"rendered":"Jorge Jesus admite desejo de dirigir a sele\u00e7\u00e3o brasileira: &#8216;\u00c9 uma ambi\u00e7\u00e3o&#8217;"},"content":{"rendered":"<p>Com uma passagem marcante pelo Brasil em fun\u00e7\u00e3o do per\u00edodo de sucesso \u00e0 frente do Flamengo entre os anos de 2019 e 2020, Jorge Jesus admitiu o desejo de treinar a sele\u00e7\u00e3o a brasileira. Atualmente no comando do Al-Hilal, da Ar\u00e1bia Saudita, o t\u00e9cnico portugu\u00eas disse continuar motivado a comandar equipes que buscam novas conquistas.<\/p>\n<p>&#8220;S\u00f3 gosto de trabalhar em clubes que ganhem t\u00edtulos. Eu nunca fui para a Inglaterra porque n\u00e3o tive convites de times de ponta Mas a sele\u00e7\u00e3o brasileira \u00e9 diferente. \u00c9 uma ambi\u00e7\u00e3o, n\u00e3o nego&#8221;, afirmou o treinador portugu\u00eas.<\/p>\n<p>Apesar do desejo de voltar ao Brasil, Jesus disse, em entrevista ao jornal &#8220;A Bola&#8221;, de Portugal, que acha bastante improv\u00e1vel que um t\u00e9cnico estrangeiro venha a comandar o selecionado nacional.<\/p>\n<p>&#8220;Dif\u00edcil, eu acho. No Brasil, dificilmente um treinador estrangeiro entra na sele\u00e7\u00e3o. Pode ser que mude, mas dificilmente acontecer\u00e1. Eles n\u00e3o est\u00e3o muito a\u00ed para que um t\u00e9cnico estrangeiro, seja quem for, treine a sele\u00e7\u00e3o do Brasil&#8221;, comentou.<\/p>\n<p>Campe\u00e3o do Campeonato Saudita de forma antecipada e invicta, Jesus, disse, por\u00e9m, que leva uma certa vantagem no caso de a CBF apostar na ideia de trazer um profissional de outro pa\u00eds.<\/p>\n<p>&#8220;Se for um estrangeiro, penso que serei aquele que poder\u00e1 estar mais perto. Porque s\u00f3 torcedores do Flamengo, s\u00e3o 50 milh\u00f5es. Mas n\u00e3o quero fazer um cen\u00e1rio com aquilo que possa acontecer na minha carreira. Sempre pautei minha trajet\u00f3ria no presente. Futebol \u00e9 dia a dia&#8221;, disse.<\/p>\n<p>Com contrato vigente at\u00e9 2025 com o Al-Hilal, ele d\u00e1 sinais de que deve cumprir o seu v\u00ednculo. No clube, al\u00e9m do t\u00edtulo nacional, ele ainda obteve um recorde de 34 vit\u00f3rias consecutivas considerando todas as competi\u00e7\u00f5es que disputou.<\/p>\n","protected":false},"excerpt":{"rendered":"<p>Com uma passagem marcante pelo Brasil em fun\u00e7\u00e3o do per\u00edodo de sucesso \u00e0 frente do Flamengo entre os anos de 2019 e 2020, Jorge Jesus admitiu o desejo de treinar a sele\u00e7\u00e3o a brasileira. Atualmente no comando do Al-Hilal, da Ar\u00e1bia Saudita, o t\u00e9cnico portugu\u00eas disse continuar motivado a comandar equipes que buscam novas conquistas. &hellip;<\/p>\n","protected":false},"author":1,"featured_media":3894,"comment_status":"closed","ping_status":"closed","sticky":false,"template":"","format":"standard","meta":{"footnotes":""},"categories":[31],"tags":[],"class_list":["post-3893","post","type-post","status-publish","format-standard","has-post-thumbnail","hentry","category-esportes"],"yoast_head":"<!-- This site is optimized with the Yoast SEO plugin v27.4 - https:\/\/yoast.com\/product\/yoast-seo-wordpress\/ -->\n<title>Jorge Jesus admite desejo de dirigir a sele\u00e7\u00e3o brasileira: &#039;\u00c9 uma ambi\u00e7\u00e3o&#039; - Transam\u00e9rica Mococa 93,3<\/title>\n<meta name=\"robots\" content=\"index, follow, max-snippet:-1, max-image-preview:large, max-video-preview:-1\" \/>\n<link rel=\"canonical\" href=\"https:\/\/transamerica93.com.br\/home\/jorge-jesus-admite-desejo-de-dirigir-a-selecao-brasileira-e-uma-ambicao\/\" \/>\n<meta property=\"og:locale\" content=\"pt_BR\" \/>\n<meta property=\"og:type\" content=\"article\" \/>\n<meta property=\"og:title\" content=\"Jorge Jesus admite desejo de dirigir a sele\u00e7\u00e3o brasileira: &#039;\u00c9 uma ambi\u00e7\u00e3o&#039; - Transam\u00e9rica Mococa 93,3\" \/>\n<meta property=\"og:description\" content=\"Com uma passagem marcante pelo Brasil em fun\u00e7\u00e3o do per\u00edodo de sucesso \u00e0 frente do Flamengo entre os anos de 2019 e 2020, Jorge Jesus admitiu o desejo de treinar a sele\u00e7\u00e3o a brasileira. Atualmente no comando do Al-Hilal, da Ar\u00e1bia Saudita, o t\u00e9cnico portugu\u00eas disse continuar motivado a comandar equipes que buscam novas conquistas. &hellip;\" \/>\n<meta property=\"og:url\" content=\"https:\/\/transamerica93.com.br\/home\/jorge-jesus-admite-desejo-de-dirigir-a-selecao-brasileira-e-uma-ambicao\/\" \/>\n<meta property=\"og:site_name\" content=\"Transam\u00e9rica Mococa 93,3\" \/>\n<meta property=\"article:publisher\" content=\"https:\/\/www.facebook.com\/transamericamococa\" \/>\n<meta property=\"article:published_time\" content=\"2024-10-02T15:00:20+00:00\" \/>\n<meta property=\"og:image\" content=\"https:\/\/transamerica93.com.br\/home\/wp-content\/uploads\/2024\/09\/jorgejesus.jpg\" \/>\n\t<meta property=\"og:image:width\" content=\"800\" \/>\n\t<meta property=\"og:image:height\" content=\"500\" \/>\n\t<meta property=\"og:image:type\" content=\"image\/jpeg\" \/>\n<meta name=\"author\" content=\"Reda\u00e7\u00e3o\" \/>\n<meta name=\"twitter:card\" content=\"summary_large_image\" \/>\n<meta name=\"twitter:creator\" content=\"@transamerica933\" \/>\n<meta name=\"twitter:site\" content=\"@transamerica933\" \/>\n<meta name=\"twitter:label1\" content=\"Escrito por\" \/>\n\t<meta name=\"twitter:data1\" content=\"Reda\u00e7\u00e3o\" \/>\n\t<meta name=\"twitter:label2\" content=\"Est. tempo de leitura\" \/>\n\t<meta name=\"twitter:data2\" content=\"2 minutos\" \/>\n<script type=\"application\/ld+json\" class=\"yoast-schema-graph\">{\"@context\":\"https:\\\/\\\/schema.org\",\"@graph\":[{\"@type\":\"Article\",\"@id\":\"https:\\\/\\\/transamerica93.com.br\\\/home\\\/jorge-jesus-admite-desejo-de-dirigir-a-selecao-brasileira-e-uma-ambicao\\\/#article\",\"isPartOf\":{\"@id\":\"https:\\\/\\\/transamerica93.com.br\\\/home\\\/jorge-jesus-admite-desejo-de-dirigir-a-selecao-brasileira-e-uma-ambicao\\\/\"},\"author\":{\"name\":\"Reda\u00e7\u00e3o\",\"@id\":\"https:\\\/\\\/transamerica93.com.br\\\/home\\\/#\\\/schema\\\/person\\\/7fed7c99c0d4562efa8561bc0f543172\"},\"headline\":\"Jorge Jesus admite desejo de dirigir a sele\u00e7\u00e3o brasileira: &#8216;\u00c9 uma ambi\u00e7\u00e3o&#8217;\",\"datePublished\":\"2024-10-02T15:00:20+00:00\",\"mainEntityOfPage\":{\"@id\":\"https:\\\/\\\/transamerica93.com.br\\\/home\\\/jorge-jesus-admite-desejo-de-dirigir-a-selecao-brasileira-e-uma-ambicao\\\/\"},\"wordCount\":317,\"publisher\":{\"@id\":\"https:\\\/\\\/transamerica93.com.br\\\/home\\\/#organization\"},\"image\":{\"@id\":\"https:\\\/\\\/transamerica93.com.br\\\/home\\\/jorge-jesus-admite-desejo-de-dirigir-a-selecao-brasileira-e-uma-ambicao\\\/#primaryimage\"},\"thumbnailUrl\":\"https:\\\/\\\/transamerica93.com.br\\\/home\\\/wp-content\\\/uploads\\\/2024\\\/09\\\/jorgejesus.jpg\",\"articleSection\":[\"Esportes\"],\"inLanguage\":\"pt-BR\"},{\"@type\":\"WebPage\",\"@id\":\"https:\\\/\\\/transamerica93.com.br\\\/home\\\/jorge-jesus-admite-desejo-de-dirigir-a-selecao-brasileira-e-uma-ambicao\\\/\",\"url\":\"https:\\\/\\\/transamerica93.com.br\\\/home\\\/jorge-jesus-admite-desejo-de-dirigir-a-selecao-brasileira-e-uma-ambicao\\\/\",\"name\":\"Jorge Jesus admite desejo de dirigir a sele\u00e7\u00e3o brasileira: '\u00c9 uma ambi\u00e7\u00e3o' - Transam\u00e9rica Mococa 93,3\",\"isPartOf\":{\"@id\":\"https:\\\/\\\/transamerica93.com.br\\\/home\\\/#website\"},\"primaryImageOfPage\":{\"@id\":\"https:\\\/\\\/transamerica93.com.br\\\/home\\\/jorge-jesus-admite-desejo-de-dirigir-a-selecao-brasileira-e-uma-ambicao\\\/#primaryimage\"},\"image\":{\"@id\":\"https:\\\/\\\/transamerica93.com.br\\\/home\\\/jorge-jesus-admite-desejo-de-dirigir-a-selecao-brasileira-e-uma-ambicao\\\/#primaryimage\"},\"thumbnailUrl\":\"https:\\\/\\\/transamerica93.com.br\\\/home\\\/wp-content\\\/uploads\\\/2024\\\/09\\\/jorgejesus.jpg\",\"datePublished\":\"2024-10-02T15:00:20+00:00\",\"breadcrumb\":{\"@id\":\"https:\\\/\\\/transamerica93.com.br\\\/home\\\/jorge-jesus-admite-desejo-de-dirigir-a-selecao-brasileira-e-uma-ambicao\\\/#breadcrumb\"},\"inLanguage\":\"pt-BR\",\"potentialAction\":[{\"@type\":\"ReadAction\",\"target\":[\"https:\\\/\\\/transamerica93.com.br\\\/home\\\/jorge-jesus-admite-desejo-de-dirigir-a-selecao-brasileira-e-uma-ambicao\\\/\"]}]},{\"@type\":\"ImageObject\",\"inLanguage\":\"pt-BR\",\"@id\":\"https:\\\/\\\/transamerica93.com.br\\\/home\\\/jorge-jesus-admite-desejo-de-dirigir-a-selecao-brasileira-e-uma-ambicao\\\/#primaryimage\",\"url\":\"https:\\\/\\\/transamerica93.com.br\\\/home\\\/wp-content\\\/uploads\\\/2024\\\/09\\\/jorgejesus.jpg\",\"contentUrl\":\"https:\\\/\\\/transamerica93.com.br\\\/home\\\/wp-content\\\/uploads\\\/2024\\\/09\\\/jorgejesus.jpg\",\"width\":800,\"height\":500,\"caption\":\"EFE\\\/EPA\\\/SEDAT SUNA\"},{\"@type\":\"BreadcrumbList\",\"@id\":\"https:\\\/\\\/transamerica93.com.br\\\/home\\\/jorge-jesus-admite-desejo-de-dirigir-a-selecao-brasileira-e-uma-ambicao\\\/#breadcrumb\",\"itemListElement\":[{\"@type\":\"ListItem\",\"position\":1,\"name\":\"In\u00edcio\",\"item\":\"https:\\\/\\\/transamerica93.com.br\\\/home\\\/\"},{\"@type\":\"ListItem\",\"position\":2,\"name\":\"Jorge Jesus admite desejo de dirigir a sele\u00e7\u00e3o brasileira: &#8216;\u00c9 uma ambi\u00e7\u00e3o&#8217;\"}]},{\"@type\":\"WebSite\",\"@id\":\"https:\\\/\\\/transamerica93.com.br\\\/home\\\/#website\",\"url\":\"https:\\\/\\\/transamerica93.com.br\\\/home\\\/\",\"name\":\"Transam\u00e9rica Mococa 93,3\",\"description\":\"\",\"publisher\":{\"@id\":\"https:\\\/\\\/transamerica93.com.br\\\/home\\\/#organization\"},\"potentialAction\":[{\"@type\":\"SearchAction\",\"target\":{\"@type\":\"EntryPoint\",\"urlTemplate\":\"https:\\\/\\\/transamerica93.com.br\\\/home\\\/?s={search_term_string}\"},\"query-input\":{\"@type\":\"PropertyValueSpecification\",\"valueRequired\":true,\"valueName\":\"search_term_string\"}}],\"inLanguage\":\"pt-BR\"},{\"@type\":\"Organization\",\"@id\":\"https:\\\/\\\/transamerica93.com.br\\\/home\\\/#organization\",\"name\":\"Transam\u00e9rica Mococa 93,3\",\"url\":\"https:\\\/\\\/transamerica93.com.br\\\/home\\\/\",\"logo\":{\"@type\":\"ImageObject\",\"inLanguage\":\"pt-BR\",\"@id\":\"https:\\\/\\\/transamerica93.com.br\\\/home\\\/#\\\/schema\\\/logo\\\/image\\\/\",\"url\":\"https:\\\/\\\/transamerica93.com.br\\\/home\\\/wp-content\\\/uploads\\\/2023\\\/10\\\/logo2.png\",\"contentUrl\":\"https:\\\/\\\/transamerica93.com.br\\\/home\\\/wp-content\\\/uploads\\\/2023\\\/10\\\/logo2.png\",\"width\":800,\"height\":500,\"caption\":\"Transam\u00e9rica Mococa 93,3\"},\"image\":{\"@id\":\"https:\\\/\\\/transamerica93.com.br\\\/home\\\/#\\\/schema\\\/logo\\\/image\\\/\"},\"sameAs\":[\"https:\\\/\\\/www.facebook.com\\\/transamericamococa\",\"https:\\\/\\\/x.com\\\/transamerica933\",\"https:\\\/\\\/www.instagram.com\\\/transamericamococa\"]},{\"@type\":\"Person\",\"@id\":\"https:\\\/\\\/transamerica93.com.br\\\/home\\\/#\\\/schema\\\/person\\\/7fed7c99c0d4562efa8561bc0f543172\",\"name\":\"Reda\u00e7\u00e3o\",\"image\":{\"@type\":\"ImageObject\",\"inLanguage\":\"pt-BR\",\"@id\":\"https:\\\/\\\/secure.gravatar.com\\\/avatar\\\/1072c6b775fb02ef8506ce967551d95926669a6b7d2c2147b42eea4d7c68395e?s=96&d=mm&r=g\",\"url\":\"https:\\\/\\\/secure.gravatar.com\\\/avatar\\\/1072c6b775fb02ef8506ce967551d95926669a6b7d2c2147b42eea4d7c68395e?s=96&d=mm&r=g\",\"contentUrl\":\"https:\\\/\\\/secure.gravatar.com\\\/avatar\\\/1072c6b775fb02ef8506ce967551d95926669a6b7d2c2147b42eea4d7c68395e?s=96&d=mm&r=g\",\"caption\":\"Reda\u00e7\u00e3o\"},\"sameAs\":[\"https:\\\/\\\/transamerica93.com.br\\\/home\"],\"url\":\"https:\\\/\\\/transamerica93.com.br\\\/home\\\/author\\\/william\\\/\"}]}<\/script>\n<!-- \/ Yoast SEO plugin. -->","yoast_head_json":{"title":"Jorge Jesus admite desejo de dirigir a sele\u00e7\u00e3o brasileira: '\u00c9 uma ambi\u00e7\u00e3o' - Transam\u00e9rica Mococa 93,3","robots":{"index":"index","follow":"follow","max-snippet":"max-snippet:-1","max-image-preview":"max-image-preview:large","max-video-preview":"max-video-preview:-1"},"canonical":"https:\/\/transamerica93.com.br\/home\/jorge-jesus-admite-desejo-de-dirigir-a-selecao-brasileira-e-uma-ambicao\/","og_locale":"pt_BR","og_type":"article","og_title":"Jorge Jesus admite desejo de dirigir a sele\u00e7\u00e3o brasileira: '\u00c9 uma ambi\u00e7\u00e3o' - Transam\u00e9rica Mococa 93,3","og_description":"Com uma passagem marcante pelo Brasil em fun\u00e7\u00e3o do per\u00edodo de sucesso \u00e0 frente do Flamengo entre os anos de 2019 e 2020, Jorge Jesus admitiu o desejo de treinar a sele\u00e7\u00e3o a brasileira. Atualmente no comando do Al-Hilal, da Ar\u00e1bia Saudita, o t\u00e9cnico portugu\u00eas disse continuar motivado a comandar equipes que buscam novas conquistas. &hellip;","og_url":"https:\/\/transamerica93.com.br\/home\/jorge-jesus-admite-desejo-de-dirigir-a-selecao-brasileira-e-uma-ambicao\/","og_site_name":"Transam\u00e9rica Mococa 93,3","article_publisher":"https:\/\/www.facebook.com\/transamericamococa","article_published_time":"2024-10-02T15:00:20+00:00","og_image":[{"width":800,"height":500,"url":"https:\/\/transamerica93.com.br\/home\/wp-content\/uploads\/2024\/09\/jorgejesus.jpg","type":"image\/jpeg"}],"author":"Reda\u00e7\u00e3o","twitter_card":"summary_large_image","twitter_creator":"@transamerica933","twitter_site":"@transamerica933","twitter_misc":{"Escrito por":"Reda\u00e7\u00e3o","Est. tempo de leitura":"2 minutos"},"schema":{"@context":"https:\/\/schema.org","@graph":[{"@type":"Article","@id":"https:\/\/transamerica93.com.br\/home\/jorge-jesus-admite-desejo-de-dirigir-a-selecao-brasileira-e-uma-ambicao\/#article","isPartOf":{"@id":"https:\/\/transamerica93.com.br\/home\/jorge-jesus-admite-desejo-de-dirigir-a-selecao-brasileira-e-uma-ambicao\/"},"author":{"name":"Reda\u00e7\u00e3o","@id":"https:\/\/transamerica93.com.br\/home\/#\/schema\/person\/7fed7c99c0d4562efa8561bc0f543172"},"headline":"Jorge Jesus admite desejo de dirigir a sele\u00e7\u00e3o brasileira: &#8216;\u00c9 uma ambi\u00e7\u00e3o&#8217;","datePublished":"2024-10-02T15:00:20+00:00","mainEntityOfPage":{"@id":"https:\/\/transamerica93.com.br\/home\/jorge-jesus-admite-desejo-de-dirigir-a-selecao-brasileira-e-uma-ambicao\/"},"wordCount":317,"publisher":{"@id":"https:\/\/transamerica93.com.br\/home\/#organization"},"image":{"@id":"https:\/\/transamerica93.com.br\/home\/jorge-jesus-admite-desejo-de-dirigir-a-selecao-brasileira-e-uma-ambicao\/#primaryimage"},"thumbnailUrl":"https:\/\/transamerica93.com.br\/home\/wp-content\/uploads\/2024\/09\/jorgejesus.jpg","articleSection":["Esportes"],"inLanguage":"pt-BR"},{"@type":"WebPage","@id":"https:\/\/transamerica93.com.br\/home\/jorge-jesus-admite-desejo-de-dirigir-a-selecao-brasileira-e-uma-ambicao\/","url":"https:\/\/transamerica93.com.br\/home\/jorge-jesus-admite-desejo-de-dirigir-a-selecao-brasileira-e-uma-ambicao\/","name":"Jorge Jesus admite desejo de dirigir a sele\u00e7\u00e3o brasileira: '\u00c9 uma ambi\u00e7\u00e3o' - Transam\u00e9rica Mococa 93,3","isPartOf":{"@id":"https:\/\/transamerica93.com.br\/home\/#website"},"primaryImageOfPage":{"@id":"https:\/\/transamerica93.com.br\/home\/jorge-jesus-admite-desejo-de-dirigir-a-selecao-brasileira-e-uma-ambicao\/#primaryimage"},"image":{"@id":"https:\/\/transamerica93.com.br\/home\/jorge-jesus-admite-desejo-de-dirigir-a-selecao-brasileira-e-uma-ambicao\/#primaryimage"},"thumbnailUrl":"https:\/\/transamerica93.com.br\/home\/wp-content\/uploads\/2024\/09\/jorgejesus.jpg","datePublished":"2024-10-02T15:00:20+00:00","breadcrumb":{"@id":"https:\/\/transamerica93.com.br\/home\/jorge-jesus-admite-desejo-de-dirigir-a-selecao-brasileira-e-uma-ambicao\/#breadcrumb"},"inLanguage":"pt-BR","potentialAction":[{"@type":"ReadAction","target":["https:\/\/transamerica93.com.br\/home\/jorge-jesus-admite-desejo-de-dirigir-a-selecao-brasileira-e-uma-ambicao\/"]}]},{"@type":"ImageObject","inLanguage":"pt-BR","@id":"https:\/\/transamerica93.com.br\/home\/jorge-jesus-admite-desejo-de-dirigir-a-selecao-brasileira-e-uma-ambicao\/#primaryimage","url":"https:\/\/transamerica93.com.br\/home\/wp-content\/uploads\/2024\/09\/jorgejesus.jpg","contentUrl":"https:\/\/transamerica93.com.br\/home\/wp-content\/uploads\/2024\/09\/jorgejesus.jpg","width":800,"height":500,"caption":"EFE\/EPA\/SEDAT SUNA"},{"@type":"BreadcrumbList","@id":"https:\/\/transamerica93.com.br\/home\/jorge-jesus-admite-desejo-de-dirigir-a-selecao-brasileira-e-uma-ambicao\/#breadcrumb","itemListElement":[{"@type":"ListItem","position":1,"name":"In\u00edcio","item":"https:\/\/transamerica93.com.br\/home\/"},{"@type":"ListItem","position":2,"name":"Jorge Jesus admite desejo de dirigir a sele\u00e7\u00e3o brasileira: &#8216;\u00c9 uma ambi\u00e7\u00e3o&#8217;"}]},{"@type":"WebSite","@id":"https:\/\/transamerica93.com.br\/home\/#website","url":"https:\/\/transamerica93.com.br\/home\/","name":"Transam\u00e9rica Mococa 93,3","description":"","publisher":{"@id":"https:\/\/transamerica93.com.br\/home\/#organization"},"potentialAction":[{"@type":"SearchAction","target":{"@type":"EntryPoint","urlTemplate":"https:\/\/transamerica93.com.br\/home\/?s={search_term_string}"},"query-input":{"@type":"PropertyValueSpecification","valueRequired":true,"valueName":"search_term_string"}}],"inLanguage":"pt-BR"},{"@type":"Organization","@id":"https:\/\/transamerica93.com.br\/home\/#organization","name":"Transam\u00e9rica Mococa 93,3","url":"https:\/\/transamerica93.com.br\/home\/","logo":{"@type":"ImageObject","inLanguage":"pt-BR","@id":"https:\/\/transamerica93.com.br\/home\/#\/schema\/logo\/image\/","url":"https:\/\/transamerica93.com.br\/home\/wp-content\/uploads\/2023\/10\/logo2.png","contentUrl":"https:\/\/transamerica93.com.br\/home\/wp-content\/uploads\/2023\/10\/logo2.png","width":800,"height":500,"caption":"Transam\u00e9rica Mococa 93,3"},"image":{"@id":"https:\/\/transamerica93.com.br\/home\/#\/schema\/logo\/image\/"},"sameAs":["https:\/\/www.facebook.com\/transamericamococa","https:\/\/x.com\/transamerica933","https:\/\/www.instagram.com\/transamericamococa"]},{"@type":"Person","@id":"https:\/\/transamerica93.com.br\/home\/#\/schema\/person\/7fed7c99c0d4562efa8561bc0f543172","name":"Reda\u00e7\u00e3o","image":{"@type":"ImageObject","inLanguage":"pt-BR","@id":"https:\/\/secure.gravatar.com\/avatar\/1072c6b775fb02ef8506ce967551d95926669a6b7d2c2147b42eea4d7c68395e?s=96&d=mm&r=g","url":"https:\/\/secure.gravatar.com\/avatar\/1072c6b775fb02ef8506ce967551d95926669a6b7d2c2147b42eea4d7c68395e?s=96&d=mm&r=g","contentUrl":"https:\/\/secure.gravatar.com\/avatar\/1072c6b775fb02ef8506ce967551d95926669a6b7d2c2147b42eea4d7c68395e?s=96&d=mm&r=g","caption":"Reda\u00e7\u00e3o"},"sameAs":["https:\/\/transamerica93.com.br\/home"],"url":"https:\/\/transamerica93.com.br\/home\/author\/william\/"}]}},"_links":{"self":[{"href":"https:\/\/transamerica93.com.br\/home\/wp-json\/wp\/v2\/posts\/3893","targetHints":{"allow":["GET"]}}],"collection":[{"href":"https:\/\/transamerica93.com.br\/home\/wp-json\/wp\/v2\/posts"}],"about":[{"href":"https:\/\/transamerica93.com.br\/home\/wp-json\/wp\/v2\/types\/post"}],"author":[{"embeddable":true,"href":"https:\/\/transamerica93.com.br\/home\/wp-json\/wp\/v2\/users\/1"}],"replies":[{"embeddable":true,"href":"https:\/\/transamerica93.com.br\/home\/wp-json\/wp\/v2\/comments?post=3893"}],"version-history":[{"count":1,"href":"https:\/\/transamerica93.com.br\/home\/wp-json\/wp\/v2\/posts\/3893\/revisions"}],"predecessor-version":[{"id":3895,"href":"https:\/\/transamerica93.com.br\/home\/wp-json\/wp\/v2\/posts\/3893\/revisions\/3895"}],"wp:featuredmedia":[{"embeddable":true,"href":"https:\/\/transamerica93.com.br\/home\/wp-json\/wp\/v2\/media\/3894"}],"wp:attachment":[{"href":"https:\/\/transamerica93.com.br\/home\/wp-json\/wp\/v2\/media?parent=3893"}],"wp:term":[{"taxonomy":"category","embeddable":true,"href":"https:\/\/transamerica93.com.br\/home\/wp-json\/wp\/v2\/categories?post=3893"},{"taxonomy":"post_tag","embeddable":true,"href":"https:\/\/transamerica93.com.br\/home\/wp-json\/wp\/v2\/tags?post=3893"}],"curies":[{"name":"wp","href":"https:\/\/api.w.org\/{rel}","templated":true}]}}