{"id":3930,"date":"2024-10-18T15:47:33","date_gmt":"2024-10-18T18:47:33","guid":{"rendered":"https:\/\/transamerica93.com.br\/home\/?p=3930"},"modified":"2024-10-18T15:47:33","modified_gmt":"2024-10-18T18:47:33","slug":"justica-de-sao-paulo-quer-ampliar-torcida-unica","status":"publish","type":"post","link":"https:\/\/transamerica93.com.br\/home\/justica-de-sao-paulo-quer-ampliar-torcida-unica\/","title":{"rendered":"Justi\u00e7a de S\u00e3o Paulo quer ampliar torcida \u00fanica"},"content":{"rendered":"<div class=\"conteudo-noticia\">\n<p>O Tribunal de Justi\u00e7a do estado de S\u00e3o Paulo (TJ-SP) deve encaminhar para an\u00e1lise na Confedera\u00e7\u00e3o Brasileira de Futebol (CBF) a proposta de ampliar a torcida \u00fanica, que \u00e9 aplicada em cl\u00e1ssicos paulistas, para outros jogos realizados no pa\u00eds. Uma das propostas que deve ser sugerida para a CBF \u00e9 que cl\u00e1ssicos interestaduais tamb\u00e9m contem apenas a presen\u00e7a de torcedores do time mandante.<img decoding=\"async\" data-src=\"https:\/\/agenciabrasil.ebc.com.br\/ebc.png?id=1616016&amp;o=node\" src=\"data:image\/svg+xml;base64,PHN2ZyB3aWR0aD0iMSIgaGVpZ2h0PSIxIiB4bWxucz0iaHR0cDovL3d3dy53My5vcmcvMjAwMC9zdmciPjwvc3ZnPg==\" class=\"lazyload\" \/><img decoding=\"async\" data-src=\"https:\/\/agenciabrasil.ebc.com.br\/ebc.gif?id=1616016&amp;o=node\" src=\"data:image\/svg+xml;base64,PHN2ZyB3aWR0aD0iMSIgaGVpZ2h0PSIxIiB4bWxucz0iaHR0cDovL3d3dy53My5vcmcvMjAwMC9zdmciPjwvc3ZnPg==\" class=\"lazyload\" \/><\/p>\n<p>O tema foi debatido na manh\u00e3 de hoje (18) no F\u00f3rum da Barra Funda, na capital paulista, e contou com a participa\u00e7\u00e3o de magistrados e representantes da Federa\u00e7\u00e3o Paulista de Futebol, das pol\u00edcias Civil e Militar, da Defensoria P\u00fablica e do Minist\u00e9rio P\u00fablico de S\u00e3o Paulo (MPSP). A ata do que foi discutido nessa reuni\u00e3o, informou o Tribunal de Justi\u00e7a, dever\u00e1 ser encaminhada \u00e0 CBF em breve.<\/p>\n<p>Em agosto, a\u00a0<a href=\"https:\/\/agenciabrasil.ebc.com.br\/esportes\/noticia\/2024-08\/justica-de-sp-avalia-ampliar-torcida-unica-em-jogos-de-futebol\" target=\"_blank\" rel=\"noopener\">amplia\u00e7\u00e3o da torcida \u00fanica<\/a>\u00a0para outros campeonatos realizados no estado de S\u00e3o Paulo j\u00e1 havia sido objeto de discuss\u00e3o por esses \u00f3rg\u00e3os.<\/p>\n<p><a href=\"https:\/\/agenciabrasil.ebc.com.br\/geral\/noticia\/2016-04\/classicos-do-futebol-paulista-terao-torcida-unica-apos-brigas-e-morte-de-idoso\" target=\"_blank\" rel=\"noopener\">Desde 2016<\/a>\u00a0h\u00e1 limita\u00e7\u00e3o de torcida \u00fanica em jogos que ocorrem no estado de S\u00e3o Paulo. Por essa regra, os cl\u00e1ssicos ocorridos em S\u00e3o Paulo contam com presen\u00e7a \u00fanica de torcedores do clube mandante do jogo. Atualmente, a regra tem sido aplicada para confrontos envolvendo os quatro grandes clubes de S\u00e3o Paulo &#8211; Palmeiras, Corinthians, S\u00e3o Paulo e Santos \u2013 al\u00e9m de jogos envolvendo Ponte Preta e Guarani, tradicionais clubes de Campinas (SP).<\/p>\n<p>Na reuni\u00e3o de hoje foi discutida a proposta de ampliar essa regra para cl\u00e1ssicos envolvendo tamb\u00e9m\u00a0times de estados diferentes, como Palmeiras e Flamengo. Falamos [na reuni\u00e3o de hoje] sobre a amplia\u00e7\u00e3o da torcida \u00fanica excepcionalmente em alguns jogos que s\u00e3o mais sens\u00edveis, em que h\u00e1 mais risco \u00e0 ordem p\u00fablica e \u00e0 integridade dos torcedores.<\/p>\n<p>&#8220;Tratamos especialmente do jogo entre Palmeiras e Flamengo, jogo que historicamente tem tido muitos problemas. Ent\u00e3o n\u00f3s estamos encaminhando uma sugest\u00e3o &#8211; que pode se tornar uma recomenda\u00e7\u00e3o &#8211; para que isso seja adotado em eventos futuros nacionais e internacionais aqui em S\u00e3o Paulo. Nossa sugest\u00e3o \u00e9 para que isso fosse adotado tamb\u00e9m em n\u00edvel nacional, mas ainda vamos falar com a CBF a respeito do assunto, uma vez que eles n\u00e3o participaram da reuni\u00e3o\u201d, disse o juiz Jos\u00e9 Fernando Steinberg, titular do Juizado Especial Criminal (Jecrim) e do Juizado Especial de Defesa do Torcedor de S\u00e3o Paulo.<\/p>\n<p>A proposta de amplia\u00e7\u00e3o de torcida \u00fanica que vem sendo discutida, refor\u00e7ou Steinberg, n\u00e3o valeria para todos os jogos de futebol. Ela funcionaria apenas para jogos em que poderia haver maior risco \u00e0 seguran\u00e7a do torcedor e envolveria at\u00e9 mesmo disputas internacionais, como a Libertadores. \u201cA torcida \u00fanica \u00e9 uma exce\u00e7\u00e3o. Ela \u00e9 como um rem\u00e9dio amargo, n\u00e3o \u00e9 para usar em qualquer tipo de doen\u00e7a. N\u00e3o estamos propondo torcida \u00fanica de maneira indiscriminada, n\u00e3o podemos ser mal interpretados. S\u00e3o casos espec\u00edficos onde haja um efetivo risco maior ou mais elevado para a seguran\u00e7a p\u00fablica\u201d, disse.<\/p>\n<p>Segundo o desembargador S\u00e9rgio Ant\u00f4nio Ribas, coordenador da Comiss\u00e3o do Juizado Especial do Torcedor, houve um consenso entre os participantes da reuni\u00e3o sobre a necessidade de haver torcidas \u00fanicas no futebol brasileiro. \u201cCom a torcida \u00fanica, h\u00e1 uma seguran\u00e7a para as fam\u00edlias e os torcedores em garantir que, indo ao est\u00e1dio, n\u00e3o ser\u00e3o agredidos. Temos constatado que a presen\u00e7a de somente uma torcida tem garantido o bem-estar para a coletividade. Houve diminui\u00e7\u00e3o gradativa das infra\u00e7\u00f5es, as viol\u00eancias tamb\u00e9m est\u00e3o minorizadas&#8221;.\u00a0 Ele acrescentou que \u201cpara que essa situa\u00e7\u00e3o de tranquilidade ocorra, um dos temas da nossa reuni\u00e3o foi externar [a proposta de] torcida \u00fanica para jogos interestaduais e, qui\u00e7\u00e1, internacionais. N\u00f3s n\u00e3o deliberamos nada, mas trocamos ideias, onde houve uma uniformidade de posicionamento. Queremos entrar em contato com a CBF e com outros estados para a realiza\u00e7\u00e3o de torcidas \u00fanicas.\u201d<\/p>\n<p>Outro tema discutido durante a reuni\u00e3o de hoje foi sobre o respeito \u00e0 execu\u00e7\u00e3o do Hino Nacional Brasileiro durante as partidas de futebol. Segundo Ribas, torcedores e clubes t\u00eam feito brincadeiras e entoado outras can\u00e7\u00f5es durante a execu\u00e7\u00e3o do hino e eles estudam a aplica\u00e7\u00e3o de algum tipo de puni\u00e7\u00e3o como perda de ponto ou de mando de campo para quando isso voltar a ocorrer. \u201cN\u00f3s precisamos respeitar o Hino Nacional. \u00c9 um dos alicerces da demonstra\u00e7\u00e3o do patriotismo o respeito para com o Hino Nacional. E n\u00e3o \u00e9 admiss\u00edvel que ele seja desrespeitado por uma ou outra torcida. Ent\u00e3o, h\u00e1 um trabalho de todas as institui\u00e7\u00f5es para que n\u00f3s resgatemos a respeitabilidade para com o Hino Nacional\u201d, disse Ribas.<\/p>\n<p>Uma nova reuni\u00e3o entre os \u00f3rg\u00e3os para discutir o tema da torcida \u00fanica nos est\u00e1dios est\u00e1 agendada para o dia 2 de dezembro.<\/p>\n<div class=\"noticias-relacionadas rel-position rowflex\"><\/div>\n<\/div>\n<div class=\"footer-noticia\">\n<div class=\"editor rowflex\">\n<div class=\"nome-editor\">Val\u00e9ria Aguiar<\/div>\n<\/div>\n<\/div>\n","protected":false},"excerpt":{"rendered":"<p>O Tribunal de Justi\u00e7a do estado de S\u00e3o Paulo (TJ-SP) deve encaminhar para an\u00e1lise na Confedera\u00e7\u00e3o Brasileira de Futebol (CBF) a proposta de ampliar a torcida \u00fanica, que \u00e9 aplicada em cl\u00e1ssicos paulistas, para outros jogos realizados no pa\u00eds. Uma das propostas que deve ser sugerida para a CBF \u00e9 que cl\u00e1ssicos interestaduais tamb\u00e9m contem &hellip;<\/p>\n","protected":false},"author":1,"featured_media":3931,"comment_status":"closed","ping_status":"closed","sticky":false,"template":"","format":"standard","meta":{"footnotes":""},"categories":[31],"tags":[],"class_list":["post-3930","post","type-post","status-publish","format-standard","has-post-thumbnail","hentry","category-esportes"],"yoast_head":"<!-- This site is optimized with the Yoast SEO plugin v27.4 - https:\/\/yoast.com\/product\/yoast-seo-wordpress\/ -->\n<title>Justi\u00e7a de S\u00e3o Paulo quer ampliar torcida \u00fanica - Transam\u00e9rica Mococa 93,3<\/title>\n<meta name=\"robots\" content=\"index, follow, max-snippet:-1, max-image-preview:large, max-video-preview:-1\" \/>\n<link rel=\"canonical\" href=\"https:\/\/transamerica93.com.br\/home\/justica-de-sao-paulo-quer-ampliar-torcida-unica\/\" \/>\n<meta property=\"og:locale\" content=\"pt_BR\" \/>\n<meta property=\"og:type\" content=\"article\" \/>\n<meta property=\"og:title\" content=\"Justi\u00e7a de S\u00e3o Paulo quer ampliar torcida \u00fanica - Transam\u00e9rica Mococa 93,3\" \/>\n<meta property=\"og:description\" content=\"O Tribunal de Justi\u00e7a do estado de S\u00e3o Paulo (TJ-SP) deve encaminhar para an\u00e1lise na Confedera\u00e7\u00e3o Brasileira de Futebol (CBF) a proposta de ampliar a torcida \u00fanica, que \u00e9 aplicada em cl\u00e1ssicos paulistas, para outros jogos realizados no pa\u00eds. Uma das propostas que deve ser sugerida para a CBF \u00e9 que cl\u00e1ssicos interestaduais tamb\u00e9m contem &hellip;\" \/>\n<meta property=\"og:url\" content=\"https:\/\/transamerica93.com.br\/home\/justica-de-sao-paulo-quer-ampliar-torcida-unica\/\" \/>\n<meta property=\"og:site_name\" content=\"Transam\u00e9rica Mococa 93,3\" \/>\n<meta property=\"article:publisher\" content=\"https:\/\/www.facebook.com\/transamericamococa\" \/>\n<meta property=\"article:published_time\" content=\"2024-10-18T18:47:33+00:00\" \/>\n<meta property=\"og:image\" content=\"https:\/\/transamerica93.com.br\/home\/wp-content\/uploads\/2024\/10\/1-2.jpg\" \/>\n\t<meta property=\"og:image:width\" content=\"800\" \/>\n\t<meta property=\"og:image:height\" content=\"500\" \/>\n\t<meta property=\"og:image:type\" content=\"image\/jpeg\" \/>\n<meta name=\"author\" content=\"Reda\u00e7\u00e3o\" \/>\n<meta name=\"twitter:card\" content=\"summary_large_image\" \/>\n<meta name=\"twitter:creator\" content=\"@transamerica933\" \/>\n<meta name=\"twitter:site\" content=\"@transamerica933\" \/>\n<meta name=\"twitter:label1\" content=\"Escrito por\" \/>\n\t<meta name=\"twitter:data1\" content=\"Reda\u00e7\u00e3o\" \/>\n\t<meta name=\"twitter:label2\" content=\"Est. tempo de leitura\" \/>\n\t<meta name=\"twitter:data2\" content=\"5 minutos\" \/>\n<script type=\"application\/ld+json\" class=\"yoast-schema-graph\">{\"@context\":\"https:\\\/\\\/schema.org\",\"@graph\":[{\"@type\":\"Article\",\"@id\":\"https:\\\/\\\/transamerica93.com.br\\\/home\\\/justica-de-sao-paulo-quer-ampliar-torcida-unica\\\/#article\",\"isPartOf\":{\"@id\":\"https:\\\/\\\/transamerica93.com.br\\\/home\\\/justica-de-sao-paulo-quer-ampliar-torcida-unica\\\/\"},\"author\":{\"name\":\"Reda\u00e7\u00e3o\",\"@id\":\"https:\\\/\\\/transamerica93.com.br\\\/home\\\/#\\\/schema\\\/person\\\/7fed7c99c0d4562efa8561bc0f543172\"},\"headline\":\"Justi\u00e7a de S\u00e3o Paulo quer ampliar torcida \u00fanica\",\"datePublished\":\"2024-10-18T18:47:33+00:00\",\"mainEntityOfPage\":{\"@id\":\"https:\\\/\\\/transamerica93.com.br\\\/home\\\/justica-de-sao-paulo-quer-ampliar-torcida-unica\\\/\"},\"wordCount\":857,\"publisher\":{\"@id\":\"https:\\\/\\\/transamerica93.com.br\\\/home\\\/#organization\"},\"image\":{\"@id\":\"https:\\\/\\\/transamerica93.com.br\\\/home\\\/justica-de-sao-paulo-quer-ampliar-torcida-unica\\\/#primaryimage\"},\"thumbnailUrl\":\"https:\\\/\\\/transamerica93.com.br\\\/home\\\/wp-content\\\/uploads\\\/2024\\\/10\\\/1-2.jpg\",\"articleSection\":[\"Esportes\"],\"inLanguage\":\"pt-BR\"},{\"@type\":\"WebPage\",\"@id\":\"https:\\\/\\\/transamerica93.com.br\\\/home\\\/justica-de-sao-paulo-quer-ampliar-torcida-unica\\\/\",\"url\":\"https:\\\/\\\/transamerica93.com.br\\\/home\\\/justica-de-sao-paulo-quer-ampliar-torcida-unica\\\/\",\"name\":\"Justi\u00e7a de S\u00e3o Paulo quer ampliar torcida \u00fanica - Transam\u00e9rica Mococa 93,3\",\"isPartOf\":{\"@id\":\"https:\\\/\\\/transamerica93.com.br\\\/home\\\/#website\"},\"primaryImageOfPage\":{\"@id\":\"https:\\\/\\\/transamerica93.com.br\\\/home\\\/justica-de-sao-paulo-quer-ampliar-torcida-unica\\\/#primaryimage\"},\"image\":{\"@id\":\"https:\\\/\\\/transamerica93.com.br\\\/home\\\/justica-de-sao-paulo-quer-ampliar-torcida-unica\\\/#primaryimage\"},\"thumbnailUrl\":\"https:\\\/\\\/transamerica93.com.br\\\/home\\\/wp-content\\\/uploads\\\/2024\\\/10\\\/1-2.jpg\",\"datePublished\":\"2024-10-18T18:47:33+00:00\",\"breadcrumb\":{\"@id\":\"https:\\\/\\\/transamerica93.com.br\\\/home\\\/justica-de-sao-paulo-quer-ampliar-torcida-unica\\\/#breadcrumb\"},\"inLanguage\":\"pt-BR\",\"potentialAction\":[{\"@type\":\"ReadAction\",\"target\":[\"https:\\\/\\\/transamerica93.com.br\\\/home\\\/justica-de-sao-paulo-quer-ampliar-torcida-unica\\\/\"]}]},{\"@type\":\"ImageObject\",\"inLanguage\":\"pt-BR\",\"@id\":\"https:\\\/\\\/transamerica93.com.br\\\/home\\\/justica-de-sao-paulo-quer-ampliar-torcida-unica\\\/#primaryimage\",\"url\":\"https:\\\/\\\/transamerica93.com.br\\\/home\\\/wp-content\\\/uploads\\\/2024\\\/10\\\/1-2.jpg\",\"contentUrl\":\"https:\\\/\\\/transamerica93.com.br\\\/home\\\/wp-content\\\/uploads\\\/2024\\\/10\\\/1-2.jpg\",\"width\":800,\"height\":500,\"caption\":\"\u00a9 Hely Maia \\\/ Goi\u00e1s E.C.\"},{\"@type\":\"BreadcrumbList\",\"@id\":\"https:\\\/\\\/transamerica93.com.br\\\/home\\\/justica-de-sao-paulo-quer-ampliar-torcida-unica\\\/#breadcrumb\",\"itemListElement\":[{\"@type\":\"ListItem\",\"position\":1,\"name\":\"In\u00edcio\",\"item\":\"https:\\\/\\\/transamerica93.com.br\\\/home\\\/\"},{\"@type\":\"ListItem\",\"position\":2,\"name\":\"Justi\u00e7a de S\u00e3o Paulo quer ampliar torcida \u00fanica\"}]},{\"@type\":\"WebSite\",\"@id\":\"https:\\\/\\\/transamerica93.com.br\\\/home\\\/#website\",\"url\":\"https:\\\/\\\/transamerica93.com.br\\\/home\\\/\",\"name\":\"Transam\u00e9rica Mococa 93,3\",\"description\":\"\",\"publisher\":{\"@id\":\"https:\\\/\\\/transamerica93.com.br\\\/home\\\/#organization\"},\"potentialAction\":[{\"@type\":\"SearchAction\",\"target\":{\"@type\":\"EntryPoint\",\"urlTemplate\":\"https:\\\/\\\/transamerica93.com.br\\\/home\\\/?s={search_term_string}\"},\"query-input\":{\"@type\":\"PropertyValueSpecification\",\"valueRequired\":true,\"valueName\":\"search_term_string\"}}],\"inLanguage\":\"pt-BR\"},{\"@type\":\"Organization\",\"@id\":\"https:\\\/\\\/transamerica93.com.br\\\/home\\\/#organization\",\"name\":\"Transam\u00e9rica Mococa 93,3\",\"url\":\"https:\\\/\\\/transamerica93.com.br\\\/home\\\/\",\"logo\":{\"@type\":\"ImageObject\",\"inLanguage\":\"pt-BR\",\"@id\":\"https:\\\/\\\/transamerica93.com.br\\\/home\\\/#\\\/schema\\\/logo\\\/image\\\/\",\"url\":\"https:\\\/\\\/transamerica93.com.br\\\/home\\\/wp-content\\\/uploads\\\/2023\\\/10\\\/logo2.png\",\"contentUrl\":\"https:\\\/\\\/transamerica93.com.br\\\/home\\\/wp-content\\\/uploads\\\/2023\\\/10\\\/logo2.png\",\"width\":800,\"height\":500,\"caption\":\"Transam\u00e9rica Mococa 93,3\"},\"image\":{\"@id\":\"https:\\\/\\\/transamerica93.com.br\\\/home\\\/#\\\/schema\\\/logo\\\/image\\\/\"},\"sameAs\":[\"https:\\\/\\\/www.facebook.com\\\/transamericamococa\",\"https:\\\/\\\/x.com\\\/transamerica933\",\"https:\\\/\\\/www.instagram.com\\\/transamericamococa\"]},{\"@type\":\"Person\",\"@id\":\"https:\\\/\\\/transamerica93.com.br\\\/home\\\/#\\\/schema\\\/person\\\/7fed7c99c0d4562efa8561bc0f543172\",\"name\":\"Reda\u00e7\u00e3o\",\"image\":{\"@type\":\"ImageObject\",\"inLanguage\":\"pt-BR\",\"@id\":\"https:\\\/\\\/secure.gravatar.com\\\/avatar\\\/1072c6b775fb02ef8506ce967551d95926669a6b7d2c2147b42eea4d7c68395e?s=96&d=mm&r=g\",\"url\":\"https:\\\/\\\/secure.gravatar.com\\\/avatar\\\/1072c6b775fb02ef8506ce967551d95926669a6b7d2c2147b42eea4d7c68395e?s=96&d=mm&r=g\",\"contentUrl\":\"https:\\\/\\\/secure.gravatar.com\\\/avatar\\\/1072c6b775fb02ef8506ce967551d95926669a6b7d2c2147b42eea4d7c68395e?s=96&d=mm&r=g\",\"caption\":\"Reda\u00e7\u00e3o\"},\"sameAs\":[\"https:\\\/\\\/transamerica93.com.br\\\/home\"],\"url\":\"https:\\\/\\\/transamerica93.com.br\\\/home\\\/author\\\/william\\\/\"}]}<\/script>\n<!-- \/ Yoast SEO plugin. -->","yoast_head_json":{"title":"Justi\u00e7a de S\u00e3o Paulo quer ampliar torcida \u00fanica - Transam\u00e9rica Mococa 93,3","robots":{"index":"index","follow":"follow","max-snippet":"max-snippet:-1","max-image-preview":"max-image-preview:large","max-video-preview":"max-video-preview:-1"},"canonical":"https:\/\/transamerica93.com.br\/home\/justica-de-sao-paulo-quer-ampliar-torcida-unica\/","og_locale":"pt_BR","og_type":"article","og_title":"Justi\u00e7a de S\u00e3o Paulo quer ampliar torcida \u00fanica - Transam\u00e9rica Mococa 93,3","og_description":"O Tribunal de Justi\u00e7a do estado de S\u00e3o Paulo (TJ-SP) deve encaminhar para an\u00e1lise na Confedera\u00e7\u00e3o Brasileira de Futebol (CBF) a proposta de ampliar a torcida \u00fanica, que \u00e9 aplicada em cl\u00e1ssicos paulistas, para outros jogos realizados no pa\u00eds. Uma das propostas que deve ser sugerida para a CBF \u00e9 que cl\u00e1ssicos interestaduais tamb\u00e9m contem &hellip;","og_url":"https:\/\/transamerica93.com.br\/home\/justica-de-sao-paulo-quer-ampliar-torcida-unica\/","og_site_name":"Transam\u00e9rica Mococa 93,3","article_publisher":"https:\/\/www.facebook.com\/transamericamococa","article_published_time":"2024-10-18T18:47:33+00:00","og_image":[{"width":800,"height":500,"url":"https:\/\/transamerica93.com.br\/home\/wp-content\/uploads\/2024\/10\/1-2.jpg","type":"image\/jpeg"}],"author":"Reda\u00e7\u00e3o","twitter_card":"summary_large_image","twitter_creator":"@transamerica933","twitter_site":"@transamerica933","twitter_misc":{"Escrito por":"Reda\u00e7\u00e3o","Est. tempo de leitura":"5 minutos"},"schema":{"@context":"https:\/\/schema.org","@graph":[{"@type":"Article","@id":"https:\/\/transamerica93.com.br\/home\/justica-de-sao-paulo-quer-ampliar-torcida-unica\/#article","isPartOf":{"@id":"https:\/\/transamerica93.com.br\/home\/justica-de-sao-paulo-quer-ampliar-torcida-unica\/"},"author":{"name":"Reda\u00e7\u00e3o","@id":"https:\/\/transamerica93.com.br\/home\/#\/schema\/person\/7fed7c99c0d4562efa8561bc0f543172"},"headline":"Justi\u00e7a de S\u00e3o Paulo quer ampliar torcida \u00fanica","datePublished":"2024-10-18T18:47:33+00:00","mainEntityOfPage":{"@id":"https:\/\/transamerica93.com.br\/home\/justica-de-sao-paulo-quer-ampliar-torcida-unica\/"},"wordCount":857,"publisher":{"@id":"https:\/\/transamerica93.com.br\/home\/#organization"},"image":{"@id":"https:\/\/transamerica93.com.br\/home\/justica-de-sao-paulo-quer-ampliar-torcida-unica\/#primaryimage"},"thumbnailUrl":"https:\/\/transamerica93.com.br\/home\/wp-content\/uploads\/2024\/10\/1-2.jpg","articleSection":["Esportes"],"inLanguage":"pt-BR"},{"@type":"WebPage","@id":"https:\/\/transamerica93.com.br\/home\/justica-de-sao-paulo-quer-ampliar-torcida-unica\/","url":"https:\/\/transamerica93.com.br\/home\/justica-de-sao-paulo-quer-ampliar-torcida-unica\/","name":"Justi\u00e7a de S\u00e3o Paulo quer ampliar torcida \u00fanica - Transam\u00e9rica Mococa 93,3","isPartOf":{"@id":"https:\/\/transamerica93.com.br\/home\/#website"},"primaryImageOfPage":{"@id":"https:\/\/transamerica93.com.br\/home\/justica-de-sao-paulo-quer-ampliar-torcida-unica\/#primaryimage"},"image":{"@id":"https:\/\/transamerica93.com.br\/home\/justica-de-sao-paulo-quer-ampliar-torcida-unica\/#primaryimage"},"thumbnailUrl":"https:\/\/transamerica93.com.br\/home\/wp-content\/uploads\/2024\/10\/1-2.jpg","datePublished":"2024-10-18T18:47:33+00:00","breadcrumb":{"@id":"https:\/\/transamerica93.com.br\/home\/justica-de-sao-paulo-quer-ampliar-torcida-unica\/#breadcrumb"},"inLanguage":"pt-BR","potentialAction":[{"@type":"ReadAction","target":["https:\/\/transamerica93.com.br\/home\/justica-de-sao-paulo-quer-ampliar-torcida-unica\/"]}]},{"@type":"ImageObject","inLanguage":"pt-BR","@id":"https:\/\/transamerica93.com.br\/home\/justica-de-sao-paulo-quer-ampliar-torcida-unica\/#primaryimage","url":"https:\/\/transamerica93.com.br\/home\/wp-content\/uploads\/2024\/10\/1-2.jpg","contentUrl":"https:\/\/transamerica93.com.br\/home\/wp-content\/uploads\/2024\/10\/1-2.jpg","width":800,"height":500,"caption":"\u00a9 Hely Maia \/ Goi\u00e1s E.C."},{"@type":"BreadcrumbList","@id":"https:\/\/transamerica93.com.br\/home\/justica-de-sao-paulo-quer-ampliar-torcida-unica\/#breadcrumb","itemListElement":[{"@type":"ListItem","position":1,"name":"In\u00edcio","item":"https:\/\/transamerica93.com.br\/home\/"},{"@type":"ListItem","position":2,"name":"Justi\u00e7a de S\u00e3o Paulo quer ampliar torcida \u00fanica"}]},{"@type":"WebSite","@id":"https:\/\/transamerica93.com.br\/home\/#website","url":"https:\/\/transamerica93.com.br\/home\/","name":"Transam\u00e9rica Mococa 93,3","description":"","publisher":{"@id":"https:\/\/transamerica93.com.br\/home\/#organization"},"potentialAction":[{"@type":"SearchAction","target":{"@type":"EntryPoint","urlTemplate":"https:\/\/transamerica93.com.br\/home\/?s={search_term_string}"},"query-input":{"@type":"PropertyValueSpecification","valueRequired":true,"valueName":"search_term_string"}}],"inLanguage":"pt-BR"},{"@type":"Organization","@id":"https:\/\/transamerica93.com.br\/home\/#organization","name":"Transam\u00e9rica Mococa 93,3","url":"https:\/\/transamerica93.com.br\/home\/","logo":{"@type":"ImageObject","inLanguage":"pt-BR","@id":"https:\/\/transamerica93.com.br\/home\/#\/schema\/logo\/image\/","url":"https:\/\/transamerica93.com.br\/home\/wp-content\/uploads\/2023\/10\/logo2.png","contentUrl":"https:\/\/transamerica93.com.br\/home\/wp-content\/uploads\/2023\/10\/logo2.png","width":800,"height":500,"caption":"Transam\u00e9rica Mococa 93,3"},"image":{"@id":"https:\/\/transamerica93.com.br\/home\/#\/schema\/logo\/image\/"},"sameAs":["https:\/\/www.facebook.com\/transamericamococa","https:\/\/x.com\/transamerica933","https:\/\/www.instagram.com\/transamericamococa"]},{"@type":"Person","@id":"https:\/\/transamerica93.com.br\/home\/#\/schema\/person\/7fed7c99c0d4562efa8561bc0f543172","name":"Reda\u00e7\u00e3o","image":{"@type":"ImageObject","inLanguage":"pt-BR","@id":"https:\/\/secure.gravatar.com\/avatar\/1072c6b775fb02ef8506ce967551d95926669a6b7d2c2147b42eea4d7c68395e?s=96&d=mm&r=g","url":"https:\/\/secure.gravatar.com\/avatar\/1072c6b775fb02ef8506ce967551d95926669a6b7d2c2147b42eea4d7c68395e?s=96&d=mm&r=g","contentUrl":"https:\/\/secure.gravatar.com\/avatar\/1072c6b775fb02ef8506ce967551d95926669a6b7d2c2147b42eea4d7c68395e?s=96&d=mm&r=g","caption":"Reda\u00e7\u00e3o"},"sameAs":["https:\/\/transamerica93.com.br\/home"],"url":"https:\/\/transamerica93.com.br\/home\/author\/william\/"}]}},"_links":{"self":[{"href":"https:\/\/transamerica93.com.br\/home\/wp-json\/wp\/v2\/posts\/3930","targetHints":{"allow":["GET"]}}],"collection":[{"href":"https:\/\/transamerica93.com.br\/home\/wp-json\/wp\/v2\/posts"}],"about":[{"href":"https:\/\/transamerica93.com.br\/home\/wp-json\/wp\/v2\/types\/post"}],"author":[{"embeddable":true,"href":"https:\/\/transamerica93.com.br\/home\/wp-json\/wp\/v2\/users\/1"}],"replies":[{"embeddable":true,"href":"https:\/\/transamerica93.com.br\/home\/wp-json\/wp\/v2\/comments?post=3930"}],"version-history":[{"count":1,"href":"https:\/\/transamerica93.com.br\/home\/wp-json\/wp\/v2\/posts\/3930\/revisions"}],"predecessor-version":[{"id":3932,"href":"https:\/\/transamerica93.com.br\/home\/wp-json\/wp\/v2\/posts\/3930\/revisions\/3932"}],"wp:featuredmedia":[{"embeddable":true,"href":"https:\/\/transamerica93.com.br\/home\/wp-json\/wp\/v2\/media\/3931"}],"wp:attachment":[{"href":"https:\/\/transamerica93.com.br\/home\/wp-json\/wp\/v2\/media?parent=3930"}],"wp:term":[{"taxonomy":"category","embeddable":true,"href":"https:\/\/transamerica93.com.br\/home\/wp-json\/wp\/v2\/categories?post=3930"},{"taxonomy":"post_tag","embeddable":true,"href":"https:\/\/transamerica93.com.br\/home\/wp-json\/wp\/v2\/tags?post=3930"}],"curies":[{"name":"wp","href":"https:\/\/api.w.org\/{rel}","templated":true}]}}