{"id":3933,"date":"2024-10-18T15:50:09","date_gmt":"2024-10-18T18:50:09","guid":{"rendered":"https:\/\/transamerica93.com.br\/home\/?p=3933"},"modified":"2024-10-18T15:50:09","modified_gmt":"2024-10-18T18:50:09","slug":"pedro-cardoso-critica-os-artistas-sertanejos-de-hoje-musica-do-fascismo-brasileiro","status":"publish","type":"post","link":"https:\/\/transamerica93.com.br\/home\/pedro-cardoso-critica-os-artistas-sertanejos-de-hoje-musica-do-fascismo-brasileiro\/","title":{"rendered":"Pedro Cardoso critica os artistas sertanejos de hoje: &#8216;m\u00fasica do fascismo brasileiro&#8217;"},"content":{"rendered":"<div id=\"Corpo\">Por Reda\u00e7\u00e3o O Estado de S. Paulo<\/p>\n<p>O ator Pedro Cardoso criticou a m\u00fasica sertaneja durante participa\u00e7\u00e3o no programa\u00a0<i>Do Bom e do Melhor<\/i>, da R\u00e1dio Bandeirantes. A entrevista foi transmitida h\u00e1 tr\u00eas semanas, mas o trecho em quest\u00e3o viralizou nas redes sociais nos \u00faltimos dias<\/p>\n<p>No trecho, o ator diz considerar que as produ\u00e7\u00f5es sertanejas de hoje s\u00e3o &#8220;mon\u00f3tonas&#8221; e &#8220;a m\u00fasica do fascismo brasileiro&#8221;, sem artistas verdadeiros por tr\u00e1s.<\/p>\n<p>Para ele, \u00e9 injusto nomear como sertanejo as atuais produ\u00e7\u00f5es de sucesso do segmento. &#8220;Sertanejo \u00e9 No Rancho Fundo, que cantava os temas do sert\u00e3o. O que se tem agora \u00e9 [uma m\u00fasica sobre] ser corno ou n\u00e3o ser corno; de minha namorada me largou, ou eu larguei minha namorada; a gente se ama, a gente n\u00e3o se ama&#8221;, come\u00e7ou o int\u00e9rprete de Agostinho Carrara, de\u00a0<i>A Grande Fam\u00edlia<\/i>.<\/p>\n<p>Na vis\u00e3o de Cardoso, a m\u00fasica sertaneja brasileira do momento seria uma influ\u00eancia dos Estados Unidos. &#8220;Esses comerciantes agr\u00edcolas brasileiros s\u00e3o muito apegados \u00e0 cultura estadunidense, e como l\u00e1 h\u00e1 o country, que seria o equivalente, eles importaram, inclusive, o layout dos megashows deles e a est\u00e9tica. Perdeu todas as caracter\u00edsticas brasileiras&#8221;, disparou<\/p>\n<p>O ator disse ainda que, apesar do sertanejo contar com personalidades que sabem cantar e produtores capazes de reproduzir a sonoridade do estilo, &#8220;n\u00e3o sei se tem algum artista verdadeiro ali, sinceramente&#8221;.<\/p>\n<p>Sua cr\u00edtica \u00e9 quanto \u00e0 tem\u00e1tica. &#8220;Na minha opini\u00e3o, \u00e9 completamente mon\u00f3tona e de baix\u00edssima inspira\u00e7\u00e3o. N\u00e3o \u00e9 \u00e0 toa que essa \u00e9 a express\u00e3o do fascismo brasileiro, uma m\u00fasica vazia, sobre nada, sobre ser corno ou n\u00e3o ser corno. \u00c9 uma obsess\u00e3o com a masculinidade que \u00e9 caracter\u00edstica dos autoritarismos&#8221;, completou ele.<\/p><\/div>\n","protected":false},"excerpt":{"rendered":"<p>Por Reda\u00e7\u00e3o O Estado de S. Paulo O ator Pedro Cardoso criticou a m\u00fasica sertaneja durante participa\u00e7\u00e3o no programa\u00a0Do Bom e do Melhor, da R\u00e1dio Bandeirantes. A entrevista foi transmitida h\u00e1 tr\u00eas semanas, mas o trecho em quest\u00e3o viralizou nas redes sociais nos \u00faltimos dias No trecho, o ator diz considerar que as produ\u00e7\u00f5es sertanejas &hellip;<\/p>\n","protected":false},"author":1,"featured_media":3934,"comment_status":"closed","ping_status":"closed","sticky":false,"template":"","format":"standard","meta":{"footnotes":""},"categories":[24],"tags":[],"class_list":["post-3933","post","type-post","status-publish","format-standard","has-post-thumbnail","hentry","category-entretenimento"],"yoast_head":"<!-- This site is optimized with the Yoast SEO plugin v27.4 - https:\/\/yoast.com\/product\/yoast-seo-wordpress\/ -->\n<title>Pedro Cardoso critica os artistas sertanejos de hoje: &#039;m\u00fasica do fascismo brasileiro&#039; - Transam\u00e9rica Mococa 93,3<\/title>\n<meta name=\"robots\" content=\"index, follow, max-snippet:-1, max-image-preview:large, max-video-preview:-1\" \/>\n<link rel=\"canonical\" href=\"https:\/\/transamerica93.com.br\/home\/pedro-cardoso-critica-os-artistas-sertanejos-de-hoje-musica-do-fascismo-brasileiro\/\" \/>\n<meta property=\"og:locale\" content=\"pt_BR\" \/>\n<meta property=\"og:type\" content=\"article\" \/>\n<meta property=\"og:title\" content=\"Pedro Cardoso critica os artistas sertanejos de hoje: &#039;m\u00fasica do fascismo brasileiro&#039; - Transam\u00e9rica Mococa 93,3\" \/>\n<meta property=\"og:description\" content=\"Por Reda\u00e7\u00e3o O Estado de S. Paulo O ator Pedro Cardoso criticou a m\u00fasica sertaneja durante participa\u00e7\u00e3o no programa\u00a0Do Bom e do Melhor, da R\u00e1dio Bandeirantes. A entrevista foi transmitida h\u00e1 tr\u00eas semanas, mas o trecho em quest\u00e3o viralizou nas redes sociais nos \u00faltimos dias No trecho, o ator diz considerar que as produ\u00e7\u00f5es sertanejas &hellip;\" \/>\n<meta property=\"og:url\" content=\"https:\/\/transamerica93.com.br\/home\/pedro-cardoso-critica-os-artistas-sertanejos-de-hoje-musica-do-fascismo-brasileiro\/\" \/>\n<meta property=\"og:site_name\" content=\"Transam\u00e9rica Mococa 93,3\" \/>\n<meta property=\"article:publisher\" content=\"https:\/\/www.facebook.com\/transamericamococa\" \/>\n<meta property=\"article:published_time\" content=\"2024-10-18T18:50:09+00:00\" \/>\n<meta property=\"og:image\" content=\"https:\/\/transamerica93.com.br\/home\/wp-content\/uploads\/2024\/10\/1-3.jpg\" \/>\n\t<meta property=\"og:image:width\" content=\"800\" \/>\n\t<meta property=\"og:image:height\" content=\"500\" \/>\n\t<meta property=\"og:image:type\" content=\"image\/jpeg\" \/>\n<meta name=\"author\" content=\"Reda\u00e7\u00e3o\" \/>\n<meta name=\"twitter:card\" content=\"summary_large_image\" \/>\n<meta name=\"twitter:creator\" content=\"@transamerica933\" \/>\n<meta name=\"twitter:site\" content=\"@transamerica933\" \/>\n<meta name=\"twitter:label1\" content=\"Escrito por\" \/>\n\t<meta name=\"twitter:data1\" content=\"Reda\u00e7\u00e3o\" \/>\n\t<meta name=\"twitter:label2\" content=\"Est. tempo de leitura\" \/>\n\t<meta name=\"twitter:data2\" content=\"2 minutos\" \/>\n<script type=\"application\/ld+json\" class=\"yoast-schema-graph\">{\"@context\":\"https:\\\/\\\/schema.org\",\"@graph\":[{\"@type\":\"Article\",\"@id\":\"https:\\\/\\\/transamerica93.com.br\\\/home\\\/pedro-cardoso-critica-os-artistas-sertanejos-de-hoje-musica-do-fascismo-brasileiro\\\/#article\",\"isPartOf\":{\"@id\":\"https:\\\/\\\/transamerica93.com.br\\\/home\\\/pedro-cardoso-critica-os-artistas-sertanejos-de-hoje-musica-do-fascismo-brasileiro\\\/\"},\"author\":{\"name\":\"Reda\u00e7\u00e3o\",\"@id\":\"https:\\\/\\\/transamerica93.com.br\\\/home\\\/#\\\/schema\\\/person\\\/7fed7c99c0d4562efa8561bc0f543172\"},\"headline\":\"Pedro Cardoso critica os artistas sertanejos de hoje: &#8216;m\u00fasica do fascismo brasileiro&#8217;\",\"datePublished\":\"2024-10-18T18:50:09+00:00\",\"mainEntityOfPage\":{\"@id\":\"https:\\\/\\\/transamerica93.com.br\\\/home\\\/pedro-cardoso-critica-os-artistas-sertanejos-de-hoje-musica-do-fascismo-brasileiro\\\/\"},\"wordCount\":318,\"publisher\":{\"@id\":\"https:\\\/\\\/transamerica93.com.br\\\/home\\\/#organization\"},\"image\":{\"@id\":\"https:\\\/\\\/transamerica93.com.br\\\/home\\\/pedro-cardoso-critica-os-artistas-sertanejos-de-hoje-musica-do-fascismo-brasileiro\\\/#primaryimage\"},\"thumbnailUrl\":\"https:\\\/\\\/transamerica93.com.br\\\/home\\\/wp-content\\\/uploads\\\/2024\\\/10\\\/1-3.jpg\",\"articleSection\":[\"Entretenimento\"],\"inLanguage\":\"pt-BR\"},{\"@type\":\"WebPage\",\"@id\":\"https:\\\/\\\/transamerica93.com.br\\\/home\\\/pedro-cardoso-critica-os-artistas-sertanejos-de-hoje-musica-do-fascismo-brasileiro\\\/\",\"url\":\"https:\\\/\\\/transamerica93.com.br\\\/home\\\/pedro-cardoso-critica-os-artistas-sertanejos-de-hoje-musica-do-fascismo-brasileiro\\\/\",\"name\":\"Pedro Cardoso critica os artistas sertanejos de hoje: 'm\u00fasica do fascismo brasileiro' - Transam\u00e9rica Mococa 93,3\",\"isPartOf\":{\"@id\":\"https:\\\/\\\/transamerica93.com.br\\\/home\\\/#website\"},\"primaryImageOfPage\":{\"@id\":\"https:\\\/\\\/transamerica93.com.br\\\/home\\\/pedro-cardoso-critica-os-artistas-sertanejos-de-hoje-musica-do-fascismo-brasileiro\\\/#primaryimage\"},\"image\":{\"@id\":\"https:\\\/\\\/transamerica93.com.br\\\/home\\\/pedro-cardoso-critica-os-artistas-sertanejos-de-hoje-musica-do-fascismo-brasileiro\\\/#primaryimage\"},\"thumbnailUrl\":\"https:\\\/\\\/transamerica93.com.br\\\/home\\\/wp-content\\\/uploads\\\/2024\\\/10\\\/1-3.jpg\",\"datePublished\":\"2024-10-18T18:50:09+00:00\",\"breadcrumb\":{\"@id\":\"https:\\\/\\\/transamerica93.com.br\\\/home\\\/pedro-cardoso-critica-os-artistas-sertanejos-de-hoje-musica-do-fascismo-brasileiro\\\/#breadcrumb\"},\"inLanguage\":\"pt-BR\",\"potentialAction\":[{\"@type\":\"ReadAction\",\"target\":[\"https:\\\/\\\/transamerica93.com.br\\\/home\\\/pedro-cardoso-critica-os-artistas-sertanejos-de-hoje-musica-do-fascismo-brasileiro\\\/\"]}]},{\"@type\":\"ImageObject\",\"inLanguage\":\"pt-BR\",\"@id\":\"https:\\\/\\\/transamerica93.com.br\\\/home\\\/pedro-cardoso-critica-os-artistas-sertanejos-de-hoje-musica-do-fascismo-brasileiro\\\/#primaryimage\",\"url\":\"https:\\\/\\\/transamerica93.com.br\\\/home\\\/wp-content\\\/uploads\\\/2024\\\/10\\\/1-3.jpg\",\"contentUrl\":\"https:\\\/\\\/transamerica93.com.br\\\/home\\\/wp-content\\\/uploads\\\/2024\\\/10\\\/1-3.jpg\",\"width\":800,\"height\":500},{\"@type\":\"BreadcrumbList\",\"@id\":\"https:\\\/\\\/transamerica93.com.br\\\/home\\\/pedro-cardoso-critica-os-artistas-sertanejos-de-hoje-musica-do-fascismo-brasileiro\\\/#breadcrumb\",\"itemListElement\":[{\"@type\":\"ListItem\",\"position\":1,\"name\":\"In\u00edcio\",\"item\":\"https:\\\/\\\/transamerica93.com.br\\\/home\\\/\"},{\"@type\":\"ListItem\",\"position\":2,\"name\":\"Pedro Cardoso critica os artistas sertanejos de hoje: &#8216;m\u00fasica do fascismo brasileiro&#8217;\"}]},{\"@type\":\"WebSite\",\"@id\":\"https:\\\/\\\/transamerica93.com.br\\\/home\\\/#website\",\"url\":\"https:\\\/\\\/transamerica93.com.br\\\/home\\\/\",\"name\":\"Transam\u00e9rica Mococa 93,3\",\"description\":\"\",\"publisher\":{\"@id\":\"https:\\\/\\\/transamerica93.com.br\\\/home\\\/#organization\"},\"potentialAction\":[{\"@type\":\"SearchAction\",\"target\":{\"@type\":\"EntryPoint\",\"urlTemplate\":\"https:\\\/\\\/transamerica93.com.br\\\/home\\\/?s={search_term_string}\"},\"query-input\":{\"@type\":\"PropertyValueSpecification\",\"valueRequired\":true,\"valueName\":\"search_term_string\"}}],\"inLanguage\":\"pt-BR\"},{\"@type\":\"Organization\",\"@id\":\"https:\\\/\\\/transamerica93.com.br\\\/home\\\/#organization\",\"name\":\"Transam\u00e9rica Mococa 93,3\",\"url\":\"https:\\\/\\\/transamerica93.com.br\\\/home\\\/\",\"logo\":{\"@type\":\"ImageObject\",\"inLanguage\":\"pt-BR\",\"@id\":\"https:\\\/\\\/transamerica93.com.br\\\/home\\\/#\\\/schema\\\/logo\\\/image\\\/\",\"url\":\"https:\\\/\\\/transamerica93.com.br\\\/home\\\/wp-content\\\/uploads\\\/2023\\\/10\\\/logo2.png\",\"contentUrl\":\"https:\\\/\\\/transamerica93.com.br\\\/home\\\/wp-content\\\/uploads\\\/2023\\\/10\\\/logo2.png\",\"width\":800,\"height\":500,\"caption\":\"Transam\u00e9rica Mococa 93,3\"},\"image\":{\"@id\":\"https:\\\/\\\/transamerica93.com.br\\\/home\\\/#\\\/schema\\\/logo\\\/image\\\/\"},\"sameAs\":[\"https:\\\/\\\/www.facebook.com\\\/transamericamococa\",\"https:\\\/\\\/x.com\\\/transamerica933\",\"https:\\\/\\\/www.instagram.com\\\/transamericamococa\"]},{\"@type\":\"Person\",\"@id\":\"https:\\\/\\\/transamerica93.com.br\\\/home\\\/#\\\/schema\\\/person\\\/7fed7c99c0d4562efa8561bc0f543172\",\"name\":\"Reda\u00e7\u00e3o\",\"image\":{\"@type\":\"ImageObject\",\"inLanguage\":\"pt-BR\",\"@id\":\"https:\\\/\\\/secure.gravatar.com\\\/avatar\\\/1072c6b775fb02ef8506ce967551d95926669a6b7d2c2147b42eea4d7c68395e?s=96&d=mm&r=g\",\"url\":\"https:\\\/\\\/secure.gravatar.com\\\/avatar\\\/1072c6b775fb02ef8506ce967551d95926669a6b7d2c2147b42eea4d7c68395e?s=96&d=mm&r=g\",\"contentUrl\":\"https:\\\/\\\/secure.gravatar.com\\\/avatar\\\/1072c6b775fb02ef8506ce967551d95926669a6b7d2c2147b42eea4d7c68395e?s=96&d=mm&r=g\",\"caption\":\"Reda\u00e7\u00e3o\"},\"sameAs\":[\"https:\\\/\\\/transamerica93.com.br\\\/home\"],\"url\":\"https:\\\/\\\/transamerica93.com.br\\\/home\\\/author\\\/william\\\/\"}]}<\/script>\n<!-- \/ Yoast SEO plugin. -->","yoast_head_json":{"title":"Pedro Cardoso critica os artistas sertanejos de hoje: 'm\u00fasica do fascismo brasileiro' - Transam\u00e9rica Mococa 93,3","robots":{"index":"index","follow":"follow","max-snippet":"max-snippet:-1","max-image-preview":"max-image-preview:large","max-video-preview":"max-video-preview:-1"},"canonical":"https:\/\/transamerica93.com.br\/home\/pedro-cardoso-critica-os-artistas-sertanejos-de-hoje-musica-do-fascismo-brasileiro\/","og_locale":"pt_BR","og_type":"article","og_title":"Pedro Cardoso critica os artistas sertanejos de hoje: 'm\u00fasica do fascismo brasileiro' - Transam\u00e9rica Mococa 93,3","og_description":"Por Reda\u00e7\u00e3o O Estado de S. Paulo O ator Pedro Cardoso criticou a m\u00fasica sertaneja durante participa\u00e7\u00e3o no programa\u00a0Do Bom e do Melhor, da R\u00e1dio Bandeirantes. A entrevista foi transmitida h\u00e1 tr\u00eas semanas, mas o trecho em quest\u00e3o viralizou nas redes sociais nos \u00faltimos dias No trecho, o ator diz considerar que as produ\u00e7\u00f5es sertanejas &hellip;","og_url":"https:\/\/transamerica93.com.br\/home\/pedro-cardoso-critica-os-artistas-sertanejos-de-hoje-musica-do-fascismo-brasileiro\/","og_site_name":"Transam\u00e9rica Mococa 93,3","article_publisher":"https:\/\/www.facebook.com\/transamericamococa","article_published_time":"2024-10-18T18:50:09+00:00","og_image":[{"width":800,"height":500,"url":"https:\/\/transamerica93.com.br\/home\/wp-content\/uploads\/2024\/10\/1-3.jpg","type":"image\/jpeg"}],"author":"Reda\u00e7\u00e3o","twitter_card":"summary_large_image","twitter_creator":"@transamerica933","twitter_site":"@transamerica933","twitter_misc":{"Escrito por":"Reda\u00e7\u00e3o","Est. tempo de leitura":"2 minutos"},"schema":{"@context":"https:\/\/schema.org","@graph":[{"@type":"Article","@id":"https:\/\/transamerica93.com.br\/home\/pedro-cardoso-critica-os-artistas-sertanejos-de-hoje-musica-do-fascismo-brasileiro\/#article","isPartOf":{"@id":"https:\/\/transamerica93.com.br\/home\/pedro-cardoso-critica-os-artistas-sertanejos-de-hoje-musica-do-fascismo-brasileiro\/"},"author":{"name":"Reda\u00e7\u00e3o","@id":"https:\/\/transamerica93.com.br\/home\/#\/schema\/person\/7fed7c99c0d4562efa8561bc0f543172"},"headline":"Pedro Cardoso critica os artistas sertanejos de hoje: &#8216;m\u00fasica do fascismo brasileiro&#8217;","datePublished":"2024-10-18T18:50:09+00:00","mainEntityOfPage":{"@id":"https:\/\/transamerica93.com.br\/home\/pedro-cardoso-critica-os-artistas-sertanejos-de-hoje-musica-do-fascismo-brasileiro\/"},"wordCount":318,"publisher":{"@id":"https:\/\/transamerica93.com.br\/home\/#organization"},"image":{"@id":"https:\/\/transamerica93.com.br\/home\/pedro-cardoso-critica-os-artistas-sertanejos-de-hoje-musica-do-fascismo-brasileiro\/#primaryimage"},"thumbnailUrl":"https:\/\/transamerica93.com.br\/home\/wp-content\/uploads\/2024\/10\/1-3.jpg","articleSection":["Entretenimento"],"inLanguage":"pt-BR"},{"@type":"WebPage","@id":"https:\/\/transamerica93.com.br\/home\/pedro-cardoso-critica-os-artistas-sertanejos-de-hoje-musica-do-fascismo-brasileiro\/","url":"https:\/\/transamerica93.com.br\/home\/pedro-cardoso-critica-os-artistas-sertanejos-de-hoje-musica-do-fascismo-brasileiro\/","name":"Pedro Cardoso critica os artistas sertanejos de hoje: 'm\u00fasica do fascismo brasileiro' - Transam\u00e9rica Mococa 93,3","isPartOf":{"@id":"https:\/\/transamerica93.com.br\/home\/#website"},"primaryImageOfPage":{"@id":"https:\/\/transamerica93.com.br\/home\/pedro-cardoso-critica-os-artistas-sertanejos-de-hoje-musica-do-fascismo-brasileiro\/#primaryimage"},"image":{"@id":"https:\/\/transamerica93.com.br\/home\/pedro-cardoso-critica-os-artistas-sertanejos-de-hoje-musica-do-fascismo-brasileiro\/#primaryimage"},"thumbnailUrl":"https:\/\/transamerica93.com.br\/home\/wp-content\/uploads\/2024\/10\/1-3.jpg","datePublished":"2024-10-18T18:50:09+00:00","breadcrumb":{"@id":"https:\/\/transamerica93.com.br\/home\/pedro-cardoso-critica-os-artistas-sertanejos-de-hoje-musica-do-fascismo-brasileiro\/#breadcrumb"},"inLanguage":"pt-BR","potentialAction":[{"@type":"ReadAction","target":["https:\/\/transamerica93.com.br\/home\/pedro-cardoso-critica-os-artistas-sertanejos-de-hoje-musica-do-fascismo-brasileiro\/"]}]},{"@type":"ImageObject","inLanguage":"pt-BR","@id":"https:\/\/transamerica93.com.br\/home\/pedro-cardoso-critica-os-artistas-sertanejos-de-hoje-musica-do-fascismo-brasileiro\/#primaryimage","url":"https:\/\/transamerica93.com.br\/home\/wp-content\/uploads\/2024\/10\/1-3.jpg","contentUrl":"https:\/\/transamerica93.com.br\/home\/wp-content\/uploads\/2024\/10\/1-3.jpg","width":800,"height":500},{"@type":"BreadcrumbList","@id":"https:\/\/transamerica93.com.br\/home\/pedro-cardoso-critica-os-artistas-sertanejos-de-hoje-musica-do-fascismo-brasileiro\/#breadcrumb","itemListElement":[{"@type":"ListItem","position":1,"name":"In\u00edcio","item":"https:\/\/transamerica93.com.br\/home\/"},{"@type":"ListItem","position":2,"name":"Pedro Cardoso critica os artistas sertanejos de hoje: &#8216;m\u00fasica do fascismo brasileiro&#8217;"}]},{"@type":"WebSite","@id":"https:\/\/transamerica93.com.br\/home\/#website","url":"https:\/\/transamerica93.com.br\/home\/","name":"Transam\u00e9rica Mococa 93,3","description":"","publisher":{"@id":"https:\/\/transamerica93.com.br\/home\/#organization"},"potentialAction":[{"@type":"SearchAction","target":{"@type":"EntryPoint","urlTemplate":"https:\/\/transamerica93.com.br\/home\/?s={search_term_string}"},"query-input":{"@type":"PropertyValueSpecification","valueRequired":true,"valueName":"search_term_string"}}],"inLanguage":"pt-BR"},{"@type":"Organization","@id":"https:\/\/transamerica93.com.br\/home\/#organization","name":"Transam\u00e9rica Mococa 93,3","url":"https:\/\/transamerica93.com.br\/home\/","logo":{"@type":"ImageObject","inLanguage":"pt-BR","@id":"https:\/\/transamerica93.com.br\/home\/#\/schema\/logo\/image\/","url":"https:\/\/transamerica93.com.br\/home\/wp-content\/uploads\/2023\/10\/logo2.png","contentUrl":"https:\/\/transamerica93.com.br\/home\/wp-content\/uploads\/2023\/10\/logo2.png","width":800,"height":500,"caption":"Transam\u00e9rica Mococa 93,3"},"image":{"@id":"https:\/\/transamerica93.com.br\/home\/#\/schema\/logo\/image\/"},"sameAs":["https:\/\/www.facebook.com\/transamericamococa","https:\/\/x.com\/transamerica933","https:\/\/www.instagram.com\/transamericamococa"]},{"@type":"Person","@id":"https:\/\/transamerica93.com.br\/home\/#\/schema\/person\/7fed7c99c0d4562efa8561bc0f543172","name":"Reda\u00e7\u00e3o","image":{"@type":"ImageObject","inLanguage":"pt-BR","@id":"https:\/\/secure.gravatar.com\/avatar\/1072c6b775fb02ef8506ce967551d95926669a6b7d2c2147b42eea4d7c68395e?s=96&d=mm&r=g","url":"https:\/\/secure.gravatar.com\/avatar\/1072c6b775fb02ef8506ce967551d95926669a6b7d2c2147b42eea4d7c68395e?s=96&d=mm&r=g","contentUrl":"https:\/\/secure.gravatar.com\/avatar\/1072c6b775fb02ef8506ce967551d95926669a6b7d2c2147b42eea4d7c68395e?s=96&d=mm&r=g","caption":"Reda\u00e7\u00e3o"},"sameAs":["https:\/\/transamerica93.com.br\/home"],"url":"https:\/\/transamerica93.com.br\/home\/author\/william\/"}]}},"_links":{"self":[{"href":"https:\/\/transamerica93.com.br\/home\/wp-json\/wp\/v2\/posts\/3933","targetHints":{"allow":["GET"]}}],"collection":[{"href":"https:\/\/transamerica93.com.br\/home\/wp-json\/wp\/v2\/posts"}],"about":[{"href":"https:\/\/transamerica93.com.br\/home\/wp-json\/wp\/v2\/types\/post"}],"author":[{"embeddable":true,"href":"https:\/\/transamerica93.com.br\/home\/wp-json\/wp\/v2\/users\/1"}],"replies":[{"embeddable":true,"href":"https:\/\/transamerica93.com.br\/home\/wp-json\/wp\/v2\/comments?post=3933"}],"version-history":[{"count":1,"href":"https:\/\/transamerica93.com.br\/home\/wp-json\/wp\/v2\/posts\/3933\/revisions"}],"predecessor-version":[{"id":3935,"href":"https:\/\/transamerica93.com.br\/home\/wp-json\/wp\/v2\/posts\/3933\/revisions\/3935"}],"wp:featuredmedia":[{"embeddable":true,"href":"https:\/\/transamerica93.com.br\/home\/wp-json\/wp\/v2\/media\/3934"}],"wp:attachment":[{"href":"https:\/\/transamerica93.com.br\/home\/wp-json\/wp\/v2\/media?parent=3933"}],"wp:term":[{"taxonomy":"category","embeddable":true,"href":"https:\/\/transamerica93.com.br\/home\/wp-json\/wp\/v2\/categories?post=3933"},{"taxonomy":"post_tag","embeddable":true,"href":"https:\/\/transamerica93.com.br\/home\/wp-json\/wp\/v2\/tags?post=3933"}],"curies":[{"name":"wp","href":"https:\/\/api.w.org\/{rel}","templated":true}]}}