{"id":3936,"date":"2024-10-21T09:00:26","date_gmt":"2024-10-21T12:00:26","guid":{"rendered":"https:\/\/transamerica93.com.br\/home\/?p=3936"},"modified":"2024-10-18T15:59:20","modified_gmt":"2024-10-18T18:59:20","slug":"3936-2","status":"publish","type":"post","link":"https:\/\/transamerica93.com.br\/home\/3936-2\/","title":{"rendered":"S\u00e3o Paulo monta gabinete de crise devido \u00e0 previs\u00e3o de chuvas"},"content":{"rendered":"<div class=\"conteudo-noticia\">\n<p>Um gabinete de crise j\u00e1 est\u00e1 funcionando desde as 8h, desta sexta-feira (18), em S\u00e3o Paulo, para garantir pronta resposta \u00e0 popula\u00e7\u00e3o em caso de emerg\u00eancia causada pelas fortes chuvas e ventos que est\u00e3o sendo esperados em diversas regi\u00f5es do estado. O gabinete re\u00fane membros da Defesa Civil e de \u00e1reas como sa\u00fade, Corpo de Bombeiros e da Companhia de Engenharia de Tr\u00e1fego (CET).<img decoding=\"async\" data-src=\"https:\/\/agenciabrasil.ebc.com.br\/ebc.png?id=1615973&amp;o=node\" src=\"data:image\/svg+xml;base64,PHN2ZyB3aWR0aD0iMSIgaGVpZ2h0PSIxIiB4bWxucz0iaHR0cDovL3d3dy53My5vcmcvMjAwMC9zdmciPjwvc3ZnPg==\" class=\"lazyload\" \/><img decoding=\"async\" data-src=\"https:\/\/agenciabrasil.ebc.com.br\/ebc.gif?id=1615973&amp;o=node\" src=\"data:image\/svg+xml;base64,PHN2ZyB3aWR0aD0iMSIgaGVpZ2h0PSIxIiB4bWxucz0iaHR0cDovL3d3dy53My5vcmcvMjAwMC9zdmciPjwvc3ZnPg==\" class=\"lazyload\" \/><\/p>\n<p>De acordo com o governo estadual, equipes da Defesa Civil estar\u00e3o ainda dentro do centro de opera\u00e7\u00f5es de concession\u00e1rias de energia el\u00e9trica \u2013 entre elas a Enel \u2013 para fiscalizar o plano de conting\u00eancia que essas empresas montaram para enfrentar situa\u00e7\u00f5es de emerg\u00eancia.<\/p>\n<p>A Enel Distribui\u00e7\u00e3o S\u00e3o Paulo informou que vai manter seu Plano Emergencial de Atendimento, com refor\u00e7o de equipes em campo e da capacidade dos canais de atendimento. \u201cA companhia seguir\u00e1 com a mobiliza\u00e7\u00e3o adicional de equipes, com cerca de 2.400 profissionais de campo de prontid\u00e3o para atender eventuais ocorr\u00eancias que envolvam o fornecimento de energia nos 24 munic\u00edpios em que a empresa atua\u201d, disse, em nota.<\/p>\n<p>A empresa informou tamb\u00e9m que vai refor\u00e7ar os canais de atendimento, incluindo o\u00a0<em>call center<\/em>, preparado para duplicar a capacidade, se necess\u00e1rio. Para atender casos cr\u00edticos, a Enel disponibilizou 500 geradores, sendo 40 de grande porte, para servi\u00e7os essenciais, como hospitais.<\/p>\n<h2>Previs\u00e3o do tempo<\/h2>\n<p>Uma semana ap\u00f3s o \u00faltimo temporal, a Defesa Civil emitiu novo alerta para pancadas de chuva e rajadas de vento entre hoje e o pr\u00f3ximo domingo (20) em todo o estado. O alerta, diz o \u00f3rg\u00e3o estadual, \u00e9 devido \u00e0 passagem de uma frente fria que trar\u00e1 rajadas de vento que podem chegar a 60 km\/h, raios e poss\u00edveis quedas de granizo em pontos isolados, com riscos de desabamentos, alagamentos e enchentes. O acumulado de chuvas no final de semana pode chegar a 200 mil\u00edmetros em diversas regi\u00f5es do estado.<\/p>\n<p>Todo o efetivo da Defesa Civil, formado por cerca de 5,4 mil agentes tanto municipal quanto estadual, estar\u00e3o de prontid\u00e3o para acompanhar eventuais problemas provocados pelo temporal previsto.<\/p>\n<h2>Cuidados<\/h2>\n<p>A Enel divulgou as seguintes orienta\u00e7\u00f5es de seguran\u00e7a com a rede el\u00e9trica em casos de tempestades:<\/p>\n<p>\u2022 Se encontrar um cabo partido, n\u00e3o se aproxime;<\/p>\n<p>\u2022 N\u00e3o encoste em objetos met\u00e1licos, como sem\u00e1foros, postes de ilumina\u00e7\u00e3o p\u00fablica, pontos de \u00f4nibus, port\u00f5es e grades;<\/p>\n<p>\u2022 Retire os equipamentos da tomada e deixe-os fora do alcance da \u00e1gua;<\/p>\n<p>\u2022 Busque abrigo seguro: em caso de ventos intensos, procure locais seguros, longe de estruturas suscet\u00edveis a danos, como postes, \u00e1rvores ou fia\u00e7\u00f5es el\u00e9tricas;<\/p>\n<p>\u2022 Evite \u00e1reas arborizadas: durante tempestades, h\u00e1 risco de queda de \u00e1rvores e raios.<\/p>\n<\/div>\n<div class=\"footer-noticia\">\n<div class=\"editor rowflex\">Edi\u00e7\u00e3o: Val\u00e9ria Aguiar<\/div>\n<\/div>\n","protected":false},"excerpt":{"rendered":"<p>Um gabinete de crise j\u00e1 est\u00e1 funcionando desde as 8h, desta sexta-feira (18), em S\u00e3o Paulo, para garantir pronta resposta \u00e0 popula\u00e7\u00e3o em caso de emerg\u00eancia causada pelas fortes chuvas e ventos que est\u00e3o sendo esperados em diversas regi\u00f5es do estado. O gabinete re\u00fane membros da Defesa Civil e de \u00e1reas como sa\u00fade, Corpo de &hellip;<\/p>\n","protected":false},"author":1,"featured_media":3937,"comment_status":"closed","ping_status":"closed","sticky":false,"template":"","format":"standard","meta":{"footnotes":""},"categories":[30],"tags":[],"class_list":["post-3936","post","type-post","status-publish","format-standard","has-post-thumbnail","hentry","category-geral"],"yoast_head":"<!-- This site is optimized with the Yoast SEO plugin v27.4 - https:\/\/yoast.com\/product\/yoast-seo-wordpress\/ -->\n<title>S\u00e3o Paulo monta gabinete de crise devido \u00e0 previs\u00e3o de chuvas - Transam\u00e9rica Mococa 93,3<\/title>\n<meta name=\"robots\" content=\"index, follow, max-snippet:-1, max-image-preview:large, max-video-preview:-1\" \/>\n<link rel=\"canonical\" href=\"https:\/\/transamerica93.com.br\/home\/3936-2\/\" \/>\n<meta property=\"og:locale\" content=\"pt_BR\" \/>\n<meta property=\"og:type\" content=\"article\" \/>\n<meta property=\"og:title\" content=\"S\u00e3o Paulo monta gabinete de crise devido \u00e0 previs\u00e3o de chuvas - Transam\u00e9rica Mococa 93,3\" \/>\n<meta property=\"og:description\" content=\"Um gabinete de crise j\u00e1 est\u00e1 funcionando desde as 8h, desta sexta-feira (18), em S\u00e3o Paulo, para garantir pronta resposta \u00e0 popula\u00e7\u00e3o em caso de emerg\u00eancia causada pelas fortes chuvas e ventos que est\u00e3o sendo esperados em diversas regi\u00f5es do estado. O gabinete re\u00fane membros da Defesa Civil e de \u00e1reas como sa\u00fade, Corpo de &hellip;\" \/>\n<meta property=\"og:url\" content=\"https:\/\/transamerica93.com.br\/home\/3936-2\/\" \/>\n<meta property=\"og:site_name\" content=\"Transam\u00e9rica Mococa 93,3\" \/>\n<meta property=\"article:publisher\" content=\"https:\/\/www.facebook.com\/transamericamococa\" \/>\n<meta property=\"article:published_time\" content=\"2024-10-21T12:00:26+00:00\" \/>\n<meta property=\"og:image\" content=\"https:\/\/transamerica93.com.br\/home\/wp-content\/uploads\/2024\/10\/0.jpg\" \/>\n\t<meta property=\"og:image:width\" content=\"800\" \/>\n\t<meta property=\"og:image:height\" content=\"500\" \/>\n\t<meta property=\"og:image:type\" content=\"image\/jpeg\" \/>\n<meta name=\"author\" content=\"Reda\u00e7\u00e3o\" \/>\n<meta name=\"twitter:card\" content=\"summary_large_image\" \/>\n<meta name=\"twitter:creator\" content=\"@transamerica933\" \/>\n<meta name=\"twitter:site\" content=\"@transamerica933\" \/>\n<meta name=\"twitter:label1\" content=\"Escrito por\" \/>\n\t<meta name=\"twitter:data1\" content=\"Reda\u00e7\u00e3o\" \/>\n\t<meta name=\"twitter:label2\" content=\"Est. tempo de leitura\" \/>\n\t<meta name=\"twitter:data2\" content=\"3 minutos\" \/>\n<script type=\"application\/ld+json\" class=\"yoast-schema-graph\">{\"@context\":\"https:\\\/\\\/schema.org\",\"@graph\":[{\"@type\":\"Article\",\"@id\":\"https:\\\/\\\/transamerica93.com.br\\\/home\\\/3936-2\\\/#article\",\"isPartOf\":{\"@id\":\"https:\\\/\\\/transamerica93.com.br\\\/home\\\/3936-2\\\/\"},\"author\":{\"name\":\"Reda\u00e7\u00e3o\",\"@id\":\"https:\\\/\\\/transamerica93.com.br\\\/home\\\/#\\\/schema\\\/person\\\/7fed7c99c0d4562efa8561bc0f543172\"},\"headline\":\"S\u00e3o Paulo monta gabinete de crise devido \u00e0 previs\u00e3o de chuvas\",\"datePublished\":\"2024-10-21T12:00:26+00:00\",\"mainEntityOfPage\":{\"@id\":\"https:\\\/\\\/transamerica93.com.br\\\/home\\\/3936-2\\\/\"},\"wordCount\":478,\"publisher\":{\"@id\":\"https:\\\/\\\/transamerica93.com.br\\\/home\\\/#organization\"},\"image\":{\"@id\":\"https:\\\/\\\/transamerica93.com.br\\\/home\\\/3936-2\\\/#primaryimage\"},\"thumbnailUrl\":\"https:\\\/\\\/transamerica93.com.br\\\/home\\\/wp-content\\\/uploads\\\/2024\\\/10\\\/0.jpg\",\"articleSection\":[\"Geral\"],\"inLanguage\":\"pt-BR\"},{\"@type\":\"WebPage\",\"@id\":\"https:\\\/\\\/transamerica93.com.br\\\/home\\\/3936-2\\\/\",\"url\":\"https:\\\/\\\/transamerica93.com.br\\\/home\\\/3936-2\\\/\",\"name\":\"S\u00e3o Paulo monta gabinete de crise devido \u00e0 previs\u00e3o de chuvas - Transam\u00e9rica Mococa 93,3\",\"isPartOf\":{\"@id\":\"https:\\\/\\\/transamerica93.com.br\\\/home\\\/#website\"},\"primaryImageOfPage\":{\"@id\":\"https:\\\/\\\/transamerica93.com.br\\\/home\\\/3936-2\\\/#primaryimage\"},\"image\":{\"@id\":\"https:\\\/\\\/transamerica93.com.br\\\/home\\\/3936-2\\\/#primaryimage\"},\"thumbnailUrl\":\"https:\\\/\\\/transamerica93.com.br\\\/home\\\/wp-content\\\/uploads\\\/2024\\\/10\\\/0.jpg\",\"datePublished\":\"2024-10-21T12:00:26+00:00\",\"breadcrumb\":{\"@id\":\"https:\\\/\\\/transamerica93.com.br\\\/home\\\/3936-2\\\/#breadcrumb\"},\"inLanguage\":\"pt-BR\",\"potentialAction\":[{\"@type\":\"ReadAction\",\"target\":[\"https:\\\/\\\/transamerica93.com.br\\\/home\\\/3936-2\\\/\"]}]},{\"@type\":\"ImageObject\",\"inLanguage\":\"pt-BR\",\"@id\":\"https:\\\/\\\/transamerica93.com.br\\\/home\\\/3936-2\\\/#primaryimage\",\"url\":\"https:\\\/\\\/transamerica93.com.br\\\/home\\\/wp-content\\\/uploads\\\/2024\\\/10\\\/0.jpg\",\"contentUrl\":\"https:\\\/\\\/transamerica93.com.br\\\/home\\\/wp-content\\\/uploads\\\/2024\\\/10\\\/0.jpg\",\"width\":800,\"height\":500,\"caption\":\"\u00a9 Paulo Pinto\\\/Agencia Brasil\"},{\"@type\":\"BreadcrumbList\",\"@id\":\"https:\\\/\\\/transamerica93.com.br\\\/home\\\/3936-2\\\/#breadcrumb\",\"itemListElement\":[{\"@type\":\"ListItem\",\"position\":1,\"name\":\"In\u00edcio\",\"item\":\"https:\\\/\\\/transamerica93.com.br\\\/home\\\/\"},{\"@type\":\"ListItem\",\"position\":2,\"name\":\"S\u00e3o Paulo monta gabinete de crise devido \u00e0 previs\u00e3o de chuvas\"}]},{\"@type\":\"WebSite\",\"@id\":\"https:\\\/\\\/transamerica93.com.br\\\/home\\\/#website\",\"url\":\"https:\\\/\\\/transamerica93.com.br\\\/home\\\/\",\"name\":\"Transam\u00e9rica Mococa 93,3\",\"description\":\"\",\"publisher\":{\"@id\":\"https:\\\/\\\/transamerica93.com.br\\\/home\\\/#organization\"},\"potentialAction\":[{\"@type\":\"SearchAction\",\"target\":{\"@type\":\"EntryPoint\",\"urlTemplate\":\"https:\\\/\\\/transamerica93.com.br\\\/home\\\/?s={search_term_string}\"},\"query-input\":{\"@type\":\"PropertyValueSpecification\",\"valueRequired\":true,\"valueName\":\"search_term_string\"}}],\"inLanguage\":\"pt-BR\"},{\"@type\":\"Organization\",\"@id\":\"https:\\\/\\\/transamerica93.com.br\\\/home\\\/#organization\",\"name\":\"Transam\u00e9rica Mococa 93,3\",\"url\":\"https:\\\/\\\/transamerica93.com.br\\\/home\\\/\",\"logo\":{\"@type\":\"ImageObject\",\"inLanguage\":\"pt-BR\",\"@id\":\"https:\\\/\\\/transamerica93.com.br\\\/home\\\/#\\\/schema\\\/logo\\\/image\\\/\",\"url\":\"https:\\\/\\\/transamerica93.com.br\\\/home\\\/wp-content\\\/uploads\\\/2023\\\/10\\\/logo2.png\",\"contentUrl\":\"https:\\\/\\\/transamerica93.com.br\\\/home\\\/wp-content\\\/uploads\\\/2023\\\/10\\\/logo2.png\",\"width\":800,\"height\":500,\"caption\":\"Transam\u00e9rica Mococa 93,3\"},\"image\":{\"@id\":\"https:\\\/\\\/transamerica93.com.br\\\/home\\\/#\\\/schema\\\/logo\\\/image\\\/\"},\"sameAs\":[\"https:\\\/\\\/www.facebook.com\\\/transamericamococa\",\"https:\\\/\\\/x.com\\\/transamerica933\",\"https:\\\/\\\/www.instagram.com\\\/transamericamococa\"]},{\"@type\":\"Person\",\"@id\":\"https:\\\/\\\/transamerica93.com.br\\\/home\\\/#\\\/schema\\\/person\\\/7fed7c99c0d4562efa8561bc0f543172\",\"name\":\"Reda\u00e7\u00e3o\",\"image\":{\"@type\":\"ImageObject\",\"inLanguage\":\"pt-BR\",\"@id\":\"https:\\\/\\\/secure.gravatar.com\\\/avatar\\\/1072c6b775fb02ef8506ce967551d95926669a6b7d2c2147b42eea4d7c68395e?s=96&d=mm&r=g\",\"url\":\"https:\\\/\\\/secure.gravatar.com\\\/avatar\\\/1072c6b775fb02ef8506ce967551d95926669a6b7d2c2147b42eea4d7c68395e?s=96&d=mm&r=g\",\"contentUrl\":\"https:\\\/\\\/secure.gravatar.com\\\/avatar\\\/1072c6b775fb02ef8506ce967551d95926669a6b7d2c2147b42eea4d7c68395e?s=96&d=mm&r=g\",\"caption\":\"Reda\u00e7\u00e3o\"},\"sameAs\":[\"https:\\\/\\\/transamerica93.com.br\\\/home\"],\"url\":\"https:\\\/\\\/transamerica93.com.br\\\/home\\\/author\\\/william\\\/\"}]}<\/script>\n<!-- \/ Yoast SEO plugin. -->","yoast_head_json":{"title":"S\u00e3o Paulo monta gabinete de crise devido \u00e0 previs\u00e3o de chuvas - Transam\u00e9rica Mococa 93,3","robots":{"index":"index","follow":"follow","max-snippet":"max-snippet:-1","max-image-preview":"max-image-preview:large","max-video-preview":"max-video-preview:-1"},"canonical":"https:\/\/transamerica93.com.br\/home\/3936-2\/","og_locale":"pt_BR","og_type":"article","og_title":"S\u00e3o Paulo monta gabinete de crise devido \u00e0 previs\u00e3o de chuvas - Transam\u00e9rica Mococa 93,3","og_description":"Um gabinete de crise j\u00e1 est\u00e1 funcionando desde as 8h, desta sexta-feira (18), em S\u00e3o Paulo, para garantir pronta resposta \u00e0 popula\u00e7\u00e3o em caso de emerg\u00eancia causada pelas fortes chuvas e ventos que est\u00e3o sendo esperados em diversas regi\u00f5es do estado. O gabinete re\u00fane membros da Defesa Civil e de \u00e1reas como sa\u00fade, Corpo de &hellip;","og_url":"https:\/\/transamerica93.com.br\/home\/3936-2\/","og_site_name":"Transam\u00e9rica Mococa 93,3","article_publisher":"https:\/\/www.facebook.com\/transamericamococa","article_published_time":"2024-10-21T12:00:26+00:00","og_image":[{"width":800,"height":500,"url":"https:\/\/transamerica93.com.br\/home\/wp-content\/uploads\/2024\/10\/0.jpg","type":"image\/jpeg"}],"author":"Reda\u00e7\u00e3o","twitter_card":"summary_large_image","twitter_creator":"@transamerica933","twitter_site":"@transamerica933","twitter_misc":{"Escrito por":"Reda\u00e7\u00e3o","Est. tempo de leitura":"3 minutos"},"schema":{"@context":"https:\/\/schema.org","@graph":[{"@type":"Article","@id":"https:\/\/transamerica93.com.br\/home\/3936-2\/#article","isPartOf":{"@id":"https:\/\/transamerica93.com.br\/home\/3936-2\/"},"author":{"name":"Reda\u00e7\u00e3o","@id":"https:\/\/transamerica93.com.br\/home\/#\/schema\/person\/7fed7c99c0d4562efa8561bc0f543172"},"headline":"S\u00e3o Paulo monta gabinete de crise devido \u00e0 previs\u00e3o de chuvas","datePublished":"2024-10-21T12:00:26+00:00","mainEntityOfPage":{"@id":"https:\/\/transamerica93.com.br\/home\/3936-2\/"},"wordCount":478,"publisher":{"@id":"https:\/\/transamerica93.com.br\/home\/#organization"},"image":{"@id":"https:\/\/transamerica93.com.br\/home\/3936-2\/#primaryimage"},"thumbnailUrl":"https:\/\/transamerica93.com.br\/home\/wp-content\/uploads\/2024\/10\/0.jpg","articleSection":["Geral"],"inLanguage":"pt-BR"},{"@type":"WebPage","@id":"https:\/\/transamerica93.com.br\/home\/3936-2\/","url":"https:\/\/transamerica93.com.br\/home\/3936-2\/","name":"S\u00e3o Paulo monta gabinete de crise devido \u00e0 previs\u00e3o de chuvas - Transam\u00e9rica Mococa 93,3","isPartOf":{"@id":"https:\/\/transamerica93.com.br\/home\/#website"},"primaryImageOfPage":{"@id":"https:\/\/transamerica93.com.br\/home\/3936-2\/#primaryimage"},"image":{"@id":"https:\/\/transamerica93.com.br\/home\/3936-2\/#primaryimage"},"thumbnailUrl":"https:\/\/transamerica93.com.br\/home\/wp-content\/uploads\/2024\/10\/0.jpg","datePublished":"2024-10-21T12:00:26+00:00","breadcrumb":{"@id":"https:\/\/transamerica93.com.br\/home\/3936-2\/#breadcrumb"},"inLanguage":"pt-BR","potentialAction":[{"@type":"ReadAction","target":["https:\/\/transamerica93.com.br\/home\/3936-2\/"]}]},{"@type":"ImageObject","inLanguage":"pt-BR","@id":"https:\/\/transamerica93.com.br\/home\/3936-2\/#primaryimage","url":"https:\/\/transamerica93.com.br\/home\/wp-content\/uploads\/2024\/10\/0.jpg","contentUrl":"https:\/\/transamerica93.com.br\/home\/wp-content\/uploads\/2024\/10\/0.jpg","width":800,"height":500,"caption":"\u00a9 Paulo Pinto\/Agencia Brasil"},{"@type":"BreadcrumbList","@id":"https:\/\/transamerica93.com.br\/home\/3936-2\/#breadcrumb","itemListElement":[{"@type":"ListItem","position":1,"name":"In\u00edcio","item":"https:\/\/transamerica93.com.br\/home\/"},{"@type":"ListItem","position":2,"name":"S\u00e3o Paulo monta gabinete de crise devido \u00e0 previs\u00e3o de chuvas"}]},{"@type":"WebSite","@id":"https:\/\/transamerica93.com.br\/home\/#website","url":"https:\/\/transamerica93.com.br\/home\/","name":"Transam\u00e9rica Mococa 93,3","description":"","publisher":{"@id":"https:\/\/transamerica93.com.br\/home\/#organization"},"potentialAction":[{"@type":"SearchAction","target":{"@type":"EntryPoint","urlTemplate":"https:\/\/transamerica93.com.br\/home\/?s={search_term_string}"},"query-input":{"@type":"PropertyValueSpecification","valueRequired":true,"valueName":"search_term_string"}}],"inLanguage":"pt-BR"},{"@type":"Organization","@id":"https:\/\/transamerica93.com.br\/home\/#organization","name":"Transam\u00e9rica Mococa 93,3","url":"https:\/\/transamerica93.com.br\/home\/","logo":{"@type":"ImageObject","inLanguage":"pt-BR","@id":"https:\/\/transamerica93.com.br\/home\/#\/schema\/logo\/image\/","url":"https:\/\/transamerica93.com.br\/home\/wp-content\/uploads\/2023\/10\/logo2.png","contentUrl":"https:\/\/transamerica93.com.br\/home\/wp-content\/uploads\/2023\/10\/logo2.png","width":800,"height":500,"caption":"Transam\u00e9rica Mococa 93,3"},"image":{"@id":"https:\/\/transamerica93.com.br\/home\/#\/schema\/logo\/image\/"},"sameAs":["https:\/\/www.facebook.com\/transamericamococa","https:\/\/x.com\/transamerica933","https:\/\/www.instagram.com\/transamericamococa"]},{"@type":"Person","@id":"https:\/\/transamerica93.com.br\/home\/#\/schema\/person\/7fed7c99c0d4562efa8561bc0f543172","name":"Reda\u00e7\u00e3o","image":{"@type":"ImageObject","inLanguage":"pt-BR","@id":"https:\/\/secure.gravatar.com\/avatar\/1072c6b775fb02ef8506ce967551d95926669a6b7d2c2147b42eea4d7c68395e?s=96&d=mm&r=g","url":"https:\/\/secure.gravatar.com\/avatar\/1072c6b775fb02ef8506ce967551d95926669a6b7d2c2147b42eea4d7c68395e?s=96&d=mm&r=g","contentUrl":"https:\/\/secure.gravatar.com\/avatar\/1072c6b775fb02ef8506ce967551d95926669a6b7d2c2147b42eea4d7c68395e?s=96&d=mm&r=g","caption":"Reda\u00e7\u00e3o"},"sameAs":["https:\/\/transamerica93.com.br\/home"],"url":"https:\/\/transamerica93.com.br\/home\/author\/william\/"}]}},"_links":{"self":[{"href":"https:\/\/transamerica93.com.br\/home\/wp-json\/wp\/v2\/posts\/3936","targetHints":{"allow":["GET"]}}],"collection":[{"href":"https:\/\/transamerica93.com.br\/home\/wp-json\/wp\/v2\/posts"}],"about":[{"href":"https:\/\/transamerica93.com.br\/home\/wp-json\/wp\/v2\/types\/post"}],"author":[{"embeddable":true,"href":"https:\/\/transamerica93.com.br\/home\/wp-json\/wp\/v2\/users\/1"}],"replies":[{"embeddable":true,"href":"https:\/\/transamerica93.com.br\/home\/wp-json\/wp\/v2\/comments?post=3936"}],"version-history":[{"count":2,"href":"https:\/\/transamerica93.com.br\/home\/wp-json\/wp\/v2\/posts\/3936\/revisions"}],"predecessor-version":[{"id":3943,"href":"https:\/\/transamerica93.com.br\/home\/wp-json\/wp\/v2\/posts\/3936\/revisions\/3943"}],"wp:featuredmedia":[{"embeddable":true,"href":"https:\/\/transamerica93.com.br\/home\/wp-json\/wp\/v2\/media\/3937"}],"wp:attachment":[{"href":"https:\/\/transamerica93.com.br\/home\/wp-json\/wp\/v2\/media?parent=3936"}],"wp:term":[{"taxonomy":"category","embeddable":true,"href":"https:\/\/transamerica93.com.br\/home\/wp-json\/wp\/v2\/categories?post=3936"},{"taxonomy":"post_tag","embeddable":true,"href":"https:\/\/transamerica93.com.br\/home\/wp-json\/wp\/v2\/tags?post=3936"}],"curies":[{"name":"wp","href":"https:\/\/api.w.org\/{rel}","templated":true}]}}