{"id":3944,"date":"2024-10-22T09:00:27","date_gmt":"2024-10-22T12:00:27","guid":{"rendered":"https:\/\/transamerica93.com.br\/home\/?p=3944"},"modified":"2024-10-18T16:00:54","modified_gmt":"2024-10-18T19:00:54","slug":"governo-deve-liberar-r-150-mi-para-empresas-afetadas-por-apagao-em-sp","status":"publish","type":"post","link":"https:\/\/transamerica93.com.br\/home\/governo-deve-liberar-r-150-mi-para-empresas-afetadas-por-apagao-em-sp\/","title":{"rendered":"Governo deve liberar R$ 150 mi para empresas afetadas por apag\u00e3o em SP"},"content":{"rendered":"<div class=\"conteudo-noticia\">\n<p>O ministro da Fazenda, Fernando Haddad, informou, nesta sexta-feira (18), que o governo dever\u00e1 usar R$ 150 milh\u00f5es do\u00a0Fundo Garantidor de Opera\u00e7\u00f5es (FGO) para criar linha de cr\u00e9dito \u00e0s pequenas empresas atingidas pelo apag\u00e3o na regi\u00e3o metropolitana de S\u00e3o Paulo.<img decoding=\"async\" data-src=\"https:\/\/agenciabrasil.ebc.com.br\/ebc.png?id=1616000&amp;o=node\" src=\"data:image\/svg+xml;base64,PHN2ZyB3aWR0aD0iMSIgaGVpZ2h0PSIxIiB4bWxucz0iaHR0cDovL3d3dy53My5vcmcvMjAwMC9zdmciPjwvc3ZnPg==\" class=\"lazyload\" \/><img decoding=\"async\" data-src=\"https:\/\/agenciabrasil.ebc.com.br\/ebc.gif?id=1616000&amp;o=node\" src=\"data:image\/svg+xml;base64,PHN2ZyB3aWR0aD0iMSIgaGVpZ2h0PSIxIiB4bWxucz0iaHR0cDovL3d3dy53My5vcmcvMjAwMC9zdmciPjwvc3ZnPg==\" class=\"lazyload\" \/><\/p>\n<p>A medida provis\u00f3ria para formalizar a libera\u00e7\u00e3o dos recursos deve ser assinada pelo presidente Luiz In\u00e1cio Lula da Silva antes da viagem \u00e0 R\u00fassia, na pr\u00f3xima semana, de forma que o dinheiro esteja dispon\u00edvel a partir de segunda-feira (21).<\/p>\n<p>Ao todo, 380 mil empresas da Grande S\u00e3o Paulo devem ser beneficiadas. No caso do FGO, ser\u00e1 exigida comprova\u00e7\u00e3o de que a empresa teve danos provocados por conta da falta de energia el\u00e9trica mais recente.<\/p>\n<p>O ministro do Empreendedorismo, da Microempresa e da Empresa de Pequeno Porte, M\u00e1rcio Fran\u00e7a, explicou que o dinheiro do FGO n\u00e3o prov\u00e9m do Tesouro Nacional. &#8220;A gente j\u00e1 tem do FGO emprestado no Pronampe [Programa Nacional de Apoio \u00e0s Microempresas e Empresas de Pequeno Porte] R$ 100 bilh\u00f5es e, todos os meses, as pessoas devolvem um peda\u00e7o disso. A inadimpl\u00eancia no Pronampe \u00e9 da ordem de 7%, 8%. Portanto, 92%, 93% das pessoas est\u00e3o devolvendo esse dinheiro, e ele se retroalimenta&#8221;, disse.<\/p>\n<p>Segundo M\u00e1rcio Fran\u00e7a, no Rio Grande do Sul, 38 mil empresas da Grande Porto Alegre e do Vale do Taquari fecharam as portas. &#8220;N\u00f3s j\u00e1 reabrimos 31 mil. E reabrimos com empr\u00e9stimo diferente. J\u00e1 a gente empresta 100 e a pessoa sai do banco devendo 60, para pagar daqui a dois anos&#8221;, ressaltou o ministro. Em S\u00e3o Paulo, dever\u00e1 funcionar nos mesmos moldes e, com o prazo fixado, a empresa ter\u00e1 juro zero ou mesmo &#8220;um juro negativo&#8221; para quitar a d\u00edvida, acrescentou.<\/p>\n<p>O governo federal tamb\u00e9m ir\u00e1 estender o prazo para regulariza\u00e7\u00e3o das d\u00edvidas contra\u00eddas junto ao Pronampe. A prorroga\u00e7\u00e3o poder\u00e1 ser de at\u00e9 60 dias e n\u00e3o ir\u00e1 requerer a comprova\u00e7\u00e3o, como \u00e9 o caso do FGO.<\/p>\n<h2>N\u00e3o vale para pessoa f\u00edsica<\/h2>\n<p>Segundo Haddad, a medida n\u00e3o vale para a pessoa f\u00edsica que teve preju\u00edzo, perdendo, por exemplo, eletrodom\u00e9sticos, por conta do apag\u00e3o. &#8220;Para a atividade econ\u00f4mica, n\u00e3o tinha nenhuma linha de financiamento&#8221;, explicou o ministro, frisando que os recursos ser\u00e3o destinados \u00e0s pequenas empresas atingidas pelo apag\u00e3o.<\/p>\n<p>Questionado por jornalistas se a decis\u00e3o n\u00e3o poderia ser interpretada como o governo assumir a responsabilidade pelo blecaute, o ministro disse que n\u00e3o e que &#8220;n\u00e3o h\u00e1 nada de excepcional&#8221; em empregar certo recurso em uma circunst\u00e2ncia para a qual foi pensado. &#8220;N\u00e3o foi feito nada por esse pessoal. Estamos h\u00e1 uma semana sem tomar provid\u00eancia nenhuma&#8221;, rebateu.<\/p>\n<p>&#8220;Fizemos uma an\u00e1lise, os recursos do Pronampe estavam dispon\u00edveis, \u00e9 um dinheiro que estava em fundo privado, p\u00fablico, que tem esse objetivo, que \u00e9 atender em caso de emerg\u00eancia.&#8221;<\/p>\n<p>Quanto ao incentivo que o governo federal deve dar \u00e0s empresas de menor porte para aumentar o volume de exporta\u00e7\u00f5es, Haddad pontuou que se trata tamb\u00e9m de &#8220;uma quest\u00e3o de seguran\u00e7a&#8221;. &#8220;Porque, geralmente, quando uma pequena empresa exporta, \u00e9 manufaturado&#8221;, destacou o ministro. Ele acrescentou que o governo agora pensa em oferecer melhores condi\u00e7\u00f5es quanto a seguros de exporta\u00e7\u00e3o e reembolso de cr\u00e9ditos de impostos. A regra que dever\u00e1 estabelecer que a empresa devolva certo percentual da venda.<\/p>\n<\/div>\n<div class=\"footer-noticia\">\n<div class=\"editor rowflex\">Edi\u00e7\u00e3o: N\u00e1dia Franco<\/div>\n<\/div>\n","protected":false},"excerpt":{"rendered":"<p>O ministro da Fazenda, Fernando Haddad, informou, nesta sexta-feira (18), que o governo dever\u00e1 usar R$ 150 milh\u00f5es do\u00a0Fundo Garantidor de Opera\u00e7\u00f5es (FGO) para criar linha de cr\u00e9dito \u00e0s pequenas empresas atingidas pelo apag\u00e3o na regi\u00e3o metropolitana de S\u00e3o Paulo. A medida provis\u00f3ria para formalizar a libera\u00e7\u00e3o dos recursos deve ser assinada pelo presidente Luiz &hellip;<\/p>\n","protected":false},"author":1,"featured_media":3938,"comment_status":"closed","ping_status":"closed","sticky":false,"template":"","format":"standard","meta":{"footnotes":""},"categories":[30],"tags":[],"class_list":["post-3944","post","type-post","status-publish","format-standard","has-post-thumbnail","hentry","category-geral"],"yoast_head":"<!-- This site is optimized with the Yoast SEO plugin v27.4 - https:\/\/yoast.com\/product\/yoast-seo-wordpress\/ -->\n<title>Governo deve liberar R$ 150 mi para empresas afetadas por apag\u00e3o em SP - Transam\u00e9rica Mococa 93,3<\/title>\n<meta name=\"robots\" content=\"index, follow, max-snippet:-1, max-image-preview:large, max-video-preview:-1\" \/>\n<link rel=\"canonical\" href=\"https:\/\/transamerica93.com.br\/home\/governo-deve-liberar-r-150-mi-para-empresas-afetadas-por-apagao-em-sp\/\" \/>\n<meta property=\"og:locale\" content=\"pt_BR\" \/>\n<meta property=\"og:type\" content=\"article\" \/>\n<meta property=\"og:title\" content=\"Governo deve liberar R$ 150 mi para empresas afetadas por apag\u00e3o em SP - Transam\u00e9rica Mococa 93,3\" \/>\n<meta property=\"og:description\" content=\"O ministro da Fazenda, Fernando Haddad, informou, nesta sexta-feira (18), que o governo dever\u00e1 usar R$ 150 milh\u00f5es do\u00a0Fundo Garantidor de Opera\u00e7\u00f5es (FGO) para criar linha de cr\u00e9dito \u00e0s pequenas empresas atingidas pelo apag\u00e3o na regi\u00e3o metropolitana de S\u00e3o Paulo. A medida provis\u00f3ria para formalizar a libera\u00e7\u00e3o dos recursos deve ser assinada pelo presidente Luiz &hellip;\" \/>\n<meta property=\"og:url\" content=\"https:\/\/transamerica93.com.br\/home\/governo-deve-liberar-r-150-mi-para-empresas-afetadas-por-apagao-em-sp\/\" \/>\n<meta property=\"og:site_name\" content=\"Transam\u00e9rica Mococa 93,3\" \/>\n<meta property=\"article:publisher\" content=\"https:\/\/www.facebook.com\/transamericamococa\" \/>\n<meta property=\"article:published_time\" content=\"2024-10-22T12:00:27+00:00\" \/>\n<meta property=\"og:image\" content=\"https:\/\/transamerica93.com.br\/home\/wp-content\/uploads\/2024\/10\/1-4.jpg\" \/>\n\t<meta property=\"og:image:width\" content=\"800\" \/>\n\t<meta property=\"og:image:height\" content=\"500\" \/>\n\t<meta property=\"og:image:type\" content=\"image\/jpeg\" \/>\n<meta name=\"author\" content=\"Reda\u00e7\u00e3o\" \/>\n<meta name=\"twitter:card\" content=\"summary_large_image\" \/>\n<meta name=\"twitter:creator\" content=\"@transamerica933\" \/>\n<meta name=\"twitter:site\" content=\"@transamerica933\" \/>\n<meta name=\"twitter:label1\" content=\"Escrito por\" \/>\n\t<meta name=\"twitter:data1\" content=\"Reda\u00e7\u00e3o\" \/>\n\t<meta name=\"twitter:label2\" content=\"Est. tempo de leitura\" \/>\n\t<meta name=\"twitter:data2\" content=\"4 minutos\" \/>\n<script type=\"application\/ld+json\" class=\"yoast-schema-graph\">{\"@context\":\"https:\\\/\\\/schema.org\",\"@graph\":[{\"@type\":\"Article\",\"@id\":\"https:\\\/\\\/transamerica93.com.br\\\/home\\\/governo-deve-liberar-r-150-mi-para-empresas-afetadas-por-apagao-em-sp\\\/#article\",\"isPartOf\":{\"@id\":\"https:\\\/\\\/transamerica93.com.br\\\/home\\\/governo-deve-liberar-r-150-mi-para-empresas-afetadas-por-apagao-em-sp\\\/\"},\"author\":{\"name\":\"Reda\u00e7\u00e3o\",\"@id\":\"https:\\\/\\\/transamerica93.com.br\\\/home\\\/#\\\/schema\\\/person\\\/7fed7c99c0d4562efa8561bc0f543172\"},\"headline\":\"Governo deve liberar R$ 150 mi para empresas afetadas por apag\u00e3o em SP\",\"datePublished\":\"2024-10-22T12:00:27+00:00\",\"mainEntityOfPage\":{\"@id\":\"https:\\\/\\\/transamerica93.com.br\\\/home\\\/governo-deve-liberar-r-150-mi-para-empresas-afetadas-por-apagao-em-sp\\\/\"},\"wordCount\":595,\"publisher\":{\"@id\":\"https:\\\/\\\/transamerica93.com.br\\\/home\\\/#organization\"},\"image\":{\"@id\":\"https:\\\/\\\/transamerica93.com.br\\\/home\\\/governo-deve-liberar-r-150-mi-para-empresas-afetadas-por-apagao-em-sp\\\/#primaryimage\"},\"thumbnailUrl\":\"https:\\\/\\\/transamerica93.com.br\\\/home\\\/wp-content\\\/uploads\\\/2024\\\/10\\\/1-4.jpg\",\"articleSection\":[\"Geral\"],\"inLanguage\":\"pt-BR\"},{\"@type\":\"WebPage\",\"@id\":\"https:\\\/\\\/transamerica93.com.br\\\/home\\\/governo-deve-liberar-r-150-mi-para-empresas-afetadas-por-apagao-em-sp\\\/\",\"url\":\"https:\\\/\\\/transamerica93.com.br\\\/home\\\/governo-deve-liberar-r-150-mi-para-empresas-afetadas-por-apagao-em-sp\\\/\",\"name\":\"Governo deve liberar R$ 150 mi para empresas afetadas por apag\u00e3o em SP - Transam\u00e9rica Mococa 93,3\",\"isPartOf\":{\"@id\":\"https:\\\/\\\/transamerica93.com.br\\\/home\\\/#website\"},\"primaryImageOfPage\":{\"@id\":\"https:\\\/\\\/transamerica93.com.br\\\/home\\\/governo-deve-liberar-r-150-mi-para-empresas-afetadas-por-apagao-em-sp\\\/#primaryimage\"},\"image\":{\"@id\":\"https:\\\/\\\/transamerica93.com.br\\\/home\\\/governo-deve-liberar-r-150-mi-para-empresas-afetadas-por-apagao-em-sp\\\/#primaryimage\"},\"thumbnailUrl\":\"https:\\\/\\\/transamerica93.com.br\\\/home\\\/wp-content\\\/uploads\\\/2024\\\/10\\\/1-4.jpg\",\"datePublished\":\"2024-10-22T12:00:27+00:00\",\"breadcrumb\":{\"@id\":\"https:\\\/\\\/transamerica93.com.br\\\/home\\\/governo-deve-liberar-r-150-mi-para-empresas-afetadas-por-apagao-em-sp\\\/#breadcrumb\"},\"inLanguage\":\"pt-BR\",\"potentialAction\":[{\"@type\":\"ReadAction\",\"target\":[\"https:\\\/\\\/transamerica93.com.br\\\/home\\\/governo-deve-liberar-r-150-mi-para-empresas-afetadas-por-apagao-em-sp\\\/\"]}]},{\"@type\":\"ImageObject\",\"inLanguage\":\"pt-BR\",\"@id\":\"https:\\\/\\\/transamerica93.com.br\\\/home\\\/governo-deve-liberar-r-150-mi-para-empresas-afetadas-por-apagao-em-sp\\\/#primaryimage\",\"url\":\"https:\\\/\\\/transamerica93.com.br\\\/home\\\/wp-content\\\/uploads\\\/2024\\\/10\\\/1-4.jpg\",\"contentUrl\":\"https:\\\/\\\/transamerica93.com.br\\\/home\\\/wp-content\\\/uploads\\\/2024\\\/10\\\/1-4.jpg\",\"width\":800,\"height\":500,\"caption\":\"\u00a9 Paulo Pinto\\\/ Ag\u00eancia Brasil\"},{\"@type\":\"BreadcrumbList\",\"@id\":\"https:\\\/\\\/transamerica93.com.br\\\/home\\\/governo-deve-liberar-r-150-mi-para-empresas-afetadas-por-apagao-em-sp\\\/#breadcrumb\",\"itemListElement\":[{\"@type\":\"ListItem\",\"position\":1,\"name\":\"In\u00edcio\",\"item\":\"https:\\\/\\\/transamerica93.com.br\\\/home\\\/\"},{\"@type\":\"ListItem\",\"position\":2,\"name\":\"Governo deve liberar R$ 150 mi para empresas afetadas por apag\u00e3o em SP\"}]},{\"@type\":\"WebSite\",\"@id\":\"https:\\\/\\\/transamerica93.com.br\\\/home\\\/#website\",\"url\":\"https:\\\/\\\/transamerica93.com.br\\\/home\\\/\",\"name\":\"Transam\u00e9rica Mococa 93,3\",\"description\":\"\",\"publisher\":{\"@id\":\"https:\\\/\\\/transamerica93.com.br\\\/home\\\/#organization\"},\"potentialAction\":[{\"@type\":\"SearchAction\",\"target\":{\"@type\":\"EntryPoint\",\"urlTemplate\":\"https:\\\/\\\/transamerica93.com.br\\\/home\\\/?s={search_term_string}\"},\"query-input\":{\"@type\":\"PropertyValueSpecification\",\"valueRequired\":true,\"valueName\":\"search_term_string\"}}],\"inLanguage\":\"pt-BR\"},{\"@type\":\"Organization\",\"@id\":\"https:\\\/\\\/transamerica93.com.br\\\/home\\\/#organization\",\"name\":\"Transam\u00e9rica Mococa 93,3\",\"url\":\"https:\\\/\\\/transamerica93.com.br\\\/home\\\/\",\"logo\":{\"@type\":\"ImageObject\",\"inLanguage\":\"pt-BR\",\"@id\":\"https:\\\/\\\/transamerica93.com.br\\\/home\\\/#\\\/schema\\\/logo\\\/image\\\/\",\"url\":\"https:\\\/\\\/transamerica93.com.br\\\/home\\\/wp-content\\\/uploads\\\/2023\\\/10\\\/logo2.png\",\"contentUrl\":\"https:\\\/\\\/transamerica93.com.br\\\/home\\\/wp-content\\\/uploads\\\/2023\\\/10\\\/logo2.png\",\"width\":800,\"height\":500,\"caption\":\"Transam\u00e9rica Mococa 93,3\"},\"image\":{\"@id\":\"https:\\\/\\\/transamerica93.com.br\\\/home\\\/#\\\/schema\\\/logo\\\/image\\\/\"},\"sameAs\":[\"https:\\\/\\\/www.facebook.com\\\/transamericamococa\",\"https:\\\/\\\/x.com\\\/transamerica933\",\"https:\\\/\\\/www.instagram.com\\\/transamericamococa\"]},{\"@type\":\"Person\",\"@id\":\"https:\\\/\\\/transamerica93.com.br\\\/home\\\/#\\\/schema\\\/person\\\/7fed7c99c0d4562efa8561bc0f543172\",\"name\":\"Reda\u00e7\u00e3o\",\"image\":{\"@type\":\"ImageObject\",\"inLanguage\":\"pt-BR\",\"@id\":\"https:\\\/\\\/secure.gravatar.com\\\/avatar\\\/1072c6b775fb02ef8506ce967551d95926669a6b7d2c2147b42eea4d7c68395e?s=96&d=mm&r=g\",\"url\":\"https:\\\/\\\/secure.gravatar.com\\\/avatar\\\/1072c6b775fb02ef8506ce967551d95926669a6b7d2c2147b42eea4d7c68395e?s=96&d=mm&r=g\",\"contentUrl\":\"https:\\\/\\\/secure.gravatar.com\\\/avatar\\\/1072c6b775fb02ef8506ce967551d95926669a6b7d2c2147b42eea4d7c68395e?s=96&d=mm&r=g\",\"caption\":\"Reda\u00e7\u00e3o\"},\"sameAs\":[\"https:\\\/\\\/transamerica93.com.br\\\/home\"],\"url\":\"https:\\\/\\\/transamerica93.com.br\\\/home\\\/author\\\/william\\\/\"}]}<\/script>\n<!-- \/ Yoast SEO plugin. -->","yoast_head_json":{"title":"Governo deve liberar R$ 150 mi para empresas afetadas por apag\u00e3o em SP - Transam\u00e9rica Mococa 93,3","robots":{"index":"index","follow":"follow","max-snippet":"max-snippet:-1","max-image-preview":"max-image-preview:large","max-video-preview":"max-video-preview:-1"},"canonical":"https:\/\/transamerica93.com.br\/home\/governo-deve-liberar-r-150-mi-para-empresas-afetadas-por-apagao-em-sp\/","og_locale":"pt_BR","og_type":"article","og_title":"Governo deve liberar R$ 150 mi para empresas afetadas por apag\u00e3o em SP - Transam\u00e9rica Mococa 93,3","og_description":"O ministro da Fazenda, Fernando Haddad, informou, nesta sexta-feira (18), que o governo dever\u00e1 usar R$ 150 milh\u00f5es do\u00a0Fundo Garantidor de Opera\u00e7\u00f5es (FGO) para criar linha de cr\u00e9dito \u00e0s pequenas empresas atingidas pelo apag\u00e3o na regi\u00e3o metropolitana de S\u00e3o Paulo. A medida provis\u00f3ria para formalizar a libera\u00e7\u00e3o dos recursos deve ser assinada pelo presidente Luiz &hellip;","og_url":"https:\/\/transamerica93.com.br\/home\/governo-deve-liberar-r-150-mi-para-empresas-afetadas-por-apagao-em-sp\/","og_site_name":"Transam\u00e9rica Mococa 93,3","article_publisher":"https:\/\/www.facebook.com\/transamericamococa","article_published_time":"2024-10-22T12:00:27+00:00","og_image":[{"width":800,"height":500,"url":"https:\/\/transamerica93.com.br\/home\/wp-content\/uploads\/2024\/10\/1-4.jpg","type":"image\/jpeg"}],"author":"Reda\u00e7\u00e3o","twitter_card":"summary_large_image","twitter_creator":"@transamerica933","twitter_site":"@transamerica933","twitter_misc":{"Escrito por":"Reda\u00e7\u00e3o","Est. tempo de leitura":"4 minutos"},"schema":{"@context":"https:\/\/schema.org","@graph":[{"@type":"Article","@id":"https:\/\/transamerica93.com.br\/home\/governo-deve-liberar-r-150-mi-para-empresas-afetadas-por-apagao-em-sp\/#article","isPartOf":{"@id":"https:\/\/transamerica93.com.br\/home\/governo-deve-liberar-r-150-mi-para-empresas-afetadas-por-apagao-em-sp\/"},"author":{"name":"Reda\u00e7\u00e3o","@id":"https:\/\/transamerica93.com.br\/home\/#\/schema\/person\/7fed7c99c0d4562efa8561bc0f543172"},"headline":"Governo deve liberar R$ 150 mi para empresas afetadas por apag\u00e3o em SP","datePublished":"2024-10-22T12:00:27+00:00","mainEntityOfPage":{"@id":"https:\/\/transamerica93.com.br\/home\/governo-deve-liberar-r-150-mi-para-empresas-afetadas-por-apagao-em-sp\/"},"wordCount":595,"publisher":{"@id":"https:\/\/transamerica93.com.br\/home\/#organization"},"image":{"@id":"https:\/\/transamerica93.com.br\/home\/governo-deve-liberar-r-150-mi-para-empresas-afetadas-por-apagao-em-sp\/#primaryimage"},"thumbnailUrl":"https:\/\/transamerica93.com.br\/home\/wp-content\/uploads\/2024\/10\/1-4.jpg","articleSection":["Geral"],"inLanguage":"pt-BR"},{"@type":"WebPage","@id":"https:\/\/transamerica93.com.br\/home\/governo-deve-liberar-r-150-mi-para-empresas-afetadas-por-apagao-em-sp\/","url":"https:\/\/transamerica93.com.br\/home\/governo-deve-liberar-r-150-mi-para-empresas-afetadas-por-apagao-em-sp\/","name":"Governo deve liberar R$ 150 mi para empresas afetadas por apag\u00e3o em SP - Transam\u00e9rica Mococa 93,3","isPartOf":{"@id":"https:\/\/transamerica93.com.br\/home\/#website"},"primaryImageOfPage":{"@id":"https:\/\/transamerica93.com.br\/home\/governo-deve-liberar-r-150-mi-para-empresas-afetadas-por-apagao-em-sp\/#primaryimage"},"image":{"@id":"https:\/\/transamerica93.com.br\/home\/governo-deve-liberar-r-150-mi-para-empresas-afetadas-por-apagao-em-sp\/#primaryimage"},"thumbnailUrl":"https:\/\/transamerica93.com.br\/home\/wp-content\/uploads\/2024\/10\/1-4.jpg","datePublished":"2024-10-22T12:00:27+00:00","breadcrumb":{"@id":"https:\/\/transamerica93.com.br\/home\/governo-deve-liberar-r-150-mi-para-empresas-afetadas-por-apagao-em-sp\/#breadcrumb"},"inLanguage":"pt-BR","potentialAction":[{"@type":"ReadAction","target":["https:\/\/transamerica93.com.br\/home\/governo-deve-liberar-r-150-mi-para-empresas-afetadas-por-apagao-em-sp\/"]}]},{"@type":"ImageObject","inLanguage":"pt-BR","@id":"https:\/\/transamerica93.com.br\/home\/governo-deve-liberar-r-150-mi-para-empresas-afetadas-por-apagao-em-sp\/#primaryimage","url":"https:\/\/transamerica93.com.br\/home\/wp-content\/uploads\/2024\/10\/1-4.jpg","contentUrl":"https:\/\/transamerica93.com.br\/home\/wp-content\/uploads\/2024\/10\/1-4.jpg","width":800,"height":500,"caption":"\u00a9 Paulo Pinto\/ Ag\u00eancia Brasil"},{"@type":"BreadcrumbList","@id":"https:\/\/transamerica93.com.br\/home\/governo-deve-liberar-r-150-mi-para-empresas-afetadas-por-apagao-em-sp\/#breadcrumb","itemListElement":[{"@type":"ListItem","position":1,"name":"In\u00edcio","item":"https:\/\/transamerica93.com.br\/home\/"},{"@type":"ListItem","position":2,"name":"Governo deve liberar R$ 150 mi para empresas afetadas por apag\u00e3o em SP"}]},{"@type":"WebSite","@id":"https:\/\/transamerica93.com.br\/home\/#website","url":"https:\/\/transamerica93.com.br\/home\/","name":"Transam\u00e9rica Mococa 93,3","description":"","publisher":{"@id":"https:\/\/transamerica93.com.br\/home\/#organization"},"potentialAction":[{"@type":"SearchAction","target":{"@type":"EntryPoint","urlTemplate":"https:\/\/transamerica93.com.br\/home\/?s={search_term_string}"},"query-input":{"@type":"PropertyValueSpecification","valueRequired":true,"valueName":"search_term_string"}}],"inLanguage":"pt-BR"},{"@type":"Organization","@id":"https:\/\/transamerica93.com.br\/home\/#organization","name":"Transam\u00e9rica Mococa 93,3","url":"https:\/\/transamerica93.com.br\/home\/","logo":{"@type":"ImageObject","inLanguage":"pt-BR","@id":"https:\/\/transamerica93.com.br\/home\/#\/schema\/logo\/image\/","url":"https:\/\/transamerica93.com.br\/home\/wp-content\/uploads\/2023\/10\/logo2.png","contentUrl":"https:\/\/transamerica93.com.br\/home\/wp-content\/uploads\/2023\/10\/logo2.png","width":800,"height":500,"caption":"Transam\u00e9rica Mococa 93,3"},"image":{"@id":"https:\/\/transamerica93.com.br\/home\/#\/schema\/logo\/image\/"},"sameAs":["https:\/\/www.facebook.com\/transamericamococa","https:\/\/x.com\/transamerica933","https:\/\/www.instagram.com\/transamericamococa"]},{"@type":"Person","@id":"https:\/\/transamerica93.com.br\/home\/#\/schema\/person\/7fed7c99c0d4562efa8561bc0f543172","name":"Reda\u00e7\u00e3o","image":{"@type":"ImageObject","inLanguage":"pt-BR","@id":"https:\/\/secure.gravatar.com\/avatar\/1072c6b775fb02ef8506ce967551d95926669a6b7d2c2147b42eea4d7c68395e?s=96&d=mm&r=g","url":"https:\/\/secure.gravatar.com\/avatar\/1072c6b775fb02ef8506ce967551d95926669a6b7d2c2147b42eea4d7c68395e?s=96&d=mm&r=g","contentUrl":"https:\/\/secure.gravatar.com\/avatar\/1072c6b775fb02ef8506ce967551d95926669a6b7d2c2147b42eea4d7c68395e?s=96&d=mm&r=g","caption":"Reda\u00e7\u00e3o"},"sameAs":["https:\/\/transamerica93.com.br\/home"],"url":"https:\/\/transamerica93.com.br\/home\/author\/william\/"}]}},"_links":{"self":[{"href":"https:\/\/transamerica93.com.br\/home\/wp-json\/wp\/v2\/posts\/3944","targetHints":{"allow":["GET"]}}],"collection":[{"href":"https:\/\/transamerica93.com.br\/home\/wp-json\/wp\/v2\/posts"}],"about":[{"href":"https:\/\/transamerica93.com.br\/home\/wp-json\/wp\/v2\/types\/post"}],"author":[{"embeddable":true,"href":"https:\/\/transamerica93.com.br\/home\/wp-json\/wp\/v2\/users\/1"}],"replies":[{"embeddable":true,"href":"https:\/\/transamerica93.com.br\/home\/wp-json\/wp\/v2\/comments?post=3944"}],"version-history":[{"count":1,"href":"https:\/\/transamerica93.com.br\/home\/wp-json\/wp\/v2\/posts\/3944\/revisions"}],"predecessor-version":[{"id":3945,"href":"https:\/\/transamerica93.com.br\/home\/wp-json\/wp\/v2\/posts\/3944\/revisions\/3945"}],"wp:featuredmedia":[{"embeddable":true,"href":"https:\/\/transamerica93.com.br\/home\/wp-json\/wp\/v2\/media\/3938"}],"wp:attachment":[{"href":"https:\/\/transamerica93.com.br\/home\/wp-json\/wp\/v2\/media?parent=3944"}],"wp:term":[{"taxonomy":"category","embeddable":true,"href":"https:\/\/transamerica93.com.br\/home\/wp-json\/wp\/v2\/categories?post=3944"},{"taxonomy":"post_tag","embeddable":true,"href":"https:\/\/transamerica93.com.br\/home\/wp-json\/wp\/v2\/tags?post=3944"}],"curies":[{"name":"wp","href":"https:\/\/api.w.org\/{rel}","templated":true}]}}