{"id":3948,"date":"2024-10-24T09:00:47","date_gmt":"2024-10-24T12:00:47","guid":{"rendered":"https:\/\/transamerica93.com.br\/home\/?p=3948"},"modified":"2024-10-18T16:03:58","modified_gmt":"2024-10-18T19:03:58","slug":"mais-medicos-alcanca-quase-80-dos-municipios-de-ate-52-mil-pessoas","status":"publish","type":"post","link":"https:\/\/transamerica93.com.br\/home\/mais-medicos-alcanca-quase-80-dos-municipios-de-ate-52-mil-pessoas\/","title":{"rendered":"Mais M\u00e9dicos alcan\u00e7a quase 80% dos munic\u00edpios de at\u00e9 52 mil pessoas"},"content":{"rendered":"<div class=\"conteudo-noticia\">\n<p>Nesta sexta-feira (18), quando \u00e9 celebrado o Dia dos M\u00e9dicos, o Minist\u00e9rio da Sa\u00fade destaca os n\u00fameros alcan\u00e7ados pelo Programa Mais M\u00e9dicos, reestabelecido em 2023.\u00a0Os dados da Secretaria de Aten\u00e7\u00e3o Prim\u00e1ria \u00e0 Sa\u00fade (Saps) indicam que o programa alcan\u00e7a atualmente 80% dos 3,9 mil munic\u00edpios com popula\u00e7\u00e3o entre 700 e 52 mil habitantes, com estimativa de cobertura populacional de 26,9 milh\u00f5es de pessoas. O n\u00famero representa 40,9% da popula\u00e7\u00e3o desses munic\u00edpios.<img decoding=\"async\" data-src=\"https:\/\/agenciabrasil.ebc.com.br\/ebc.png?id=1615935&amp;o=node\" src=\"data:image\/svg+xml;base64,PHN2ZyB3aWR0aD0iMSIgaGVpZ2h0PSIxIiB4bWxucz0iaHR0cDovL3d3dy53My5vcmcvMjAwMC9zdmciPjwvc3ZnPg==\" class=\"lazyload\" \/><img decoding=\"async\" data-src=\"https:\/\/agenciabrasil.ebc.com.br\/ebc.gif?id=1615935&amp;o=node\" src=\"data:image\/svg+xml;base64,PHN2ZyB3aWR0aD0iMSIgaGVpZ2h0PSIxIiB4bWxucz0iaHR0cDovL3d3dy53My5vcmcvMjAwMC9zdmciPjwvc3ZnPg==\" class=\"lazyload\" \/><\/p>\n<blockquote><p>\u00a0\u201c\u00c9 uma grande conquista ver o crescimento desse programa essencial para o SUS chegar a todo o pa\u00eds. O Mais M\u00e9dicos \u00e9 uma realidade e faz a diferen\u00e7a. Quando assumimos o governo, havia 13 mil profissionais. At\u00e9 o final da gest\u00e3o, alcan\u00e7aremos a meta dos 28 mil\u201d, diz a ministra da Sa\u00fade, N\u00edsia Trindade.<\/p><\/blockquote>\n<p>Os munic\u00edpios de maior vulnerabilidade social tamb\u00e9m tiveram avan\u00e7os na cobertura do programa: 60% dos m\u00e9dicos est\u00e3o nessas regi\u00f5es. Na Amaz\u00f4nia Legal, nove munic\u00edpios de alta vulnerabilidade passaram a ter m\u00e9dicos: Amap\u00e1 do Maranh\u00e3o, no Maranh\u00e3o; Anori, Nhamunda, Quaticuru e Santa Isabel do Rio Negro, no Amazonas; Calcoene, no Amap\u00e1; Lizarda,\u00a0\u00a0 \u00a0e Paran\u00e3, no Tocantins; e Santa Luiza do Par\u00e1, no Par\u00e1.<\/p>\n<p>Tamb\u00e9m foi registrado crescimento do Mais M\u00e9dicos na assist\u00eancia \u00e0 sa\u00fade ind\u00edgena. Em dezembro de 2022, eram 224. Em setembro deste ano, esse n\u00famero saltou para 570 profissionais ativos.<\/p>\n<p>Desde o ano passado, os profissionais da \u00e1rea podem fazer especializa\u00e7\u00e3o e mestrado por meio da Estrat\u00e9gia Nacional de Forma\u00e7\u00e3o de Especialistas para a Sa\u00fade, que integra os programas de forma\u00e7\u00e3o, provimento e educa\u00e7\u00e3o pelo trabalho no \u00e2mbito do Sistema \u00danico de Sa\u00fade (SUS).<\/p>\n<p>Uma novidade presente no 38\u00ba edital do programa foi a oferta de vagas afirmativas, no regime de cotas, para pessoas com defici\u00eancia e grupos \u00e9tnico-raciais, como negros, quilombolas e ind\u00edgenas.<\/p>\n<p>Na \u00faltima semana, o Minist\u00e9rio da Sa\u00fade promoveu, em parceria com o Minist\u00e9rio da Educa\u00e7\u00e3o, o 3\u00b0 M\u00f3dulo de Acolhimento e Avalia\u00e7\u00e3o de 2024 do Programa Mais M\u00e9dicos. Participaram 364 m\u00e9dicos intercambistas, todos brasileiros formados no exterior. Trinta desses profissionais atuar\u00e3o na Sa\u00fade Ind\u00edgena, dez no Consult\u00f3rio na Rua e 15 na Sa\u00fade Prisional.<\/p>\n<\/div>\n<div class=\"footer-noticia\">\n<div class=\"editor rowflex\">Edi\u00e7\u00e3o: A\u00e9cio Amado<\/div>\n<\/div>\n","protected":false},"excerpt":{"rendered":"<p>Nesta sexta-feira (18), quando \u00e9 celebrado o Dia dos M\u00e9dicos, o Minist\u00e9rio da Sa\u00fade destaca os n\u00fameros alcan\u00e7ados pelo Programa Mais M\u00e9dicos, reestabelecido em 2023.\u00a0Os dados da Secretaria de Aten\u00e7\u00e3o Prim\u00e1ria \u00e0 Sa\u00fade (Saps) indicam que o programa alcan\u00e7a atualmente 80% dos 3,9 mil munic\u00edpios com popula\u00e7\u00e3o entre 700 e 52 mil habitantes, com estimativa &hellip;<\/p>\n","protected":false},"author":1,"featured_media":3940,"comment_status":"closed","ping_status":"closed","sticky":false,"template":"","format":"standard","meta":{"footnotes":""},"categories":[30],"tags":[],"class_list":["post-3948","post","type-post","status-publish","format-standard","has-post-thumbnail","hentry","category-geral"],"yoast_head":"<!-- This site is optimized with the Yoast SEO plugin v27.4 - https:\/\/yoast.com\/product\/yoast-seo-wordpress\/ -->\n<title>Mais M\u00e9dicos alcan\u00e7a quase 80% dos munic\u00edpios de at\u00e9 52 mil pessoas - Transam\u00e9rica Mococa 93,3<\/title>\n<meta name=\"robots\" content=\"index, follow, max-snippet:-1, max-image-preview:large, max-video-preview:-1\" \/>\n<link rel=\"canonical\" href=\"https:\/\/transamerica93.com.br\/home\/mais-medicos-alcanca-quase-80-dos-municipios-de-ate-52-mil-pessoas\/\" \/>\n<meta property=\"og:locale\" content=\"pt_BR\" \/>\n<meta property=\"og:type\" content=\"article\" \/>\n<meta property=\"og:title\" content=\"Mais M\u00e9dicos alcan\u00e7a quase 80% dos munic\u00edpios de at\u00e9 52 mil pessoas - Transam\u00e9rica Mococa 93,3\" \/>\n<meta property=\"og:description\" content=\"Nesta sexta-feira (18), quando \u00e9 celebrado o Dia dos M\u00e9dicos, o Minist\u00e9rio da Sa\u00fade destaca os n\u00fameros alcan\u00e7ados pelo Programa Mais M\u00e9dicos, reestabelecido em 2023.\u00a0Os dados da Secretaria de Aten\u00e7\u00e3o Prim\u00e1ria \u00e0 Sa\u00fade (Saps) indicam que o programa alcan\u00e7a atualmente 80% dos 3,9 mil munic\u00edpios com popula\u00e7\u00e3o entre 700 e 52 mil habitantes, com estimativa &hellip;\" \/>\n<meta property=\"og:url\" content=\"https:\/\/transamerica93.com.br\/home\/mais-medicos-alcanca-quase-80-dos-municipios-de-ate-52-mil-pessoas\/\" \/>\n<meta property=\"og:site_name\" content=\"Transam\u00e9rica Mococa 93,3\" \/>\n<meta property=\"article:publisher\" content=\"https:\/\/www.facebook.com\/transamericamococa\" \/>\n<meta property=\"article:published_time\" content=\"2024-10-24T12:00:47+00:00\" \/>\n<meta property=\"og:image\" content=\"https:\/\/transamerica93.com.br\/home\/wp-content\/uploads\/2024\/10\/3.jpg\" \/>\n\t<meta property=\"og:image:width\" content=\"800\" \/>\n\t<meta property=\"og:image:height\" content=\"500\" \/>\n\t<meta property=\"og:image:type\" content=\"image\/jpeg\" \/>\n<meta name=\"author\" content=\"Reda\u00e7\u00e3o\" \/>\n<meta name=\"twitter:card\" content=\"summary_large_image\" \/>\n<meta name=\"twitter:creator\" content=\"@transamerica933\" \/>\n<meta name=\"twitter:site\" content=\"@transamerica933\" \/>\n<meta name=\"twitter:label1\" content=\"Escrito por\" \/>\n\t<meta name=\"twitter:data1\" content=\"Reda\u00e7\u00e3o\" \/>\n\t<meta name=\"twitter:label2\" content=\"Est. tempo de leitura\" \/>\n\t<meta name=\"twitter:data2\" content=\"3 minutos\" \/>\n<script type=\"application\/ld+json\" class=\"yoast-schema-graph\">{\"@context\":\"https:\\\/\\\/schema.org\",\"@graph\":[{\"@type\":\"Article\",\"@id\":\"https:\\\/\\\/transamerica93.com.br\\\/home\\\/mais-medicos-alcanca-quase-80-dos-municipios-de-ate-52-mil-pessoas\\\/#article\",\"isPartOf\":{\"@id\":\"https:\\\/\\\/transamerica93.com.br\\\/home\\\/mais-medicos-alcanca-quase-80-dos-municipios-de-ate-52-mil-pessoas\\\/\"},\"author\":{\"name\":\"Reda\u00e7\u00e3o\",\"@id\":\"https:\\\/\\\/transamerica93.com.br\\\/home\\\/#\\\/schema\\\/person\\\/7fed7c99c0d4562efa8561bc0f543172\"},\"headline\":\"Mais M\u00e9dicos alcan\u00e7a quase 80% dos munic\u00edpios de at\u00e9 52 mil pessoas\",\"datePublished\":\"2024-10-24T12:00:47+00:00\",\"mainEntityOfPage\":{\"@id\":\"https:\\\/\\\/transamerica93.com.br\\\/home\\\/mais-medicos-alcanca-quase-80-dos-municipios-de-ate-52-mil-pessoas\\\/\"},\"wordCount\":401,\"publisher\":{\"@id\":\"https:\\\/\\\/transamerica93.com.br\\\/home\\\/#organization\"},\"image\":{\"@id\":\"https:\\\/\\\/transamerica93.com.br\\\/home\\\/mais-medicos-alcanca-quase-80-dos-municipios-de-ate-52-mil-pessoas\\\/#primaryimage\"},\"thumbnailUrl\":\"https:\\\/\\\/transamerica93.com.br\\\/home\\\/wp-content\\\/uploads\\\/2024\\\/10\\\/3.jpg\",\"articleSection\":[\"Geral\"],\"inLanguage\":\"pt-BR\"},{\"@type\":\"WebPage\",\"@id\":\"https:\\\/\\\/transamerica93.com.br\\\/home\\\/mais-medicos-alcanca-quase-80-dos-municipios-de-ate-52-mil-pessoas\\\/\",\"url\":\"https:\\\/\\\/transamerica93.com.br\\\/home\\\/mais-medicos-alcanca-quase-80-dos-municipios-de-ate-52-mil-pessoas\\\/\",\"name\":\"Mais M\u00e9dicos alcan\u00e7a quase 80% dos munic\u00edpios de at\u00e9 52 mil pessoas - Transam\u00e9rica Mococa 93,3\",\"isPartOf\":{\"@id\":\"https:\\\/\\\/transamerica93.com.br\\\/home\\\/#website\"},\"primaryImageOfPage\":{\"@id\":\"https:\\\/\\\/transamerica93.com.br\\\/home\\\/mais-medicos-alcanca-quase-80-dos-municipios-de-ate-52-mil-pessoas\\\/#primaryimage\"},\"image\":{\"@id\":\"https:\\\/\\\/transamerica93.com.br\\\/home\\\/mais-medicos-alcanca-quase-80-dos-municipios-de-ate-52-mil-pessoas\\\/#primaryimage\"},\"thumbnailUrl\":\"https:\\\/\\\/transamerica93.com.br\\\/home\\\/wp-content\\\/uploads\\\/2024\\\/10\\\/3.jpg\",\"datePublished\":\"2024-10-24T12:00:47+00:00\",\"breadcrumb\":{\"@id\":\"https:\\\/\\\/transamerica93.com.br\\\/home\\\/mais-medicos-alcanca-quase-80-dos-municipios-de-ate-52-mil-pessoas\\\/#breadcrumb\"},\"inLanguage\":\"pt-BR\",\"potentialAction\":[{\"@type\":\"ReadAction\",\"target\":[\"https:\\\/\\\/transamerica93.com.br\\\/home\\\/mais-medicos-alcanca-quase-80-dos-municipios-de-ate-52-mil-pessoas\\\/\"]}]},{\"@type\":\"ImageObject\",\"inLanguage\":\"pt-BR\",\"@id\":\"https:\\\/\\\/transamerica93.com.br\\\/home\\\/mais-medicos-alcanca-quase-80-dos-municipios-de-ate-52-mil-pessoas\\\/#primaryimage\",\"url\":\"https:\\\/\\\/transamerica93.com.br\\\/home\\\/wp-content\\\/uploads\\\/2024\\\/10\\\/3.jpg\",\"contentUrl\":\"https:\\\/\\\/transamerica93.com.br\\\/home\\\/wp-content\\\/uploads\\\/2024\\\/10\\\/3.jpg\",\"width\":800,\"height\":500,\"caption\":\"\u00a9 Marcelo Camargo\\\/Ag\u00eancia Brasil\"},{\"@type\":\"BreadcrumbList\",\"@id\":\"https:\\\/\\\/transamerica93.com.br\\\/home\\\/mais-medicos-alcanca-quase-80-dos-municipios-de-ate-52-mil-pessoas\\\/#breadcrumb\",\"itemListElement\":[{\"@type\":\"ListItem\",\"position\":1,\"name\":\"In\u00edcio\",\"item\":\"https:\\\/\\\/transamerica93.com.br\\\/home\\\/\"},{\"@type\":\"ListItem\",\"position\":2,\"name\":\"Mais M\u00e9dicos alcan\u00e7a quase 80% dos munic\u00edpios de at\u00e9 52 mil pessoas\"}]},{\"@type\":\"WebSite\",\"@id\":\"https:\\\/\\\/transamerica93.com.br\\\/home\\\/#website\",\"url\":\"https:\\\/\\\/transamerica93.com.br\\\/home\\\/\",\"name\":\"Transam\u00e9rica Mococa 93,3\",\"description\":\"\",\"publisher\":{\"@id\":\"https:\\\/\\\/transamerica93.com.br\\\/home\\\/#organization\"},\"potentialAction\":[{\"@type\":\"SearchAction\",\"target\":{\"@type\":\"EntryPoint\",\"urlTemplate\":\"https:\\\/\\\/transamerica93.com.br\\\/home\\\/?s={search_term_string}\"},\"query-input\":{\"@type\":\"PropertyValueSpecification\",\"valueRequired\":true,\"valueName\":\"search_term_string\"}}],\"inLanguage\":\"pt-BR\"},{\"@type\":\"Organization\",\"@id\":\"https:\\\/\\\/transamerica93.com.br\\\/home\\\/#organization\",\"name\":\"Transam\u00e9rica Mococa 93,3\",\"url\":\"https:\\\/\\\/transamerica93.com.br\\\/home\\\/\",\"logo\":{\"@type\":\"ImageObject\",\"inLanguage\":\"pt-BR\",\"@id\":\"https:\\\/\\\/transamerica93.com.br\\\/home\\\/#\\\/schema\\\/logo\\\/image\\\/\",\"url\":\"https:\\\/\\\/transamerica93.com.br\\\/home\\\/wp-content\\\/uploads\\\/2023\\\/10\\\/logo2.png\",\"contentUrl\":\"https:\\\/\\\/transamerica93.com.br\\\/home\\\/wp-content\\\/uploads\\\/2023\\\/10\\\/logo2.png\",\"width\":800,\"height\":500,\"caption\":\"Transam\u00e9rica Mococa 93,3\"},\"image\":{\"@id\":\"https:\\\/\\\/transamerica93.com.br\\\/home\\\/#\\\/schema\\\/logo\\\/image\\\/\"},\"sameAs\":[\"https:\\\/\\\/www.facebook.com\\\/transamericamococa\",\"https:\\\/\\\/x.com\\\/transamerica933\",\"https:\\\/\\\/www.instagram.com\\\/transamericamococa\"]},{\"@type\":\"Person\",\"@id\":\"https:\\\/\\\/transamerica93.com.br\\\/home\\\/#\\\/schema\\\/person\\\/7fed7c99c0d4562efa8561bc0f543172\",\"name\":\"Reda\u00e7\u00e3o\",\"image\":{\"@type\":\"ImageObject\",\"inLanguage\":\"pt-BR\",\"@id\":\"https:\\\/\\\/secure.gravatar.com\\\/avatar\\\/1072c6b775fb02ef8506ce967551d95926669a6b7d2c2147b42eea4d7c68395e?s=96&d=mm&r=g\",\"url\":\"https:\\\/\\\/secure.gravatar.com\\\/avatar\\\/1072c6b775fb02ef8506ce967551d95926669a6b7d2c2147b42eea4d7c68395e?s=96&d=mm&r=g\",\"contentUrl\":\"https:\\\/\\\/secure.gravatar.com\\\/avatar\\\/1072c6b775fb02ef8506ce967551d95926669a6b7d2c2147b42eea4d7c68395e?s=96&d=mm&r=g\",\"caption\":\"Reda\u00e7\u00e3o\"},\"sameAs\":[\"https:\\\/\\\/transamerica93.com.br\\\/home\"],\"url\":\"https:\\\/\\\/transamerica93.com.br\\\/home\\\/author\\\/william\\\/\"}]}<\/script>\n<!-- \/ Yoast SEO plugin. -->","yoast_head_json":{"title":"Mais M\u00e9dicos alcan\u00e7a quase 80% dos munic\u00edpios de at\u00e9 52 mil pessoas - Transam\u00e9rica Mococa 93,3","robots":{"index":"index","follow":"follow","max-snippet":"max-snippet:-1","max-image-preview":"max-image-preview:large","max-video-preview":"max-video-preview:-1"},"canonical":"https:\/\/transamerica93.com.br\/home\/mais-medicos-alcanca-quase-80-dos-municipios-de-ate-52-mil-pessoas\/","og_locale":"pt_BR","og_type":"article","og_title":"Mais M\u00e9dicos alcan\u00e7a quase 80% dos munic\u00edpios de at\u00e9 52 mil pessoas - Transam\u00e9rica Mococa 93,3","og_description":"Nesta sexta-feira (18), quando \u00e9 celebrado o Dia dos M\u00e9dicos, o Minist\u00e9rio da Sa\u00fade destaca os n\u00fameros alcan\u00e7ados pelo Programa Mais M\u00e9dicos, reestabelecido em 2023.\u00a0Os dados da Secretaria de Aten\u00e7\u00e3o Prim\u00e1ria \u00e0 Sa\u00fade (Saps) indicam que o programa alcan\u00e7a atualmente 80% dos 3,9 mil munic\u00edpios com popula\u00e7\u00e3o entre 700 e 52 mil habitantes, com estimativa &hellip;","og_url":"https:\/\/transamerica93.com.br\/home\/mais-medicos-alcanca-quase-80-dos-municipios-de-ate-52-mil-pessoas\/","og_site_name":"Transam\u00e9rica Mococa 93,3","article_publisher":"https:\/\/www.facebook.com\/transamericamococa","article_published_time":"2024-10-24T12:00:47+00:00","og_image":[{"width":800,"height":500,"url":"https:\/\/transamerica93.com.br\/home\/wp-content\/uploads\/2024\/10\/3.jpg","type":"image\/jpeg"}],"author":"Reda\u00e7\u00e3o","twitter_card":"summary_large_image","twitter_creator":"@transamerica933","twitter_site":"@transamerica933","twitter_misc":{"Escrito por":"Reda\u00e7\u00e3o","Est. tempo de leitura":"3 minutos"},"schema":{"@context":"https:\/\/schema.org","@graph":[{"@type":"Article","@id":"https:\/\/transamerica93.com.br\/home\/mais-medicos-alcanca-quase-80-dos-municipios-de-ate-52-mil-pessoas\/#article","isPartOf":{"@id":"https:\/\/transamerica93.com.br\/home\/mais-medicos-alcanca-quase-80-dos-municipios-de-ate-52-mil-pessoas\/"},"author":{"name":"Reda\u00e7\u00e3o","@id":"https:\/\/transamerica93.com.br\/home\/#\/schema\/person\/7fed7c99c0d4562efa8561bc0f543172"},"headline":"Mais M\u00e9dicos alcan\u00e7a quase 80% dos munic\u00edpios de at\u00e9 52 mil pessoas","datePublished":"2024-10-24T12:00:47+00:00","mainEntityOfPage":{"@id":"https:\/\/transamerica93.com.br\/home\/mais-medicos-alcanca-quase-80-dos-municipios-de-ate-52-mil-pessoas\/"},"wordCount":401,"publisher":{"@id":"https:\/\/transamerica93.com.br\/home\/#organization"},"image":{"@id":"https:\/\/transamerica93.com.br\/home\/mais-medicos-alcanca-quase-80-dos-municipios-de-ate-52-mil-pessoas\/#primaryimage"},"thumbnailUrl":"https:\/\/transamerica93.com.br\/home\/wp-content\/uploads\/2024\/10\/3.jpg","articleSection":["Geral"],"inLanguage":"pt-BR"},{"@type":"WebPage","@id":"https:\/\/transamerica93.com.br\/home\/mais-medicos-alcanca-quase-80-dos-municipios-de-ate-52-mil-pessoas\/","url":"https:\/\/transamerica93.com.br\/home\/mais-medicos-alcanca-quase-80-dos-municipios-de-ate-52-mil-pessoas\/","name":"Mais M\u00e9dicos alcan\u00e7a quase 80% dos munic\u00edpios de at\u00e9 52 mil pessoas - Transam\u00e9rica Mococa 93,3","isPartOf":{"@id":"https:\/\/transamerica93.com.br\/home\/#website"},"primaryImageOfPage":{"@id":"https:\/\/transamerica93.com.br\/home\/mais-medicos-alcanca-quase-80-dos-municipios-de-ate-52-mil-pessoas\/#primaryimage"},"image":{"@id":"https:\/\/transamerica93.com.br\/home\/mais-medicos-alcanca-quase-80-dos-municipios-de-ate-52-mil-pessoas\/#primaryimage"},"thumbnailUrl":"https:\/\/transamerica93.com.br\/home\/wp-content\/uploads\/2024\/10\/3.jpg","datePublished":"2024-10-24T12:00:47+00:00","breadcrumb":{"@id":"https:\/\/transamerica93.com.br\/home\/mais-medicos-alcanca-quase-80-dos-municipios-de-ate-52-mil-pessoas\/#breadcrumb"},"inLanguage":"pt-BR","potentialAction":[{"@type":"ReadAction","target":["https:\/\/transamerica93.com.br\/home\/mais-medicos-alcanca-quase-80-dos-municipios-de-ate-52-mil-pessoas\/"]}]},{"@type":"ImageObject","inLanguage":"pt-BR","@id":"https:\/\/transamerica93.com.br\/home\/mais-medicos-alcanca-quase-80-dos-municipios-de-ate-52-mil-pessoas\/#primaryimage","url":"https:\/\/transamerica93.com.br\/home\/wp-content\/uploads\/2024\/10\/3.jpg","contentUrl":"https:\/\/transamerica93.com.br\/home\/wp-content\/uploads\/2024\/10\/3.jpg","width":800,"height":500,"caption":"\u00a9 Marcelo Camargo\/Ag\u00eancia Brasil"},{"@type":"BreadcrumbList","@id":"https:\/\/transamerica93.com.br\/home\/mais-medicos-alcanca-quase-80-dos-municipios-de-ate-52-mil-pessoas\/#breadcrumb","itemListElement":[{"@type":"ListItem","position":1,"name":"In\u00edcio","item":"https:\/\/transamerica93.com.br\/home\/"},{"@type":"ListItem","position":2,"name":"Mais M\u00e9dicos alcan\u00e7a quase 80% dos munic\u00edpios de at\u00e9 52 mil pessoas"}]},{"@type":"WebSite","@id":"https:\/\/transamerica93.com.br\/home\/#website","url":"https:\/\/transamerica93.com.br\/home\/","name":"Transam\u00e9rica Mococa 93,3","description":"","publisher":{"@id":"https:\/\/transamerica93.com.br\/home\/#organization"},"potentialAction":[{"@type":"SearchAction","target":{"@type":"EntryPoint","urlTemplate":"https:\/\/transamerica93.com.br\/home\/?s={search_term_string}"},"query-input":{"@type":"PropertyValueSpecification","valueRequired":true,"valueName":"search_term_string"}}],"inLanguage":"pt-BR"},{"@type":"Organization","@id":"https:\/\/transamerica93.com.br\/home\/#organization","name":"Transam\u00e9rica Mococa 93,3","url":"https:\/\/transamerica93.com.br\/home\/","logo":{"@type":"ImageObject","inLanguage":"pt-BR","@id":"https:\/\/transamerica93.com.br\/home\/#\/schema\/logo\/image\/","url":"https:\/\/transamerica93.com.br\/home\/wp-content\/uploads\/2023\/10\/logo2.png","contentUrl":"https:\/\/transamerica93.com.br\/home\/wp-content\/uploads\/2023\/10\/logo2.png","width":800,"height":500,"caption":"Transam\u00e9rica Mococa 93,3"},"image":{"@id":"https:\/\/transamerica93.com.br\/home\/#\/schema\/logo\/image\/"},"sameAs":["https:\/\/www.facebook.com\/transamericamococa","https:\/\/x.com\/transamerica933","https:\/\/www.instagram.com\/transamericamococa"]},{"@type":"Person","@id":"https:\/\/transamerica93.com.br\/home\/#\/schema\/person\/7fed7c99c0d4562efa8561bc0f543172","name":"Reda\u00e7\u00e3o","image":{"@type":"ImageObject","inLanguage":"pt-BR","@id":"https:\/\/secure.gravatar.com\/avatar\/1072c6b775fb02ef8506ce967551d95926669a6b7d2c2147b42eea4d7c68395e?s=96&d=mm&r=g","url":"https:\/\/secure.gravatar.com\/avatar\/1072c6b775fb02ef8506ce967551d95926669a6b7d2c2147b42eea4d7c68395e?s=96&d=mm&r=g","contentUrl":"https:\/\/secure.gravatar.com\/avatar\/1072c6b775fb02ef8506ce967551d95926669a6b7d2c2147b42eea4d7c68395e?s=96&d=mm&r=g","caption":"Reda\u00e7\u00e3o"},"sameAs":["https:\/\/transamerica93.com.br\/home"],"url":"https:\/\/transamerica93.com.br\/home\/author\/william\/"}]}},"_links":{"self":[{"href":"https:\/\/transamerica93.com.br\/home\/wp-json\/wp\/v2\/posts\/3948","targetHints":{"allow":["GET"]}}],"collection":[{"href":"https:\/\/transamerica93.com.br\/home\/wp-json\/wp\/v2\/posts"}],"about":[{"href":"https:\/\/transamerica93.com.br\/home\/wp-json\/wp\/v2\/types\/post"}],"author":[{"embeddable":true,"href":"https:\/\/transamerica93.com.br\/home\/wp-json\/wp\/v2\/users\/1"}],"replies":[{"embeddable":true,"href":"https:\/\/transamerica93.com.br\/home\/wp-json\/wp\/v2\/comments?post=3948"}],"version-history":[{"count":1,"href":"https:\/\/transamerica93.com.br\/home\/wp-json\/wp\/v2\/posts\/3948\/revisions"}],"predecessor-version":[{"id":3949,"href":"https:\/\/transamerica93.com.br\/home\/wp-json\/wp\/v2\/posts\/3948\/revisions\/3949"}],"wp:featuredmedia":[{"embeddable":true,"href":"https:\/\/transamerica93.com.br\/home\/wp-json\/wp\/v2\/media\/3940"}],"wp:attachment":[{"href":"https:\/\/transamerica93.com.br\/home\/wp-json\/wp\/v2\/media?parent=3948"}],"wp:term":[{"taxonomy":"category","embeddable":true,"href":"https:\/\/transamerica93.com.br\/home\/wp-json\/wp\/v2\/categories?post=3948"},{"taxonomy":"post_tag","embeddable":true,"href":"https:\/\/transamerica93.com.br\/home\/wp-json\/wp\/v2\/tags?post=3948"}],"curies":[{"name":"wp","href":"https:\/\/api.w.org\/{rel}","templated":true}]}}