{"id":3963,"date":"2024-10-24T12:00:19","date_gmt":"2024-10-24T15:00:19","guid":{"rendered":"https:\/\/transamerica93.com.br\/home\/?p=3963"},"modified":"2024-10-18T16:23:14","modified_gmt":"2024-10-18T19:23:14","slug":"jubs-atleta-da-unifor-se-divide-entre-o-esporte-e-a-vida-academica","status":"publish","type":"post","link":"https:\/\/transamerica93.com.br\/home\/jubs-atleta-da-unifor-se-divide-entre-o-esporte-e-a-vida-academica\/","title":{"rendered":"JUBs: atleta da Unifor se divide entre o esporte e a vida acad\u00eamica"},"content":{"rendered":"<div class=\"conteudo-noticia\">\n<p>Nenhuma partida termina antes do apito final do \u00e1rbitro ou do \u00faltimo ponto, isto porque o esporte requer dedica\u00e7\u00e3o at\u00e9 o fim. N\u00e3o \u00e9 diferente na vida acad\u00eamica, que exige esfor\u00e7o at\u00e9 a conclus\u00e3o da gradua\u00e7\u00e3o. Bruna Gonzaga passa pelas duas situa\u00e7\u00f5es. Ela cursa o oitavo per\u00edodo de Psicologia na Universidade de Fortaleza (Unifor), disputa sua quinta edi\u00e7\u00e3o de Jogos Universit\u00e1rios Brasileiros (JUBs) e se prepara para retornar ao v\u00f4lei profissional.<img decoding=\"async\" data-src=\"https:\/\/agenciabrasil.ebc.com.br\/ebc.png?id=1615603&amp;o=node\" src=\"data:image\/svg+xml;base64,PHN2ZyB3aWR0aD0iMSIgaGVpZ2h0PSIxIiB4bWxucz0iaHR0cDovL3d3dy53My5vcmcvMjAwMC9zdmciPjwvc3ZnPg==\" class=\"lazyload\" \/><img decoding=\"async\" data-src=\"https:\/\/agenciabrasil.ebc.com.br\/ebc.gif?id=1615603&amp;o=node\" src=\"data:image\/svg+xml;base64,PHN2ZyB3aWR0aD0iMSIgaGVpZ2h0PSIxIiB4bWxucz0iaHR0cDovL3d3dy53My5vcmcvMjAwMC9zdmciPjwvc3ZnPg==\" class=\"lazyload\" \/><\/p>\n<p>Aos 23 anos, Bruna j\u00e1 atuou por Bradesco (SP), Bras\u00edlia V\u00f4lei (DF) e Castelo de Maia, do Porto, em Portugal, mas decidiu adiar um pouco a carreira profissional no v\u00f4lei. \u201cNo v\u00f4lei profissional voc\u00ea depende muito do seu rendimento na temporada, ela \u00e9 que dir\u00e1 como ser\u00e1 a pr\u00f3xima. Ent\u00e3o preferi voltar ao esporte universit\u00e1rio, ter meu diploma e depois voltar ao profissional. A Psicologia \u00e9 uma das poucas profiss\u00f5es que, quanto mais velha voc\u00ea for, melhor. Voc\u00ea ter\u00e1 mais experi\u00eancia de vida para lidar com as situa\u00e7\u00f5es. Ent\u00e3o, pretendo retornar ao profissional enquanto meu corpo responde\u201d, brincou.<\/p>\n<p>Bruna atuou nove meses em Portugal. Precisou trancar a matr\u00edcula na faculdade para morar na Europa. A volta ao Brasil tamb\u00e9m marcou o retorno \u00e0 Gradua\u00e7\u00e3o e ao v\u00f4lei universit\u00e1rio, mas com outra cabe\u00e7a. \u201cPassei a valorizar ainda mais o esporte universit\u00e1rio. Estudar aumenta o nosso repert\u00f3rio de vida, passamos a conseguir ver as coisas de uma maneira muito melhor. \u00c9 ter outras viv\u00eancias, n\u00e3o ficar apenas quadra, quadra, cama, quadra. Por outro lado, o v\u00f4lei profissional tem um n\u00edvel mais forte, e a\u00ed tamb\u00e9m d\u00e1 pra perceber o quanto o atleta universit\u00e1rio \u00e9 cascudo, porque temos que estudar e jogar bem\u201d, afirma a jovem.<\/p>\n<p><iframe id=\"instagram-embed-0\" class=\"instagram-media instagram-media-rendered lazyload\" data-src=\"https:\/\/www.instagram.com\/p\/CxbnXd4tJtv\/embed\/captioned\/?cr=1&amp;v=14&amp;wp=485&amp;rd=https%3A%2F%2Fagenciabrasil.ebc.com.br&amp;rp=%2Fesportes%2Fnoticia%2F2024-10%2Fjubs-atleta-da-unifor-se-divide-entre-o-esporte-e-vida-academica#%7B%22ci%22%3A0%2C%22os%22%3A5812.799999999814%2C%22ls%22%3A5435.5%2C%22le%22%3A5749.299999999814%7D\" height=\"673\" frameborder=\"0\" scrolling=\"no\" allowfullscreen=\"allowfullscreen\" data-instgrm-payload-id=\"instagram-media-payload-0\" data-mce-fragment=\"1\" src=\"data:image\/svg+xml;base64,PHN2ZyB3aWR0aD0iMSIgaGVpZ2h0PSIxIiB4bWxucz0iaHR0cDovL3d3dy53My5vcmcvMjAwMC9zdmciPjwvc3ZnPg==\" data-load-mode=\"1\"><\/iframe>Foi jogando pela Unifor que Bruna Gonzaga fez sua primeira viagem internacional, convocada para os Jogos Mundiais Universit\u00e1rios de Chengdu (China), disputado em 2023. Uma experi\u00eancia inesquec\u00edvel. \u201cFoi a melhor experi\u00eancia da minha vida. Quem viveu aquele Mundial sabe o quanto foi \u00fanico. Nos sent\u00edamos como se estiv\u00e9ssemos em uma Olimp\u00edada, com cerim\u00f4nia de abertura, convivendo com pessoas de outros idiomas, culturas, representando o nosso pa\u00eds. \u00c9 um sentimento muito forte, do qual me recordo todos os dias\u201d, diz.<\/p>\n<p>A Alemanha ser\u00e1 a sede da pr\u00f3xima edi\u00e7\u00e3o dos Jogos Mundiais Universit\u00e1rios, em 2025. Para garantir a presen\u00e7a no evento esportivo, Bruna sabe que os atletas precisam se superar: \u201cApenas n\u00f3s sabemos o quanto \u00e9 dif\u00edcil voc\u00ea ter que manter um alto rendimento jogando na quadra sem todas as regalias que um atleta profissional tem, como o descanso, que \u00e9 t\u00e3o importante quanto o treino em si. Mas acredito que o que consegue anular um pouco o burnout \u00e9 a motiva\u00e7\u00e3o. Fazer aquilo que voc\u00ea quer, tem que ter alguma coisa dentro de voc\u00ea, algo intr\u00ednseco, que far\u00e1 sentido. Se voc\u00ea for atr\u00e1s, entender, mantiver o objetivo, organizar, planejar, buscar saber se vale a pena. Se sim, corre atr\u00e1s porque vale muito a pena estar aqui no JUBs ou no Mundial Universit\u00e1rio\u201d.<\/p>\n<p>A equipe da Unifor \u00e9 uma das favoritas no JUBs Bras\u00edlia 2024. Nas duas primeiras partidas, duas vit\u00f3rias: 3 a 0 sobre a Uniniltonlims (AM) e 3 a 1 sobre a Unama (PA).<\/p>\n<\/div>\n<div class=\"footer-noticia\">\n<div class=\"editor rowflex\">Edi\u00e7\u00e3o: F\u00e1bio Lisboa<\/div>\n<\/div>\n","protected":false},"excerpt":{"rendered":"<p>Nenhuma partida termina antes do apito final do \u00e1rbitro ou do \u00faltimo ponto, isto porque o esporte requer dedica\u00e7\u00e3o at\u00e9 o fim. N\u00e3o \u00e9 diferente na vida acad\u00eamica, que exige esfor\u00e7o at\u00e9 a conclus\u00e3o da gradua\u00e7\u00e3o. Bruna Gonzaga passa pelas duas situa\u00e7\u00f5es. Ela cursa o oitavo per\u00edodo de Psicologia na Universidade de Fortaleza (Unifor), disputa &hellip;<\/p>\n","protected":false},"author":1,"featured_media":3956,"comment_status":"closed","ping_status":"closed","sticky":false,"template":"","format":"standard","meta":{"footnotes":""},"categories":[31],"tags":[],"class_list":["post-3963","post","type-post","status-publish","format-standard","has-post-thumbnail","hentry","category-esportes"],"yoast_head":"<!-- This site is optimized with the Yoast SEO plugin v27.4 - https:\/\/yoast.com\/product\/yoast-seo-wordpress\/ -->\n<title>JUBs: atleta da Unifor se divide entre o esporte e a vida acad\u00eamica - Transam\u00e9rica Mococa 93,3<\/title>\n<meta name=\"robots\" content=\"index, follow, max-snippet:-1, max-image-preview:large, max-video-preview:-1\" \/>\n<link rel=\"canonical\" href=\"https:\/\/transamerica93.com.br\/home\/jubs-atleta-da-unifor-se-divide-entre-o-esporte-e-a-vida-academica\/\" \/>\n<meta property=\"og:locale\" content=\"pt_BR\" \/>\n<meta property=\"og:type\" content=\"article\" \/>\n<meta property=\"og:title\" content=\"JUBs: atleta da Unifor se divide entre o esporte e a vida acad\u00eamica - Transam\u00e9rica Mococa 93,3\" \/>\n<meta property=\"og:description\" content=\"Nenhuma partida termina antes do apito final do \u00e1rbitro ou do \u00faltimo ponto, isto porque o esporte requer dedica\u00e7\u00e3o at\u00e9 o fim. N\u00e3o \u00e9 diferente na vida acad\u00eamica, que exige esfor\u00e7o at\u00e9 a conclus\u00e3o da gradua\u00e7\u00e3o. Bruna Gonzaga passa pelas duas situa\u00e7\u00f5es. Ela cursa o oitavo per\u00edodo de Psicologia na Universidade de Fortaleza (Unifor), disputa &hellip;\" \/>\n<meta property=\"og:url\" content=\"https:\/\/transamerica93.com.br\/home\/jubs-atleta-da-unifor-se-divide-entre-o-esporte-e-a-vida-academica\/\" \/>\n<meta property=\"og:site_name\" content=\"Transam\u00e9rica Mococa 93,3\" \/>\n<meta property=\"article:publisher\" content=\"https:\/\/www.facebook.com\/transamericamococa\" \/>\n<meta property=\"article:published_time\" content=\"2024-10-24T15:00:19+00:00\" \/>\n<meta property=\"og:image\" content=\"https:\/\/transamerica93.com.br\/home\/wp-content\/uploads\/2024\/10\/3-1.jpg\" \/>\n\t<meta property=\"og:image:width\" content=\"1170\" \/>\n\t<meta property=\"og:image:height\" content=\"701\" \/>\n\t<meta property=\"og:image:type\" content=\"image\/jpeg\" \/>\n<meta name=\"author\" content=\"Reda\u00e7\u00e3o\" \/>\n<meta name=\"twitter:card\" content=\"summary_large_image\" \/>\n<meta name=\"twitter:creator\" content=\"@transamerica933\" \/>\n<meta name=\"twitter:site\" content=\"@transamerica933\" \/>\n<meta name=\"twitter:label1\" content=\"Escrito por\" \/>\n\t<meta name=\"twitter:data1\" content=\"Reda\u00e7\u00e3o\" \/>\n\t<meta name=\"twitter:label2\" content=\"Est. tempo de leitura\" \/>\n\t<meta name=\"twitter:data2\" content=\"4 minutos\" \/>\n<script type=\"application\/ld+json\" class=\"yoast-schema-graph\">{\"@context\":\"https:\\\/\\\/schema.org\",\"@graph\":[{\"@type\":\"Article\",\"@id\":\"https:\\\/\\\/transamerica93.com.br\\\/home\\\/jubs-atleta-da-unifor-se-divide-entre-o-esporte-e-a-vida-academica\\\/#article\",\"isPartOf\":{\"@id\":\"https:\\\/\\\/transamerica93.com.br\\\/home\\\/jubs-atleta-da-unifor-se-divide-entre-o-esporte-e-a-vida-academica\\\/\"},\"author\":{\"name\":\"Reda\u00e7\u00e3o\",\"@id\":\"https:\\\/\\\/transamerica93.com.br\\\/home\\\/#\\\/schema\\\/person\\\/7fed7c99c0d4562efa8561bc0f543172\"},\"headline\":\"JUBs: atleta da Unifor se divide entre o esporte e a vida acad\u00eamica\",\"datePublished\":\"2024-10-24T15:00:19+00:00\",\"mainEntityOfPage\":{\"@id\":\"https:\\\/\\\/transamerica93.com.br\\\/home\\\/jubs-atleta-da-unifor-se-divide-entre-o-esporte-e-a-vida-academica\\\/\"},\"wordCount\":577,\"publisher\":{\"@id\":\"https:\\\/\\\/transamerica93.com.br\\\/home\\\/#organization\"},\"image\":{\"@id\":\"https:\\\/\\\/transamerica93.com.br\\\/home\\\/jubs-atleta-da-unifor-se-divide-entre-o-esporte-e-a-vida-academica\\\/#primaryimage\"},\"thumbnailUrl\":\"https:\\\/\\\/transamerica93.com.br\\\/home\\\/wp-content\\\/uploads\\\/2024\\\/10\\\/3-1.jpg\",\"articleSection\":[\"Esportes\"],\"inLanguage\":\"pt-BR\"},{\"@type\":\"WebPage\",\"@id\":\"https:\\\/\\\/transamerica93.com.br\\\/home\\\/jubs-atleta-da-unifor-se-divide-entre-o-esporte-e-a-vida-academica\\\/\",\"url\":\"https:\\\/\\\/transamerica93.com.br\\\/home\\\/jubs-atleta-da-unifor-se-divide-entre-o-esporte-e-a-vida-academica\\\/\",\"name\":\"JUBs: atleta da Unifor se divide entre o esporte e a vida acad\u00eamica - Transam\u00e9rica Mococa 93,3\",\"isPartOf\":{\"@id\":\"https:\\\/\\\/transamerica93.com.br\\\/home\\\/#website\"},\"primaryImageOfPage\":{\"@id\":\"https:\\\/\\\/transamerica93.com.br\\\/home\\\/jubs-atleta-da-unifor-se-divide-entre-o-esporte-e-a-vida-academica\\\/#primaryimage\"},\"image\":{\"@id\":\"https:\\\/\\\/transamerica93.com.br\\\/home\\\/jubs-atleta-da-unifor-se-divide-entre-o-esporte-e-a-vida-academica\\\/#primaryimage\"},\"thumbnailUrl\":\"https:\\\/\\\/transamerica93.com.br\\\/home\\\/wp-content\\\/uploads\\\/2024\\\/10\\\/3-1.jpg\",\"datePublished\":\"2024-10-24T15:00:19+00:00\",\"breadcrumb\":{\"@id\":\"https:\\\/\\\/transamerica93.com.br\\\/home\\\/jubs-atleta-da-unifor-se-divide-entre-o-esporte-e-a-vida-academica\\\/#breadcrumb\"},\"inLanguage\":\"pt-BR\",\"potentialAction\":[{\"@type\":\"ReadAction\",\"target\":[\"https:\\\/\\\/transamerica93.com.br\\\/home\\\/jubs-atleta-da-unifor-se-divide-entre-o-esporte-e-a-vida-academica\\\/\"]}]},{\"@type\":\"ImageObject\",\"inLanguage\":\"pt-BR\",\"@id\":\"https:\\\/\\\/transamerica93.com.br\\\/home\\\/jubs-atleta-da-unifor-se-divide-entre-o-esporte-e-a-vida-academica\\\/#primaryimage\",\"url\":\"https:\\\/\\\/transamerica93.com.br\\\/home\\\/wp-content\\\/uploads\\\/2024\\\/10\\\/3-1.jpg\",\"contentUrl\":\"https:\\\/\\\/transamerica93.com.br\\\/home\\\/wp-content\\\/uploads\\\/2024\\\/10\\\/3-1.jpg\",\"width\":1170,\"height\":701,\"caption\":\"\u00a9 Maur\u00edcio Costa\\\/Direitos Reservados\"},{\"@type\":\"BreadcrumbList\",\"@id\":\"https:\\\/\\\/transamerica93.com.br\\\/home\\\/jubs-atleta-da-unifor-se-divide-entre-o-esporte-e-a-vida-academica\\\/#breadcrumb\",\"itemListElement\":[{\"@type\":\"ListItem\",\"position\":1,\"name\":\"In\u00edcio\",\"item\":\"https:\\\/\\\/transamerica93.com.br\\\/home\\\/\"},{\"@type\":\"ListItem\",\"position\":2,\"name\":\"JUBs: atleta da Unifor se divide entre o esporte e a vida acad\u00eamica\"}]},{\"@type\":\"WebSite\",\"@id\":\"https:\\\/\\\/transamerica93.com.br\\\/home\\\/#website\",\"url\":\"https:\\\/\\\/transamerica93.com.br\\\/home\\\/\",\"name\":\"Transam\u00e9rica Mococa 93,3\",\"description\":\"\",\"publisher\":{\"@id\":\"https:\\\/\\\/transamerica93.com.br\\\/home\\\/#organization\"},\"potentialAction\":[{\"@type\":\"SearchAction\",\"target\":{\"@type\":\"EntryPoint\",\"urlTemplate\":\"https:\\\/\\\/transamerica93.com.br\\\/home\\\/?s={search_term_string}\"},\"query-input\":{\"@type\":\"PropertyValueSpecification\",\"valueRequired\":true,\"valueName\":\"search_term_string\"}}],\"inLanguage\":\"pt-BR\"},{\"@type\":\"Organization\",\"@id\":\"https:\\\/\\\/transamerica93.com.br\\\/home\\\/#organization\",\"name\":\"Transam\u00e9rica Mococa 93,3\",\"url\":\"https:\\\/\\\/transamerica93.com.br\\\/home\\\/\",\"logo\":{\"@type\":\"ImageObject\",\"inLanguage\":\"pt-BR\",\"@id\":\"https:\\\/\\\/transamerica93.com.br\\\/home\\\/#\\\/schema\\\/logo\\\/image\\\/\",\"url\":\"https:\\\/\\\/transamerica93.com.br\\\/home\\\/wp-content\\\/uploads\\\/2023\\\/10\\\/logo2.png\",\"contentUrl\":\"https:\\\/\\\/transamerica93.com.br\\\/home\\\/wp-content\\\/uploads\\\/2023\\\/10\\\/logo2.png\",\"width\":800,\"height\":500,\"caption\":\"Transam\u00e9rica Mococa 93,3\"},\"image\":{\"@id\":\"https:\\\/\\\/transamerica93.com.br\\\/home\\\/#\\\/schema\\\/logo\\\/image\\\/\"},\"sameAs\":[\"https:\\\/\\\/www.facebook.com\\\/transamericamococa\",\"https:\\\/\\\/x.com\\\/transamerica933\",\"https:\\\/\\\/www.instagram.com\\\/transamericamococa\"]},{\"@type\":\"Person\",\"@id\":\"https:\\\/\\\/transamerica93.com.br\\\/home\\\/#\\\/schema\\\/person\\\/7fed7c99c0d4562efa8561bc0f543172\",\"name\":\"Reda\u00e7\u00e3o\",\"image\":{\"@type\":\"ImageObject\",\"inLanguage\":\"pt-BR\",\"@id\":\"https:\\\/\\\/secure.gravatar.com\\\/avatar\\\/1072c6b775fb02ef8506ce967551d95926669a6b7d2c2147b42eea4d7c68395e?s=96&d=mm&r=g\",\"url\":\"https:\\\/\\\/secure.gravatar.com\\\/avatar\\\/1072c6b775fb02ef8506ce967551d95926669a6b7d2c2147b42eea4d7c68395e?s=96&d=mm&r=g\",\"contentUrl\":\"https:\\\/\\\/secure.gravatar.com\\\/avatar\\\/1072c6b775fb02ef8506ce967551d95926669a6b7d2c2147b42eea4d7c68395e?s=96&d=mm&r=g\",\"caption\":\"Reda\u00e7\u00e3o\"},\"sameAs\":[\"https:\\\/\\\/transamerica93.com.br\\\/home\"],\"url\":\"https:\\\/\\\/transamerica93.com.br\\\/home\\\/author\\\/william\\\/\"}]}<\/script>\n<!-- \/ Yoast SEO plugin. -->","yoast_head_json":{"title":"JUBs: atleta da Unifor se divide entre o esporte e a vida acad\u00eamica - Transam\u00e9rica Mococa 93,3","robots":{"index":"index","follow":"follow","max-snippet":"max-snippet:-1","max-image-preview":"max-image-preview:large","max-video-preview":"max-video-preview:-1"},"canonical":"https:\/\/transamerica93.com.br\/home\/jubs-atleta-da-unifor-se-divide-entre-o-esporte-e-a-vida-academica\/","og_locale":"pt_BR","og_type":"article","og_title":"JUBs: atleta da Unifor se divide entre o esporte e a vida acad\u00eamica - Transam\u00e9rica Mococa 93,3","og_description":"Nenhuma partida termina antes do apito final do \u00e1rbitro ou do \u00faltimo ponto, isto porque o esporte requer dedica\u00e7\u00e3o at\u00e9 o fim. N\u00e3o \u00e9 diferente na vida acad\u00eamica, que exige esfor\u00e7o at\u00e9 a conclus\u00e3o da gradua\u00e7\u00e3o. Bruna Gonzaga passa pelas duas situa\u00e7\u00f5es. Ela cursa o oitavo per\u00edodo de Psicologia na Universidade de Fortaleza (Unifor), disputa &hellip;","og_url":"https:\/\/transamerica93.com.br\/home\/jubs-atleta-da-unifor-se-divide-entre-o-esporte-e-a-vida-academica\/","og_site_name":"Transam\u00e9rica Mococa 93,3","article_publisher":"https:\/\/www.facebook.com\/transamericamococa","article_published_time":"2024-10-24T15:00:19+00:00","og_image":[{"width":1170,"height":701,"url":"https:\/\/transamerica93.com.br\/home\/wp-content\/uploads\/2024\/10\/3-1.jpg","type":"image\/jpeg"}],"author":"Reda\u00e7\u00e3o","twitter_card":"summary_large_image","twitter_creator":"@transamerica933","twitter_site":"@transamerica933","twitter_misc":{"Escrito por":"Reda\u00e7\u00e3o","Est. tempo de leitura":"4 minutos"},"schema":{"@context":"https:\/\/schema.org","@graph":[{"@type":"Article","@id":"https:\/\/transamerica93.com.br\/home\/jubs-atleta-da-unifor-se-divide-entre-o-esporte-e-a-vida-academica\/#article","isPartOf":{"@id":"https:\/\/transamerica93.com.br\/home\/jubs-atleta-da-unifor-se-divide-entre-o-esporte-e-a-vida-academica\/"},"author":{"name":"Reda\u00e7\u00e3o","@id":"https:\/\/transamerica93.com.br\/home\/#\/schema\/person\/7fed7c99c0d4562efa8561bc0f543172"},"headline":"JUBs: atleta da Unifor se divide entre o esporte e a vida acad\u00eamica","datePublished":"2024-10-24T15:00:19+00:00","mainEntityOfPage":{"@id":"https:\/\/transamerica93.com.br\/home\/jubs-atleta-da-unifor-se-divide-entre-o-esporte-e-a-vida-academica\/"},"wordCount":577,"publisher":{"@id":"https:\/\/transamerica93.com.br\/home\/#organization"},"image":{"@id":"https:\/\/transamerica93.com.br\/home\/jubs-atleta-da-unifor-se-divide-entre-o-esporte-e-a-vida-academica\/#primaryimage"},"thumbnailUrl":"https:\/\/transamerica93.com.br\/home\/wp-content\/uploads\/2024\/10\/3-1.jpg","articleSection":["Esportes"],"inLanguage":"pt-BR"},{"@type":"WebPage","@id":"https:\/\/transamerica93.com.br\/home\/jubs-atleta-da-unifor-se-divide-entre-o-esporte-e-a-vida-academica\/","url":"https:\/\/transamerica93.com.br\/home\/jubs-atleta-da-unifor-se-divide-entre-o-esporte-e-a-vida-academica\/","name":"JUBs: atleta da Unifor se divide entre o esporte e a vida acad\u00eamica - Transam\u00e9rica Mococa 93,3","isPartOf":{"@id":"https:\/\/transamerica93.com.br\/home\/#website"},"primaryImageOfPage":{"@id":"https:\/\/transamerica93.com.br\/home\/jubs-atleta-da-unifor-se-divide-entre-o-esporte-e-a-vida-academica\/#primaryimage"},"image":{"@id":"https:\/\/transamerica93.com.br\/home\/jubs-atleta-da-unifor-se-divide-entre-o-esporte-e-a-vida-academica\/#primaryimage"},"thumbnailUrl":"https:\/\/transamerica93.com.br\/home\/wp-content\/uploads\/2024\/10\/3-1.jpg","datePublished":"2024-10-24T15:00:19+00:00","breadcrumb":{"@id":"https:\/\/transamerica93.com.br\/home\/jubs-atleta-da-unifor-se-divide-entre-o-esporte-e-a-vida-academica\/#breadcrumb"},"inLanguage":"pt-BR","potentialAction":[{"@type":"ReadAction","target":["https:\/\/transamerica93.com.br\/home\/jubs-atleta-da-unifor-se-divide-entre-o-esporte-e-a-vida-academica\/"]}]},{"@type":"ImageObject","inLanguage":"pt-BR","@id":"https:\/\/transamerica93.com.br\/home\/jubs-atleta-da-unifor-se-divide-entre-o-esporte-e-a-vida-academica\/#primaryimage","url":"https:\/\/transamerica93.com.br\/home\/wp-content\/uploads\/2024\/10\/3-1.jpg","contentUrl":"https:\/\/transamerica93.com.br\/home\/wp-content\/uploads\/2024\/10\/3-1.jpg","width":1170,"height":701,"caption":"\u00a9 Maur\u00edcio Costa\/Direitos Reservados"},{"@type":"BreadcrumbList","@id":"https:\/\/transamerica93.com.br\/home\/jubs-atleta-da-unifor-se-divide-entre-o-esporte-e-a-vida-academica\/#breadcrumb","itemListElement":[{"@type":"ListItem","position":1,"name":"In\u00edcio","item":"https:\/\/transamerica93.com.br\/home\/"},{"@type":"ListItem","position":2,"name":"JUBs: atleta da Unifor se divide entre o esporte e a vida acad\u00eamica"}]},{"@type":"WebSite","@id":"https:\/\/transamerica93.com.br\/home\/#website","url":"https:\/\/transamerica93.com.br\/home\/","name":"Transam\u00e9rica Mococa 93,3","description":"","publisher":{"@id":"https:\/\/transamerica93.com.br\/home\/#organization"},"potentialAction":[{"@type":"SearchAction","target":{"@type":"EntryPoint","urlTemplate":"https:\/\/transamerica93.com.br\/home\/?s={search_term_string}"},"query-input":{"@type":"PropertyValueSpecification","valueRequired":true,"valueName":"search_term_string"}}],"inLanguage":"pt-BR"},{"@type":"Organization","@id":"https:\/\/transamerica93.com.br\/home\/#organization","name":"Transam\u00e9rica Mococa 93,3","url":"https:\/\/transamerica93.com.br\/home\/","logo":{"@type":"ImageObject","inLanguage":"pt-BR","@id":"https:\/\/transamerica93.com.br\/home\/#\/schema\/logo\/image\/","url":"https:\/\/transamerica93.com.br\/home\/wp-content\/uploads\/2023\/10\/logo2.png","contentUrl":"https:\/\/transamerica93.com.br\/home\/wp-content\/uploads\/2023\/10\/logo2.png","width":800,"height":500,"caption":"Transam\u00e9rica Mococa 93,3"},"image":{"@id":"https:\/\/transamerica93.com.br\/home\/#\/schema\/logo\/image\/"},"sameAs":["https:\/\/www.facebook.com\/transamericamococa","https:\/\/x.com\/transamerica933","https:\/\/www.instagram.com\/transamericamococa"]},{"@type":"Person","@id":"https:\/\/transamerica93.com.br\/home\/#\/schema\/person\/7fed7c99c0d4562efa8561bc0f543172","name":"Reda\u00e7\u00e3o","image":{"@type":"ImageObject","inLanguage":"pt-BR","@id":"https:\/\/secure.gravatar.com\/avatar\/1072c6b775fb02ef8506ce967551d95926669a6b7d2c2147b42eea4d7c68395e?s=96&d=mm&r=g","url":"https:\/\/secure.gravatar.com\/avatar\/1072c6b775fb02ef8506ce967551d95926669a6b7d2c2147b42eea4d7c68395e?s=96&d=mm&r=g","contentUrl":"https:\/\/secure.gravatar.com\/avatar\/1072c6b775fb02ef8506ce967551d95926669a6b7d2c2147b42eea4d7c68395e?s=96&d=mm&r=g","caption":"Reda\u00e7\u00e3o"},"sameAs":["https:\/\/transamerica93.com.br\/home"],"url":"https:\/\/transamerica93.com.br\/home\/author\/william\/"}]}},"_links":{"self":[{"href":"https:\/\/transamerica93.com.br\/home\/wp-json\/wp\/v2\/posts\/3963","targetHints":{"allow":["GET"]}}],"collection":[{"href":"https:\/\/transamerica93.com.br\/home\/wp-json\/wp\/v2\/posts"}],"about":[{"href":"https:\/\/transamerica93.com.br\/home\/wp-json\/wp\/v2\/types\/post"}],"author":[{"embeddable":true,"href":"https:\/\/transamerica93.com.br\/home\/wp-json\/wp\/v2\/users\/1"}],"replies":[{"embeddable":true,"href":"https:\/\/transamerica93.com.br\/home\/wp-json\/wp\/v2\/comments?post=3963"}],"version-history":[{"count":1,"href":"https:\/\/transamerica93.com.br\/home\/wp-json\/wp\/v2\/posts\/3963\/revisions"}],"predecessor-version":[{"id":3964,"href":"https:\/\/transamerica93.com.br\/home\/wp-json\/wp\/v2\/posts\/3963\/revisions\/3964"}],"wp:featuredmedia":[{"embeddable":true,"href":"https:\/\/transamerica93.com.br\/home\/wp-json\/wp\/v2\/media\/3956"}],"wp:attachment":[{"href":"https:\/\/transamerica93.com.br\/home\/wp-json\/wp\/v2\/media?parent=3963"}],"wp:term":[{"taxonomy":"category","embeddable":true,"href":"https:\/\/transamerica93.com.br\/home\/wp-json\/wp\/v2\/categories?post=3963"},{"taxonomy":"post_tag","embeddable":true,"href":"https:\/\/transamerica93.com.br\/home\/wp-json\/wp\/v2\/tags?post=3963"}],"curies":[{"name":"wp","href":"https:\/\/api.w.org\/{rel}","templated":true}]}}