{"id":3972,"date":"2024-10-21T18:00:49","date_gmt":"2024-10-21T21:00:49","guid":{"rendered":"https:\/\/transamerica93.com.br\/home\/?p=3972"},"modified":"2024-10-18T20:17:16","modified_gmt":"2024-10-18T23:17:16","slug":"o-auto-da-compadecida-2-ganha-clipe-com-nova-musica-de-maria-bethania","status":"publish","type":"post","link":"https:\/\/transamerica93.com.br\/home\/o-auto-da-compadecida-2-ganha-clipe-com-nova-musica-de-maria-bethania\/","title":{"rendered":"&#8216;O Auto da Compadecida 2&#8217; ganha clipe com nova m\u00fasica de Maria Beth\u00e2nia"},"content":{"rendered":"<div id=\"Corpo\">Por Nico Gar\u00f3falo<\/p>\n<p>Sequ\u00eancia de um dos maiores sucessos do cinema nacional,\u00a0<i>O Auto da Compadecida 2<\/i>\u00a0ganhou um novo clipe que destaca cenas de Nossa Senhora, interpretada no novo filme por Ta\u00eds Ara\u00fajo. O v\u00eddeo conta ainda com uma pr\u00e9via de\u00a0<i>Fiadeira<\/i>, nova can\u00e7\u00e3o de Maria Beth\u00e2nia gravada para integrar a trilha sonora do longa.<\/p>\n<p><i>Fiadeira<\/i>\u00a0tem composi\u00e7\u00e3o de Juliano Holanda e foi lan\u00e7ada em 12 de outubro, quando se celebra o Dia da Nossa Senhora Aparecida.<\/p>\n<p>O\u00a0<i>Auto da Compadecida 2<\/i>\u00a0conta com os retornos de Selton Mello e Matheus Nachtergaele como Chic\u00f3 e Jo\u00e3o Grilo, respectivamente, e de Enrique Diaz e Virginia Cavendish. O elenco tem ainda Ta\u00eds Ara\u00fajo, Eduardo Sterblitch, Fabiula Nascimento, Humberto Martins e Juliano Cazarr\u00e9.<\/p>\n<p><b>Quando estreia &#8216;O Auto da Compadecida 2&#8217;<\/b><\/p>\n<p>A estreia do filme ser\u00e1 em 25 de dezembro.<\/p>\n<p><a href=\"https:\/\/www.youtube.com\/watch?v=k7iYh7JREcU\" target=\"_blank\" rel=\"noopener\"><u>Confira aqui<\/u><\/a><\/div>\n","protected":false},"excerpt":{"rendered":"<p>Por Nico Gar\u00f3falo Sequ\u00eancia de um dos maiores sucessos do cinema nacional,\u00a0O Auto da Compadecida 2\u00a0ganhou um novo clipe que destaca cenas de Nossa Senhora, interpretada no novo filme por Ta\u00eds Ara\u00fajo. O v\u00eddeo conta ainda com uma pr\u00e9via de\u00a0Fiadeira, nova can\u00e7\u00e3o de Maria Beth\u00e2nia gravada para integrar a trilha sonora do longa. Fiadeira\u00a0tem composi\u00e7\u00e3o &hellip;<\/p>\n","protected":false},"author":1,"featured_media":3973,"comment_status":"closed","ping_status":"closed","sticky":false,"template":"","format":"standard","meta":{"footnotes":""},"categories":[24],"tags":[],"class_list":["post-3972","post","type-post","status-publish","format-standard","has-post-thumbnail","hentry","category-entretenimento"],"yoast_head":"<!-- This site is optimized with the Yoast SEO plugin v27.4 - https:\/\/yoast.com\/product\/yoast-seo-wordpress\/ -->\n<title>&#039;O Auto da Compadecida 2&#039; ganha clipe com nova m\u00fasica de Maria Beth\u00e2nia - Transam\u00e9rica Mococa 93,3<\/title>\n<meta name=\"robots\" content=\"index, follow, max-snippet:-1, max-image-preview:large, max-video-preview:-1\" \/>\n<link rel=\"canonical\" href=\"https:\/\/transamerica93.com.br\/home\/o-auto-da-compadecida-2-ganha-clipe-com-nova-musica-de-maria-bethania\/\" \/>\n<meta property=\"og:locale\" content=\"pt_BR\" \/>\n<meta property=\"og:type\" content=\"article\" \/>\n<meta property=\"og:title\" content=\"&#039;O Auto da Compadecida 2&#039; ganha clipe com nova m\u00fasica de Maria Beth\u00e2nia - Transam\u00e9rica Mococa 93,3\" \/>\n<meta property=\"og:description\" content=\"Por Nico Gar\u00f3falo Sequ\u00eancia de um dos maiores sucessos do cinema nacional,\u00a0O Auto da Compadecida 2\u00a0ganhou um novo clipe que destaca cenas de Nossa Senhora, interpretada no novo filme por Ta\u00eds Ara\u00fajo. O v\u00eddeo conta ainda com uma pr\u00e9via de\u00a0Fiadeira, nova can\u00e7\u00e3o de Maria Beth\u00e2nia gravada para integrar a trilha sonora do longa. Fiadeira\u00a0tem composi\u00e7\u00e3o &hellip;\" \/>\n<meta property=\"og:url\" content=\"https:\/\/transamerica93.com.br\/home\/o-auto-da-compadecida-2-ganha-clipe-com-nova-musica-de-maria-bethania\/\" \/>\n<meta property=\"og:site_name\" content=\"Transam\u00e9rica Mococa 93,3\" \/>\n<meta property=\"article:publisher\" content=\"https:\/\/www.facebook.com\/transamericamococa\" \/>\n<meta property=\"article:published_time\" content=\"2024-10-21T21:00:49+00:00\" \/>\n<meta property=\"og:image\" content=\"https:\/\/transamerica93.com.br\/home\/wp-content\/uploads\/2024\/10\/Image1-1.jpg\" \/>\n\t<meta property=\"og:image:width\" content=\"800\" \/>\n\t<meta property=\"og:image:height\" content=\"500\" \/>\n\t<meta property=\"og:image:type\" content=\"image\/jpeg\" \/>\n<meta name=\"author\" content=\"Reda\u00e7\u00e3o\" \/>\n<meta name=\"twitter:card\" content=\"summary_large_image\" \/>\n<meta name=\"twitter:creator\" content=\"@transamerica933\" \/>\n<meta name=\"twitter:site\" content=\"@transamerica933\" \/>\n<meta name=\"twitter:label1\" content=\"Escrito por\" \/>\n\t<meta name=\"twitter:data1\" content=\"Reda\u00e7\u00e3o\" \/>\n\t<meta name=\"twitter:label2\" content=\"Est. tempo de leitura\" \/>\n\t<meta name=\"twitter:data2\" content=\"1 minuto\" \/>\n<script type=\"application\/ld+json\" class=\"yoast-schema-graph\">{\"@context\":\"https:\\\/\\\/schema.org\",\"@graph\":[{\"@type\":\"Article\",\"@id\":\"https:\\\/\\\/transamerica93.com.br\\\/home\\\/o-auto-da-compadecida-2-ganha-clipe-com-nova-musica-de-maria-bethania\\\/#article\",\"isPartOf\":{\"@id\":\"https:\\\/\\\/transamerica93.com.br\\\/home\\\/o-auto-da-compadecida-2-ganha-clipe-com-nova-musica-de-maria-bethania\\\/\"},\"author\":{\"name\":\"Reda\u00e7\u00e3o\",\"@id\":\"https:\\\/\\\/transamerica93.com.br\\\/home\\\/#\\\/schema\\\/person\\\/7fed7c99c0d4562efa8561bc0f543172\"},\"headline\":\"&#8216;O Auto da Compadecida 2&#8217; ganha clipe com nova m\u00fasica de Maria Beth\u00e2nia\",\"datePublished\":\"2024-10-21T21:00:49+00:00\",\"mainEntityOfPage\":{\"@id\":\"https:\\\/\\\/transamerica93.com.br\\\/home\\\/o-auto-da-compadecida-2-ganha-clipe-com-nova-musica-de-maria-bethania\\\/\"},\"wordCount\":161,\"publisher\":{\"@id\":\"https:\\\/\\\/transamerica93.com.br\\\/home\\\/#organization\"},\"image\":{\"@id\":\"https:\\\/\\\/transamerica93.com.br\\\/home\\\/o-auto-da-compadecida-2-ganha-clipe-com-nova-musica-de-maria-bethania\\\/#primaryimage\"},\"thumbnailUrl\":\"https:\\\/\\\/transamerica93.com.br\\\/home\\\/wp-content\\\/uploads\\\/2024\\\/10\\\/Image1-1.jpg\",\"articleSection\":[\"Entretenimento\"],\"inLanguage\":\"pt-BR\"},{\"@type\":\"WebPage\",\"@id\":\"https:\\\/\\\/transamerica93.com.br\\\/home\\\/o-auto-da-compadecida-2-ganha-clipe-com-nova-musica-de-maria-bethania\\\/\",\"url\":\"https:\\\/\\\/transamerica93.com.br\\\/home\\\/o-auto-da-compadecida-2-ganha-clipe-com-nova-musica-de-maria-bethania\\\/\",\"name\":\"'O Auto da Compadecida 2' ganha clipe com nova m\u00fasica de Maria Beth\u00e2nia - Transam\u00e9rica Mococa 93,3\",\"isPartOf\":{\"@id\":\"https:\\\/\\\/transamerica93.com.br\\\/home\\\/#website\"},\"primaryImageOfPage\":{\"@id\":\"https:\\\/\\\/transamerica93.com.br\\\/home\\\/o-auto-da-compadecida-2-ganha-clipe-com-nova-musica-de-maria-bethania\\\/#primaryimage\"},\"image\":{\"@id\":\"https:\\\/\\\/transamerica93.com.br\\\/home\\\/o-auto-da-compadecida-2-ganha-clipe-com-nova-musica-de-maria-bethania\\\/#primaryimage\"},\"thumbnailUrl\":\"https:\\\/\\\/transamerica93.com.br\\\/home\\\/wp-content\\\/uploads\\\/2024\\\/10\\\/Image1-1.jpg\",\"datePublished\":\"2024-10-21T21:00:49+00:00\",\"breadcrumb\":{\"@id\":\"https:\\\/\\\/transamerica93.com.br\\\/home\\\/o-auto-da-compadecida-2-ganha-clipe-com-nova-musica-de-maria-bethania\\\/#breadcrumb\"},\"inLanguage\":\"pt-BR\",\"potentialAction\":[{\"@type\":\"ReadAction\",\"target\":[\"https:\\\/\\\/transamerica93.com.br\\\/home\\\/o-auto-da-compadecida-2-ganha-clipe-com-nova-musica-de-maria-bethania\\\/\"]}]},{\"@type\":\"ImageObject\",\"inLanguage\":\"pt-BR\",\"@id\":\"https:\\\/\\\/transamerica93.com.br\\\/home\\\/o-auto-da-compadecida-2-ganha-clipe-com-nova-musica-de-maria-bethania\\\/#primaryimage\",\"url\":\"https:\\\/\\\/transamerica93.com.br\\\/home\\\/wp-content\\\/uploads\\\/2024\\\/10\\\/Image1-1.jpg\",\"contentUrl\":\"https:\\\/\\\/transamerica93.com.br\\\/home\\\/wp-content\\\/uploads\\\/2024\\\/10\\\/Image1-1.jpg\",\"width\":800,\"height\":500},{\"@type\":\"BreadcrumbList\",\"@id\":\"https:\\\/\\\/transamerica93.com.br\\\/home\\\/o-auto-da-compadecida-2-ganha-clipe-com-nova-musica-de-maria-bethania\\\/#breadcrumb\",\"itemListElement\":[{\"@type\":\"ListItem\",\"position\":1,\"name\":\"In\u00edcio\",\"item\":\"https:\\\/\\\/transamerica93.com.br\\\/home\\\/\"},{\"@type\":\"ListItem\",\"position\":2,\"name\":\"&#8216;O Auto da Compadecida 2&#8217; ganha clipe com nova m\u00fasica de Maria Beth\u00e2nia\"}]},{\"@type\":\"WebSite\",\"@id\":\"https:\\\/\\\/transamerica93.com.br\\\/home\\\/#website\",\"url\":\"https:\\\/\\\/transamerica93.com.br\\\/home\\\/\",\"name\":\"Transam\u00e9rica Mococa 93,3\",\"description\":\"\",\"publisher\":{\"@id\":\"https:\\\/\\\/transamerica93.com.br\\\/home\\\/#organization\"},\"potentialAction\":[{\"@type\":\"SearchAction\",\"target\":{\"@type\":\"EntryPoint\",\"urlTemplate\":\"https:\\\/\\\/transamerica93.com.br\\\/home\\\/?s={search_term_string}\"},\"query-input\":{\"@type\":\"PropertyValueSpecification\",\"valueRequired\":true,\"valueName\":\"search_term_string\"}}],\"inLanguage\":\"pt-BR\"},{\"@type\":\"Organization\",\"@id\":\"https:\\\/\\\/transamerica93.com.br\\\/home\\\/#organization\",\"name\":\"Transam\u00e9rica Mococa 93,3\",\"url\":\"https:\\\/\\\/transamerica93.com.br\\\/home\\\/\",\"logo\":{\"@type\":\"ImageObject\",\"inLanguage\":\"pt-BR\",\"@id\":\"https:\\\/\\\/transamerica93.com.br\\\/home\\\/#\\\/schema\\\/logo\\\/image\\\/\",\"url\":\"https:\\\/\\\/transamerica93.com.br\\\/home\\\/wp-content\\\/uploads\\\/2023\\\/10\\\/logo2.png\",\"contentUrl\":\"https:\\\/\\\/transamerica93.com.br\\\/home\\\/wp-content\\\/uploads\\\/2023\\\/10\\\/logo2.png\",\"width\":800,\"height\":500,\"caption\":\"Transam\u00e9rica Mococa 93,3\"},\"image\":{\"@id\":\"https:\\\/\\\/transamerica93.com.br\\\/home\\\/#\\\/schema\\\/logo\\\/image\\\/\"},\"sameAs\":[\"https:\\\/\\\/www.facebook.com\\\/transamericamococa\",\"https:\\\/\\\/x.com\\\/transamerica933\",\"https:\\\/\\\/www.instagram.com\\\/transamericamococa\"]},{\"@type\":\"Person\",\"@id\":\"https:\\\/\\\/transamerica93.com.br\\\/home\\\/#\\\/schema\\\/person\\\/7fed7c99c0d4562efa8561bc0f543172\",\"name\":\"Reda\u00e7\u00e3o\",\"image\":{\"@type\":\"ImageObject\",\"inLanguage\":\"pt-BR\",\"@id\":\"https:\\\/\\\/secure.gravatar.com\\\/avatar\\\/1072c6b775fb02ef8506ce967551d95926669a6b7d2c2147b42eea4d7c68395e?s=96&d=mm&r=g\",\"url\":\"https:\\\/\\\/secure.gravatar.com\\\/avatar\\\/1072c6b775fb02ef8506ce967551d95926669a6b7d2c2147b42eea4d7c68395e?s=96&d=mm&r=g\",\"contentUrl\":\"https:\\\/\\\/secure.gravatar.com\\\/avatar\\\/1072c6b775fb02ef8506ce967551d95926669a6b7d2c2147b42eea4d7c68395e?s=96&d=mm&r=g\",\"caption\":\"Reda\u00e7\u00e3o\"},\"sameAs\":[\"https:\\\/\\\/transamerica93.com.br\\\/home\"],\"url\":\"https:\\\/\\\/transamerica93.com.br\\\/home\\\/author\\\/william\\\/\"}]}<\/script>\n<!-- \/ Yoast SEO plugin. -->","yoast_head_json":{"title":"'O Auto da Compadecida 2' ganha clipe com nova m\u00fasica de Maria Beth\u00e2nia - Transam\u00e9rica Mococa 93,3","robots":{"index":"index","follow":"follow","max-snippet":"max-snippet:-1","max-image-preview":"max-image-preview:large","max-video-preview":"max-video-preview:-1"},"canonical":"https:\/\/transamerica93.com.br\/home\/o-auto-da-compadecida-2-ganha-clipe-com-nova-musica-de-maria-bethania\/","og_locale":"pt_BR","og_type":"article","og_title":"'O Auto da Compadecida 2' ganha clipe com nova m\u00fasica de Maria Beth\u00e2nia - Transam\u00e9rica Mococa 93,3","og_description":"Por Nico Gar\u00f3falo Sequ\u00eancia de um dos maiores sucessos do cinema nacional,\u00a0O Auto da Compadecida 2\u00a0ganhou um novo clipe que destaca cenas de Nossa Senhora, interpretada no novo filme por Ta\u00eds Ara\u00fajo. O v\u00eddeo conta ainda com uma pr\u00e9via de\u00a0Fiadeira, nova can\u00e7\u00e3o de Maria Beth\u00e2nia gravada para integrar a trilha sonora do longa. Fiadeira\u00a0tem composi\u00e7\u00e3o &hellip;","og_url":"https:\/\/transamerica93.com.br\/home\/o-auto-da-compadecida-2-ganha-clipe-com-nova-musica-de-maria-bethania\/","og_site_name":"Transam\u00e9rica Mococa 93,3","article_publisher":"https:\/\/www.facebook.com\/transamericamococa","article_published_time":"2024-10-21T21:00:49+00:00","og_image":[{"width":800,"height":500,"url":"https:\/\/transamerica93.com.br\/home\/wp-content\/uploads\/2024\/10\/Image1-1.jpg","type":"image\/jpeg"}],"author":"Reda\u00e7\u00e3o","twitter_card":"summary_large_image","twitter_creator":"@transamerica933","twitter_site":"@transamerica933","twitter_misc":{"Escrito por":"Reda\u00e7\u00e3o","Est. tempo de leitura":"1 minuto"},"schema":{"@context":"https:\/\/schema.org","@graph":[{"@type":"Article","@id":"https:\/\/transamerica93.com.br\/home\/o-auto-da-compadecida-2-ganha-clipe-com-nova-musica-de-maria-bethania\/#article","isPartOf":{"@id":"https:\/\/transamerica93.com.br\/home\/o-auto-da-compadecida-2-ganha-clipe-com-nova-musica-de-maria-bethania\/"},"author":{"name":"Reda\u00e7\u00e3o","@id":"https:\/\/transamerica93.com.br\/home\/#\/schema\/person\/7fed7c99c0d4562efa8561bc0f543172"},"headline":"&#8216;O Auto da Compadecida 2&#8217; ganha clipe com nova m\u00fasica de Maria Beth\u00e2nia","datePublished":"2024-10-21T21:00:49+00:00","mainEntityOfPage":{"@id":"https:\/\/transamerica93.com.br\/home\/o-auto-da-compadecida-2-ganha-clipe-com-nova-musica-de-maria-bethania\/"},"wordCount":161,"publisher":{"@id":"https:\/\/transamerica93.com.br\/home\/#organization"},"image":{"@id":"https:\/\/transamerica93.com.br\/home\/o-auto-da-compadecida-2-ganha-clipe-com-nova-musica-de-maria-bethania\/#primaryimage"},"thumbnailUrl":"https:\/\/transamerica93.com.br\/home\/wp-content\/uploads\/2024\/10\/Image1-1.jpg","articleSection":["Entretenimento"],"inLanguage":"pt-BR"},{"@type":"WebPage","@id":"https:\/\/transamerica93.com.br\/home\/o-auto-da-compadecida-2-ganha-clipe-com-nova-musica-de-maria-bethania\/","url":"https:\/\/transamerica93.com.br\/home\/o-auto-da-compadecida-2-ganha-clipe-com-nova-musica-de-maria-bethania\/","name":"'O Auto da Compadecida 2' ganha clipe com nova m\u00fasica de Maria Beth\u00e2nia - Transam\u00e9rica Mococa 93,3","isPartOf":{"@id":"https:\/\/transamerica93.com.br\/home\/#website"},"primaryImageOfPage":{"@id":"https:\/\/transamerica93.com.br\/home\/o-auto-da-compadecida-2-ganha-clipe-com-nova-musica-de-maria-bethania\/#primaryimage"},"image":{"@id":"https:\/\/transamerica93.com.br\/home\/o-auto-da-compadecida-2-ganha-clipe-com-nova-musica-de-maria-bethania\/#primaryimage"},"thumbnailUrl":"https:\/\/transamerica93.com.br\/home\/wp-content\/uploads\/2024\/10\/Image1-1.jpg","datePublished":"2024-10-21T21:00:49+00:00","breadcrumb":{"@id":"https:\/\/transamerica93.com.br\/home\/o-auto-da-compadecida-2-ganha-clipe-com-nova-musica-de-maria-bethania\/#breadcrumb"},"inLanguage":"pt-BR","potentialAction":[{"@type":"ReadAction","target":["https:\/\/transamerica93.com.br\/home\/o-auto-da-compadecida-2-ganha-clipe-com-nova-musica-de-maria-bethania\/"]}]},{"@type":"ImageObject","inLanguage":"pt-BR","@id":"https:\/\/transamerica93.com.br\/home\/o-auto-da-compadecida-2-ganha-clipe-com-nova-musica-de-maria-bethania\/#primaryimage","url":"https:\/\/transamerica93.com.br\/home\/wp-content\/uploads\/2024\/10\/Image1-1.jpg","contentUrl":"https:\/\/transamerica93.com.br\/home\/wp-content\/uploads\/2024\/10\/Image1-1.jpg","width":800,"height":500},{"@type":"BreadcrumbList","@id":"https:\/\/transamerica93.com.br\/home\/o-auto-da-compadecida-2-ganha-clipe-com-nova-musica-de-maria-bethania\/#breadcrumb","itemListElement":[{"@type":"ListItem","position":1,"name":"In\u00edcio","item":"https:\/\/transamerica93.com.br\/home\/"},{"@type":"ListItem","position":2,"name":"&#8216;O Auto da Compadecida 2&#8217; ganha clipe com nova m\u00fasica de Maria Beth\u00e2nia"}]},{"@type":"WebSite","@id":"https:\/\/transamerica93.com.br\/home\/#website","url":"https:\/\/transamerica93.com.br\/home\/","name":"Transam\u00e9rica Mococa 93,3","description":"","publisher":{"@id":"https:\/\/transamerica93.com.br\/home\/#organization"},"potentialAction":[{"@type":"SearchAction","target":{"@type":"EntryPoint","urlTemplate":"https:\/\/transamerica93.com.br\/home\/?s={search_term_string}"},"query-input":{"@type":"PropertyValueSpecification","valueRequired":true,"valueName":"search_term_string"}}],"inLanguage":"pt-BR"},{"@type":"Organization","@id":"https:\/\/transamerica93.com.br\/home\/#organization","name":"Transam\u00e9rica Mococa 93,3","url":"https:\/\/transamerica93.com.br\/home\/","logo":{"@type":"ImageObject","inLanguage":"pt-BR","@id":"https:\/\/transamerica93.com.br\/home\/#\/schema\/logo\/image\/","url":"https:\/\/transamerica93.com.br\/home\/wp-content\/uploads\/2023\/10\/logo2.png","contentUrl":"https:\/\/transamerica93.com.br\/home\/wp-content\/uploads\/2023\/10\/logo2.png","width":800,"height":500,"caption":"Transam\u00e9rica Mococa 93,3"},"image":{"@id":"https:\/\/transamerica93.com.br\/home\/#\/schema\/logo\/image\/"},"sameAs":["https:\/\/www.facebook.com\/transamericamococa","https:\/\/x.com\/transamerica933","https:\/\/www.instagram.com\/transamericamococa"]},{"@type":"Person","@id":"https:\/\/transamerica93.com.br\/home\/#\/schema\/person\/7fed7c99c0d4562efa8561bc0f543172","name":"Reda\u00e7\u00e3o","image":{"@type":"ImageObject","inLanguage":"pt-BR","@id":"https:\/\/secure.gravatar.com\/avatar\/1072c6b775fb02ef8506ce967551d95926669a6b7d2c2147b42eea4d7c68395e?s=96&d=mm&r=g","url":"https:\/\/secure.gravatar.com\/avatar\/1072c6b775fb02ef8506ce967551d95926669a6b7d2c2147b42eea4d7c68395e?s=96&d=mm&r=g","contentUrl":"https:\/\/secure.gravatar.com\/avatar\/1072c6b775fb02ef8506ce967551d95926669a6b7d2c2147b42eea4d7c68395e?s=96&d=mm&r=g","caption":"Reda\u00e7\u00e3o"},"sameAs":["https:\/\/transamerica93.com.br\/home"],"url":"https:\/\/transamerica93.com.br\/home\/author\/william\/"}]}},"_links":{"self":[{"href":"https:\/\/transamerica93.com.br\/home\/wp-json\/wp\/v2\/posts\/3972","targetHints":{"allow":["GET"]}}],"collection":[{"href":"https:\/\/transamerica93.com.br\/home\/wp-json\/wp\/v2\/posts"}],"about":[{"href":"https:\/\/transamerica93.com.br\/home\/wp-json\/wp\/v2\/types\/post"}],"author":[{"embeddable":true,"href":"https:\/\/transamerica93.com.br\/home\/wp-json\/wp\/v2\/users\/1"}],"replies":[{"embeddable":true,"href":"https:\/\/transamerica93.com.br\/home\/wp-json\/wp\/v2\/comments?post=3972"}],"version-history":[{"count":1,"href":"https:\/\/transamerica93.com.br\/home\/wp-json\/wp\/v2\/posts\/3972\/revisions"}],"predecessor-version":[{"id":3974,"href":"https:\/\/transamerica93.com.br\/home\/wp-json\/wp\/v2\/posts\/3972\/revisions\/3974"}],"wp:featuredmedia":[{"embeddable":true,"href":"https:\/\/transamerica93.com.br\/home\/wp-json\/wp\/v2\/media\/3973"}],"wp:attachment":[{"href":"https:\/\/transamerica93.com.br\/home\/wp-json\/wp\/v2\/media?parent=3972"}],"wp:term":[{"taxonomy":"category","embeddable":true,"href":"https:\/\/transamerica93.com.br\/home\/wp-json\/wp\/v2\/categories?post=3972"},{"taxonomy":"post_tag","embeddable":true,"href":"https:\/\/transamerica93.com.br\/home\/wp-json\/wp\/v2\/tags?post=3972"}],"curies":[{"name":"wp","href":"https:\/\/api.w.org\/{rel}","templated":true}]}}