{"id":3975,"date":"2024-10-22T15:00:39","date_gmt":"2024-10-22T18:00:39","guid":{"rendered":"https:\/\/transamerica93.com.br\/home\/?p=3975"},"modified":"2024-10-18T20:19:53","modified_gmt":"2024-10-18T23:19:53","slug":"luisa-sonza-fala-sobre-a-depressao-que-enfrentou-acordar-virou-um-sacrificio","status":"publish","type":"post","link":"https:\/\/transamerica93.com.br\/home\/luisa-sonza-fala-sobre-a-depressao-que-enfrentou-acordar-virou-um-sacrificio\/","title":{"rendered":"Lu\u00edsa Sonza fala sobre a depress\u00e3o que enfrentou: &#8216;Acordar virou um sacrif\u00edcio&#8217;"},"content":{"rendered":"<p>Lu\u00edsa Sonza desabafou, em uma entrevista recente, sobre como \u00e9 lidar com a depress\u00e3o e falou que o foco dela agora \u00e9 ter calma em sua vida. A cantora de 26 anos ainda completou que, quando estava com a doen\u00e7a estava no seu \u00e1pice, teve que pausar a carreira.<\/p>\n<p>&#8220;A depress\u00e3o \u00e9 uma estaca zero. [S\u00f3 percebi que precisava de ajuda] quando o acordar virou um sacrif\u00edcio. Tinha que fazer o esfor\u00e7o de levantar da cama, escovar os dentes, comer&#8230; Eu chorava de dificuldade em fazer as necessidades b\u00e1sicas. [&#8230;] Voc\u00ea perde a vitalidade&#8221;, declarou \u00e0 revista\u00a0<i>Glamour<\/i>.<\/p>\n<p>Ela ainda falou sobre a import\u00e2ncia de procurar ajuda profissional para lidar com o problema. &#8220;Por isso, a import\u00e2ncia de buscar um especialista e n\u00e3o se diagnosticar, por exemplo, pelo TikTok. No meu caso, sempre fiz terapia e, quando cheguei num quadro mais profundo, fui ao psiquiatra. Hoje, me cuido e tenho acompanhamento&#8221;, destacou.<\/p>\n<p>Na entrevista, a cantora ressaltou que a Lu\u00edsa de agora &#8220;n\u00e3o compactua com o caos&#8221; e que, antes, o caos a alimentava. &#8220;Eu achava que para estar em andamento tudo precisava acontecer. Tive uma cria\u00e7\u00e3o um pouco conturbada entre meus pais, sempre tendo que lidar com alguma coisa. Isso me trouxe, desde crian\u00e7a, um movimento em c\u00edrculo&#8221;, revelou.<\/p>\n<p>&#8220;Hoje em dia, n\u00e3o compactuo mais com isso, \u00e9 dif\u00edcil me tirar do prumo. Quero bem pouca adrenalina, estou \u00f3tima assim! Ah, \u2018mas falaram de voc\u00ea&#8217;, n\u00e3o quero nem saber. N\u00e3o, n\u00e3o vou ter mais uma \u00falcera por causa disso&#8221;, disse.<\/p>\n","protected":false},"excerpt":{"rendered":"<p>Lu\u00edsa Sonza desabafou, em uma entrevista recente, sobre como \u00e9 lidar com a depress\u00e3o e falou que o foco dela agora \u00e9 ter calma em sua vida. A cantora de 26 anos ainda completou que, quando estava com a doen\u00e7a estava no seu \u00e1pice, teve que pausar a carreira. &#8220;A depress\u00e3o \u00e9 uma estaca zero. &hellip;<\/p>\n","protected":false},"author":1,"featured_media":3976,"comment_status":"closed","ping_status":"closed","sticky":false,"template":"","format":"standard","meta":{"footnotes":""},"categories":[25],"tags":[],"class_list":["post-3975","post","type-post","status-publish","format-standard","has-post-thumbnail","hentry","category-musica"],"yoast_head":"<!-- This site is optimized with the Yoast SEO plugin v27.4 - https:\/\/yoast.com\/product\/yoast-seo-wordpress\/ -->\n<title>Lu\u00edsa Sonza fala sobre a depress\u00e3o que enfrentou: &#039;Acordar virou um sacrif\u00edcio&#039; - Transam\u00e9rica Mococa 93,3<\/title>\n<meta name=\"robots\" content=\"index, follow, max-snippet:-1, max-image-preview:large, max-video-preview:-1\" \/>\n<link rel=\"canonical\" href=\"https:\/\/transamerica93.com.br\/home\/luisa-sonza-fala-sobre-a-depressao-que-enfrentou-acordar-virou-um-sacrificio\/\" \/>\n<meta property=\"og:locale\" content=\"pt_BR\" \/>\n<meta property=\"og:type\" content=\"article\" \/>\n<meta property=\"og:title\" content=\"Lu\u00edsa Sonza fala sobre a depress\u00e3o que enfrentou: &#039;Acordar virou um sacrif\u00edcio&#039; - Transam\u00e9rica Mococa 93,3\" \/>\n<meta property=\"og:description\" content=\"Lu\u00edsa Sonza desabafou, em uma entrevista recente, sobre como \u00e9 lidar com a depress\u00e3o e falou que o foco dela agora \u00e9 ter calma em sua vida. A cantora de 26 anos ainda completou que, quando estava com a doen\u00e7a estava no seu \u00e1pice, teve que pausar a carreira. &#8220;A depress\u00e3o \u00e9 uma estaca zero. &hellip;\" \/>\n<meta property=\"og:url\" content=\"https:\/\/transamerica93.com.br\/home\/luisa-sonza-fala-sobre-a-depressao-que-enfrentou-acordar-virou-um-sacrificio\/\" \/>\n<meta property=\"og:site_name\" content=\"Transam\u00e9rica Mococa 93,3\" \/>\n<meta property=\"article:publisher\" content=\"https:\/\/www.facebook.com\/transamericamococa\" \/>\n<meta property=\"article:published_time\" content=\"2024-10-22T18:00:39+00:00\" \/>\n<meta property=\"og:image\" content=\"https:\/\/transamerica93.com.br\/home\/wp-content\/uploads\/2024\/10\/Image1-2.jpg\" \/>\n\t<meta property=\"og:image:width\" content=\"800\" \/>\n\t<meta property=\"og:image:height\" content=\"500\" \/>\n\t<meta property=\"og:image:type\" content=\"image\/jpeg\" \/>\n<meta name=\"author\" content=\"Reda\u00e7\u00e3o\" \/>\n<meta name=\"twitter:card\" content=\"summary_large_image\" \/>\n<meta name=\"twitter:creator\" content=\"@transamerica933\" \/>\n<meta name=\"twitter:site\" content=\"@transamerica933\" \/>\n<meta name=\"twitter:label1\" content=\"Escrito por\" \/>\n\t<meta name=\"twitter:data1\" content=\"Reda\u00e7\u00e3o\" \/>\n\t<meta name=\"twitter:label2\" content=\"Est. tempo de leitura\" \/>\n\t<meta name=\"twitter:data2\" content=\"2 minutos\" \/>\n<script type=\"application\/ld+json\" class=\"yoast-schema-graph\">{\"@context\":\"https:\\\/\\\/schema.org\",\"@graph\":[{\"@type\":\"Article\",\"@id\":\"https:\\\/\\\/transamerica93.com.br\\\/home\\\/luisa-sonza-fala-sobre-a-depressao-que-enfrentou-acordar-virou-um-sacrificio\\\/#article\",\"isPartOf\":{\"@id\":\"https:\\\/\\\/transamerica93.com.br\\\/home\\\/luisa-sonza-fala-sobre-a-depressao-que-enfrentou-acordar-virou-um-sacrificio\\\/\"},\"author\":{\"name\":\"Reda\u00e7\u00e3o\",\"@id\":\"https:\\\/\\\/transamerica93.com.br\\\/home\\\/#\\\/schema\\\/person\\\/7fed7c99c0d4562efa8561bc0f543172\"},\"headline\":\"Lu\u00edsa Sonza fala sobre a depress\u00e3o que enfrentou: &#8216;Acordar virou um sacrif\u00edcio&#8217;\",\"datePublished\":\"2024-10-22T18:00:39+00:00\",\"mainEntityOfPage\":{\"@id\":\"https:\\\/\\\/transamerica93.com.br\\\/home\\\/luisa-sonza-fala-sobre-a-depressao-que-enfrentou-acordar-virou-um-sacrificio\\\/\"},\"wordCount\":279,\"publisher\":{\"@id\":\"https:\\\/\\\/transamerica93.com.br\\\/home\\\/#organization\"},\"image\":{\"@id\":\"https:\\\/\\\/transamerica93.com.br\\\/home\\\/luisa-sonza-fala-sobre-a-depressao-que-enfrentou-acordar-virou-um-sacrificio\\\/#primaryimage\"},\"thumbnailUrl\":\"https:\\\/\\\/transamerica93.com.br\\\/home\\\/wp-content\\\/uploads\\\/2024\\\/10\\\/Image1-2.jpg\",\"articleSection\":[\"M\u00fasica\"],\"inLanguage\":\"pt-BR\"},{\"@type\":\"WebPage\",\"@id\":\"https:\\\/\\\/transamerica93.com.br\\\/home\\\/luisa-sonza-fala-sobre-a-depressao-que-enfrentou-acordar-virou-um-sacrificio\\\/\",\"url\":\"https:\\\/\\\/transamerica93.com.br\\\/home\\\/luisa-sonza-fala-sobre-a-depressao-que-enfrentou-acordar-virou-um-sacrificio\\\/\",\"name\":\"Lu\u00edsa Sonza fala sobre a depress\u00e3o que enfrentou: 'Acordar virou um sacrif\u00edcio' - Transam\u00e9rica Mococa 93,3\",\"isPartOf\":{\"@id\":\"https:\\\/\\\/transamerica93.com.br\\\/home\\\/#website\"},\"primaryImageOfPage\":{\"@id\":\"https:\\\/\\\/transamerica93.com.br\\\/home\\\/luisa-sonza-fala-sobre-a-depressao-que-enfrentou-acordar-virou-um-sacrificio\\\/#primaryimage\"},\"image\":{\"@id\":\"https:\\\/\\\/transamerica93.com.br\\\/home\\\/luisa-sonza-fala-sobre-a-depressao-que-enfrentou-acordar-virou-um-sacrificio\\\/#primaryimage\"},\"thumbnailUrl\":\"https:\\\/\\\/transamerica93.com.br\\\/home\\\/wp-content\\\/uploads\\\/2024\\\/10\\\/Image1-2.jpg\",\"datePublished\":\"2024-10-22T18:00:39+00:00\",\"breadcrumb\":{\"@id\":\"https:\\\/\\\/transamerica93.com.br\\\/home\\\/luisa-sonza-fala-sobre-a-depressao-que-enfrentou-acordar-virou-um-sacrificio\\\/#breadcrumb\"},\"inLanguage\":\"pt-BR\",\"potentialAction\":[{\"@type\":\"ReadAction\",\"target\":[\"https:\\\/\\\/transamerica93.com.br\\\/home\\\/luisa-sonza-fala-sobre-a-depressao-que-enfrentou-acordar-virou-um-sacrificio\\\/\"]}]},{\"@type\":\"ImageObject\",\"inLanguage\":\"pt-BR\",\"@id\":\"https:\\\/\\\/transamerica93.com.br\\\/home\\\/luisa-sonza-fala-sobre-a-depressao-que-enfrentou-acordar-virou-um-sacrificio\\\/#primaryimage\",\"url\":\"https:\\\/\\\/transamerica93.com.br\\\/home\\\/wp-content\\\/uploads\\\/2024\\\/10\\\/Image1-2.jpg\",\"contentUrl\":\"https:\\\/\\\/transamerica93.com.br\\\/home\\\/wp-content\\\/uploads\\\/2024\\\/10\\\/Image1-2.jpg\",\"width\":800,\"height\":500,\"caption\":\"Lu\u00edsa Sonza. Reprodu\u00e7\u00e3o\\\/Instagram.\"},{\"@type\":\"BreadcrumbList\",\"@id\":\"https:\\\/\\\/transamerica93.com.br\\\/home\\\/luisa-sonza-fala-sobre-a-depressao-que-enfrentou-acordar-virou-um-sacrificio\\\/#breadcrumb\",\"itemListElement\":[{\"@type\":\"ListItem\",\"position\":1,\"name\":\"In\u00edcio\",\"item\":\"https:\\\/\\\/transamerica93.com.br\\\/home\\\/\"},{\"@type\":\"ListItem\",\"position\":2,\"name\":\"Lu\u00edsa Sonza fala sobre a depress\u00e3o que enfrentou: &#8216;Acordar virou um sacrif\u00edcio&#8217;\"}]},{\"@type\":\"WebSite\",\"@id\":\"https:\\\/\\\/transamerica93.com.br\\\/home\\\/#website\",\"url\":\"https:\\\/\\\/transamerica93.com.br\\\/home\\\/\",\"name\":\"Transam\u00e9rica Mococa 93,3\",\"description\":\"\",\"publisher\":{\"@id\":\"https:\\\/\\\/transamerica93.com.br\\\/home\\\/#organization\"},\"potentialAction\":[{\"@type\":\"SearchAction\",\"target\":{\"@type\":\"EntryPoint\",\"urlTemplate\":\"https:\\\/\\\/transamerica93.com.br\\\/home\\\/?s={search_term_string}\"},\"query-input\":{\"@type\":\"PropertyValueSpecification\",\"valueRequired\":true,\"valueName\":\"search_term_string\"}}],\"inLanguage\":\"pt-BR\"},{\"@type\":\"Organization\",\"@id\":\"https:\\\/\\\/transamerica93.com.br\\\/home\\\/#organization\",\"name\":\"Transam\u00e9rica Mococa 93,3\",\"url\":\"https:\\\/\\\/transamerica93.com.br\\\/home\\\/\",\"logo\":{\"@type\":\"ImageObject\",\"inLanguage\":\"pt-BR\",\"@id\":\"https:\\\/\\\/transamerica93.com.br\\\/home\\\/#\\\/schema\\\/logo\\\/image\\\/\",\"url\":\"https:\\\/\\\/transamerica93.com.br\\\/home\\\/wp-content\\\/uploads\\\/2023\\\/10\\\/logo2.png\",\"contentUrl\":\"https:\\\/\\\/transamerica93.com.br\\\/home\\\/wp-content\\\/uploads\\\/2023\\\/10\\\/logo2.png\",\"width\":800,\"height\":500,\"caption\":\"Transam\u00e9rica Mococa 93,3\"},\"image\":{\"@id\":\"https:\\\/\\\/transamerica93.com.br\\\/home\\\/#\\\/schema\\\/logo\\\/image\\\/\"},\"sameAs\":[\"https:\\\/\\\/www.facebook.com\\\/transamericamococa\",\"https:\\\/\\\/x.com\\\/transamerica933\",\"https:\\\/\\\/www.instagram.com\\\/transamericamococa\"]},{\"@type\":\"Person\",\"@id\":\"https:\\\/\\\/transamerica93.com.br\\\/home\\\/#\\\/schema\\\/person\\\/7fed7c99c0d4562efa8561bc0f543172\",\"name\":\"Reda\u00e7\u00e3o\",\"image\":{\"@type\":\"ImageObject\",\"inLanguage\":\"pt-BR\",\"@id\":\"https:\\\/\\\/secure.gravatar.com\\\/avatar\\\/1072c6b775fb02ef8506ce967551d95926669a6b7d2c2147b42eea4d7c68395e?s=96&d=mm&r=g\",\"url\":\"https:\\\/\\\/secure.gravatar.com\\\/avatar\\\/1072c6b775fb02ef8506ce967551d95926669a6b7d2c2147b42eea4d7c68395e?s=96&d=mm&r=g\",\"contentUrl\":\"https:\\\/\\\/secure.gravatar.com\\\/avatar\\\/1072c6b775fb02ef8506ce967551d95926669a6b7d2c2147b42eea4d7c68395e?s=96&d=mm&r=g\",\"caption\":\"Reda\u00e7\u00e3o\"},\"sameAs\":[\"https:\\\/\\\/transamerica93.com.br\\\/home\"],\"url\":\"https:\\\/\\\/transamerica93.com.br\\\/home\\\/author\\\/william\\\/\"}]}<\/script>\n<!-- \/ Yoast SEO plugin. -->","yoast_head_json":{"title":"Lu\u00edsa Sonza fala sobre a depress\u00e3o que enfrentou: 'Acordar virou um sacrif\u00edcio' - Transam\u00e9rica Mococa 93,3","robots":{"index":"index","follow":"follow","max-snippet":"max-snippet:-1","max-image-preview":"max-image-preview:large","max-video-preview":"max-video-preview:-1"},"canonical":"https:\/\/transamerica93.com.br\/home\/luisa-sonza-fala-sobre-a-depressao-que-enfrentou-acordar-virou-um-sacrificio\/","og_locale":"pt_BR","og_type":"article","og_title":"Lu\u00edsa Sonza fala sobre a depress\u00e3o que enfrentou: 'Acordar virou um sacrif\u00edcio' - Transam\u00e9rica Mococa 93,3","og_description":"Lu\u00edsa Sonza desabafou, em uma entrevista recente, sobre como \u00e9 lidar com a depress\u00e3o e falou que o foco dela agora \u00e9 ter calma em sua vida. A cantora de 26 anos ainda completou que, quando estava com a doen\u00e7a estava no seu \u00e1pice, teve que pausar a carreira. &#8220;A depress\u00e3o \u00e9 uma estaca zero. &hellip;","og_url":"https:\/\/transamerica93.com.br\/home\/luisa-sonza-fala-sobre-a-depressao-que-enfrentou-acordar-virou-um-sacrificio\/","og_site_name":"Transam\u00e9rica Mococa 93,3","article_publisher":"https:\/\/www.facebook.com\/transamericamococa","article_published_time":"2024-10-22T18:00:39+00:00","og_image":[{"width":800,"height":500,"url":"https:\/\/transamerica93.com.br\/home\/wp-content\/uploads\/2024\/10\/Image1-2.jpg","type":"image\/jpeg"}],"author":"Reda\u00e7\u00e3o","twitter_card":"summary_large_image","twitter_creator":"@transamerica933","twitter_site":"@transamerica933","twitter_misc":{"Escrito por":"Reda\u00e7\u00e3o","Est. tempo de leitura":"2 minutos"},"schema":{"@context":"https:\/\/schema.org","@graph":[{"@type":"Article","@id":"https:\/\/transamerica93.com.br\/home\/luisa-sonza-fala-sobre-a-depressao-que-enfrentou-acordar-virou-um-sacrificio\/#article","isPartOf":{"@id":"https:\/\/transamerica93.com.br\/home\/luisa-sonza-fala-sobre-a-depressao-que-enfrentou-acordar-virou-um-sacrificio\/"},"author":{"name":"Reda\u00e7\u00e3o","@id":"https:\/\/transamerica93.com.br\/home\/#\/schema\/person\/7fed7c99c0d4562efa8561bc0f543172"},"headline":"Lu\u00edsa Sonza fala sobre a depress\u00e3o que enfrentou: &#8216;Acordar virou um sacrif\u00edcio&#8217;","datePublished":"2024-10-22T18:00:39+00:00","mainEntityOfPage":{"@id":"https:\/\/transamerica93.com.br\/home\/luisa-sonza-fala-sobre-a-depressao-que-enfrentou-acordar-virou-um-sacrificio\/"},"wordCount":279,"publisher":{"@id":"https:\/\/transamerica93.com.br\/home\/#organization"},"image":{"@id":"https:\/\/transamerica93.com.br\/home\/luisa-sonza-fala-sobre-a-depressao-que-enfrentou-acordar-virou-um-sacrificio\/#primaryimage"},"thumbnailUrl":"https:\/\/transamerica93.com.br\/home\/wp-content\/uploads\/2024\/10\/Image1-2.jpg","articleSection":["M\u00fasica"],"inLanguage":"pt-BR"},{"@type":"WebPage","@id":"https:\/\/transamerica93.com.br\/home\/luisa-sonza-fala-sobre-a-depressao-que-enfrentou-acordar-virou-um-sacrificio\/","url":"https:\/\/transamerica93.com.br\/home\/luisa-sonza-fala-sobre-a-depressao-que-enfrentou-acordar-virou-um-sacrificio\/","name":"Lu\u00edsa Sonza fala sobre a depress\u00e3o que enfrentou: 'Acordar virou um sacrif\u00edcio' - Transam\u00e9rica Mococa 93,3","isPartOf":{"@id":"https:\/\/transamerica93.com.br\/home\/#website"},"primaryImageOfPage":{"@id":"https:\/\/transamerica93.com.br\/home\/luisa-sonza-fala-sobre-a-depressao-que-enfrentou-acordar-virou-um-sacrificio\/#primaryimage"},"image":{"@id":"https:\/\/transamerica93.com.br\/home\/luisa-sonza-fala-sobre-a-depressao-que-enfrentou-acordar-virou-um-sacrificio\/#primaryimage"},"thumbnailUrl":"https:\/\/transamerica93.com.br\/home\/wp-content\/uploads\/2024\/10\/Image1-2.jpg","datePublished":"2024-10-22T18:00:39+00:00","breadcrumb":{"@id":"https:\/\/transamerica93.com.br\/home\/luisa-sonza-fala-sobre-a-depressao-que-enfrentou-acordar-virou-um-sacrificio\/#breadcrumb"},"inLanguage":"pt-BR","potentialAction":[{"@type":"ReadAction","target":["https:\/\/transamerica93.com.br\/home\/luisa-sonza-fala-sobre-a-depressao-que-enfrentou-acordar-virou-um-sacrificio\/"]}]},{"@type":"ImageObject","inLanguage":"pt-BR","@id":"https:\/\/transamerica93.com.br\/home\/luisa-sonza-fala-sobre-a-depressao-que-enfrentou-acordar-virou-um-sacrificio\/#primaryimage","url":"https:\/\/transamerica93.com.br\/home\/wp-content\/uploads\/2024\/10\/Image1-2.jpg","contentUrl":"https:\/\/transamerica93.com.br\/home\/wp-content\/uploads\/2024\/10\/Image1-2.jpg","width":800,"height":500,"caption":"Lu\u00edsa Sonza. Reprodu\u00e7\u00e3o\/Instagram."},{"@type":"BreadcrumbList","@id":"https:\/\/transamerica93.com.br\/home\/luisa-sonza-fala-sobre-a-depressao-que-enfrentou-acordar-virou-um-sacrificio\/#breadcrumb","itemListElement":[{"@type":"ListItem","position":1,"name":"In\u00edcio","item":"https:\/\/transamerica93.com.br\/home\/"},{"@type":"ListItem","position":2,"name":"Lu\u00edsa Sonza fala sobre a depress\u00e3o que enfrentou: &#8216;Acordar virou um sacrif\u00edcio&#8217;"}]},{"@type":"WebSite","@id":"https:\/\/transamerica93.com.br\/home\/#website","url":"https:\/\/transamerica93.com.br\/home\/","name":"Transam\u00e9rica Mococa 93,3","description":"","publisher":{"@id":"https:\/\/transamerica93.com.br\/home\/#organization"},"potentialAction":[{"@type":"SearchAction","target":{"@type":"EntryPoint","urlTemplate":"https:\/\/transamerica93.com.br\/home\/?s={search_term_string}"},"query-input":{"@type":"PropertyValueSpecification","valueRequired":true,"valueName":"search_term_string"}}],"inLanguage":"pt-BR"},{"@type":"Organization","@id":"https:\/\/transamerica93.com.br\/home\/#organization","name":"Transam\u00e9rica Mococa 93,3","url":"https:\/\/transamerica93.com.br\/home\/","logo":{"@type":"ImageObject","inLanguage":"pt-BR","@id":"https:\/\/transamerica93.com.br\/home\/#\/schema\/logo\/image\/","url":"https:\/\/transamerica93.com.br\/home\/wp-content\/uploads\/2023\/10\/logo2.png","contentUrl":"https:\/\/transamerica93.com.br\/home\/wp-content\/uploads\/2023\/10\/logo2.png","width":800,"height":500,"caption":"Transam\u00e9rica Mococa 93,3"},"image":{"@id":"https:\/\/transamerica93.com.br\/home\/#\/schema\/logo\/image\/"},"sameAs":["https:\/\/www.facebook.com\/transamericamococa","https:\/\/x.com\/transamerica933","https:\/\/www.instagram.com\/transamericamococa"]},{"@type":"Person","@id":"https:\/\/transamerica93.com.br\/home\/#\/schema\/person\/7fed7c99c0d4562efa8561bc0f543172","name":"Reda\u00e7\u00e3o","image":{"@type":"ImageObject","inLanguage":"pt-BR","@id":"https:\/\/secure.gravatar.com\/avatar\/1072c6b775fb02ef8506ce967551d95926669a6b7d2c2147b42eea4d7c68395e?s=96&d=mm&r=g","url":"https:\/\/secure.gravatar.com\/avatar\/1072c6b775fb02ef8506ce967551d95926669a6b7d2c2147b42eea4d7c68395e?s=96&d=mm&r=g","contentUrl":"https:\/\/secure.gravatar.com\/avatar\/1072c6b775fb02ef8506ce967551d95926669a6b7d2c2147b42eea4d7c68395e?s=96&d=mm&r=g","caption":"Reda\u00e7\u00e3o"},"sameAs":["https:\/\/transamerica93.com.br\/home"],"url":"https:\/\/transamerica93.com.br\/home\/author\/william\/"}]}},"_links":{"self":[{"href":"https:\/\/transamerica93.com.br\/home\/wp-json\/wp\/v2\/posts\/3975","targetHints":{"allow":["GET"]}}],"collection":[{"href":"https:\/\/transamerica93.com.br\/home\/wp-json\/wp\/v2\/posts"}],"about":[{"href":"https:\/\/transamerica93.com.br\/home\/wp-json\/wp\/v2\/types\/post"}],"author":[{"embeddable":true,"href":"https:\/\/transamerica93.com.br\/home\/wp-json\/wp\/v2\/users\/1"}],"replies":[{"embeddable":true,"href":"https:\/\/transamerica93.com.br\/home\/wp-json\/wp\/v2\/comments?post=3975"}],"version-history":[{"count":1,"href":"https:\/\/transamerica93.com.br\/home\/wp-json\/wp\/v2\/posts\/3975\/revisions"}],"predecessor-version":[{"id":3977,"href":"https:\/\/transamerica93.com.br\/home\/wp-json\/wp\/v2\/posts\/3975\/revisions\/3977"}],"wp:featuredmedia":[{"embeddable":true,"href":"https:\/\/transamerica93.com.br\/home\/wp-json\/wp\/v2\/media\/3976"}],"wp:attachment":[{"href":"https:\/\/transamerica93.com.br\/home\/wp-json\/wp\/v2\/media?parent=3975"}],"wp:term":[{"taxonomy":"category","embeddable":true,"href":"https:\/\/transamerica93.com.br\/home\/wp-json\/wp\/v2\/categories?post=3975"},{"taxonomy":"post_tag","embeddable":true,"href":"https:\/\/transamerica93.com.br\/home\/wp-json\/wp\/v2\/tags?post=3975"}],"curies":[{"name":"wp","href":"https:\/\/api.w.org\/{rel}","templated":true}]}}