{"id":3993,"date":"2024-10-24T18:00:34","date_gmt":"2024-10-24T21:00:34","guid":{"rendered":"https:\/\/transamerica93.com.br\/home\/?p=3993"},"modified":"2024-10-18T20:36:07","modified_gmt":"2024-10-18T23:36:07","slug":"selton-se-emociona-em-coletiva-de-ainda-estou-aqui-minha-mae-tambem-morreu-com-alzheimer","status":"publish","type":"post","link":"https:\/\/transamerica93.com.br\/home\/selton-se-emociona-em-coletiva-de-ainda-estou-aqui-minha-mae-tambem-morreu-com-alzheimer\/","title":{"rendered":"Selton se emociona em coletiva de &#8216;Ainda Estou Aqui&#8217;: &#8216;Minha m\u00e3e tamb\u00e9m morreu com Alzheimer&#8217;"},"content":{"rendered":"<p>Por Danilo Casaletti<\/p>\n<p>O ator Selton Mello, que interpreta o ex-deputado Rubens Paiva, pai do escritor Marcelo Rubens Paiva, no filme\u00a0<i>Ainda Estou Aqui<\/i>, de Walter Salles, estava bastante emocionado na primeira coletiva do filme no Brasil. O longa, escolhido pelo Pa\u00eds para disputar o Oscar, estreia dia 7 de novembro.<\/p>\n<p>O encontro com a imprensa ocorreu na tarde desta sexta-feira, 18, em S\u00e3o Paulo. Ao falar sobre seu personagem, Selton chorou ao lembrar que, assim como Eunice Paiva, personagem central do filme, sua m\u00e3e, Selva Melo, tamb\u00e9m morreu com Alzheimer, em julho deste ano.<\/p>\n<p>&#8220;Foi t\u00e3o bonito com a Nanda (Fernanda Torres, que interpreta Eunice, mulher de Rubens Paiva). O filme parte de uma viagem pessoal do Waltinho (o diretor Walter Salles) para se transformar em uma viagem pessoal de todos n\u00f3s do elenco&#8221;, disse, sem conter as l\u00e1grimas.<\/p>\n<p>Selton tamb\u00e9m falou sobre o composi\u00e7\u00e3o do personagem. Ele teve que engordar 20 quilos para poder interpretar Rubens Paiva.<\/p>\n<p>&#8220;Foi dif\u00edcil perder depois. Eu tenho 51 anos&#8221;, disse. &#8220;Mas o personagem precisava disso para ser um pai (Rubens e Eunice tiveram 4 filhos). Mas isso (ganhar peso) \u00e9 apenas uma parte do filme. Ele, na verdade, \u00e9 meu reencontro com Fernanda, Walter e com o Marcelo, eu sou da gera\u00e7\u00e3o que foi impactada pelo Feliz Ano Velho (livro de Marcelo Rubens Paiva)&#8221;, disse o ator.<\/p>\n<p><i>Ainda Estou Aqui<\/i>\u00a0\u00e9 baseado no livro hom\u00f4nimo escrito por Marcelo Rubens Paiva e conta a hist\u00f3ria da advogada Eunice Paiva, que teve sua vida transformada quando seu marido, o ex-deputado Rubens Paiva, foi torturado e morto pela ditadura militar brasileira.<\/p>\n<p>Al\u00e9m de Fernanda Torres e Selton Mello, o filme tem Fernanda Montenegro no elenco.<\/p>\n","protected":false},"excerpt":{"rendered":"<p>Por Danilo Casaletti O ator Selton Mello, que interpreta o ex-deputado Rubens Paiva, pai do escritor Marcelo Rubens Paiva, no filme\u00a0Ainda Estou Aqui, de Walter Salles, estava bastante emocionado na primeira coletiva do filme no Brasil. O longa, escolhido pelo Pa\u00eds para disputar o Oscar, estreia dia 7 de novembro. O encontro com a imprensa &hellip;<\/p>\n","protected":false},"author":1,"featured_media":3994,"comment_status":"closed","ping_status":"closed","sticky":false,"template":"","format":"standard","meta":{"footnotes":""},"categories":[24],"tags":[],"class_list":["post-3993","post","type-post","status-publish","format-standard","has-post-thumbnail","hentry","category-entretenimento"],"yoast_head":"<!-- This site is optimized with the Yoast SEO plugin v27.4 - https:\/\/yoast.com\/product\/yoast-seo-wordpress\/ -->\n<title>Selton se emociona em coletiva de &#039;Ainda Estou Aqui&#039;: &#039;Minha m\u00e3e tamb\u00e9m morreu com Alzheimer&#039; - Transam\u00e9rica Mococa 93,3<\/title>\n<meta name=\"robots\" content=\"index, follow, max-snippet:-1, max-image-preview:large, max-video-preview:-1\" \/>\n<link rel=\"canonical\" href=\"https:\/\/transamerica93.com.br\/home\/selton-se-emociona-em-coletiva-de-ainda-estou-aqui-minha-mae-tambem-morreu-com-alzheimer\/\" \/>\n<meta property=\"og:locale\" content=\"pt_BR\" \/>\n<meta property=\"og:type\" content=\"article\" \/>\n<meta property=\"og:title\" content=\"Selton se emociona em coletiva de &#039;Ainda Estou Aqui&#039;: &#039;Minha m\u00e3e tamb\u00e9m morreu com Alzheimer&#039; - Transam\u00e9rica Mococa 93,3\" \/>\n<meta property=\"og:description\" content=\"Por Danilo Casaletti O ator Selton Mello, que interpreta o ex-deputado Rubens Paiva, pai do escritor Marcelo Rubens Paiva, no filme\u00a0Ainda Estou Aqui, de Walter Salles, estava bastante emocionado na primeira coletiva do filme no Brasil. O longa, escolhido pelo Pa\u00eds para disputar o Oscar, estreia dia 7 de novembro. O encontro com a imprensa &hellip;\" \/>\n<meta property=\"og:url\" content=\"https:\/\/transamerica93.com.br\/home\/selton-se-emociona-em-coletiva-de-ainda-estou-aqui-minha-mae-tambem-morreu-com-alzheimer\/\" \/>\n<meta property=\"og:site_name\" content=\"Transam\u00e9rica Mococa 93,3\" \/>\n<meta property=\"article:publisher\" content=\"https:\/\/www.facebook.com\/transamericamococa\" \/>\n<meta property=\"article:published_time\" content=\"2024-10-24T21:00:34+00:00\" \/>\n<meta property=\"og:image\" content=\"https:\/\/transamerica93.com.br\/home\/wp-content\/uploads\/2024\/10\/Image1-8.jpg\" \/>\n\t<meta property=\"og:image:width\" content=\"800\" \/>\n\t<meta property=\"og:image:height\" content=\"500\" \/>\n\t<meta property=\"og:image:type\" content=\"image\/jpeg\" \/>\n<meta name=\"author\" content=\"Reda\u00e7\u00e3o\" \/>\n<meta name=\"twitter:card\" content=\"summary_large_image\" \/>\n<meta name=\"twitter:creator\" content=\"@transamerica933\" \/>\n<meta name=\"twitter:site\" content=\"@transamerica933\" \/>\n<meta name=\"twitter:label1\" content=\"Escrito por\" \/>\n\t<meta name=\"twitter:data1\" content=\"Reda\u00e7\u00e3o\" \/>\n\t<meta name=\"twitter:label2\" content=\"Est. tempo de leitura\" \/>\n\t<meta name=\"twitter:data2\" content=\"2 minutos\" \/>\n<script type=\"application\/ld+json\" class=\"yoast-schema-graph\">{\"@context\":\"https:\\\/\\\/schema.org\",\"@graph\":[{\"@type\":\"Article\",\"@id\":\"https:\\\/\\\/transamerica93.com.br\\\/home\\\/selton-se-emociona-em-coletiva-de-ainda-estou-aqui-minha-mae-tambem-morreu-com-alzheimer\\\/#article\",\"isPartOf\":{\"@id\":\"https:\\\/\\\/transamerica93.com.br\\\/home\\\/selton-se-emociona-em-coletiva-de-ainda-estou-aqui-minha-mae-tambem-morreu-com-alzheimer\\\/\"},\"author\":{\"name\":\"Reda\u00e7\u00e3o\",\"@id\":\"https:\\\/\\\/transamerica93.com.br\\\/home\\\/#\\\/schema\\\/person\\\/7fed7c99c0d4562efa8561bc0f543172\"},\"headline\":\"Selton se emociona em coletiva de &#8216;Ainda Estou Aqui&#8217;: &#8216;Minha m\u00e3e tamb\u00e9m morreu com Alzheimer&#8217;\",\"datePublished\":\"2024-10-24T21:00:34+00:00\",\"mainEntityOfPage\":{\"@id\":\"https:\\\/\\\/transamerica93.com.br\\\/home\\\/selton-se-emociona-em-coletiva-de-ainda-estou-aqui-minha-mae-tambem-morreu-com-alzheimer\\\/\"},\"wordCount\":303,\"publisher\":{\"@id\":\"https:\\\/\\\/transamerica93.com.br\\\/home\\\/#organization\"},\"image\":{\"@id\":\"https:\\\/\\\/transamerica93.com.br\\\/home\\\/selton-se-emociona-em-coletiva-de-ainda-estou-aqui-minha-mae-tambem-morreu-com-alzheimer\\\/#primaryimage\"},\"thumbnailUrl\":\"https:\\\/\\\/transamerica93.com.br\\\/home\\\/wp-content\\\/uploads\\\/2024\\\/10\\\/Image1-8.jpg\",\"articleSection\":[\"Entretenimento\"],\"inLanguage\":\"pt-BR\"},{\"@type\":\"WebPage\",\"@id\":\"https:\\\/\\\/transamerica93.com.br\\\/home\\\/selton-se-emociona-em-coletiva-de-ainda-estou-aqui-minha-mae-tambem-morreu-com-alzheimer\\\/\",\"url\":\"https:\\\/\\\/transamerica93.com.br\\\/home\\\/selton-se-emociona-em-coletiva-de-ainda-estou-aqui-minha-mae-tambem-morreu-com-alzheimer\\\/\",\"name\":\"Selton se emociona em coletiva de 'Ainda Estou Aqui': 'Minha m\u00e3e tamb\u00e9m morreu com Alzheimer' - Transam\u00e9rica Mococa 93,3\",\"isPartOf\":{\"@id\":\"https:\\\/\\\/transamerica93.com.br\\\/home\\\/#website\"},\"primaryImageOfPage\":{\"@id\":\"https:\\\/\\\/transamerica93.com.br\\\/home\\\/selton-se-emociona-em-coletiva-de-ainda-estou-aqui-minha-mae-tambem-morreu-com-alzheimer\\\/#primaryimage\"},\"image\":{\"@id\":\"https:\\\/\\\/transamerica93.com.br\\\/home\\\/selton-se-emociona-em-coletiva-de-ainda-estou-aqui-minha-mae-tambem-morreu-com-alzheimer\\\/#primaryimage\"},\"thumbnailUrl\":\"https:\\\/\\\/transamerica93.com.br\\\/home\\\/wp-content\\\/uploads\\\/2024\\\/10\\\/Image1-8.jpg\",\"datePublished\":\"2024-10-24T21:00:34+00:00\",\"breadcrumb\":{\"@id\":\"https:\\\/\\\/transamerica93.com.br\\\/home\\\/selton-se-emociona-em-coletiva-de-ainda-estou-aqui-minha-mae-tambem-morreu-com-alzheimer\\\/#breadcrumb\"},\"inLanguage\":\"pt-BR\",\"potentialAction\":[{\"@type\":\"ReadAction\",\"target\":[\"https:\\\/\\\/transamerica93.com.br\\\/home\\\/selton-se-emociona-em-coletiva-de-ainda-estou-aqui-minha-mae-tambem-morreu-com-alzheimer\\\/\"]}]},{\"@type\":\"ImageObject\",\"inLanguage\":\"pt-BR\",\"@id\":\"https:\\\/\\\/transamerica93.com.br\\\/home\\\/selton-se-emociona-em-coletiva-de-ainda-estou-aqui-minha-mae-tambem-morreu-com-alzheimer\\\/#primaryimage\",\"url\":\"https:\\\/\\\/transamerica93.com.br\\\/home\\\/wp-content\\\/uploads\\\/2024\\\/10\\\/Image1-8.jpg\",\"contentUrl\":\"https:\\\/\\\/transamerica93.com.br\\\/home\\\/wp-content\\\/uploads\\\/2024\\\/10\\\/Image1-8.jpg\",\"width\":800,\"height\":500},{\"@type\":\"BreadcrumbList\",\"@id\":\"https:\\\/\\\/transamerica93.com.br\\\/home\\\/selton-se-emociona-em-coletiva-de-ainda-estou-aqui-minha-mae-tambem-morreu-com-alzheimer\\\/#breadcrumb\",\"itemListElement\":[{\"@type\":\"ListItem\",\"position\":1,\"name\":\"In\u00edcio\",\"item\":\"https:\\\/\\\/transamerica93.com.br\\\/home\\\/\"},{\"@type\":\"ListItem\",\"position\":2,\"name\":\"Selton se emociona em coletiva de &#8216;Ainda Estou Aqui&#8217;: &#8216;Minha m\u00e3e tamb\u00e9m morreu com Alzheimer&#8217;\"}]},{\"@type\":\"WebSite\",\"@id\":\"https:\\\/\\\/transamerica93.com.br\\\/home\\\/#website\",\"url\":\"https:\\\/\\\/transamerica93.com.br\\\/home\\\/\",\"name\":\"Transam\u00e9rica Mococa 93,3\",\"description\":\"\",\"publisher\":{\"@id\":\"https:\\\/\\\/transamerica93.com.br\\\/home\\\/#organization\"},\"potentialAction\":[{\"@type\":\"SearchAction\",\"target\":{\"@type\":\"EntryPoint\",\"urlTemplate\":\"https:\\\/\\\/transamerica93.com.br\\\/home\\\/?s={search_term_string}\"},\"query-input\":{\"@type\":\"PropertyValueSpecification\",\"valueRequired\":true,\"valueName\":\"search_term_string\"}}],\"inLanguage\":\"pt-BR\"},{\"@type\":\"Organization\",\"@id\":\"https:\\\/\\\/transamerica93.com.br\\\/home\\\/#organization\",\"name\":\"Transam\u00e9rica Mococa 93,3\",\"url\":\"https:\\\/\\\/transamerica93.com.br\\\/home\\\/\",\"logo\":{\"@type\":\"ImageObject\",\"inLanguage\":\"pt-BR\",\"@id\":\"https:\\\/\\\/transamerica93.com.br\\\/home\\\/#\\\/schema\\\/logo\\\/image\\\/\",\"url\":\"https:\\\/\\\/transamerica93.com.br\\\/home\\\/wp-content\\\/uploads\\\/2023\\\/10\\\/logo2.png\",\"contentUrl\":\"https:\\\/\\\/transamerica93.com.br\\\/home\\\/wp-content\\\/uploads\\\/2023\\\/10\\\/logo2.png\",\"width\":800,\"height\":500,\"caption\":\"Transam\u00e9rica Mococa 93,3\"},\"image\":{\"@id\":\"https:\\\/\\\/transamerica93.com.br\\\/home\\\/#\\\/schema\\\/logo\\\/image\\\/\"},\"sameAs\":[\"https:\\\/\\\/www.facebook.com\\\/transamericamococa\",\"https:\\\/\\\/x.com\\\/transamerica933\",\"https:\\\/\\\/www.instagram.com\\\/transamericamococa\"]},{\"@type\":\"Person\",\"@id\":\"https:\\\/\\\/transamerica93.com.br\\\/home\\\/#\\\/schema\\\/person\\\/7fed7c99c0d4562efa8561bc0f543172\",\"name\":\"Reda\u00e7\u00e3o\",\"image\":{\"@type\":\"ImageObject\",\"inLanguage\":\"pt-BR\",\"@id\":\"https:\\\/\\\/secure.gravatar.com\\\/avatar\\\/1072c6b775fb02ef8506ce967551d95926669a6b7d2c2147b42eea4d7c68395e?s=96&d=mm&r=g\",\"url\":\"https:\\\/\\\/secure.gravatar.com\\\/avatar\\\/1072c6b775fb02ef8506ce967551d95926669a6b7d2c2147b42eea4d7c68395e?s=96&d=mm&r=g\",\"contentUrl\":\"https:\\\/\\\/secure.gravatar.com\\\/avatar\\\/1072c6b775fb02ef8506ce967551d95926669a6b7d2c2147b42eea4d7c68395e?s=96&d=mm&r=g\",\"caption\":\"Reda\u00e7\u00e3o\"},\"sameAs\":[\"https:\\\/\\\/transamerica93.com.br\\\/home\"],\"url\":\"https:\\\/\\\/transamerica93.com.br\\\/home\\\/author\\\/william\\\/\"}]}<\/script>\n<!-- \/ Yoast SEO plugin. -->","yoast_head_json":{"title":"Selton se emociona em coletiva de 'Ainda Estou Aqui': 'Minha m\u00e3e tamb\u00e9m morreu com Alzheimer' - Transam\u00e9rica Mococa 93,3","robots":{"index":"index","follow":"follow","max-snippet":"max-snippet:-1","max-image-preview":"max-image-preview:large","max-video-preview":"max-video-preview:-1"},"canonical":"https:\/\/transamerica93.com.br\/home\/selton-se-emociona-em-coletiva-de-ainda-estou-aqui-minha-mae-tambem-morreu-com-alzheimer\/","og_locale":"pt_BR","og_type":"article","og_title":"Selton se emociona em coletiva de 'Ainda Estou Aqui': 'Minha m\u00e3e tamb\u00e9m morreu com Alzheimer' - Transam\u00e9rica Mococa 93,3","og_description":"Por Danilo Casaletti O ator Selton Mello, que interpreta o ex-deputado Rubens Paiva, pai do escritor Marcelo Rubens Paiva, no filme\u00a0Ainda Estou Aqui, de Walter Salles, estava bastante emocionado na primeira coletiva do filme no Brasil. O longa, escolhido pelo Pa\u00eds para disputar o Oscar, estreia dia 7 de novembro. O encontro com a imprensa &hellip;","og_url":"https:\/\/transamerica93.com.br\/home\/selton-se-emociona-em-coletiva-de-ainda-estou-aqui-minha-mae-tambem-morreu-com-alzheimer\/","og_site_name":"Transam\u00e9rica Mococa 93,3","article_publisher":"https:\/\/www.facebook.com\/transamericamococa","article_published_time":"2024-10-24T21:00:34+00:00","og_image":[{"width":800,"height":500,"url":"https:\/\/transamerica93.com.br\/home\/wp-content\/uploads\/2024\/10\/Image1-8.jpg","type":"image\/jpeg"}],"author":"Reda\u00e7\u00e3o","twitter_card":"summary_large_image","twitter_creator":"@transamerica933","twitter_site":"@transamerica933","twitter_misc":{"Escrito por":"Reda\u00e7\u00e3o","Est. tempo de leitura":"2 minutos"},"schema":{"@context":"https:\/\/schema.org","@graph":[{"@type":"Article","@id":"https:\/\/transamerica93.com.br\/home\/selton-se-emociona-em-coletiva-de-ainda-estou-aqui-minha-mae-tambem-morreu-com-alzheimer\/#article","isPartOf":{"@id":"https:\/\/transamerica93.com.br\/home\/selton-se-emociona-em-coletiva-de-ainda-estou-aqui-minha-mae-tambem-morreu-com-alzheimer\/"},"author":{"name":"Reda\u00e7\u00e3o","@id":"https:\/\/transamerica93.com.br\/home\/#\/schema\/person\/7fed7c99c0d4562efa8561bc0f543172"},"headline":"Selton se emociona em coletiva de &#8216;Ainda Estou Aqui&#8217;: &#8216;Minha m\u00e3e tamb\u00e9m morreu com Alzheimer&#8217;","datePublished":"2024-10-24T21:00:34+00:00","mainEntityOfPage":{"@id":"https:\/\/transamerica93.com.br\/home\/selton-se-emociona-em-coletiva-de-ainda-estou-aqui-minha-mae-tambem-morreu-com-alzheimer\/"},"wordCount":303,"publisher":{"@id":"https:\/\/transamerica93.com.br\/home\/#organization"},"image":{"@id":"https:\/\/transamerica93.com.br\/home\/selton-se-emociona-em-coletiva-de-ainda-estou-aqui-minha-mae-tambem-morreu-com-alzheimer\/#primaryimage"},"thumbnailUrl":"https:\/\/transamerica93.com.br\/home\/wp-content\/uploads\/2024\/10\/Image1-8.jpg","articleSection":["Entretenimento"],"inLanguage":"pt-BR"},{"@type":"WebPage","@id":"https:\/\/transamerica93.com.br\/home\/selton-se-emociona-em-coletiva-de-ainda-estou-aqui-minha-mae-tambem-morreu-com-alzheimer\/","url":"https:\/\/transamerica93.com.br\/home\/selton-se-emociona-em-coletiva-de-ainda-estou-aqui-minha-mae-tambem-morreu-com-alzheimer\/","name":"Selton se emociona em coletiva de 'Ainda Estou Aqui': 'Minha m\u00e3e tamb\u00e9m morreu com Alzheimer' - Transam\u00e9rica Mococa 93,3","isPartOf":{"@id":"https:\/\/transamerica93.com.br\/home\/#website"},"primaryImageOfPage":{"@id":"https:\/\/transamerica93.com.br\/home\/selton-se-emociona-em-coletiva-de-ainda-estou-aqui-minha-mae-tambem-morreu-com-alzheimer\/#primaryimage"},"image":{"@id":"https:\/\/transamerica93.com.br\/home\/selton-se-emociona-em-coletiva-de-ainda-estou-aqui-minha-mae-tambem-morreu-com-alzheimer\/#primaryimage"},"thumbnailUrl":"https:\/\/transamerica93.com.br\/home\/wp-content\/uploads\/2024\/10\/Image1-8.jpg","datePublished":"2024-10-24T21:00:34+00:00","breadcrumb":{"@id":"https:\/\/transamerica93.com.br\/home\/selton-se-emociona-em-coletiva-de-ainda-estou-aqui-minha-mae-tambem-morreu-com-alzheimer\/#breadcrumb"},"inLanguage":"pt-BR","potentialAction":[{"@type":"ReadAction","target":["https:\/\/transamerica93.com.br\/home\/selton-se-emociona-em-coletiva-de-ainda-estou-aqui-minha-mae-tambem-morreu-com-alzheimer\/"]}]},{"@type":"ImageObject","inLanguage":"pt-BR","@id":"https:\/\/transamerica93.com.br\/home\/selton-se-emociona-em-coletiva-de-ainda-estou-aqui-minha-mae-tambem-morreu-com-alzheimer\/#primaryimage","url":"https:\/\/transamerica93.com.br\/home\/wp-content\/uploads\/2024\/10\/Image1-8.jpg","contentUrl":"https:\/\/transamerica93.com.br\/home\/wp-content\/uploads\/2024\/10\/Image1-8.jpg","width":800,"height":500},{"@type":"BreadcrumbList","@id":"https:\/\/transamerica93.com.br\/home\/selton-se-emociona-em-coletiva-de-ainda-estou-aqui-minha-mae-tambem-morreu-com-alzheimer\/#breadcrumb","itemListElement":[{"@type":"ListItem","position":1,"name":"In\u00edcio","item":"https:\/\/transamerica93.com.br\/home\/"},{"@type":"ListItem","position":2,"name":"Selton se emociona em coletiva de &#8216;Ainda Estou Aqui&#8217;: &#8216;Minha m\u00e3e tamb\u00e9m morreu com Alzheimer&#8217;"}]},{"@type":"WebSite","@id":"https:\/\/transamerica93.com.br\/home\/#website","url":"https:\/\/transamerica93.com.br\/home\/","name":"Transam\u00e9rica Mococa 93,3","description":"","publisher":{"@id":"https:\/\/transamerica93.com.br\/home\/#organization"},"potentialAction":[{"@type":"SearchAction","target":{"@type":"EntryPoint","urlTemplate":"https:\/\/transamerica93.com.br\/home\/?s={search_term_string}"},"query-input":{"@type":"PropertyValueSpecification","valueRequired":true,"valueName":"search_term_string"}}],"inLanguage":"pt-BR"},{"@type":"Organization","@id":"https:\/\/transamerica93.com.br\/home\/#organization","name":"Transam\u00e9rica Mococa 93,3","url":"https:\/\/transamerica93.com.br\/home\/","logo":{"@type":"ImageObject","inLanguage":"pt-BR","@id":"https:\/\/transamerica93.com.br\/home\/#\/schema\/logo\/image\/","url":"https:\/\/transamerica93.com.br\/home\/wp-content\/uploads\/2023\/10\/logo2.png","contentUrl":"https:\/\/transamerica93.com.br\/home\/wp-content\/uploads\/2023\/10\/logo2.png","width":800,"height":500,"caption":"Transam\u00e9rica Mococa 93,3"},"image":{"@id":"https:\/\/transamerica93.com.br\/home\/#\/schema\/logo\/image\/"},"sameAs":["https:\/\/www.facebook.com\/transamericamococa","https:\/\/x.com\/transamerica933","https:\/\/www.instagram.com\/transamericamococa"]},{"@type":"Person","@id":"https:\/\/transamerica93.com.br\/home\/#\/schema\/person\/7fed7c99c0d4562efa8561bc0f543172","name":"Reda\u00e7\u00e3o","image":{"@type":"ImageObject","inLanguage":"pt-BR","@id":"https:\/\/secure.gravatar.com\/avatar\/1072c6b775fb02ef8506ce967551d95926669a6b7d2c2147b42eea4d7c68395e?s=96&d=mm&r=g","url":"https:\/\/secure.gravatar.com\/avatar\/1072c6b775fb02ef8506ce967551d95926669a6b7d2c2147b42eea4d7c68395e?s=96&d=mm&r=g","contentUrl":"https:\/\/secure.gravatar.com\/avatar\/1072c6b775fb02ef8506ce967551d95926669a6b7d2c2147b42eea4d7c68395e?s=96&d=mm&r=g","caption":"Reda\u00e7\u00e3o"},"sameAs":["https:\/\/transamerica93.com.br\/home"],"url":"https:\/\/transamerica93.com.br\/home\/author\/william\/"}]}},"_links":{"self":[{"href":"https:\/\/transamerica93.com.br\/home\/wp-json\/wp\/v2\/posts\/3993","targetHints":{"allow":["GET"]}}],"collection":[{"href":"https:\/\/transamerica93.com.br\/home\/wp-json\/wp\/v2\/posts"}],"about":[{"href":"https:\/\/transamerica93.com.br\/home\/wp-json\/wp\/v2\/types\/post"}],"author":[{"embeddable":true,"href":"https:\/\/transamerica93.com.br\/home\/wp-json\/wp\/v2\/users\/1"}],"replies":[{"embeddable":true,"href":"https:\/\/transamerica93.com.br\/home\/wp-json\/wp\/v2\/comments?post=3993"}],"version-history":[{"count":1,"href":"https:\/\/transamerica93.com.br\/home\/wp-json\/wp\/v2\/posts\/3993\/revisions"}],"predecessor-version":[{"id":3995,"href":"https:\/\/transamerica93.com.br\/home\/wp-json\/wp\/v2\/posts\/3993\/revisions\/3995"}],"wp:featuredmedia":[{"embeddable":true,"href":"https:\/\/transamerica93.com.br\/home\/wp-json\/wp\/v2\/media\/3994"}],"wp:attachment":[{"href":"https:\/\/transamerica93.com.br\/home\/wp-json\/wp\/v2\/media?parent=3993"}],"wp:term":[{"taxonomy":"category","embeddable":true,"href":"https:\/\/transamerica93.com.br\/home\/wp-json\/wp\/v2\/categories?post=3993"},{"taxonomy":"post_tag","embeddable":true,"href":"https:\/\/transamerica93.com.br\/home\/wp-json\/wp\/v2\/tags?post=3993"}],"curies":[{"name":"wp","href":"https:\/\/api.w.org\/{rel}","templated":true}]}}