{"id":3996,"date":"2024-10-25T18:00:46","date_gmt":"2024-10-25T21:00:46","guid":{"rendered":"https:\/\/transamerica93.com.br\/home\/?p=3996"},"modified":"2024-10-18T20:38:47","modified_gmt":"2024-10-18T23:38:47","slug":"nascimento-de-nala-filha-de-iza-e-yuri-lima-ganha-narracao-de-galvao-bueno","status":"publish","type":"post","link":"https:\/\/transamerica93.com.br\/home\/nascimento-de-nala-filha-de-iza-e-yuri-lima-ganha-narracao-de-galvao-bueno\/","title":{"rendered":"Nascimento de Nala, filha de Iza e Yuri Lima, ganha narra\u00e7\u00e3o de Galv\u00e3o Bueno"},"content":{"rendered":"<h6 class=\"Assina\">Por Reda\u00e7\u00e3o E+<\/h6>\n<p>Filha de Iza e Yuri Lima, Nala nasceu no \u00faltimo domingo, 13, e ganhou de Galv\u00e3o Bueno um v\u00eddeo de seus famosos bord\u00f5es adaptados para a rec\u00e9m-nascida. &#8220;Bem, amigos da Iza, Nala nasceu! Haja cora\u00e7\u00e3o&#8221;, disse o narrador esportivo em um v\u00eddeo publicado nos stories de seu perfil oficial do Instagram.<\/p>\n<p><a href=\"https:\/\/x.com\/izagallery\/status\/1846568888307233220?\" target=\"_blank\" rel=\"noopener\"><u>Confira aqui<\/u><\/a><\/p>\n<p>A cantora agradeceu a homenagem em suas redes sociais. &#8220;Haja cora\u00e7\u00e3o para esse v\u00eddeo que chegou aqui. Nala est\u00e1 chique demais, t\u00e1?&#8221;<\/p>\n<p>Para celebrar o nascimento da pequena, Iza compartilhou uma foto da m\u00e3ozinha da beb\u00ea. Na legenda, a cantora se emocionou, citando a m\u00fasica\u00a0<i>Anuncia\u00e7\u00e3o<\/i>, de Alceu Valen\u00e7a: &#8220;Que tu virias numa manh\u00e3 de domingo\/eu te anuncio nos sinos das catedrais&#8221;.<\/p>\n<p><b>Gravidez conturbada<\/b><\/p>\n<p>Iza anunciou a gravidez da primeira filha em abril de 2024. Em maio, ela e Yuri Lima compartilharam um v\u00eddeo do ch\u00e1-revela\u00e7\u00e3o, que mostrava que a cantora esperava uma menina.<\/p>\n<p>Em julho, Iza e Yuri terminaram a rela\u00e7\u00e3o ap\u00f3s a cantora descobrir uma trai\u00e7\u00e3o por parte do atleta. Nas semanas seguintes, rumores apontaram que os dois ensaiavam uma reconcilia\u00e7\u00e3o. Na ocasi\u00e3o, a equipe da cantora disse que Iza \u2018n\u00e3o nega e nem confirma o retorno\u2019.<\/p>\n<p>Posteriormente, ao\u00a0<b>Estad\u00e3o<\/b>, a assessoria afirmou que os dois voltaram a se ver, mas apenas com intuito do atleta acompanhar a gesta\u00e7\u00e3o da primeira filha, mas que n\u00e3o reataram. &#8220;Eles n\u00e3o voltaram a se relacionar, mas ele \u00e9 pai e vai estar muito presente nessa reta final da gravidez, dando todo o apoio. Eles ser\u00e3o uma fam\u00edlia para sempre mesmo n\u00e3o estando juntos, afinal ele \u00e9 o pai da filha dela. A seguran\u00e7a e tranquilidade de m\u00e3e e filha s\u00e3o essenciais&#8221;, disse a assessoria.<\/p>\n","protected":false},"excerpt":{"rendered":"<p>Por Reda\u00e7\u00e3o E+ Filha de Iza e Yuri Lima, Nala nasceu no \u00faltimo domingo, 13, e ganhou de Galv\u00e3o Bueno um v\u00eddeo de seus famosos bord\u00f5es adaptados para a rec\u00e9m-nascida. &#8220;Bem, amigos da Iza, Nala nasceu! Haja cora\u00e7\u00e3o&#8221;, disse o narrador esportivo em um v\u00eddeo publicado nos stories de seu perfil oficial do Instagram. Confira &hellip;<\/p>\n","protected":false},"author":1,"featured_media":3997,"comment_status":"closed","ping_status":"closed","sticky":false,"template":"","format":"standard","meta":{"footnotes":""},"categories":[24],"tags":[],"class_list":["post-3996","post","type-post","status-publish","format-standard","has-post-thumbnail","hentry","category-entretenimento"],"yoast_head":"<!-- This site is optimized with the Yoast SEO plugin v27.4 - https:\/\/yoast.com\/product\/yoast-seo-wordpress\/ -->\n<title>Nascimento de Nala, filha de Iza e Yuri Lima, ganha narra\u00e7\u00e3o de Galv\u00e3o Bueno - Transam\u00e9rica Mococa 93,3<\/title>\n<meta name=\"robots\" content=\"index, follow, max-snippet:-1, max-image-preview:large, max-video-preview:-1\" \/>\n<link rel=\"canonical\" href=\"https:\/\/transamerica93.com.br\/home\/nascimento-de-nala-filha-de-iza-e-yuri-lima-ganha-narracao-de-galvao-bueno\/\" \/>\n<meta property=\"og:locale\" content=\"pt_BR\" \/>\n<meta property=\"og:type\" content=\"article\" \/>\n<meta property=\"og:title\" content=\"Nascimento de Nala, filha de Iza e Yuri Lima, ganha narra\u00e7\u00e3o de Galv\u00e3o Bueno - Transam\u00e9rica Mococa 93,3\" \/>\n<meta property=\"og:description\" content=\"Por Reda\u00e7\u00e3o E+ Filha de Iza e Yuri Lima, Nala nasceu no \u00faltimo domingo, 13, e ganhou de Galv\u00e3o Bueno um v\u00eddeo de seus famosos bord\u00f5es adaptados para a rec\u00e9m-nascida. &#8220;Bem, amigos da Iza, Nala nasceu! Haja cora\u00e7\u00e3o&#8221;, disse o narrador esportivo em um v\u00eddeo publicado nos stories de seu perfil oficial do Instagram. Confira &hellip;\" \/>\n<meta property=\"og:url\" content=\"https:\/\/transamerica93.com.br\/home\/nascimento-de-nala-filha-de-iza-e-yuri-lima-ganha-narracao-de-galvao-bueno\/\" \/>\n<meta property=\"og:site_name\" content=\"Transam\u00e9rica Mococa 93,3\" \/>\n<meta property=\"article:publisher\" content=\"https:\/\/www.facebook.com\/transamericamococa\" \/>\n<meta property=\"article:published_time\" content=\"2024-10-25T21:00:46+00:00\" \/>\n<meta property=\"og:image\" content=\"https:\/\/transamerica93.com.br\/home\/wp-content\/uploads\/2024\/10\/Image1-9.jpg\" \/>\n\t<meta property=\"og:image:width\" content=\"800\" \/>\n\t<meta property=\"og:image:height\" content=\"500\" \/>\n\t<meta property=\"og:image:type\" content=\"image\/jpeg\" \/>\n<meta name=\"author\" content=\"Reda\u00e7\u00e3o\" \/>\n<meta name=\"twitter:card\" content=\"summary_large_image\" \/>\n<meta name=\"twitter:creator\" content=\"@transamerica933\" \/>\n<meta name=\"twitter:site\" content=\"@transamerica933\" \/>\n<meta name=\"twitter:label1\" content=\"Escrito por\" \/>\n\t<meta name=\"twitter:data1\" content=\"Reda\u00e7\u00e3o\" \/>\n\t<meta name=\"twitter:label2\" content=\"Est. tempo de leitura\" \/>\n\t<meta name=\"twitter:data2\" content=\"2 minutos\" \/>\n<script type=\"application\/ld+json\" class=\"yoast-schema-graph\">{\"@context\":\"https:\\\/\\\/schema.org\",\"@graph\":[{\"@type\":\"Article\",\"@id\":\"https:\\\/\\\/transamerica93.com.br\\\/home\\\/nascimento-de-nala-filha-de-iza-e-yuri-lima-ganha-narracao-de-galvao-bueno\\\/#article\",\"isPartOf\":{\"@id\":\"https:\\\/\\\/transamerica93.com.br\\\/home\\\/nascimento-de-nala-filha-de-iza-e-yuri-lima-ganha-narracao-de-galvao-bueno\\\/\"},\"author\":{\"name\":\"Reda\u00e7\u00e3o\",\"@id\":\"https:\\\/\\\/transamerica93.com.br\\\/home\\\/#\\\/schema\\\/person\\\/7fed7c99c0d4562efa8561bc0f543172\"},\"headline\":\"Nascimento de Nala, filha de Iza e Yuri Lima, ganha narra\u00e7\u00e3o de Galv\u00e3o Bueno\",\"datePublished\":\"2024-10-25T21:00:46+00:00\",\"mainEntityOfPage\":{\"@id\":\"https:\\\/\\\/transamerica93.com.br\\\/home\\\/nascimento-de-nala-filha-de-iza-e-yuri-lima-ganha-narracao-de-galvao-bueno\\\/\"},\"wordCount\":324,\"publisher\":{\"@id\":\"https:\\\/\\\/transamerica93.com.br\\\/home\\\/#organization\"},\"image\":{\"@id\":\"https:\\\/\\\/transamerica93.com.br\\\/home\\\/nascimento-de-nala-filha-de-iza-e-yuri-lima-ganha-narracao-de-galvao-bueno\\\/#primaryimage\"},\"thumbnailUrl\":\"https:\\\/\\\/transamerica93.com.br\\\/home\\\/wp-content\\\/uploads\\\/2024\\\/10\\\/Image1-9.jpg\",\"articleSection\":[\"Entretenimento\"],\"inLanguage\":\"pt-BR\"},{\"@type\":\"WebPage\",\"@id\":\"https:\\\/\\\/transamerica93.com.br\\\/home\\\/nascimento-de-nala-filha-de-iza-e-yuri-lima-ganha-narracao-de-galvao-bueno\\\/\",\"url\":\"https:\\\/\\\/transamerica93.com.br\\\/home\\\/nascimento-de-nala-filha-de-iza-e-yuri-lima-ganha-narracao-de-galvao-bueno\\\/\",\"name\":\"Nascimento de Nala, filha de Iza e Yuri Lima, ganha narra\u00e7\u00e3o de Galv\u00e3o Bueno - Transam\u00e9rica Mococa 93,3\",\"isPartOf\":{\"@id\":\"https:\\\/\\\/transamerica93.com.br\\\/home\\\/#website\"},\"primaryImageOfPage\":{\"@id\":\"https:\\\/\\\/transamerica93.com.br\\\/home\\\/nascimento-de-nala-filha-de-iza-e-yuri-lima-ganha-narracao-de-galvao-bueno\\\/#primaryimage\"},\"image\":{\"@id\":\"https:\\\/\\\/transamerica93.com.br\\\/home\\\/nascimento-de-nala-filha-de-iza-e-yuri-lima-ganha-narracao-de-galvao-bueno\\\/#primaryimage\"},\"thumbnailUrl\":\"https:\\\/\\\/transamerica93.com.br\\\/home\\\/wp-content\\\/uploads\\\/2024\\\/10\\\/Image1-9.jpg\",\"datePublished\":\"2024-10-25T21:00:46+00:00\",\"breadcrumb\":{\"@id\":\"https:\\\/\\\/transamerica93.com.br\\\/home\\\/nascimento-de-nala-filha-de-iza-e-yuri-lima-ganha-narracao-de-galvao-bueno\\\/#breadcrumb\"},\"inLanguage\":\"pt-BR\",\"potentialAction\":[{\"@type\":\"ReadAction\",\"target\":[\"https:\\\/\\\/transamerica93.com.br\\\/home\\\/nascimento-de-nala-filha-de-iza-e-yuri-lima-ganha-narracao-de-galvao-bueno\\\/\"]}]},{\"@type\":\"ImageObject\",\"inLanguage\":\"pt-BR\",\"@id\":\"https:\\\/\\\/transamerica93.com.br\\\/home\\\/nascimento-de-nala-filha-de-iza-e-yuri-lima-ganha-narracao-de-galvao-bueno\\\/#primaryimage\",\"url\":\"https:\\\/\\\/transamerica93.com.br\\\/home\\\/wp-content\\\/uploads\\\/2024\\\/10\\\/Image1-9.jpg\",\"contentUrl\":\"https:\\\/\\\/transamerica93.com.br\\\/home\\\/wp-content\\\/uploads\\\/2024\\\/10\\\/Image1-9.jpg\",\"width\":800,\"height\":500,\"caption\":\"Nascimento de Nala, filha de Iza e Yuri Lima, foi narrado por Galv\u00e3o Bueno. Foto: @iza via Instagram\"},{\"@type\":\"BreadcrumbList\",\"@id\":\"https:\\\/\\\/transamerica93.com.br\\\/home\\\/nascimento-de-nala-filha-de-iza-e-yuri-lima-ganha-narracao-de-galvao-bueno\\\/#breadcrumb\",\"itemListElement\":[{\"@type\":\"ListItem\",\"position\":1,\"name\":\"In\u00edcio\",\"item\":\"https:\\\/\\\/transamerica93.com.br\\\/home\\\/\"},{\"@type\":\"ListItem\",\"position\":2,\"name\":\"Nascimento de Nala, filha de Iza e Yuri Lima, ganha narra\u00e7\u00e3o de Galv\u00e3o Bueno\"}]},{\"@type\":\"WebSite\",\"@id\":\"https:\\\/\\\/transamerica93.com.br\\\/home\\\/#website\",\"url\":\"https:\\\/\\\/transamerica93.com.br\\\/home\\\/\",\"name\":\"Transam\u00e9rica Mococa 93,3\",\"description\":\"\",\"publisher\":{\"@id\":\"https:\\\/\\\/transamerica93.com.br\\\/home\\\/#organization\"},\"potentialAction\":[{\"@type\":\"SearchAction\",\"target\":{\"@type\":\"EntryPoint\",\"urlTemplate\":\"https:\\\/\\\/transamerica93.com.br\\\/home\\\/?s={search_term_string}\"},\"query-input\":{\"@type\":\"PropertyValueSpecification\",\"valueRequired\":true,\"valueName\":\"search_term_string\"}}],\"inLanguage\":\"pt-BR\"},{\"@type\":\"Organization\",\"@id\":\"https:\\\/\\\/transamerica93.com.br\\\/home\\\/#organization\",\"name\":\"Transam\u00e9rica Mococa 93,3\",\"url\":\"https:\\\/\\\/transamerica93.com.br\\\/home\\\/\",\"logo\":{\"@type\":\"ImageObject\",\"inLanguage\":\"pt-BR\",\"@id\":\"https:\\\/\\\/transamerica93.com.br\\\/home\\\/#\\\/schema\\\/logo\\\/image\\\/\",\"url\":\"https:\\\/\\\/transamerica93.com.br\\\/home\\\/wp-content\\\/uploads\\\/2023\\\/10\\\/logo2.png\",\"contentUrl\":\"https:\\\/\\\/transamerica93.com.br\\\/home\\\/wp-content\\\/uploads\\\/2023\\\/10\\\/logo2.png\",\"width\":800,\"height\":500,\"caption\":\"Transam\u00e9rica Mococa 93,3\"},\"image\":{\"@id\":\"https:\\\/\\\/transamerica93.com.br\\\/home\\\/#\\\/schema\\\/logo\\\/image\\\/\"},\"sameAs\":[\"https:\\\/\\\/www.facebook.com\\\/transamericamococa\",\"https:\\\/\\\/x.com\\\/transamerica933\",\"https:\\\/\\\/www.instagram.com\\\/transamericamococa\"]},{\"@type\":\"Person\",\"@id\":\"https:\\\/\\\/transamerica93.com.br\\\/home\\\/#\\\/schema\\\/person\\\/7fed7c99c0d4562efa8561bc0f543172\",\"name\":\"Reda\u00e7\u00e3o\",\"image\":{\"@type\":\"ImageObject\",\"inLanguage\":\"pt-BR\",\"@id\":\"https:\\\/\\\/secure.gravatar.com\\\/avatar\\\/1072c6b775fb02ef8506ce967551d95926669a6b7d2c2147b42eea4d7c68395e?s=96&d=mm&r=g\",\"url\":\"https:\\\/\\\/secure.gravatar.com\\\/avatar\\\/1072c6b775fb02ef8506ce967551d95926669a6b7d2c2147b42eea4d7c68395e?s=96&d=mm&r=g\",\"contentUrl\":\"https:\\\/\\\/secure.gravatar.com\\\/avatar\\\/1072c6b775fb02ef8506ce967551d95926669a6b7d2c2147b42eea4d7c68395e?s=96&d=mm&r=g\",\"caption\":\"Reda\u00e7\u00e3o\"},\"sameAs\":[\"https:\\\/\\\/transamerica93.com.br\\\/home\"],\"url\":\"https:\\\/\\\/transamerica93.com.br\\\/home\\\/author\\\/william\\\/\"}]}<\/script>\n<!-- \/ Yoast SEO plugin. -->","yoast_head_json":{"title":"Nascimento de Nala, filha de Iza e Yuri Lima, ganha narra\u00e7\u00e3o de Galv\u00e3o Bueno - Transam\u00e9rica Mococa 93,3","robots":{"index":"index","follow":"follow","max-snippet":"max-snippet:-1","max-image-preview":"max-image-preview:large","max-video-preview":"max-video-preview:-1"},"canonical":"https:\/\/transamerica93.com.br\/home\/nascimento-de-nala-filha-de-iza-e-yuri-lima-ganha-narracao-de-galvao-bueno\/","og_locale":"pt_BR","og_type":"article","og_title":"Nascimento de Nala, filha de Iza e Yuri Lima, ganha narra\u00e7\u00e3o de Galv\u00e3o Bueno - Transam\u00e9rica Mococa 93,3","og_description":"Por Reda\u00e7\u00e3o E+ Filha de Iza e Yuri Lima, Nala nasceu no \u00faltimo domingo, 13, e ganhou de Galv\u00e3o Bueno um v\u00eddeo de seus famosos bord\u00f5es adaptados para a rec\u00e9m-nascida. &#8220;Bem, amigos da Iza, Nala nasceu! Haja cora\u00e7\u00e3o&#8221;, disse o narrador esportivo em um v\u00eddeo publicado nos stories de seu perfil oficial do Instagram. Confira &hellip;","og_url":"https:\/\/transamerica93.com.br\/home\/nascimento-de-nala-filha-de-iza-e-yuri-lima-ganha-narracao-de-galvao-bueno\/","og_site_name":"Transam\u00e9rica Mococa 93,3","article_publisher":"https:\/\/www.facebook.com\/transamericamococa","article_published_time":"2024-10-25T21:00:46+00:00","og_image":[{"width":800,"height":500,"url":"https:\/\/transamerica93.com.br\/home\/wp-content\/uploads\/2024\/10\/Image1-9.jpg","type":"image\/jpeg"}],"author":"Reda\u00e7\u00e3o","twitter_card":"summary_large_image","twitter_creator":"@transamerica933","twitter_site":"@transamerica933","twitter_misc":{"Escrito por":"Reda\u00e7\u00e3o","Est. tempo de leitura":"2 minutos"},"schema":{"@context":"https:\/\/schema.org","@graph":[{"@type":"Article","@id":"https:\/\/transamerica93.com.br\/home\/nascimento-de-nala-filha-de-iza-e-yuri-lima-ganha-narracao-de-galvao-bueno\/#article","isPartOf":{"@id":"https:\/\/transamerica93.com.br\/home\/nascimento-de-nala-filha-de-iza-e-yuri-lima-ganha-narracao-de-galvao-bueno\/"},"author":{"name":"Reda\u00e7\u00e3o","@id":"https:\/\/transamerica93.com.br\/home\/#\/schema\/person\/7fed7c99c0d4562efa8561bc0f543172"},"headline":"Nascimento de Nala, filha de Iza e Yuri Lima, ganha narra\u00e7\u00e3o de Galv\u00e3o Bueno","datePublished":"2024-10-25T21:00:46+00:00","mainEntityOfPage":{"@id":"https:\/\/transamerica93.com.br\/home\/nascimento-de-nala-filha-de-iza-e-yuri-lima-ganha-narracao-de-galvao-bueno\/"},"wordCount":324,"publisher":{"@id":"https:\/\/transamerica93.com.br\/home\/#organization"},"image":{"@id":"https:\/\/transamerica93.com.br\/home\/nascimento-de-nala-filha-de-iza-e-yuri-lima-ganha-narracao-de-galvao-bueno\/#primaryimage"},"thumbnailUrl":"https:\/\/transamerica93.com.br\/home\/wp-content\/uploads\/2024\/10\/Image1-9.jpg","articleSection":["Entretenimento"],"inLanguage":"pt-BR"},{"@type":"WebPage","@id":"https:\/\/transamerica93.com.br\/home\/nascimento-de-nala-filha-de-iza-e-yuri-lima-ganha-narracao-de-galvao-bueno\/","url":"https:\/\/transamerica93.com.br\/home\/nascimento-de-nala-filha-de-iza-e-yuri-lima-ganha-narracao-de-galvao-bueno\/","name":"Nascimento de Nala, filha de Iza e Yuri Lima, ganha narra\u00e7\u00e3o de Galv\u00e3o Bueno - Transam\u00e9rica Mococa 93,3","isPartOf":{"@id":"https:\/\/transamerica93.com.br\/home\/#website"},"primaryImageOfPage":{"@id":"https:\/\/transamerica93.com.br\/home\/nascimento-de-nala-filha-de-iza-e-yuri-lima-ganha-narracao-de-galvao-bueno\/#primaryimage"},"image":{"@id":"https:\/\/transamerica93.com.br\/home\/nascimento-de-nala-filha-de-iza-e-yuri-lima-ganha-narracao-de-galvao-bueno\/#primaryimage"},"thumbnailUrl":"https:\/\/transamerica93.com.br\/home\/wp-content\/uploads\/2024\/10\/Image1-9.jpg","datePublished":"2024-10-25T21:00:46+00:00","breadcrumb":{"@id":"https:\/\/transamerica93.com.br\/home\/nascimento-de-nala-filha-de-iza-e-yuri-lima-ganha-narracao-de-galvao-bueno\/#breadcrumb"},"inLanguage":"pt-BR","potentialAction":[{"@type":"ReadAction","target":["https:\/\/transamerica93.com.br\/home\/nascimento-de-nala-filha-de-iza-e-yuri-lima-ganha-narracao-de-galvao-bueno\/"]}]},{"@type":"ImageObject","inLanguage":"pt-BR","@id":"https:\/\/transamerica93.com.br\/home\/nascimento-de-nala-filha-de-iza-e-yuri-lima-ganha-narracao-de-galvao-bueno\/#primaryimage","url":"https:\/\/transamerica93.com.br\/home\/wp-content\/uploads\/2024\/10\/Image1-9.jpg","contentUrl":"https:\/\/transamerica93.com.br\/home\/wp-content\/uploads\/2024\/10\/Image1-9.jpg","width":800,"height":500,"caption":"Nascimento de Nala, filha de Iza e Yuri Lima, foi narrado por Galv\u00e3o Bueno. Foto: @iza via Instagram"},{"@type":"BreadcrumbList","@id":"https:\/\/transamerica93.com.br\/home\/nascimento-de-nala-filha-de-iza-e-yuri-lima-ganha-narracao-de-galvao-bueno\/#breadcrumb","itemListElement":[{"@type":"ListItem","position":1,"name":"In\u00edcio","item":"https:\/\/transamerica93.com.br\/home\/"},{"@type":"ListItem","position":2,"name":"Nascimento de Nala, filha de Iza e Yuri Lima, ganha narra\u00e7\u00e3o de Galv\u00e3o Bueno"}]},{"@type":"WebSite","@id":"https:\/\/transamerica93.com.br\/home\/#website","url":"https:\/\/transamerica93.com.br\/home\/","name":"Transam\u00e9rica Mococa 93,3","description":"","publisher":{"@id":"https:\/\/transamerica93.com.br\/home\/#organization"},"potentialAction":[{"@type":"SearchAction","target":{"@type":"EntryPoint","urlTemplate":"https:\/\/transamerica93.com.br\/home\/?s={search_term_string}"},"query-input":{"@type":"PropertyValueSpecification","valueRequired":true,"valueName":"search_term_string"}}],"inLanguage":"pt-BR"},{"@type":"Organization","@id":"https:\/\/transamerica93.com.br\/home\/#organization","name":"Transam\u00e9rica Mococa 93,3","url":"https:\/\/transamerica93.com.br\/home\/","logo":{"@type":"ImageObject","inLanguage":"pt-BR","@id":"https:\/\/transamerica93.com.br\/home\/#\/schema\/logo\/image\/","url":"https:\/\/transamerica93.com.br\/home\/wp-content\/uploads\/2023\/10\/logo2.png","contentUrl":"https:\/\/transamerica93.com.br\/home\/wp-content\/uploads\/2023\/10\/logo2.png","width":800,"height":500,"caption":"Transam\u00e9rica Mococa 93,3"},"image":{"@id":"https:\/\/transamerica93.com.br\/home\/#\/schema\/logo\/image\/"},"sameAs":["https:\/\/www.facebook.com\/transamericamococa","https:\/\/x.com\/transamerica933","https:\/\/www.instagram.com\/transamericamococa"]},{"@type":"Person","@id":"https:\/\/transamerica93.com.br\/home\/#\/schema\/person\/7fed7c99c0d4562efa8561bc0f543172","name":"Reda\u00e7\u00e3o","image":{"@type":"ImageObject","inLanguage":"pt-BR","@id":"https:\/\/secure.gravatar.com\/avatar\/1072c6b775fb02ef8506ce967551d95926669a6b7d2c2147b42eea4d7c68395e?s=96&d=mm&r=g","url":"https:\/\/secure.gravatar.com\/avatar\/1072c6b775fb02ef8506ce967551d95926669a6b7d2c2147b42eea4d7c68395e?s=96&d=mm&r=g","contentUrl":"https:\/\/secure.gravatar.com\/avatar\/1072c6b775fb02ef8506ce967551d95926669a6b7d2c2147b42eea4d7c68395e?s=96&d=mm&r=g","caption":"Reda\u00e7\u00e3o"},"sameAs":["https:\/\/transamerica93.com.br\/home"],"url":"https:\/\/transamerica93.com.br\/home\/author\/william\/"}]}},"_links":{"self":[{"href":"https:\/\/transamerica93.com.br\/home\/wp-json\/wp\/v2\/posts\/3996","targetHints":{"allow":["GET"]}}],"collection":[{"href":"https:\/\/transamerica93.com.br\/home\/wp-json\/wp\/v2\/posts"}],"about":[{"href":"https:\/\/transamerica93.com.br\/home\/wp-json\/wp\/v2\/types\/post"}],"author":[{"embeddable":true,"href":"https:\/\/transamerica93.com.br\/home\/wp-json\/wp\/v2\/users\/1"}],"replies":[{"embeddable":true,"href":"https:\/\/transamerica93.com.br\/home\/wp-json\/wp\/v2\/comments?post=3996"}],"version-history":[{"count":1,"href":"https:\/\/transamerica93.com.br\/home\/wp-json\/wp\/v2\/posts\/3996\/revisions"}],"predecessor-version":[{"id":3998,"href":"https:\/\/transamerica93.com.br\/home\/wp-json\/wp\/v2\/posts\/3996\/revisions\/3998"}],"wp:featuredmedia":[{"embeddable":true,"href":"https:\/\/transamerica93.com.br\/home\/wp-json\/wp\/v2\/media\/3997"}],"wp:attachment":[{"href":"https:\/\/transamerica93.com.br\/home\/wp-json\/wp\/v2\/media?parent=3996"}],"wp:term":[{"taxonomy":"category","embeddable":true,"href":"https:\/\/transamerica93.com.br\/home\/wp-json\/wp\/v2\/categories?post=3996"},{"taxonomy":"post_tag","embeddable":true,"href":"https:\/\/transamerica93.com.br\/home\/wp-json\/wp\/v2\/tags?post=3996"}],"curies":[{"name":"wp","href":"https:\/\/api.w.org\/{rel}","templated":true}]}}