{"id":4016,"date":"2024-10-24T15:45:51","date_gmt":"2024-10-24T18:45:51","guid":{"rendered":"https:\/\/transamerica93.com.br\/home\/?p=4016"},"modified":"2024-10-24T15:45:51","modified_gmt":"2024-10-24T18:45:51","slug":"morre-maguila-lenda-do-boxe-nacional-aos-66-anos","status":"publish","type":"post","link":"https:\/\/transamerica93.com.br\/home\/morre-maguila-lenda-do-boxe-nacional-aos-66-anos\/","title":{"rendered":"Morre Maguila, lenda do boxe nacional, aos 66 anos"},"content":{"rendered":"<h6 class=\"Assina\">Por Wilson Baldini Jr.<\/h6>\n<p>Faxineiro em Aracaju. Pedreiro em S\u00e3o Paulo. Adilson Rodrigues se transformou no pugilista mais carism\u00e1tico do boxe brasileiro. Simples e espont\u00e2neo, Maguila &#8211; apelido que ganhou dos amigos de obra pela semelhan\u00e7a com o personagem de um desenho famoso &#8211; ganhou espa\u00e7o na m\u00eddia e fez de suas lutas um evento imperd\u00edvel aos domingos. O eterno campe\u00e3o peso pesado morreu nesta quinta-feira, em S\u00e3o Paulo, aos 66 anos. Ele sofria de encefalopatia traum\u00e1tica cr\u00f4nica e estava internado h\u00e1 28 dias. Desde 2010, o ex-atleta lutava contra o Alzheimer.<\/p>\n<p>Maguila chegou a S\u00e3o Paulo em 1970, juntamente com o irm\u00e3o Maur\u00edcio. Assustou-se com o frio da cidade e foi trabalhar como pedreiro. Chegou a morar em uma boleia de caminh\u00e3o, foi preso por dez horas por agredir um companheiro de trabalho, se fez de louco para n\u00e3o servir o Ex\u00e9rcito e entrou no boxe aos 22 anos pelas m\u00e3os de Ralph Zumbano, tio de Eder Jofre, na academia do extinto BCN.<\/p>\n<p>&#8220;Quanto voc\u00ea pesa, menin\u00e3o?&#8221;, perguntou Ralph, um dos lutadores mais cl\u00e1ssicos que o Brasil j\u00e1 teve. &#8220;Noventa e cinco&#8221;, disse Maguila. Ralph se animou, pois poucos s\u00e3o os lutadores nacionais na principal categoria do boxe.<\/p>\n<p>Em pouco tempo, Maguila foi campe\u00e3o do tradicional torneio Forja dos Campe\u00f5es e do Campeonato Paulista. Em 1983, aos 25 anos, passou para profissional e com apenas tr\u00eas lutas j\u00e1 era campe\u00e3o nacional. Mais seis combates, j\u00e1 sob a orienta\u00e7\u00e3o da empresa do narrador Luciano do Valle, veio o cintur\u00e3o sul-americano.<\/p>\n<p>Maguila virou uma febre nacional. Suas lutas levantavam a audi\u00eancia da TV Bandeirantes, onde Luciano do Valle trabalhava. Mas o ano de 1985 foi complicado para o pugilista. Duas derrotas acachapantes para o argentino Daniel Falconi e para o holand\u00eas Andre Van Oetelaar, ambas por nocaute, quase encerraram sua carreira. Ralph foi demitido e em seu lugar foi contratado Miguel de Oliveira, que na \u00e9poca dividia com o lend\u00e1rio Eder Jofre a gl\u00f3ria de ter sido campe\u00e3o mundial pelo Brasil.<\/p>\n<p>Com Miguel de Oliveira no c\u00f3rner, Maguila devolveu a Falconi e Oetelaar a derrota na mesma moeda e transformou em \u00eddolo nacional. O foco de Luciano do Valle e de sua empresa, a Luqui, virou para o supercampe\u00e3o Mike Tyson. Contatos foram feitos com Don King, que cuidava dos interesses do fen\u00f4meno norte-americano At\u00e9 uma luta no Maracan\u00e3 foi sonhada.<\/p>\n<p>Com isso, os desafios foram ficando maiores. O primeiro foi a conquista do t\u00edtulo das Am\u00e9ricas, com mais de 10 mil torcedores no Gin\u00e1sio do Corinthians, em S\u00e3o Paulo. Maguila passou pelo resistente norte-americano Rocky Sekorsky, em 12 rounds.<\/p>\n<p>Mais de 20 mil pessoas lotaram o Gin\u00e1sio do Ibirapuera, em 1987, para a luta contra o ex-campe\u00e3o mundial James &#8220;Quebra-Ossos&#8221; Smith. Em decis\u00e3o pol\u00eamica, por pontos, o brasileiro foi proclamado vencedor. O triunfo o colocou entre os dez primeiros do ranking do Conselho Mundial de Boxe e virtual desafiante de Tyson.<\/p>\n<p>O ano de 1988 foi de espera pela oportunidade de tentar o t\u00edtulo mundial. Como ela n\u00e3o veio, Maguila, segundo colocado no ranking, enfrentou Evander Holyfield, que era o primeiro. No duelo de Lake Tahoe, o brasileiro, treinado pelo lend\u00e1rio norte-americano Angelo Dundee, que havia trabalhado com Muhammad Ali e Sugar Ray Leonard, chegou a vencer o primeiro round para dois dos tr\u00eas jurados, mas foi aniquilado no segundo. &#8220;O Dundee me orientou errado. Mandou eu ir para cima dele (Holyfield)&#8221;, reclamou Maguila.<\/p>\n<p>A partir da\u00ed, a empresa Luqui quis encerrar a carreira de Maguila, que n\u00e3o aceitou e chegou a enfrentar o mito George Foreman, em 1990. Sofreu, ent\u00e3o, mais um nocaute violento no segundo round. &#8220;Tomei um soco que quase venho para o Brasil sem pagar passagem&#8221;, brincou ele, ao comentar sobre a for\u00e7a do rival norte-americano, que tinha 41 anos na \u00e9poca.<\/p>\n<p>Depois de Foreman, Maguila lutou mais dez anos. Fez uma peregrina\u00e7\u00e3o pela Am\u00e9rica do Sul, acumulou dinheiro, manteve o interesse do p\u00fablico, mas nunca mais foi o mesmo. Chegou a ganhar o inexpressivo t\u00edtulo mundial da Federa\u00e7\u00e3o Mundial de Boxe, quando derrotou o brit\u00e2nico Johnny Nelson. Ali\u00e1s, bateu este advers\u00e1rio tamb\u00e9m na revanche.<\/p>\n<p>Em 2000, aos 42 anos, pendurou as luvas. Mas se manteve em evid\u00eancia. Fez comerciais de TV, participou de programas de audit\u00f3rio e gravou CD de pagode. Com sua morte, o boxe perde um personagem \u00fanico.<\/p>\n","protected":false},"excerpt":{"rendered":"<p>Por Wilson Baldini Jr. Faxineiro em Aracaju. Pedreiro em S\u00e3o Paulo. Adilson Rodrigues se transformou no pugilista mais carism\u00e1tico do boxe brasileiro. Simples e espont\u00e2neo, Maguila &#8211; apelido que ganhou dos amigos de obra pela semelhan\u00e7a com o personagem de um desenho famoso &#8211; ganhou espa\u00e7o na m\u00eddia e fez de suas lutas um evento &hellip;<\/p>\n","protected":false},"author":1,"featured_media":4017,"comment_status":"closed","ping_status":"closed","sticky":false,"template":"","format":"standard","meta":{"footnotes":""},"categories":[31],"tags":[],"class_list":["post-4016","post","type-post","status-publish","format-standard","has-post-thumbnail","hentry","category-esportes"],"yoast_head":"<!-- This site is optimized with the Yoast SEO plugin v27.4 - https:\/\/yoast.com\/product\/yoast-seo-wordpress\/ -->\n<title>Morre Maguila, lenda do boxe nacional, aos 66 anos - Transam\u00e9rica Mococa 93,3<\/title>\n<meta name=\"robots\" content=\"index, follow, max-snippet:-1, max-image-preview:large, max-video-preview:-1\" \/>\n<link rel=\"canonical\" href=\"https:\/\/transamerica93.com.br\/home\/morre-maguila-lenda-do-boxe-nacional-aos-66-anos\/\" \/>\n<meta property=\"og:locale\" content=\"pt_BR\" \/>\n<meta property=\"og:type\" content=\"article\" \/>\n<meta property=\"og:title\" content=\"Morre Maguila, lenda do boxe nacional, aos 66 anos - Transam\u00e9rica Mococa 93,3\" \/>\n<meta property=\"og:description\" content=\"Por Wilson Baldini Jr. Faxineiro em Aracaju. Pedreiro em S\u00e3o Paulo. Adilson Rodrigues se transformou no pugilista mais carism\u00e1tico do boxe brasileiro. Simples e espont\u00e2neo, Maguila &#8211; apelido que ganhou dos amigos de obra pela semelhan\u00e7a com o personagem de um desenho famoso &#8211; ganhou espa\u00e7o na m\u00eddia e fez de suas lutas um evento &hellip;\" \/>\n<meta property=\"og:url\" content=\"https:\/\/transamerica93.com.br\/home\/morre-maguila-lenda-do-boxe-nacional-aos-66-anos\/\" \/>\n<meta property=\"og:site_name\" content=\"Transam\u00e9rica Mococa 93,3\" \/>\n<meta property=\"article:publisher\" content=\"https:\/\/www.facebook.com\/transamericamococa\" \/>\n<meta property=\"article:published_time\" content=\"2024-10-24T18:45:51+00:00\" \/>\n<meta property=\"og:image\" content=\"https:\/\/transamerica93.com.br\/home\/wp-content\/uploads\/2024\/10\/maguila.jpg\" \/>\n\t<meta property=\"og:image:width\" content=\"977\" \/>\n\t<meta property=\"og:image:height\" content=\"614\" \/>\n\t<meta property=\"og:image:type\" content=\"image\/jpeg\" \/>\n<meta name=\"author\" content=\"Reda\u00e7\u00e3o\" \/>\n<meta name=\"twitter:card\" content=\"summary_large_image\" \/>\n<meta name=\"twitter:creator\" content=\"@transamerica933\" \/>\n<meta name=\"twitter:site\" content=\"@transamerica933\" \/>\n<meta name=\"twitter:label1\" content=\"Escrito por\" \/>\n\t<meta name=\"twitter:data1\" content=\"Reda\u00e7\u00e3o\" \/>\n\t<meta name=\"twitter:label2\" content=\"Est. tempo de leitura\" \/>\n\t<meta name=\"twitter:data2\" content=\"5 minutos\" \/>\n<script type=\"application\/ld+json\" class=\"yoast-schema-graph\">{\"@context\":\"https:\\\/\\\/schema.org\",\"@graph\":[{\"@type\":\"Article\",\"@id\":\"https:\\\/\\\/transamerica93.com.br\\\/home\\\/morre-maguila-lenda-do-boxe-nacional-aos-66-anos\\\/#article\",\"isPartOf\":{\"@id\":\"https:\\\/\\\/transamerica93.com.br\\\/home\\\/morre-maguila-lenda-do-boxe-nacional-aos-66-anos\\\/\"},\"author\":{\"name\":\"Reda\u00e7\u00e3o\",\"@id\":\"https:\\\/\\\/transamerica93.com.br\\\/home\\\/#\\\/schema\\\/person\\\/7fed7c99c0d4562efa8561bc0f543172\"},\"headline\":\"Morre Maguila, lenda do boxe nacional, aos 66 anos\",\"datePublished\":\"2024-10-24T18:45:51+00:00\",\"mainEntityOfPage\":{\"@id\":\"https:\\\/\\\/transamerica93.com.br\\\/home\\\/morre-maguila-lenda-do-boxe-nacional-aos-66-anos\\\/\"},\"wordCount\":767,\"publisher\":{\"@id\":\"https:\\\/\\\/transamerica93.com.br\\\/home\\\/#organization\"},\"image\":{\"@id\":\"https:\\\/\\\/transamerica93.com.br\\\/home\\\/morre-maguila-lenda-do-boxe-nacional-aos-66-anos\\\/#primaryimage\"},\"thumbnailUrl\":\"https:\\\/\\\/transamerica93.com.br\\\/home\\\/wp-content\\\/uploads\\\/2024\\\/10\\\/maguila.jpg\",\"articleSection\":[\"Esportes\"],\"inLanguage\":\"pt-BR\"},{\"@type\":\"WebPage\",\"@id\":\"https:\\\/\\\/transamerica93.com.br\\\/home\\\/morre-maguila-lenda-do-boxe-nacional-aos-66-anos\\\/\",\"url\":\"https:\\\/\\\/transamerica93.com.br\\\/home\\\/morre-maguila-lenda-do-boxe-nacional-aos-66-anos\\\/\",\"name\":\"Morre Maguila, lenda do boxe nacional, aos 66 anos - Transam\u00e9rica Mococa 93,3\",\"isPartOf\":{\"@id\":\"https:\\\/\\\/transamerica93.com.br\\\/home\\\/#website\"},\"primaryImageOfPage\":{\"@id\":\"https:\\\/\\\/transamerica93.com.br\\\/home\\\/morre-maguila-lenda-do-boxe-nacional-aos-66-anos\\\/#primaryimage\"},\"image\":{\"@id\":\"https:\\\/\\\/transamerica93.com.br\\\/home\\\/morre-maguila-lenda-do-boxe-nacional-aos-66-anos\\\/#primaryimage\"},\"thumbnailUrl\":\"https:\\\/\\\/transamerica93.com.br\\\/home\\\/wp-content\\\/uploads\\\/2024\\\/10\\\/maguila.jpg\",\"datePublished\":\"2024-10-24T18:45:51+00:00\",\"breadcrumb\":{\"@id\":\"https:\\\/\\\/transamerica93.com.br\\\/home\\\/morre-maguila-lenda-do-boxe-nacional-aos-66-anos\\\/#breadcrumb\"},\"inLanguage\":\"pt-BR\",\"potentialAction\":[{\"@type\":\"ReadAction\",\"target\":[\"https:\\\/\\\/transamerica93.com.br\\\/home\\\/morre-maguila-lenda-do-boxe-nacional-aos-66-anos\\\/\"]}]},{\"@type\":\"ImageObject\",\"inLanguage\":\"pt-BR\",\"@id\":\"https:\\\/\\\/transamerica93.com.br\\\/home\\\/morre-maguila-lenda-do-boxe-nacional-aos-66-anos\\\/#primaryimage\",\"url\":\"https:\\\/\\\/transamerica93.com.br\\\/home\\\/wp-content\\\/uploads\\\/2024\\\/10\\\/maguila.jpg\",\"contentUrl\":\"https:\\\/\\\/transamerica93.com.br\\\/home\\\/wp-content\\\/uploads\\\/2024\\\/10\\\/maguila.jpg\",\"width\":977,\"height\":614,\"caption\":\"Foto: Instagram @adilsonmaguilarodrigues\"},{\"@type\":\"BreadcrumbList\",\"@id\":\"https:\\\/\\\/transamerica93.com.br\\\/home\\\/morre-maguila-lenda-do-boxe-nacional-aos-66-anos\\\/#breadcrumb\",\"itemListElement\":[{\"@type\":\"ListItem\",\"position\":1,\"name\":\"In\u00edcio\",\"item\":\"https:\\\/\\\/transamerica93.com.br\\\/home\\\/\"},{\"@type\":\"ListItem\",\"position\":2,\"name\":\"Morre Maguila, lenda do boxe nacional, aos 66 anos\"}]},{\"@type\":\"WebSite\",\"@id\":\"https:\\\/\\\/transamerica93.com.br\\\/home\\\/#website\",\"url\":\"https:\\\/\\\/transamerica93.com.br\\\/home\\\/\",\"name\":\"Transam\u00e9rica Mococa 93,3\",\"description\":\"\",\"publisher\":{\"@id\":\"https:\\\/\\\/transamerica93.com.br\\\/home\\\/#organization\"},\"potentialAction\":[{\"@type\":\"SearchAction\",\"target\":{\"@type\":\"EntryPoint\",\"urlTemplate\":\"https:\\\/\\\/transamerica93.com.br\\\/home\\\/?s={search_term_string}\"},\"query-input\":{\"@type\":\"PropertyValueSpecification\",\"valueRequired\":true,\"valueName\":\"search_term_string\"}}],\"inLanguage\":\"pt-BR\"},{\"@type\":\"Organization\",\"@id\":\"https:\\\/\\\/transamerica93.com.br\\\/home\\\/#organization\",\"name\":\"Transam\u00e9rica Mococa 93,3\",\"url\":\"https:\\\/\\\/transamerica93.com.br\\\/home\\\/\",\"logo\":{\"@type\":\"ImageObject\",\"inLanguage\":\"pt-BR\",\"@id\":\"https:\\\/\\\/transamerica93.com.br\\\/home\\\/#\\\/schema\\\/logo\\\/image\\\/\",\"url\":\"https:\\\/\\\/transamerica93.com.br\\\/home\\\/wp-content\\\/uploads\\\/2023\\\/10\\\/logo2.png\",\"contentUrl\":\"https:\\\/\\\/transamerica93.com.br\\\/home\\\/wp-content\\\/uploads\\\/2023\\\/10\\\/logo2.png\",\"width\":800,\"height\":500,\"caption\":\"Transam\u00e9rica Mococa 93,3\"},\"image\":{\"@id\":\"https:\\\/\\\/transamerica93.com.br\\\/home\\\/#\\\/schema\\\/logo\\\/image\\\/\"},\"sameAs\":[\"https:\\\/\\\/www.facebook.com\\\/transamericamococa\",\"https:\\\/\\\/x.com\\\/transamerica933\",\"https:\\\/\\\/www.instagram.com\\\/transamericamococa\"]},{\"@type\":\"Person\",\"@id\":\"https:\\\/\\\/transamerica93.com.br\\\/home\\\/#\\\/schema\\\/person\\\/7fed7c99c0d4562efa8561bc0f543172\",\"name\":\"Reda\u00e7\u00e3o\",\"image\":{\"@type\":\"ImageObject\",\"inLanguage\":\"pt-BR\",\"@id\":\"https:\\\/\\\/secure.gravatar.com\\\/avatar\\\/1072c6b775fb02ef8506ce967551d95926669a6b7d2c2147b42eea4d7c68395e?s=96&d=mm&r=g\",\"url\":\"https:\\\/\\\/secure.gravatar.com\\\/avatar\\\/1072c6b775fb02ef8506ce967551d95926669a6b7d2c2147b42eea4d7c68395e?s=96&d=mm&r=g\",\"contentUrl\":\"https:\\\/\\\/secure.gravatar.com\\\/avatar\\\/1072c6b775fb02ef8506ce967551d95926669a6b7d2c2147b42eea4d7c68395e?s=96&d=mm&r=g\",\"caption\":\"Reda\u00e7\u00e3o\"},\"sameAs\":[\"https:\\\/\\\/transamerica93.com.br\\\/home\"],\"url\":\"https:\\\/\\\/transamerica93.com.br\\\/home\\\/author\\\/william\\\/\"}]}<\/script>\n<!-- \/ Yoast SEO plugin. -->","yoast_head_json":{"title":"Morre Maguila, lenda do boxe nacional, aos 66 anos - Transam\u00e9rica Mococa 93,3","robots":{"index":"index","follow":"follow","max-snippet":"max-snippet:-1","max-image-preview":"max-image-preview:large","max-video-preview":"max-video-preview:-1"},"canonical":"https:\/\/transamerica93.com.br\/home\/morre-maguila-lenda-do-boxe-nacional-aos-66-anos\/","og_locale":"pt_BR","og_type":"article","og_title":"Morre Maguila, lenda do boxe nacional, aos 66 anos - Transam\u00e9rica Mococa 93,3","og_description":"Por Wilson Baldini Jr. Faxineiro em Aracaju. Pedreiro em S\u00e3o Paulo. Adilson Rodrigues se transformou no pugilista mais carism\u00e1tico do boxe brasileiro. Simples e espont\u00e2neo, Maguila &#8211; apelido que ganhou dos amigos de obra pela semelhan\u00e7a com o personagem de um desenho famoso &#8211; ganhou espa\u00e7o na m\u00eddia e fez de suas lutas um evento &hellip;","og_url":"https:\/\/transamerica93.com.br\/home\/morre-maguila-lenda-do-boxe-nacional-aos-66-anos\/","og_site_name":"Transam\u00e9rica Mococa 93,3","article_publisher":"https:\/\/www.facebook.com\/transamericamococa","article_published_time":"2024-10-24T18:45:51+00:00","og_image":[{"width":977,"height":614,"url":"https:\/\/transamerica93.com.br\/home\/wp-content\/uploads\/2024\/10\/maguila.jpg","type":"image\/jpeg"}],"author":"Reda\u00e7\u00e3o","twitter_card":"summary_large_image","twitter_creator":"@transamerica933","twitter_site":"@transamerica933","twitter_misc":{"Escrito por":"Reda\u00e7\u00e3o","Est. tempo de leitura":"5 minutos"},"schema":{"@context":"https:\/\/schema.org","@graph":[{"@type":"Article","@id":"https:\/\/transamerica93.com.br\/home\/morre-maguila-lenda-do-boxe-nacional-aos-66-anos\/#article","isPartOf":{"@id":"https:\/\/transamerica93.com.br\/home\/morre-maguila-lenda-do-boxe-nacional-aos-66-anos\/"},"author":{"name":"Reda\u00e7\u00e3o","@id":"https:\/\/transamerica93.com.br\/home\/#\/schema\/person\/7fed7c99c0d4562efa8561bc0f543172"},"headline":"Morre Maguila, lenda do boxe nacional, aos 66 anos","datePublished":"2024-10-24T18:45:51+00:00","mainEntityOfPage":{"@id":"https:\/\/transamerica93.com.br\/home\/morre-maguila-lenda-do-boxe-nacional-aos-66-anos\/"},"wordCount":767,"publisher":{"@id":"https:\/\/transamerica93.com.br\/home\/#organization"},"image":{"@id":"https:\/\/transamerica93.com.br\/home\/morre-maguila-lenda-do-boxe-nacional-aos-66-anos\/#primaryimage"},"thumbnailUrl":"https:\/\/transamerica93.com.br\/home\/wp-content\/uploads\/2024\/10\/maguila.jpg","articleSection":["Esportes"],"inLanguage":"pt-BR"},{"@type":"WebPage","@id":"https:\/\/transamerica93.com.br\/home\/morre-maguila-lenda-do-boxe-nacional-aos-66-anos\/","url":"https:\/\/transamerica93.com.br\/home\/morre-maguila-lenda-do-boxe-nacional-aos-66-anos\/","name":"Morre Maguila, lenda do boxe nacional, aos 66 anos - Transam\u00e9rica Mococa 93,3","isPartOf":{"@id":"https:\/\/transamerica93.com.br\/home\/#website"},"primaryImageOfPage":{"@id":"https:\/\/transamerica93.com.br\/home\/morre-maguila-lenda-do-boxe-nacional-aos-66-anos\/#primaryimage"},"image":{"@id":"https:\/\/transamerica93.com.br\/home\/morre-maguila-lenda-do-boxe-nacional-aos-66-anos\/#primaryimage"},"thumbnailUrl":"https:\/\/transamerica93.com.br\/home\/wp-content\/uploads\/2024\/10\/maguila.jpg","datePublished":"2024-10-24T18:45:51+00:00","breadcrumb":{"@id":"https:\/\/transamerica93.com.br\/home\/morre-maguila-lenda-do-boxe-nacional-aos-66-anos\/#breadcrumb"},"inLanguage":"pt-BR","potentialAction":[{"@type":"ReadAction","target":["https:\/\/transamerica93.com.br\/home\/morre-maguila-lenda-do-boxe-nacional-aos-66-anos\/"]}]},{"@type":"ImageObject","inLanguage":"pt-BR","@id":"https:\/\/transamerica93.com.br\/home\/morre-maguila-lenda-do-boxe-nacional-aos-66-anos\/#primaryimage","url":"https:\/\/transamerica93.com.br\/home\/wp-content\/uploads\/2024\/10\/maguila.jpg","contentUrl":"https:\/\/transamerica93.com.br\/home\/wp-content\/uploads\/2024\/10\/maguila.jpg","width":977,"height":614,"caption":"Foto: Instagram @adilsonmaguilarodrigues"},{"@type":"BreadcrumbList","@id":"https:\/\/transamerica93.com.br\/home\/morre-maguila-lenda-do-boxe-nacional-aos-66-anos\/#breadcrumb","itemListElement":[{"@type":"ListItem","position":1,"name":"In\u00edcio","item":"https:\/\/transamerica93.com.br\/home\/"},{"@type":"ListItem","position":2,"name":"Morre Maguila, lenda do boxe nacional, aos 66 anos"}]},{"@type":"WebSite","@id":"https:\/\/transamerica93.com.br\/home\/#website","url":"https:\/\/transamerica93.com.br\/home\/","name":"Transam\u00e9rica Mococa 93,3","description":"","publisher":{"@id":"https:\/\/transamerica93.com.br\/home\/#organization"},"potentialAction":[{"@type":"SearchAction","target":{"@type":"EntryPoint","urlTemplate":"https:\/\/transamerica93.com.br\/home\/?s={search_term_string}"},"query-input":{"@type":"PropertyValueSpecification","valueRequired":true,"valueName":"search_term_string"}}],"inLanguage":"pt-BR"},{"@type":"Organization","@id":"https:\/\/transamerica93.com.br\/home\/#organization","name":"Transam\u00e9rica Mococa 93,3","url":"https:\/\/transamerica93.com.br\/home\/","logo":{"@type":"ImageObject","inLanguage":"pt-BR","@id":"https:\/\/transamerica93.com.br\/home\/#\/schema\/logo\/image\/","url":"https:\/\/transamerica93.com.br\/home\/wp-content\/uploads\/2023\/10\/logo2.png","contentUrl":"https:\/\/transamerica93.com.br\/home\/wp-content\/uploads\/2023\/10\/logo2.png","width":800,"height":500,"caption":"Transam\u00e9rica Mococa 93,3"},"image":{"@id":"https:\/\/transamerica93.com.br\/home\/#\/schema\/logo\/image\/"},"sameAs":["https:\/\/www.facebook.com\/transamericamococa","https:\/\/x.com\/transamerica933","https:\/\/www.instagram.com\/transamericamococa"]},{"@type":"Person","@id":"https:\/\/transamerica93.com.br\/home\/#\/schema\/person\/7fed7c99c0d4562efa8561bc0f543172","name":"Reda\u00e7\u00e3o","image":{"@type":"ImageObject","inLanguage":"pt-BR","@id":"https:\/\/secure.gravatar.com\/avatar\/1072c6b775fb02ef8506ce967551d95926669a6b7d2c2147b42eea4d7c68395e?s=96&d=mm&r=g","url":"https:\/\/secure.gravatar.com\/avatar\/1072c6b775fb02ef8506ce967551d95926669a6b7d2c2147b42eea4d7c68395e?s=96&d=mm&r=g","contentUrl":"https:\/\/secure.gravatar.com\/avatar\/1072c6b775fb02ef8506ce967551d95926669a6b7d2c2147b42eea4d7c68395e?s=96&d=mm&r=g","caption":"Reda\u00e7\u00e3o"},"sameAs":["https:\/\/transamerica93.com.br\/home"],"url":"https:\/\/transamerica93.com.br\/home\/author\/william\/"}]}},"_links":{"self":[{"href":"https:\/\/transamerica93.com.br\/home\/wp-json\/wp\/v2\/posts\/4016","targetHints":{"allow":["GET"]}}],"collection":[{"href":"https:\/\/transamerica93.com.br\/home\/wp-json\/wp\/v2\/posts"}],"about":[{"href":"https:\/\/transamerica93.com.br\/home\/wp-json\/wp\/v2\/types\/post"}],"author":[{"embeddable":true,"href":"https:\/\/transamerica93.com.br\/home\/wp-json\/wp\/v2\/users\/1"}],"replies":[{"embeddable":true,"href":"https:\/\/transamerica93.com.br\/home\/wp-json\/wp\/v2\/comments?post=4016"}],"version-history":[{"count":1,"href":"https:\/\/transamerica93.com.br\/home\/wp-json\/wp\/v2\/posts\/4016\/revisions"}],"predecessor-version":[{"id":4018,"href":"https:\/\/transamerica93.com.br\/home\/wp-json\/wp\/v2\/posts\/4016\/revisions\/4018"}],"wp:featuredmedia":[{"embeddable":true,"href":"https:\/\/transamerica93.com.br\/home\/wp-json\/wp\/v2\/media\/4017"}],"wp:attachment":[{"href":"https:\/\/transamerica93.com.br\/home\/wp-json\/wp\/v2\/media?parent=4016"}],"wp:term":[{"taxonomy":"category","embeddable":true,"href":"https:\/\/transamerica93.com.br\/home\/wp-json\/wp\/v2\/categories?post=4016"},{"taxonomy":"post_tag","embeddable":true,"href":"https:\/\/transamerica93.com.br\/home\/wp-json\/wp\/v2\/tags?post=4016"}],"curies":[{"name":"wp","href":"https:\/\/api.w.org\/{rel}","templated":true}]}}