{"id":4021,"date":"2024-10-28T09:00:37","date_gmt":"2024-10-28T12:00:37","guid":{"rendered":"https:\/\/transamerica93.com.br\/home\/?p=4021"},"modified":"2024-10-26T15:22:09","modified_gmt":"2024-10-26T18:22:09","slug":"caso-samarco-acordo-extingue-fundacao-renova-e-fixa-nova-governanca","status":"publish","type":"post","link":"https:\/\/transamerica93.com.br\/home\/caso-samarco-acordo-extingue-fundacao-renova-e-fixa-nova-governanca\/","title":{"rendered":"Caso Samarco: acordo extingue Funda\u00e7\u00e3o Renova e fixa nova governan\u00e7a"},"content":{"rendered":"<div class=\"conteudo-noticia\">\n<p>Al\u00e9m de assegurar R$ 100 bilh\u00f5es adicionais para as medidas a serem implementadas, o\u00a0<a href=\"https:\/\/agenciabrasil.ebc.com.br\/politica\/noticia\/2024-10\/tragedia-de-mariana-governo-e-mineradoras-assinam-acordo-de-r-132-bi\" target=\"_blank\" rel=\"noopener\">novo acordo\u00a0<\/a>para reparar os danos causados pelo rompimento de uma barragem em Mariana (MG), h\u00e1 quase nove anos, estabeleceu um novo modelo de governan\u00e7a dos recursos. Ao mesmo tempo, o acordo, firmado nesta sexta-feira (25), determinou a extin\u00e7\u00e3o da Funda\u00e7\u00e3o Renova, entidade que havia sido criada em 2016 para gerir o processo reparat\u00f3rio.<img decoding=\"async\" data-src=\"https:\/\/agenciabrasil.ebc.com.br\/ebc.png?id=1617059&amp;o=node\" src=\"data:image\/svg+xml;base64,PHN2ZyB3aWR0aD0iMSIgaGVpZ2h0PSIxIiB4bWxucz0iaHR0cDovL3d3dy53My5vcmcvMjAwMC9zdmciPjwvc3ZnPg==\" class=\"lazyload\" \/><img decoding=\"async\" data-src=\"https:\/\/agenciabrasil.ebc.com.br\/ebc.gif?id=1617059&amp;o=node\" src=\"data:image\/svg+xml;base64,PHN2ZyB3aWR0aD0iMSIgaGVpZ2h0PSIxIiB4bWxucz0iaHR0cDovL3d3dy53My5vcmcvMjAwMC9zdmciPjwvc3ZnPg==\" class=\"lazyload\" \/><\/p>\n<p>A barragem que se rompeu integrava um complexo miner\u00e1rio da Samarco. A trag\u00e9dia ocorreu em 5 de novembro de 2015. Na ocasi\u00e3o, cerca de 39 milh\u00f5es de metros c\u00fabicos de rejeitos escoaram pela Bacia do Rio Doce. Dezenove pessoas morreram e houve impactos \u00e0s popula\u00e7\u00f5es de dezenas de munic\u00edpios at\u00e9 a foz no Esp\u00edrito Santo.<\/p>\n<div class=\"dnd-widget-wrapper context-cheio_8colunas type-image\">\n<div class=\"dnd-atom-rendered\">\n<figure style=\"width: 882px\" class=\"wp-caption alignnone\"><img decoding=\"async\" title=\"Corpo de Bombeiros\/MG - Divulga\u00e7\u00e3o\" data-src=\"https:\/\/imagens.ebc.com.br\/V_k7MQNZ42T3XpyPNS2f5ia4sDo=\/754x0\/smart\/https:\/\/agenciabrasil.ebc.com.br\/sites\/default\/files\/atoms\/image\/983804-barragem001.jpg?itok=JbM5F3TZ\" alt=\"Mariana (MG) - barragem pertencente \u00e0 mineradora Samarco se rompeu no distrito de Bento Rodrigues, zona rural a 23 quil\u00f4metros de Mariana, em Minas Gerais (Corpo de Bombeiros\/MG - Divulga\u00e7\u00e3o)\" width=\"882\" height=\"662\" src=\"data:image\/svg+xml;base64,PHN2ZyB3aWR0aD0iMSIgaGVpZ2h0PSIxIiB4bWxucz0iaHR0cDovL3d3dy53My5vcmcvMjAwMC9zdmciPjwvc3ZnPg==\" class=\"lazyload\" style=\"--smush-placeholder-width: 882px; --smush-placeholder-aspect-ratio: 882\/662;\" \/><figcaption class=\"wp-caption-text\">Rompimento da barragem em Mariana arrastou 39 milh\u00f5es de metros c\u00fabicos de rejeitos &#8211;\u00a0Divulga\u00e7\u00e3o\/Corpo de Bombeiros\/MG<\/figcaption><\/figure>\n<\/div>\n<div class=\"dnd-caption-wrapper\">\n<div class=\"meta\"><\/div>\n<\/div>\n<\/div>\n<p>At\u00e9 ent\u00e3o, o processo reparat\u00f3rio vinha sendo conduzido \u00e0 luz do acordo firmado em mar\u00e7o de 2016 entre a Samarco, suas acionistas Vale e BHP Billiton, a Uni\u00e3o e os governos mineiro e capixaba. Conhecido com termo de transa\u00e7\u00e3o e ajustamento de conduta (TTAC), o acordo estabelecia uma s\u00e9rie de a\u00e7\u00f5es reparat\u00f3rias. O documento tratava de quest\u00f5es variadas como indeniza\u00e7\u00f5es individuais, reconstru\u00e7\u00e3o de comunidades destru\u00eddas, recupera\u00e7\u00e3o ambiental e apoio aos produtores rurais.<\/p>\n<p>Todas as medidas dos mais de 40 programas definidos vinham sendo conduzidas pela Funda\u00e7\u00e3o Renova, criada com base no TTAC. Sua atua\u00e7\u00e3o, no entanto, vinha sendo alvo de diversas cr\u00edticas devido \u00e0\u00a0falta de solu\u00e7\u00e3o para diversos problemas, o que gerou um passivo de 85 mil processos acumulados no Judici\u00e1rio brasileiro entre a\u00e7\u00f5es coletivas e individuais envolvendo a trag\u00e9dia. As negocia\u00e7\u00f5es para uma repactua\u00e7\u00e3o, com a expectativa de chegar a um novo acordo,\u00a0<a href=\"https:\/\/agenciabrasil.ebc.com.br\/geral\/noticia\/2024-06\/caso-samarco-atingidos-fazem-ato-contra-sigilo-envolvendo-novo-acordo\" target=\"_blank\" rel=\"noopener\">se arrastavam h\u00e1 tr\u00eas anos<\/a>.<\/p>\n<p>Com o consenso finalmente alcan\u00e7ado, a Funda\u00e7\u00e3o Renova sair\u00e1 de cena. O Comit\u00ea Interfederativo (CIF), composto por \u00f3rg\u00e3os ambientais estaduais e federais sob a coordena\u00e7\u00e3o do Instituto Brasileiro do Meio Ambiente e dos Recursos Naturais (Ibama), tamb\u00e9m fica extinto. Ele havia sido criado com base no TTAC para fiscalizar e fixar diretrizes para a atua\u00e7\u00e3o da Funda\u00e7\u00e3o Renova.<\/p>\n<p>As mineradoras dever\u00e3o pagar, conforme um cronograma que se estende por 20 anos, um total de R$ 100 bilh\u00f5es que ser\u00e3o destinados a uma s\u00e9rie de medidas a serem geridas de forma descentralizada, com cada signat\u00e1rio assumindo uma parcela de responsabilidades. Foram definidas responsabilidades para o governo federal e para os governos de Minas Gerais e do Esp\u00edrito Santo. Parte dos recursos tamb\u00e9m financiar\u00e3o a\u00e7\u00f5es sob gest\u00e3o das institui\u00e7\u00f5es de Justi\u00e7a signat\u00e1rias do acordo, que inclui o Minist\u00e9rio P\u00fablico Federal (MPF) e a Defensoria P\u00fablica da Uni\u00e3o (DPU), al\u00e9m dos Minist\u00e9rio P\u00fablico e da Defensoria P\u00fablica dos dois estados envolvidos.<\/p>\n<p>Para os projetos e a\u00e7\u00f5es sob gest\u00e3o da Uni\u00e3o, as mineradoras dever\u00e3o fazer os repasses a um fundo privado, denominado \u201cFundo Rio Doce\u201d, institu\u00eddo pelo Banco Nacional de Desenvolvimento Econ\u00f4mico e Social (BNDES). Caber\u00e1 ao governo federal conduzir uma s\u00e9rie de medidas que envolvem transfer\u00eancia de renda; fomento \u00e0 educa\u00e7\u00e3o, ci\u00eancia e inova\u00e7\u00e3o; fortalecimento do Sistema \u00danico de Assist\u00eancia Social (SUAS); a\u00e7\u00f5es ambientais e repara\u00e7\u00e3o da atividade pesqueira, entre outras.<\/p>\n<p>A descentraliza\u00e7\u00e3o da execu\u00e7\u00e3o tamb\u00e9m se desdobra na mobiliza\u00e7\u00e3o de diferentes estruturas do administra\u00e7\u00e3o do executivo federal. Um programa de retomada econ\u00f4mica, por exemplo, ficar\u00e1 a cargo do Minist\u00e9rio de Desenvolvimento Social e Combate \u00e0 Fome. J\u00e1 as a\u00e7\u00f5es de apoio aos produtores rurais envolvem Minist\u00e9rio de Desenvolvimento Agr\u00e1rio e Agricultura Familiar. Da mesma forma, h\u00e1 iniciativas sob a responsabilidade dos minist\u00e9rios da Sa\u00fade e da Pesca e Aquicultura, entre outros.<\/p>\n<p>Os estados de Minas Gerais e do Esp\u00edrito Santo dever\u00e3o indicar contas para receber os recursos referentes aos projetos sob sua al\u00e7ada. H\u00e1, por exemplo, medidas de grande envergadura envolvimento mobilidade. Uma delas \u00e9 duplica\u00e7\u00e3o da rodovia BR-356, do entroncamento com a BR-040 at\u00e9 a entrada de Mariana. A interven\u00e7\u00e3o ser\u00e1 custeada com R$ 2 bilh\u00f5es. Em territ\u00f3rio capixaba, est\u00e3o previstas obras e interven\u00e7\u00f5es na BR-262 a um custo de R$ 2,3 bilh\u00f5es.<\/p>\n<h2>Participa\u00e7\u00e3o social<\/h2>\n<p>Tamb\u00e9m foram assegurados R$ 5 bilh\u00f5es para um Fundo de Participa\u00e7\u00e3o Social, que ser\u00e1 voltado para demandas das comunidades atingidas. A fiscaliza\u00e7\u00e3o do uso desses recursos, bem como a defini\u00e7\u00e3o dos crit\u00e9rios para sua destina\u00e7\u00e3o, ficar\u00e1 a cargo do Conselho Federal de Participa\u00e7\u00e3o Social na Bacia do Rio Doce, que ser\u00e1 composto de forma parit\u00e1ria: 50% ser\u00e3o membros da administra\u00e7\u00e3o p\u00fablica e 50% representantes da sociedade civil.<\/p>\n<p>O acordo tamb\u00e9m trata da continuidade dos trabalhos das assessorias t\u00e9cnicas dos atingidos. S\u00e3o entidades escolhidas pelas pr\u00f3prias comunidades para presta\u00e7\u00e3o de suporte no processo reparat\u00f3rio. A contrata\u00e7\u00e3o das entidades, com custeio das mineradoras, \u00e9 um direito conquistado ap\u00f3s a trag\u00e9dia, com apoio do MPMG e do MPF. Essas entidades continuar\u00e3o funcionando por pelo menos mais tr\u00eas anos e meio, sendo poss\u00edvel a prorroga\u00e7\u00e3o do prazo para quatro anos. As assessorias t\u00e9cnicas repartir\u00e3o um or\u00e7amento de R$ 698 milh\u00f5es. Aquelas que ainda n\u00e3o foram implementadas\u00a0<a href=\"https:\/\/agenciabrasil.ebc.com.br\/geral\/noticia\/2020-02\/assessorias-vitimas-da-lama-de-samarco-e-vale-nao-saem-do-papel\" target=\"_blank\" rel=\"noopener\">dever\u00e3o sair finalmente do papel<\/a>.<\/p>\n<p>Os R$ 100 bilh\u00f5es incluem ainda o compromisso assumido pelas mineradoras de repassar \u00e0 Uni\u00e3o a quantia de R$ 493,5 milh\u00f5es para ressarcir preju\u00edzos acumulados pela Previd\u00eancia Social. Em decorr\u00eancia da trag\u00e9dia, muitos benef\u00edcios precisaram ser pagos aos trabalhadores afetados. Al\u00e9m disso, foi interrompido o recolhimento de contribui\u00e7\u00f5es previdenci\u00e1rias dos pescadores artesanais, uma vez que eles ficaram impossibilitados de exercer a atividade pesqueira.<\/p>\n<p>Al\u00e9m de garantir R$ 100 bilh\u00f5es em dinheiro novo, o acordo transfere para a Samarco a responsabilidade de realizar algumas medidas diretamente, entre as quais est\u00e3o a indeniza\u00e7\u00e3o individual, a\u00a0<a href=\"https:\/\/agenciabrasil.ebc.com.br\/geral\/noticia\/2022-11\/comunidade-toma-forma-mas-lembra-pouco-distrito-atingido-em-mariana\" target=\"_blank\" rel=\"noopener\">reconstru\u00e7\u00e3o\u00a0<\/a>das comunidades e a recupera\u00e7\u00e3o de \u00e1reas degradadas e lagoas marginais, bem como a\u00a0<a href=\"http:\/\/:%20https\/\/agenciabrasil.ebc.com.br\/geral\/noticia\/2020-02\/samarco-e-renova-atrasam-dragagem-de-usina-multa-soma-r-46-milhoes\" target=\"_blank\" rel=\"noopener\">retirada dos rejeitos<\/a>\u00a0acumulados na Usina de Candonga, a restaura\u00e7\u00e3o de\u00a0<em>habitats\u00a0<\/em>aqu\u00e1ticos e a\u00e7\u00f5es de reflorestamento das margens do Rio Doce. Os custos de tais iniciativas foram estimados pelas mineradoras em R$ 32 bilh\u00f5es. O acordo, no entanto, deixa claro que n\u00e3o h\u00e1 um teto: caber\u00e1 \u00e0 Samarco comprovar a conclus\u00e3o de cada uma das obriga\u00e7\u00f5es.<\/p>\n<p>As mineradoras alegam que, desde a trag\u00e9dia, j\u00e1 desembolsaram R$ 38 bilh\u00f5es custeando a\u00e7\u00f5es desenvolvidas por meio da Funda\u00e7\u00e3o Renova. S\u00e3o valores que tamb\u00e9m est\u00e3o declarados no portal da entidade. A nova governan\u00e7a prev\u00ea a cria\u00e7\u00e3o de um portal \u00fanico, denominado Repara\u00e7\u00e3o Rio Doce. Todos os envolvidos no processo reparat\u00f3rio ficar\u00e3o respons\u00e1veis pela atualiza\u00e7\u00e3o dos dados, permitindo assim que a sociedade civil acompanhar em detalhes cada passo da implementa\u00e7\u00e3o do acordo.<\/p>\n<h2>Atingidos<\/h2>\n<p>O Movimento dos Atingidos por Barragem (MAB) reconheceu avan\u00e7os no novo acordo, embora tenha criticado a condu\u00e7\u00f5es das negocia\u00e7\u00f5es, sem a participa\u00e7\u00e3o das v\u00edtimas. &#8220;N\u00e3o \u00e9 momento para celebra\u00e7\u00e3o e nem comemora\u00e7\u00e3o&#8221;, afirmou a entidade em nota. S\u00f3 estamos hoje aqui porque houve um\u00a0<a href=\"https:\/\/agenciabrasil.ebc.com.br\/direitos-humanos\/noticia\/2024-05\/maes-lutam-por-justica-aos-filhos-soterrados-pela-mineracao\" target=\"_blank\" rel=\"noopener\">crime praticado por mineradoras<\/a>\u00a0que matou 19 pessoas e provocou um aborto for\u00e7ado de uma atingida pela lama&#8221;, disse Thiago Alves, que integra a coordena\u00e7\u00e3o nacional da entidade.<\/p>\n<p>Os valores estipulados pelo acordo foram considerados insuficientes pelo MAB. O prazo para que as mineradores conclua todos os desembolsos, fixado em 20 anos, tamb\u00e9m foi alvo de cr\u00edticas. Ainda assim, a entidade destacou de forma positiva a cria\u00e7\u00e3o de fundos de a\u00e7\u00e3o coletiva. &#8220;O movimento vai continuar na luta pelos direitos dos atingidos, em mem\u00f3ria dos mortos e vai seguir firme, fiscalizando cada linha deste acordo.&#8221;<\/p>\n<p>Em comunicado ao mercado, a Vale destacou que se trata de um acordo definitivo que garante R$ 170 bilh\u00f5es para a repara\u00e7\u00e3o dos danos, considerando os R$ 100 bilh\u00f5es em novos recursos, os R$ 32 bilh\u00f5es em a\u00e7\u00f5es a serem implementadas pela Samarco e os R$ 38 bilh\u00f5es j\u00e1 desembolsados desde a ocorr\u00eancia da trag\u00e9dia. De acordo com a mineradora, est\u00e3o garantidos recursos substanciais para melhorias na sa\u00fade, saneamento, atividades pesqueiras e financiamento comunit\u00e1rio.<\/p>\n<p>&#8220;O acordo definitivo endere\u00e7a todas as demandas que envolvem as autoridades p\u00fablicas brasileiras signat\u00e1rias, relacionadas ao rompimento da barragem de Fund\u00e3o da Samarco, incluindo todos os danos socioambientais e todos os danos socioecon\u00f4micos coletivos e difusos decorrentes do rompimento&#8221;, acrescenta o texto.<\/p>\n<\/div>\n<div class=\"footer-noticia\">\n<div class=\"editor rowflex\">Edi\u00e7\u00e3o: N\u00e1dia Franco<\/div>\n<\/div>\n","protected":false},"excerpt":{"rendered":"<p>Al\u00e9m de assegurar R$ 100 bilh\u00f5es adicionais para as medidas a serem implementadas, o\u00a0novo acordo\u00a0para reparar os danos causados pelo rompimento de uma barragem em Mariana (MG), h\u00e1 quase nove anos, estabeleceu um novo modelo de governan\u00e7a dos recursos. Ao mesmo tempo, o acordo, firmado nesta sexta-feira (25), determinou a extin\u00e7\u00e3o da Funda\u00e7\u00e3o Renova, entidade &hellip;<\/p>\n","protected":false},"author":1,"featured_media":4022,"comment_status":"closed","ping_status":"closed","sticky":false,"template":"","format":"standard","meta":{"footnotes":""},"categories":[30],"tags":[],"class_list":["post-4021","post","type-post","status-publish","format-standard","has-post-thumbnail","hentry","category-geral"],"yoast_head":"<!-- This site is optimized with the Yoast SEO plugin v27.4 - https:\/\/yoast.com\/product\/yoast-seo-wordpress\/ -->\n<title>Caso Samarco: acordo extingue Funda\u00e7\u00e3o Renova e fixa nova governan\u00e7a - Transam\u00e9rica Mococa 93,3<\/title>\n<meta name=\"robots\" content=\"index, follow, max-snippet:-1, max-image-preview:large, max-video-preview:-1\" \/>\n<link rel=\"canonical\" href=\"https:\/\/transamerica93.com.br\/home\/caso-samarco-acordo-extingue-fundacao-renova-e-fixa-nova-governanca\/\" \/>\n<meta property=\"og:locale\" content=\"pt_BR\" \/>\n<meta property=\"og:type\" content=\"article\" \/>\n<meta property=\"og:title\" content=\"Caso Samarco: acordo extingue Funda\u00e7\u00e3o Renova e fixa nova governan\u00e7a - Transam\u00e9rica Mococa 93,3\" \/>\n<meta property=\"og:description\" content=\"Al\u00e9m de assegurar R$ 100 bilh\u00f5es adicionais para as medidas a serem implementadas, o\u00a0novo acordo\u00a0para reparar os danos causados pelo rompimento de uma barragem em Mariana (MG), h\u00e1 quase nove anos, estabeleceu um novo modelo de governan\u00e7a dos recursos. Ao mesmo tempo, o acordo, firmado nesta sexta-feira (25), determinou a extin\u00e7\u00e3o da Funda\u00e7\u00e3o Renova, entidade &hellip;\" \/>\n<meta property=\"og:url\" content=\"https:\/\/transamerica93.com.br\/home\/caso-samarco-acordo-extingue-fundacao-renova-e-fixa-nova-governanca\/\" \/>\n<meta property=\"og:site_name\" content=\"Transam\u00e9rica Mococa 93,3\" \/>\n<meta property=\"article:publisher\" content=\"https:\/\/www.facebook.com\/transamericamococa\" \/>\n<meta property=\"article:published_time\" content=\"2024-10-28T12:00:37+00:00\" \/>\n<meta property=\"og:image\" content=\"https:\/\/transamerica93.com.br\/home\/wp-content\/uploads\/2024\/10\/1-9.jpg\" \/>\n\t<meta property=\"og:image:width\" content=\"1170\" \/>\n\t<meta property=\"og:image:height\" content=\"700\" \/>\n\t<meta property=\"og:image:type\" content=\"image\/jpeg\" \/>\n<meta name=\"author\" content=\"Reda\u00e7\u00e3o\" \/>\n<meta name=\"twitter:card\" content=\"summary_large_image\" \/>\n<meta name=\"twitter:creator\" content=\"@transamerica933\" \/>\n<meta name=\"twitter:site\" content=\"@transamerica933\" \/>\n<meta name=\"twitter:label1\" content=\"Escrito por\" \/>\n\t<meta name=\"twitter:data1\" content=\"Reda\u00e7\u00e3o\" \/>\n\t<meta name=\"twitter:label2\" content=\"Est. tempo de leitura\" \/>\n\t<meta name=\"twitter:data2\" content=\"9 minutos\" \/>\n<script type=\"application\/ld+json\" class=\"yoast-schema-graph\">{\"@context\":\"https:\\\/\\\/schema.org\",\"@graph\":[{\"@type\":\"Article\",\"@id\":\"https:\\\/\\\/transamerica93.com.br\\\/home\\\/caso-samarco-acordo-extingue-fundacao-renova-e-fixa-nova-governanca\\\/#article\",\"isPartOf\":{\"@id\":\"https:\\\/\\\/transamerica93.com.br\\\/home\\\/caso-samarco-acordo-extingue-fundacao-renova-e-fixa-nova-governanca\\\/\"},\"author\":{\"name\":\"Reda\u00e7\u00e3o\",\"@id\":\"https:\\\/\\\/transamerica93.com.br\\\/home\\\/#\\\/schema\\\/person\\\/7fed7c99c0d4562efa8561bc0f543172\"},\"headline\":\"Caso Samarco: acordo extingue Funda\u00e7\u00e3o Renova e fixa nova governan\u00e7a\",\"datePublished\":\"2024-10-28T12:00:37+00:00\",\"mainEntityOfPage\":{\"@id\":\"https:\\\/\\\/transamerica93.com.br\\\/home\\\/caso-samarco-acordo-extingue-fundacao-renova-e-fixa-nova-governanca\\\/\"},\"wordCount\":1506,\"publisher\":{\"@id\":\"https:\\\/\\\/transamerica93.com.br\\\/home\\\/#organization\"},\"image\":{\"@id\":\"https:\\\/\\\/transamerica93.com.br\\\/home\\\/caso-samarco-acordo-extingue-fundacao-renova-e-fixa-nova-governanca\\\/#primaryimage\"},\"thumbnailUrl\":\"https:\\\/\\\/transamerica93.com.br\\\/home\\\/wp-content\\\/uploads\\\/2024\\\/10\\\/1-9.jpg\",\"articleSection\":[\"Geral\"],\"inLanguage\":\"pt-BR\"},{\"@type\":\"WebPage\",\"@id\":\"https:\\\/\\\/transamerica93.com.br\\\/home\\\/caso-samarco-acordo-extingue-fundacao-renova-e-fixa-nova-governanca\\\/\",\"url\":\"https:\\\/\\\/transamerica93.com.br\\\/home\\\/caso-samarco-acordo-extingue-fundacao-renova-e-fixa-nova-governanca\\\/\",\"name\":\"Caso Samarco: acordo extingue Funda\u00e7\u00e3o Renova e fixa nova governan\u00e7a - Transam\u00e9rica Mococa 93,3\",\"isPartOf\":{\"@id\":\"https:\\\/\\\/transamerica93.com.br\\\/home\\\/#website\"},\"primaryImageOfPage\":{\"@id\":\"https:\\\/\\\/transamerica93.com.br\\\/home\\\/caso-samarco-acordo-extingue-fundacao-renova-e-fixa-nova-governanca\\\/#primaryimage\"},\"image\":{\"@id\":\"https:\\\/\\\/transamerica93.com.br\\\/home\\\/caso-samarco-acordo-extingue-fundacao-renova-e-fixa-nova-governanca\\\/#primaryimage\"},\"thumbnailUrl\":\"https:\\\/\\\/transamerica93.com.br\\\/home\\\/wp-content\\\/uploads\\\/2024\\\/10\\\/1-9.jpg\",\"datePublished\":\"2024-10-28T12:00:37+00:00\",\"breadcrumb\":{\"@id\":\"https:\\\/\\\/transamerica93.com.br\\\/home\\\/caso-samarco-acordo-extingue-fundacao-renova-e-fixa-nova-governanca\\\/#breadcrumb\"},\"inLanguage\":\"pt-BR\",\"potentialAction\":[{\"@type\":\"ReadAction\",\"target\":[\"https:\\\/\\\/transamerica93.com.br\\\/home\\\/caso-samarco-acordo-extingue-fundacao-renova-e-fixa-nova-governanca\\\/\"]}]},{\"@type\":\"ImageObject\",\"inLanguage\":\"pt-BR\",\"@id\":\"https:\\\/\\\/transamerica93.com.br\\\/home\\\/caso-samarco-acordo-extingue-fundacao-renova-e-fixa-nova-governanca\\\/#primaryimage\",\"url\":\"https:\\\/\\\/transamerica93.com.br\\\/home\\\/wp-content\\\/uploads\\\/2024\\\/10\\\/1-9.jpg\",\"contentUrl\":\"https:\\\/\\\/transamerica93.com.br\\\/home\\\/wp-content\\\/uploads\\\/2024\\\/10\\\/1-9.jpg\",\"width\":1170,\"height\":700,\"caption\":\"\u00a9 Jos\u00e9 Cruz\\\/Ag\u00eancia Brasil\"},{\"@type\":\"BreadcrumbList\",\"@id\":\"https:\\\/\\\/transamerica93.com.br\\\/home\\\/caso-samarco-acordo-extingue-fundacao-renova-e-fixa-nova-governanca\\\/#breadcrumb\",\"itemListElement\":[{\"@type\":\"ListItem\",\"position\":1,\"name\":\"In\u00edcio\",\"item\":\"https:\\\/\\\/transamerica93.com.br\\\/home\\\/\"},{\"@type\":\"ListItem\",\"position\":2,\"name\":\"Caso Samarco: acordo extingue Funda\u00e7\u00e3o Renova e fixa nova governan\u00e7a\"}]},{\"@type\":\"WebSite\",\"@id\":\"https:\\\/\\\/transamerica93.com.br\\\/home\\\/#website\",\"url\":\"https:\\\/\\\/transamerica93.com.br\\\/home\\\/\",\"name\":\"Transam\u00e9rica Mococa 93,3\",\"description\":\"\",\"publisher\":{\"@id\":\"https:\\\/\\\/transamerica93.com.br\\\/home\\\/#organization\"},\"potentialAction\":[{\"@type\":\"SearchAction\",\"target\":{\"@type\":\"EntryPoint\",\"urlTemplate\":\"https:\\\/\\\/transamerica93.com.br\\\/home\\\/?s={search_term_string}\"},\"query-input\":{\"@type\":\"PropertyValueSpecification\",\"valueRequired\":true,\"valueName\":\"search_term_string\"}}],\"inLanguage\":\"pt-BR\"},{\"@type\":\"Organization\",\"@id\":\"https:\\\/\\\/transamerica93.com.br\\\/home\\\/#organization\",\"name\":\"Transam\u00e9rica Mococa 93,3\",\"url\":\"https:\\\/\\\/transamerica93.com.br\\\/home\\\/\",\"logo\":{\"@type\":\"ImageObject\",\"inLanguage\":\"pt-BR\",\"@id\":\"https:\\\/\\\/transamerica93.com.br\\\/home\\\/#\\\/schema\\\/logo\\\/image\\\/\",\"url\":\"https:\\\/\\\/transamerica93.com.br\\\/home\\\/wp-content\\\/uploads\\\/2023\\\/10\\\/logo2.png\",\"contentUrl\":\"https:\\\/\\\/transamerica93.com.br\\\/home\\\/wp-content\\\/uploads\\\/2023\\\/10\\\/logo2.png\",\"width\":800,\"height\":500,\"caption\":\"Transam\u00e9rica Mococa 93,3\"},\"image\":{\"@id\":\"https:\\\/\\\/transamerica93.com.br\\\/home\\\/#\\\/schema\\\/logo\\\/image\\\/\"},\"sameAs\":[\"https:\\\/\\\/www.facebook.com\\\/transamericamococa\",\"https:\\\/\\\/x.com\\\/transamerica933\",\"https:\\\/\\\/www.instagram.com\\\/transamericamococa\"]},{\"@type\":\"Person\",\"@id\":\"https:\\\/\\\/transamerica93.com.br\\\/home\\\/#\\\/schema\\\/person\\\/7fed7c99c0d4562efa8561bc0f543172\",\"name\":\"Reda\u00e7\u00e3o\",\"image\":{\"@type\":\"ImageObject\",\"inLanguage\":\"pt-BR\",\"@id\":\"https:\\\/\\\/secure.gravatar.com\\\/avatar\\\/1072c6b775fb02ef8506ce967551d95926669a6b7d2c2147b42eea4d7c68395e?s=96&d=mm&r=g\",\"url\":\"https:\\\/\\\/secure.gravatar.com\\\/avatar\\\/1072c6b775fb02ef8506ce967551d95926669a6b7d2c2147b42eea4d7c68395e?s=96&d=mm&r=g\",\"contentUrl\":\"https:\\\/\\\/secure.gravatar.com\\\/avatar\\\/1072c6b775fb02ef8506ce967551d95926669a6b7d2c2147b42eea4d7c68395e?s=96&d=mm&r=g\",\"caption\":\"Reda\u00e7\u00e3o\"},\"sameAs\":[\"https:\\\/\\\/transamerica93.com.br\\\/home\"],\"url\":\"https:\\\/\\\/transamerica93.com.br\\\/home\\\/author\\\/william\\\/\"}]}<\/script>\n<!-- \/ Yoast SEO plugin. -->","yoast_head_json":{"title":"Caso Samarco: acordo extingue Funda\u00e7\u00e3o Renova e fixa nova governan\u00e7a - Transam\u00e9rica Mococa 93,3","robots":{"index":"index","follow":"follow","max-snippet":"max-snippet:-1","max-image-preview":"max-image-preview:large","max-video-preview":"max-video-preview:-1"},"canonical":"https:\/\/transamerica93.com.br\/home\/caso-samarco-acordo-extingue-fundacao-renova-e-fixa-nova-governanca\/","og_locale":"pt_BR","og_type":"article","og_title":"Caso Samarco: acordo extingue Funda\u00e7\u00e3o Renova e fixa nova governan\u00e7a - Transam\u00e9rica Mococa 93,3","og_description":"Al\u00e9m de assegurar R$ 100 bilh\u00f5es adicionais para as medidas a serem implementadas, o\u00a0novo acordo\u00a0para reparar os danos causados pelo rompimento de uma barragem em Mariana (MG), h\u00e1 quase nove anos, estabeleceu um novo modelo de governan\u00e7a dos recursos. Ao mesmo tempo, o acordo, firmado nesta sexta-feira (25), determinou a extin\u00e7\u00e3o da Funda\u00e7\u00e3o Renova, entidade &hellip;","og_url":"https:\/\/transamerica93.com.br\/home\/caso-samarco-acordo-extingue-fundacao-renova-e-fixa-nova-governanca\/","og_site_name":"Transam\u00e9rica Mococa 93,3","article_publisher":"https:\/\/www.facebook.com\/transamericamococa","article_published_time":"2024-10-28T12:00:37+00:00","og_image":[{"width":1170,"height":700,"url":"https:\/\/transamerica93.com.br\/home\/wp-content\/uploads\/2024\/10\/1-9.jpg","type":"image\/jpeg"}],"author":"Reda\u00e7\u00e3o","twitter_card":"summary_large_image","twitter_creator":"@transamerica933","twitter_site":"@transamerica933","twitter_misc":{"Escrito por":"Reda\u00e7\u00e3o","Est. tempo de leitura":"9 minutos"},"schema":{"@context":"https:\/\/schema.org","@graph":[{"@type":"Article","@id":"https:\/\/transamerica93.com.br\/home\/caso-samarco-acordo-extingue-fundacao-renova-e-fixa-nova-governanca\/#article","isPartOf":{"@id":"https:\/\/transamerica93.com.br\/home\/caso-samarco-acordo-extingue-fundacao-renova-e-fixa-nova-governanca\/"},"author":{"name":"Reda\u00e7\u00e3o","@id":"https:\/\/transamerica93.com.br\/home\/#\/schema\/person\/7fed7c99c0d4562efa8561bc0f543172"},"headline":"Caso Samarco: acordo extingue Funda\u00e7\u00e3o Renova e fixa nova governan\u00e7a","datePublished":"2024-10-28T12:00:37+00:00","mainEntityOfPage":{"@id":"https:\/\/transamerica93.com.br\/home\/caso-samarco-acordo-extingue-fundacao-renova-e-fixa-nova-governanca\/"},"wordCount":1506,"publisher":{"@id":"https:\/\/transamerica93.com.br\/home\/#organization"},"image":{"@id":"https:\/\/transamerica93.com.br\/home\/caso-samarco-acordo-extingue-fundacao-renova-e-fixa-nova-governanca\/#primaryimage"},"thumbnailUrl":"https:\/\/transamerica93.com.br\/home\/wp-content\/uploads\/2024\/10\/1-9.jpg","articleSection":["Geral"],"inLanguage":"pt-BR"},{"@type":"WebPage","@id":"https:\/\/transamerica93.com.br\/home\/caso-samarco-acordo-extingue-fundacao-renova-e-fixa-nova-governanca\/","url":"https:\/\/transamerica93.com.br\/home\/caso-samarco-acordo-extingue-fundacao-renova-e-fixa-nova-governanca\/","name":"Caso Samarco: acordo extingue Funda\u00e7\u00e3o Renova e fixa nova governan\u00e7a - Transam\u00e9rica Mococa 93,3","isPartOf":{"@id":"https:\/\/transamerica93.com.br\/home\/#website"},"primaryImageOfPage":{"@id":"https:\/\/transamerica93.com.br\/home\/caso-samarco-acordo-extingue-fundacao-renova-e-fixa-nova-governanca\/#primaryimage"},"image":{"@id":"https:\/\/transamerica93.com.br\/home\/caso-samarco-acordo-extingue-fundacao-renova-e-fixa-nova-governanca\/#primaryimage"},"thumbnailUrl":"https:\/\/transamerica93.com.br\/home\/wp-content\/uploads\/2024\/10\/1-9.jpg","datePublished":"2024-10-28T12:00:37+00:00","breadcrumb":{"@id":"https:\/\/transamerica93.com.br\/home\/caso-samarco-acordo-extingue-fundacao-renova-e-fixa-nova-governanca\/#breadcrumb"},"inLanguage":"pt-BR","potentialAction":[{"@type":"ReadAction","target":["https:\/\/transamerica93.com.br\/home\/caso-samarco-acordo-extingue-fundacao-renova-e-fixa-nova-governanca\/"]}]},{"@type":"ImageObject","inLanguage":"pt-BR","@id":"https:\/\/transamerica93.com.br\/home\/caso-samarco-acordo-extingue-fundacao-renova-e-fixa-nova-governanca\/#primaryimage","url":"https:\/\/transamerica93.com.br\/home\/wp-content\/uploads\/2024\/10\/1-9.jpg","contentUrl":"https:\/\/transamerica93.com.br\/home\/wp-content\/uploads\/2024\/10\/1-9.jpg","width":1170,"height":700,"caption":"\u00a9 Jos\u00e9 Cruz\/Ag\u00eancia Brasil"},{"@type":"BreadcrumbList","@id":"https:\/\/transamerica93.com.br\/home\/caso-samarco-acordo-extingue-fundacao-renova-e-fixa-nova-governanca\/#breadcrumb","itemListElement":[{"@type":"ListItem","position":1,"name":"In\u00edcio","item":"https:\/\/transamerica93.com.br\/home\/"},{"@type":"ListItem","position":2,"name":"Caso Samarco: acordo extingue Funda\u00e7\u00e3o Renova e fixa nova governan\u00e7a"}]},{"@type":"WebSite","@id":"https:\/\/transamerica93.com.br\/home\/#website","url":"https:\/\/transamerica93.com.br\/home\/","name":"Transam\u00e9rica Mococa 93,3","description":"","publisher":{"@id":"https:\/\/transamerica93.com.br\/home\/#organization"},"potentialAction":[{"@type":"SearchAction","target":{"@type":"EntryPoint","urlTemplate":"https:\/\/transamerica93.com.br\/home\/?s={search_term_string}"},"query-input":{"@type":"PropertyValueSpecification","valueRequired":true,"valueName":"search_term_string"}}],"inLanguage":"pt-BR"},{"@type":"Organization","@id":"https:\/\/transamerica93.com.br\/home\/#organization","name":"Transam\u00e9rica Mococa 93,3","url":"https:\/\/transamerica93.com.br\/home\/","logo":{"@type":"ImageObject","inLanguage":"pt-BR","@id":"https:\/\/transamerica93.com.br\/home\/#\/schema\/logo\/image\/","url":"https:\/\/transamerica93.com.br\/home\/wp-content\/uploads\/2023\/10\/logo2.png","contentUrl":"https:\/\/transamerica93.com.br\/home\/wp-content\/uploads\/2023\/10\/logo2.png","width":800,"height":500,"caption":"Transam\u00e9rica Mococa 93,3"},"image":{"@id":"https:\/\/transamerica93.com.br\/home\/#\/schema\/logo\/image\/"},"sameAs":["https:\/\/www.facebook.com\/transamericamococa","https:\/\/x.com\/transamerica933","https:\/\/www.instagram.com\/transamericamococa"]},{"@type":"Person","@id":"https:\/\/transamerica93.com.br\/home\/#\/schema\/person\/7fed7c99c0d4562efa8561bc0f543172","name":"Reda\u00e7\u00e3o","image":{"@type":"ImageObject","inLanguage":"pt-BR","@id":"https:\/\/secure.gravatar.com\/avatar\/1072c6b775fb02ef8506ce967551d95926669a6b7d2c2147b42eea4d7c68395e?s=96&d=mm&r=g","url":"https:\/\/secure.gravatar.com\/avatar\/1072c6b775fb02ef8506ce967551d95926669a6b7d2c2147b42eea4d7c68395e?s=96&d=mm&r=g","contentUrl":"https:\/\/secure.gravatar.com\/avatar\/1072c6b775fb02ef8506ce967551d95926669a6b7d2c2147b42eea4d7c68395e?s=96&d=mm&r=g","caption":"Reda\u00e7\u00e3o"},"sameAs":["https:\/\/transamerica93.com.br\/home"],"url":"https:\/\/transamerica93.com.br\/home\/author\/william\/"}]}},"_links":{"self":[{"href":"https:\/\/transamerica93.com.br\/home\/wp-json\/wp\/v2\/posts\/4021","targetHints":{"allow":["GET"]}}],"collection":[{"href":"https:\/\/transamerica93.com.br\/home\/wp-json\/wp\/v2\/posts"}],"about":[{"href":"https:\/\/transamerica93.com.br\/home\/wp-json\/wp\/v2\/types\/post"}],"author":[{"embeddable":true,"href":"https:\/\/transamerica93.com.br\/home\/wp-json\/wp\/v2\/users\/1"}],"replies":[{"embeddable":true,"href":"https:\/\/transamerica93.com.br\/home\/wp-json\/wp\/v2\/comments?post=4021"}],"version-history":[{"count":1,"href":"https:\/\/transamerica93.com.br\/home\/wp-json\/wp\/v2\/posts\/4021\/revisions"}],"predecessor-version":[{"id":4027,"href":"https:\/\/transamerica93.com.br\/home\/wp-json\/wp\/v2\/posts\/4021\/revisions\/4027"}],"wp:featuredmedia":[{"embeddable":true,"href":"https:\/\/transamerica93.com.br\/home\/wp-json\/wp\/v2\/media\/4022"}],"wp:attachment":[{"href":"https:\/\/transamerica93.com.br\/home\/wp-json\/wp\/v2\/media?parent=4021"}],"wp:term":[{"taxonomy":"category","embeddable":true,"href":"https:\/\/transamerica93.com.br\/home\/wp-json\/wp\/v2\/categories?post=4021"},{"taxonomy":"post_tag","embeddable":true,"href":"https:\/\/transamerica93.com.br\/home\/wp-json\/wp\/v2\/tags?post=4021"}],"curies":[{"name":"wp","href":"https:\/\/api.w.org\/{rel}","templated":true}]}}