{"id":4036,"date":"2024-10-28T12:00:29","date_gmt":"2024-10-28T15:00:29","guid":{"rendered":"https:\/\/transamerica93.com.br\/home\/?p=4036"},"modified":"2024-10-26T15:32:32","modified_gmt":"2024-10-26T18:32:32","slug":"marcus-dalmeida-e-bronze-na-final-da-copa-do-mundo-do-tiro-com-arco","status":"publish","type":"post","link":"https:\/\/transamerica93.com.br\/home\/marcus-dalmeida-e-bronze-na-final-da-copa-do-mundo-do-tiro-com-arco\/","title":{"rendered":"Marcus D\u2019Almeida \u00e9 bronze na final da Copa do Mundo do tiro com arco"},"content":{"rendered":"<div class=\"conteudo-noticia\">\n<p>O carioca Marcus D\u2019Almeida faturou a medalha de bronze na grande final da Copa do Mundo de tiro com arco, que reuniu no domingo (20) os oito melhores atletas do planeta em Tlaxcala (M\u00e9xico). Campe\u00e3o ano passado, D\u2019Almeida tamb\u00e9m j\u00e1 conquistara prata na Copa do Mundo no in\u00edcio da carreira, em 2014. Os sul coreanos Kim Woojlin e Lee Work Seok foram para final, e levaram ouro e prata, respectivamente. Woojlin, que eliminou D\u2019Almeida nas oitavas dos Jogos de Paris, venceu de virada o compatriota Seok, bronze ol\u00edmpico em Paris, por 7 a 3.<img decoding=\"async\" data-src=\"https:\/\/agenciabrasil.ebc.com.br\/ebc.png?id=1616265&amp;o=node\" src=\"data:image\/svg+xml;base64,PHN2ZyB3aWR0aD0iMSIgaGVpZ2h0PSIxIiB4bWxucz0iaHR0cDovL3d3dy53My5vcmcvMjAwMC9zdmciPjwvc3ZnPg==\" class=\"lazyload\" \/><img decoding=\"async\" data-src=\"https:\/\/agenciabrasil.ebc.com.br\/ebc.gif?id=1616265&amp;o=node\" src=\"data:image\/svg+xml;base64,PHN2ZyB3aWR0aD0iMSIgaGVpZ2h0PSIxIiB4bWxucz0iaHR0cDovL3d3dy53My5vcmcvMjAwMC9zdmciPjwvc3ZnPg==\" class=\"lazyload\" \/><\/p>\n<blockquote><p>&#8220;\u00c9 muito dif\u00edcil chegar at\u00e9 a final, e ainda mais desafiador estar no p\u00f3dio dois anos seguidos. O ouro n\u00e3o veio, mas eu dei o meu melhor, dentro do que meu corpo aguentou e do que minha mente permitiu. Depois de Paris, precisei de muito apoio para me manter firme e focado no objetivo de sair daqui com uma medalha&#8221;,\u00a0<a href=\"https:\/\/www.instagram.com\/p\/DBXD0Iuxtmk\/?img_index=1\">revelou o brasileiro<\/a>\u00a0ap\u00f3s a conquista, em rede social.<\/p><\/blockquote>\n<div class=\"twitter-tweet twitter-tweet-rendered\"><iframe id=\"twitter-widget-0\" title=\"X Post\" data-src=\"https:\/\/platform.twitter.com\/embed\/Tweet.html?creatorScreenName=agenciabrasil&amp;dnt=false&amp;embedId=twitter-widget-0&amp;features=eyJ0ZndfdGltZWxpbmVfbGlzdCI6eyJidWNrZXQiOltdLCJ2ZXJzaW9uIjpudWxsfSwidGZ3X2ZvbGxvd2VyX2NvdW50X3N1bnNldCI6eyJidWNrZXQiOnRydWUsInZlcnNpb24iOm51bGx9LCJ0ZndfdHdlZXRfZWRpdF9iYWNrZW5kIjp7ImJ1Y2tldCI6Im9uIiwidmVyc2lvbiI6bnVsbH0sInRmd19yZWZzcmNfc2Vzc2lvbiI6eyJidWNrZXQiOiJvbiIsInZlcnNpb24iOm51bGx9LCJ0ZndfZm9zbnJfc29mdF9pbnRlcnZlbnRpb25zX2VuYWJsZWQiOnsiYnVja2V0Ijoib24iLCJ2ZXJzaW9uIjpudWxsfSwidGZ3X21peGVkX21lZGlhXzE1ODk3Ijp7ImJ1Y2tldCI6InRyZWF0bWVudCIsInZlcnNpb24iOm51bGx9LCJ0ZndfZXhwZXJpbWVudHNfY29va2llX2V4cGlyYXRpb24iOnsiYnVja2V0IjoxMjA5NjAwLCJ2ZXJzaW9uIjpudWxsfSwidGZ3X3Nob3dfYmlyZHdhdGNoX3Bpdm90c19lbmFibGVkIjp7ImJ1Y2tldCI6Im9uIiwidmVyc2lvbiI6bnVsbH0sInRmd19kdXBsaWNhdGVfc2NyaWJlc190b19zZXR0aW5ncyI6eyJidWNrZXQiOiJvbiIsInZlcnNpb24iOm51bGx9LCJ0ZndfdXNlX3Byb2ZpbGVfaW1hZ2Vfc2hhcGVfZW5hYmxlZCI6eyJidWNrZXQiOiJvbiIsInZlcnNpb24iOm51bGx9LCJ0ZndfdmlkZW9faGxzX2R5bmFtaWNfbWFuaWZlc3RzXzE1MDgyIjp7ImJ1Y2tldCI6InRydWVfYml0cmF0ZSIsInZlcnNpb24iOm51bGx9LCJ0ZndfbGVnYWN5X3RpbWVsaW5lX3N1bnNldCI6eyJidWNrZXQiOnRydWUsInZlcnNpb24iOm51bGx9LCJ0ZndfdHdlZXRfZWRpdF9mcm9udGVuZCI6eyJidWNrZXQiOiJvbiIsInZlcnNpb24iOm51bGx9fQ%3D%3D&amp;frame=false&amp;hideCard=false&amp;hideThread=false&amp;id=1848058762457997817&amp;lang=pt&amp;origin=https%3A%2F%2Fagenciabrasil.ebc.com.br%2Fesportes%2Fnoticia%2F2024-10%2Fmarcus-dalmeida-e-bronze-na-final-da-copa-do-mundo-do-tiro-com-arco&amp;sessionId=1e3ee3ebb784a83c88d6afa8b5faba040198fa88&amp;siteScreenName=agenciabrasil&amp;theme=light&amp;widgetsVersion=2615f7e52b7e0%3A1702314776716&amp;width=550px\" frameborder=\"0\" scrolling=\"no\" allowfullscreen=\"allowfullscreen\" data-tweet-id=\"1848058762457997817\" data-mce-fragment=\"1\" src=\"data:image\/svg+xml;base64,PHN2ZyB3aWR0aD0iMSIgaGVpZ2h0PSIxIiB4bWxucz0iaHR0cDovL3d3dy53My5vcmcvMjAwMC9zdmciPjwvc3ZnPg==\" class=\"lazyload\" data-load-mode=\"1\"><\/iframe><\/div>\n<p>A final da Copa do Mundo teve in\u00edcio na fase de quartas de final. No primeiro duelo, Marcus D\u2019Almeida passou f\u00e1cil pelo espanhol Andr\u00e9s Temi\u00f1o por 6 a 2. Na sequ\u00eancia, o brasileiro caiu na semifinal diante sul-coreano Seok por 6 a 4. Depois, na disputa pelo bronze, D\u2019Almeida levou a melhor sobre o mexicano Matias Grande, por 6 a 2.<\/p>\n<\/div>\n<div class=\"footer-noticia\">\n<div class=\"editor rowflex\">Edi\u00e7\u00e3o: Cl\u00e1udia Soares Rodrigues<\/div>\n<\/div>\n","protected":false},"excerpt":{"rendered":"<p>O carioca Marcus D\u2019Almeida faturou a medalha de bronze na grande final da Copa do Mundo de tiro com arco, que reuniu no domingo (20) os oito melhores atletas do planeta em Tlaxcala (M\u00e9xico). Campe\u00e3o ano passado, D\u2019Almeida tamb\u00e9m j\u00e1 conquistara prata na Copa do Mundo no in\u00edcio da carreira, em 2014. Os sul coreanos &hellip;<\/p>\n","protected":false},"author":1,"featured_media":4037,"comment_status":"closed","ping_status":"closed","sticky":false,"template":"","format":"standard","meta":{"footnotes":""},"categories":[31],"tags":[],"class_list":["post-4036","post","type-post","status-publish","format-standard","has-post-thumbnail","hentry","category-esportes"],"yoast_head":"<!-- This site is optimized with the Yoast SEO plugin v27.4 - https:\/\/yoast.com\/product\/yoast-seo-wordpress\/ -->\n<title>Marcus D\u2019Almeida \u00e9 bronze na final da Copa do Mundo do tiro com arco - Transam\u00e9rica Mococa 93,3<\/title>\n<meta name=\"robots\" content=\"index, follow, max-snippet:-1, max-image-preview:large, max-video-preview:-1\" \/>\n<link rel=\"canonical\" href=\"https:\/\/transamerica93.com.br\/home\/marcus-dalmeida-e-bronze-na-final-da-copa-do-mundo-do-tiro-com-arco\/\" \/>\n<meta property=\"og:locale\" content=\"pt_BR\" \/>\n<meta property=\"og:type\" content=\"article\" \/>\n<meta property=\"og:title\" content=\"Marcus D\u2019Almeida \u00e9 bronze na final da Copa do Mundo do tiro com arco - Transam\u00e9rica Mococa 93,3\" \/>\n<meta property=\"og:description\" content=\"O carioca Marcus D\u2019Almeida faturou a medalha de bronze na grande final da Copa do Mundo de tiro com arco, que reuniu no domingo (20) os oito melhores atletas do planeta em Tlaxcala (M\u00e9xico). Campe\u00e3o ano passado, D\u2019Almeida tamb\u00e9m j\u00e1 conquistara prata na Copa do Mundo no in\u00edcio da carreira, em 2014. Os sul coreanos &hellip;\" \/>\n<meta property=\"og:url\" content=\"https:\/\/transamerica93.com.br\/home\/marcus-dalmeida-e-bronze-na-final-da-copa-do-mundo-do-tiro-com-arco\/\" \/>\n<meta property=\"og:site_name\" content=\"Transam\u00e9rica Mococa 93,3\" \/>\n<meta property=\"article:publisher\" content=\"https:\/\/www.facebook.com\/transamericamococa\" \/>\n<meta property=\"article:published_time\" content=\"2024-10-28T15:00:29+00:00\" \/>\n<meta property=\"og:image\" content=\"https:\/\/transamerica93.com.br\/home\/wp-content\/uploads\/2024\/10\/1-10.jpg\" \/>\n\t<meta property=\"og:image:width\" content=\"1170\" \/>\n\t<meta property=\"og:image:height\" content=\"700\" \/>\n\t<meta property=\"og:image:type\" content=\"image\/jpeg\" \/>\n<meta name=\"author\" content=\"Reda\u00e7\u00e3o\" \/>\n<meta name=\"twitter:card\" content=\"summary_large_image\" \/>\n<meta name=\"twitter:creator\" content=\"@transamerica933\" \/>\n<meta name=\"twitter:site\" content=\"@transamerica933\" \/>\n<meta name=\"twitter:label1\" content=\"Escrito por\" \/>\n\t<meta name=\"twitter:data1\" content=\"Reda\u00e7\u00e3o\" \/>\n\t<meta name=\"twitter:label2\" content=\"Est. tempo de leitura\" \/>\n\t<meta name=\"twitter:data2\" content=\"2 minutos\" \/>\n<script type=\"application\/ld+json\" class=\"yoast-schema-graph\">{\"@context\":\"https:\\\/\\\/schema.org\",\"@graph\":[{\"@type\":\"Article\",\"@id\":\"https:\\\/\\\/transamerica93.com.br\\\/home\\\/marcus-dalmeida-e-bronze-na-final-da-copa-do-mundo-do-tiro-com-arco\\\/#article\",\"isPartOf\":{\"@id\":\"https:\\\/\\\/transamerica93.com.br\\\/home\\\/marcus-dalmeida-e-bronze-na-final-da-copa-do-mundo-do-tiro-com-arco\\\/\"},\"author\":{\"name\":\"Reda\u00e7\u00e3o\",\"@id\":\"https:\\\/\\\/transamerica93.com.br\\\/home\\\/#\\\/schema\\\/person\\\/7fed7c99c0d4562efa8561bc0f543172\"},\"headline\":\"Marcus D\u2019Almeida \u00e9 bronze na final da Copa do Mundo do tiro com arco\",\"datePublished\":\"2024-10-28T15:00:29+00:00\",\"mainEntityOfPage\":{\"@id\":\"https:\\\/\\\/transamerica93.com.br\\\/home\\\/marcus-dalmeida-e-bronze-na-final-da-copa-do-mundo-do-tiro-com-arco\\\/\"},\"wordCount\":252,\"publisher\":{\"@id\":\"https:\\\/\\\/transamerica93.com.br\\\/home\\\/#organization\"},\"image\":{\"@id\":\"https:\\\/\\\/transamerica93.com.br\\\/home\\\/marcus-dalmeida-e-bronze-na-final-da-copa-do-mundo-do-tiro-com-arco\\\/#primaryimage\"},\"thumbnailUrl\":\"https:\\\/\\\/transamerica93.com.br\\\/home\\\/wp-content\\\/uploads\\\/2024\\\/10\\\/1-10.jpg\",\"articleSection\":[\"Esportes\"],\"inLanguage\":\"pt-BR\"},{\"@type\":\"WebPage\",\"@id\":\"https:\\\/\\\/transamerica93.com.br\\\/home\\\/marcus-dalmeida-e-bronze-na-final-da-copa-do-mundo-do-tiro-com-arco\\\/\",\"url\":\"https:\\\/\\\/transamerica93.com.br\\\/home\\\/marcus-dalmeida-e-bronze-na-final-da-copa-do-mundo-do-tiro-com-arco\\\/\",\"name\":\"Marcus D\u2019Almeida \u00e9 bronze na final da Copa do Mundo do tiro com arco - Transam\u00e9rica Mococa 93,3\",\"isPartOf\":{\"@id\":\"https:\\\/\\\/transamerica93.com.br\\\/home\\\/#website\"},\"primaryImageOfPage\":{\"@id\":\"https:\\\/\\\/transamerica93.com.br\\\/home\\\/marcus-dalmeida-e-bronze-na-final-da-copa-do-mundo-do-tiro-com-arco\\\/#primaryimage\"},\"image\":{\"@id\":\"https:\\\/\\\/transamerica93.com.br\\\/home\\\/marcus-dalmeida-e-bronze-na-final-da-copa-do-mundo-do-tiro-com-arco\\\/#primaryimage\"},\"thumbnailUrl\":\"https:\\\/\\\/transamerica93.com.br\\\/home\\\/wp-content\\\/uploads\\\/2024\\\/10\\\/1-10.jpg\",\"datePublished\":\"2024-10-28T15:00:29+00:00\",\"breadcrumb\":{\"@id\":\"https:\\\/\\\/transamerica93.com.br\\\/home\\\/marcus-dalmeida-e-bronze-na-final-da-copa-do-mundo-do-tiro-com-arco\\\/#breadcrumb\"},\"inLanguage\":\"pt-BR\",\"potentialAction\":[{\"@type\":\"ReadAction\",\"target\":[\"https:\\\/\\\/transamerica93.com.br\\\/home\\\/marcus-dalmeida-e-bronze-na-final-da-copa-do-mundo-do-tiro-com-arco\\\/\"]}]},{\"@type\":\"ImageObject\",\"inLanguage\":\"pt-BR\",\"@id\":\"https:\\\/\\\/transamerica93.com.br\\\/home\\\/marcus-dalmeida-e-bronze-na-final-da-copa-do-mundo-do-tiro-com-arco\\\/#primaryimage\",\"url\":\"https:\\\/\\\/transamerica93.com.br\\\/home\\\/wp-content\\\/uploads\\\/2024\\\/10\\\/1-10.jpg\",\"contentUrl\":\"https:\\\/\\\/transamerica93.com.br\\\/home\\\/wp-content\\\/uploads\\\/2024\\\/10\\\/1-10.jpg\",\"width\":1170,\"height\":700,\"caption\":\"\u00a9 Reprodu\u00e7\u00e3o Instagram\\\/World Archery\"},{\"@type\":\"BreadcrumbList\",\"@id\":\"https:\\\/\\\/transamerica93.com.br\\\/home\\\/marcus-dalmeida-e-bronze-na-final-da-copa-do-mundo-do-tiro-com-arco\\\/#breadcrumb\",\"itemListElement\":[{\"@type\":\"ListItem\",\"position\":1,\"name\":\"In\u00edcio\",\"item\":\"https:\\\/\\\/transamerica93.com.br\\\/home\\\/\"},{\"@type\":\"ListItem\",\"position\":2,\"name\":\"Marcus D\u2019Almeida \u00e9 bronze na final da Copa do Mundo do tiro com arco\"}]},{\"@type\":\"WebSite\",\"@id\":\"https:\\\/\\\/transamerica93.com.br\\\/home\\\/#website\",\"url\":\"https:\\\/\\\/transamerica93.com.br\\\/home\\\/\",\"name\":\"Transam\u00e9rica Mococa 93,3\",\"description\":\"\",\"publisher\":{\"@id\":\"https:\\\/\\\/transamerica93.com.br\\\/home\\\/#organization\"},\"potentialAction\":[{\"@type\":\"SearchAction\",\"target\":{\"@type\":\"EntryPoint\",\"urlTemplate\":\"https:\\\/\\\/transamerica93.com.br\\\/home\\\/?s={search_term_string}\"},\"query-input\":{\"@type\":\"PropertyValueSpecification\",\"valueRequired\":true,\"valueName\":\"search_term_string\"}}],\"inLanguage\":\"pt-BR\"},{\"@type\":\"Organization\",\"@id\":\"https:\\\/\\\/transamerica93.com.br\\\/home\\\/#organization\",\"name\":\"Transam\u00e9rica Mococa 93,3\",\"url\":\"https:\\\/\\\/transamerica93.com.br\\\/home\\\/\",\"logo\":{\"@type\":\"ImageObject\",\"inLanguage\":\"pt-BR\",\"@id\":\"https:\\\/\\\/transamerica93.com.br\\\/home\\\/#\\\/schema\\\/logo\\\/image\\\/\",\"url\":\"https:\\\/\\\/transamerica93.com.br\\\/home\\\/wp-content\\\/uploads\\\/2023\\\/10\\\/logo2.png\",\"contentUrl\":\"https:\\\/\\\/transamerica93.com.br\\\/home\\\/wp-content\\\/uploads\\\/2023\\\/10\\\/logo2.png\",\"width\":800,\"height\":500,\"caption\":\"Transam\u00e9rica Mococa 93,3\"},\"image\":{\"@id\":\"https:\\\/\\\/transamerica93.com.br\\\/home\\\/#\\\/schema\\\/logo\\\/image\\\/\"},\"sameAs\":[\"https:\\\/\\\/www.facebook.com\\\/transamericamococa\",\"https:\\\/\\\/x.com\\\/transamerica933\",\"https:\\\/\\\/www.instagram.com\\\/transamericamococa\"]},{\"@type\":\"Person\",\"@id\":\"https:\\\/\\\/transamerica93.com.br\\\/home\\\/#\\\/schema\\\/person\\\/7fed7c99c0d4562efa8561bc0f543172\",\"name\":\"Reda\u00e7\u00e3o\",\"image\":{\"@type\":\"ImageObject\",\"inLanguage\":\"pt-BR\",\"@id\":\"https:\\\/\\\/secure.gravatar.com\\\/avatar\\\/1072c6b775fb02ef8506ce967551d95926669a6b7d2c2147b42eea4d7c68395e?s=96&d=mm&r=g\",\"url\":\"https:\\\/\\\/secure.gravatar.com\\\/avatar\\\/1072c6b775fb02ef8506ce967551d95926669a6b7d2c2147b42eea4d7c68395e?s=96&d=mm&r=g\",\"contentUrl\":\"https:\\\/\\\/secure.gravatar.com\\\/avatar\\\/1072c6b775fb02ef8506ce967551d95926669a6b7d2c2147b42eea4d7c68395e?s=96&d=mm&r=g\",\"caption\":\"Reda\u00e7\u00e3o\"},\"sameAs\":[\"https:\\\/\\\/transamerica93.com.br\\\/home\"],\"url\":\"https:\\\/\\\/transamerica93.com.br\\\/home\\\/author\\\/william\\\/\"}]}<\/script>\n<!-- \/ Yoast SEO plugin. -->","yoast_head_json":{"title":"Marcus D\u2019Almeida \u00e9 bronze na final da Copa do Mundo do tiro com arco - Transam\u00e9rica Mococa 93,3","robots":{"index":"index","follow":"follow","max-snippet":"max-snippet:-1","max-image-preview":"max-image-preview:large","max-video-preview":"max-video-preview:-1"},"canonical":"https:\/\/transamerica93.com.br\/home\/marcus-dalmeida-e-bronze-na-final-da-copa-do-mundo-do-tiro-com-arco\/","og_locale":"pt_BR","og_type":"article","og_title":"Marcus D\u2019Almeida \u00e9 bronze na final da Copa do Mundo do tiro com arco - Transam\u00e9rica Mococa 93,3","og_description":"O carioca Marcus D\u2019Almeida faturou a medalha de bronze na grande final da Copa do Mundo de tiro com arco, que reuniu no domingo (20) os oito melhores atletas do planeta em Tlaxcala (M\u00e9xico). Campe\u00e3o ano passado, D\u2019Almeida tamb\u00e9m j\u00e1 conquistara prata na Copa do Mundo no in\u00edcio da carreira, em 2014. Os sul coreanos &hellip;","og_url":"https:\/\/transamerica93.com.br\/home\/marcus-dalmeida-e-bronze-na-final-da-copa-do-mundo-do-tiro-com-arco\/","og_site_name":"Transam\u00e9rica Mococa 93,3","article_publisher":"https:\/\/www.facebook.com\/transamericamococa","article_published_time":"2024-10-28T15:00:29+00:00","og_image":[{"width":1170,"height":700,"url":"https:\/\/transamerica93.com.br\/home\/wp-content\/uploads\/2024\/10\/1-10.jpg","type":"image\/jpeg"}],"author":"Reda\u00e7\u00e3o","twitter_card":"summary_large_image","twitter_creator":"@transamerica933","twitter_site":"@transamerica933","twitter_misc":{"Escrito por":"Reda\u00e7\u00e3o","Est. tempo de leitura":"2 minutos"},"schema":{"@context":"https:\/\/schema.org","@graph":[{"@type":"Article","@id":"https:\/\/transamerica93.com.br\/home\/marcus-dalmeida-e-bronze-na-final-da-copa-do-mundo-do-tiro-com-arco\/#article","isPartOf":{"@id":"https:\/\/transamerica93.com.br\/home\/marcus-dalmeida-e-bronze-na-final-da-copa-do-mundo-do-tiro-com-arco\/"},"author":{"name":"Reda\u00e7\u00e3o","@id":"https:\/\/transamerica93.com.br\/home\/#\/schema\/person\/7fed7c99c0d4562efa8561bc0f543172"},"headline":"Marcus D\u2019Almeida \u00e9 bronze na final da Copa do Mundo do tiro com arco","datePublished":"2024-10-28T15:00:29+00:00","mainEntityOfPage":{"@id":"https:\/\/transamerica93.com.br\/home\/marcus-dalmeida-e-bronze-na-final-da-copa-do-mundo-do-tiro-com-arco\/"},"wordCount":252,"publisher":{"@id":"https:\/\/transamerica93.com.br\/home\/#organization"},"image":{"@id":"https:\/\/transamerica93.com.br\/home\/marcus-dalmeida-e-bronze-na-final-da-copa-do-mundo-do-tiro-com-arco\/#primaryimage"},"thumbnailUrl":"https:\/\/transamerica93.com.br\/home\/wp-content\/uploads\/2024\/10\/1-10.jpg","articleSection":["Esportes"],"inLanguage":"pt-BR"},{"@type":"WebPage","@id":"https:\/\/transamerica93.com.br\/home\/marcus-dalmeida-e-bronze-na-final-da-copa-do-mundo-do-tiro-com-arco\/","url":"https:\/\/transamerica93.com.br\/home\/marcus-dalmeida-e-bronze-na-final-da-copa-do-mundo-do-tiro-com-arco\/","name":"Marcus D\u2019Almeida \u00e9 bronze na final da Copa do Mundo do tiro com arco - Transam\u00e9rica Mococa 93,3","isPartOf":{"@id":"https:\/\/transamerica93.com.br\/home\/#website"},"primaryImageOfPage":{"@id":"https:\/\/transamerica93.com.br\/home\/marcus-dalmeida-e-bronze-na-final-da-copa-do-mundo-do-tiro-com-arco\/#primaryimage"},"image":{"@id":"https:\/\/transamerica93.com.br\/home\/marcus-dalmeida-e-bronze-na-final-da-copa-do-mundo-do-tiro-com-arco\/#primaryimage"},"thumbnailUrl":"https:\/\/transamerica93.com.br\/home\/wp-content\/uploads\/2024\/10\/1-10.jpg","datePublished":"2024-10-28T15:00:29+00:00","breadcrumb":{"@id":"https:\/\/transamerica93.com.br\/home\/marcus-dalmeida-e-bronze-na-final-da-copa-do-mundo-do-tiro-com-arco\/#breadcrumb"},"inLanguage":"pt-BR","potentialAction":[{"@type":"ReadAction","target":["https:\/\/transamerica93.com.br\/home\/marcus-dalmeida-e-bronze-na-final-da-copa-do-mundo-do-tiro-com-arco\/"]}]},{"@type":"ImageObject","inLanguage":"pt-BR","@id":"https:\/\/transamerica93.com.br\/home\/marcus-dalmeida-e-bronze-na-final-da-copa-do-mundo-do-tiro-com-arco\/#primaryimage","url":"https:\/\/transamerica93.com.br\/home\/wp-content\/uploads\/2024\/10\/1-10.jpg","contentUrl":"https:\/\/transamerica93.com.br\/home\/wp-content\/uploads\/2024\/10\/1-10.jpg","width":1170,"height":700,"caption":"\u00a9 Reprodu\u00e7\u00e3o Instagram\/World Archery"},{"@type":"BreadcrumbList","@id":"https:\/\/transamerica93.com.br\/home\/marcus-dalmeida-e-bronze-na-final-da-copa-do-mundo-do-tiro-com-arco\/#breadcrumb","itemListElement":[{"@type":"ListItem","position":1,"name":"In\u00edcio","item":"https:\/\/transamerica93.com.br\/home\/"},{"@type":"ListItem","position":2,"name":"Marcus D\u2019Almeida \u00e9 bronze na final da Copa do Mundo do tiro com arco"}]},{"@type":"WebSite","@id":"https:\/\/transamerica93.com.br\/home\/#website","url":"https:\/\/transamerica93.com.br\/home\/","name":"Transam\u00e9rica Mococa 93,3","description":"","publisher":{"@id":"https:\/\/transamerica93.com.br\/home\/#organization"},"potentialAction":[{"@type":"SearchAction","target":{"@type":"EntryPoint","urlTemplate":"https:\/\/transamerica93.com.br\/home\/?s={search_term_string}"},"query-input":{"@type":"PropertyValueSpecification","valueRequired":true,"valueName":"search_term_string"}}],"inLanguage":"pt-BR"},{"@type":"Organization","@id":"https:\/\/transamerica93.com.br\/home\/#organization","name":"Transam\u00e9rica Mococa 93,3","url":"https:\/\/transamerica93.com.br\/home\/","logo":{"@type":"ImageObject","inLanguage":"pt-BR","@id":"https:\/\/transamerica93.com.br\/home\/#\/schema\/logo\/image\/","url":"https:\/\/transamerica93.com.br\/home\/wp-content\/uploads\/2023\/10\/logo2.png","contentUrl":"https:\/\/transamerica93.com.br\/home\/wp-content\/uploads\/2023\/10\/logo2.png","width":800,"height":500,"caption":"Transam\u00e9rica Mococa 93,3"},"image":{"@id":"https:\/\/transamerica93.com.br\/home\/#\/schema\/logo\/image\/"},"sameAs":["https:\/\/www.facebook.com\/transamericamococa","https:\/\/x.com\/transamerica933","https:\/\/www.instagram.com\/transamericamococa"]},{"@type":"Person","@id":"https:\/\/transamerica93.com.br\/home\/#\/schema\/person\/7fed7c99c0d4562efa8561bc0f543172","name":"Reda\u00e7\u00e3o","image":{"@type":"ImageObject","inLanguage":"pt-BR","@id":"https:\/\/secure.gravatar.com\/avatar\/1072c6b775fb02ef8506ce967551d95926669a6b7d2c2147b42eea4d7c68395e?s=96&d=mm&r=g","url":"https:\/\/secure.gravatar.com\/avatar\/1072c6b775fb02ef8506ce967551d95926669a6b7d2c2147b42eea4d7c68395e?s=96&d=mm&r=g","contentUrl":"https:\/\/secure.gravatar.com\/avatar\/1072c6b775fb02ef8506ce967551d95926669a6b7d2c2147b42eea4d7c68395e?s=96&d=mm&r=g","caption":"Reda\u00e7\u00e3o"},"sameAs":["https:\/\/transamerica93.com.br\/home"],"url":"https:\/\/transamerica93.com.br\/home\/author\/william\/"}]}},"_links":{"self":[{"href":"https:\/\/transamerica93.com.br\/home\/wp-json\/wp\/v2\/posts\/4036","targetHints":{"allow":["GET"]}}],"collection":[{"href":"https:\/\/transamerica93.com.br\/home\/wp-json\/wp\/v2\/posts"}],"about":[{"href":"https:\/\/transamerica93.com.br\/home\/wp-json\/wp\/v2\/types\/post"}],"author":[{"embeddable":true,"href":"https:\/\/transamerica93.com.br\/home\/wp-json\/wp\/v2\/users\/1"}],"replies":[{"embeddable":true,"href":"https:\/\/transamerica93.com.br\/home\/wp-json\/wp\/v2\/comments?post=4036"}],"version-history":[{"count":1,"href":"https:\/\/transamerica93.com.br\/home\/wp-json\/wp\/v2\/posts\/4036\/revisions"}],"predecessor-version":[{"id":4042,"href":"https:\/\/transamerica93.com.br\/home\/wp-json\/wp\/v2\/posts\/4036\/revisions\/4042"}],"wp:featuredmedia":[{"embeddable":true,"href":"https:\/\/transamerica93.com.br\/home\/wp-json\/wp\/v2\/media\/4037"}],"wp:attachment":[{"href":"https:\/\/transamerica93.com.br\/home\/wp-json\/wp\/v2\/media?parent=4036"}],"wp:term":[{"taxonomy":"category","embeddable":true,"href":"https:\/\/transamerica93.com.br\/home\/wp-json\/wp\/v2\/categories?post=4036"},{"taxonomy":"post_tag","embeddable":true,"href":"https:\/\/transamerica93.com.br\/home\/wp-json\/wp\/v2\/tags?post=4036"}],"curies":[{"name":"wp","href":"https:\/\/api.w.org\/{rel}","templated":true}]}}