{"id":4043,"date":"2024-10-29T12:00:41","date_gmt":"2024-10-29T15:00:41","guid":{"rendered":"https:\/\/transamerica93.com.br\/home\/?p=4043"},"modified":"2024-10-26T15:33:43","modified_gmt":"2024-10-26T18:33:43","slug":"familia-de-maguila-doa-cerebro-de-ex-pugilista-para-estudo","status":"publish","type":"post","link":"https:\/\/transamerica93.com.br\/home\/familia-de-maguila-doa-cerebro-de-ex-pugilista-para-estudo\/","title":{"rendered":"Fam\u00edlia de Maguila doa c\u00e9rebro de ex-pugilista para estudo"},"content":{"rendered":"<div class=\"conteudo-noticia\">\n<p>A Faculdade de Medicina da Universidade de S\u00e3o Paulo (FMUSP) confirmou que recebeu o c\u00e9rebro do ex-pugilista Jos\u00e9 Adilson Rodrigues dos Santos, o Maguila, para estudos sobre a Encefalopatia Traum\u00e1tica Cr\u00f4nica (ETC). A doen\u00e7a com a qual o ex-atleta conviveu por 18 anos \u00e9 degenerativa e afeta as c\u00e9lulas cerebrais por meio de impactos repetidos na cabe\u00e7a. Campe\u00e3o mundial dos pesos pesados, ele faleceu na \u00faltima quinta-feira (24) aos 66 anos.<img decoding=\"async\" data-src=\"https:\/\/agenciabrasil.ebc.com.br\/ebc.png?id=1617017&amp;o=node\" src=\"data:image\/svg+xml;base64,PHN2ZyB3aWR0aD0iMSIgaGVpZ2h0PSIxIiB4bWxucz0iaHR0cDovL3d3dy53My5vcmcvMjAwMC9zdmciPjwvc3ZnPg==\" class=\"lazyload\" \/><img decoding=\"async\" data-src=\"https:\/\/agenciabrasil.ebc.com.br\/ebc.gif?id=1617017&amp;o=node\" src=\"data:image\/svg+xml;base64,PHN2ZyB3aWR0aD0iMSIgaGVpZ2h0PSIxIiB4bWxucz0iaHR0cDovL3d3dy53My5vcmcvMjAwMC9zdmciPjwvc3ZnPg==\" class=\"lazyload\" \/><\/p>\n<p>\u201cResolvemos, em vida, pela doa\u00e7\u00e3o do c\u00e9rebro dele. Foi feito isso ontem [quinta-feira]\u201d, disse a vi\u00fava de Maguila, Irani Pinheiro, em entrevista coletiva nesta sexta-feira na Assembleia Legislativa de S\u00e3o Paulo, local no qual o corpo do marido foi velado durante a manh\u00e3.<\/p>\n<p>O c\u00e9rebro de Maguila \u00e9 o terceiro pertencente a um atleta que o Biobanco para Estudos em Envelhecimento da FMUSP tem acesso. A entidade j\u00e1 p\u00f4de analisar as doa\u00e7\u00f5es de mais dois campe\u00f5es mundiais: o tamb\u00e9m ex-pugilista \u00c9der Jofre e o ex-jogador de futebol Bellini, capit\u00e3o da sele\u00e7\u00e3o brasileira que conquistou a Copa do Mundo de 1958. Ambos tiveram o diagn\u00f3stico da Encefalopatia Traum\u00e1tica Cr\u00f4nica confirmado.<\/p>\n<p>\u201cA suspeita cl\u00ednica existe, mas o diagn\u00f3stico, por enquanto, \u00e9 anatomopatol\u00f3gico [an\u00e1lise de fragmentos de um tecido retirado do indiv\u00edduo]. A import\u00e2ncia da disponibilidade do tecido cerebral desses atletas \u00e9 enorme para a pesquisa e a ci\u00eancia, pois, no fim, [o resultado] reverte para todo mundo\u201d, avaliou a coordenadora do Departamento Cient\u00edfico de Traumatismo Cranioencef\u00e1lico da Academia Brasileira de Neurologia (ABN), Maria Elisabeth Ferraz, \u00e0\u00a0<strong>Ag\u00eancia Brasil<\/strong>.<\/p>\n<p>\u201cClaro que nossa maior meta \u00e9 a preven\u00e7\u00e3o, mas, muitas vezes, fazermos diagn\u00f3sticos mais precoces. Com isso, evitando que o indiv\u00edduo continue tendo choques cranianos. Se tivermos biomarcadores [indicadores que fornecem dados sobre a sa\u00fade da pessoa], exames laboratoriais ou de imagem que possam fazer esse diagn\u00f3stico &#8211; ou suspeita de diagn\u00f3stico &#8211; mais precoce, podemos desenvolver ainda mais a preven\u00e7\u00e3o\u201d, completou a m\u00e9dica neurologista.<\/p>\n<p>A doen\u00e7a que acometeu Maguila, Eder Jofre e Bellini foi descoberta em 2002 pelo neuropatologista Bennet Omalu. Ele diagnosticou a encefalopatia no cad\u00e1ver de um ex-jogador de futebol americano chamado Mike Webster, que havia falecido aos 50 anos, v\u00edtima de um ataque card\u00edaco.<\/p>\n<p>A repercuss\u00e3o do\u00a0<a href=\"https:\/\/pubmed.ncbi.nlm.nih.gov\/15987548\/\" target=\"_blank\" rel=\"noopener\">estudo<\/a>, publicado tr\u00eas anos depois, incomodou os dirigentes da liga respons\u00e1vel pela modalidade (NFL, na sigla em ingl\u00eas) e levou a amea\u00e7as ao m\u00e9dico nigeriano-americano. Mais de uma d\u00e9cada depois, ap\u00f3s novas pesquisas e com atletas acionando a Justi\u00e7a, a NFL, enfim, estabeleceu um protocolo de concuss\u00e3o e investiu em tecnologia para aumentar a seguran\u00e7a do jogo. A hist\u00f3ria, inclusive, transformou-se no filme \u201cUm Homem Entre Gigantes\u201d, de 2015, protagonizado pelo ator Will Smith.<\/p>\n<p>\u201c[A Encefalopatia Traum\u00e1tica Cr\u00f4nica] culmina com um quadro de altera\u00e7\u00f5es de comportamento, psiqui\u00e1tricas, cognitivas, de mem\u00f3ria e de equil\u00edbrio que muitas vezes se desenvolvem ap\u00f3s o atleta estar aposentado, pois ela \u00e9 resultado de in\u00fameros impactos no c\u00e9rebro ao longo de anos. Claro, fatores ambientais e gen\u00e9ticos tamb\u00e9m contam, mas \u00e9 uma doen\u00e7a que se instala com o passar do tempo, culminando em quadros grav\u00edssimos\u201d, explicou Maria Elisabeth.<\/p>\n<p>Segundo a coordenadora da ABN, n\u00e3o h\u00e1 necessidade de que o indiv\u00edduo perca a consci\u00eancia para ter sofrido uma les\u00e3o cerebral. Segundo ela, os choques repetidos na cabe\u00e7a, mesmo sem um desmaio, j\u00e1 podem levar ao movimento do c\u00e9rebro na caixa craniana.<\/p>\n<p>Por fim, a neurologista destacou uma realidade al\u00e9m do esporte, mas que dialoga com a periculosidade da encefalopatia. Segundo o boletim \u201cElas Vivem: Liberdade de Ser e Viver\u201d, divulgado em mar\u00e7o deste ano, ao menos oito mulheres foram v\u00edtimas de viol\u00eancia dom\u00e9stica a cada 24 horas em 2023, em oito dos nove estados monitorados pela Rede de Observat\u00f3rios da Seguran\u00e7a: Bahia, Cear\u00e1, Maranh\u00e3o, Par\u00e1, Pernambuco, Piau\u00ed, Rio de Janeiro e S\u00e3o Paulo.<\/p>\n<p>\u201cQualquer tipo de impacto que se repita no c\u00e9rebro pode levar a altera\u00e7\u00f5es cognitivas, degenerativas e comportamentais. Aquela mulher que sofre viol\u00eancia dom\u00e9stica cronicamente em casa, por seu companheiro ou algu\u00e9m mais, tamb\u00e9m pode desenvolver esse quadro degenerativo neurol\u00f3gico. E pode acontecer com crian\u00e7as\u201d, alertou.<\/p>\n<div class=\"noticias-relacionadas rel-position rowflex\">\n<div class=\"capa-noticia-relacionada\"><\/div>\n<\/div>\n<\/div>\n<div class=\"footer-noticia\">\n<div class=\"editor rowflex\">Edi\u00e7\u00e3o: F\u00e1bio Lisboa<\/div>\n<\/div>\n","protected":false},"excerpt":{"rendered":"<p>A Faculdade de Medicina da Universidade de S\u00e3o Paulo (FMUSP) confirmou que recebeu o c\u00e9rebro do ex-pugilista Jos\u00e9 Adilson Rodrigues dos Santos, o Maguila, para estudos sobre a Encefalopatia Traum\u00e1tica Cr\u00f4nica (ETC). A doen\u00e7a com a qual o ex-atleta conviveu por 18 anos \u00e9 degenerativa e afeta as c\u00e9lulas cerebrais por meio de impactos repetidos &hellip;<\/p>\n","protected":false},"author":1,"featured_media":4038,"comment_status":"closed","ping_status":"closed","sticky":false,"template":"","format":"standard","meta":{"footnotes":""},"categories":[31],"tags":[],"class_list":["post-4043","post","type-post","status-publish","format-standard","has-post-thumbnail","hentry","category-esportes"],"yoast_head":"<!-- This site is optimized with the Yoast SEO plugin v27.4 - https:\/\/yoast.com\/product\/yoast-seo-wordpress\/ -->\n<title>Fam\u00edlia de Maguila doa c\u00e9rebro de ex-pugilista para estudo - Transam\u00e9rica Mococa 93,3<\/title>\n<meta name=\"robots\" content=\"index, follow, max-snippet:-1, max-image-preview:large, max-video-preview:-1\" \/>\n<link rel=\"canonical\" href=\"https:\/\/transamerica93.com.br\/home\/familia-de-maguila-doa-cerebro-de-ex-pugilista-para-estudo\/\" \/>\n<meta property=\"og:locale\" content=\"pt_BR\" \/>\n<meta property=\"og:type\" content=\"article\" \/>\n<meta property=\"og:title\" content=\"Fam\u00edlia de Maguila doa c\u00e9rebro de ex-pugilista para estudo - Transam\u00e9rica Mococa 93,3\" \/>\n<meta property=\"og:description\" content=\"A Faculdade de Medicina da Universidade de S\u00e3o Paulo (FMUSP) confirmou que recebeu o c\u00e9rebro do ex-pugilista Jos\u00e9 Adilson Rodrigues dos Santos, o Maguila, para estudos sobre a Encefalopatia Traum\u00e1tica Cr\u00f4nica (ETC). A doen\u00e7a com a qual o ex-atleta conviveu por 18 anos \u00e9 degenerativa e afeta as c\u00e9lulas cerebrais por meio de impactos repetidos &hellip;\" \/>\n<meta property=\"og:url\" content=\"https:\/\/transamerica93.com.br\/home\/familia-de-maguila-doa-cerebro-de-ex-pugilista-para-estudo\/\" \/>\n<meta property=\"og:site_name\" content=\"Transam\u00e9rica Mococa 93,3\" \/>\n<meta property=\"article:publisher\" content=\"https:\/\/www.facebook.com\/transamericamococa\" \/>\n<meta property=\"article:published_time\" content=\"2024-10-29T15:00:41+00:00\" \/>\n<meta property=\"og:image\" content=\"https:\/\/transamerica93.com.br\/home\/wp-content\/uploads\/2024\/10\/2-5.jpg\" \/>\n\t<meta property=\"og:image:width\" content=\"1170\" \/>\n\t<meta property=\"og:image:height\" content=\"700\" \/>\n\t<meta property=\"og:image:type\" content=\"image\/jpeg\" \/>\n<meta name=\"author\" content=\"Reda\u00e7\u00e3o\" \/>\n<meta name=\"twitter:card\" content=\"summary_large_image\" \/>\n<meta name=\"twitter:creator\" content=\"@transamerica933\" \/>\n<meta name=\"twitter:site\" content=\"@transamerica933\" \/>\n<meta name=\"twitter:label1\" content=\"Escrito por\" \/>\n\t<meta name=\"twitter:data1\" content=\"Reda\u00e7\u00e3o\" \/>\n\t<meta name=\"twitter:label2\" content=\"Est. tempo de leitura\" \/>\n\t<meta name=\"twitter:data2\" content=\"5 minutos\" \/>\n<script type=\"application\/ld+json\" class=\"yoast-schema-graph\">{\"@context\":\"https:\\\/\\\/schema.org\",\"@graph\":[{\"@type\":\"Article\",\"@id\":\"https:\\\/\\\/transamerica93.com.br\\\/home\\\/familia-de-maguila-doa-cerebro-de-ex-pugilista-para-estudo\\\/#article\",\"isPartOf\":{\"@id\":\"https:\\\/\\\/transamerica93.com.br\\\/home\\\/familia-de-maguila-doa-cerebro-de-ex-pugilista-para-estudo\\\/\"},\"author\":{\"name\":\"Reda\u00e7\u00e3o\",\"@id\":\"https:\\\/\\\/transamerica93.com.br\\\/home\\\/#\\\/schema\\\/person\\\/7fed7c99c0d4562efa8561bc0f543172\"},\"headline\":\"Fam\u00edlia de Maguila doa c\u00e9rebro de ex-pugilista para estudo\",\"datePublished\":\"2024-10-29T15:00:41+00:00\",\"mainEntityOfPage\":{\"@id\":\"https:\\\/\\\/transamerica93.com.br\\\/home\\\/familia-de-maguila-doa-cerebro-de-ex-pugilista-para-estudo\\\/\"},\"wordCount\":750,\"publisher\":{\"@id\":\"https:\\\/\\\/transamerica93.com.br\\\/home\\\/#organization\"},\"image\":{\"@id\":\"https:\\\/\\\/transamerica93.com.br\\\/home\\\/familia-de-maguila-doa-cerebro-de-ex-pugilista-para-estudo\\\/#primaryimage\"},\"thumbnailUrl\":\"https:\\\/\\\/transamerica93.com.br\\\/home\\\/wp-content\\\/uploads\\\/2024\\\/10\\\/2-5.jpg\",\"articleSection\":[\"Esportes\"],\"inLanguage\":\"pt-BR\"},{\"@type\":\"WebPage\",\"@id\":\"https:\\\/\\\/transamerica93.com.br\\\/home\\\/familia-de-maguila-doa-cerebro-de-ex-pugilista-para-estudo\\\/\",\"url\":\"https:\\\/\\\/transamerica93.com.br\\\/home\\\/familia-de-maguila-doa-cerebro-de-ex-pugilista-para-estudo\\\/\",\"name\":\"Fam\u00edlia de Maguila doa c\u00e9rebro de ex-pugilista para estudo - Transam\u00e9rica Mococa 93,3\",\"isPartOf\":{\"@id\":\"https:\\\/\\\/transamerica93.com.br\\\/home\\\/#website\"},\"primaryImageOfPage\":{\"@id\":\"https:\\\/\\\/transamerica93.com.br\\\/home\\\/familia-de-maguila-doa-cerebro-de-ex-pugilista-para-estudo\\\/#primaryimage\"},\"image\":{\"@id\":\"https:\\\/\\\/transamerica93.com.br\\\/home\\\/familia-de-maguila-doa-cerebro-de-ex-pugilista-para-estudo\\\/#primaryimage\"},\"thumbnailUrl\":\"https:\\\/\\\/transamerica93.com.br\\\/home\\\/wp-content\\\/uploads\\\/2024\\\/10\\\/2-5.jpg\",\"datePublished\":\"2024-10-29T15:00:41+00:00\",\"breadcrumb\":{\"@id\":\"https:\\\/\\\/transamerica93.com.br\\\/home\\\/familia-de-maguila-doa-cerebro-de-ex-pugilista-para-estudo\\\/#breadcrumb\"},\"inLanguage\":\"pt-BR\",\"potentialAction\":[{\"@type\":\"ReadAction\",\"target\":[\"https:\\\/\\\/transamerica93.com.br\\\/home\\\/familia-de-maguila-doa-cerebro-de-ex-pugilista-para-estudo\\\/\"]}]},{\"@type\":\"ImageObject\",\"inLanguage\":\"pt-BR\",\"@id\":\"https:\\\/\\\/transamerica93.com.br\\\/home\\\/familia-de-maguila-doa-cerebro-de-ex-pugilista-para-estudo\\\/#primaryimage\",\"url\":\"https:\\\/\\\/transamerica93.com.br\\\/home\\\/wp-content\\\/uploads\\\/2024\\\/10\\\/2-5.jpg\",\"contentUrl\":\"https:\\\/\\\/transamerica93.com.br\\\/home\\\/wp-content\\\/uploads\\\/2024\\\/10\\\/2-5.jpg\",\"width\":1170,\"height\":700,\"caption\":\"\u00a9 Paulo Pinto\\\/Ag\u00eancia Brasil\"},{\"@type\":\"BreadcrumbList\",\"@id\":\"https:\\\/\\\/transamerica93.com.br\\\/home\\\/familia-de-maguila-doa-cerebro-de-ex-pugilista-para-estudo\\\/#breadcrumb\",\"itemListElement\":[{\"@type\":\"ListItem\",\"position\":1,\"name\":\"In\u00edcio\",\"item\":\"https:\\\/\\\/transamerica93.com.br\\\/home\\\/\"},{\"@type\":\"ListItem\",\"position\":2,\"name\":\"Fam\u00edlia de Maguila doa c\u00e9rebro de ex-pugilista para estudo\"}]},{\"@type\":\"WebSite\",\"@id\":\"https:\\\/\\\/transamerica93.com.br\\\/home\\\/#website\",\"url\":\"https:\\\/\\\/transamerica93.com.br\\\/home\\\/\",\"name\":\"Transam\u00e9rica Mococa 93,3\",\"description\":\"\",\"publisher\":{\"@id\":\"https:\\\/\\\/transamerica93.com.br\\\/home\\\/#organization\"},\"potentialAction\":[{\"@type\":\"SearchAction\",\"target\":{\"@type\":\"EntryPoint\",\"urlTemplate\":\"https:\\\/\\\/transamerica93.com.br\\\/home\\\/?s={search_term_string}\"},\"query-input\":{\"@type\":\"PropertyValueSpecification\",\"valueRequired\":true,\"valueName\":\"search_term_string\"}}],\"inLanguage\":\"pt-BR\"},{\"@type\":\"Organization\",\"@id\":\"https:\\\/\\\/transamerica93.com.br\\\/home\\\/#organization\",\"name\":\"Transam\u00e9rica Mococa 93,3\",\"url\":\"https:\\\/\\\/transamerica93.com.br\\\/home\\\/\",\"logo\":{\"@type\":\"ImageObject\",\"inLanguage\":\"pt-BR\",\"@id\":\"https:\\\/\\\/transamerica93.com.br\\\/home\\\/#\\\/schema\\\/logo\\\/image\\\/\",\"url\":\"https:\\\/\\\/transamerica93.com.br\\\/home\\\/wp-content\\\/uploads\\\/2023\\\/10\\\/logo2.png\",\"contentUrl\":\"https:\\\/\\\/transamerica93.com.br\\\/home\\\/wp-content\\\/uploads\\\/2023\\\/10\\\/logo2.png\",\"width\":800,\"height\":500,\"caption\":\"Transam\u00e9rica Mococa 93,3\"},\"image\":{\"@id\":\"https:\\\/\\\/transamerica93.com.br\\\/home\\\/#\\\/schema\\\/logo\\\/image\\\/\"},\"sameAs\":[\"https:\\\/\\\/www.facebook.com\\\/transamericamococa\",\"https:\\\/\\\/x.com\\\/transamerica933\",\"https:\\\/\\\/www.instagram.com\\\/transamericamococa\"]},{\"@type\":\"Person\",\"@id\":\"https:\\\/\\\/transamerica93.com.br\\\/home\\\/#\\\/schema\\\/person\\\/7fed7c99c0d4562efa8561bc0f543172\",\"name\":\"Reda\u00e7\u00e3o\",\"image\":{\"@type\":\"ImageObject\",\"inLanguage\":\"pt-BR\",\"@id\":\"https:\\\/\\\/secure.gravatar.com\\\/avatar\\\/1072c6b775fb02ef8506ce967551d95926669a6b7d2c2147b42eea4d7c68395e?s=96&d=mm&r=g\",\"url\":\"https:\\\/\\\/secure.gravatar.com\\\/avatar\\\/1072c6b775fb02ef8506ce967551d95926669a6b7d2c2147b42eea4d7c68395e?s=96&d=mm&r=g\",\"contentUrl\":\"https:\\\/\\\/secure.gravatar.com\\\/avatar\\\/1072c6b775fb02ef8506ce967551d95926669a6b7d2c2147b42eea4d7c68395e?s=96&d=mm&r=g\",\"caption\":\"Reda\u00e7\u00e3o\"},\"sameAs\":[\"https:\\\/\\\/transamerica93.com.br\\\/home\"],\"url\":\"https:\\\/\\\/transamerica93.com.br\\\/home\\\/author\\\/william\\\/\"}]}<\/script>\n<!-- \/ Yoast SEO plugin. -->","yoast_head_json":{"title":"Fam\u00edlia de Maguila doa c\u00e9rebro de ex-pugilista para estudo - Transam\u00e9rica Mococa 93,3","robots":{"index":"index","follow":"follow","max-snippet":"max-snippet:-1","max-image-preview":"max-image-preview:large","max-video-preview":"max-video-preview:-1"},"canonical":"https:\/\/transamerica93.com.br\/home\/familia-de-maguila-doa-cerebro-de-ex-pugilista-para-estudo\/","og_locale":"pt_BR","og_type":"article","og_title":"Fam\u00edlia de Maguila doa c\u00e9rebro de ex-pugilista para estudo - Transam\u00e9rica Mococa 93,3","og_description":"A Faculdade de Medicina da Universidade de S\u00e3o Paulo (FMUSP) confirmou que recebeu o c\u00e9rebro do ex-pugilista Jos\u00e9 Adilson Rodrigues dos Santos, o Maguila, para estudos sobre a Encefalopatia Traum\u00e1tica Cr\u00f4nica (ETC). A doen\u00e7a com a qual o ex-atleta conviveu por 18 anos \u00e9 degenerativa e afeta as c\u00e9lulas cerebrais por meio de impactos repetidos &hellip;","og_url":"https:\/\/transamerica93.com.br\/home\/familia-de-maguila-doa-cerebro-de-ex-pugilista-para-estudo\/","og_site_name":"Transam\u00e9rica Mococa 93,3","article_publisher":"https:\/\/www.facebook.com\/transamericamococa","article_published_time":"2024-10-29T15:00:41+00:00","og_image":[{"width":1170,"height":700,"url":"https:\/\/transamerica93.com.br\/home\/wp-content\/uploads\/2024\/10\/2-5.jpg","type":"image\/jpeg"}],"author":"Reda\u00e7\u00e3o","twitter_card":"summary_large_image","twitter_creator":"@transamerica933","twitter_site":"@transamerica933","twitter_misc":{"Escrito por":"Reda\u00e7\u00e3o","Est. tempo de leitura":"5 minutos"},"schema":{"@context":"https:\/\/schema.org","@graph":[{"@type":"Article","@id":"https:\/\/transamerica93.com.br\/home\/familia-de-maguila-doa-cerebro-de-ex-pugilista-para-estudo\/#article","isPartOf":{"@id":"https:\/\/transamerica93.com.br\/home\/familia-de-maguila-doa-cerebro-de-ex-pugilista-para-estudo\/"},"author":{"name":"Reda\u00e7\u00e3o","@id":"https:\/\/transamerica93.com.br\/home\/#\/schema\/person\/7fed7c99c0d4562efa8561bc0f543172"},"headline":"Fam\u00edlia de Maguila doa c\u00e9rebro de ex-pugilista para estudo","datePublished":"2024-10-29T15:00:41+00:00","mainEntityOfPage":{"@id":"https:\/\/transamerica93.com.br\/home\/familia-de-maguila-doa-cerebro-de-ex-pugilista-para-estudo\/"},"wordCount":750,"publisher":{"@id":"https:\/\/transamerica93.com.br\/home\/#organization"},"image":{"@id":"https:\/\/transamerica93.com.br\/home\/familia-de-maguila-doa-cerebro-de-ex-pugilista-para-estudo\/#primaryimage"},"thumbnailUrl":"https:\/\/transamerica93.com.br\/home\/wp-content\/uploads\/2024\/10\/2-5.jpg","articleSection":["Esportes"],"inLanguage":"pt-BR"},{"@type":"WebPage","@id":"https:\/\/transamerica93.com.br\/home\/familia-de-maguila-doa-cerebro-de-ex-pugilista-para-estudo\/","url":"https:\/\/transamerica93.com.br\/home\/familia-de-maguila-doa-cerebro-de-ex-pugilista-para-estudo\/","name":"Fam\u00edlia de Maguila doa c\u00e9rebro de ex-pugilista para estudo - Transam\u00e9rica Mococa 93,3","isPartOf":{"@id":"https:\/\/transamerica93.com.br\/home\/#website"},"primaryImageOfPage":{"@id":"https:\/\/transamerica93.com.br\/home\/familia-de-maguila-doa-cerebro-de-ex-pugilista-para-estudo\/#primaryimage"},"image":{"@id":"https:\/\/transamerica93.com.br\/home\/familia-de-maguila-doa-cerebro-de-ex-pugilista-para-estudo\/#primaryimage"},"thumbnailUrl":"https:\/\/transamerica93.com.br\/home\/wp-content\/uploads\/2024\/10\/2-5.jpg","datePublished":"2024-10-29T15:00:41+00:00","breadcrumb":{"@id":"https:\/\/transamerica93.com.br\/home\/familia-de-maguila-doa-cerebro-de-ex-pugilista-para-estudo\/#breadcrumb"},"inLanguage":"pt-BR","potentialAction":[{"@type":"ReadAction","target":["https:\/\/transamerica93.com.br\/home\/familia-de-maguila-doa-cerebro-de-ex-pugilista-para-estudo\/"]}]},{"@type":"ImageObject","inLanguage":"pt-BR","@id":"https:\/\/transamerica93.com.br\/home\/familia-de-maguila-doa-cerebro-de-ex-pugilista-para-estudo\/#primaryimage","url":"https:\/\/transamerica93.com.br\/home\/wp-content\/uploads\/2024\/10\/2-5.jpg","contentUrl":"https:\/\/transamerica93.com.br\/home\/wp-content\/uploads\/2024\/10\/2-5.jpg","width":1170,"height":700,"caption":"\u00a9 Paulo Pinto\/Ag\u00eancia Brasil"},{"@type":"BreadcrumbList","@id":"https:\/\/transamerica93.com.br\/home\/familia-de-maguila-doa-cerebro-de-ex-pugilista-para-estudo\/#breadcrumb","itemListElement":[{"@type":"ListItem","position":1,"name":"In\u00edcio","item":"https:\/\/transamerica93.com.br\/home\/"},{"@type":"ListItem","position":2,"name":"Fam\u00edlia de Maguila doa c\u00e9rebro de ex-pugilista para estudo"}]},{"@type":"WebSite","@id":"https:\/\/transamerica93.com.br\/home\/#website","url":"https:\/\/transamerica93.com.br\/home\/","name":"Transam\u00e9rica Mococa 93,3","description":"","publisher":{"@id":"https:\/\/transamerica93.com.br\/home\/#organization"},"potentialAction":[{"@type":"SearchAction","target":{"@type":"EntryPoint","urlTemplate":"https:\/\/transamerica93.com.br\/home\/?s={search_term_string}"},"query-input":{"@type":"PropertyValueSpecification","valueRequired":true,"valueName":"search_term_string"}}],"inLanguage":"pt-BR"},{"@type":"Organization","@id":"https:\/\/transamerica93.com.br\/home\/#organization","name":"Transam\u00e9rica Mococa 93,3","url":"https:\/\/transamerica93.com.br\/home\/","logo":{"@type":"ImageObject","inLanguage":"pt-BR","@id":"https:\/\/transamerica93.com.br\/home\/#\/schema\/logo\/image\/","url":"https:\/\/transamerica93.com.br\/home\/wp-content\/uploads\/2023\/10\/logo2.png","contentUrl":"https:\/\/transamerica93.com.br\/home\/wp-content\/uploads\/2023\/10\/logo2.png","width":800,"height":500,"caption":"Transam\u00e9rica Mococa 93,3"},"image":{"@id":"https:\/\/transamerica93.com.br\/home\/#\/schema\/logo\/image\/"},"sameAs":["https:\/\/www.facebook.com\/transamericamococa","https:\/\/x.com\/transamerica933","https:\/\/www.instagram.com\/transamericamococa"]},{"@type":"Person","@id":"https:\/\/transamerica93.com.br\/home\/#\/schema\/person\/7fed7c99c0d4562efa8561bc0f543172","name":"Reda\u00e7\u00e3o","image":{"@type":"ImageObject","inLanguage":"pt-BR","@id":"https:\/\/secure.gravatar.com\/avatar\/1072c6b775fb02ef8506ce967551d95926669a6b7d2c2147b42eea4d7c68395e?s=96&d=mm&r=g","url":"https:\/\/secure.gravatar.com\/avatar\/1072c6b775fb02ef8506ce967551d95926669a6b7d2c2147b42eea4d7c68395e?s=96&d=mm&r=g","contentUrl":"https:\/\/secure.gravatar.com\/avatar\/1072c6b775fb02ef8506ce967551d95926669a6b7d2c2147b42eea4d7c68395e?s=96&d=mm&r=g","caption":"Reda\u00e7\u00e3o"},"sameAs":["https:\/\/transamerica93.com.br\/home"],"url":"https:\/\/transamerica93.com.br\/home\/author\/william\/"}]}},"_links":{"self":[{"href":"https:\/\/transamerica93.com.br\/home\/wp-json\/wp\/v2\/posts\/4043","targetHints":{"allow":["GET"]}}],"collection":[{"href":"https:\/\/transamerica93.com.br\/home\/wp-json\/wp\/v2\/posts"}],"about":[{"href":"https:\/\/transamerica93.com.br\/home\/wp-json\/wp\/v2\/types\/post"}],"author":[{"embeddable":true,"href":"https:\/\/transamerica93.com.br\/home\/wp-json\/wp\/v2\/users\/1"}],"replies":[{"embeddable":true,"href":"https:\/\/transamerica93.com.br\/home\/wp-json\/wp\/v2\/comments?post=4043"}],"version-history":[{"count":1,"href":"https:\/\/transamerica93.com.br\/home\/wp-json\/wp\/v2\/posts\/4043\/revisions"}],"predecessor-version":[{"id":4044,"href":"https:\/\/transamerica93.com.br\/home\/wp-json\/wp\/v2\/posts\/4043\/revisions\/4044"}],"wp:featuredmedia":[{"embeddable":true,"href":"https:\/\/transamerica93.com.br\/home\/wp-json\/wp\/v2\/media\/4038"}],"wp:attachment":[{"href":"https:\/\/transamerica93.com.br\/home\/wp-json\/wp\/v2\/media?parent=4043"}],"wp:term":[{"taxonomy":"category","embeddable":true,"href":"https:\/\/transamerica93.com.br\/home\/wp-json\/wp\/v2\/categories?post=4043"},{"taxonomy":"post_tag","embeddable":true,"href":"https:\/\/transamerica93.com.br\/home\/wp-json\/wp\/v2\/tags?post=4043"}],"curies":[{"name":"wp","href":"https:\/\/api.w.org\/{rel}","templated":true}]}}