{"id":4115,"date":"2024-11-28T09:00:52","date_gmt":"2024-11-28T12:00:52","guid":{"rendered":"https:\/\/transamerica93.com.br\/home\/?p=4115"},"modified":"2024-11-20T08:39:03","modified_gmt":"2024-11-20T11:39:03","slug":"empregos-ligados-a-tecnologia-cresceram-95-em-10-anos-diz-pesquisa","status":"publish","type":"post","link":"https:\/\/transamerica93.com.br\/home\/empregos-ligados-a-tecnologia-cresceram-95-em-10-anos-diz-pesquisa\/","title":{"rendered":"Empregos ligados \u00e0 tecnologia cresceram 95% em 10 anos, diz pesquisa"},"content":{"rendered":"<div class=\"conteudo-noticia\">\n<p>Estudo produzido pela\u00a0Federa\u00e7\u00e3o do Com\u00e9rcio de Bens, Servi\u00e7os e Turismo do Estado de S\u00e3o Paulo (FecomercioSP) mostra que o n\u00famero de empregos de profiss\u00f5es ligadas \u00e0 tecnologia aumentou 95% em dez anos, de 2012 a 2022. A maior varia\u00e7\u00e3o foi para engenheiro de sistemas operacionais em computa\u00e7\u00e3o, que apresentou eleva\u00e7\u00e3o de 741,2% na quantidade de v\u00ednculos de emprego no per\u00edodo.<img decoding=\"async\" data-src=\"https:\/\/agenciabrasil.ebc.com.br\/ebc.png?id=1620403&amp;o=node\" src=\"data:image\/svg+xml;base64,PHN2ZyB3aWR0aD0iMSIgaGVpZ2h0PSIxIiB4bWxucz0iaHR0cDovL3d3dy53My5vcmcvMjAwMC9zdmciPjwvc3ZnPg==\" class=\"lazyload\" \/><img decoding=\"async\" data-src=\"https:\/\/agenciabrasil.ebc.com.br\/ebc.gif?id=1620403&amp;o=node\" src=\"data:image\/svg+xml;base64,PHN2ZyB3aWR0aD0iMSIgaGVpZ2h0PSIxIiB4bWxucz0iaHR0cDovL3d3dy53My5vcmcvMjAwMC9zdmciPjwvc3ZnPg==\" class=\"lazyload\" \/><\/p>\n<p>A pesquisa foi feita com base nos dados da Rela\u00e7\u00e3o Anual de Informa\u00e7\u00f5es Sociais (Rais), do Minist\u00e9rio do Trabalho e Emprego, e analisou 30 ocupa\u00e7\u00f5es ligadas \u00e0 tecnologia que avan\u00e7aram no mercado de trabalho brasileiro.<\/p>\n<p>Tamb\u00e9m obtiveram crescimento expressivo as ocupa\u00e7\u00f5es de tecn\u00f3logo em gest\u00e3o de TI (450,7%), pesquisador em ci\u00eancias da computa\u00e7\u00e3o e inform\u00e1tica (579,3%), seguidas de engenheiro de aplicativos em computa\u00e7\u00e3o (258%) e t\u00e9cnico de planejamento e programa\u00e7\u00e3o da manuten\u00e7\u00e3o (191,2%).<\/p>\n<p>Considerando as oscila\u00e7\u00f5es em n\u00fameros absolutos, as fun\u00e7\u00f5es ligadas \u00e0 tecnologia que tiveram maior crescimento na quantidade de empregos foram: analista de desenvolvimento de sistemas (117.046 v\u00ednculos); programador de sistemas de informa\u00e7\u00e3o (72.332); t\u00e9cnico de apoio ao usu\u00e1rio de internet (36.372); analista de suporte computacional (32.536); e instalador-reparador de redes telef\u00f4nicas e de comunica\u00e7\u00e3o de dados (24.838).<\/p>\n<p>Em 2012, o conjunto das 30 profiss\u00f5es ligadas \u00e0 tecnologia analisadas na pesquisa tinha cerca de 445 mil v\u00ednculos de trabalho. J\u00e1 em 2022, o grupo atingiu chegou a 868,1 mil postos de trabalho, representando uma alta de 95%.<\/p>\n<p>\u201cA tecnologia pode e vai gerar muito mais transforma\u00e7\u00f5es econ\u00f4micas e sociais, bem como no mercado laboral. Mas isso vai depender tamb\u00e9m dos n\u00edveis de digitaliza\u00e7\u00e3o do mercado consumidor, do rol empresarial e da for\u00e7a de trabalho. Isso passa pela sustentabilidade financeira de cada um desses agentes, mas tamb\u00e9m de ambientes econ\u00f4mico, trabalhista, tribut\u00e1rio, social e de regula\u00e7\u00e3o mais favor\u00e1veis \u00e0 absor\u00e7\u00e3o da pr\u00f3pria inova\u00e7\u00e3o\u201d, disse Jaime Vasconcellos, da FecomercioSP.<\/p>\n<\/div>\n<div class=\"footer-noticia\">\n<div class=\"editor rowflex\">Edi\u00e7\u00e3o: Denise Griesinger<\/div>\n<\/div>\n","protected":false},"excerpt":{"rendered":"<p>Estudo produzido pela\u00a0Federa\u00e7\u00e3o do Com\u00e9rcio de Bens, Servi\u00e7os e Turismo do Estado de S\u00e3o Paulo (FecomercioSP) mostra que o n\u00famero de empregos de profiss\u00f5es ligadas \u00e0 tecnologia aumentou 95% em dez anos, de 2012 a 2022. A maior varia\u00e7\u00e3o foi para engenheiro de sistemas operacionais em computa\u00e7\u00e3o, que apresentou eleva\u00e7\u00e3o de 741,2% na quantidade de &hellip;<\/p>\n","protected":false},"author":1,"featured_media":4116,"comment_status":"closed","ping_status":"closed","sticky":false,"template":"","format":"standard","meta":{"footnotes":""},"categories":[30],"tags":[],"class_list":["post-4115","post","type-post","status-publish","format-standard","has-post-thumbnail","hentry","category-geral"],"yoast_head":"<!-- This site is optimized with the Yoast SEO plugin v27.4 - https:\/\/yoast.com\/product\/yoast-seo-wordpress\/ -->\n<title>Empregos ligados \u00e0 tecnologia cresceram 95% em 10 anos, diz pesquisa - Transam\u00e9rica Mococa 93,3<\/title>\n<meta name=\"robots\" content=\"index, follow, max-snippet:-1, max-image-preview:large, max-video-preview:-1\" \/>\n<link rel=\"canonical\" href=\"https:\/\/transamerica93.com.br\/home\/empregos-ligados-a-tecnologia-cresceram-95-em-10-anos-diz-pesquisa\/\" \/>\n<meta property=\"og:locale\" content=\"pt_BR\" \/>\n<meta property=\"og:type\" content=\"article\" \/>\n<meta property=\"og:title\" content=\"Empregos ligados \u00e0 tecnologia cresceram 95% em 10 anos, diz pesquisa - Transam\u00e9rica Mococa 93,3\" \/>\n<meta property=\"og:description\" content=\"Estudo produzido pela\u00a0Federa\u00e7\u00e3o do Com\u00e9rcio de Bens, Servi\u00e7os e Turismo do Estado de S\u00e3o Paulo (FecomercioSP) mostra que o n\u00famero de empregos de profiss\u00f5es ligadas \u00e0 tecnologia aumentou 95% em dez anos, de 2012 a 2022. A maior varia\u00e7\u00e3o foi para engenheiro de sistemas operacionais em computa\u00e7\u00e3o, que apresentou eleva\u00e7\u00e3o de 741,2% na quantidade de &hellip;\" \/>\n<meta property=\"og:url\" content=\"https:\/\/transamerica93.com.br\/home\/empregos-ligados-a-tecnologia-cresceram-95-em-10-anos-diz-pesquisa\/\" \/>\n<meta property=\"og:site_name\" content=\"Transam\u00e9rica Mococa 93,3\" \/>\n<meta property=\"article:publisher\" content=\"https:\/\/www.facebook.com\/transamericamococa\" \/>\n<meta property=\"article:published_time\" content=\"2024-11-28T12:00:52+00:00\" \/>\n<meta property=\"og:image\" content=\"https:\/\/transamerica93.com.br\/home\/wp-content\/uploads\/2024\/11\/Untitled-11.jpg\" \/>\n\t<meta property=\"og:image:width\" content=\"1170\" \/>\n\t<meta property=\"og:image:height\" content=\"700\" \/>\n\t<meta property=\"og:image:type\" content=\"image\/jpeg\" \/>\n<meta name=\"author\" content=\"Reda\u00e7\u00e3o\" \/>\n<meta name=\"twitter:card\" content=\"summary_large_image\" \/>\n<meta name=\"twitter:creator\" content=\"@transamerica933\" \/>\n<meta name=\"twitter:site\" content=\"@transamerica933\" \/>\n<meta name=\"twitter:label1\" content=\"Escrito por\" \/>\n\t<meta name=\"twitter:data1\" content=\"Reda\u00e7\u00e3o\" \/>\n\t<meta name=\"twitter:label2\" content=\"Est. tempo de leitura\" \/>\n\t<meta name=\"twitter:data2\" content=\"3 minutos\" \/>\n<script type=\"application\/ld+json\" class=\"yoast-schema-graph\">{\"@context\":\"https:\\\/\\\/schema.org\",\"@graph\":[{\"@type\":\"Article\",\"@id\":\"https:\\\/\\\/transamerica93.com.br\\\/home\\\/empregos-ligados-a-tecnologia-cresceram-95-em-10-anos-diz-pesquisa\\\/#article\",\"isPartOf\":{\"@id\":\"https:\\\/\\\/transamerica93.com.br\\\/home\\\/empregos-ligados-a-tecnologia-cresceram-95-em-10-anos-diz-pesquisa\\\/\"},\"author\":{\"name\":\"Reda\u00e7\u00e3o\",\"@id\":\"https:\\\/\\\/transamerica93.com.br\\\/home\\\/#\\\/schema\\\/person\\\/7fed7c99c0d4562efa8561bc0f543172\"},\"headline\":\"Empregos ligados \u00e0 tecnologia cresceram 95% em 10 anos, diz pesquisa\",\"datePublished\":\"2024-11-28T12:00:52+00:00\",\"mainEntityOfPage\":{\"@id\":\"https:\\\/\\\/transamerica93.com.br\\\/home\\\/empregos-ligados-a-tecnologia-cresceram-95-em-10-anos-diz-pesquisa\\\/\"},\"wordCount\":339,\"publisher\":{\"@id\":\"https:\\\/\\\/transamerica93.com.br\\\/home\\\/#organization\"},\"image\":{\"@id\":\"https:\\\/\\\/transamerica93.com.br\\\/home\\\/empregos-ligados-a-tecnologia-cresceram-95-em-10-anos-diz-pesquisa\\\/#primaryimage\"},\"thumbnailUrl\":\"https:\\\/\\\/transamerica93.com.br\\\/home\\\/wp-content\\\/uploads\\\/2024\\\/11\\\/Untitled-11.jpg\",\"articleSection\":[\"Geral\"],\"inLanguage\":\"pt-BR\"},{\"@type\":\"WebPage\",\"@id\":\"https:\\\/\\\/transamerica93.com.br\\\/home\\\/empregos-ligados-a-tecnologia-cresceram-95-em-10-anos-diz-pesquisa\\\/\",\"url\":\"https:\\\/\\\/transamerica93.com.br\\\/home\\\/empregos-ligados-a-tecnologia-cresceram-95-em-10-anos-diz-pesquisa\\\/\",\"name\":\"Empregos ligados \u00e0 tecnologia cresceram 95% em 10 anos, diz pesquisa - Transam\u00e9rica Mococa 93,3\",\"isPartOf\":{\"@id\":\"https:\\\/\\\/transamerica93.com.br\\\/home\\\/#website\"},\"primaryImageOfPage\":{\"@id\":\"https:\\\/\\\/transamerica93.com.br\\\/home\\\/empregos-ligados-a-tecnologia-cresceram-95-em-10-anos-diz-pesquisa\\\/#primaryimage\"},\"image\":{\"@id\":\"https:\\\/\\\/transamerica93.com.br\\\/home\\\/empregos-ligados-a-tecnologia-cresceram-95-em-10-anos-diz-pesquisa\\\/#primaryimage\"},\"thumbnailUrl\":\"https:\\\/\\\/transamerica93.com.br\\\/home\\\/wp-content\\\/uploads\\\/2024\\\/11\\\/Untitled-11.jpg\",\"datePublished\":\"2024-11-28T12:00:52+00:00\",\"breadcrumb\":{\"@id\":\"https:\\\/\\\/transamerica93.com.br\\\/home\\\/empregos-ligados-a-tecnologia-cresceram-95-em-10-anos-diz-pesquisa\\\/#breadcrumb\"},\"inLanguage\":\"pt-BR\",\"potentialAction\":[{\"@type\":\"ReadAction\",\"target\":[\"https:\\\/\\\/transamerica93.com.br\\\/home\\\/empregos-ligados-a-tecnologia-cresceram-95-em-10-anos-diz-pesquisa\\\/\"]}]},{\"@type\":\"ImageObject\",\"inLanguage\":\"pt-BR\",\"@id\":\"https:\\\/\\\/transamerica93.com.br\\\/home\\\/empregos-ligados-a-tecnologia-cresceram-95-em-10-anos-diz-pesquisa\\\/#primaryimage\",\"url\":\"https:\\\/\\\/transamerica93.com.br\\\/home\\\/wp-content\\\/uploads\\\/2024\\\/11\\\/Untitled-11.jpg\",\"contentUrl\":\"https:\\\/\\\/transamerica93.com.br\\\/home\\\/wp-content\\\/uploads\\\/2024\\\/11\\\/Untitled-11.jpg\",\"width\":1170,\"height\":700,\"caption\":\"\u00a9 Ac\u00e1cio Pinheiro\\\/Ag\u00eancia Bras\u00ed\"},{\"@type\":\"BreadcrumbList\",\"@id\":\"https:\\\/\\\/transamerica93.com.br\\\/home\\\/empregos-ligados-a-tecnologia-cresceram-95-em-10-anos-diz-pesquisa\\\/#breadcrumb\",\"itemListElement\":[{\"@type\":\"ListItem\",\"position\":1,\"name\":\"In\u00edcio\",\"item\":\"https:\\\/\\\/transamerica93.com.br\\\/home\\\/\"},{\"@type\":\"ListItem\",\"position\":2,\"name\":\"Empregos ligados \u00e0 tecnologia cresceram 95% em 10 anos, diz pesquisa\"}]},{\"@type\":\"WebSite\",\"@id\":\"https:\\\/\\\/transamerica93.com.br\\\/home\\\/#website\",\"url\":\"https:\\\/\\\/transamerica93.com.br\\\/home\\\/\",\"name\":\"Transam\u00e9rica Mococa 93,3\",\"description\":\"\",\"publisher\":{\"@id\":\"https:\\\/\\\/transamerica93.com.br\\\/home\\\/#organization\"},\"potentialAction\":[{\"@type\":\"SearchAction\",\"target\":{\"@type\":\"EntryPoint\",\"urlTemplate\":\"https:\\\/\\\/transamerica93.com.br\\\/home\\\/?s={search_term_string}\"},\"query-input\":{\"@type\":\"PropertyValueSpecification\",\"valueRequired\":true,\"valueName\":\"search_term_string\"}}],\"inLanguage\":\"pt-BR\"},{\"@type\":\"Organization\",\"@id\":\"https:\\\/\\\/transamerica93.com.br\\\/home\\\/#organization\",\"name\":\"Transam\u00e9rica Mococa 93,3\",\"url\":\"https:\\\/\\\/transamerica93.com.br\\\/home\\\/\",\"logo\":{\"@type\":\"ImageObject\",\"inLanguage\":\"pt-BR\",\"@id\":\"https:\\\/\\\/transamerica93.com.br\\\/home\\\/#\\\/schema\\\/logo\\\/image\\\/\",\"url\":\"https:\\\/\\\/transamerica93.com.br\\\/home\\\/wp-content\\\/uploads\\\/2023\\\/10\\\/logo2.png\",\"contentUrl\":\"https:\\\/\\\/transamerica93.com.br\\\/home\\\/wp-content\\\/uploads\\\/2023\\\/10\\\/logo2.png\",\"width\":800,\"height\":500,\"caption\":\"Transam\u00e9rica Mococa 93,3\"},\"image\":{\"@id\":\"https:\\\/\\\/transamerica93.com.br\\\/home\\\/#\\\/schema\\\/logo\\\/image\\\/\"},\"sameAs\":[\"https:\\\/\\\/www.facebook.com\\\/transamericamococa\",\"https:\\\/\\\/x.com\\\/transamerica933\",\"https:\\\/\\\/www.instagram.com\\\/transamericamococa\"]},{\"@type\":\"Person\",\"@id\":\"https:\\\/\\\/transamerica93.com.br\\\/home\\\/#\\\/schema\\\/person\\\/7fed7c99c0d4562efa8561bc0f543172\",\"name\":\"Reda\u00e7\u00e3o\",\"image\":{\"@type\":\"ImageObject\",\"inLanguage\":\"pt-BR\",\"@id\":\"https:\\\/\\\/secure.gravatar.com\\\/avatar\\\/1072c6b775fb02ef8506ce967551d95926669a6b7d2c2147b42eea4d7c68395e?s=96&d=mm&r=g\",\"url\":\"https:\\\/\\\/secure.gravatar.com\\\/avatar\\\/1072c6b775fb02ef8506ce967551d95926669a6b7d2c2147b42eea4d7c68395e?s=96&d=mm&r=g\",\"contentUrl\":\"https:\\\/\\\/secure.gravatar.com\\\/avatar\\\/1072c6b775fb02ef8506ce967551d95926669a6b7d2c2147b42eea4d7c68395e?s=96&d=mm&r=g\",\"caption\":\"Reda\u00e7\u00e3o\"},\"sameAs\":[\"https:\\\/\\\/transamerica93.com.br\\\/home\"],\"url\":\"https:\\\/\\\/transamerica93.com.br\\\/home\\\/author\\\/william\\\/\"}]}<\/script>\n<!-- \/ Yoast SEO plugin. -->","yoast_head_json":{"title":"Empregos ligados \u00e0 tecnologia cresceram 95% em 10 anos, diz pesquisa - Transam\u00e9rica Mococa 93,3","robots":{"index":"index","follow":"follow","max-snippet":"max-snippet:-1","max-image-preview":"max-image-preview:large","max-video-preview":"max-video-preview:-1"},"canonical":"https:\/\/transamerica93.com.br\/home\/empregos-ligados-a-tecnologia-cresceram-95-em-10-anos-diz-pesquisa\/","og_locale":"pt_BR","og_type":"article","og_title":"Empregos ligados \u00e0 tecnologia cresceram 95% em 10 anos, diz pesquisa - Transam\u00e9rica Mococa 93,3","og_description":"Estudo produzido pela\u00a0Federa\u00e7\u00e3o do Com\u00e9rcio de Bens, Servi\u00e7os e Turismo do Estado de S\u00e3o Paulo (FecomercioSP) mostra que o n\u00famero de empregos de profiss\u00f5es ligadas \u00e0 tecnologia aumentou 95% em dez anos, de 2012 a 2022. A maior varia\u00e7\u00e3o foi para engenheiro de sistemas operacionais em computa\u00e7\u00e3o, que apresentou eleva\u00e7\u00e3o de 741,2% na quantidade de &hellip;","og_url":"https:\/\/transamerica93.com.br\/home\/empregos-ligados-a-tecnologia-cresceram-95-em-10-anos-diz-pesquisa\/","og_site_name":"Transam\u00e9rica Mococa 93,3","article_publisher":"https:\/\/www.facebook.com\/transamericamococa","article_published_time":"2024-11-28T12:00:52+00:00","og_image":[{"width":1170,"height":700,"url":"https:\/\/transamerica93.com.br\/home\/wp-content\/uploads\/2024\/11\/Untitled-11.jpg","type":"image\/jpeg"}],"author":"Reda\u00e7\u00e3o","twitter_card":"summary_large_image","twitter_creator":"@transamerica933","twitter_site":"@transamerica933","twitter_misc":{"Escrito por":"Reda\u00e7\u00e3o","Est. tempo de leitura":"3 minutos"},"schema":{"@context":"https:\/\/schema.org","@graph":[{"@type":"Article","@id":"https:\/\/transamerica93.com.br\/home\/empregos-ligados-a-tecnologia-cresceram-95-em-10-anos-diz-pesquisa\/#article","isPartOf":{"@id":"https:\/\/transamerica93.com.br\/home\/empregos-ligados-a-tecnologia-cresceram-95-em-10-anos-diz-pesquisa\/"},"author":{"name":"Reda\u00e7\u00e3o","@id":"https:\/\/transamerica93.com.br\/home\/#\/schema\/person\/7fed7c99c0d4562efa8561bc0f543172"},"headline":"Empregos ligados \u00e0 tecnologia cresceram 95% em 10 anos, diz pesquisa","datePublished":"2024-11-28T12:00:52+00:00","mainEntityOfPage":{"@id":"https:\/\/transamerica93.com.br\/home\/empregos-ligados-a-tecnologia-cresceram-95-em-10-anos-diz-pesquisa\/"},"wordCount":339,"publisher":{"@id":"https:\/\/transamerica93.com.br\/home\/#organization"},"image":{"@id":"https:\/\/transamerica93.com.br\/home\/empregos-ligados-a-tecnologia-cresceram-95-em-10-anos-diz-pesquisa\/#primaryimage"},"thumbnailUrl":"https:\/\/transamerica93.com.br\/home\/wp-content\/uploads\/2024\/11\/Untitled-11.jpg","articleSection":["Geral"],"inLanguage":"pt-BR"},{"@type":"WebPage","@id":"https:\/\/transamerica93.com.br\/home\/empregos-ligados-a-tecnologia-cresceram-95-em-10-anos-diz-pesquisa\/","url":"https:\/\/transamerica93.com.br\/home\/empregos-ligados-a-tecnologia-cresceram-95-em-10-anos-diz-pesquisa\/","name":"Empregos ligados \u00e0 tecnologia cresceram 95% em 10 anos, diz pesquisa - Transam\u00e9rica Mococa 93,3","isPartOf":{"@id":"https:\/\/transamerica93.com.br\/home\/#website"},"primaryImageOfPage":{"@id":"https:\/\/transamerica93.com.br\/home\/empregos-ligados-a-tecnologia-cresceram-95-em-10-anos-diz-pesquisa\/#primaryimage"},"image":{"@id":"https:\/\/transamerica93.com.br\/home\/empregos-ligados-a-tecnologia-cresceram-95-em-10-anos-diz-pesquisa\/#primaryimage"},"thumbnailUrl":"https:\/\/transamerica93.com.br\/home\/wp-content\/uploads\/2024\/11\/Untitled-11.jpg","datePublished":"2024-11-28T12:00:52+00:00","breadcrumb":{"@id":"https:\/\/transamerica93.com.br\/home\/empregos-ligados-a-tecnologia-cresceram-95-em-10-anos-diz-pesquisa\/#breadcrumb"},"inLanguage":"pt-BR","potentialAction":[{"@type":"ReadAction","target":["https:\/\/transamerica93.com.br\/home\/empregos-ligados-a-tecnologia-cresceram-95-em-10-anos-diz-pesquisa\/"]}]},{"@type":"ImageObject","inLanguage":"pt-BR","@id":"https:\/\/transamerica93.com.br\/home\/empregos-ligados-a-tecnologia-cresceram-95-em-10-anos-diz-pesquisa\/#primaryimage","url":"https:\/\/transamerica93.com.br\/home\/wp-content\/uploads\/2024\/11\/Untitled-11.jpg","contentUrl":"https:\/\/transamerica93.com.br\/home\/wp-content\/uploads\/2024\/11\/Untitled-11.jpg","width":1170,"height":700,"caption":"\u00a9 Ac\u00e1cio Pinheiro\/Ag\u00eancia Bras\u00ed"},{"@type":"BreadcrumbList","@id":"https:\/\/transamerica93.com.br\/home\/empregos-ligados-a-tecnologia-cresceram-95-em-10-anos-diz-pesquisa\/#breadcrumb","itemListElement":[{"@type":"ListItem","position":1,"name":"In\u00edcio","item":"https:\/\/transamerica93.com.br\/home\/"},{"@type":"ListItem","position":2,"name":"Empregos ligados \u00e0 tecnologia cresceram 95% em 10 anos, diz pesquisa"}]},{"@type":"WebSite","@id":"https:\/\/transamerica93.com.br\/home\/#website","url":"https:\/\/transamerica93.com.br\/home\/","name":"Transam\u00e9rica Mococa 93,3","description":"","publisher":{"@id":"https:\/\/transamerica93.com.br\/home\/#organization"},"potentialAction":[{"@type":"SearchAction","target":{"@type":"EntryPoint","urlTemplate":"https:\/\/transamerica93.com.br\/home\/?s={search_term_string}"},"query-input":{"@type":"PropertyValueSpecification","valueRequired":true,"valueName":"search_term_string"}}],"inLanguage":"pt-BR"},{"@type":"Organization","@id":"https:\/\/transamerica93.com.br\/home\/#organization","name":"Transam\u00e9rica Mococa 93,3","url":"https:\/\/transamerica93.com.br\/home\/","logo":{"@type":"ImageObject","inLanguage":"pt-BR","@id":"https:\/\/transamerica93.com.br\/home\/#\/schema\/logo\/image\/","url":"https:\/\/transamerica93.com.br\/home\/wp-content\/uploads\/2023\/10\/logo2.png","contentUrl":"https:\/\/transamerica93.com.br\/home\/wp-content\/uploads\/2023\/10\/logo2.png","width":800,"height":500,"caption":"Transam\u00e9rica Mococa 93,3"},"image":{"@id":"https:\/\/transamerica93.com.br\/home\/#\/schema\/logo\/image\/"},"sameAs":["https:\/\/www.facebook.com\/transamericamococa","https:\/\/x.com\/transamerica933","https:\/\/www.instagram.com\/transamericamococa"]},{"@type":"Person","@id":"https:\/\/transamerica93.com.br\/home\/#\/schema\/person\/7fed7c99c0d4562efa8561bc0f543172","name":"Reda\u00e7\u00e3o","image":{"@type":"ImageObject","inLanguage":"pt-BR","@id":"https:\/\/secure.gravatar.com\/avatar\/1072c6b775fb02ef8506ce967551d95926669a6b7d2c2147b42eea4d7c68395e?s=96&d=mm&r=g","url":"https:\/\/secure.gravatar.com\/avatar\/1072c6b775fb02ef8506ce967551d95926669a6b7d2c2147b42eea4d7c68395e?s=96&d=mm&r=g","contentUrl":"https:\/\/secure.gravatar.com\/avatar\/1072c6b775fb02ef8506ce967551d95926669a6b7d2c2147b42eea4d7c68395e?s=96&d=mm&r=g","caption":"Reda\u00e7\u00e3o"},"sameAs":["https:\/\/transamerica93.com.br\/home"],"url":"https:\/\/transamerica93.com.br\/home\/author\/william\/"}]}},"_links":{"self":[{"href":"https:\/\/transamerica93.com.br\/home\/wp-json\/wp\/v2\/posts\/4115","targetHints":{"allow":["GET"]}}],"collection":[{"href":"https:\/\/transamerica93.com.br\/home\/wp-json\/wp\/v2\/posts"}],"about":[{"href":"https:\/\/transamerica93.com.br\/home\/wp-json\/wp\/v2\/types\/post"}],"author":[{"embeddable":true,"href":"https:\/\/transamerica93.com.br\/home\/wp-json\/wp\/v2\/users\/1"}],"replies":[{"embeddable":true,"href":"https:\/\/transamerica93.com.br\/home\/wp-json\/wp\/v2\/comments?post=4115"}],"version-history":[{"count":1,"href":"https:\/\/transamerica93.com.br\/home\/wp-json\/wp\/v2\/posts\/4115\/revisions"}],"predecessor-version":[{"id":4117,"href":"https:\/\/transamerica93.com.br\/home\/wp-json\/wp\/v2\/posts\/4115\/revisions\/4117"}],"wp:featuredmedia":[{"embeddable":true,"href":"https:\/\/transamerica93.com.br\/home\/wp-json\/wp\/v2\/media\/4116"}],"wp:attachment":[{"href":"https:\/\/transamerica93.com.br\/home\/wp-json\/wp\/v2\/media?parent=4115"}],"wp:term":[{"taxonomy":"category","embeddable":true,"href":"https:\/\/transamerica93.com.br\/home\/wp-json\/wp\/v2\/categories?post=4115"},{"taxonomy":"post_tag","embeddable":true,"href":"https:\/\/transamerica93.com.br\/home\/wp-json\/wp\/v2\/tags?post=4115"}],"curies":[{"name":"wp","href":"https:\/\/api.w.org\/{rel}","templated":true}]}}