{"id":4118,"date":"2024-11-29T09:00:25","date_gmt":"2024-11-29T12:00:25","guid":{"rendered":"https:\/\/transamerica93.com.br\/home\/?p=4118"},"modified":"2024-11-20T08:41:00","modified_gmt":"2024-11-20T11:41:00","slug":"total-de-brasileiros-detidos-na-fronteira-dos-eua-cai-20","status":"publish","type":"post","link":"https:\/\/transamerica93.com.br\/home\/total-de-brasileiros-detidos-na-fronteira-dos-eua-cai-20\/","title":{"rendered":"Total de brasileiros detidos na fronteira dos EUA cai 20%"},"content":{"rendered":"<div class=\"conteudo-noticia\">\n<p>A quantidade de brasileiros detidos na fronteira dos Estado Unidos caiu cerca de 20% de janeiro a setembro deste ano em compara\u00e7\u00e3o com o mesmo per\u00edodo de 2023. Ao todo, 22.936 brasileiros foram apreendidos por autoridades norte-americanas tentando entrar ilegalmente no pa\u00eds, ante 28.657 no ano passado.<img decoding=\"async\" data-src=\"https:\/\/agenciabrasil.ebc.com.br\/ebc.png?id=1620272&amp;o=node\" src=\"data:image\/svg+xml;base64,PHN2ZyB3aWR0aD0iMSIgaGVpZ2h0PSIxIiB4bWxucz0iaHR0cDovL3d3dy53My5vcmcvMjAwMC9zdmciPjwvc3ZnPg==\" class=\"lazyload\" \/><img decoding=\"async\" data-src=\"https:\/\/agenciabrasil.ebc.com.br\/ebc.gif?id=1620272&amp;o=node\" src=\"data:image\/svg+xml;base64,PHN2ZyB3aWR0aD0iMSIgaGVpZ2h0PSIxIiB4bWxucz0iaHR0cDovL3d3dy53My5vcmcvMjAwMC9zdmciPjwvc3ZnPg==\" class=\"lazyload\" \/><\/p>\n<p>O levantamento \u00e9 da\u00a0<em>AG Immigration<\/em>, escrit\u00f3rio de advocacia imigrat\u00f3ria especializado em\u00a0<em>green cards<\/em>\u00a0[documento que permite viver e trabalhar nos EUA], elaborado a partir de relat\u00f3rios do Servi\u00e7o de Alf\u00e2ndega e Prote\u00e7\u00e3o de Fronteiras dos EUA (CBP, na sigla em ingl\u00eas).<\/p>\n<p>O Brasil foi o 17\u00ba pa\u00eds que mais teve cidad\u00e3os flagrados na fronteira dos Estados Unidos nos nove primeiros meses de 2024, informou o escrit\u00f3rio. A lista \u00e9 liderada pelo M\u00e9xico (466 mil), Venezuela (165 mil) e Haiti (158 mil).<\/p>\n<p>\u201cA queda \u00e9 explicada pelas pol\u00edticas mais rigorosas de controle de fronteira implementadas pelo governo Biden do ano passado para c\u00e1, em raz\u00e3o do alto volume de pessoas que se aglomeram na regi\u00e3o de fronteira, especialmente no M\u00e9xico. H\u00e1 ainda um componente eleitoral nesse endurecimento, visto que a administra\u00e7\u00e3o democrata vinha sendo bastante atacada pela oposi\u00e7\u00e3o, acusada de ser leniente com os imigrantes\u201d, explicou, em nota, Leda Oliveira, CEO [diretora-executiva] da\u00a0<em>AG Immigration<\/em>.<\/p>\n<h2>Perfil<\/h2>\n<p>De acordo com a an\u00e1lise da\u00a0<em>AG Immigration<\/em>, de todos os brasileiros flagrados tentando entrar ilegalmente nos Estados Unidos em 2024, cerca de 13,2 mil eram adultos que estavam sozinhos no momento da captura. J\u00e1 9,5 mil eram das chamadas unidades familiares, que consistem em ao menos um menor de idade acompanhado por pelo menos um dos pais ou respons\u00e1veis legais.<\/p>\n<p>Outros 130 foram brasileiros menores de idade que estavam sozinhos no momento da apreens\u00e3o, enquanto 12 casos eram de menores acompanhados de adultos que n\u00e3o os seus pais ou respons\u00e1veis legais.<\/p>\n<p>Leda disse, ainda, que s\u00e3o crian\u00e7as e adolescentes que estavam fazendo a travessia sozinhos ou se separaram de seus guardi\u00f5es em algum momento e que, geralmente, eles v\u00e3o ser recebidos por um parente ou conhecido nos Estados Unidos.<\/p>\n<div class=\"noticias-relacionadas rel-position rowflex\">\n<div class=\"titulo-noticia-relacionada\"><\/div>\n<\/div>\n<\/div>\n<div class=\"footer-noticia\">\n<div class=\"editor rowflex\">Edi\u00e7\u00e3o: Kleber Sampaio<\/div>\n<\/div>\n","protected":false},"excerpt":{"rendered":"<p>A quantidade de brasileiros detidos na fronteira dos Estado Unidos caiu cerca de 20% de janeiro a setembro deste ano em compara\u00e7\u00e3o com o mesmo per\u00edodo de 2023. Ao todo, 22.936 brasileiros foram apreendidos por autoridades norte-americanas tentando entrar ilegalmente no pa\u00eds, ante 28.657 no ano passado. O levantamento \u00e9 da\u00a0AG Immigration, escrit\u00f3rio de advocacia &hellip;<\/p>\n","protected":false},"author":1,"featured_media":4119,"comment_status":"closed","ping_status":"closed","sticky":false,"template":"","format":"standard","meta":{"footnotes":""},"categories":[30],"tags":[],"class_list":["post-4118","post","type-post","status-publish","format-standard","has-post-thumbnail","hentry","category-geral"],"yoast_head":"<!-- This site is optimized with the Yoast SEO plugin v27.4 - https:\/\/yoast.com\/product\/yoast-seo-wordpress\/ -->\n<title>Total de brasileiros detidos na fronteira dos EUA cai 20% - Transam\u00e9rica Mococa 93,3<\/title>\n<meta name=\"robots\" content=\"index, follow, max-snippet:-1, max-image-preview:large, max-video-preview:-1\" \/>\n<link rel=\"canonical\" href=\"https:\/\/transamerica93.com.br\/home\/total-de-brasileiros-detidos-na-fronteira-dos-eua-cai-20\/\" \/>\n<meta property=\"og:locale\" content=\"pt_BR\" \/>\n<meta property=\"og:type\" content=\"article\" \/>\n<meta property=\"og:title\" content=\"Total de brasileiros detidos na fronteira dos EUA cai 20% - Transam\u00e9rica Mococa 93,3\" \/>\n<meta property=\"og:description\" content=\"A quantidade de brasileiros detidos na fronteira dos Estado Unidos caiu cerca de 20% de janeiro a setembro deste ano em compara\u00e7\u00e3o com o mesmo per\u00edodo de 2023. Ao todo, 22.936 brasileiros foram apreendidos por autoridades norte-americanas tentando entrar ilegalmente no pa\u00eds, ante 28.657 no ano passado. O levantamento \u00e9 da\u00a0AG Immigration, escrit\u00f3rio de advocacia &hellip;\" \/>\n<meta property=\"og:url\" content=\"https:\/\/transamerica93.com.br\/home\/total-de-brasileiros-detidos-na-fronteira-dos-eua-cai-20\/\" \/>\n<meta property=\"og:site_name\" content=\"Transam\u00e9rica Mococa 93,3\" \/>\n<meta property=\"article:publisher\" content=\"https:\/\/www.facebook.com\/transamericamococa\" \/>\n<meta property=\"article:published_time\" content=\"2024-11-29T12:00:25+00:00\" \/>\n<meta property=\"og:image\" content=\"https:\/\/transamerica93.com.br\/home\/wp-content\/uploads\/2024\/11\/Untitled-12.jpg\" \/>\n\t<meta property=\"og:image:width\" content=\"1170\" \/>\n\t<meta property=\"og:image:height\" content=\"700\" \/>\n\t<meta property=\"og:image:type\" content=\"image\/jpeg\" \/>\n<meta name=\"author\" content=\"Reda\u00e7\u00e3o\" \/>\n<meta name=\"twitter:card\" content=\"summary_large_image\" \/>\n<meta name=\"twitter:creator\" content=\"@transamerica933\" \/>\n<meta name=\"twitter:site\" content=\"@transamerica933\" \/>\n<meta name=\"twitter:label1\" content=\"Escrito por\" \/>\n\t<meta name=\"twitter:data1\" content=\"Reda\u00e7\u00e3o\" \/>\n\t<meta name=\"twitter:label2\" content=\"Est. tempo de leitura\" \/>\n\t<meta name=\"twitter:data2\" content=\"3 minutos\" \/>\n<script type=\"application\/ld+json\" class=\"yoast-schema-graph\">{\"@context\":\"https:\\\/\\\/schema.org\",\"@graph\":[{\"@type\":\"Article\",\"@id\":\"https:\\\/\\\/transamerica93.com.br\\\/home\\\/total-de-brasileiros-detidos-na-fronteira-dos-eua-cai-20\\\/#article\",\"isPartOf\":{\"@id\":\"https:\\\/\\\/transamerica93.com.br\\\/home\\\/total-de-brasileiros-detidos-na-fronteira-dos-eua-cai-20\\\/\"},\"author\":{\"name\":\"Reda\u00e7\u00e3o\",\"@id\":\"https:\\\/\\\/transamerica93.com.br\\\/home\\\/#\\\/schema\\\/person\\\/7fed7c99c0d4562efa8561bc0f543172\"},\"headline\":\"Total de brasileiros detidos na fronteira dos EUA cai 20%\",\"datePublished\":\"2024-11-29T12:00:25+00:00\",\"mainEntityOfPage\":{\"@id\":\"https:\\\/\\\/transamerica93.com.br\\\/home\\\/total-de-brasileiros-detidos-na-fronteira-dos-eua-cai-20\\\/\"},\"wordCount\":358,\"publisher\":{\"@id\":\"https:\\\/\\\/transamerica93.com.br\\\/home\\\/#organization\"},\"image\":{\"@id\":\"https:\\\/\\\/transamerica93.com.br\\\/home\\\/total-de-brasileiros-detidos-na-fronteira-dos-eua-cai-20\\\/#primaryimage\"},\"thumbnailUrl\":\"https:\\\/\\\/transamerica93.com.br\\\/home\\\/wp-content\\\/uploads\\\/2024\\\/11\\\/Untitled-12.jpg\",\"articleSection\":[\"Geral\"],\"inLanguage\":\"pt-BR\"},{\"@type\":\"WebPage\",\"@id\":\"https:\\\/\\\/transamerica93.com.br\\\/home\\\/total-de-brasileiros-detidos-na-fronteira-dos-eua-cai-20\\\/\",\"url\":\"https:\\\/\\\/transamerica93.com.br\\\/home\\\/total-de-brasileiros-detidos-na-fronteira-dos-eua-cai-20\\\/\",\"name\":\"Total de brasileiros detidos na fronteira dos EUA cai 20% - Transam\u00e9rica Mococa 93,3\",\"isPartOf\":{\"@id\":\"https:\\\/\\\/transamerica93.com.br\\\/home\\\/#website\"},\"primaryImageOfPage\":{\"@id\":\"https:\\\/\\\/transamerica93.com.br\\\/home\\\/total-de-brasileiros-detidos-na-fronteira-dos-eua-cai-20\\\/#primaryimage\"},\"image\":{\"@id\":\"https:\\\/\\\/transamerica93.com.br\\\/home\\\/total-de-brasileiros-detidos-na-fronteira-dos-eua-cai-20\\\/#primaryimage\"},\"thumbnailUrl\":\"https:\\\/\\\/transamerica93.com.br\\\/home\\\/wp-content\\\/uploads\\\/2024\\\/11\\\/Untitled-12.jpg\",\"datePublished\":\"2024-11-29T12:00:25+00:00\",\"breadcrumb\":{\"@id\":\"https:\\\/\\\/transamerica93.com.br\\\/home\\\/total-de-brasileiros-detidos-na-fronteira-dos-eua-cai-20\\\/#breadcrumb\"},\"inLanguage\":\"pt-BR\",\"potentialAction\":[{\"@type\":\"ReadAction\",\"target\":[\"https:\\\/\\\/transamerica93.com.br\\\/home\\\/total-de-brasileiros-detidos-na-fronteira-dos-eua-cai-20\\\/\"]}]},{\"@type\":\"ImageObject\",\"inLanguage\":\"pt-BR\",\"@id\":\"https:\\\/\\\/transamerica93.com.br\\\/home\\\/total-de-brasileiros-detidos-na-fronteira-dos-eua-cai-20\\\/#primaryimage\",\"url\":\"https:\\\/\\\/transamerica93.com.br\\\/home\\\/wp-content\\\/uploads\\\/2024\\\/11\\\/Untitled-12.jpg\",\"contentUrl\":\"https:\\\/\\\/transamerica93.com.br\\\/home\\\/wp-content\\\/uploads\\\/2024\\\/11\\\/Untitled-12.jpg\",\"width\":1170,\"height\":700,\"caption\":\"\u00a9 REUTERS\\\/Jose Torres\\\/Proibida reprodu\u00e7\u00e3o\"},{\"@type\":\"BreadcrumbList\",\"@id\":\"https:\\\/\\\/transamerica93.com.br\\\/home\\\/total-de-brasileiros-detidos-na-fronteira-dos-eua-cai-20\\\/#breadcrumb\",\"itemListElement\":[{\"@type\":\"ListItem\",\"position\":1,\"name\":\"In\u00edcio\",\"item\":\"https:\\\/\\\/transamerica93.com.br\\\/home\\\/\"},{\"@type\":\"ListItem\",\"position\":2,\"name\":\"Total de brasileiros detidos na fronteira dos EUA cai 20%\"}]},{\"@type\":\"WebSite\",\"@id\":\"https:\\\/\\\/transamerica93.com.br\\\/home\\\/#website\",\"url\":\"https:\\\/\\\/transamerica93.com.br\\\/home\\\/\",\"name\":\"Transam\u00e9rica Mococa 93,3\",\"description\":\"\",\"publisher\":{\"@id\":\"https:\\\/\\\/transamerica93.com.br\\\/home\\\/#organization\"},\"potentialAction\":[{\"@type\":\"SearchAction\",\"target\":{\"@type\":\"EntryPoint\",\"urlTemplate\":\"https:\\\/\\\/transamerica93.com.br\\\/home\\\/?s={search_term_string}\"},\"query-input\":{\"@type\":\"PropertyValueSpecification\",\"valueRequired\":true,\"valueName\":\"search_term_string\"}}],\"inLanguage\":\"pt-BR\"},{\"@type\":\"Organization\",\"@id\":\"https:\\\/\\\/transamerica93.com.br\\\/home\\\/#organization\",\"name\":\"Transam\u00e9rica Mococa 93,3\",\"url\":\"https:\\\/\\\/transamerica93.com.br\\\/home\\\/\",\"logo\":{\"@type\":\"ImageObject\",\"inLanguage\":\"pt-BR\",\"@id\":\"https:\\\/\\\/transamerica93.com.br\\\/home\\\/#\\\/schema\\\/logo\\\/image\\\/\",\"url\":\"https:\\\/\\\/transamerica93.com.br\\\/home\\\/wp-content\\\/uploads\\\/2023\\\/10\\\/logo2.png\",\"contentUrl\":\"https:\\\/\\\/transamerica93.com.br\\\/home\\\/wp-content\\\/uploads\\\/2023\\\/10\\\/logo2.png\",\"width\":800,\"height\":500,\"caption\":\"Transam\u00e9rica Mococa 93,3\"},\"image\":{\"@id\":\"https:\\\/\\\/transamerica93.com.br\\\/home\\\/#\\\/schema\\\/logo\\\/image\\\/\"},\"sameAs\":[\"https:\\\/\\\/www.facebook.com\\\/transamericamococa\",\"https:\\\/\\\/x.com\\\/transamerica933\",\"https:\\\/\\\/www.instagram.com\\\/transamericamococa\"]},{\"@type\":\"Person\",\"@id\":\"https:\\\/\\\/transamerica93.com.br\\\/home\\\/#\\\/schema\\\/person\\\/7fed7c99c0d4562efa8561bc0f543172\",\"name\":\"Reda\u00e7\u00e3o\",\"image\":{\"@type\":\"ImageObject\",\"inLanguage\":\"pt-BR\",\"@id\":\"https:\\\/\\\/secure.gravatar.com\\\/avatar\\\/1072c6b775fb02ef8506ce967551d95926669a6b7d2c2147b42eea4d7c68395e?s=96&d=mm&r=g\",\"url\":\"https:\\\/\\\/secure.gravatar.com\\\/avatar\\\/1072c6b775fb02ef8506ce967551d95926669a6b7d2c2147b42eea4d7c68395e?s=96&d=mm&r=g\",\"contentUrl\":\"https:\\\/\\\/secure.gravatar.com\\\/avatar\\\/1072c6b775fb02ef8506ce967551d95926669a6b7d2c2147b42eea4d7c68395e?s=96&d=mm&r=g\",\"caption\":\"Reda\u00e7\u00e3o\"},\"sameAs\":[\"https:\\\/\\\/transamerica93.com.br\\\/home\"],\"url\":\"https:\\\/\\\/transamerica93.com.br\\\/home\\\/author\\\/william\\\/\"}]}<\/script>\n<!-- \/ Yoast SEO plugin. -->","yoast_head_json":{"title":"Total de brasileiros detidos na fronteira dos EUA cai 20% - Transam\u00e9rica Mococa 93,3","robots":{"index":"index","follow":"follow","max-snippet":"max-snippet:-1","max-image-preview":"max-image-preview:large","max-video-preview":"max-video-preview:-1"},"canonical":"https:\/\/transamerica93.com.br\/home\/total-de-brasileiros-detidos-na-fronteira-dos-eua-cai-20\/","og_locale":"pt_BR","og_type":"article","og_title":"Total de brasileiros detidos na fronteira dos EUA cai 20% - Transam\u00e9rica Mococa 93,3","og_description":"A quantidade de brasileiros detidos na fronteira dos Estado Unidos caiu cerca de 20% de janeiro a setembro deste ano em compara\u00e7\u00e3o com o mesmo per\u00edodo de 2023. Ao todo, 22.936 brasileiros foram apreendidos por autoridades norte-americanas tentando entrar ilegalmente no pa\u00eds, ante 28.657 no ano passado. O levantamento \u00e9 da\u00a0AG Immigration, escrit\u00f3rio de advocacia &hellip;","og_url":"https:\/\/transamerica93.com.br\/home\/total-de-brasileiros-detidos-na-fronteira-dos-eua-cai-20\/","og_site_name":"Transam\u00e9rica Mococa 93,3","article_publisher":"https:\/\/www.facebook.com\/transamericamococa","article_published_time":"2024-11-29T12:00:25+00:00","og_image":[{"width":1170,"height":700,"url":"https:\/\/transamerica93.com.br\/home\/wp-content\/uploads\/2024\/11\/Untitled-12.jpg","type":"image\/jpeg"}],"author":"Reda\u00e7\u00e3o","twitter_card":"summary_large_image","twitter_creator":"@transamerica933","twitter_site":"@transamerica933","twitter_misc":{"Escrito por":"Reda\u00e7\u00e3o","Est. tempo de leitura":"3 minutos"},"schema":{"@context":"https:\/\/schema.org","@graph":[{"@type":"Article","@id":"https:\/\/transamerica93.com.br\/home\/total-de-brasileiros-detidos-na-fronteira-dos-eua-cai-20\/#article","isPartOf":{"@id":"https:\/\/transamerica93.com.br\/home\/total-de-brasileiros-detidos-na-fronteira-dos-eua-cai-20\/"},"author":{"name":"Reda\u00e7\u00e3o","@id":"https:\/\/transamerica93.com.br\/home\/#\/schema\/person\/7fed7c99c0d4562efa8561bc0f543172"},"headline":"Total de brasileiros detidos na fronteira dos EUA cai 20%","datePublished":"2024-11-29T12:00:25+00:00","mainEntityOfPage":{"@id":"https:\/\/transamerica93.com.br\/home\/total-de-brasileiros-detidos-na-fronteira-dos-eua-cai-20\/"},"wordCount":358,"publisher":{"@id":"https:\/\/transamerica93.com.br\/home\/#organization"},"image":{"@id":"https:\/\/transamerica93.com.br\/home\/total-de-brasileiros-detidos-na-fronteira-dos-eua-cai-20\/#primaryimage"},"thumbnailUrl":"https:\/\/transamerica93.com.br\/home\/wp-content\/uploads\/2024\/11\/Untitled-12.jpg","articleSection":["Geral"],"inLanguage":"pt-BR"},{"@type":"WebPage","@id":"https:\/\/transamerica93.com.br\/home\/total-de-brasileiros-detidos-na-fronteira-dos-eua-cai-20\/","url":"https:\/\/transamerica93.com.br\/home\/total-de-brasileiros-detidos-na-fronteira-dos-eua-cai-20\/","name":"Total de brasileiros detidos na fronteira dos EUA cai 20% - Transam\u00e9rica Mococa 93,3","isPartOf":{"@id":"https:\/\/transamerica93.com.br\/home\/#website"},"primaryImageOfPage":{"@id":"https:\/\/transamerica93.com.br\/home\/total-de-brasileiros-detidos-na-fronteira-dos-eua-cai-20\/#primaryimage"},"image":{"@id":"https:\/\/transamerica93.com.br\/home\/total-de-brasileiros-detidos-na-fronteira-dos-eua-cai-20\/#primaryimage"},"thumbnailUrl":"https:\/\/transamerica93.com.br\/home\/wp-content\/uploads\/2024\/11\/Untitled-12.jpg","datePublished":"2024-11-29T12:00:25+00:00","breadcrumb":{"@id":"https:\/\/transamerica93.com.br\/home\/total-de-brasileiros-detidos-na-fronteira-dos-eua-cai-20\/#breadcrumb"},"inLanguage":"pt-BR","potentialAction":[{"@type":"ReadAction","target":["https:\/\/transamerica93.com.br\/home\/total-de-brasileiros-detidos-na-fronteira-dos-eua-cai-20\/"]}]},{"@type":"ImageObject","inLanguage":"pt-BR","@id":"https:\/\/transamerica93.com.br\/home\/total-de-brasileiros-detidos-na-fronteira-dos-eua-cai-20\/#primaryimage","url":"https:\/\/transamerica93.com.br\/home\/wp-content\/uploads\/2024\/11\/Untitled-12.jpg","contentUrl":"https:\/\/transamerica93.com.br\/home\/wp-content\/uploads\/2024\/11\/Untitled-12.jpg","width":1170,"height":700,"caption":"\u00a9 REUTERS\/Jose Torres\/Proibida reprodu\u00e7\u00e3o"},{"@type":"BreadcrumbList","@id":"https:\/\/transamerica93.com.br\/home\/total-de-brasileiros-detidos-na-fronteira-dos-eua-cai-20\/#breadcrumb","itemListElement":[{"@type":"ListItem","position":1,"name":"In\u00edcio","item":"https:\/\/transamerica93.com.br\/home\/"},{"@type":"ListItem","position":2,"name":"Total de brasileiros detidos na fronteira dos EUA cai 20%"}]},{"@type":"WebSite","@id":"https:\/\/transamerica93.com.br\/home\/#website","url":"https:\/\/transamerica93.com.br\/home\/","name":"Transam\u00e9rica Mococa 93,3","description":"","publisher":{"@id":"https:\/\/transamerica93.com.br\/home\/#organization"},"potentialAction":[{"@type":"SearchAction","target":{"@type":"EntryPoint","urlTemplate":"https:\/\/transamerica93.com.br\/home\/?s={search_term_string}"},"query-input":{"@type":"PropertyValueSpecification","valueRequired":true,"valueName":"search_term_string"}}],"inLanguage":"pt-BR"},{"@type":"Organization","@id":"https:\/\/transamerica93.com.br\/home\/#organization","name":"Transam\u00e9rica Mococa 93,3","url":"https:\/\/transamerica93.com.br\/home\/","logo":{"@type":"ImageObject","inLanguage":"pt-BR","@id":"https:\/\/transamerica93.com.br\/home\/#\/schema\/logo\/image\/","url":"https:\/\/transamerica93.com.br\/home\/wp-content\/uploads\/2023\/10\/logo2.png","contentUrl":"https:\/\/transamerica93.com.br\/home\/wp-content\/uploads\/2023\/10\/logo2.png","width":800,"height":500,"caption":"Transam\u00e9rica Mococa 93,3"},"image":{"@id":"https:\/\/transamerica93.com.br\/home\/#\/schema\/logo\/image\/"},"sameAs":["https:\/\/www.facebook.com\/transamericamococa","https:\/\/x.com\/transamerica933","https:\/\/www.instagram.com\/transamericamococa"]},{"@type":"Person","@id":"https:\/\/transamerica93.com.br\/home\/#\/schema\/person\/7fed7c99c0d4562efa8561bc0f543172","name":"Reda\u00e7\u00e3o","image":{"@type":"ImageObject","inLanguage":"pt-BR","@id":"https:\/\/secure.gravatar.com\/avatar\/1072c6b775fb02ef8506ce967551d95926669a6b7d2c2147b42eea4d7c68395e?s=96&d=mm&r=g","url":"https:\/\/secure.gravatar.com\/avatar\/1072c6b775fb02ef8506ce967551d95926669a6b7d2c2147b42eea4d7c68395e?s=96&d=mm&r=g","contentUrl":"https:\/\/secure.gravatar.com\/avatar\/1072c6b775fb02ef8506ce967551d95926669a6b7d2c2147b42eea4d7c68395e?s=96&d=mm&r=g","caption":"Reda\u00e7\u00e3o"},"sameAs":["https:\/\/transamerica93.com.br\/home"],"url":"https:\/\/transamerica93.com.br\/home\/author\/william\/"}]}},"_links":{"self":[{"href":"https:\/\/transamerica93.com.br\/home\/wp-json\/wp\/v2\/posts\/4118","targetHints":{"allow":["GET"]}}],"collection":[{"href":"https:\/\/transamerica93.com.br\/home\/wp-json\/wp\/v2\/posts"}],"about":[{"href":"https:\/\/transamerica93.com.br\/home\/wp-json\/wp\/v2\/types\/post"}],"author":[{"embeddable":true,"href":"https:\/\/transamerica93.com.br\/home\/wp-json\/wp\/v2\/users\/1"}],"replies":[{"embeddable":true,"href":"https:\/\/transamerica93.com.br\/home\/wp-json\/wp\/v2\/comments?post=4118"}],"version-history":[{"count":1,"href":"https:\/\/transamerica93.com.br\/home\/wp-json\/wp\/v2\/posts\/4118\/revisions"}],"predecessor-version":[{"id":4120,"href":"https:\/\/transamerica93.com.br\/home\/wp-json\/wp\/v2\/posts\/4118\/revisions\/4120"}],"wp:featuredmedia":[{"embeddable":true,"href":"https:\/\/transamerica93.com.br\/home\/wp-json\/wp\/v2\/media\/4119"}],"wp:attachment":[{"href":"https:\/\/transamerica93.com.br\/home\/wp-json\/wp\/v2\/media?parent=4118"}],"wp:term":[{"taxonomy":"category","embeddable":true,"href":"https:\/\/transamerica93.com.br\/home\/wp-json\/wp\/v2\/categories?post=4118"},{"taxonomy":"post_tag","embeddable":true,"href":"https:\/\/transamerica93.com.br\/home\/wp-json\/wp\/v2\/tags?post=4118"}],"curies":[{"name":"wp","href":"https:\/\/api.w.org\/{rel}","templated":true}]}}